{"id":67789,"date":"2022-04-04T01:50:42","date_gmt":"2022-04-04T06:50:42","guid":{"rendered":"https:\/\/akunq.net\/tr\/?p=67789"},"modified":"2022-04-04T01:50:42","modified_gmt":"2022-04-04T06:50:42","slug":"turkiye-ermeni-toplumu-yasta-migirdic-margosyani-kaybettik","status":"publish","type":"post","link":"https:\/\/akunq.net\/tr\/?p=67789","title":{"rendered":"T\u00fcrkiye Ermeni toplumu yasta: M\u0131g\u0131rdi\u00e7 Margosyan&#8217;\u0131 kaybettik"},"content":{"rendered":"<p><img loading=\"lazy\" decoding=\"async\" class=\"aligncenter size-medium wp-image-67790\" src=\"https:\/\/akunq.net\/tr\/wp-content\/uploads\/2022\/04\/M\u0131g\u0131rdi\u00e7-Margosyan-360x202.jpg\" alt=\"\" width=\"360\" height=\"202\" srcset=\"https:\/\/akunq.net\/tr\/wp-content\/uploads\/sites\/6\/2022\/04\/M\u0131g\u0131rdi\u00e7-Margosyan-360x202.jpg 360w, https:\/\/akunq.net\/tr\/wp-content\/uploads\/sites\/6\/2022\/04\/M\u0131g\u0131rdi\u00e7-Margosyan-768x432.jpg 768w, https:\/\/akunq.net\/tr\/wp-content\/uploads\/sites\/6\/2022\/04\/M\u0131g\u0131rdi\u00e7-Margosyan-560x315.jpg 560w, https:\/\/akunq.net\/tr\/wp-content\/uploads\/sites\/6\/2022\/04\/M\u0131g\u0131rdi\u00e7-Margosyan-260x146.jpg 260w, https:\/\/akunq.net\/tr\/wp-content\/uploads\/sites\/6\/2022\/04\/M\u0131g\u0131rdi\u00e7-Margosyan-160x90.jpg 160w, https:\/\/akunq.net\/tr\/wp-content\/uploads\/sites\/6\/2022\/04\/M\u0131g\u0131rdi\u00e7-Margosyan.jpg 1225w\" sizes=\"auto, (max-width: 360px) 100vw, 360px\" \/><\/p>\n<p><em><strong>T\u00fcrkiye topraklar\u0131ndaki Ermeni edebiyat\u0131n\u0131n en \u00f6nemli isimlerinden M\u0131g\u0131rdi\u00e7 Margosyan, ge\u00e7irdi\u011fi rahats\u0131zl\u0131\u011f\u0131n ard\u0131ndan bug\u00fcn hayat\u0131n\u0131 kaybetti. Margosyan i\u00e7in 7 Nisan Per\u015fembe g\u00fcn\u00fc Kumkap\u0131 Patriklik Kilisesi&#8217;nde cenaze t\u00f6reni d\u00fczenlenecek.<\/strong><\/em><\/p>\n<p>M\u0131g\u0131rdi\u00e7 Margosyan karaci\u011ferle ba\u011flant\u0131l\u0131 sa\u011fl\u0131k sorunlar\u0131 nedeniyle bir s\u00fcredir Maltepe \u00dcniversitesi Hastanesi&#8217;nde tedavi g\u00f6rmekteydi.<\/p>\n<p>Aras Yay\u0131nc\u0131l\u0131k&#8217;\u0131n kurucular\u0131ndan olan Margosyan, Agos gazetesinde de kurulu\u015f d\u00f6nemi ve sonras\u0131nda\u00a0 k\u00f6\u015fe yazarl\u0131\u011f\u0131 yapm\u0131\u015ft\u0131. Margosyan son olarak Evrensel gazetesinde k\u00f6\u015fe yazarl\u0131\u011f\u0131 yap\u0131yordu.<\/p>\n<p>M\u0131g\u0131rdi\u00e7 Margosyan 23 Ara\u00adl\u0131k 1938\u2019de Di\u00adyar\u00adba\u00adk\u0131r\u2019da, Han\u00ad\u00e7e\u00adpek Ma\u00adhal\u00adle\u00adsi\u2019nde (G\u00e2\u00advur Ma\u00adhal\u00adle\u00adsi) do\u011f\u00addu. E\u011fi\u00adti\u00admi\u00adni S\u00fc\u00adley\u00adman Na\u00adzif \u0130l\u00adko\u00adku\u00adlu, Zi\u00adya G\u00f6\u00adkalp Or\u00adta\u00adoku\u00adlu, da\u00adha son\u00adra \u0130s\u00adtan\u00adbul\u2019da\u00adki Bez\u00adci\u00adyan Or\u00adta\u00adoku\u00adlu ve Get\u00adro\u00adna\u00adgan Li\u00adse\u00adsi\u2019nde s\u00fcr\u00add\u00fcr\u00add\u00fc. \u0130s\u00adtan\u00adbul \u00dcni\u00adver\u00adsi\u00adte\u00adsi Ede\u00adbi\u00adyat Fa\u00adk\u00fcl\u00adte\u00adsi Fel\u00adse\u00adfe B\u00f6\u00adl\u00fc\u00adm\u00fc\u2019n\u00fc bi\u00adtir\u00addi.<\/p>\n<p>1966-1972 y\u0131l\u00adla\u00adr\u0131 ara\u00ads\u0131n\u00adda \u00dcs\u00adk\u00fc\u00addar&#8217;daki Surp Ha\u00e7 T\u0131b\u00adre\u00advank Er\u00adme\u00adni Li\u00adse\u00adsi\u2019nde m\u00fc\u00add\u00fcr\u00adl\u00fc\u00ad\u011f\u00fcn ya\u00adn\u0131 s\u0131\u00adra fel\u00adse\u00adfe, psi\u00adko\u00adloji, Er\u00adme\u00adni di\u00adli ve ede\u00adbi\u00adya\u00adt\u0131 \u00f6\u011f\u00adret\u00admen\u00adli\u00ad\u011fi yap\u00adt\u0131. Da\u00adha son\u00adra \u00f6\u011f\u00adret\u00admen\u00adli\u00ad\u011fi b\u0131\u00adra\u00adka\u00adrak ti\u00adca\u00adre\u00adte at\u0131l\u00add\u0131. Ede\u00adbi \u00e7al\u0131\u015fma\u00adla\u00adr\u0131\u00adn\u0131 ara\u00adl\u0131k\u00ads\u0131z s\u00fcr\u00add\u00fcr\u00add\u00fc.<\/p>\n<p>Mar\u00adma\u00adra ga\u00adze\u00adte\u00adsin\u00adde ya\u00ady\u0131m\u00adla\u00adnan Er\u00adme\u00adni\u00adce \u00f6y\u00adk\u00fc\u00adle\u00adri\u00adnin bir b\u00f6\u00adl\u00fc\u00adm\u00fc Mer Ayt Go\u011f\u00adme\u00adr\u0131 [Bi\u00adzim Ora\u00adlar] ad\u0131y\u00adla ki\u00adtap ha\u00adli\u00adne geti\u00adril\u00addi (1984) ve bu ki\u00adta\u00adb\u0131y\u00adla 1988\u2019de, Er\u00adme\u00adni\u00adce ya\u00adzan ya\u00adzar\u00adla\u00adra ve\u00adri\u00adlen Eliz Ka\u00advuk\u00ad\u00e7u\u00adyan Ede\u00adbi\u00adyat \u00d6d\u00fc\u00adl\u00fc\u2019n\u00fc (Pa\u00adris-Fran\u00adsa) al\u00add\u0131. Aras Yay\u0131nc\u0131l\u0131k taraf\u0131ndan bas\u0131lan G\u00e2\u00advur Ma\u00adhal\u00adle\u00adsi (1992), S\u00f6y\u00adle Mar\u00adgos Ne\u00adre\u00adli\u00adsen? (1995) ve Bi\u00adle\u00adti\u00admiz \u0130s\u00adtan\u00adbul\u2019a Ke\u00adsil\u00addi (1998) ad\u00adl\u0131 T\u00fcrk\u00ad\u00e7e ki\u00adtap\u00adla\u00adr\u0131\u00adn\u0131, 1999\u2019da ikin\u00adci Erme\u00adni\u00adce ki\u00adta\u00adb\u0131 Dik\u00adri\u00adsi Ape\u00adren [Dic\u00adle K\u0131\u00ady\u0131\u00adla\u00adr\u0131n\u00addan] iz\u00adle\u00addi. G\u00e2\u00advur Ma\u00adhal\u00adlesi Aves\u00adta Ya\u00ady\u0131n\u00adla\u00adr\u0131 ta\u00adra\u00adf\u0131n\u00addan Li Ba Me, Li Wan De\u00adran [Bi\u00adzim O Y\u00f6\u00adre\u00adler] ad\u0131y\u00adla K\u00fcrt\u00ad\u00e7e ola\u00adrak ya\u00ady\u0131m\u00adlan\u00add\u0131 (1999).<\/p>\n<p>T\u00fcrk\u00ad\u00e7e ka\u00adle\u00adme al\u00add\u0131\u00ad\u011f\u0131 Tes\u00adpih Ta\u00adne\u00adle\u00adri (2006) ad\u00adl\u0131 an\u0131-ro\u00adma\u00adn\u0131\u00ad b\u00fcy\u00fck ilgiyle kar\u015f\u0131land\u0131. Evrensel gazetesinde \u201cKirveme Mektuplar\u201d adl\u0131 k\u00f6\u015fesinde yazmay\u0131 s\u00fcrd\u00fcren Margosyan\u2019\u0131n bu makalelerinin bir k\u0131sm\u0131 Kirveme Mektuplar ad\u0131yla 2006\u2019da Diyarbak\u0131r\u2019da kitapla\u015ft\u0131r\u0131ld\u0131. 1996-1999 aras\u0131nda Agos gazetesinde yay\u0131mlanan makalelerinden yap\u0131lan bir se\u00e7ki olan Zur\u00adna 2009\u2019da, yine Evrensel yaz\u0131lar\u0131ndan derlenen \u00c7en\u00adgel\u00adli\u00adi\u011f\u00adne (ilk bas\u0131m\u0131 1999, Belge) ve Yeni Y\u00fczy\u0131l ve Yeni G\u00fcndem gazetelerinde yay\u0131mlanan makalelerinden derlenen K\u00fcr\u00addan 2010\u2019da kitapla\u015ft\u0131r\u0131ld\u0131. Yazar\u0131n, d\u00fcnyan\u0131n yarat\u0131l\u0131\u015f hik\u00e2yesini mizahi bir \u00fcslupla ele ald\u0131\u011f\u0131 son kitab\u0131 Tanr\u0131\u2019n\u0131n Seyir Defteri ise 2016\u2019da yay\u0131mland\u0131.<\/p>\n<p>Margosyan, 7 Nisan Per\u015fembe g\u00fcn\u00fc Kumkap\u0131 Patriklik Kilisesinde saat 14.00&#8217;te yap\u0131lacak t\u00f6renin ard\u0131ndan \u015ei\u015fli Ermeni Mezarl\u0131\u011f\u0131nda topra\u011fa verilecek.<\/p>\n<p><em><span class=\"title\">FOTO: Murat Kartal<\/span><\/em><\/p>\n<p><em><strong>https:\/\/www.agos.com.tr\/tr\/yazi\/26928\/turkiye-ermeni-toplumu-yasta-migirdic-margosyan-i-kaybettik\u00a0<\/strong><\/em><\/p>\n","protected":false},"excerpt":{"rendered":"<p>T\u00fcrkiye topraklar\u0131ndaki Ermeni edebiyat\u0131n\u0131n en \u00f6nemli isimlerinden M\u0131g\u0131rdi\u00e7 Margosyan, ge\u00e7irdi\u011fi rahats\u0131zl\u0131\u011f\u0131n ard\u0131ndan bug\u00fcn hayat\u0131n\u0131 kaybetti. Margosyan i\u00e7in 7 Nisan Per\u015fembe g\u00fcn\u00fc Kumkap\u0131 Patriklik Kilisesi&#8217;nde cenaze t\u00f6reni d\u00fczenlenecek. M\u0131g\u0131rdi\u00e7 Margosyan karaci\u011ferle ba\u011flant\u0131l\u0131 sa\u011fl\u0131k sorunlar\u0131 nedeniyle bir s\u00fcredir Maltepe \u00dcniversitesi Hastanesi&#8217;nde tedavi g\u00f6rmekteydi. Aras Yay\u0131nc\u0131l\u0131k&#8217;\u0131n kurucular\u0131ndan olan Margosyan, Agos gazetesinde de kurulu\u015f d\u00f6nemi ve sonras\u0131nda\u00a0 k\u00f6\u015fe yazarl\u0131\u011f\u0131 [&hellip;]<\/p>\n","protected":false},"author":7,"featured_media":67790,"comment_status":"open","ping_status":"open","sticky":false,"template":"","format":"standard","meta":{"footnotes":""},"categories":[1],"tags":[],"class_list":["post-67789","post","type-post","status-publish","format-standard","has-post-thumbnail","hentry","category-haberler"],"yoast_head":"<!-- This site is optimized with the Yoast SEO plugin v27.4 - https:\/\/yoast.com\/product\/yoast-seo-wordpress\/ -->\n<title>T\u00fcrkiye Ermeni toplumu yasta: M\u0131g\u0131rdi\u00e7 Margosyan&#039;\u0131 kaybettik - Bati Ermenistan Ve Bati Ermenileri Sorunlari Ara\u015ftirmalar Merkezi<\/title>\n<meta name=\"robots\" content=\"index, follow, max-snippet:-1, max-image-preview:large, max-video-preview:-1\" \/>\n<link rel=\"canonical\" href=\"https:\/\/akunq.net\/tr\/?p=67789\" \/>\n<meta property=\"og:locale\" content=\"en_US\" \/>\n<meta property=\"og:type\" content=\"article\" \/>\n<meta property=\"og:title\" content=\"T\u00fcrkiye Ermeni toplumu yasta: M\u0131g\u0131rdi\u00e7 Margosyan&#039;\u0131 kaybettik - Bati Ermenistan Ve Bati Ermenileri Sorunlari Ara\u015ftirmalar Merkezi\" \/>\n<meta property=\"og:description\" content=\"T\u00fcrkiye topraklar\u0131ndaki Ermeni edebiyat\u0131n\u0131n en \u00f6nemli isimlerinden M\u0131g\u0131rdi\u00e7 Margosyan, ge\u00e7irdi\u011fi rahats\u0131zl\u0131\u011f\u0131n ard\u0131ndan bug\u00fcn hayat\u0131n\u0131 kaybetti. Margosyan i\u00e7in 7 Nisan Per\u015fembe g\u00fcn\u00fc Kumkap\u0131 Patriklik Kilisesi&#8217;nde cenaze t\u00f6reni d\u00fczenlenecek. M\u0131g\u0131rdi\u00e7 Margosyan karaci\u011ferle ba\u011flant\u0131l\u0131 sa\u011fl\u0131k sorunlar\u0131 nedeniyle bir s\u00fcredir Maltepe \u00dcniversitesi Hastanesi&#8217;nde tedavi g\u00f6rmekteydi. Aras Yay\u0131nc\u0131l\u0131k&#8217;\u0131n kurucular\u0131ndan olan Margosyan, Agos gazetesinde de kurulu\u015f d\u00f6nemi ve sonras\u0131nda\u00a0 k\u00f6\u015fe yazarl\u0131\u011f\u0131 [&hellip;]\" \/>\n<meta property=\"og:url\" content=\"https:\/\/akunq.net\/tr\/?p=67789\" \/>\n<meta property=\"og:site_name\" content=\"Bati Ermenistan Ve Bati Ermenileri Sorunlari Ara\u015ftirmalar Merkezi\" \/>\n<meta property=\"article:published_time\" content=\"2022-04-04T06:50:42+00:00\" \/>\n<meta property=\"og:image\" content=\"https:\/\/akunq.net\/tr\/wp-content\/uploads\/sites\/6\/2022\/04\/M\u0131g\u0131rdi\u00e7-Margosyan.jpg\" \/>\n\t<meta property=\"og:image:width\" content=\"1225\" \/>\n\t<meta property=\"og:image:height\" content=\"689\" \/>\n\t<meta property=\"og:image:type\" content=\"image\/jpeg\" \/>\n<meta name=\"author\" content=\"admin\" \/>\n<meta name=\"twitter:card\" content=\"summary_large_image\" \/>\n<meta name=\"twitter:label1\" content=\"Written by\" \/>\n\t<meta name=\"twitter:data1\" content=\"admin\" \/>\n\t<meta name=\"twitter:label2\" content=\"Est. reading time\" \/>\n\t<meta name=\"twitter:data2\" content=\"3 minutes\" \/>\n<script type=\"application\/ld+json\" class=\"yoast-schema-graph\">{\"@context\":\"https:\\\/\\\/schema.org\",\"@graph\":[{\"@type\":\"Article\",\"@id\":\"https:\\\/\\\/akunq.net\\\/tr\\\/?p=67789#article\",\"isPartOf\":{\"@id\":\"https:\\\/\\\/akunq.net\\\/tr\\\/?p=67789\"},\"author\":{\"name\":\"admin\",\"@id\":\"https:\\\/\\\/akunq.net\\\/tr\\\/#\\\/schema\\\/person\\\/096f1d38a12cce57fb855b485ed24c9e\"},\"headline\":\"T\u00fcrkiye Ermeni toplumu yasta: M\u0131g\u0131rdi\u00e7 Margosyan&#8217;\u0131 kaybettik\",\"datePublished\":\"2022-04-04T06:50:42+00:00\",\"mainEntityOfPage\":{\"@id\":\"https:\\\/\\\/akunq.net\\\/tr\\\/?p=67789\"},\"wordCount\":679,\"commentCount\":0,\"image\":{\"@id\":\"https:\\\/\\\/akunq.net\\\/tr\\\/?p=67789#primaryimage\"},\"thumbnailUrl\":\"https:\\\/\\\/akunq.net\\\/tr\\\/wp-content\\\/uploads\\\/sites\\\/6\\\/2022\\\/04\\\/M\u0131g\u0131rdi\u00e7-Margosyan.jpg\",\"articleSection\":[\"Haberler\"],\"inLanguage\":\"en-US\",\"potentialAction\":[{\"@type\":\"CommentAction\",\"name\":\"Comment\",\"target\":[\"https:\\\/\\\/akunq.net\\\/tr\\\/?p=67789#respond\"]}]},{\"@type\":\"WebPage\",\"@id\":\"https:\\\/\\\/akunq.net\\\/tr\\\/?p=67789\",\"url\":\"https:\\\/\\\/akunq.net\\\/tr\\\/?p=67789\",\"name\":\"T\u00fcrkiye Ermeni toplumu yasta: M\u0131g\u0131rdi\u00e7 Margosyan'\u0131 kaybettik - Bati Ermenistan Ve Bati Ermenileri Sorunlari Ara\u015ftirmalar Merkezi\",\"isPartOf\":{\"@id\":\"https:\\\/\\\/akunq.net\\\/tr\\\/#website\"},\"primaryImageOfPage\":{\"@id\":\"https:\\\/\\\/akunq.net\\\/tr\\\/?p=67789#primaryimage\"},\"image\":{\"@id\":\"https:\\\/\\\/akunq.net\\\/tr\\\/?p=67789#primaryimage\"},\"thumbnailUrl\":\"https:\\\/\\\/akunq.net\\\/tr\\\/wp-content\\\/uploads\\\/sites\\\/6\\\/2022\\\/04\\\/M\u0131g\u0131rdi\u00e7-Margosyan.jpg\",\"datePublished\":\"2022-04-04T06:50:42+00:00\",\"author\":{\"@id\":\"https:\\\/\\\/akunq.net\\\/tr\\\/#\\\/schema\\\/person\\\/096f1d38a12cce57fb855b485ed24c9e\"},\"breadcrumb\":{\"@id\":\"https:\\\/\\\/akunq.net\\\/tr\\\/?p=67789#breadcrumb\"},\"inLanguage\":\"en-US\",\"potentialAction\":[{\"@type\":\"ReadAction\",\"target\":[\"https:\\\/\\\/akunq.net\\\/tr\\\/?p=67789\"]}]},{\"@type\":\"ImageObject\",\"inLanguage\":\"en-US\",\"@id\":\"https:\\\/\\\/akunq.net\\\/tr\\\/?p=67789#primaryimage\",\"url\":\"https:\\\/\\\/akunq.net\\\/tr\\\/wp-content\\\/uploads\\\/sites\\\/6\\\/2022\\\/04\\\/M\u0131g\u0131rdi\u00e7-Margosyan.jpg\",\"contentUrl\":\"https:\\\/\\\/akunq.net\\\/tr\\\/wp-content\\\/uploads\\\/sites\\\/6\\\/2022\\\/04\\\/M\u0131g\u0131rdi\u00e7-Margosyan.jpg\",\"width\":1225,\"height\":689},{\"@type\":\"BreadcrumbList\",\"@id\":\"https:\\\/\\\/akunq.net\\\/tr\\\/?p=67789#breadcrumb\",\"itemListElement\":[{\"@type\":\"ListItem\",\"position\":1,\"name\":\"Home\",\"item\":\"https:\\\/\\\/akunq.net\\\/tr\"},{\"@type\":\"ListItem\",\"position\":2,\"name\":\"T\u00fcrkiye Ermeni toplumu yasta: M\u0131g\u0131rdi\u00e7 Margosyan&#8217;\u0131 kaybettik\"}]},{\"@type\":\"WebSite\",\"@id\":\"https:\\\/\\\/akunq.net\\\/tr\\\/#website\",\"url\":\"https:\\\/\\\/akunq.net\\\/tr\\\/\",\"name\":\"Bati Ermenistan Ve Bati Ermenileri Sorunlari Ara\u015ftirmalar Merkezi\",\"description\":\"\",\"potentialAction\":[{\"@type\":\"SearchAction\",\"target\":{\"@type\":\"EntryPoint\",\"urlTemplate\":\"https:\\\/\\\/akunq.net\\\/tr\\\/?s={search_term_string}\"},\"query-input\":{\"@type\":\"PropertyValueSpecification\",\"valueRequired\":true,\"valueName\":\"search_term_string\"}}],\"inLanguage\":\"en-US\"},{\"@type\":\"Person\",\"@id\":\"https:\\\/\\\/akunq.net\\\/tr\\\/#\\\/schema\\\/person\\\/096f1d38a12cce57fb855b485ed24c9e\",\"name\":\"admin\",\"url\":\"https:\\\/\\\/akunq.net\\\/tr\\\/?author=7\"}]}<\/script>\n<!-- \/ Yoast SEO plugin. -->","yoast_head_json":{"title":"T\u00fcrkiye Ermeni toplumu yasta: M\u0131g\u0131rdi\u00e7 Margosyan'\u0131 kaybettik - Bati Ermenistan Ve Bati Ermenileri Sorunlari Ara\u015ftirmalar Merkezi","robots":{"index":"index","follow":"follow","max-snippet":"max-snippet:-1","max-image-preview":"max-image-preview:large","max-video-preview":"max-video-preview:-1"},"canonical":"https:\/\/akunq.net\/tr\/?p=67789","og_locale":"en_US","og_type":"article","og_title":"T\u00fcrkiye Ermeni toplumu yasta: M\u0131g\u0131rdi\u00e7 Margosyan'\u0131 kaybettik - Bati Ermenistan Ve Bati Ermenileri Sorunlari Ara\u015ftirmalar Merkezi","og_description":"T\u00fcrkiye topraklar\u0131ndaki Ermeni edebiyat\u0131n\u0131n en \u00f6nemli isimlerinden M\u0131g\u0131rdi\u00e7 Margosyan, ge\u00e7irdi\u011fi rahats\u0131zl\u0131\u011f\u0131n ard\u0131ndan bug\u00fcn hayat\u0131n\u0131 kaybetti. Margosyan i\u00e7in 7 Nisan Per\u015fembe g\u00fcn\u00fc Kumkap\u0131 Patriklik Kilisesi&#8217;nde cenaze t\u00f6reni d\u00fczenlenecek. M\u0131g\u0131rdi\u00e7 Margosyan karaci\u011ferle ba\u011flant\u0131l\u0131 sa\u011fl\u0131k sorunlar\u0131 nedeniyle bir s\u00fcredir Maltepe \u00dcniversitesi Hastanesi&#8217;nde tedavi g\u00f6rmekteydi. Aras Yay\u0131nc\u0131l\u0131k&#8217;\u0131n kurucular\u0131ndan olan Margosyan, Agos gazetesinde de kurulu\u015f d\u00f6nemi ve sonras\u0131nda\u00a0 k\u00f6\u015fe yazarl\u0131\u011f\u0131 [&hellip;]","og_url":"https:\/\/akunq.net\/tr\/?p=67789","og_site_name":"Bati Ermenistan Ve Bati Ermenileri Sorunlari Ara\u015ftirmalar Merkezi","article_published_time":"2022-04-04T06:50:42+00:00","og_image":[{"width":1225,"height":689,"url":"https:\/\/akunq.net\/tr\/wp-content\/uploads\/sites\/6\/2022\/04\/M\u0131g\u0131rdi\u00e7-Margosyan.jpg","type":"image\/jpeg"}],"author":"admin","twitter_card":"summary_large_image","twitter_misc":{"Written by":"admin","Est. reading time":"3 minutes"},"schema":{"@context":"https:\/\/schema.org","@graph":[{"@type":"Article","@id":"https:\/\/akunq.net\/tr\/?p=67789#article","isPartOf":{"@id":"https:\/\/akunq.net\/tr\/?p=67789"},"author":{"name":"admin","@id":"https:\/\/akunq.net\/tr\/#\/schema\/person\/096f1d38a12cce57fb855b485ed24c9e"},"headline":"T\u00fcrkiye Ermeni toplumu yasta: M\u0131g\u0131rdi\u00e7 Margosyan&#8217;\u0131 kaybettik","datePublished":"2022-04-04T06:50:42+00:00","mainEntityOfPage":{"@id":"https:\/\/akunq.net\/tr\/?p=67789"},"wordCount":679,"commentCount":0,"image":{"@id":"https:\/\/akunq.net\/tr\/?p=67789#primaryimage"},"thumbnailUrl":"https:\/\/akunq.net\/tr\/wp-content\/uploads\/sites\/6\/2022\/04\/M\u0131g\u0131rdi\u00e7-Margosyan.jpg","articleSection":["Haberler"],"inLanguage":"en-US","potentialAction":[{"@type":"CommentAction","name":"Comment","target":["https:\/\/akunq.net\/tr\/?p=67789#respond"]}]},{"@type":"WebPage","@id":"https:\/\/akunq.net\/tr\/?p=67789","url":"https:\/\/akunq.net\/tr\/?p=67789","name":"T\u00fcrkiye Ermeni toplumu yasta: M\u0131g\u0131rdi\u00e7 Margosyan'\u0131 kaybettik - Bati Ermenistan Ve Bati Ermenileri Sorunlari Ara\u015ftirmalar Merkezi","isPartOf":{"@id":"https:\/\/akunq.net\/tr\/#website"},"primaryImageOfPage":{"@id":"https:\/\/akunq.net\/tr\/?p=67789#primaryimage"},"image":{"@id":"https:\/\/akunq.net\/tr\/?p=67789#primaryimage"},"thumbnailUrl":"https:\/\/akunq.net\/tr\/wp-content\/uploads\/sites\/6\/2022\/04\/M\u0131g\u0131rdi\u00e7-Margosyan.jpg","datePublished":"2022-04-04T06:50:42+00:00","author":{"@id":"https:\/\/akunq.net\/tr\/#\/schema\/person\/096f1d38a12cce57fb855b485ed24c9e"},"breadcrumb":{"@id":"https:\/\/akunq.net\/tr\/?p=67789#breadcrumb"},"inLanguage":"en-US","potentialAction":[{"@type":"ReadAction","target":["https:\/\/akunq.net\/tr\/?p=67789"]}]},{"@type":"ImageObject","inLanguage":"en-US","@id":"https:\/\/akunq.net\/tr\/?p=67789#primaryimage","url":"https:\/\/akunq.net\/tr\/wp-content\/uploads\/sites\/6\/2022\/04\/M\u0131g\u0131rdi\u00e7-Margosyan.jpg","contentUrl":"https:\/\/akunq.net\/tr\/wp-content\/uploads\/sites\/6\/2022\/04\/M\u0131g\u0131rdi\u00e7-Margosyan.jpg","width":1225,"height":689},{"@type":"BreadcrumbList","@id":"https:\/\/akunq.net\/tr\/?p=67789#breadcrumb","itemListElement":[{"@type":"ListItem","position":1,"name":"Home","item":"https:\/\/akunq.net\/tr"},{"@type":"ListItem","position":2,"name":"T\u00fcrkiye Ermeni toplumu yasta: M\u0131g\u0131rdi\u00e7 Margosyan&#8217;\u0131 kaybettik"}]},{"@type":"WebSite","@id":"https:\/\/akunq.net\/tr\/#website","url":"https:\/\/akunq.net\/tr\/","name":"Bati Ermenistan Ve Bati Ermenileri Sorunlari Ara\u015ftirmalar Merkezi","description":"","potentialAction":[{"@type":"SearchAction","target":{"@type":"EntryPoint","urlTemplate":"https:\/\/akunq.net\/tr\/?s={search_term_string}"},"query-input":{"@type":"PropertyValueSpecification","valueRequired":true,"valueName":"search_term_string"}}],"inLanguage":"en-US"},{"@type":"Person","@id":"https:\/\/akunq.net\/tr\/#\/schema\/person\/096f1d38a12cce57fb855b485ed24c9e","name":"admin","url":"https:\/\/akunq.net\/tr\/?author=7"}]}},"_links":{"self":[{"href":"https:\/\/akunq.net\/tr\/index.php?rest_route=\/wp\/v2\/posts\/67789","targetHints":{"allow":["GET"]}}],"collection":[{"href":"https:\/\/akunq.net\/tr\/index.php?rest_route=\/wp\/v2\/posts"}],"about":[{"href":"https:\/\/akunq.net\/tr\/index.php?rest_route=\/wp\/v2\/types\/post"}],"author":[{"embeddable":true,"href":"https:\/\/akunq.net\/tr\/index.php?rest_route=\/wp\/v2\/users\/7"}],"replies":[{"embeddable":true,"href":"https:\/\/akunq.net\/tr\/index.php?rest_route=%2Fwp%2Fv2%2Fcomments&post=67789"}],"version-history":[{"count":1,"href":"https:\/\/akunq.net\/tr\/index.php?rest_route=\/wp\/v2\/posts\/67789\/revisions"}],"predecessor-version":[{"id":67791,"href":"https:\/\/akunq.net\/tr\/index.php?rest_route=\/wp\/v2\/posts\/67789\/revisions\/67791"}],"wp:featuredmedia":[{"embeddable":true,"href":"https:\/\/akunq.net\/tr\/index.php?rest_route=\/wp\/v2\/media\/67790"}],"wp:attachment":[{"href":"https:\/\/akunq.net\/tr\/index.php?rest_route=%2Fwp%2Fv2%2Fmedia&parent=67789"}],"wp:term":[{"taxonomy":"category","embeddable":true,"href":"https:\/\/akunq.net\/tr\/index.php?rest_route=%2Fwp%2Fv2%2Fcategories&post=67789"},{"taxonomy":"post_tag","embeddable":true,"href":"https:\/\/akunq.net\/tr\/index.php?rest_route=%2Fwp%2Fv2%2Ftags&post=67789"}],"curies":[{"name":"wp","href":"https:\/\/api.w.org\/{rel}","templated":true}]}}