{"id":67777,"date":"2022-04-01T04:29:45","date_gmt":"2022-04-01T09:29:45","guid":{"rendered":"https:\/\/akunq.net\/tr\/?p=67777"},"modified":"2022-04-01T04:29:45","modified_gmt":"2022-04-01T09:29:45","slug":"inanc-ozgurlukleri-rehberinden-hatirlatmalar","status":"publish","type":"post","link":"https:\/\/akunq.net\/tr\/?p=67777","title":{"rendered":"\u0130nan\u00e7 \u00d6zg\u00fcrl\u00fckleri Rehberi\u2019nden hat\u0131rlatmalar"},"content":{"rendered":"<p><img loading=\"lazy\" decoding=\"async\" class=\"aligncenter size-medium wp-image-67778\" src=\"https:\/\/akunq.net\/tr\/wp-content\/uploads\/2022\/04\/2021-\u0130nan\u00e7-\u00d6zg\u00fcrl\u00fckleri-Rehberi-360x172.png\" alt=\"\" width=\"360\" height=\"172\" srcset=\"https:\/\/akunq.net\/tr\/wp-content\/uploads\/sites\/6\/2022\/04\/2021-\u0130nan\u00e7-\u00d6zg\u00fcrl\u00fckleri-Rehberi-360x172.png 360w, https:\/\/akunq.net\/tr\/wp-content\/uploads\/sites\/6\/2022\/04\/2021-\u0130nan\u00e7-\u00d6zg\u00fcrl\u00fckleri-Rehberi-560x267.png 560w, https:\/\/akunq.net\/tr\/wp-content\/uploads\/sites\/6\/2022\/04\/2021-\u0130nan\u00e7-\u00d6zg\u00fcrl\u00fckleri-Rehberi-260x124.png 260w, https:\/\/akunq.net\/tr\/wp-content\/uploads\/sites\/6\/2022\/04\/2021-\u0130nan\u00e7-\u00d6zg\u00fcrl\u00fckleri-Rehberi-160x76.png 160w, https:\/\/akunq.net\/tr\/wp-content\/uploads\/sites\/6\/2022\/04\/2021-\u0130nan\u00e7-\u00d6zg\u00fcrl\u00fckleri-Rehberi.png 671w\" sizes=\"auto, (max-width: 360px) 100vw, 360px\" \/><\/p>\n<p><strong><a href=\"https:\/\/www.evrensel.net\/yazar\/29\/husnu-ondul\">H\u00fcsn\u00fc \u00d6nd\u00fcl<\/a><\/strong><\/p>\n<p><em><strong>Anadolu Din ve \u0130nan\u00e7lar\u0131 Platformu (AD\u0130P) ile Alevi D\u00fc\u015f\u00fcnce Oca\u011f\u0131n\u0131n (ADO) yay\u0131mlad\u0131\u011f\u0131 \u201c2021 \u0130nan\u00e7 \u00d6zg\u00fcrl\u00fckleri Rehberi\u201d adl\u0131 bir \u00e7al\u0131\u015fma var. Bro\u015f\u00fcr halinde yay\u0131mland\u0131 ve ayn\u0131 \u00e7al\u0131\u015fmay\u0131 her iki kurulu\u015fun internet sitelerinden (www.adipanadolu.org\u00a0\u00a0 ya da www.aleviocag\u0131.org) okumak da m\u00fcmk\u00fcn.<\/strong><\/em><\/p>\n<p>Rehber, inan\u00e7 \u00f6zg\u00fcrl\u00fc\u011f\u00fc ile ilgili olarak ulusal\u00fcst\u00fc insan haklar\u0131 hukukunda ve i\u00e7 hukukta nas\u0131l hukuksal d\u00fczenlemeler bulundu\u011funu g\u00f6stermektedir. Birle\u015fmi\u015f Miletler \u0130nsan Haklar\u0131 Evrensel Bildirisi (madde 18) ve Avrupa Konseyi Avrupa \u0130nsan Haklar\u0131 S\u00f6zle\u015fmesi (madde 9) ile T\u00fcrkiye Cumhuriyeti Anayasas\u0131 ( madde 10) inan\u00e7 \u00f6zg\u00fcrl\u00fc\u011f\u00fcn\u00fc koruyan h\u00fck\u00fcmler ta\u015f\u0131r.<\/p>\n<p>Bro\u015f\u00fcrde yer alan ara ba\u015fl\u0131klar ve alt ba\u015fl\u0131klarda, \u015f\u00f6yle denmektedir: \u201cDin veya inan\u00e7 \u00f6zg\u00fcrl\u00fc\u011f\u00fc dinleri veya inan\u00e7lar\u0131 de\u011fil, insanlar\u0131 korur. (\u2026) \u0130nan\u00e7 gruplar\u0131n\u0131n; t\u00fczel ki\u015filik edinme ve \u00f6rg\u00fctlenme, devlet desteklerinden e\u015fit olarak yararlanma, din hizmetlilerini yeti\u015ftirme, \u00e7ocuklar\u0131n\u0131 inan\u00e7lar\u0131na g\u00f6re e\u011fitebilme, din ve inanc\u0131n\u0131 \u00f6zg\u00fcrce tan\u0131tma ve yayma haklar\u0131, Anayasa ve uluslararas\u0131 s\u00f6zle\u015fmeler ile korunmaktad\u0131r. (\u0130nan\u00e7 gruplar\u0131n\u0131n ibadet yerlerine getirilen k\u0131s\u0131tlamalar sadece din ve inan\u00e7 \u00f6zg\u00fcrl\u00fcklerini ihlal etmekle kalm\u0131yor, ayr\u0131mc\u0131l\u0131k yasa\u011f\u0131 ile de ba\u011fda\u015fm\u0131yor. (\u2026)<\/p>\n<p>\u2018B\u0130REYSEL D\u0130N VE \u0130NAN\u00c7 HAKLARIMIZ\u2019Bir dine veya inanca sahip olma, bunu se\u00e7me, de\u011fi\u015ftirme, b\u0131rakma ve s\u00fcrd\u00fcrme \u00f6zg\u00fcrl\u00fc\u011f\u00fcne sahibiz (Anayasa madde 12). Dinimizi ve inanc\u0131m\u0131z\u0131 \u00f6zg\u00fcrce uygulama hakk\u0131na sahibiz (Anayasa madde 25). (\u2026) Din ve inanc\u0131m\u0131za y\u00f6nelik bask\u0131ya kar\u015f\u0131 korunma hakk\u0131m\u0131z var ( BM Medeni ve Siyasi Haklara \u0130li\u015fkin Uluslararas\u0131 S\u00f6zle\u015fme, madde 18\/2). \u0130nanc\u0131m\u0131zdan \u00f6t\u00fcr\u00fc ayr\u0131mc\u0131l\u0131\u011fa maruz b\u0131rak\u0131lmamal\u0131y\u0131z (Avrupa Konseyi Avrupa \u0130nsan Haklar\u0131 S\u00f6zle\u015fmesi madde 14), T.C. Anayasas\u0131 madde 24). \u201dHepimiz inanc\u0131m\u0131za g\u00f6re vicdani ret hakk\u0131na da sahibiz. \u201c\u00c7OCUK VE A\u0130LEN\u0130N D\u0130N VE \u0130NAN\u00c7 HAKLARI\u201d Din ve inan\u00e7 haklar\u0131 \u00e7ocuklar\u0131 da korur. \u00c7ocuk Haklar\u0131 S\u00f6zle\u015fmesi (madde 1, 29, 30). T.C. Medeni Kanun madde 341.\u201d<\/p>\n<p>T\u00fcrkiye\u2019de insan haklar\u0131n\u0131n tan\u0131nma, kullan\u0131lma, korunma ve geli\u015ftirme sorunlar\u0131n\u0131n bulundu\u011fu biliniyor. \u0130nsan haklar\u0131n\u0131n herkes i\u00e7in ve b\u00fct\u00fcnsel oldu\u011fu da biliniyor. \u0130nsan haklar\u0131n\u0131n korunmas\u0131ndan ve uygulanmas\u0131ndan esas olarak da devletler sorumludur. BM \u0130nsan Haklar\u0131 Savunucular\u0131n\u0131n Korunmas\u0131 Bildirisi\u2019nde devletlerin sorumlulu\u011fu ve korumaya dair \u00f6devi a\u00e7\u0131k bir \u015fekilde ifade edilmektedir. Ayr\u0131ca hat\u0131rlamal\u0131y\u0131z ki Avrupa \u0130nsan Haklar\u0131 S\u00f6zle\u015fmesi\u2019nin \u00f6n s\u00f6z\u00fcn\u00fcn son paragraf\u0131na, 15 numaral\u0131 Protokol ile insan haklar\u0131n\u0131n korunmas\u0131ndan devletlerin esas sorumlu oldu\u011fu vurgusu eklenmi\u015ftir. Protokol, a\u011fustos 2021 tarihinden itibaren y\u00fcr\u00fcrl\u00fc\u011fe girmi\u015ftir. Devlet organlar\u0131 \u00f6devlerini ba\u015fka ki\u015fi ve kurulu\u015flara havale edemezler. Her alanda oldu\u011fu gibi inan\u00e7 \u00f6zg\u00fcrl\u00fc\u011f\u00fc alan\u0131nda da e\u015fitlik ilkesini daima hat\u0131rda tutmak ve buna uygun hareket etmek zorundad\u0131rlar.<\/p>\n<p>Daha ge\u00e7en ay Din Alimleri Derne\u011fi (D\u0130AYDER) y\u00f6neticilerinin yarg\u0131land\u0131\u011f\u0131 davaya tan\u0131kl\u0131k ettik, \u015eafi inanc\u0131 mensuplar\u0131, Aleviler, Hristiyan dini mensuplar\u0131, e\u015fitlik ilkesinin hayata ge\u00e7meyi\u015finin sanc\u0131lar\u0131n\u0131 ya\u015f\u0131yorlar. 12 Nisan 2016 tarihli yaz\u0131s\u0131nda Say\u0131n Ali Kenano\u011flu, Alevi toplumunun AKP h\u00fck\u00fcmetine iletti\u011fi taleplerle ilgili \u015fu bilgileri vermekteydi: \u201cAKP h\u00fck\u00fcmeti ile Alevi kurum ve aktivistleri aras\u0131nda y\u00fcr\u00fct\u00fclen g\u00f6r\u00fc\u015fmelerde, benim de bizzat yer ald\u0131\u011f\u0131m Alevi kanad\u0131 mutabakatla \u015fu talepleri ve bunlara ili\u015fkin \u00e7\u00f6z\u00fcm \u00f6nerilerini h\u00fck\u00fcmete sundular:<\/p>\n<p>1- Cemevleri Alevilerin ibadethanesidir ve stat\u00fcs\u00fc ibadethane olarak kabul edilmelidir.<\/p>\n<p>2- Okullarda okutulan \u201cdin k\u00fclt\u00fcr\u00fc ve ahl\u00e2k bilgisi\u201d dersi S\u00fcnni \u0130sl\u00e2m dersleridir ve Alevi \u00e7ocuklar\u0131n\u0131 S\u00fcnnile\u015ftirmektedir. Alevi \u00e7ocuklar\u0131 muaf tutulmal\u0131d\u0131r.Reklam<\/p>\n<p>3- P\u00eer Sultan Abdal anma etkinli\u011fine kat\u0131lan 33 can\u0131m\u0131z\u0131n katledildi\u011fi Sivas Mad\u0131mak Oteli \u201cibret m\u00fczesi\u201d ne d\u00f6n\u00fc\u015ft\u00fcr\u00fclmeli, katliam\u0131 te\u015fhir eden, lanetleyen g\u00f6rseller yer almal\u0131d\u0131r.<\/p>\n<p>4- Bir\u00e7o\u011fu devletin elinde veya ba\u015fka kimselerce i\u015fgal alt\u0131nda bulunan, ba\u015fta Hac\u0131 Bekta\u015f Dergah\u0131 olmak \u00fczere, t\u00fcm Alevi inan\u00e7 merkezleri, dergahlar\u0131 Alevilere iade edilmelidir.<\/p>\n<p>5- Alevilere y\u00f6nelik her t\u00fcrl\u00fc ayr\u0131mc\u0131 tutumlar ortadan kald\u0131r\u0131lmal\u0131, ayr\u0131mc\u0131l\u0131k yapanlara kar\u015f\u0131 cayd\u0131r\u0131c\u0131 yapt\u0131r\u0131mlar olu\u015fturulmal\u0131d\u0131r.<\/p>\n<p>6- Devletin resmi dini kurumu olarak g\u00f6rev yapan ve S\u00fcnni \u0130slam inanc\u0131n\u0131 devleti y\u00f6netenlerin hegemonyas\u0131na sokan ve S\u00fcnnilik d\u0131\u015f\u0131ndaki t\u00fcm inan\u00e7lara kar\u015f\u0131 sistemli bir asimilasyon politikas\u0131 y\u00fcr\u00fcten Diyanet \u0130\u015fleri Ba\u015fkanl\u0131\u011f\u0131 kapat\u0131lmal\u0131d\u0131r.<\/p>\n<p>7- Alevilere y\u00f6nelik her t\u00fcrl\u00fc asimilasyon politikalar\u0131na son verilmeli, bu ba\u011flamda y\u00fcr\u00fct\u00fclen Alevi k\u00f6ylerine cami yapma politikas\u0131 derhal ve ilelebet durdurulmal\u0131d\u0131r. \u201c(https:\/\/tr.boell.org\/tr\/2016\/04\/12\/turkiyede-alevilik-sorun-ve-cozum-yollari-yedi-talep-yedi-oneri)<\/p>\n<p>Sonu\u00e7 olarak, haklar ve \u00f6zg\u00fcrl\u00fckler m\u00fccadelesinin inan\u00e7 \u00f6zg\u00fcrl\u00fc\u011f\u00fcne ait yans\u0131malar\u0131na tan\u0131kl\u0131k ediyoruz.<\/p>\n<p><em><strong><a href=\"https:\/\/www.evrensel.net\/yazi\/90656\/inanc-ozgurlukleri-rehberinden-hatirlatmalar\">https:\/\/www.evrensel.net\/yazi\/90656\/inanc-ozgurlukleri-rehberinden-hatirlatmalar<\/a><\/strong><\/em><\/p>\n","protected":false},"excerpt":{"rendered":"<p>H\u00fcsn\u00fc \u00d6nd\u00fcl Anadolu Din ve \u0130nan\u00e7lar\u0131 Platformu (AD\u0130P) ile Alevi D\u00fc\u015f\u00fcnce Oca\u011f\u0131n\u0131n (ADO) yay\u0131mlad\u0131\u011f\u0131 \u201c2021 \u0130nan\u00e7 \u00d6zg\u00fcrl\u00fckleri Rehberi\u201d adl\u0131 bir \u00e7al\u0131\u015fma var. Bro\u015f\u00fcr halinde yay\u0131mland\u0131 ve ayn\u0131 \u00e7al\u0131\u015fmay\u0131 her iki kurulu\u015fun internet sitelerinden (www.adipanadolu.org\u00a0\u00a0 ya da www.aleviocag\u0131.org) okumak da m\u00fcmk\u00fcn. Rehber, inan\u00e7 \u00f6zg\u00fcrl\u00fc\u011f\u00fc ile ilgili olarak ulusal\u00fcst\u00fc insan haklar\u0131 hukukunda ve i\u00e7 hukukta nas\u0131l hukuksal [&hellip;]<\/p>\n","protected":false},"author":7,"featured_media":67778,"comment_status":"open","ping_status":"open","sticky":false,"template":"","format":"standard","meta":{"footnotes":""},"categories":[1,53],"tags":[],"class_list":["post-67777","post","type-post","status-publish","format-standard","has-post-thumbnail","hentry","category-haberler","category-turkiyede-azinliklar"],"yoast_head":"<!-- This site is optimized with the Yoast SEO plugin v27.4 - https:\/\/yoast.com\/product\/yoast-seo-wordpress\/ -->\n<title>\u0130nan\u00e7 \u00d6zg\u00fcrl\u00fckleri Rehberi\u2019nden hat\u0131rlatmalar - Bati Ermenistan Ve Bati Ermenileri Sorunlari Ara\u015ftirmalar Merkezi<\/title>\n<meta name=\"robots\" content=\"index, follow, max-snippet:-1, max-image-preview:large, max-video-preview:-1\" \/>\n<link rel=\"canonical\" href=\"https:\/\/akunq.net\/tr\/?p=67777\" \/>\n<meta property=\"og:locale\" content=\"en_US\" \/>\n<meta property=\"og:type\" content=\"article\" \/>\n<meta property=\"og:title\" content=\"\u0130nan\u00e7 \u00d6zg\u00fcrl\u00fckleri Rehberi\u2019nden hat\u0131rlatmalar - Bati Ermenistan Ve Bati Ermenileri Sorunlari Ara\u015ftirmalar Merkezi\" \/>\n<meta property=\"og:description\" content=\"H\u00fcsn\u00fc \u00d6nd\u00fcl Anadolu Din ve \u0130nan\u00e7lar\u0131 Platformu (AD\u0130P) ile Alevi D\u00fc\u015f\u00fcnce Oca\u011f\u0131n\u0131n (ADO) yay\u0131mlad\u0131\u011f\u0131 \u201c2021 \u0130nan\u00e7 \u00d6zg\u00fcrl\u00fckleri Rehberi\u201d adl\u0131 bir \u00e7al\u0131\u015fma var. Bro\u015f\u00fcr halinde yay\u0131mland\u0131 ve ayn\u0131 \u00e7al\u0131\u015fmay\u0131 her iki kurulu\u015fun internet sitelerinden (www.adipanadolu.org\u00a0\u00a0 ya da www.aleviocag\u0131.org) okumak da m\u00fcmk\u00fcn. Rehber, inan\u00e7 \u00f6zg\u00fcrl\u00fc\u011f\u00fc ile ilgili olarak ulusal\u00fcst\u00fc insan haklar\u0131 hukukunda ve i\u00e7 hukukta nas\u0131l hukuksal [&hellip;]\" \/>\n<meta property=\"og:url\" content=\"https:\/\/akunq.net\/tr\/?p=67777\" \/>\n<meta property=\"og:site_name\" content=\"Bati Ermenistan Ve Bati Ermenileri Sorunlari Ara\u015ftirmalar Merkezi\" \/>\n<meta property=\"article:published_time\" content=\"2022-04-01T09:29:45+00:00\" \/>\n<meta property=\"og:image\" content=\"https:\/\/akunq.net\/tr\/wp-content\/uploads\/sites\/6\/2022\/04\/2021-\u0130nan\u00e7-\u00d6zg\u00fcrl\u00fckleri-Rehberi.png\" \/>\n\t<meta property=\"og:image:width\" content=\"671\" \/>\n\t<meta property=\"og:image:height\" content=\"320\" \/>\n\t<meta property=\"og:image:type\" content=\"image\/png\" \/>\n<meta name=\"author\" content=\"admin\" \/>\n<meta name=\"twitter:card\" content=\"summary_large_image\" \/>\n<meta name=\"twitter:label1\" content=\"Written by\" \/>\n\t<meta name=\"twitter:data1\" content=\"admin\" \/>\n\t<meta name=\"twitter:label2\" content=\"Est. reading time\" \/>\n\t<meta name=\"twitter:data2\" content=\"4 minutes\" \/>\n<script type=\"application\/ld+json\" class=\"yoast-schema-graph\">{\"@context\":\"https:\\\/\\\/schema.org\",\"@graph\":[{\"@type\":\"Article\",\"@id\":\"https:\\\/\\\/akunq.net\\\/tr\\\/?p=67777#article\",\"isPartOf\":{\"@id\":\"https:\\\/\\\/akunq.net\\\/tr\\\/?p=67777\"},\"author\":{\"name\":\"admin\",\"@id\":\"https:\\\/\\\/akunq.net\\\/tr\\\/#\\\/schema\\\/person\\\/096f1d38a12cce57fb855b485ed24c9e\"},\"headline\":\"\u0130nan\u00e7 \u00d6zg\u00fcrl\u00fckleri Rehberi\u2019nden hat\u0131rlatmalar\",\"datePublished\":\"2022-04-01T09:29:45+00:00\",\"mainEntityOfPage\":{\"@id\":\"https:\\\/\\\/akunq.net\\\/tr\\\/?p=67777\"},\"wordCount\":889,\"commentCount\":0,\"image\":{\"@id\":\"https:\\\/\\\/akunq.net\\\/tr\\\/?p=67777#primaryimage\"},\"thumbnailUrl\":\"https:\\\/\\\/akunq.net\\\/tr\\\/wp-content\\\/uploads\\\/sites\\\/6\\\/2022\\\/04\\\/2021-\u0130nan\u00e7-\u00d6zg\u00fcrl\u00fckleri-Rehberi.png\",\"articleSection\":[\"Haberler\",\"T\u00fcrkiye\u2019de Az\u0131nl\u0131klar\"],\"inLanguage\":\"en-US\",\"potentialAction\":[{\"@type\":\"CommentAction\",\"name\":\"Comment\",\"target\":[\"https:\\\/\\\/akunq.net\\\/tr\\\/?p=67777#respond\"]}]},{\"@type\":\"WebPage\",\"@id\":\"https:\\\/\\\/akunq.net\\\/tr\\\/?p=67777\",\"url\":\"https:\\\/\\\/akunq.net\\\/tr\\\/?p=67777\",\"name\":\"\u0130nan\u00e7 \u00d6zg\u00fcrl\u00fckleri Rehberi\u2019nden hat\u0131rlatmalar - Bati Ermenistan Ve Bati Ermenileri Sorunlari Ara\u015ftirmalar Merkezi\",\"isPartOf\":{\"@id\":\"https:\\\/\\\/akunq.net\\\/tr\\\/#website\"},\"primaryImageOfPage\":{\"@id\":\"https:\\\/\\\/akunq.net\\\/tr\\\/?p=67777#primaryimage\"},\"image\":{\"@id\":\"https:\\\/\\\/akunq.net\\\/tr\\\/?p=67777#primaryimage\"},\"thumbnailUrl\":\"https:\\\/\\\/akunq.net\\\/tr\\\/wp-content\\\/uploads\\\/sites\\\/6\\\/2022\\\/04\\\/2021-\u0130nan\u00e7-\u00d6zg\u00fcrl\u00fckleri-Rehberi.png\",\"datePublished\":\"2022-04-01T09:29:45+00:00\",\"author\":{\"@id\":\"https:\\\/\\\/akunq.net\\\/tr\\\/#\\\/schema\\\/person\\\/096f1d38a12cce57fb855b485ed24c9e\"},\"breadcrumb\":{\"@id\":\"https:\\\/\\\/akunq.net\\\/tr\\\/?p=67777#breadcrumb\"},\"inLanguage\":\"en-US\",\"potentialAction\":[{\"@type\":\"ReadAction\",\"target\":[\"https:\\\/\\\/akunq.net\\\/tr\\\/?p=67777\"]}]},{\"@type\":\"ImageObject\",\"inLanguage\":\"en-US\",\"@id\":\"https:\\\/\\\/akunq.net\\\/tr\\\/?p=67777#primaryimage\",\"url\":\"https:\\\/\\\/akunq.net\\\/tr\\\/wp-content\\\/uploads\\\/sites\\\/6\\\/2022\\\/04\\\/2021-\u0130nan\u00e7-\u00d6zg\u00fcrl\u00fckleri-Rehberi.png\",\"contentUrl\":\"https:\\\/\\\/akunq.net\\\/tr\\\/wp-content\\\/uploads\\\/sites\\\/6\\\/2022\\\/04\\\/2021-\u0130nan\u00e7-\u00d6zg\u00fcrl\u00fckleri-Rehberi.png\",\"width\":671,\"height\":320},{\"@type\":\"BreadcrumbList\",\"@id\":\"https:\\\/\\\/akunq.net\\\/tr\\\/?p=67777#breadcrumb\",\"itemListElement\":[{\"@type\":\"ListItem\",\"position\":1,\"name\":\"Home\",\"item\":\"https:\\\/\\\/akunq.net\\\/tr\"},{\"@type\":\"ListItem\",\"position\":2,\"name\":\"\u0130nan\u00e7 \u00d6zg\u00fcrl\u00fckleri Rehberi\u2019nden hat\u0131rlatmalar\"}]},{\"@type\":\"WebSite\",\"@id\":\"https:\\\/\\\/akunq.net\\\/tr\\\/#website\",\"url\":\"https:\\\/\\\/akunq.net\\\/tr\\\/\",\"name\":\"Bati Ermenistan Ve Bati Ermenileri Sorunlari Ara\u015ftirmalar Merkezi\",\"description\":\"\",\"potentialAction\":[{\"@type\":\"SearchAction\",\"target\":{\"@type\":\"EntryPoint\",\"urlTemplate\":\"https:\\\/\\\/akunq.net\\\/tr\\\/?s={search_term_string}\"},\"query-input\":{\"@type\":\"PropertyValueSpecification\",\"valueRequired\":true,\"valueName\":\"search_term_string\"}}],\"inLanguage\":\"en-US\"},{\"@type\":\"Person\",\"@id\":\"https:\\\/\\\/akunq.net\\\/tr\\\/#\\\/schema\\\/person\\\/096f1d38a12cce57fb855b485ed24c9e\",\"name\":\"admin\",\"url\":\"https:\\\/\\\/akunq.net\\\/tr\\\/?author=7\"}]}<\/script>\n<!-- \/ Yoast SEO plugin. -->","yoast_head_json":{"title":"\u0130nan\u00e7 \u00d6zg\u00fcrl\u00fckleri Rehberi\u2019nden hat\u0131rlatmalar - Bati Ermenistan Ve Bati Ermenileri Sorunlari Ara\u015ftirmalar Merkezi","robots":{"index":"index","follow":"follow","max-snippet":"max-snippet:-1","max-image-preview":"max-image-preview:large","max-video-preview":"max-video-preview:-1"},"canonical":"https:\/\/akunq.net\/tr\/?p=67777","og_locale":"en_US","og_type":"article","og_title":"\u0130nan\u00e7 \u00d6zg\u00fcrl\u00fckleri Rehberi\u2019nden hat\u0131rlatmalar - Bati Ermenistan Ve Bati Ermenileri Sorunlari Ara\u015ftirmalar Merkezi","og_description":"H\u00fcsn\u00fc \u00d6nd\u00fcl Anadolu Din ve \u0130nan\u00e7lar\u0131 Platformu (AD\u0130P) ile Alevi D\u00fc\u015f\u00fcnce Oca\u011f\u0131n\u0131n (ADO) yay\u0131mlad\u0131\u011f\u0131 \u201c2021 \u0130nan\u00e7 \u00d6zg\u00fcrl\u00fckleri Rehberi\u201d adl\u0131 bir \u00e7al\u0131\u015fma var. Bro\u015f\u00fcr halinde yay\u0131mland\u0131 ve ayn\u0131 \u00e7al\u0131\u015fmay\u0131 her iki kurulu\u015fun internet sitelerinden (www.adipanadolu.org\u00a0\u00a0 ya da www.aleviocag\u0131.org) okumak da m\u00fcmk\u00fcn. Rehber, inan\u00e7 \u00f6zg\u00fcrl\u00fc\u011f\u00fc ile ilgili olarak ulusal\u00fcst\u00fc insan haklar\u0131 hukukunda ve i\u00e7 hukukta nas\u0131l hukuksal [&hellip;]","og_url":"https:\/\/akunq.net\/tr\/?p=67777","og_site_name":"Bati Ermenistan Ve Bati Ermenileri Sorunlari Ara\u015ftirmalar Merkezi","article_published_time":"2022-04-01T09:29:45+00:00","og_image":[{"width":671,"height":320,"url":"https:\/\/akunq.net\/tr\/wp-content\/uploads\/sites\/6\/2022\/04\/2021-\u0130nan\u00e7-\u00d6zg\u00fcrl\u00fckleri-Rehberi.png","type":"image\/png"}],"author":"admin","twitter_card":"summary_large_image","twitter_misc":{"Written by":"admin","Est. reading time":"4 minutes"},"schema":{"@context":"https:\/\/schema.org","@graph":[{"@type":"Article","@id":"https:\/\/akunq.net\/tr\/?p=67777#article","isPartOf":{"@id":"https:\/\/akunq.net\/tr\/?p=67777"},"author":{"name":"admin","@id":"https:\/\/akunq.net\/tr\/#\/schema\/person\/096f1d38a12cce57fb855b485ed24c9e"},"headline":"\u0130nan\u00e7 \u00d6zg\u00fcrl\u00fckleri Rehberi\u2019nden hat\u0131rlatmalar","datePublished":"2022-04-01T09:29:45+00:00","mainEntityOfPage":{"@id":"https:\/\/akunq.net\/tr\/?p=67777"},"wordCount":889,"commentCount":0,"image":{"@id":"https:\/\/akunq.net\/tr\/?p=67777#primaryimage"},"thumbnailUrl":"https:\/\/akunq.net\/tr\/wp-content\/uploads\/sites\/6\/2022\/04\/2021-\u0130nan\u00e7-\u00d6zg\u00fcrl\u00fckleri-Rehberi.png","articleSection":["Haberler","T\u00fcrkiye\u2019de Az\u0131nl\u0131klar"],"inLanguage":"en-US","potentialAction":[{"@type":"CommentAction","name":"Comment","target":["https:\/\/akunq.net\/tr\/?p=67777#respond"]}]},{"@type":"WebPage","@id":"https:\/\/akunq.net\/tr\/?p=67777","url":"https:\/\/akunq.net\/tr\/?p=67777","name":"\u0130nan\u00e7 \u00d6zg\u00fcrl\u00fckleri Rehberi\u2019nden hat\u0131rlatmalar - Bati Ermenistan Ve Bati Ermenileri Sorunlari Ara\u015ftirmalar Merkezi","isPartOf":{"@id":"https:\/\/akunq.net\/tr\/#website"},"primaryImageOfPage":{"@id":"https:\/\/akunq.net\/tr\/?p=67777#primaryimage"},"image":{"@id":"https:\/\/akunq.net\/tr\/?p=67777#primaryimage"},"thumbnailUrl":"https:\/\/akunq.net\/tr\/wp-content\/uploads\/sites\/6\/2022\/04\/2021-\u0130nan\u00e7-\u00d6zg\u00fcrl\u00fckleri-Rehberi.png","datePublished":"2022-04-01T09:29:45+00:00","author":{"@id":"https:\/\/akunq.net\/tr\/#\/schema\/person\/096f1d38a12cce57fb855b485ed24c9e"},"breadcrumb":{"@id":"https:\/\/akunq.net\/tr\/?p=67777#breadcrumb"},"inLanguage":"en-US","potentialAction":[{"@type":"ReadAction","target":["https:\/\/akunq.net\/tr\/?p=67777"]}]},{"@type":"ImageObject","inLanguage":"en-US","@id":"https:\/\/akunq.net\/tr\/?p=67777#primaryimage","url":"https:\/\/akunq.net\/tr\/wp-content\/uploads\/sites\/6\/2022\/04\/2021-\u0130nan\u00e7-\u00d6zg\u00fcrl\u00fckleri-Rehberi.png","contentUrl":"https:\/\/akunq.net\/tr\/wp-content\/uploads\/sites\/6\/2022\/04\/2021-\u0130nan\u00e7-\u00d6zg\u00fcrl\u00fckleri-Rehberi.png","width":671,"height":320},{"@type":"BreadcrumbList","@id":"https:\/\/akunq.net\/tr\/?p=67777#breadcrumb","itemListElement":[{"@type":"ListItem","position":1,"name":"Home","item":"https:\/\/akunq.net\/tr"},{"@type":"ListItem","position":2,"name":"\u0130nan\u00e7 \u00d6zg\u00fcrl\u00fckleri Rehberi\u2019nden hat\u0131rlatmalar"}]},{"@type":"WebSite","@id":"https:\/\/akunq.net\/tr\/#website","url":"https:\/\/akunq.net\/tr\/","name":"Bati Ermenistan Ve Bati Ermenileri Sorunlari Ara\u015ftirmalar Merkezi","description":"","potentialAction":[{"@type":"SearchAction","target":{"@type":"EntryPoint","urlTemplate":"https:\/\/akunq.net\/tr\/?s={search_term_string}"},"query-input":{"@type":"PropertyValueSpecification","valueRequired":true,"valueName":"search_term_string"}}],"inLanguage":"en-US"},{"@type":"Person","@id":"https:\/\/akunq.net\/tr\/#\/schema\/person\/096f1d38a12cce57fb855b485ed24c9e","name":"admin","url":"https:\/\/akunq.net\/tr\/?author=7"}]}},"_links":{"self":[{"href":"https:\/\/akunq.net\/tr\/index.php?rest_route=\/wp\/v2\/posts\/67777","targetHints":{"allow":["GET"]}}],"collection":[{"href":"https:\/\/akunq.net\/tr\/index.php?rest_route=\/wp\/v2\/posts"}],"about":[{"href":"https:\/\/akunq.net\/tr\/index.php?rest_route=\/wp\/v2\/types\/post"}],"author":[{"embeddable":true,"href":"https:\/\/akunq.net\/tr\/index.php?rest_route=\/wp\/v2\/users\/7"}],"replies":[{"embeddable":true,"href":"https:\/\/akunq.net\/tr\/index.php?rest_route=%2Fwp%2Fv2%2Fcomments&post=67777"}],"version-history":[{"count":1,"href":"https:\/\/akunq.net\/tr\/index.php?rest_route=\/wp\/v2\/posts\/67777\/revisions"}],"predecessor-version":[{"id":67779,"href":"https:\/\/akunq.net\/tr\/index.php?rest_route=\/wp\/v2\/posts\/67777\/revisions\/67779"}],"wp:featuredmedia":[{"embeddable":true,"href":"https:\/\/akunq.net\/tr\/index.php?rest_route=\/wp\/v2\/media\/67778"}],"wp:attachment":[{"href":"https:\/\/akunq.net\/tr\/index.php?rest_route=%2Fwp%2Fv2%2Fmedia&parent=67777"}],"wp:term":[{"taxonomy":"category","embeddable":true,"href":"https:\/\/akunq.net\/tr\/index.php?rest_route=%2Fwp%2Fv2%2Fcategories&post=67777"},{"taxonomy":"post_tag","embeddable":true,"href":"https:\/\/akunq.net\/tr\/index.php?rest_route=%2Fwp%2Fv2%2Ftags&post=67777"}],"curies":[{"name":"wp","href":"https:\/\/api.w.org\/{rel}","templated":true}]}}