{"id":67765,"date":"2022-04-01T01:29:00","date_gmt":"2022-04-01T06:29:00","guid":{"rendered":"https:\/\/akunq.net\/tr\/?p=67765"},"modified":"2022-04-01T01:29:00","modified_gmt":"2022-04-01T06:29:00","slug":"adalet-atlasinda-bu-hafta-define-hayaliyle-kolektif-gasp","status":"publish","type":"post","link":"https:\/\/akunq.net\/tr\/?p=67765","title":{"rendered":"Adalet Atlas\u0131&#8217;nda bu hafta: Define hayaliyle kolektif gasp"},"content":{"rendered":"<p><img loading=\"lazy\" decoding=\"async\" class=\"aligncenter size-medium wp-image-67766\" src=\"https:\/\/akunq.net\/tr\/wp-content\/uploads\/2022\/04\/Adalet-Atlas\u0131nda-bu-hafta-360x180.png\" alt=\"\" width=\"360\" height=\"180\" srcset=\"https:\/\/akunq.net\/tr\/wp-content\/uploads\/sites\/6\/2022\/04\/Adalet-Atlas\u0131nda-bu-hafta-360x180.png 360w, https:\/\/akunq.net\/tr\/wp-content\/uploads\/sites\/6\/2022\/04\/Adalet-Atlas\u0131nda-bu-hafta-768x384.png 768w, https:\/\/akunq.net\/tr\/wp-content\/uploads\/sites\/6\/2022\/04\/Adalet-Atlas\u0131nda-bu-hafta-560x280.png 560w, https:\/\/akunq.net\/tr\/wp-content\/uploads\/sites\/6\/2022\/04\/Adalet-Atlas\u0131nda-bu-hafta-260x130.png 260w, https:\/\/akunq.net\/tr\/wp-content\/uploads\/sites\/6\/2022\/04\/Adalet-Atlas\u0131nda-bu-hafta-160x80.png 160w, https:\/\/akunq.net\/tr\/wp-content\/uploads\/sites\/6\/2022\/04\/Adalet-Atlas\u0131nda-bu-hafta.png 1180w\" sizes=\"auto, (max-width: 360px) 100vw, 360px\" \/><\/p>\n<p><em><strong>Anadolu K\u00fclt\u00fcr&#8217;\u00fcn podcast serisi Adalet Atlas\u0131&#8217;nda bu hafta definecilik, ya\u011fmac\u0131l\u0131k ve m\u00fclkiyet hakk\u0131 ili\u015fkisi \u00fczerinde duruluyor, &#8220;Definecilerin zenginle\u015fme hayalleriyle temas ettikleri kimlerin g\u00f6m\u00fcleri?&#8221;, &#8220;Ya\u011fman\u0131n tarihi 1915\u2019e nas\u0131l uzan\u0131yor?&#8221; gibi sorulara yan\u0131t aran\u0131yor.<\/strong><\/em><\/p>\n<p>Adalet Atlas\u0131\u2019n\u0131n bug\u00fcn yay\u0131nlanan \u201cDefine hayaliyle kolektif gasp\u201d ba\u015fl\u0131kl\u0131 b\u00f6l\u00fcm\u00fcnde tarih\u00e7i Mehmet Polatel, sosyolog K\u00fcbra Kurt \u00c7al\u0131\u015fkan ve hukuk\u00e7u Kas\u0131m Akba\u015f ile m\u00fclkiyet hakk\u0131 definecilikten yola \u00e7\u0131k\u0131larak konu\u015fuluyor.\u00a0 Definecilerin yerin alt\u0131nda ne arad\u0131\u011f\u0131n\u0131,\u00a0 \u00f6z\u00fcnde ya\u011fmac\u0131l\u0131k olan bu alan\u0131n me\u015fruiyetini tarih ve hukuktan nas\u0131l ald\u0131\u011f\u0131 ele al\u0131n\u0131yor.<\/p>\n<p>Oyuncu Berkay Ate\u015f\u2019in Van\u2019da define arayan bir kaz\u0131c\u0131y\u0131 seslendirmesiyle a\u00e7\u0131lan b\u00f6l\u00fcmde yan\u0131t aranan baz\u0131 sorular \u015f\u00f6yle:<\/p>\n<p>Definecilerin zenginle\u015fme hayalleriyle temas ettikleri kimlerin g\u00f6m\u00fcleri?<\/p>\n<p>Ya\u011fman\u0131n tarihi 1915\u2019e nas\u0131l uzan\u0131yor?<\/p>\n<p>Tehcir s\u00fcrecinde Ermenilerin mallar\u0131n\u0131 korumalar\u0131n\u0131n tek yolu nas\u0131l g\u00f6mmek oldu?<\/p>\n<p>Hukuk bu s\u00fcre\u00e7te nas\u0131l bir su\u00e7 arac\u0131na d\u00f6n\u00fc\u015ft\u00fc?<\/p>\n<p>Ulus devletin yerin \u00fcst\u00fcnde olmas\u0131n\u0131 istemediklerinin mallar\u0131n\u0131 defineciler bug\u00fcn yerin alt\u0131nda nas\u0131l gasp ediyor?<\/p>\n<p>\u0130mamlar, k\u00f6yl\u00fcler su\u00e7a nas\u0131l ortak oluyor? Bug\u00fcn ba\u015fka kimlerin m\u00fclkiyet hakk\u0131, nas\u0131l ihlal ediliyor?<\/p>\n<p>Adalet Atlas\u0131&#8217;n\u0131n podcast hesaplar\u0131 \u015f\u00f6yle:\u00a0<a href=\"https:\/\/open.spotify.com\/show\/4NA7dZgAy1h8iSpjmPzBf7?si=d51d77059f7c48dc&amp;nd=1\" target=\"_blank\" rel=\"noopener noreferrer\">Spotify<\/a>,\u00a0<a href=\"https:\/\/www.youtube.com\/channel\/UCos74jtLx8a0pkYoApLuXJg\" target=\"_blank\" rel=\"noopener noreferrer\">YouTube<\/a>,\u00a0<a href=\"https:\/\/podcasts.apple.com\/tr\/podcast\/adalet-atlas%C4%B1\/id1535447073?l=tr\" target=\"_blank\" rel=\"noopener noreferrer\">Apple<\/a><\/p>\n<p>Bu haftaki b\u00f6l\u00fcm buradan da izlenebilir:<\/p>\n<div class=\"fluid-width-video-wrapper\"><iframe id=\"fitvid373469\" title=\"YouTube video player\" src=\"https:\/\/www.youtube.com\/embed\/rpSy31Ildrk\" frameborder=\"0\" allowfullscreen=\"allowfullscreen\" data-mce-fragment=\"1\"><\/iframe><\/div>\n<div class=\"cf\"><em><strong>https:\/\/www.agos.com.tr\/tr\/yazi\/26923\/adalet-atlasi-nda-bu-hafta-define-hayaliyle-kolektif-gasp\u00a0<\/strong><\/em><\/div>\n<div class=\"tagcloud\">\n<h4><em><strong>\u00a0<\/strong><\/em><\/h4>\n<\/div>\n","protected":false},"excerpt":{"rendered":"<p>Anadolu K\u00fclt\u00fcr&#8217;\u00fcn podcast serisi Adalet Atlas\u0131&#8217;nda bu hafta definecilik, ya\u011fmac\u0131l\u0131k ve m\u00fclkiyet hakk\u0131 ili\u015fkisi \u00fczerinde duruluyor, &#8220;Definecilerin zenginle\u015fme hayalleriyle temas ettikleri kimlerin g\u00f6m\u00fcleri?&#8221;, &#8220;Ya\u011fman\u0131n tarihi 1915\u2019e nas\u0131l uzan\u0131yor?&#8221; gibi sorulara yan\u0131t aran\u0131yor. Adalet Atlas\u0131\u2019n\u0131n bug\u00fcn yay\u0131nlanan \u201cDefine hayaliyle kolektif gasp\u201d ba\u015fl\u0131kl\u0131 b\u00f6l\u00fcm\u00fcnde tarih\u00e7i Mehmet Polatel, sosyolog K\u00fcbra Kurt \u00c7al\u0131\u015fkan ve hukuk\u00e7u Kas\u0131m Akba\u015f ile m\u00fclkiyet [&hellip;]<\/p>\n","protected":false},"author":7,"featured_media":67766,"comment_status":"open","ping_status":"open","sticky":false,"template":"","format":"standard","meta":{"footnotes":""},"categories":[1],"tags":[],"class_list":["post-67765","post","type-post","status-publish","format-standard","has-post-thumbnail","hentry","category-haberler"],"yoast_head":"<!-- This site is optimized with the Yoast SEO plugin v27.4 - https:\/\/yoast.com\/product\/yoast-seo-wordpress\/ -->\n<title>Adalet Atlas\u0131&#039;nda bu hafta: Define hayaliyle kolektif gasp - Bati Ermenistan Ve Bati Ermenileri Sorunlari Ara\u015ftirmalar Merkezi<\/title>\n<meta name=\"robots\" content=\"index, follow, max-snippet:-1, max-image-preview:large, max-video-preview:-1\" \/>\n<link rel=\"canonical\" href=\"https:\/\/akunq.net\/tr\/?p=67765\" \/>\n<meta property=\"og:locale\" content=\"en_US\" \/>\n<meta property=\"og:type\" content=\"article\" \/>\n<meta property=\"og:title\" content=\"Adalet Atlas\u0131&#039;nda bu hafta: Define hayaliyle kolektif gasp - Bati Ermenistan Ve Bati Ermenileri Sorunlari Ara\u015ftirmalar Merkezi\" \/>\n<meta property=\"og:description\" content=\"Anadolu K\u00fclt\u00fcr&#8217;\u00fcn podcast serisi Adalet Atlas\u0131&#8217;nda bu hafta definecilik, ya\u011fmac\u0131l\u0131k ve m\u00fclkiyet hakk\u0131 ili\u015fkisi \u00fczerinde duruluyor, &#8220;Definecilerin zenginle\u015fme hayalleriyle temas ettikleri kimlerin g\u00f6m\u00fcleri?&#8221;, &#8220;Ya\u011fman\u0131n tarihi 1915\u2019e nas\u0131l uzan\u0131yor?&#8221; gibi sorulara yan\u0131t aran\u0131yor. Adalet Atlas\u0131\u2019n\u0131n bug\u00fcn yay\u0131nlanan \u201cDefine hayaliyle kolektif gasp\u201d ba\u015fl\u0131kl\u0131 b\u00f6l\u00fcm\u00fcnde tarih\u00e7i Mehmet Polatel, sosyolog K\u00fcbra Kurt \u00c7al\u0131\u015fkan ve hukuk\u00e7u Kas\u0131m Akba\u015f ile m\u00fclkiyet [&hellip;]\" \/>\n<meta property=\"og:url\" content=\"https:\/\/akunq.net\/tr\/?p=67765\" \/>\n<meta property=\"og:site_name\" content=\"Bati Ermenistan Ve Bati Ermenileri Sorunlari Ara\u015ftirmalar Merkezi\" \/>\n<meta property=\"article:published_time\" content=\"2022-04-01T06:29:00+00:00\" \/>\n<meta property=\"og:image\" content=\"https:\/\/akunq.net\/tr\/wp-content\/uploads\/sites\/6\/2022\/04\/Adalet-Atlas\u0131nda-bu-hafta.png\" \/>\n\t<meta property=\"og:image:width\" content=\"1180\" \/>\n\t<meta property=\"og:image:height\" content=\"590\" \/>\n\t<meta property=\"og:image:type\" content=\"image\/png\" \/>\n<meta name=\"author\" content=\"admin\" \/>\n<meta name=\"twitter:card\" content=\"summary_large_image\" \/>\n<meta name=\"twitter:label1\" content=\"Written by\" \/>\n\t<meta name=\"twitter:data1\" content=\"admin\" \/>\n\t<meta name=\"twitter:label2\" content=\"Est. reading time\" \/>\n\t<meta name=\"twitter:data2\" content=\"1 minute\" \/>\n<script type=\"application\/ld+json\" class=\"yoast-schema-graph\">{\"@context\":\"https:\\\/\\\/schema.org\",\"@graph\":[{\"@type\":\"Article\",\"@id\":\"https:\\\/\\\/akunq.net\\\/tr\\\/?p=67765#article\",\"isPartOf\":{\"@id\":\"https:\\\/\\\/akunq.net\\\/tr\\\/?p=67765\"},\"author\":{\"name\":\"admin\",\"@id\":\"https:\\\/\\\/akunq.net\\\/tr\\\/#\\\/schema\\\/person\\\/096f1d38a12cce57fb855b485ed24c9e\"},\"headline\":\"Adalet Atlas\u0131&#8217;nda bu hafta: Define hayaliyle kolektif gasp\",\"datePublished\":\"2022-04-01T06:29:00+00:00\",\"mainEntityOfPage\":{\"@id\":\"https:\\\/\\\/akunq.net\\\/tr\\\/?p=67765\"},\"wordCount\":274,\"commentCount\":0,\"image\":{\"@id\":\"https:\\\/\\\/akunq.net\\\/tr\\\/?p=67765#primaryimage\"},\"thumbnailUrl\":\"https:\\\/\\\/akunq.net\\\/tr\\\/wp-content\\\/uploads\\\/sites\\\/6\\\/2022\\\/04\\\/Adalet-Atlas\u0131nda-bu-hafta.png\",\"articleSection\":[\"Haberler\"],\"inLanguage\":\"en-US\",\"potentialAction\":[{\"@type\":\"CommentAction\",\"name\":\"Comment\",\"target\":[\"https:\\\/\\\/akunq.net\\\/tr\\\/?p=67765#respond\"]}]},{\"@type\":\"WebPage\",\"@id\":\"https:\\\/\\\/akunq.net\\\/tr\\\/?p=67765\",\"url\":\"https:\\\/\\\/akunq.net\\\/tr\\\/?p=67765\",\"name\":\"Adalet Atlas\u0131'nda bu hafta: Define hayaliyle kolektif gasp - Bati Ermenistan Ve Bati Ermenileri Sorunlari Ara\u015ftirmalar Merkezi\",\"isPartOf\":{\"@id\":\"https:\\\/\\\/akunq.net\\\/tr\\\/#website\"},\"primaryImageOfPage\":{\"@id\":\"https:\\\/\\\/akunq.net\\\/tr\\\/?p=67765#primaryimage\"},\"image\":{\"@id\":\"https:\\\/\\\/akunq.net\\\/tr\\\/?p=67765#primaryimage\"},\"thumbnailUrl\":\"https:\\\/\\\/akunq.net\\\/tr\\\/wp-content\\\/uploads\\\/sites\\\/6\\\/2022\\\/04\\\/Adalet-Atlas\u0131nda-bu-hafta.png\",\"datePublished\":\"2022-04-01T06:29:00+00:00\",\"author\":{\"@id\":\"https:\\\/\\\/akunq.net\\\/tr\\\/#\\\/schema\\\/person\\\/096f1d38a12cce57fb855b485ed24c9e\"},\"breadcrumb\":{\"@id\":\"https:\\\/\\\/akunq.net\\\/tr\\\/?p=67765#breadcrumb\"},\"inLanguage\":\"en-US\",\"potentialAction\":[{\"@type\":\"ReadAction\",\"target\":[\"https:\\\/\\\/akunq.net\\\/tr\\\/?p=67765\"]}]},{\"@type\":\"ImageObject\",\"inLanguage\":\"en-US\",\"@id\":\"https:\\\/\\\/akunq.net\\\/tr\\\/?p=67765#primaryimage\",\"url\":\"https:\\\/\\\/akunq.net\\\/tr\\\/wp-content\\\/uploads\\\/sites\\\/6\\\/2022\\\/04\\\/Adalet-Atlas\u0131nda-bu-hafta.png\",\"contentUrl\":\"https:\\\/\\\/akunq.net\\\/tr\\\/wp-content\\\/uploads\\\/sites\\\/6\\\/2022\\\/04\\\/Adalet-Atlas\u0131nda-bu-hafta.png\",\"width\":1180,\"height\":590},{\"@type\":\"BreadcrumbList\",\"@id\":\"https:\\\/\\\/akunq.net\\\/tr\\\/?p=67765#breadcrumb\",\"itemListElement\":[{\"@type\":\"ListItem\",\"position\":1,\"name\":\"Home\",\"item\":\"https:\\\/\\\/akunq.net\\\/tr\"},{\"@type\":\"ListItem\",\"position\":2,\"name\":\"Adalet Atlas\u0131&#8217;nda bu hafta: Define hayaliyle kolektif gasp\"}]},{\"@type\":\"WebSite\",\"@id\":\"https:\\\/\\\/akunq.net\\\/tr\\\/#website\",\"url\":\"https:\\\/\\\/akunq.net\\\/tr\\\/\",\"name\":\"Bati Ermenistan Ve Bati Ermenileri Sorunlari Ara\u015ftirmalar Merkezi\",\"description\":\"\",\"potentialAction\":[{\"@type\":\"SearchAction\",\"target\":{\"@type\":\"EntryPoint\",\"urlTemplate\":\"https:\\\/\\\/akunq.net\\\/tr\\\/?s={search_term_string}\"},\"query-input\":{\"@type\":\"PropertyValueSpecification\",\"valueRequired\":true,\"valueName\":\"search_term_string\"}}],\"inLanguage\":\"en-US\"},{\"@type\":\"Person\",\"@id\":\"https:\\\/\\\/akunq.net\\\/tr\\\/#\\\/schema\\\/person\\\/096f1d38a12cce57fb855b485ed24c9e\",\"name\":\"admin\",\"url\":\"https:\\\/\\\/akunq.net\\\/tr\\\/?author=7\"}]}<\/script>\n<!-- \/ Yoast SEO plugin. -->","yoast_head_json":{"title":"Adalet Atlas\u0131'nda bu hafta: Define hayaliyle kolektif gasp - Bati Ermenistan Ve Bati Ermenileri Sorunlari Ara\u015ftirmalar Merkezi","robots":{"index":"index","follow":"follow","max-snippet":"max-snippet:-1","max-image-preview":"max-image-preview:large","max-video-preview":"max-video-preview:-1"},"canonical":"https:\/\/akunq.net\/tr\/?p=67765","og_locale":"en_US","og_type":"article","og_title":"Adalet Atlas\u0131'nda bu hafta: Define hayaliyle kolektif gasp - Bati Ermenistan Ve Bati Ermenileri Sorunlari Ara\u015ftirmalar Merkezi","og_description":"Anadolu K\u00fclt\u00fcr&#8217;\u00fcn podcast serisi Adalet Atlas\u0131&#8217;nda bu hafta definecilik, ya\u011fmac\u0131l\u0131k ve m\u00fclkiyet hakk\u0131 ili\u015fkisi \u00fczerinde duruluyor, &#8220;Definecilerin zenginle\u015fme hayalleriyle temas ettikleri kimlerin g\u00f6m\u00fcleri?&#8221;, &#8220;Ya\u011fman\u0131n tarihi 1915\u2019e nas\u0131l uzan\u0131yor?&#8221; gibi sorulara yan\u0131t aran\u0131yor. Adalet Atlas\u0131\u2019n\u0131n bug\u00fcn yay\u0131nlanan \u201cDefine hayaliyle kolektif gasp\u201d ba\u015fl\u0131kl\u0131 b\u00f6l\u00fcm\u00fcnde tarih\u00e7i Mehmet Polatel, sosyolog K\u00fcbra Kurt \u00c7al\u0131\u015fkan ve hukuk\u00e7u Kas\u0131m Akba\u015f ile m\u00fclkiyet [&hellip;]","og_url":"https:\/\/akunq.net\/tr\/?p=67765","og_site_name":"Bati Ermenistan Ve Bati Ermenileri Sorunlari Ara\u015ftirmalar Merkezi","article_published_time":"2022-04-01T06:29:00+00:00","og_image":[{"width":1180,"height":590,"url":"https:\/\/akunq.net\/tr\/wp-content\/uploads\/sites\/6\/2022\/04\/Adalet-Atlas\u0131nda-bu-hafta.png","type":"image\/png"}],"author":"admin","twitter_card":"summary_large_image","twitter_misc":{"Written by":"admin","Est. reading time":"1 minute"},"schema":{"@context":"https:\/\/schema.org","@graph":[{"@type":"Article","@id":"https:\/\/akunq.net\/tr\/?p=67765#article","isPartOf":{"@id":"https:\/\/akunq.net\/tr\/?p=67765"},"author":{"name":"admin","@id":"https:\/\/akunq.net\/tr\/#\/schema\/person\/096f1d38a12cce57fb855b485ed24c9e"},"headline":"Adalet Atlas\u0131&#8217;nda bu hafta: Define hayaliyle kolektif gasp","datePublished":"2022-04-01T06:29:00+00:00","mainEntityOfPage":{"@id":"https:\/\/akunq.net\/tr\/?p=67765"},"wordCount":274,"commentCount":0,"image":{"@id":"https:\/\/akunq.net\/tr\/?p=67765#primaryimage"},"thumbnailUrl":"https:\/\/akunq.net\/tr\/wp-content\/uploads\/sites\/6\/2022\/04\/Adalet-Atlas\u0131nda-bu-hafta.png","articleSection":["Haberler"],"inLanguage":"en-US","potentialAction":[{"@type":"CommentAction","name":"Comment","target":["https:\/\/akunq.net\/tr\/?p=67765#respond"]}]},{"@type":"WebPage","@id":"https:\/\/akunq.net\/tr\/?p=67765","url":"https:\/\/akunq.net\/tr\/?p=67765","name":"Adalet Atlas\u0131'nda bu hafta: Define hayaliyle kolektif gasp - Bati Ermenistan Ve Bati Ermenileri Sorunlari Ara\u015ftirmalar Merkezi","isPartOf":{"@id":"https:\/\/akunq.net\/tr\/#website"},"primaryImageOfPage":{"@id":"https:\/\/akunq.net\/tr\/?p=67765#primaryimage"},"image":{"@id":"https:\/\/akunq.net\/tr\/?p=67765#primaryimage"},"thumbnailUrl":"https:\/\/akunq.net\/tr\/wp-content\/uploads\/sites\/6\/2022\/04\/Adalet-Atlas\u0131nda-bu-hafta.png","datePublished":"2022-04-01T06:29:00+00:00","author":{"@id":"https:\/\/akunq.net\/tr\/#\/schema\/person\/096f1d38a12cce57fb855b485ed24c9e"},"breadcrumb":{"@id":"https:\/\/akunq.net\/tr\/?p=67765#breadcrumb"},"inLanguage":"en-US","potentialAction":[{"@type":"ReadAction","target":["https:\/\/akunq.net\/tr\/?p=67765"]}]},{"@type":"ImageObject","inLanguage":"en-US","@id":"https:\/\/akunq.net\/tr\/?p=67765#primaryimage","url":"https:\/\/akunq.net\/tr\/wp-content\/uploads\/sites\/6\/2022\/04\/Adalet-Atlas\u0131nda-bu-hafta.png","contentUrl":"https:\/\/akunq.net\/tr\/wp-content\/uploads\/sites\/6\/2022\/04\/Adalet-Atlas\u0131nda-bu-hafta.png","width":1180,"height":590},{"@type":"BreadcrumbList","@id":"https:\/\/akunq.net\/tr\/?p=67765#breadcrumb","itemListElement":[{"@type":"ListItem","position":1,"name":"Home","item":"https:\/\/akunq.net\/tr"},{"@type":"ListItem","position":2,"name":"Adalet Atlas\u0131&#8217;nda bu hafta: Define hayaliyle kolektif gasp"}]},{"@type":"WebSite","@id":"https:\/\/akunq.net\/tr\/#website","url":"https:\/\/akunq.net\/tr\/","name":"Bati Ermenistan Ve Bati Ermenileri Sorunlari Ara\u015ftirmalar Merkezi","description":"","potentialAction":[{"@type":"SearchAction","target":{"@type":"EntryPoint","urlTemplate":"https:\/\/akunq.net\/tr\/?s={search_term_string}"},"query-input":{"@type":"PropertyValueSpecification","valueRequired":true,"valueName":"search_term_string"}}],"inLanguage":"en-US"},{"@type":"Person","@id":"https:\/\/akunq.net\/tr\/#\/schema\/person\/096f1d38a12cce57fb855b485ed24c9e","name":"admin","url":"https:\/\/akunq.net\/tr\/?author=7"}]}},"_links":{"self":[{"href":"https:\/\/akunq.net\/tr\/index.php?rest_route=\/wp\/v2\/posts\/67765","targetHints":{"allow":["GET"]}}],"collection":[{"href":"https:\/\/akunq.net\/tr\/index.php?rest_route=\/wp\/v2\/posts"}],"about":[{"href":"https:\/\/akunq.net\/tr\/index.php?rest_route=\/wp\/v2\/types\/post"}],"author":[{"embeddable":true,"href":"https:\/\/akunq.net\/tr\/index.php?rest_route=\/wp\/v2\/users\/7"}],"replies":[{"embeddable":true,"href":"https:\/\/akunq.net\/tr\/index.php?rest_route=%2Fwp%2Fv2%2Fcomments&post=67765"}],"version-history":[{"count":1,"href":"https:\/\/akunq.net\/tr\/index.php?rest_route=\/wp\/v2\/posts\/67765\/revisions"}],"predecessor-version":[{"id":67767,"href":"https:\/\/akunq.net\/tr\/index.php?rest_route=\/wp\/v2\/posts\/67765\/revisions\/67767"}],"wp:featuredmedia":[{"embeddable":true,"href":"https:\/\/akunq.net\/tr\/index.php?rest_route=\/wp\/v2\/media\/67766"}],"wp:attachment":[{"href":"https:\/\/akunq.net\/tr\/index.php?rest_route=%2Fwp%2Fv2%2Fmedia&parent=67765"}],"wp:term":[{"taxonomy":"category","embeddable":true,"href":"https:\/\/akunq.net\/tr\/index.php?rest_route=%2Fwp%2Fv2%2Fcategories&post=67765"},{"taxonomy":"post_tag","embeddable":true,"href":"https:\/\/akunq.net\/tr\/index.php?rest_route=%2Fwp%2Fv2%2Ftags&post=67765"}],"curies":[{"name":"wp","href":"https:\/\/api.w.org\/{rel}","templated":true}]}}