{"id":67756,"date":"2022-03-31T02:58:30","date_gmt":"2022-03-31T07:58:30","guid":{"rendered":"https:\/\/akunq.net\/tr\/?p=67756"},"modified":"2022-03-31T02:58:30","modified_gmt":"2022-03-31T07:58:30","slug":"sefarad-yahudilerinin-osmanli-topraklarina-gelisinin-530-yildonumu-madridde-anildi","status":"publish","type":"post","link":"https:\/\/akunq.net\/tr\/?p=67756","title":{"rendered":"Sefarad Yahudilerinin Osmanl\u0131 topraklar\u0131na geli\u015finin 530. y\u0131ld\u00f6n\u00fcm\u00fc Madrid\u2019de an\u0131ld\u0131"},"content":{"rendered":"<p><img loading=\"lazy\" decoding=\"async\" class=\"aligncenter size-medium wp-image-67757\" src=\"https:\/\/akunq.net\/tr\/wp-content\/uploads\/2022\/03\/Sefarad-Yahudileri-360x203.jpg\" alt=\"\" width=\"360\" height=\"203\" srcset=\"https:\/\/akunq.net\/tr\/wp-content\/uploads\/sites\/6\/2022\/03\/Sefarad-Yahudileri-360x203.jpg 360w, https:\/\/akunq.net\/tr\/wp-content\/uploads\/sites\/6\/2022\/03\/Sefarad-Yahudileri-768x432.jpg 768w, https:\/\/akunq.net\/tr\/wp-content\/uploads\/sites\/6\/2022\/03\/Sefarad-Yahudileri-560x315.jpg 560w, https:\/\/akunq.net\/tr\/wp-content\/uploads\/sites\/6\/2022\/03\/Sefarad-Yahudileri-260x146.jpg 260w, https:\/\/akunq.net\/tr\/wp-content\/uploads\/sites\/6\/2022\/03\/Sefarad-Yahudileri-160x90.jpg 160w, https:\/\/akunq.net\/tr\/wp-content\/uploads\/sites\/6\/2022\/03\/Sefarad-Yahudileri.jpg 864w\" sizes=\"auto, (max-width: 360px) 100vw, 360px\" \/><\/p>\n<p><em><strong>T\u00fcrkiye\u2019nin Madrid B\u00fcy\u00fckel\u00e7isi Burak Ak\u00e7apar, \u201cSefarad Yahudilerinin Osmanl\u0131 taraf\u0131ndan kabul edilmesi bizim d\u00fcnyaya verdi\u011fimiz mesajlar\u0131m\u0131zdan sadece bir tanesi.\u201d dedi.<\/strong><\/em><\/p>\n<p><strong>\u015eenhan Bolelli<\/strong><\/p>\n<p>Orta\u00e7a\u011f sonlar\u0131nda d\u00f6nemin Katolik Krallar\u0131nca \u0130spanya ve Portekiz\u2019den s\u00fcr\u00fclen ve b\u00fcy\u00fck \u00e7o\u011funlu\u011fu Osmanl\u0131 topraklar\u0131na s\u0131\u011f\u0131nan Sefarad Yahudilerinin T\u00fcrkiye\u2019ye geli\u015finin 530. y\u0131l d\u00f6n\u00fcm\u00fc olmas\u0131 dolay\u0131s\u0131yla \u0130spanya\u2019n\u0131n ba\u015fkenti Madrid\u2019de k\u00fclt\u00fcr-sanat etkinlikleri d\u00fczenlendi.<\/p>\n<p>Hafta boyunca devam edecek etkinlikler kapsam\u0131nda, Cumhurba\u015fkanl\u0131\u011f\u0131 Devlet Ar\u015fivler Ba\u015fkanl\u0131\u011f\u0131\u2019ndan temin edilen, foto\u011fraf sanat\u00e7\u0131s\u0131 \u0130zzet Keribar\u2019\u0131n \u201cT\u00fcrkiye\u2019de Yahudiler\u201d adl\u0131 sergisi, T\u00fcrkiye\u2019den gelen Moiz Tiyatro Grubu ile Los Pasharos Sefaradis M\u00fczik Grubu\u2019nun g\u00f6sterileri ve seminer yer al\u0131yor.<\/p>\n<p>Etkinliklerin a\u00e7\u0131l\u0131\u015f\u0131 dolay\u0131s\u0131yla AA muhabirine deme\u00e7 veren T\u00fcrkiye\u2019nin Madrid B\u00fcy\u00fckel\u00e7isi Burak Ak\u00e7apar, \u201cT\u00fcrk tarihine bakt\u0131\u011f\u0131n\u0131z zaman bu milletin d\u00fcnyaya bir mesaj\u0131 var. Bug\u00fcn biz d\u0131\u015f politikam\u0131z\u0131 (geli\u015fimci insani d\u0131\u015f politika) diye tan\u0131ml\u0131yoruz. D\u00fcnyadaki en b\u00fcy\u00fck m\u00fclteci n\u00fcfusuna ev sahipli\u011fi yap\u0131yoruz. Buradaki hikaye ise 530 y\u0131l \u00f6nce ba\u015flad\u0131. O d\u00f6nemde Osmanl\u0131\u2019dan buraya gemiler geldi ve \u0130spanya\u2019da at\u0131lan Yahudileri ald\u0131 ve T\u00fcrkiye\u2019ye g\u00f6t\u00fcrd\u00fc. O g\u00fcn bug\u00fcnd\u00fcr T\u00fcrkiye\u2019de mutlu bir \u015fekilde ya\u015f\u0131yorlar toplumumuzu, \u00fclkemizi, k\u00fclt\u00fcr\u00fcm\u00fcz\u00fc zenginle\u015ftiriyorlar.\u201d dedi.<\/p>\n<p>\u201cSefarad Yahudilerinin Osmanl\u0131 taraf\u0131ndan kabul edilmesi bizim d\u00fcnyaya verdi\u011fimiz mesajlar\u0131m\u0131zdan sadece bir tanesi. Bakt\u0131\u011f\u0131n\u0131z zaman T\u00fcrk tarihi b\u00f6yle hikayelerle dolu.\u201d diyen Ak\u00e7apar, \u201cBu sene hikayenin ba\u015flad\u0131\u011f\u0131 yerde, \u0130spanya\u2019da bunu anlatmaya ba\u015flad\u0131k. Biz asl\u0131nda burada sadece 530. y\u0131l d\u00f6n\u00fcm\u00fc anm\u0131yoruz ayn\u0131 zamanda T\u00fcrk milletinin temel bir vasf\u0131 olan insanc\u0131ll\u0131\u011f\u0131 da \u00f6ne \u00e7\u0131kar\u0131yoruz.\u201d de\u011ferlendirmesinde bulundu.<\/p>\n<p><strong>\u201cBen, T\u00fcrkiye\u2019de hi\u00e7bir zaman antisemitizm ile ilgili bir \u015fey hissetmedim\u201d<\/strong><br \/>\nKendisi de Sefarad Yahudilerinden olan \u00fcnl\u00fc foto\u011fraf sanat\u00e7\u0131s\u0131 \u0130zzet Keribar ise \u201cT\u00fcrkiye\u2019de do\u011fmu\u015f, T\u00fcrklerle b\u00fcy\u00fcm\u00fc\u015f ve ya\u015fam\u0131\u015f olmaktan ne kadar mutlu oldu\u011fumu her seferinde dile getiren biriyim. Ben, T\u00fcrkiye\u2019de hi\u00e7bir zaman antisemitizm ile ilgili bir \u015fey hissetmedim. Bana kimse hissettirmedi. Bildi\u011finiz gibi 3-4 y\u0131l \u00f6nce Cumhurba\u015fkanl\u0131\u011f\u0131 b\u00fcy\u00fck \u00f6d\u00fcl\u00fc, ondan \u00f6nce de K\u00fclt\u00fcr Bakanl\u0131\u011f\u0131 b\u00fcy\u00fck \u00f6d\u00fcl\u00fc verildi. E\u011fer antisemitizm olsa bu \u00f6d\u00fcller bana verilir miydi?\u201d diye konu\u015ftu.<\/p>\n<p>Sergideki foto\u011fraflar\u0131n\u0131n 20 y\u0131ll\u0131k \u00e7al\u0131\u015fmalar oldu\u011funu anlatan Keribar, \u201cB\u00fct\u00fcn her \u015feyi m\u00fckemmel bir \u015fekilde, en ufak bir detay\u0131 ka\u00e7\u0131rmadan, benim yapabilece\u011fimin en iyisiyle, disiplinli bilgilerimle, a\u015fkla bu foto\u011fraflar\u0131 \u00e7ektim. Bu sergide mimari foto\u011fraflar\u0131m da olsa, foto\u011fraflar\u0131n i\u00e7ine insan oldu\u011fu zaman duygu \u00e7ok daha farkl\u0131 oluyor. \u0130srail Cumhurba\u015fkan\u0131n\u0131n k\u0131sa zaman \u00f6nceki T\u00fcrkiye ziyaretinde \u0130stanbul\u2019a gelince balkondan sinagog i\u00e7indeki bir foto\u011fraf\u0131 \u00e7ekmi\u015ftim. O da bu sergide.\u201d ifadelerini kulland\u0131.<\/p>\n<p>\u201cOlanlar\u0131 da en iyi \u015fekilde muhafaza etmek de bizim g\u00f6revimiz. T\u00fcrkiye birlikteli\u011fi, \u00e7e\u015fitlili\u011fi, insanlar\u0131n bar\u0131\u015f i\u00e7inde ya\u015famalar\u0131n\u0131 anlatan eserler yaratmal\u0131y\u0131z. \u0130zmir\u2019de g\u00f6rd\u00fc\u011f\u00fcm gibi restorasyona ihtiya\u00e7 olan sinagoglar\u0131 korumal\u0131y\u0131z.\u201d diyen Keribar, 70 y\u0131ld\u0131r foto\u011fraf \u00e7ekti\u011fini, \u00e7ok fazla de\u011fi\u015fikli\u011fe \u015fahit oldu\u011funu ve ge\u00e7mi\u015f de\u011ferlerin korunmas\u0131na \u00f6nem verdi\u011fini vurgulad\u0131.<\/p>\n<p><strong>\u201cBize sorduklar\u0131nda hep (Biz T\u00fcrk\u00fcz) deriz\u201d<\/strong><br \/>\nDi\u011fer yandan Osmanl\u0131 topraklar\u0131na s\u0131\u011f\u0131nan Sefarad Yahudisi bir aileden gelen Suat Aluf da \u015funlar\u0131 s\u00f6yledi:<\/p>\n<p>\u201c7-8 ku\u015fak \u0130stanbul\u2019day\u0131z. Ben do\u011fma b\u00fcy\u00fcme \u0130stanbulluyum. Babam ve dedem Tahtakale, Emin\u00f6n\u00fc esnaf\u0131. Dolay\u0131s\u0131yla biz bu topra\u011f\u0131n insan\u0131y\u0131z ve b\u00f6yle g\u00f6rd\u00fck, b\u00f6yle b\u00fcy\u00fcd\u00fck. Bize sorduklar\u0131nda hep (Biz T\u00fcrk\u00fcz) deriz. Size bunu bir an\u0131mla anlatay\u0131m. 2016 senesinin 28 Ekim\u2019i babam hastanede yo\u011fun bak\u0131mda ama kendinde. Yan\u0131na ziyarete gittik. Bana (Bug\u00fcn ay\u0131n ka\u00e7\u0131?) dedi. Ben de 28\u2019i dedim. A\u00e7t\u0131 g\u00f6zlerini ve (Yar\u0131n 29 Ekim bayra\u011f\u0131 asmay\u0131 sak\u0131n unutmay\u0131n) dedi. Onun me\u015fhur 1960 senesinde S\u00fcmerbank\u2019tan al\u0131nma bir bayra\u011f\u0131 vard\u0131. O bayrak her bayramda y\u0131kan\u0131r, \u00fct\u00fclenir ve as\u0131l\u0131r. \u00c7ok \u00f6nemliydi bizim i\u00e7in. O babas\u0131ndan biz de ondan \u00f6\u011frendik. Bundan da \u00e7ok gurur duyuyorum.\u201d<\/p>\n<p>Aluf, \u201cSirkeci\u2019de her y\u0131l ramazanda kurulan iftar sofralar\u0131na bizler de davet ediliriz. \u0130ki y\u0131l \u00f6nce 600 ki\u015filik bir iftar sofras\u0131na kat\u0131ld\u0131m. Biz de yeri geldi\u011fi zaman iftar yeme\u011fi veriyoruz. Ben kendimi o bayramlarda hep iyi hissediyorum \u00e7\u00fcnk\u00fc senin benim bayram\u0131m diye bir durum yok. Bu bayram\u0131 hepimizin bayram\u0131 gibi hissediyoruz \u00e7\u00fcnk\u00fc bu topra\u011f\u0131n insan\u0131y\u0131z. Hem Ramazan hem de di\u011fer bayramlar \u00e7ok gururlu bir \u015fey.\u201d ifadelerini kulland\u0131.<\/p>\n<hr \/>\n<p><em><strong><a href=\"https:\/\/www.aa.com.tr\/tr\/kultur-sanat\/sefarad-yahudilerinin-osmanli-topraklarina-gelisinin-530-yildonumu-madridde-anildi\/2548974\" target=\"_blank\" rel=\"noopener noreferrer\">AA<\/a>\u00a0<\/strong><\/em><\/p>\n","protected":false},"excerpt":{"rendered":"<p>T\u00fcrkiye\u2019nin Madrid B\u00fcy\u00fckel\u00e7isi Burak Ak\u00e7apar, \u201cSefarad Yahudilerinin Osmanl\u0131 taraf\u0131ndan kabul edilmesi bizim d\u00fcnyaya verdi\u011fimiz mesajlar\u0131m\u0131zdan sadece bir tanesi.\u201d dedi. \u015eenhan Bolelli Orta\u00e7a\u011f sonlar\u0131nda d\u00f6nemin Katolik Krallar\u0131nca \u0130spanya ve Portekiz\u2019den s\u00fcr\u00fclen ve b\u00fcy\u00fck \u00e7o\u011funlu\u011fu Osmanl\u0131 topraklar\u0131na s\u0131\u011f\u0131nan Sefarad Yahudilerinin T\u00fcrkiye\u2019ye geli\u015finin 530. y\u0131l d\u00f6n\u00fcm\u00fc olmas\u0131 dolay\u0131s\u0131yla \u0130spanya\u2019n\u0131n ba\u015fkenti Madrid\u2019de k\u00fclt\u00fcr-sanat etkinlikleri d\u00fczenlendi. Hafta boyunca devam edecek [&hellip;]<\/p>\n","protected":false},"author":7,"featured_media":67757,"comment_status":"open","ping_status":"open","sticky":false,"template":"","format":"standard","meta":{"footnotes":""},"categories":[1,53],"tags":[],"class_list":["post-67756","post","type-post","status-publish","format-standard","has-post-thumbnail","hentry","category-haberler","category-turkiyede-azinliklar"],"yoast_head":"<!-- This site is optimized with the Yoast SEO plugin v27.4 - https:\/\/yoast.com\/product\/yoast-seo-wordpress\/ -->\n<title>Sefarad Yahudilerinin Osmanl\u0131 topraklar\u0131na geli\u015finin 530. y\u0131ld\u00f6n\u00fcm\u00fc Madrid\u2019de an\u0131ld\u0131 - Bati Ermenistan Ve Bati Ermenileri Sorunlari Ara\u015ftirmalar Merkezi<\/title>\n<meta name=\"robots\" content=\"index, follow, max-snippet:-1, max-image-preview:large, max-video-preview:-1\" \/>\n<link rel=\"canonical\" href=\"https:\/\/akunq.net\/tr\/?p=67756\" \/>\n<meta property=\"og:locale\" content=\"en_US\" \/>\n<meta property=\"og:type\" content=\"article\" \/>\n<meta property=\"og:title\" content=\"Sefarad Yahudilerinin Osmanl\u0131 topraklar\u0131na geli\u015finin 530. y\u0131ld\u00f6n\u00fcm\u00fc Madrid\u2019de an\u0131ld\u0131 - Bati Ermenistan Ve Bati Ermenileri Sorunlari Ara\u015ftirmalar Merkezi\" \/>\n<meta property=\"og:description\" content=\"T\u00fcrkiye\u2019nin Madrid B\u00fcy\u00fckel\u00e7isi Burak Ak\u00e7apar, \u201cSefarad Yahudilerinin Osmanl\u0131 taraf\u0131ndan kabul edilmesi bizim d\u00fcnyaya verdi\u011fimiz mesajlar\u0131m\u0131zdan sadece bir tanesi.\u201d dedi. \u015eenhan Bolelli Orta\u00e7a\u011f sonlar\u0131nda d\u00f6nemin Katolik Krallar\u0131nca \u0130spanya ve Portekiz\u2019den s\u00fcr\u00fclen ve b\u00fcy\u00fck \u00e7o\u011funlu\u011fu Osmanl\u0131 topraklar\u0131na s\u0131\u011f\u0131nan Sefarad Yahudilerinin T\u00fcrkiye\u2019ye geli\u015finin 530. y\u0131l d\u00f6n\u00fcm\u00fc olmas\u0131 dolay\u0131s\u0131yla \u0130spanya\u2019n\u0131n ba\u015fkenti Madrid\u2019de k\u00fclt\u00fcr-sanat etkinlikleri d\u00fczenlendi. Hafta boyunca devam edecek [&hellip;]\" \/>\n<meta property=\"og:url\" content=\"https:\/\/akunq.net\/tr\/?p=67756\" \/>\n<meta property=\"og:site_name\" content=\"Bati Ermenistan Ve Bati Ermenileri Sorunlari Ara\u015ftirmalar Merkezi\" \/>\n<meta property=\"article:published_time\" content=\"2022-03-31T07:58:30+00:00\" \/>\n<meta property=\"og:image\" content=\"https:\/\/akunq.net\/tr\/wp-content\/uploads\/sites\/6\/2022\/03\/Sefarad-Yahudileri.jpg\" \/>\n\t<meta property=\"og:image:width\" content=\"864\" \/>\n\t<meta property=\"og:image:height\" content=\"486\" \/>\n\t<meta property=\"og:image:type\" content=\"image\/jpeg\" \/>\n<meta name=\"author\" content=\"admin\" \/>\n<meta name=\"twitter:card\" content=\"summary_large_image\" \/>\n<meta name=\"twitter:label1\" content=\"Written by\" \/>\n\t<meta name=\"twitter:data1\" content=\"admin\" \/>\n\t<meta name=\"twitter:label2\" content=\"Est. reading time\" \/>\n\t<meta name=\"twitter:data2\" content=\"4 minutes\" \/>\n<script type=\"application\/ld+json\" class=\"yoast-schema-graph\">{\"@context\":\"https:\\\/\\\/schema.org\",\"@graph\":[{\"@type\":\"Article\",\"@id\":\"https:\\\/\\\/akunq.net\\\/tr\\\/?p=67756#article\",\"isPartOf\":{\"@id\":\"https:\\\/\\\/akunq.net\\\/tr\\\/?p=67756\"},\"author\":{\"name\":\"admin\",\"@id\":\"https:\\\/\\\/akunq.net\\\/tr\\\/#\\\/schema\\\/person\\\/096f1d38a12cce57fb855b485ed24c9e\"},\"headline\":\"Sefarad Yahudilerinin Osmanl\u0131 topraklar\u0131na geli\u015finin 530. y\u0131ld\u00f6n\u00fcm\u00fc Madrid\u2019de an\u0131ld\u0131\",\"datePublished\":\"2022-03-31T07:58:30+00:00\",\"mainEntityOfPage\":{\"@id\":\"https:\\\/\\\/akunq.net\\\/tr\\\/?p=67756\"},\"wordCount\":873,\"commentCount\":0,\"image\":{\"@id\":\"https:\\\/\\\/akunq.net\\\/tr\\\/?p=67756#primaryimage\"},\"thumbnailUrl\":\"https:\\\/\\\/akunq.net\\\/tr\\\/wp-content\\\/uploads\\\/sites\\\/6\\\/2022\\\/03\\\/Sefarad-Yahudileri.jpg\",\"articleSection\":[\"Haberler\",\"T\u00fcrkiye\u2019de Az\u0131nl\u0131klar\"],\"inLanguage\":\"en-US\",\"potentialAction\":[{\"@type\":\"CommentAction\",\"name\":\"Comment\",\"target\":[\"https:\\\/\\\/akunq.net\\\/tr\\\/?p=67756#respond\"]}]},{\"@type\":\"WebPage\",\"@id\":\"https:\\\/\\\/akunq.net\\\/tr\\\/?p=67756\",\"url\":\"https:\\\/\\\/akunq.net\\\/tr\\\/?p=67756\",\"name\":\"Sefarad Yahudilerinin Osmanl\u0131 topraklar\u0131na geli\u015finin 530. y\u0131ld\u00f6n\u00fcm\u00fc Madrid\u2019de an\u0131ld\u0131 - Bati Ermenistan Ve Bati Ermenileri Sorunlari Ara\u015ftirmalar Merkezi\",\"isPartOf\":{\"@id\":\"https:\\\/\\\/akunq.net\\\/tr\\\/#website\"},\"primaryImageOfPage\":{\"@id\":\"https:\\\/\\\/akunq.net\\\/tr\\\/?p=67756#primaryimage\"},\"image\":{\"@id\":\"https:\\\/\\\/akunq.net\\\/tr\\\/?p=67756#primaryimage\"},\"thumbnailUrl\":\"https:\\\/\\\/akunq.net\\\/tr\\\/wp-content\\\/uploads\\\/sites\\\/6\\\/2022\\\/03\\\/Sefarad-Yahudileri.jpg\",\"datePublished\":\"2022-03-31T07:58:30+00:00\",\"author\":{\"@id\":\"https:\\\/\\\/akunq.net\\\/tr\\\/#\\\/schema\\\/person\\\/096f1d38a12cce57fb855b485ed24c9e\"},\"breadcrumb\":{\"@id\":\"https:\\\/\\\/akunq.net\\\/tr\\\/?p=67756#breadcrumb\"},\"inLanguage\":\"en-US\",\"potentialAction\":[{\"@type\":\"ReadAction\",\"target\":[\"https:\\\/\\\/akunq.net\\\/tr\\\/?p=67756\"]}]},{\"@type\":\"ImageObject\",\"inLanguage\":\"en-US\",\"@id\":\"https:\\\/\\\/akunq.net\\\/tr\\\/?p=67756#primaryimage\",\"url\":\"https:\\\/\\\/akunq.net\\\/tr\\\/wp-content\\\/uploads\\\/sites\\\/6\\\/2022\\\/03\\\/Sefarad-Yahudileri.jpg\",\"contentUrl\":\"https:\\\/\\\/akunq.net\\\/tr\\\/wp-content\\\/uploads\\\/sites\\\/6\\\/2022\\\/03\\\/Sefarad-Yahudileri.jpg\",\"width\":864,\"height\":486},{\"@type\":\"BreadcrumbList\",\"@id\":\"https:\\\/\\\/akunq.net\\\/tr\\\/?p=67756#breadcrumb\",\"itemListElement\":[{\"@type\":\"ListItem\",\"position\":1,\"name\":\"Home\",\"item\":\"https:\\\/\\\/akunq.net\\\/tr\"},{\"@type\":\"ListItem\",\"position\":2,\"name\":\"Sefarad Yahudilerinin Osmanl\u0131 topraklar\u0131na geli\u015finin 530. y\u0131ld\u00f6n\u00fcm\u00fc Madrid\u2019de an\u0131ld\u0131\"}]},{\"@type\":\"WebSite\",\"@id\":\"https:\\\/\\\/akunq.net\\\/tr\\\/#website\",\"url\":\"https:\\\/\\\/akunq.net\\\/tr\\\/\",\"name\":\"Bati Ermenistan Ve Bati Ermenileri Sorunlari Ara\u015ftirmalar Merkezi\",\"description\":\"\",\"potentialAction\":[{\"@type\":\"SearchAction\",\"target\":{\"@type\":\"EntryPoint\",\"urlTemplate\":\"https:\\\/\\\/akunq.net\\\/tr\\\/?s={search_term_string}\"},\"query-input\":{\"@type\":\"PropertyValueSpecification\",\"valueRequired\":true,\"valueName\":\"search_term_string\"}}],\"inLanguage\":\"en-US\"},{\"@type\":\"Person\",\"@id\":\"https:\\\/\\\/akunq.net\\\/tr\\\/#\\\/schema\\\/person\\\/096f1d38a12cce57fb855b485ed24c9e\",\"name\":\"admin\",\"url\":\"https:\\\/\\\/akunq.net\\\/tr\\\/?author=7\"}]}<\/script>\n<!-- \/ Yoast SEO plugin. -->","yoast_head_json":{"title":"Sefarad Yahudilerinin Osmanl\u0131 topraklar\u0131na geli\u015finin 530. y\u0131ld\u00f6n\u00fcm\u00fc Madrid\u2019de an\u0131ld\u0131 - Bati Ermenistan Ve Bati Ermenileri Sorunlari Ara\u015ftirmalar Merkezi","robots":{"index":"index","follow":"follow","max-snippet":"max-snippet:-1","max-image-preview":"max-image-preview:large","max-video-preview":"max-video-preview:-1"},"canonical":"https:\/\/akunq.net\/tr\/?p=67756","og_locale":"en_US","og_type":"article","og_title":"Sefarad Yahudilerinin Osmanl\u0131 topraklar\u0131na geli\u015finin 530. y\u0131ld\u00f6n\u00fcm\u00fc Madrid\u2019de an\u0131ld\u0131 - Bati Ermenistan Ve Bati Ermenileri Sorunlari Ara\u015ftirmalar Merkezi","og_description":"T\u00fcrkiye\u2019nin Madrid B\u00fcy\u00fckel\u00e7isi Burak Ak\u00e7apar, \u201cSefarad Yahudilerinin Osmanl\u0131 taraf\u0131ndan kabul edilmesi bizim d\u00fcnyaya verdi\u011fimiz mesajlar\u0131m\u0131zdan sadece bir tanesi.\u201d dedi. \u015eenhan Bolelli Orta\u00e7a\u011f sonlar\u0131nda d\u00f6nemin Katolik Krallar\u0131nca \u0130spanya ve Portekiz\u2019den s\u00fcr\u00fclen ve b\u00fcy\u00fck \u00e7o\u011funlu\u011fu Osmanl\u0131 topraklar\u0131na s\u0131\u011f\u0131nan Sefarad Yahudilerinin T\u00fcrkiye\u2019ye geli\u015finin 530. y\u0131l d\u00f6n\u00fcm\u00fc olmas\u0131 dolay\u0131s\u0131yla \u0130spanya\u2019n\u0131n ba\u015fkenti Madrid\u2019de k\u00fclt\u00fcr-sanat etkinlikleri d\u00fczenlendi. Hafta boyunca devam edecek [&hellip;]","og_url":"https:\/\/akunq.net\/tr\/?p=67756","og_site_name":"Bati Ermenistan Ve Bati Ermenileri Sorunlari Ara\u015ftirmalar Merkezi","article_published_time":"2022-03-31T07:58:30+00:00","og_image":[{"width":864,"height":486,"url":"https:\/\/akunq.net\/tr\/wp-content\/uploads\/sites\/6\/2022\/03\/Sefarad-Yahudileri.jpg","type":"image\/jpeg"}],"author":"admin","twitter_card":"summary_large_image","twitter_misc":{"Written by":"admin","Est. reading time":"4 minutes"},"schema":{"@context":"https:\/\/schema.org","@graph":[{"@type":"Article","@id":"https:\/\/akunq.net\/tr\/?p=67756#article","isPartOf":{"@id":"https:\/\/akunq.net\/tr\/?p=67756"},"author":{"name":"admin","@id":"https:\/\/akunq.net\/tr\/#\/schema\/person\/096f1d38a12cce57fb855b485ed24c9e"},"headline":"Sefarad Yahudilerinin Osmanl\u0131 topraklar\u0131na geli\u015finin 530. y\u0131ld\u00f6n\u00fcm\u00fc Madrid\u2019de an\u0131ld\u0131","datePublished":"2022-03-31T07:58:30+00:00","mainEntityOfPage":{"@id":"https:\/\/akunq.net\/tr\/?p=67756"},"wordCount":873,"commentCount":0,"image":{"@id":"https:\/\/akunq.net\/tr\/?p=67756#primaryimage"},"thumbnailUrl":"https:\/\/akunq.net\/tr\/wp-content\/uploads\/sites\/6\/2022\/03\/Sefarad-Yahudileri.jpg","articleSection":["Haberler","T\u00fcrkiye\u2019de Az\u0131nl\u0131klar"],"inLanguage":"en-US","potentialAction":[{"@type":"CommentAction","name":"Comment","target":["https:\/\/akunq.net\/tr\/?p=67756#respond"]}]},{"@type":"WebPage","@id":"https:\/\/akunq.net\/tr\/?p=67756","url":"https:\/\/akunq.net\/tr\/?p=67756","name":"Sefarad Yahudilerinin Osmanl\u0131 topraklar\u0131na geli\u015finin 530. y\u0131ld\u00f6n\u00fcm\u00fc Madrid\u2019de an\u0131ld\u0131 - Bati Ermenistan Ve Bati Ermenileri Sorunlari Ara\u015ftirmalar Merkezi","isPartOf":{"@id":"https:\/\/akunq.net\/tr\/#website"},"primaryImageOfPage":{"@id":"https:\/\/akunq.net\/tr\/?p=67756#primaryimage"},"image":{"@id":"https:\/\/akunq.net\/tr\/?p=67756#primaryimage"},"thumbnailUrl":"https:\/\/akunq.net\/tr\/wp-content\/uploads\/sites\/6\/2022\/03\/Sefarad-Yahudileri.jpg","datePublished":"2022-03-31T07:58:30+00:00","author":{"@id":"https:\/\/akunq.net\/tr\/#\/schema\/person\/096f1d38a12cce57fb855b485ed24c9e"},"breadcrumb":{"@id":"https:\/\/akunq.net\/tr\/?p=67756#breadcrumb"},"inLanguage":"en-US","potentialAction":[{"@type":"ReadAction","target":["https:\/\/akunq.net\/tr\/?p=67756"]}]},{"@type":"ImageObject","inLanguage":"en-US","@id":"https:\/\/akunq.net\/tr\/?p=67756#primaryimage","url":"https:\/\/akunq.net\/tr\/wp-content\/uploads\/sites\/6\/2022\/03\/Sefarad-Yahudileri.jpg","contentUrl":"https:\/\/akunq.net\/tr\/wp-content\/uploads\/sites\/6\/2022\/03\/Sefarad-Yahudileri.jpg","width":864,"height":486},{"@type":"BreadcrumbList","@id":"https:\/\/akunq.net\/tr\/?p=67756#breadcrumb","itemListElement":[{"@type":"ListItem","position":1,"name":"Home","item":"https:\/\/akunq.net\/tr"},{"@type":"ListItem","position":2,"name":"Sefarad Yahudilerinin Osmanl\u0131 topraklar\u0131na geli\u015finin 530. y\u0131ld\u00f6n\u00fcm\u00fc Madrid\u2019de an\u0131ld\u0131"}]},{"@type":"WebSite","@id":"https:\/\/akunq.net\/tr\/#website","url":"https:\/\/akunq.net\/tr\/","name":"Bati Ermenistan Ve Bati Ermenileri Sorunlari Ara\u015ftirmalar Merkezi","description":"","potentialAction":[{"@type":"SearchAction","target":{"@type":"EntryPoint","urlTemplate":"https:\/\/akunq.net\/tr\/?s={search_term_string}"},"query-input":{"@type":"PropertyValueSpecification","valueRequired":true,"valueName":"search_term_string"}}],"inLanguage":"en-US"},{"@type":"Person","@id":"https:\/\/akunq.net\/tr\/#\/schema\/person\/096f1d38a12cce57fb855b485ed24c9e","name":"admin","url":"https:\/\/akunq.net\/tr\/?author=7"}]}},"_links":{"self":[{"href":"https:\/\/akunq.net\/tr\/index.php?rest_route=\/wp\/v2\/posts\/67756","targetHints":{"allow":["GET"]}}],"collection":[{"href":"https:\/\/akunq.net\/tr\/index.php?rest_route=\/wp\/v2\/posts"}],"about":[{"href":"https:\/\/akunq.net\/tr\/index.php?rest_route=\/wp\/v2\/types\/post"}],"author":[{"embeddable":true,"href":"https:\/\/akunq.net\/tr\/index.php?rest_route=\/wp\/v2\/users\/7"}],"replies":[{"embeddable":true,"href":"https:\/\/akunq.net\/tr\/index.php?rest_route=%2Fwp%2Fv2%2Fcomments&post=67756"}],"version-history":[{"count":1,"href":"https:\/\/akunq.net\/tr\/index.php?rest_route=\/wp\/v2\/posts\/67756\/revisions"}],"predecessor-version":[{"id":67758,"href":"https:\/\/akunq.net\/tr\/index.php?rest_route=\/wp\/v2\/posts\/67756\/revisions\/67758"}],"wp:featuredmedia":[{"embeddable":true,"href":"https:\/\/akunq.net\/tr\/index.php?rest_route=\/wp\/v2\/media\/67757"}],"wp:attachment":[{"href":"https:\/\/akunq.net\/tr\/index.php?rest_route=%2Fwp%2Fv2%2Fmedia&parent=67756"}],"wp:term":[{"taxonomy":"category","embeddable":true,"href":"https:\/\/akunq.net\/tr\/index.php?rest_route=%2Fwp%2Fv2%2Fcategories&post=67756"},{"taxonomy":"post_tag","embeddable":true,"href":"https:\/\/akunq.net\/tr\/index.php?rest_route=%2Fwp%2Fv2%2Ftags&post=67756"}],"curies":[{"name":"wp","href":"https:\/\/api.w.org\/{rel}","templated":true}]}}