{"id":67750,"date":"2022-03-31T02:42:17","date_gmt":"2022-03-31T07:42:17","guid":{"rendered":"https:\/\/akunq.net\/tr\/?p=67750"},"modified":"2022-03-31T02:42:17","modified_gmt":"2022-03-31T07:42:17","slug":"antalyanin-simgesi-icin-calisma-saat-kulesi-ozune-donuyor","status":"publish","type":"post","link":"https:\/\/akunq.net\/tr\/?p=67750","title":{"rendered":"Antalya\u2019n\u0131n simgesi i\u00e7in \u00e7al\u0131\u015fma! Saat Kulesi \u00f6z\u00fcne d\u00f6n\u00fcyor"},"content":{"rendered":"<p><img loading=\"lazy\" decoding=\"async\" class=\"aligncenter size-medium wp-image-67751\" src=\"https:\/\/akunq.net\/tr\/wp-content\/uploads\/2022\/03\/Antalya-Saat-Kulesi-360x240.jpg\" alt=\"\" width=\"360\" height=\"240\" srcset=\"https:\/\/akunq.net\/tr\/wp-content\/uploads\/sites\/6\/2022\/03\/Antalya-Saat-Kulesi-360x240.jpg 360w, https:\/\/akunq.net\/tr\/wp-content\/uploads\/sites\/6\/2022\/03\/Antalya-Saat-Kulesi-768x512.jpg 768w, https:\/\/akunq.net\/tr\/wp-content\/uploads\/sites\/6\/2022\/03\/Antalya-Saat-Kulesi-560x373.jpg 560w, https:\/\/akunq.net\/tr\/wp-content\/uploads\/sites\/6\/2022\/03\/Antalya-Saat-Kulesi-260x173.jpg 260w, https:\/\/akunq.net\/tr\/wp-content\/uploads\/sites\/6\/2022\/03\/Antalya-Saat-Kulesi-160x107.jpg 160w, https:\/\/akunq.net\/tr\/wp-content\/uploads\/sites\/6\/2022\/03\/Antalya-Saat-Kulesi.jpg 1080w\" sizes=\"auto, (max-width: 360px) 100vw, 360px\" \/><\/p>\n<p><em><strong>Antalya\u2019n\u0131n en \u00f6nemli sembollerinden, Bizans d\u00f6nemine ait bur\u00e7lar \u00fczerine 1900\u2019l\u00fc y\u0131llar\u0131n ba\u015f\u0131nda in\u015fa edilen Saat Kulesi\u2019nde restorasyon \u00e7al\u0131\u015fmas\u0131 ba\u015flad\u0131. Etraf\u0131na iskele kurulan kulenin \u00e7evresi de \u00f6rt\u00fcyle kapat\u0131ld\u0131. Restorasyon kapsam\u0131nda kulenin tepe k\u0131sm\u0131na sonradan yap\u0131lan dendanlar (bur\u00e7lardaki \u00e7\u0131k\u0131nt\u0131) kald\u0131r\u0131larak, yerine 1940\u2019l\u0131 y\u0131llarda y\u0131k\u0131ld\u0131\u011f\u0131 d\u00fc\u015f\u00fcn\u00fclen kubbe yap\u0131lacak.<\/strong><\/em><\/p>\n<p><strong>Mehmet \u00c7INAR\/ANTALYA, (DHA)<\/strong><br \/>\nAntalya\u2019da tarihi Kalei\u00e7i\u2019nin ana giri\u015f kap\u0131s\u0131 olarak bilinen Kale Kap\u0131s\u0131\u2019nda, 2\u2019nci y\u00fczy\u0131lda Bizans d\u00f6neminde yap\u0131lan be\u015fgen planl\u0131 bur\u00e7 \u00fczerine 1900\u2019l\u00fc y\u0131llar\u0131n ba\u015f\u0131nda in\u015fa edilen Saat Kulesi\u2019nin restorasyonu i\u00e7in proje haz\u0131rland\u0131. Onlarca y\u0131ld\u0131r dokunulmayan ve i\u00e7i harabeye d\u00f6nen Saat Kulesi\u2019nin restorasyon projesi, Antalya K\u00fclt\u00fcr ve Tabiat Varl\u0131klar\u0131 Koruma Kurulu\u2019nca onayland\u0131ktan sonra ihaleye \u00e7\u0131k\u0131ld\u0131. \u0130haleyi kazanan \u015firketin \u00fcstlendi\u011fi restorasyonda, s\u00fcre 300 g\u00fcn olarak belirlendi. \u015eubat ay\u0131 ortalar\u0131nda ba\u015flayan restorasyonun, 10 Aral\u0131k\u2019ta bitirilmesi gerekiyor. Restorasyon s\u00f6zle\u015fme bedeli ise 1 milyon 229 bin 546 TL. M\u00fclkiyeti Vak\u0131flar B\u00f6lge M\u00fcd\u00fcrl\u00fc\u011f\u00fc\u2019ne ait tarihi Saat Kulesi\u2019ndeki restorasyon projesi, Antalya Valili\u011fi Yat\u0131r\u0131m \u0130zleme ve Koordinasyon Ba\u015fkanl\u0131\u011f\u0131 (Y\u0130KOB) taraf\u0131ndan y\u00fcr\u00fct\u00fcl\u00fcyor.<\/p>\n<p><strong>\u0130\u00c7 KISMI HARABEY\u0130 ANDIRIYOR<\/strong><\/p>\n<p>Kentte y\u0131llarca yerli ve yabanc\u0131 turistlerin u\u011frak noktalar\u0131ndan biri olan ve herkesin d\u0131\u015fardan g\u00f6rebildi\u011fi kulenin i\u00e7i ve \u00fcst k\u0131s\u0131mlar\u0131, 2020 y\u0131l\u0131nda ilk defa DHA taraf\u0131ndan g\u00f6r\u00fcnt\u00fclendi. Kulenin 20 metreyi bulan en y\u00fcksek noktas\u0131nda d\u00f6rt tarafa bakan tarihi saatleri, eskiden kullan\u0131ld\u0131\u011f\u0131 d\u00fc\u015f\u00fcn\u00fclen ve saat ba\u015f\u0131 ses \u00e7\u0131kartan \u00e7an benzeri d\u00fczene\u011fi ve en \u00fcst kat\u0131ndaki sivil savunma sinyali ama\u00e7l\u0131 uyar\u0131 arac\u0131 bulunuyor. Tarihi yap\u0131n\u0131n 8 metreye kadar olan k\u0131sm\u0131n\u0131n beton d\u00f6k\u00fclerek toprak alt\u0131nda b\u0131rak\u0131ld\u0131\u011f\u0131, \u00fcst k\u0131s\u0131mlar\u0131n\u0131n ise bak\u0131ms\u0131zl\u0131ktan harabeyi and\u0131rd\u0131\u011f\u0131 g\u00f6r\u00fcld\u00fc.<\/p>\n<p><strong>SEY\u0130R TERASI VE BALKONLAR<\/strong><\/p>\n<p>Kulenin 8 metreye kadar olan k\u0131sm\u0131na, d\u0131\u015f duvar\u0131ndaki dik merdivenden t\u0131rman\u0131l\u0131yor. 8 metreden sonra ise demir bir kap\u0131dan i\u00e7eri girilerek, kule i\u00e7indeki demir merdivenlerden d\u00f6rt ayr\u0131 kata \u00e7\u0131k\u0131labiliyor. \u0130lk katta kulenin etraf\u0131n\u0131 saran balkonlar\u0131, ikinci katta saat d\u00fczenekleri, \u00fc\u00e7\u00fcnc\u00fc kat\u0131nda ise pencereler bulunuyor. \u00dcst katta ise sonradan eklenen imitasyon dendanlar\u0131n \u00e7evreledi\u011fi seyir teras\u0131 bulunuyor, \u00fczerinde de T\u00fcrk bayra\u011f\u0131 dalgalan\u0131yor.<\/p>\n<p><strong>ROMA\u2019DAN CUMHUR\u0130YET D\u00d6NEM\u0130NE<\/strong><\/p>\n<p>Y\u00fcksekli\u011fi 20,3 metre olan Saat Kulesi, Antalya\u2019n\u0131n sil\u00fcetini olu\u015fturan Yivli Minare ve Tekeli Mehmet Pa\u015fa Camii ile yak\u0131n mesafede yer al\u0131yor. Kulenin alt k\u0131sm\u0131 be\u015fgen formu kale bur\u00e7lar\u0131ndan olu\u015fuyor. Saat Kulesi k\u0131sm\u0131n\u0131n 19\u2019uncu y\u00fczy\u0131l\u0131n sonlar\u0131 veya 20\u2019nci y\u00fczy\u0131l\u0131n ba\u015flar\u0131nda in\u015fa edildi\u011fi d\u00fc\u015f\u00fcn\u00fcl\u00fcyor. Roma, Bizans, Sel\u00e7uklu, Osmanl\u0131 ve Cumhuriyet d\u00f6neminin izlerini ta\u015f\u0131yan bir yap\u0131 olan kulenin tepesinde, 1940\u2019l\u0131 y\u0131llarda y\u0131k\u0131ld\u0131\u011f\u0131 d\u00fc\u015f\u00fcn\u00fclen ve eski foto\u011fraflarda da g\u00f6r\u00fclen bir kubbe bulunuyor.<\/p>\n<p><strong>BETONLA KAPATILAN ALT KISMI A\u00c7ILACAK<\/strong><\/p>\n<p>Baz\u0131 kaynaklara g\u00f6re r\u00fczgar, baz\u0131lar\u0131na g\u00f6re de y\u0131k\u0131larak yerine imitasyon ta\u015ftan dendanlar yap\u0131ld\u0131\u011f\u0131 d\u00fc\u015f\u00fcn\u00fclen kubbe, restorasyon \u00e7al\u0131\u015fmas\u0131yla yeniden kulenin tepesine in\u015fa edilecek. Ayr\u0131ca, kulenin i\u00e7 k\u0131sm\u0131nda betonla kapat\u0131lan yer a\u00e7\u0131\u011fa \u00e7\u0131kar\u0131lacak \u015fekilde, 6-8 metreye kadar betonla kapat\u0131lan ve toprak alt\u0131nda kalan k\u0131sm\u0131 ile etraf\u0131nda kaz\u0131 \u00e7al\u0131\u015fmas\u0131 yap\u0131lacak. Altta kalan b\u00f6l\u00fcmden merdiven \u00e7\u0131kmas\u0131 bekleniyor.<\/p>\n<p><strong>DUVARINA YAPI\u015eIK \u0130\u015e YERLER\u0130 KALDIRILACAK<\/strong><\/p>\n<p>Kulenin, restorasyon \u00e7al\u0131\u015fmalar\u0131ndan sonra halk\u0131n ziyaretine a\u00e7\u0131lmas\u0131 da planlan\u0131yor. Kulenin pencerelerinden Yivli Minare, Tekeli Mehmet Pa\u015fa Camii, Yat Liman\u0131, Kalei\u00e7i ve deniz manzaras\u0131 g\u00f6r\u00fclebiliyor. Restorasyonla birlikte, kule duvar\u0131na biti\u015fik taksi dura\u011f\u0131 ve ayakkab\u0131 boyac\u0131s\u0131n\u0131n da kald\u0131r\u0131laca\u011f\u0131 a\u00e7\u0131kland\u0131.<\/p>\n<hr \/>\n<p><em><strong><a href=\"https:\/\/www.milliyet.com.tr\/gundem\/antalyanin-simgesi-icin-calisma-saat-kulesi-ozune-donuyor-6728134\" target=\"_blank\" rel=\"noopener noreferrer\">Milliyet Gazetesi<\/a><\/strong><\/em><\/p>\n","protected":false},"excerpt":{"rendered":"<p>Antalya\u2019n\u0131n en \u00f6nemli sembollerinden, Bizans d\u00f6nemine ait bur\u00e7lar \u00fczerine 1900\u2019l\u00fc y\u0131llar\u0131n ba\u015f\u0131nda in\u015fa edilen Saat Kulesi\u2019nde restorasyon \u00e7al\u0131\u015fmas\u0131 ba\u015flad\u0131. Etraf\u0131na iskele kurulan kulenin \u00e7evresi de \u00f6rt\u00fcyle kapat\u0131ld\u0131. Restorasyon kapsam\u0131nda kulenin tepe k\u0131sm\u0131na sonradan yap\u0131lan dendanlar (bur\u00e7lardaki \u00e7\u0131k\u0131nt\u0131) kald\u0131r\u0131larak, yerine 1940\u2019l\u0131 y\u0131llarda y\u0131k\u0131ld\u0131\u011f\u0131 d\u00fc\u015f\u00fcn\u00fclen kubbe yap\u0131lacak. Mehmet \u00c7INAR\/ANTALYA, (DHA) Antalya\u2019da tarihi Kalei\u00e7i\u2019nin ana giri\u015f kap\u0131s\u0131 olarak [&hellip;]<\/p>\n","protected":false},"author":7,"featured_media":67751,"comment_status":"open","ping_status":"open","sticky":false,"template":"","format":"standard","meta":{"footnotes":""},"categories":[1],"tags":[],"class_list":["post-67750","post","type-post","status-publish","format-standard","has-post-thumbnail","hentry","category-haberler"],"yoast_head":"<!-- This site is optimized with the Yoast SEO plugin v27.4 - https:\/\/yoast.com\/product\/yoast-seo-wordpress\/ -->\n<title>Antalya\u2019n\u0131n simgesi i\u00e7in \u00e7al\u0131\u015fma! Saat Kulesi \u00f6z\u00fcne d\u00f6n\u00fcyor - Bati Ermenistan Ve Bati Ermenileri Sorunlari Ara\u015ftirmalar Merkezi<\/title>\n<meta name=\"robots\" content=\"index, follow, max-snippet:-1, max-image-preview:large, max-video-preview:-1\" \/>\n<link rel=\"canonical\" href=\"https:\/\/akunq.net\/tr\/?p=67750\" \/>\n<meta property=\"og:locale\" content=\"en_US\" \/>\n<meta property=\"og:type\" content=\"article\" \/>\n<meta property=\"og:title\" content=\"Antalya\u2019n\u0131n simgesi i\u00e7in \u00e7al\u0131\u015fma! Saat Kulesi \u00f6z\u00fcne d\u00f6n\u00fcyor - Bati Ermenistan Ve Bati Ermenileri Sorunlari Ara\u015ftirmalar Merkezi\" \/>\n<meta property=\"og:description\" content=\"Antalya\u2019n\u0131n en \u00f6nemli sembollerinden, Bizans d\u00f6nemine ait bur\u00e7lar \u00fczerine 1900\u2019l\u00fc y\u0131llar\u0131n ba\u015f\u0131nda in\u015fa edilen Saat Kulesi\u2019nde restorasyon \u00e7al\u0131\u015fmas\u0131 ba\u015flad\u0131. Etraf\u0131na iskele kurulan kulenin \u00e7evresi de \u00f6rt\u00fcyle kapat\u0131ld\u0131. Restorasyon kapsam\u0131nda kulenin tepe k\u0131sm\u0131na sonradan yap\u0131lan dendanlar (bur\u00e7lardaki \u00e7\u0131k\u0131nt\u0131) kald\u0131r\u0131larak, yerine 1940\u2019l\u0131 y\u0131llarda y\u0131k\u0131ld\u0131\u011f\u0131 d\u00fc\u015f\u00fcn\u00fclen kubbe yap\u0131lacak. Mehmet \u00c7INAR\/ANTALYA, (DHA) Antalya\u2019da tarihi Kalei\u00e7i\u2019nin ana giri\u015f kap\u0131s\u0131 olarak [&hellip;]\" \/>\n<meta property=\"og:url\" content=\"https:\/\/akunq.net\/tr\/?p=67750\" \/>\n<meta property=\"og:site_name\" content=\"Bati Ermenistan Ve Bati Ermenileri Sorunlari Ara\u015ftirmalar Merkezi\" \/>\n<meta property=\"article:published_time\" content=\"2022-03-31T07:42:17+00:00\" \/>\n<meta property=\"og:image\" content=\"https:\/\/akunq.net\/tr\/wp-content\/uploads\/sites\/6\/2022\/03\/Antalya-Saat-Kulesi.jpg\" \/>\n\t<meta property=\"og:image:width\" content=\"1080\" \/>\n\t<meta property=\"og:image:height\" content=\"720\" \/>\n\t<meta property=\"og:image:type\" content=\"image\/jpeg\" \/>\n<meta name=\"author\" content=\"admin\" \/>\n<meta name=\"twitter:card\" content=\"summary_large_image\" \/>\n<meta name=\"twitter:label1\" content=\"Written by\" \/>\n\t<meta name=\"twitter:data1\" content=\"admin\" \/>\n\t<meta name=\"twitter:label2\" content=\"Est. reading time\" \/>\n\t<meta name=\"twitter:data2\" content=\"3 minutes\" \/>\n<script type=\"application\/ld+json\" class=\"yoast-schema-graph\">{\"@context\":\"https:\\\/\\\/schema.org\",\"@graph\":[{\"@type\":\"Article\",\"@id\":\"https:\\\/\\\/akunq.net\\\/tr\\\/?p=67750#article\",\"isPartOf\":{\"@id\":\"https:\\\/\\\/akunq.net\\\/tr\\\/?p=67750\"},\"author\":{\"name\":\"admin\",\"@id\":\"https:\\\/\\\/akunq.net\\\/tr\\\/#\\\/schema\\\/person\\\/096f1d38a12cce57fb855b485ed24c9e\"},\"headline\":\"Antalya\u2019n\u0131n simgesi i\u00e7in \u00e7al\u0131\u015fma! Saat Kulesi \u00f6z\u00fcne d\u00f6n\u00fcyor\",\"datePublished\":\"2022-03-31T07:42:17+00:00\",\"mainEntityOfPage\":{\"@id\":\"https:\\\/\\\/akunq.net\\\/tr\\\/?p=67750\"},\"wordCount\":710,\"commentCount\":0,\"image\":{\"@id\":\"https:\\\/\\\/akunq.net\\\/tr\\\/?p=67750#primaryimage\"},\"thumbnailUrl\":\"https:\\\/\\\/akunq.net\\\/tr\\\/wp-content\\\/uploads\\\/sites\\\/6\\\/2022\\\/03\\\/Antalya-Saat-Kulesi.jpg\",\"articleSection\":[\"Haberler\"],\"inLanguage\":\"en-US\",\"potentialAction\":[{\"@type\":\"CommentAction\",\"name\":\"Comment\",\"target\":[\"https:\\\/\\\/akunq.net\\\/tr\\\/?p=67750#respond\"]}]},{\"@type\":\"WebPage\",\"@id\":\"https:\\\/\\\/akunq.net\\\/tr\\\/?p=67750\",\"url\":\"https:\\\/\\\/akunq.net\\\/tr\\\/?p=67750\",\"name\":\"Antalya\u2019n\u0131n simgesi i\u00e7in \u00e7al\u0131\u015fma! Saat Kulesi \u00f6z\u00fcne d\u00f6n\u00fcyor - Bati Ermenistan Ve Bati Ermenileri Sorunlari Ara\u015ftirmalar Merkezi\",\"isPartOf\":{\"@id\":\"https:\\\/\\\/akunq.net\\\/tr\\\/#website\"},\"primaryImageOfPage\":{\"@id\":\"https:\\\/\\\/akunq.net\\\/tr\\\/?p=67750#primaryimage\"},\"image\":{\"@id\":\"https:\\\/\\\/akunq.net\\\/tr\\\/?p=67750#primaryimage\"},\"thumbnailUrl\":\"https:\\\/\\\/akunq.net\\\/tr\\\/wp-content\\\/uploads\\\/sites\\\/6\\\/2022\\\/03\\\/Antalya-Saat-Kulesi.jpg\",\"datePublished\":\"2022-03-31T07:42:17+00:00\",\"author\":{\"@id\":\"https:\\\/\\\/akunq.net\\\/tr\\\/#\\\/schema\\\/person\\\/096f1d38a12cce57fb855b485ed24c9e\"},\"breadcrumb\":{\"@id\":\"https:\\\/\\\/akunq.net\\\/tr\\\/?p=67750#breadcrumb\"},\"inLanguage\":\"en-US\",\"potentialAction\":[{\"@type\":\"ReadAction\",\"target\":[\"https:\\\/\\\/akunq.net\\\/tr\\\/?p=67750\"]}]},{\"@type\":\"ImageObject\",\"inLanguage\":\"en-US\",\"@id\":\"https:\\\/\\\/akunq.net\\\/tr\\\/?p=67750#primaryimage\",\"url\":\"https:\\\/\\\/akunq.net\\\/tr\\\/wp-content\\\/uploads\\\/sites\\\/6\\\/2022\\\/03\\\/Antalya-Saat-Kulesi.jpg\",\"contentUrl\":\"https:\\\/\\\/akunq.net\\\/tr\\\/wp-content\\\/uploads\\\/sites\\\/6\\\/2022\\\/03\\\/Antalya-Saat-Kulesi.jpg\",\"width\":1080,\"height\":720},{\"@type\":\"BreadcrumbList\",\"@id\":\"https:\\\/\\\/akunq.net\\\/tr\\\/?p=67750#breadcrumb\",\"itemListElement\":[{\"@type\":\"ListItem\",\"position\":1,\"name\":\"Home\",\"item\":\"https:\\\/\\\/akunq.net\\\/tr\"},{\"@type\":\"ListItem\",\"position\":2,\"name\":\"Antalya\u2019n\u0131n simgesi i\u00e7in \u00e7al\u0131\u015fma! Saat Kulesi \u00f6z\u00fcne d\u00f6n\u00fcyor\"}]},{\"@type\":\"WebSite\",\"@id\":\"https:\\\/\\\/akunq.net\\\/tr\\\/#website\",\"url\":\"https:\\\/\\\/akunq.net\\\/tr\\\/\",\"name\":\"Bati Ermenistan Ve Bati Ermenileri Sorunlari Ara\u015ftirmalar Merkezi\",\"description\":\"\",\"potentialAction\":[{\"@type\":\"SearchAction\",\"target\":{\"@type\":\"EntryPoint\",\"urlTemplate\":\"https:\\\/\\\/akunq.net\\\/tr\\\/?s={search_term_string}\"},\"query-input\":{\"@type\":\"PropertyValueSpecification\",\"valueRequired\":true,\"valueName\":\"search_term_string\"}}],\"inLanguage\":\"en-US\"},{\"@type\":\"Person\",\"@id\":\"https:\\\/\\\/akunq.net\\\/tr\\\/#\\\/schema\\\/person\\\/096f1d38a12cce57fb855b485ed24c9e\",\"name\":\"admin\",\"url\":\"https:\\\/\\\/akunq.net\\\/tr\\\/?author=7\"}]}<\/script>\n<!-- \/ Yoast SEO plugin. -->","yoast_head_json":{"title":"Antalya\u2019n\u0131n simgesi i\u00e7in \u00e7al\u0131\u015fma! Saat Kulesi \u00f6z\u00fcne d\u00f6n\u00fcyor - Bati Ermenistan Ve Bati Ermenileri Sorunlari Ara\u015ftirmalar Merkezi","robots":{"index":"index","follow":"follow","max-snippet":"max-snippet:-1","max-image-preview":"max-image-preview:large","max-video-preview":"max-video-preview:-1"},"canonical":"https:\/\/akunq.net\/tr\/?p=67750","og_locale":"en_US","og_type":"article","og_title":"Antalya\u2019n\u0131n simgesi i\u00e7in \u00e7al\u0131\u015fma! Saat Kulesi \u00f6z\u00fcne d\u00f6n\u00fcyor - Bati Ermenistan Ve Bati Ermenileri Sorunlari Ara\u015ftirmalar Merkezi","og_description":"Antalya\u2019n\u0131n en \u00f6nemli sembollerinden, Bizans d\u00f6nemine ait bur\u00e7lar \u00fczerine 1900\u2019l\u00fc y\u0131llar\u0131n ba\u015f\u0131nda in\u015fa edilen Saat Kulesi\u2019nde restorasyon \u00e7al\u0131\u015fmas\u0131 ba\u015flad\u0131. Etraf\u0131na iskele kurulan kulenin \u00e7evresi de \u00f6rt\u00fcyle kapat\u0131ld\u0131. Restorasyon kapsam\u0131nda kulenin tepe k\u0131sm\u0131na sonradan yap\u0131lan dendanlar (bur\u00e7lardaki \u00e7\u0131k\u0131nt\u0131) kald\u0131r\u0131larak, yerine 1940\u2019l\u0131 y\u0131llarda y\u0131k\u0131ld\u0131\u011f\u0131 d\u00fc\u015f\u00fcn\u00fclen kubbe yap\u0131lacak. Mehmet \u00c7INAR\/ANTALYA, (DHA) Antalya\u2019da tarihi Kalei\u00e7i\u2019nin ana giri\u015f kap\u0131s\u0131 olarak [&hellip;]","og_url":"https:\/\/akunq.net\/tr\/?p=67750","og_site_name":"Bati Ermenistan Ve Bati Ermenileri Sorunlari Ara\u015ftirmalar Merkezi","article_published_time":"2022-03-31T07:42:17+00:00","og_image":[{"width":1080,"height":720,"url":"https:\/\/akunq.net\/tr\/wp-content\/uploads\/sites\/6\/2022\/03\/Antalya-Saat-Kulesi.jpg","type":"image\/jpeg"}],"author":"admin","twitter_card":"summary_large_image","twitter_misc":{"Written by":"admin","Est. reading time":"3 minutes"},"schema":{"@context":"https:\/\/schema.org","@graph":[{"@type":"Article","@id":"https:\/\/akunq.net\/tr\/?p=67750#article","isPartOf":{"@id":"https:\/\/akunq.net\/tr\/?p=67750"},"author":{"name":"admin","@id":"https:\/\/akunq.net\/tr\/#\/schema\/person\/096f1d38a12cce57fb855b485ed24c9e"},"headline":"Antalya\u2019n\u0131n simgesi i\u00e7in \u00e7al\u0131\u015fma! Saat Kulesi \u00f6z\u00fcne d\u00f6n\u00fcyor","datePublished":"2022-03-31T07:42:17+00:00","mainEntityOfPage":{"@id":"https:\/\/akunq.net\/tr\/?p=67750"},"wordCount":710,"commentCount":0,"image":{"@id":"https:\/\/akunq.net\/tr\/?p=67750#primaryimage"},"thumbnailUrl":"https:\/\/akunq.net\/tr\/wp-content\/uploads\/sites\/6\/2022\/03\/Antalya-Saat-Kulesi.jpg","articleSection":["Haberler"],"inLanguage":"en-US","potentialAction":[{"@type":"CommentAction","name":"Comment","target":["https:\/\/akunq.net\/tr\/?p=67750#respond"]}]},{"@type":"WebPage","@id":"https:\/\/akunq.net\/tr\/?p=67750","url":"https:\/\/akunq.net\/tr\/?p=67750","name":"Antalya\u2019n\u0131n simgesi i\u00e7in \u00e7al\u0131\u015fma! Saat Kulesi \u00f6z\u00fcne d\u00f6n\u00fcyor - Bati Ermenistan Ve Bati Ermenileri Sorunlari Ara\u015ftirmalar Merkezi","isPartOf":{"@id":"https:\/\/akunq.net\/tr\/#website"},"primaryImageOfPage":{"@id":"https:\/\/akunq.net\/tr\/?p=67750#primaryimage"},"image":{"@id":"https:\/\/akunq.net\/tr\/?p=67750#primaryimage"},"thumbnailUrl":"https:\/\/akunq.net\/tr\/wp-content\/uploads\/sites\/6\/2022\/03\/Antalya-Saat-Kulesi.jpg","datePublished":"2022-03-31T07:42:17+00:00","author":{"@id":"https:\/\/akunq.net\/tr\/#\/schema\/person\/096f1d38a12cce57fb855b485ed24c9e"},"breadcrumb":{"@id":"https:\/\/akunq.net\/tr\/?p=67750#breadcrumb"},"inLanguage":"en-US","potentialAction":[{"@type":"ReadAction","target":["https:\/\/akunq.net\/tr\/?p=67750"]}]},{"@type":"ImageObject","inLanguage":"en-US","@id":"https:\/\/akunq.net\/tr\/?p=67750#primaryimage","url":"https:\/\/akunq.net\/tr\/wp-content\/uploads\/sites\/6\/2022\/03\/Antalya-Saat-Kulesi.jpg","contentUrl":"https:\/\/akunq.net\/tr\/wp-content\/uploads\/sites\/6\/2022\/03\/Antalya-Saat-Kulesi.jpg","width":1080,"height":720},{"@type":"BreadcrumbList","@id":"https:\/\/akunq.net\/tr\/?p=67750#breadcrumb","itemListElement":[{"@type":"ListItem","position":1,"name":"Home","item":"https:\/\/akunq.net\/tr"},{"@type":"ListItem","position":2,"name":"Antalya\u2019n\u0131n simgesi i\u00e7in \u00e7al\u0131\u015fma! Saat Kulesi \u00f6z\u00fcne d\u00f6n\u00fcyor"}]},{"@type":"WebSite","@id":"https:\/\/akunq.net\/tr\/#website","url":"https:\/\/akunq.net\/tr\/","name":"Bati Ermenistan Ve Bati Ermenileri Sorunlari Ara\u015ftirmalar Merkezi","description":"","potentialAction":[{"@type":"SearchAction","target":{"@type":"EntryPoint","urlTemplate":"https:\/\/akunq.net\/tr\/?s={search_term_string}"},"query-input":{"@type":"PropertyValueSpecification","valueRequired":true,"valueName":"search_term_string"}}],"inLanguage":"en-US"},{"@type":"Person","@id":"https:\/\/akunq.net\/tr\/#\/schema\/person\/096f1d38a12cce57fb855b485ed24c9e","name":"admin","url":"https:\/\/akunq.net\/tr\/?author=7"}]}},"_links":{"self":[{"href":"https:\/\/akunq.net\/tr\/index.php?rest_route=\/wp\/v2\/posts\/67750","targetHints":{"allow":["GET"]}}],"collection":[{"href":"https:\/\/akunq.net\/tr\/index.php?rest_route=\/wp\/v2\/posts"}],"about":[{"href":"https:\/\/akunq.net\/tr\/index.php?rest_route=\/wp\/v2\/types\/post"}],"author":[{"embeddable":true,"href":"https:\/\/akunq.net\/tr\/index.php?rest_route=\/wp\/v2\/users\/7"}],"replies":[{"embeddable":true,"href":"https:\/\/akunq.net\/tr\/index.php?rest_route=%2Fwp%2Fv2%2Fcomments&post=67750"}],"version-history":[{"count":1,"href":"https:\/\/akunq.net\/tr\/index.php?rest_route=\/wp\/v2\/posts\/67750\/revisions"}],"predecessor-version":[{"id":67752,"href":"https:\/\/akunq.net\/tr\/index.php?rest_route=\/wp\/v2\/posts\/67750\/revisions\/67752"}],"wp:featuredmedia":[{"embeddable":true,"href":"https:\/\/akunq.net\/tr\/index.php?rest_route=\/wp\/v2\/media\/67751"}],"wp:attachment":[{"href":"https:\/\/akunq.net\/tr\/index.php?rest_route=%2Fwp%2Fv2%2Fmedia&parent=67750"}],"wp:term":[{"taxonomy":"category","embeddable":true,"href":"https:\/\/akunq.net\/tr\/index.php?rest_route=%2Fwp%2Fv2%2Fcategories&post=67750"},{"taxonomy":"post_tag","embeddable":true,"href":"https:\/\/akunq.net\/tr\/index.php?rest_route=%2Fwp%2Fv2%2Ftags&post=67750"}],"curies":[{"name":"wp","href":"https:\/\/api.w.org\/{rel}","templated":true}]}}