{"id":67747,"date":"2022-03-31T01:47:44","date_gmt":"2022-03-31T06:47:44","guid":{"rendered":"https:\/\/akunq.net\/tr\/?p=67747"},"modified":"2022-03-31T01:47:44","modified_gmt":"2022-03-31T06:47:44","slug":"dink-ailesinin-avukati-davaya-bariyerler-oruldu-asil-sorumlular-yargilanmiyor","status":"publish","type":"post","link":"https:\/\/akunq.net\/tr\/?p=67747","title":{"rendered":"Dink ailesinin avukat\u0131: Davaya bariyerler \u00f6r\u00fcld\u00fc, as\u0131l sorumlular yarg\u0131lanm\u0131yor"},"content":{"rendered":"<p><img loading=\"lazy\" decoding=\"async\" class=\"aligncenter size-medium wp-image-67748\" src=\"https:\/\/akunq.net\/tr\/wp-content\/uploads\/2022\/03\/Dink-360x208.jpeg\" alt=\"\" width=\"360\" height=\"208\" srcset=\"https:\/\/akunq.net\/tr\/wp-content\/uploads\/sites\/6\/2022\/03\/Dink-360x208.jpeg 360w, https:\/\/akunq.net\/tr\/wp-content\/uploads\/sites\/6\/2022\/03\/Dink-768x444.jpeg 768w, https:\/\/akunq.net\/tr\/wp-content\/uploads\/sites\/6\/2022\/03\/Dink-560x324.jpeg 560w, https:\/\/akunq.net\/tr\/wp-content\/uploads\/sites\/6\/2022\/03\/Dink-260x150.jpeg 260w, https:\/\/akunq.net\/tr\/wp-content\/uploads\/sites\/6\/2022\/03\/Dink-160x93.jpeg 160w, https:\/\/akunq.net\/tr\/wp-content\/uploads\/sites\/6\/2022\/03\/Dink.jpeg 800w\" sizes=\"auto, (max-width: 360px) 100vw, 360px\" \/><\/p>\n<p><em><strong>Hrant Dink suikast\u0131 san\u0131\u011f\u0131 \u0130skender\u2019in tutuklanmas\u0131n\u0131 de\u011ferlendiren Dink ailesinin avukat\u0131, bunun dosyaya bir katk\u0131s\u0131n\u0131n olmad\u0131\u011f\u0131n\u0131 belirterek \u2018Yarg\u0131lanmas\u0131 gerekenler yarg\u0131lanm\u0131yor\u2019 dedi.<\/strong><\/em><\/p>\n<p>Gazeteci Hrant Dink suikast\u0131n\u0131n firari san\u0131klar\u0131ndan olan Ahmet \u0130skender\u2019in K\u0131rg\u0131zistan\u2019da yakalanarak T\u00fcrkiye\u2019ye getirilmesini de\u011ferlendiren Dink ailesinin avukat\u0131 Hakan Bak\u0131rc\u0131o\u011flu, s\u00f6z konusu tutuklaman\u0131n dosyaya bir katk\u0131s\u0131n\u0131n olmad\u0131\u011f\u0131n\u0131 belirterek, as\u0131l yarg\u0131lanmas\u0131 gerekenlerin bir k\u0131sm\u0131n\u0131n yarg\u0131lanmad\u0131\u011f\u0131n\u0131 dile getirdi.<\/p>\n<p>Hakk\u0131nda 12 y\u0131l 6 ay hapis cezas\u0131 bulunan \u0130skender\u2019in tutuklanmas\u0131n\u0131 de\u011ferlendiren Bak\u0131rc\u0131o\u011flu, \u201cYakalanmas\u0131 ve cezaevine konulmas\u0131 bu dava dosyas\u0131na katk\u0131 sunar gibi g\u00f6r\u00fcnm\u00fcyor\u201d dedi.<\/p>\n<p>Birg\u00fcn\u2019den Filiz Gazi\u2019nin haberine g\u00f6re avukat Bak\u0131rc\u0131o\u011flu, \u0130skender\u2019in ceza ald\u0131\u011f\u0131 su\u00e7lara ili\u015fkin \u015fu hat\u0131rlatmay\u0131 yapt\u0131:<\/p>\n<p>\u201cCinayette kullan\u0131lan silah son birka\u00e7 g\u00fcn onun k\u0131rtasiye d\u00fckk\u00e2n\u0131nda saklan\u0131yor. Og\u00fcn Samast \u0130stanbul\u2019a geldi\u011finde telefonu yok, ankes\u00f6rl\u00fc telefondan sabit hat olarak Ahmet \u0130skender\u2019in k\u0131rtasiye d\u00fckk\u00e2n\u0131n\u0131 ar\u0131yor. Soru\u015fturman\u0131n ba\u015f\u0131nda bu sebeplerle tutukland\u0131. Bir s\u00fcre sonra tutuksuz yarg\u0131lanmak \u00fczere serbest b\u0131rak\u0131ld\u0131. Yurt d\u0131\u015f\u0131na ka\u00e7t\u0131. Hakk\u0131nda, \u00f6ld\u00fcrme su\u00e7una yard\u0131mdan h\u00fck\u00fcm kuruldu. Verilen 12,5 y\u0131l hapis cezas\u0131 onand\u0131. Su\u00e7 \u00f6rg\u00fct\u00fc \u00fcyeli\u011finden ald\u0131\u011f\u0131 cezayla 14, 5 y\u0131la ula\u015ft\u0131.\u201d<\/p>\n<p>86 san\u0131kl\u0131 davada, devlet g\u00f6revlilerine \u201cg\u00f6revi ihmal\u201d veya \u201ck\u00f6t\u00fcye kullanmak\u201d su\u00e7lamas\u0131n\u0131n y\u00f6neltildi\u011fini an\u0131msatan Bak\u0131rc\u0131o\u011flu, \u201cOnlar hakk\u0131nda zamana\u015f\u0131m\u0131 s\u00fcreci i\u015fletildi bu da 12 y\u0131ld\u0131. Biz san\u0131klar\u0131n kas\u0131tl\u0131 olarak cinayetin engellemediklerini s\u00f6yledik. TCK 83. Maddeden yarg\u0131lansalar zamana\u015f\u0131m\u0131 da i\u015fletilemezdi. \u0130stanbul \u0130l Emniyet M\u00fcd\u00fcr\u00fc Celalettin Cerrah, \u0130stanbul \u0130l Emniyet \u0130stihbarat \u015eube M\u00fcd\u00fcr\u00fc Ahmet \u0130lhan G\u00fcler i\u00e7in b\u00f6yle oldu\u201d diye konu\u015ftu.<\/p>\n<p><strong>\u2018DAVAYA BAR\u0130YERLER \u00d6R\u00dcLD\u00dc\u2019<\/strong><\/p>\n<p>B\u00f6lge Adliye Mahkemesi\u2019nin bu karar\u0131 kald\u0131rabilece\u011fine de\u011finen Bak\u0131rc\u0131o\u011flu s\u00f6zlerini \u015f\u00f6yle tamamlad\u0131: \u201cSu\u00e7 tan\u0131m\u0131n\u0131 farkl\u0131 bir \u015fekilde yaparak zamana\u015f\u0131m\u0131n\u0131 ge\u00e7ersiz k\u0131labilir. Dink dosyas\u0131n\u0131n kapsam\u0131 daralt\u0131ld\u0131, haklar\u0131nda dava a\u00e7\u0131lmas\u0131 gereken ki\u015filerin bir k\u0131sm\u0131 hakk\u0131nda dava a\u00e7\u0131lmad\u0131. Dava a\u00e7\u0131lanlar hakk\u0131ndaki su\u00e7 tasnifi ise yanl\u0131\u015f yap\u0131ld\u0131. B\u00f6ylece bariyerler \u00f6r\u00fcld\u00fc.\u201d<\/p>\n<hr \/>\n<p><em><strong><a href=\"https:\/\/artigercek.com\/haberler\/dink-ailesinin-avukati-asil-sorumlular-yargilanmali\" target=\"_blank\" rel=\"noopener noreferrer\">Art\u0131 Ger\u00e7ek<\/a><\/strong><\/em><\/p>\n","protected":false},"excerpt":{"rendered":"<p>Hrant Dink suikast\u0131 san\u0131\u011f\u0131 \u0130skender\u2019in tutuklanmas\u0131n\u0131 de\u011ferlendiren Dink ailesinin avukat\u0131, bunun dosyaya bir katk\u0131s\u0131n\u0131n olmad\u0131\u011f\u0131n\u0131 belirterek \u2018Yarg\u0131lanmas\u0131 gerekenler yarg\u0131lanm\u0131yor\u2019 dedi. Gazeteci Hrant Dink suikast\u0131n\u0131n firari san\u0131klar\u0131ndan olan Ahmet \u0130skender\u2019in K\u0131rg\u0131zistan\u2019da yakalanarak T\u00fcrkiye\u2019ye getirilmesini de\u011ferlendiren Dink ailesinin avukat\u0131 Hakan Bak\u0131rc\u0131o\u011flu, s\u00f6z konusu tutuklaman\u0131n dosyaya bir katk\u0131s\u0131n\u0131n olmad\u0131\u011f\u0131n\u0131 belirterek, as\u0131l yarg\u0131lanmas\u0131 gerekenlerin bir k\u0131sm\u0131n\u0131n yarg\u0131lanmad\u0131\u011f\u0131n\u0131 dile getirdi. [&hellip;]<\/p>\n","protected":false},"author":7,"featured_media":67748,"comment_status":"open","ping_status":"open","sticky":false,"template":"","format":"standard","meta":{"footnotes":""},"categories":[1],"tags":[],"class_list":["post-67747","post","type-post","status-publish","format-standard","has-post-thumbnail","hentry","category-haberler"],"yoast_head":"<!-- This site is optimized with the Yoast SEO plugin v27.4 - https:\/\/yoast.com\/product\/yoast-seo-wordpress\/ -->\n<title>Dink ailesinin avukat\u0131: Davaya bariyerler \u00f6r\u00fcld\u00fc, as\u0131l sorumlular yarg\u0131lanm\u0131yor - Bati Ermenistan Ve Bati Ermenileri Sorunlari Ara\u015ftirmalar Merkezi<\/title>\n<meta name=\"robots\" content=\"index, follow, max-snippet:-1, max-image-preview:large, max-video-preview:-1\" \/>\n<link rel=\"canonical\" href=\"https:\/\/akunq.net\/tr\/?p=67747\" \/>\n<meta property=\"og:locale\" content=\"en_US\" \/>\n<meta property=\"og:type\" content=\"article\" \/>\n<meta property=\"og:title\" content=\"Dink ailesinin avukat\u0131: Davaya bariyerler \u00f6r\u00fcld\u00fc, as\u0131l sorumlular yarg\u0131lanm\u0131yor - Bati Ermenistan Ve Bati Ermenileri Sorunlari Ara\u015ftirmalar Merkezi\" \/>\n<meta property=\"og:description\" content=\"Hrant Dink suikast\u0131 san\u0131\u011f\u0131 \u0130skender\u2019in tutuklanmas\u0131n\u0131 de\u011ferlendiren Dink ailesinin avukat\u0131, bunun dosyaya bir katk\u0131s\u0131n\u0131n olmad\u0131\u011f\u0131n\u0131 belirterek \u2018Yarg\u0131lanmas\u0131 gerekenler yarg\u0131lanm\u0131yor\u2019 dedi. Gazeteci Hrant Dink suikast\u0131n\u0131n firari san\u0131klar\u0131ndan olan Ahmet \u0130skender\u2019in K\u0131rg\u0131zistan\u2019da yakalanarak T\u00fcrkiye\u2019ye getirilmesini de\u011ferlendiren Dink ailesinin avukat\u0131 Hakan Bak\u0131rc\u0131o\u011flu, s\u00f6z konusu tutuklaman\u0131n dosyaya bir katk\u0131s\u0131n\u0131n olmad\u0131\u011f\u0131n\u0131 belirterek, as\u0131l yarg\u0131lanmas\u0131 gerekenlerin bir k\u0131sm\u0131n\u0131n yarg\u0131lanmad\u0131\u011f\u0131n\u0131 dile getirdi. [&hellip;]\" \/>\n<meta property=\"og:url\" content=\"https:\/\/akunq.net\/tr\/?p=67747\" \/>\n<meta property=\"og:site_name\" content=\"Bati Ermenistan Ve Bati Ermenileri Sorunlari Ara\u015ftirmalar Merkezi\" \/>\n<meta property=\"article:published_time\" content=\"2022-03-31T06:47:44+00:00\" \/>\n<meta property=\"og:image\" content=\"https:\/\/akunq.net\/tr\/wp-content\/uploads\/sites\/6\/2022\/03\/Dink.jpeg\" \/>\n\t<meta property=\"og:image:width\" content=\"800\" \/>\n\t<meta property=\"og:image:height\" content=\"463\" \/>\n\t<meta property=\"og:image:type\" content=\"image\/jpeg\" \/>\n<meta name=\"author\" content=\"admin\" \/>\n<meta name=\"twitter:card\" content=\"summary_large_image\" \/>\n<meta name=\"twitter:label1\" content=\"Written by\" \/>\n\t<meta name=\"twitter:data1\" content=\"admin\" \/>\n\t<meta name=\"twitter:label2\" content=\"Est. reading time\" \/>\n\t<meta name=\"twitter:data2\" content=\"2 minutes\" \/>\n<script type=\"application\/ld+json\" class=\"yoast-schema-graph\">{\"@context\":\"https:\\\/\\\/schema.org\",\"@graph\":[{\"@type\":\"Article\",\"@id\":\"https:\\\/\\\/akunq.net\\\/tr\\\/?p=67747#article\",\"isPartOf\":{\"@id\":\"https:\\\/\\\/akunq.net\\\/tr\\\/?p=67747\"},\"author\":{\"name\":\"admin\",\"@id\":\"https:\\\/\\\/akunq.net\\\/tr\\\/#\\\/schema\\\/person\\\/096f1d38a12cce57fb855b485ed24c9e\"},\"headline\":\"Dink ailesinin avukat\u0131: Davaya bariyerler \u00f6r\u00fcld\u00fc, as\u0131l sorumlular yarg\u0131lanm\u0131yor\",\"datePublished\":\"2022-03-31T06:47:44+00:00\",\"mainEntityOfPage\":{\"@id\":\"https:\\\/\\\/akunq.net\\\/tr\\\/?p=67747\"},\"wordCount\":432,\"commentCount\":0,\"image\":{\"@id\":\"https:\\\/\\\/akunq.net\\\/tr\\\/?p=67747#primaryimage\"},\"thumbnailUrl\":\"https:\\\/\\\/akunq.net\\\/tr\\\/wp-content\\\/uploads\\\/sites\\\/6\\\/2022\\\/03\\\/Dink.jpeg\",\"articleSection\":[\"Haberler\"],\"inLanguage\":\"en-US\",\"potentialAction\":[{\"@type\":\"CommentAction\",\"name\":\"Comment\",\"target\":[\"https:\\\/\\\/akunq.net\\\/tr\\\/?p=67747#respond\"]}]},{\"@type\":\"WebPage\",\"@id\":\"https:\\\/\\\/akunq.net\\\/tr\\\/?p=67747\",\"url\":\"https:\\\/\\\/akunq.net\\\/tr\\\/?p=67747\",\"name\":\"Dink ailesinin avukat\u0131: Davaya bariyerler \u00f6r\u00fcld\u00fc, as\u0131l sorumlular yarg\u0131lanm\u0131yor - Bati Ermenistan Ve Bati Ermenileri Sorunlari Ara\u015ftirmalar Merkezi\",\"isPartOf\":{\"@id\":\"https:\\\/\\\/akunq.net\\\/tr\\\/#website\"},\"primaryImageOfPage\":{\"@id\":\"https:\\\/\\\/akunq.net\\\/tr\\\/?p=67747#primaryimage\"},\"image\":{\"@id\":\"https:\\\/\\\/akunq.net\\\/tr\\\/?p=67747#primaryimage\"},\"thumbnailUrl\":\"https:\\\/\\\/akunq.net\\\/tr\\\/wp-content\\\/uploads\\\/sites\\\/6\\\/2022\\\/03\\\/Dink.jpeg\",\"datePublished\":\"2022-03-31T06:47:44+00:00\",\"author\":{\"@id\":\"https:\\\/\\\/akunq.net\\\/tr\\\/#\\\/schema\\\/person\\\/096f1d38a12cce57fb855b485ed24c9e\"},\"breadcrumb\":{\"@id\":\"https:\\\/\\\/akunq.net\\\/tr\\\/?p=67747#breadcrumb\"},\"inLanguage\":\"en-US\",\"potentialAction\":[{\"@type\":\"ReadAction\",\"target\":[\"https:\\\/\\\/akunq.net\\\/tr\\\/?p=67747\"]}]},{\"@type\":\"ImageObject\",\"inLanguage\":\"en-US\",\"@id\":\"https:\\\/\\\/akunq.net\\\/tr\\\/?p=67747#primaryimage\",\"url\":\"https:\\\/\\\/akunq.net\\\/tr\\\/wp-content\\\/uploads\\\/sites\\\/6\\\/2022\\\/03\\\/Dink.jpeg\",\"contentUrl\":\"https:\\\/\\\/akunq.net\\\/tr\\\/wp-content\\\/uploads\\\/sites\\\/6\\\/2022\\\/03\\\/Dink.jpeg\",\"width\":800,\"height\":463},{\"@type\":\"BreadcrumbList\",\"@id\":\"https:\\\/\\\/akunq.net\\\/tr\\\/?p=67747#breadcrumb\",\"itemListElement\":[{\"@type\":\"ListItem\",\"position\":1,\"name\":\"Home\",\"item\":\"https:\\\/\\\/akunq.net\\\/tr\"},{\"@type\":\"ListItem\",\"position\":2,\"name\":\"Dink ailesinin avukat\u0131: Davaya bariyerler \u00f6r\u00fcld\u00fc, as\u0131l sorumlular yarg\u0131lanm\u0131yor\"}]},{\"@type\":\"WebSite\",\"@id\":\"https:\\\/\\\/akunq.net\\\/tr\\\/#website\",\"url\":\"https:\\\/\\\/akunq.net\\\/tr\\\/\",\"name\":\"Bati Ermenistan Ve Bati Ermenileri Sorunlari Ara\u015ftirmalar Merkezi\",\"description\":\"\",\"potentialAction\":[{\"@type\":\"SearchAction\",\"target\":{\"@type\":\"EntryPoint\",\"urlTemplate\":\"https:\\\/\\\/akunq.net\\\/tr\\\/?s={search_term_string}\"},\"query-input\":{\"@type\":\"PropertyValueSpecification\",\"valueRequired\":true,\"valueName\":\"search_term_string\"}}],\"inLanguage\":\"en-US\"},{\"@type\":\"Person\",\"@id\":\"https:\\\/\\\/akunq.net\\\/tr\\\/#\\\/schema\\\/person\\\/096f1d38a12cce57fb855b485ed24c9e\",\"name\":\"admin\",\"url\":\"https:\\\/\\\/akunq.net\\\/tr\\\/?author=7\"}]}<\/script>\n<!-- \/ Yoast SEO plugin. -->","yoast_head_json":{"title":"Dink ailesinin avukat\u0131: Davaya bariyerler \u00f6r\u00fcld\u00fc, as\u0131l sorumlular yarg\u0131lanm\u0131yor - Bati Ermenistan Ve Bati Ermenileri Sorunlari Ara\u015ftirmalar Merkezi","robots":{"index":"index","follow":"follow","max-snippet":"max-snippet:-1","max-image-preview":"max-image-preview:large","max-video-preview":"max-video-preview:-1"},"canonical":"https:\/\/akunq.net\/tr\/?p=67747","og_locale":"en_US","og_type":"article","og_title":"Dink ailesinin avukat\u0131: Davaya bariyerler \u00f6r\u00fcld\u00fc, as\u0131l sorumlular yarg\u0131lanm\u0131yor - Bati Ermenistan Ve Bati Ermenileri Sorunlari Ara\u015ftirmalar Merkezi","og_description":"Hrant Dink suikast\u0131 san\u0131\u011f\u0131 \u0130skender\u2019in tutuklanmas\u0131n\u0131 de\u011ferlendiren Dink ailesinin avukat\u0131, bunun dosyaya bir katk\u0131s\u0131n\u0131n olmad\u0131\u011f\u0131n\u0131 belirterek \u2018Yarg\u0131lanmas\u0131 gerekenler yarg\u0131lanm\u0131yor\u2019 dedi. Gazeteci Hrant Dink suikast\u0131n\u0131n firari san\u0131klar\u0131ndan olan Ahmet \u0130skender\u2019in K\u0131rg\u0131zistan\u2019da yakalanarak T\u00fcrkiye\u2019ye getirilmesini de\u011ferlendiren Dink ailesinin avukat\u0131 Hakan Bak\u0131rc\u0131o\u011flu, s\u00f6z konusu tutuklaman\u0131n dosyaya bir katk\u0131s\u0131n\u0131n olmad\u0131\u011f\u0131n\u0131 belirterek, as\u0131l yarg\u0131lanmas\u0131 gerekenlerin bir k\u0131sm\u0131n\u0131n yarg\u0131lanmad\u0131\u011f\u0131n\u0131 dile getirdi. [&hellip;]","og_url":"https:\/\/akunq.net\/tr\/?p=67747","og_site_name":"Bati Ermenistan Ve Bati Ermenileri Sorunlari Ara\u015ftirmalar Merkezi","article_published_time":"2022-03-31T06:47:44+00:00","og_image":[{"width":800,"height":463,"url":"https:\/\/akunq.net\/tr\/wp-content\/uploads\/sites\/6\/2022\/03\/Dink.jpeg","type":"image\/jpeg"}],"author":"admin","twitter_card":"summary_large_image","twitter_misc":{"Written by":"admin","Est. reading time":"2 minutes"},"schema":{"@context":"https:\/\/schema.org","@graph":[{"@type":"Article","@id":"https:\/\/akunq.net\/tr\/?p=67747#article","isPartOf":{"@id":"https:\/\/akunq.net\/tr\/?p=67747"},"author":{"name":"admin","@id":"https:\/\/akunq.net\/tr\/#\/schema\/person\/096f1d38a12cce57fb855b485ed24c9e"},"headline":"Dink ailesinin avukat\u0131: Davaya bariyerler \u00f6r\u00fcld\u00fc, as\u0131l sorumlular yarg\u0131lanm\u0131yor","datePublished":"2022-03-31T06:47:44+00:00","mainEntityOfPage":{"@id":"https:\/\/akunq.net\/tr\/?p=67747"},"wordCount":432,"commentCount":0,"image":{"@id":"https:\/\/akunq.net\/tr\/?p=67747#primaryimage"},"thumbnailUrl":"https:\/\/akunq.net\/tr\/wp-content\/uploads\/sites\/6\/2022\/03\/Dink.jpeg","articleSection":["Haberler"],"inLanguage":"en-US","potentialAction":[{"@type":"CommentAction","name":"Comment","target":["https:\/\/akunq.net\/tr\/?p=67747#respond"]}]},{"@type":"WebPage","@id":"https:\/\/akunq.net\/tr\/?p=67747","url":"https:\/\/akunq.net\/tr\/?p=67747","name":"Dink ailesinin avukat\u0131: Davaya bariyerler \u00f6r\u00fcld\u00fc, as\u0131l sorumlular yarg\u0131lanm\u0131yor - Bati Ermenistan Ve Bati Ermenileri Sorunlari Ara\u015ftirmalar Merkezi","isPartOf":{"@id":"https:\/\/akunq.net\/tr\/#website"},"primaryImageOfPage":{"@id":"https:\/\/akunq.net\/tr\/?p=67747#primaryimage"},"image":{"@id":"https:\/\/akunq.net\/tr\/?p=67747#primaryimage"},"thumbnailUrl":"https:\/\/akunq.net\/tr\/wp-content\/uploads\/sites\/6\/2022\/03\/Dink.jpeg","datePublished":"2022-03-31T06:47:44+00:00","author":{"@id":"https:\/\/akunq.net\/tr\/#\/schema\/person\/096f1d38a12cce57fb855b485ed24c9e"},"breadcrumb":{"@id":"https:\/\/akunq.net\/tr\/?p=67747#breadcrumb"},"inLanguage":"en-US","potentialAction":[{"@type":"ReadAction","target":["https:\/\/akunq.net\/tr\/?p=67747"]}]},{"@type":"ImageObject","inLanguage":"en-US","@id":"https:\/\/akunq.net\/tr\/?p=67747#primaryimage","url":"https:\/\/akunq.net\/tr\/wp-content\/uploads\/sites\/6\/2022\/03\/Dink.jpeg","contentUrl":"https:\/\/akunq.net\/tr\/wp-content\/uploads\/sites\/6\/2022\/03\/Dink.jpeg","width":800,"height":463},{"@type":"BreadcrumbList","@id":"https:\/\/akunq.net\/tr\/?p=67747#breadcrumb","itemListElement":[{"@type":"ListItem","position":1,"name":"Home","item":"https:\/\/akunq.net\/tr"},{"@type":"ListItem","position":2,"name":"Dink ailesinin avukat\u0131: Davaya bariyerler \u00f6r\u00fcld\u00fc, as\u0131l sorumlular yarg\u0131lanm\u0131yor"}]},{"@type":"WebSite","@id":"https:\/\/akunq.net\/tr\/#website","url":"https:\/\/akunq.net\/tr\/","name":"Bati Ermenistan Ve Bati Ermenileri Sorunlari Ara\u015ftirmalar Merkezi","description":"","potentialAction":[{"@type":"SearchAction","target":{"@type":"EntryPoint","urlTemplate":"https:\/\/akunq.net\/tr\/?s={search_term_string}"},"query-input":{"@type":"PropertyValueSpecification","valueRequired":true,"valueName":"search_term_string"}}],"inLanguage":"en-US"},{"@type":"Person","@id":"https:\/\/akunq.net\/tr\/#\/schema\/person\/096f1d38a12cce57fb855b485ed24c9e","name":"admin","url":"https:\/\/akunq.net\/tr\/?author=7"}]}},"_links":{"self":[{"href":"https:\/\/akunq.net\/tr\/index.php?rest_route=\/wp\/v2\/posts\/67747","targetHints":{"allow":["GET"]}}],"collection":[{"href":"https:\/\/akunq.net\/tr\/index.php?rest_route=\/wp\/v2\/posts"}],"about":[{"href":"https:\/\/akunq.net\/tr\/index.php?rest_route=\/wp\/v2\/types\/post"}],"author":[{"embeddable":true,"href":"https:\/\/akunq.net\/tr\/index.php?rest_route=\/wp\/v2\/users\/7"}],"replies":[{"embeddable":true,"href":"https:\/\/akunq.net\/tr\/index.php?rest_route=%2Fwp%2Fv2%2Fcomments&post=67747"}],"version-history":[{"count":1,"href":"https:\/\/akunq.net\/tr\/index.php?rest_route=\/wp\/v2\/posts\/67747\/revisions"}],"predecessor-version":[{"id":67749,"href":"https:\/\/akunq.net\/tr\/index.php?rest_route=\/wp\/v2\/posts\/67747\/revisions\/67749"}],"wp:featuredmedia":[{"embeddable":true,"href":"https:\/\/akunq.net\/tr\/index.php?rest_route=\/wp\/v2\/media\/67748"}],"wp:attachment":[{"href":"https:\/\/akunq.net\/tr\/index.php?rest_route=%2Fwp%2Fv2%2Fmedia&parent=67747"}],"wp:term":[{"taxonomy":"category","embeddable":true,"href":"https:\/\/akunq.net\/tr\/index.php?rest_route=%2Fwp%2Fv2%2Fcategories&post=67747"},{"taxonomy":"post_tag","embeddable":true,"href":"https:\/\/akunq.net\/tr\/index.php?rest_route=%2Fwp%2Fv2%2Ftags&post=67747"}],"curies":[{"name":"wp","href":"https:\/\/api.w.org\/{rel}","templated":true}]}}