{"id":67732,"date":"2022-03-30T03:00:26","date_gmt":"2022-03-30T08:00:26","guid":{"rendered":"https:\/\/akunq.net\/tr\/?p=67732"},"modified":"2022-03-30T03:00:36","modified_gmt":"2022-03-30T08:00:36","slug":"emniyetten-hrant-dink-suikasti-ile-ilgili-aciklama","status":"publish","type":"post","link":"https:\/\/akunq.net\/tr\/?p=67732","title":{"rendered":"Emniyet&#8217;ten Hrant Dink suikast\u0131 ile ilgili a\u00e7\u0131klama"},"content":{"rendered":"<p class=\"intro\"><em><strong>Emniyet Genel M\u00fcd\u00fcr\u00fcl\u00fc\u011f\u00fc (EGM), Hrant Dink cinayeti firari san\u0131klar\u0131ndan Ahmet \u0130skender&#8217;in K\u0131rg\u0131zistan&#8217;da yakalanarak T\u00fcrkiye&#8217;ye getirildi\u011fini duyurdu.<\/strong><\/em><\/p>\n<div class=\"picBox full\"><a class=\"overlayLink init\" href=\"https:\/\/www.dw.com\/tr\/emniyetten-hrant-dink-suikast%C4%B1-ile-ilgili-a%C3%A7%C4%B1klama\/a-61272890#\" rel=\"nofollow\"><img loading=\"lazy\" decoding=\"async\" class=\"aligncenter\" title=\"Schild mit Foto von Hrant Dink | ermordeter t\u00fcrkisch-armenischen Journalist\" src=\"https:\/\/static.dw.com\/image\/56780706_303.jpg\" alt=\"Schild mit Foto von Hrant Dink | ermordeter t\u00fcrkisch-armenischen Journalist\" width=\"700\" height=\"394\" \/><\/a><\/div>\n<div class=\"group\">\n<div class=\"longText\">\n<p>Emniyet Genel M\u00fcd\u00fcrl\u00fc\u011f\u00fc (EGM),\u00a0<a href=\"https:\/\/www.dw.com\/tr\/hrant-dink-%C3%B6l%C3%BCm%C3%BCn%C3%BCn-15-y%C4%B1l%C4%B1nda-an%C4%B1ld%C4%B1\/a-60484824\">Hrant Dink<\/a>\u00a0 suikast\u0131na ili\u015fkin bir a\u00e7\u0131klama yay\u0131nlad\u0131.<\/p>\n<p>A\u00e7\u0131klamada, cinayetle ba\u011flant\u0131l\u0131 olarak aranan firari san\u0131k Ahmet \u0130skender&#8217;in K\u0131rg\u0131zistan&#8217;da yakalanarak T\u00fcrkiye&#8217;ye getirildi\u011fi belirtildi. EGM&#8217;nin a\u00e7\u0131klamas\u0131nda, &#8220;Gazeteci Hrant Dink suikast\u0131nda kullan\u0131lan silah\u0131 saklad\u0131\u011f\u0131, faile cinayet i\u00e7in bor\u00e7 para verdi\u011fi, cep telefonunu cinayet i\u00e7in ileti\u015fim arac\u0131 olarak kulland\u0131rd\u0131\u011f\u0131 tespit edilen ve olay\u0131n firari san\u0131\u011f\u0131 olarak aranan Ahmet \u0130skender isimli \u015fah\u0131s, K\u0131rg\u0131zistan&#8217;da yakalanarak T\u00fcrkiye&#8217;ye getirilmi\u015ftir&#8221; ifadeleri yer ald\u0131.<\/p>\n<div class=\"picBox full\">\n<div id=\"twtr-1508067738790645765\" class=\"group embeddedTweet\">\n<div class=\"twitter-tweet twitter-tweet-rendered\"><iframe id=\"twitter-widget-0\" class=\"\" title=\"Twitter Tweet\" src=\"https:\/\/platform.twitter.com\/embed\/Tweet.html?dnt=false&amp;embedId=twitter-widget-0&amp;features=eyJ0ZndfZXhwZXJpbWVudHNfY29va2llX2V4cGlyYXRpb24iOnsiYnVja2V0IjoxMjA5NjAwLCJ2ZXJzaW9uIjpudWxsfSwidGZ3X2hvcml6b25fdHdlZXRfZW1iZWRfOTU1NSI6eyJidWNrZXQiOiJodGUiLCJ2ZXJzaW9uIjpudWxsfSwidGZ3X3NrZWxldG9uX2xvYWRpbmdfMTMzOTgiOnsiYnVja2V0IjoiY3RhIiwidmVyc2lvbiI6bnVsbH0sInRmd19zcGFjZV9jYXJkIjp7ImJ1Y2tldCI6Im9mZiIsInZlcnNpb24iOm51bGx9fQ%3D%3D&amp;frame=false&amp;hideCard=false&amp;hideThread=false&amp;id=1508067738790645765&amp;lang=en&amp;origin=https%3A%2F%2Fwww.dw.com%2Ftr%2Femniyetten-hrant-dink-suikast%25C4%25B1-ile-ilgili-a%25C3%25A7%25C4%25B1klama%2Fa-61272890&amp;sessionId=f9c1271be931cf98c6a453d516fe4401195e0be8&amp;siteScreenName=dw_turkce&amp;theme=light&amp;widgetsVersion=2582c61%3A1645036219416&amp;width=550px\" frameborder=\"0\" scrolling=\"no\" allowfullscreen=\"allowfullscreen\" data-tweet-id=\"1508067738790645765\" data-mce-fragment=\"1\"><\/iframe><\/div>\n<\/div>\n<\/div>\n<p>A\u00e7\u0131klamada, s\u00f6z konusu \u015fahs\u0131n Emniyet \u0130stihbarat Ba\u015fkanl\u0131\u011f\u0131, Ter\u00f6rle M\u00fccadele Daire Ba\u015fkanl\u0131\u011f\u0131 ve \u0130nterpol-Europol Daire Ba\u015fkanl\u0131\u011f\u0131&#8217;n\u0131n \u00e7al\u0131\u015fmalar\u0131yla K\u0131rg\u0131zistan Bi\u015fkek\u2019te sakland\u0131\u011f\u0131n\u0131n tespit edildi\u011fi, ard\u0131ndan T\u00fcrkiye&#8217;nin K\u0131rg\u0131zistan B\u00fcy\u00fckel\u00e7ili\u011fi ve \u0130\u00e7i\u015fleri M\u00fc\u015favirli\u011fi ile derhal irtibata ge\u00e7ildi\u011fi, ayr\u0131ca K\u0131rg\u0131zistan \u0130\u00e7i\u015fleri Bakanl\u0131\u011f\u0131&#8217;na \u015fahs\u0131n yakalanarak T\u00fcrkiye&#8217;ye teslim edilmesi talebinin iletildi\u011fi belirtildi.<\/p>\n<p>EGM&#8217;nin a\u00e7\u0131klamas\u0131nda, &#8220;\u015eah\u0131s, 26.03.2022 tarihinde, \u0130nterpol-Europol Daire Ba\u015fkanl\u0131\u011f\u0131 ve Ter\u00f6rle M\u00fccadele Daire Ba\u015fkanl\u0131\u011f\u0131 personeli taraf\u0131ndan K\u0131rg\u0131zistan&#8217;dan \u00fclkemize getirilmi\u015ftir. Ahmet \u0130skender\u2019in \u00fczerinde karde\u015fi M.\u0130.\u2019ye ait olan ancak kendi foto\u011fraf\u0131 bulunan pasaport da ele ge\u00e7irilmi\u015ftir. Hakk\u0131nda 12 y\u0131l 6 ay onaylanm\u0131\u015f hapis cezas\u0131 bulunan \u015fah\u0131s, \u00e7\u0131kar\u0131ld\u0131\u011f\u0131 mahkemece tutuklanarak, Metris 1 Nolu T Tipi Ceza \u0130nfaz Kurumu\u2019na teslim edilmi\u015ftir&#8221; denildi.<\/p>\n<p>Agos gazetesi Genel Yay\u0131n Y\u00f6netmeni Hrant Dink&#8217;in 19 Ocak 2007&#8217;de katledilmesine ili\u015fkin davada ald\u0131\u011f\u0131 14 y\u0131l 4 ayl\u0131k hapis cezas\u0131 kesinle\u015fen Ahmet \u0130skender, Mart ay\u0131 ba\u015f\u0131nda K\u0131rg\u0131zistan&#8217;\u0131n ba\u015fkenti Bi\u015fkek&#8217;te g\u00f6zalt\u0131na al\u0131nm\u0131\u015ft\u0131.<\/p>\n<h2>Karar Aral\u0131k&#8217;ta a\u00e7\u0131kland\u0131<\/h2>\n<p>Dink&#8217;in \u00f6ld\u00fcr\u00fclmesine ili\u015fkin 76 kamu g\u00f6revlisinin yarg\u0131land\u0131\u011f\u0131 dava ge\u00e7en y\u0131l\u0131n Aral\u0131k ay\u0131nda karara ba\u011flanm\u0131\u015ft\u0131. Eski istihbarat\u00e7\u0131lar Ali Fuat Y. ve Ramazan A. &#8220;tasarlayarak kasten \u00f6ld\u00fcrme&#8221; su\u00e7undan a\u011f\u0131rla\u015ft\u0131r\u0131lm\u0131\u015f m\u00fcebbet hapis, Muharrem D. iki kez m\u00fcebbet ve Yavuz K. da m\u00fcebbet hapis cezalar\u0131na \u00e7arpt\u0131r\u0131lm\u0131\u015ft\u0131. 27 san\u0131k da 3 y\u0131ldan 28 y\u0131la kadar de\u011fi\u015fen oranlarda hapis cezas\u0131na \u00e7arpt\u0131r\u0131ld\u0131. Mahkeme ayr\u0131ca, Hrant Dink&#8217;in katilleri Og\u00fcn Samast, Erhan Tuncel ve Yasin Hayal, Yahya \u00d6. ve Adem S. hakk\u0131nda &#8220;FET\u00d6 \u00fcyeli\u011fi&#8221; su\u00e7lamas\u0131yla \u0130stanbul Cumhuriyet Ba\u015fsavc\u0131l\u0131\u011f\u0131&#8217;na su\u00e7 duyurusunda bulunulmas\u0131na karar vermi\u015fti.<\/p>\n<p>Ancak Dink Ailesi, Hrant Dink cinayeti davas\u0131ndaki yarg\u0131laman\u0131n kendilerini ikna etmedi\u011fini a\u00e7\u0131klam\u0131\u015ft\u0131. A\u00e7\u0131klamada 19 Ocak 2007 tarihinde i\u015flenen cinayetin &#8220;Genelkurmay&#8217;\u0131n, siyasilerin, yarg\u0131n\u0131n, medyan\u0131n ve baz\u0131 devlet g\u00fcd\u00fcml\u00fc s\u00f6zde sivil toplum kurulu\u015flar\u0131n\u0131n d\u00e2hil oldu\u011fu \u00fc\u00e7 y\u0131l s\u00fcren bir hedef g\u00f6sterme ve tehdit s\u00fcrecinin sonunda&#8221; ger\u00e7ekle\u015fti\u011fine dikkat \u00e7ekilerek Hrant Dink&#8217;in son yaz\u0131s\u0131nda bahsetti\u011fi hi\u00e7bir olay, ki\u015fi veya ili\u015fkinin soru\u015fturmaya d\u00e2hil edilmedi\u011fi vurgulanm\u0131\u015ft\u0131.<\/p>\n<p><strong><em>\u00a9 Deutsche Welle T\u00fcrk\u00e7e<\/em><\/strong><\/p>\n<p><strong><em>https:\/\/www.dw.com\/tr\/emniyetten-hrant-dink-suikast%C4%B1-ile-ilgili-a%C3%A7%C4%B1klama\/a-61272890\u00a0<\/em><\/strong><\/p>\n<\/div>\n<\/div>\n","protected":false},"excerpt":{"rendered":"<p>Emniyet Genel M\u00fcd\u00fcr\u00fcl\u00fc\u011f\u00fc (EGM), Hrant Dink cinayeti firari san\u0131klar\u0131ndan Ahmet \u0130skender&#8217;in K\u0131rg\u0131zistan&#8217;da yakalanarak T\u00fcrkiye&#8217;ye getirildi\u011fini duyurdu. Emniyet Genel M\u00fcd\u00fcrl\u00fc\u011f\u00fc (EGM),\u00a0Hrant Dink\u00a0 suikast\u0131na ili\u015fkin bir a\u00e7\u0131klama yay\u0131nlad\u0131. A\u00e7\u0131klamada, cinayetle ba\u011flant\u0131l\u0131 olarak aranan firari san\u0131k Ahmet \u0130skender&#8217;in K\u0131rg\u0131zistan&#8217;da yakalanarak T\u00fcrkiye&#8217;ye getirildi\u011fi belirtildi. EGM&#8217;nin a\u00e7\u0131klamas\u0131nda, &#8220;Gazeteci Hrant Dink suikast\u0131nda kullan\u0131lan silah\u0131 saklad\u0131\u011f\u0131, faile cinayet i\u00e7in bor\u00e7 para verdi\u011fi, [&hellip;]<\/p>\n","protected":false},"author":7,"featured_media":67733,"comment_status":"open","ping_status":"open","sticky":false,"template":"","format":"standard","meta":{"footnotes":""},"categories":[1],"tags":[],"class_list":["post-67732","post","type-post","status-publish","format-standard","has-post-thumbnail","hentry","category-haberler"],"yoast_head":"<!-- This site is optimized with the Yoast SEO plugin v27.4 - https:\/\/yoast.com\/product\/yoast-seo-wordpress\/ -->\n<title>Emniyet&#039;ten Hrant Dink suikast\u0131 ile ilgili a\u00e7\u0131klama - Bati Ermenistan Ve Bati Ermenileri Sorunlari Ara\u015ftirmalar Merkezi<\/title>\n<meta name=\"robots\" content=\"index, follow, max-snippet:-1, max-image-preview:large, max-video-preview:-1\" \/>\n<link rel=\"canonical\" href=\"https:\/\/akunq.net\/tr\/?p=67732\" \/>\n<meta property=\"og:locale\" content=\"en_US\" \/>\n<meta property=\"og:type\" content=\"article\" \/>\n<meta property=\"og:title\" content=\"Emniyet&#039;ten Hrant Dink suikast\u0131 ile ilgili a\u00e7\u0131klama - Bati Ermenistan Ve Bati Ermenileri Sorunlari Ara\u015ftirmalar Merkezi\" \/>\n<meta property=\"og:description\" content=\"Emniyet Genel M\u00fcd\u00fcr\u00fcl\u00fc\u011f\u00fc (EGM), Hrant Dink cinayeti firari san\u0131klar\u0131ndan Ahmet \u0130skender&#8217;in K\u0131rg\u0131zistan&#8217;da yakalanarak T\u00fcrkiye&#8217;ye getirildi\u011fini duyurdu. Emniyet Genel M\u00fcd\u00fcrl\u00fc\u011f\u00fc (EGM),\u00a0Hrant Dink\u00a0 suikast\u0131na ili\u015fkin bir a\u00e7\u0131klama yay\u0131nlad\u0131. A\u00e7\u0131klamada, cinayetle ba\u011flant\u0131l\u0131 olarak aranan firari san\u0131k Ahmet \u0130skender&#8217;in K\u0131rg\u0131zistan&#8217;da yakalanarak T\u00fcrkiye&#8217;ye getirildi\u011fi belirtildi. EGM&#8217;nin a\u00e7\u0131klamas\u0131nda, &#8220;Gazeteci Hrant Dink suikast\u0131nda kullan\u0131lan silah\u0131 saklad\u0131\u011f\u0131, faile cinayet i\u00e7in bor\u00e7 para verdi\u011fi, [&hellip;]\" \/>\n<meta property=\"og:url\" content=\"https:\/\/akunq.net\/tr\/?p=67732\" \/>\n<meta property=\"og:site_name\" content=\"Bati Ermenistan Ve Bati Ermenileri Sorunlari Ara\u015ftirmalar Merkezi\" \/>\n<meta property=\"article:published_time\" content=\"2022-03-30T08:00:26+00:00\" \/>\n<meta property=\"article:modified_time\" content=\"2022-03-30T08:00:36+00:00\" \/>\n<meta property=\"og:image\" content=\"https:\/\/akunq.net\/tr\/wp-content\/uploads\/sites\/6\/2022\/03\/Dink.jpg\" \/>\n\t<meta property=\"og:image:width\" content=\"700\" \/>\n\t<meta property=\"og:image:height\" content=\"394\" \/>\n\t<meta property=\"og:image:type\" content=\"image\/jpeg\" \/>\n<meta name=\"author\" content=\"admin\" \/>\n<meta name=\"twitter:card\" content=\"summary_large_image\" \/>\n<meta name=\"twitter:label1\" content=\"Written by\" \/>\n\t<meta name=\"twitter:data1\" content=\"admin\" \/>\n\t<meta name=\"twitter:label2\" content=\"Est. reading time\" \/>\n\t<meta name=\"twitter:data2\" content=\"3 minutes\" \/>\n<script type=\"application\/ld+json\" class=\"yoast-schema-graph\">{\"@context\":\"https:\\\/\\\/schema.org\",\"@graph\":[{\"@type\":\"Article\",\"@id\":\"https:\\\/\\\/akunq.net\\\/tr\\\/?p=67732#article\",\"isPartOf\":{\"@id\":\"https:\\\/\\\/akunq.net\\\/tr\\\/?p=67732\"},\"author\":{\"name\":\"admin\",\"@id\":\"https:\\\/\\\/akunq.net\\\/tr\\\/#\\\/schema\\\/person\\\/096f1d38a12cce57fb855b485ed24c9e\"},\"headline\":\"Emniyet&#8217;ten Hrant Dink suikast\u0131 ile ilgili a\u00e7\u0131klama\",\"datePublished\":\"2022-03-30T08:00:26+00:00\",\"dateModified\":\"2022-03-30T08:00:36+00:00\",\"mainEntityOfPage\":{\"@id\":\"https:\\\/\\\/akunq.net\\\/tr\\\/?p=67732\"},\"wordCount\":576,\"commentCount\":0,\"image\":{\"@id\":\"https:\\\/\\\/akunq.net\\\/tr\\\/?p=67732#primaryimage\"},\"thumbnailUrl\":\"https:\\\/\\\/akunq.net\\\/tr\\\/wp-content\\\/uploads\\\/sites\\\/6\\\/2022\\\/03\\\/Dink.jpg\",\"articleSection\":[\"Haberler\"],\"inLanguage\":\"en-US\",\"potentialAction\":[{\"@type\":\"CommentAction\",\"name\":\"Comment\",\"target\":[\"https:\\\/\\\/akunq.net\\\/tr\\\/?p=67732#respond\"]}]},{\"@type\":\"WebPage\",\"@id\":\"https:\\\/\\\/akunq.net\\\/tr\\\/?p=67732\",\"url\":\"https:\\\/\\\/akunq.net\\\/tr\\\/?p=67732\",\"name\":\"Emniyet'ten Hrant Dink suikast\u0131 ile ilgili a\u00e7\u0131klama - Bati Ermenistan Ve Bati Ermenileri Sorunlari Ara\u015ftirmalar Merkezi\",\"isPartOf\":{\"@id\":\"https:\\\/\\\/akunq.net\\\/tr\\\/#website\"},\"primaryImageOfPage\":{\"@id\":\"https:\\\/\\\/akunq.net\\\/tr\\\/?p=67732#primaryimage\"},\"image\":{\"@id\":\"https:\\\/\\\/akunq.net\\\/tr\\\/?p=67732#primaryimage\"},\"thumbnailUrl\":\"https:\\\/\\\/akunq.net\\\/tr\\\/wp-content\\\/uploads\\\/sites\\\/6\\\/2022\\\/03\\\/Dink.jpg\",\"datePublished\":\"2022-03-30T08:00:26+00:00\",\"dateModified\":\"2022-03-30T08:00:36+00:00\",\"author\":{\"@id\":\"https:\\\/\\\/akunq.net\\\/tr\\\/#\\\/schema\\\/person\\\/096f1d38a12cce57fb855b485ed24c9e\"},\"breadcrumb\":{\"@id\":\"https:\\\/\\\/akunq.net\\\/tr\\\/?p=67732#breadcrumb\"},\"inLanguage\":\"en-US\",\"potentialAction\":[{\"@type\":\"ReadAction\",\"target\":[\"https:\\\/\\\/akunq.net\\\/tr\\\/?p=67732\"]}]},{\"@type\":\"ImageObject\",\"inLanguage\":\"en-US\",\"@id\":\"https:\\\/\\\/akunq.net\\\/tr\\\/?p=67732#primaryimage\",\"url\":\"https:\\\/\\\/akunq.net\\\/tr\\\/wp-content\\\/uploads\\\/sites\\\/6\\\/2022\\\/03\\\/Dink.jpg\",\"contentUrl\":\"https:\\\/\\\/akunq.net\\\/tr\\\/wp-content\\\/uploads\\\/sites\\\/6\\\/2022\\\/03\\\/Dink.jpg\",\"width\":700,\"height\":394},{\"@type\":\"BreadcrumbList\",\"@id\":\"https:\\\/\\\/akunq.net\\\/tr\\\/?p=67732#breadcrumb\",\"itemListElement\":[{\"@type\":\"ListItem\",\"position\":1,\"name\":\"Home\",\"item\":\"https:\\\/\\\/akunq.net\\\/tr\"},{\"@type\":\"ListItem\",\"position\":2,\"name\":\"Emniyet&#8217;ten Hrant Dink suikast\u0131 ile ilgili a\u00e7\u0131klama\"}]},{\"@type\":\"WebSite\",\"@id\":\"https:\\\/\\\/akunq.net\\\/tr\\\/#website\",\"url\":\"https:\\\/\\\/akunq.net\\\/tr\\\/\",\"name\":\"Bati Ermenistan Ve Bati Ermenileri Sorunlari Ara\u015ftirmalar Merkezi\",\"description\":\"\",\"potentialAction\":[{\"@type\":\"SearchAction\",\"target\":{\"@type\":\"EntryPoint\",\"urlTemplate\":\"https:\\\/\\\/akunq.net\\\/tr\\\/?s={search_term_string}\"},\"query-input\":{\"@type\":\"PropertyValueSpecification\",\"valueRequired\":true,\"valueName\":\"search_term_string\"}}],\"inLanguage\":\"en-US\"},{\"@type\":\"Person\",\"@id\":\"https:\\\/\\\/akunq.net\\\/tr\\\/#\\\/schema\\\/person\\\/096f1d38a12cce57fb855b485ed24c9e\",\"name\":\"admin\",\"url\":\"https:\\\/\\\/akunq.net\\\/tr\\\/?author=7\"}]}<\/script>\n<!-- \/ Yoast SEO plugin. -->","yoast_head_json":{"title":"Emniyet'ten Hrant Dink suikast\u0131 ile ilgili a\u00e7\u0131klama - Bati Ermenistan Ve Bati Ermenileri Sorunlari Ara\u015ftirmalar Merkezi","robots":{"index":"index","follow":"follow","max-snippet":"max-snippet:-1","max-image-preview":"max-image-preview:large","max-video-preview":"max-video-preview:-1"},"canonical":"https:\/\/akunq.net\/tr\/?p=67732","og_locale":"en_US","og_type":"article","og_title":"Emniyet'ten Hrant Dink suikast\u0131 ile ilgili a\u00e7\u0131klama - Bati Ermenistan Ve Bati Ermenileri Sorunlari Ara\u015ftirmalar Merkezi","og_description":"Emniyet Genel M\u00fcd\u00fcr\u00fcl\u00fc\u011f\u00fc (EGM), Hrant Dink cinayeti firari san\u0131klar\u0131ndan Ahmet \u0130skender&#8217;in K\u0131rg\u0131zistan&#8217;da yakalanarak T\u00fcrkiye&#8217;ye getirildi\u011fini duyurdu. Emniyet Genel M\u00fcd\u00fcrl\u00fc\u011f\u00fc (EGM),\u00a0Hrant Dink\u00a0 suikast\u0131na ili\u015fkin bir a\u00e7\u0131klama yay\u0131nlad\u0131. A\u00e7\u0131klamada, cinayetle ba\u011flant\u0131l\u0131 olarak aranan firari san\u0131k Ahmet \u0130skender&#8217;in K\u0131rg\u0131zistan&#8217;da yakalanarak T\u00fcrkiye&#8217;ye getirildi\u011fi belirtildi. EGM&#8217;nin a\u00e7\u0131klamas\u0131nda, &#8220;Gazeteci Hrant Dink suikast\u0131nda kullan\u0131lan silah\u0131 saklad\u0131\u011f\u0131, faile cinayet i\u00e7in bor\u00e7 para verdi\u011fi, [&hellip;]","og_url":"https:\/\/akunq.net\/tr\/?p=67732","og_site_name":"Bati Ermenistan Ve Bati Ermenileri Sorunlari Ara\u015ftirmalar Merkezi","article_published_time":"2022-03-30T08:00:26+00:00","article_modified_time":"2022-03-30T08:00:36+00:00","og_image":[{"width":700,"height":394,"url":"https:\/\/akunq.net\/tr\/wp-content\/uploads\/sites\/6\/2022\/03\/Dink.jpg","type":"image\/jpeg"}],"author":"admin","twitter_card":"summary_large_image","twitter_misc":{"Written by":"admin","Est. reading time":"3 minutes"},"schema":{"@context":"https:\/\/schema.org","@graph":[{"@type":"Article","@id":"https:\/\/akunq.net\/tr\/?p=67732#article","isPartOf":{"@id":"https:\/\/akunq.net\/tr\/?p=67732"},"author":{"name":"admin","@id":"https:\/\/akunq.net\/tr\/#\/schema\/person\/096f1d38a12cce57fb855b485ed24c9e"},"headline":"Emniyet&#8217;ten Hrant Dink suikast\u0131 ile ilgili a\u00e7\u0131klama","datePublished":"2022-03-30T08:00:26+00:00","dateModified":"2022-03-30T08:00:36+00:00","mainEntityOfPage":{"@id":"https:\/\/akunq.net\/tr\/?p=67732"},"wordCount":576,"commentCount":0,"image":{"@id":"https:\/\/akunq.net\/tr\/?p=67732#primaryimage"},"thumbnailUrl":"https:\/\/akunq.net\/tr\/wp-content\/uploads\/sites\/6\/2022\/03\/Dink.jpg","articleSection":["Haberler"],"inLanguage":"en-US","potentialAction":[{"@type":"CommentAction","name":"Comment","target":["https:\/\/akunq.net\/tr\/?p=67732#respond"]}]},{"@type":"WebPage","@id":"https:\/\/akunq.net\/tr\/?p=67732","url":"https:\/\/akunq.net\/tr\/?p=67732","name":"Emniyet'ten Hrant Dink suikast\u0131 ile ilgili a\u00e7\u0131klama - Bati Ermenistan Ve Bati Ermenileri Sorunlari Ara\u015ftirmalar Merkezi","isPartOf":{"@id":"https:\/\/akunq.net\/tr\/#website"},"primaryImageOfPage":{"@id":"https:\/\/akunq.net\/tr\/?p=67732#primaryimage"},"image":{"@id":"https:\/\/akunq.net\/tr\/?p=67732#primaryimage"},"thumbnailUrl":"https:\/\/akunq.net\/tr\/wp-content\/uploads\/sites\/6\/2022\/03\/Dink.jpg","datePublished":"2022-03-30T08:00:26+00:00","dateModified":"2022-03-30T08:00:36+00:00","author":{"@id":"https:\/\/akunq.net\/tr\/#\/schema\/person\/096f1d38a12cce57fb855b485ed24c9e"},"breadcrumb":{"@id":"https:\/\/akunq.net\/tr\/?p=67732#breadcrumb"},"inLanguage":"en-US","potentialAction":[{"@type":"ReadAction","target":["https:\/\/akunq.net\/tr\/?p=67732"]}]},{"@type":"ImageObject","inLanguage":"en-US","@id":"https:\/\/akunq.net\/tr\/?p=67732#primaryimage","url":"https:\/\/akunq.net\/tr\/wp-content\/uploads\/sites\/6\/2022\/03\/Dink.jpg","contentUrl":"https:\/\/akunq.net\/tr\/wp-content\/uploads\/sites\/6\/2022\/03\/Dink.jpg","width":700,"height":394},{"@type":"BreadcrumbList","@id":"https:\/\/akunq.net\/tr\/?p=67732#breadcrumb","itemListElement":[{"@type":"ListItem","position":1,"name":"Home","item":"https:\/\/akunq.net\/tr"},{"@type":"ListItem","position":2,"name":"Emniyet&#8217;ten Hrant Dink suikast\u0131 ile ilgili a\u00e7\u0131klama"}]},{"@type":"WebSite","@id":"https:\/\/akunq.net\/tr\/#website","url":"https:\/\/akunq.net\/tr\/","name":"Bati Ermenistan Ve Bati Ermenileri Sorunlari Ara\u015ftirmalar Merkezi","description":"","potentialAction":[{"@type":"SearchAction","target":{"@type":"EntryPoint","urlTemplate":"https:\/\/akunq.net\/tr\/?s={search_term_string}"},"query-input":{"@type":"PropertyValueSpecification","valueRequired":true,"valueName":"search_term_string"}}],"inLanguage":"en-US"},{"@type":"Person","@id":"https:\/\/akunq.net\/tr\/#\/schema\/person\/096f1d38a12cce57fb855b485ed24c9e","name":"admin","url":"https:\/\/akunq.net\/tr\/?author=7"}]}},"_links":{"self":[{"href":"https:\/\/akunq.net\/tr\/index.php?rest_route=\/wp\/v2\/posts\/67732","targetHints":{"allow":["GET"]}}],"collection":[{"href":"https:\/\/akunq.net\/tr\/index.php?rest_route=\/wp\/v2\/posts"}],"about":[{"href":"https:\/\/akunq.net\/tr\/index.php?rest_route=\/wp\/v2\/types\/post"}],"author":[{"embeddable":true,"href":"https:\/\/akunq.net\/tr\/index.php?rest_route=\/wp\/v2\/users\/7"}],"replies":[{"embeddable":true,"href":"https:\/\/akunq.net\/tr\/index.php?rest_route=%2Fwp%2Fv2%2Fcomments&post=67732"}],"version-history":[{"count":2,"href":"https:\/\/akunq.net\/tr\/index.php?rest_route=\/wp\/v2\/posts\/67732\/revisions"}],"predecessor-version":[{"id":67735,"href":"https:\/\/akunq.net\/tr\/index.php?rest_route=\/wp\/v2\/posts\/67732\/revisions\/67735"}],"wp:featuredmedia":[{"embeddable":true,"href":"https:\/\/akunq.net\/tr\/index.php?rest_route=\/wp\/v2\/media\/67733"}],"wp:attachment":[{"href":"https:\/\/akunq.net\/tr\/index.php?rest_route=%2Fwp%2Fv2%2Fmedia&parent=67732"}],"wp:term":[{"taxonomy":"category","embeddable":true,"href":"https:\/\/akunq.net\/tr\/index.php?rest_route=%2Fwp%2Fv2%2Fcategories&post=67732"},{"taxonomy":"post_tag","embeddable":true,"href":"https:\/\/akunq.net\/tr\/index.php?rest_route=%2Fwp%2Fv2%2Ftags&post=67732"}],"curies":[{"name":"wp","href":"https:\/\/api.w.org\/{rel}","templated":true}]}}