{"id":67729,"date":"2022-03-30T02:52:43","date_gmt":"2022-03-30T07:52:43","guid":{"rendered":"https:\/\/akunq.net\/tr\/?p=67729"},"modified":"2022-03-30T02:52:43","modified_gmt":"2022-03-30T07:52:43","slug":"turkiyede-halkin-yuzde-40i-asiri-kalabalik-evlerde-yasiyor","status":"publish","type":"post","link":"https:\/\/akunq.net\/tr\/?p=67729","title":{"rendered":"T\u00fcrkiye\u2019de halk\u0131n y\u00fczde 40\u2019\u0131 &#8216;a\u015f\u0131r\u0131 kalabal\u0131k&#8217; evlerde ya\u015f\u0131yor"},"content":{"rendered":"<p><img loading=\"lazy\" decoding=\"async\" class=\"aligncenter size-medium wp-image-67730\" src=\"https:\/\/akunq.net\/tr\/wp-content\/uploads\/2022\/03\/T\u00fcrkiye\u2019de-halk-360x203.jpg\" alt=\"\" width=\"360\" height=\"203\" srcset=\"https:\/\/akunq.net\/tr\/wp-content\/uploads\/sites\/6\/2022\/03\/T\u00fcrkiye\u2019de-halk-360x203.jpg 360w, https:\/\/akunq.net\/tr\/wp-content\/uploads\/sites\/6\/2022\/03\/T\u00fcrkiye\u2019de-halk-768x432.jpg 768w, https:\/\/akunq.net\/tr\/wp-content\/uploads\/sites\/6\/2022\/03\/T\u00fcrkiye\u2019de-halk-560x315.jpg 560w, https:\/\/akunq.net\/tr\/wp-content\/uploads\/sites\/6\/2022\/03\/T\u00fcrkiye\u2019de-halk-260x146.jpg 260w, https:\/\/akunq.net\/tr\/wp-content\/uploads\/sites\/6\/2022\/03\/T\u00fcrkiye\u2019de-halk-160x90.jpg 160w, https:\/\/akunq.net\/tr\/wp-content\/uploads\/sites\/6\/2022\/03\/T\u00fcrkiye\u2019de-halk.jpg 773w\" sizes=\"auto, (max-width: 360px) 100vw, 360px\" \/><\/p>\n<p><em><strong>D\u00fcnyada konut fiyatlar\u0131 ve kiralarda en fazla art\u0131\u015f\u0131n ya\u015fand\u0131\u011f\u0131 \u00fclkelerin ba\u015f\u0131nda T\u00fcrkiye geliyor. Resmi verilere g\u00f6re T\u00fcrkiye\u2019de halk\u0131n y\u00fczde 40\u2019\u0131 &#8216;a\u015f\u0131r\u0131 kalabal\u0131k evlerde&#8217; ya\u015f\u0131yor. Bu oran Avrupa Birli\u011fi (AB) \u00fclkelerinde ortalama y\u00fczde 18.<\/strong><\/em><\/p>\n<p>Avrupa Birli\u011fi (AB) \u0130statistik Ofisi&#8217;nin (Eurostat) 2020 y\u0131l\u0131na ili\u015fkin hane halk\u0131 verilerine g\u00f6re T\u00fcrkiye bu alanda 37 Avrupa \u00fclkesi i\u00e7inde 7. s\u0131rada yer al\u0131yor.<\/p>\n<h2>A\u015f\u0131r\u0131 kalabal\u0131k evler nas\u0131l hesaplan\u0131yor?<\/h2>\n<p>A\u015fa\u011f\u0131daki \u015fartlara uymayan bir hane a\u015f\u0131r\u0131 kalabal\u0131k ev olarak kabul ediliyor:<\/p>\n<p>\u2022 Hane halk\u0131 i\u00e7in en az 1 oda yoksa,<\/p>\n<p data-min-tv-running=\"true\">\u2022 Hanedeki \u00e7ift ba\u015f\u0131na bir oda d\u00fc\u015fm\u00fcyorsa<\/p>\n<p>\u2022 18 ya\u015f \u00fcst\u00fcndekilere bir oda d\u00fc\u015fm\u00fcyorsa<\/p>\n<p>\u2022 12-17 ya\u015f aras\u0131nda ve ayn\u0131 cinsiyetteki iki ki\u015fiye bir oda d\u00fc\u015fm\u00fcyorsa<\/p>\n<div id=\"adzone-sharethrough_01\" class=\"advertising advertising--no-label advertising--sharethrough js-adzone\" data-ad-name=\"adzone-sharethrough\" data-ad-index=\"1\" data-ad-key=\"strnativekey\" data-ad-key-value=\"1G96EdRgcHV6pyWWMGCR7SB7\" data-ad-id=\"adzone-sharethrough_01\"><\/div>\n<p>\u2022 Cinsiyetleri farkl\u0131 ise 12-17 ya\u015f aras\u0131ndaki bir ki\u015fiye ayr\u0131 bir oda d\u00fc\u015fm\u00fcyorsa<\/p>\n<p>\u2022 12 ya\u015f alt\u0131ndaki iki \u00e7ocu\u011fa bir oda d\u00fc\u015fm\u00fcyorsa<\/p>\n<p>Eurostat 2020 y\u0131l\u0131 verilerine g\u00f6re listenin \u00fcst s\u0131ralar\u0131nda Balkan \u00fclkelerinin olmas\u0131 dikkat \u00e7ekiyor.<\/p>\n<div class=\"widget widget--type-freeform\nwidget--size-fullwidth\nwidget--align-center\"><\/p>\n<div class=\"widget__wrapper\">\n<div class=\"widget__ratio widget__ratio--auto\">\n<div class=\"widget__contents\">\n<div class=\"flourish-chart\" data-src=\"visualisation\/9128833?60023\"><iframe loading=\"lazy\" title=\"Interactive or visual content\" src=\"https:\/\/flo.uri.sh\/visualisation\/9128833\/embed?auto=1\" width=\"100%\" height=\"\" frameborder=\"0\" scrolling=\"no\" sandbox=\"allow-same-origin allow-forms allow-scripts allow-downloads allow-popups allow-popups-to-escape-sandbox allow-top-navigation-by-user-activation\" data-mce-fragment=\"1\"><\/iframe><\/div>\n<\/div>\n<\/div>\n<\/div>\n<\/div>\n<p>Zirvede y\u00fczde 65 ile Karada\u011f var. Ard\u0131ndan y\u00fczde 58 ile Arnavutluk, y\u00fczde 53 ile S\u0131rbistan, y\u00fczde 45 ile Romanya, y\u00fczde 44 ile Kuzey Makedonya ve y\u00fczde 43 ile Letonya geliyor.<\/p>\n<p>7. s\u0131radaki T\u00fcrkiye\u2019de halk\u0131n y\u00fczde 40\u2019\u0131 a\u015f\u0131r\u0131 kalabal\u0131k evlerde ya\u015f\u0131yor. Bulgaristan da y\u00fczde 40 ile ondal\u0131k fark ile T\u00fcrkiye\u2019nin arkas\u0131ndan geliyor.<\/p>\n<p>AB ortalamas\u0131 y\u00fczde 16. Listenin sonunda ise y\u00fczde 3 ile K\u0131br\u0131s, y\u00fczde 4 ile Malta ve y\u00fczde 5 ile \u0130rlanda, Hollanda ve \u0130ngiltere geliyor.<\/p>\n<h2>Gen\u00e7lerde oran daha y\u00fcksek<\/h2>\n<p>A\u015f\u0131r\u0131 kalabal\u0131k evlerde ya\u015fayanlar\u0131n oran\u0131 15-29 ya\u015f aras\u0131ndaki gen\u00e7lerde y\u00fckseliyor. Bu ya\u015f grubunda T\u00fcrkiye\u2019dekilerin y\u00fczde 52\u2019si kabal\u0131k evlerde hayatlar\u0131n\u0131 s\u00fcrd\u00fcr\u00fcyor. AB ortalamas\u0131 ise y\u00fczde 24.<\/p>\n<div class=\"widget widget--type-freeform\nwidget--size-fullwidth\nwidget--align-center\"><\/p>\n<div class=\"widget__wrapper\">\n<div class=\"widget__ratio widget__ratio--auto\">\n<div class=\"widget__contents\">\n<div class=\"flourish-chart\" data-src=\"visualisation\/9129068?60023\"><iframe loading=\"lazy\" title=\"Interactive or visual content\" src=\"https:\/\/flo.uri.sh\/visualisation\/9129068\/embed?auto=1\" width=\"100%\" height=\"\" frameborder=\"0\" scrolling=\"no\" sandbox=\"allow-same-origin allow-forms allow-scripts allow-downloads allow-popups allow-popups-to-escape-sandbox allow-top-navigation-by-user-activation\" data-mce-fragment=\"1\"><\/iframe><\/div>\n<\/div>\n<\/div>\n<\/div>\n<\/div>\n<p>Gen\u00e7lerde de zirvede y\u00fczde 77 ile Karada\u011f var. Yine Balkan \u00fclkeleri listenin \u00fcst\u00fcnde yer al\u0131rken ada \u00fclkeleri K\u0131br\u0131s ve Malta yine son s\u0131ralarda bulunuyor.<\/p>\n<p>T\u00fcrkiye \u0130statistik Kurumu (T\u00dc\u0130K) verilerine g\u00f6re T\u00fcrkiye&#8217;de 2008 y\u0131l\u0131nda 4 ki\u015fi olan ortalama hane halk\u0131 b\u00fcy\u00fckl\u00fc\u011f\u00fc son y\u0131llarda azalarak 2020 y\u0131l\u0131nda 3,30 ki\u015fiye d\u00fc\u015ft\u00fc.<\/p>\n<h2>Ev sahibi ve kirac\u0131 oranlar\u0131 ka\u00e7?<\/h2>\n<p>Eurostat\u2019\u0131n 2020 y\u0131l\u0131 verilerine g\u00f6re AB \u00fclkelerinde en fazla kirac\u0131 Almanya\u2019da. Almanya\u2019da halk\u0131n yar\u0131s\u0131 kirada oturuyor. T\u00fcrkiye\u2019de kirac\u0131 oran\u0131 ise y\u00fczde 42.<\/p>\n<p>T\u00fcrkiye bu alanda Avrupa \u00fclkeleri i\u00e7inde d\u00f6rd\u00fcnc\u00fc s\u0131rada yer al\u0131yor. AB genelinde kirac\u0131 oran\u0131 y\u00fczde 30.<\/p>\n<h2>T\u00fcrkiye\u2019de konut ve kira fiyatlar\u0131 ne kadar y\u00fckseldi?<\/h2>\n<p>Eurostat verilerine g\u00f6re 2020 ile 2021 y\u0131llar\u0131 2. \u00e7eyrek aras\u0131nda T\u00fcrkiye\u2019de ev fiyatlar\u0131 y\u00fczde 29,2 artarken bu oran Avrupa Birli\u011fi (AB) \u00fclkelerinde ortalama y\u00fczde 7,3 oldu. Buna g\u00f6re Avrupa\u2019da bu d\u00f6nemde ev fiyatlar\u0131n\u0131n en \u00e7ok art\u0131\u015f g\u00f6sterdi\u011fi \u00fclke a\u00e7\u0131k ara T\u00fcrkiye oldu.<\/p>\n<p>Knight Frank K\u00fcresel Konut Fiyat Endeksi verilerine g\u00f6re de d\u00fcnyada son bir y\u0131lda konut fiyatlar\u0131n\u0131n en \u00e7ok artt\u0131\u011f\u0131 ilk 10 \u015fehirden \u00fc\u00e7\u00fc T\u00fcrkiye\u2019de \u00e7\u0131kt\u0131. 2020 ile 2021&#8217;in ikinci \u00e7eyrekleri aras\u0131nda 55 \u00fclke ve 150 \u015fehri i\u00e7eren ara\u015ft\u0131rmada \u0130zmir, \u0130stanbul ve Ankara ilk 10&#8217;da yer ald\u0131.<\/p>\n<p><em><strong>https:\/\/tr.euronews.com\/2022\/03\/25\/turkiye-de-halk-n-yuzde-40-as-r-kalabal-k-evlerde-yas-yor\u00a0<\/strong><\/em><\/p>\n","protected":false},"excerpt":{"rendered":"<p>D\u00fcnyada konut fiyatlar\u0131 ve kiralarda en fazla art\u0131\u015f\u0131n ya\u015fand\u0131\u011f\u0131 \u00fclkelerin ba\u015f\u0131nda T\u00fcrkiye geliyor. Resmi verilere g\u00f6re T\u00fcrkiye\u2019de halk\u0131n y\u00fczde 40\u2019\u0131 &#8216;a\u015f\u0131r\u0131 kalabal\u0131k evlerde&#8217; ya\u015f\u0131yor. Bu oran Avrupa Birli\u011fi (AB) \u00fclkelerinde ortalama y\u00fczde 18. Avrupa Birli\u011fi (AB) \u0130statistik Ofisi&#8217;nin (Eurostat) 2020 y\u0131l\u0131na ili\u015fkin hane halk\u0131 verilerine g\u00f6re T\u00fcrkiye bu alanda 37 Avrupa \u00fclkesi i\u00e7inde 7. s\u0131rada [&hellip;]<\/p>\n","protected":false},"author":7,"featured_media":67730,"comment_status":"open","ping_status":"open","sticky":false,"template":"","format":"standard","meta":{"footnotes":""},"categories":[1],"tags":[],"class_list":["post-67729","post","type-post","status-publish","format-standard","has-post-thumbnail","hentry","category-haberler"],"yoast_head":"<!-- This site is optimized with the Yoast SEO plugin v27.4 - https:\/\/yoast.com\/product\/yoast-seo-wordpress\/ -->\n<title>T\u00fcrkiye\u2019de halk\u0131n y\u00fczde 40\u2019\u0131 &#039;a\u015f\u0131r\u0131 kalabal\u0131k&#039; evlerde ya\u015f\u0131yor - Bati Ermenistan Ve Bati Ermenileri Sorunlari Ara\u015ftirmalar Merkezi<\/title>\n<meta name=\"robots\" content=\"index, follow, max-snippet:-1, max-image-preview:large, max-video-preview:-1\" \/>\n<link rel=\"canonical\" href=\"https:\/\/akunq.net\/tr\/?p=67729\" \/>\n<meta property=\"og:locale\" content=\"en_US\" \/>\n<meta property=\"og:type\" content=\"article\" \/>\n<meta property=\"og:title\" content=\"T\u00fcrkiye\u2019de halk\u0131n y\u00fczde 40\u2019\u0131 &#039;a\u015f\u0131r\u0131 kalabal\u0131k&#039; evlerde ya\u015f\u0131yor - Bati Ermenistan Ve Bati Ermenileri Sorunlari Ara\u015ftirmalar Merkezi\" \/>\n<meta property=\"og:description\" content=\"D\u00fcnyada konut fiyatlar\u0131 ve kiralarda en fazla art\u0131\u015f\u0131n ya\u015fand\u0131\u011f\u0131 \u00fclkelerin ba\u015f\u0131nda T\u00fcrkiye geliyor. Resmi verilere g\u00f6re T\u00fcrkiye\u2019de halk\u0131n y\u00fczde 40\u2019\u0131 &#8216;a\u015f\u0131r\u0131 kalabal\u0131k evlerde&#8217; ya\u015f\u0131yor. Bu oran Avrupa Birli\u011fi (AB) \u00fclkelerinde ortalama y\u00fczde 18. Avrupa Birli\u011fi (AB) \u0130statistik Ofisi&#8217;nin (Eurostat) 2020 y\u0131l\u0131na ili\u015fkin hane halk\u0131 verilerine g\u00f6re T\u00fcrkiye bu alanda 37 Avrupa \u00fclkesi i\u00e7inde 7. s\u0131rada [&hellip;]\" \/>\n<meta property=\"og:url\" content=\"https:\/\/akunq.net\/tr\/?p=67729\" \/>\n<meta property=\"og:site_name\" content=\"Bati Ermenistan Ve Bati Ermenileri Sorunlari Ara\u015ftirmalar Merkezi\" \/>\n<meta property=\"article:published_time\" content=\"2022-03-30T07:52:43+00:00\" \/>\n<meta property=\"og:image\" content=\"https:\/\/akunq.net\/tr\/wp-content\/uploads\/sites\/6\/2022\/03\/T\u00fcrkiye\u2019de-halk.jpg\" \/>\n\t<meta property=\"og:image:width\" content=\"773\" \/>\n\t<meta property=\"og:image:height\" content=\"435\" \/>\n\t<meta property=\"og:image:type\" content=\"image\/jpeg\" \/>\n<meta name=\"author\" content=\"admin\" \/>\n<meta name=\"twitter:card\" content=\"summary_large_image\" \/>\n<meta name=\"twitter:label1\" content=\"Written by\" \/>\n\t<meta name=\"twitter:data1\" content=\"admin\" \/>\n\t<meta name=\"twitter:label2\" content=\"Est. reading time\" \/>\n\t<meta name=\"twitter:data2\" content=\"3 minutes\" \/>\n<script type=\"application\/ld+json\" class=\"yoast-schema-graph\">{\"@context\":\"https:\\\/\\\/schema.org\",\"@graph\":[{\"@type\":\"Article\",\"@id\":\"https:\\\/\\\/akunq.net\\\/tr\\\/?p=67729#article\",\"isPartOf\":{\"@id\":\"https:\\\/\\\/akunq.net\\\/tr\\\/?p=67729\"},\"author\":{\"name\":\"admin\",\"@id\":\"https:\\\/\\\/akunq.net\\\/tr\\\/#\\\/schema\\\/person\\\/096f1d38a12cce57fb855b485ed24c9e\"},\"headline\":\"T\u00fcrkiye\u2019de halk\u0131n y\u00fczde 40\u2019\u0131 &#8216;a\u015f\u0131r\u0131 kalabal\u0131k&#8217; evlerde ya\u015f\u0131yor\",\"datePublished\":\"2022-03-30T07:52:43+00:00\",\"mainEntityOfPage\":{\"@id\":\"https:\\\/\\\/akunq.net\\\/tr\\\/?p=67729\"},\"wordCount\":577,\"commentCount\":0,\"image\":{\"@id\":\"https:\\\/\\\/akunq.net\\\/tr\\\/?p=67729#primaryimage\"},\"thumbnailUrl\":\"https:\\\/\\\/akunq.net\\\/tr\\\/wp-content\\\/uploads\\\/sites\\\/6\\\/2022\\\/03\\\/T\u00fcrkiye\u2019de-halk.jpg\",\"articleSection\":[\"Haberler\"],\"inLanguage\":\"en-US\",\"potentialAction\":[{\"@type\":\"CommentAction\",\"name\":\"Comment\",\"target\":[\"https:\\\/\\\/akunq.net\\\/tr\\\/?p=67729#respond\"]}]},{\"@type\":\"WebPage\",\"@id\":\"https:\\\/\\\/akunq.net\\\/tr\\\/?p=67729\",\"url\":\"https:\\\/\\\/akunq.net\\\/tr\\\/?p=67729\",\"name\":\"T\u00fcrkiye\u2019de halk\u0131n y\u00fczde 40\u2019\u0131 'a\u015f\u0131r\u0131 kalabal\u0131k' evlerde ya\u015f\u0131yor - Bati Ermenistan Ve Bati Ermenileri Sorunlari Ara\u015ftirmalar Merkezi\",\"isPartOf\":{\"@id\":\"https:\\\/\\\/akunq.net\\\/tr\\\/#website\"},\"primaryImageOfPage\":{\"@id\":\"https:\\\/\\\/akunq.net\\\/tr\\\/?p=67729#primaryimage\"},\"image\":{\"@id\":\"https:\\\/\\\/akunq.net\\\/tr\\\/?p=67729#primaryimage\"},\"thumbnailUrl\":\"https:\\\/\\\/akunq.net\\\/tr\\\/wp-content\\\/uploads\\\/sites\\\/6\\\/2022\\\/03\\\/T\u00fcrkiye\u2019de-halk.jpg\",\"datePublished\":\"2022-03-30T07:52:43+00:00\",\"author\":{\"@id\":\"https:\\\/\\\/akunq.net\\\/tr\\\/#\\\/schema\\\/person\\\/096f1d38a12cce57fb855b485ed24c9e\"},\"breadcrumb\":{\"@id\":\"https:\\\/\\\/akunq.net\\\/tr\\\/?p=67729#breadcrumb\"},\"inLanguage\":\"en-US\",\"potentialAction\":[{\"@type\":\"ReadAction\",\"target\":[\"https:\\\/\\\/akunq.net\\\/tr\\\/?p=67729\"]}]},{\"@type\":\"ImageObject\",\"inLanguage\":\"en-US\",\"@id\":\"https:\\\/\\\/akunq.net\\\/tr\\\/?p=67729#primaryimage\",\"url\":\"https:\\\/\\\/akunq.net\\\/tr\\\/wp-content\\\/uploads\\\/sites\\\/6\\\/2022\\\/03\\\/T\u00fcrkiye\u2019de-halk.jpg\",\"contentUrl\":\"https:\\\/\\\/akunq.net\\\/tr\\\/wp-content\\\/uploads\\\/sites\\\/6\\\/2022\\\/03\\\/T\u00fcrkiye\u2019de-halk.jpg\",\"width\":773,\"height\":435},{\"@type\":\"BreadcrumbList\",\"@id\":\"https:\\\/\\\/akunq.net\\\/tr\\\/?p=67729#breadcrumb\",\"itemListElement\":[{\"@type\":\"ListItem\",\"position\":1,\"name\":\"Home\",\"item\":\"https:\\\/\\\/akunq.net\\\/tr\"},{\"@type\":\"ListItem\",\"position\":2,\"name\":\"T\u00fcrkiye\u2019de halk\u0131n y\u00fczde 40\u2019\u0131 &#8216;a\u015f\u0131r\u0131 kalabal\u0131k&#8217; evlerde ya\u015f\u0131yor\"}]},{\"@type\":\"WebSite\",\"@id\":\"https:\\\/\\\/akunq.net\\\/tr\\\/#website\",\"url\":\"https:\\\/\\\/akunq.net\\\/tr\\\/\",\"name\":\"Bati Ermenistan Ve Bati Ermenileri Sorunlari Ara\u015ftirmalar Merkezi\",\"description\":\"\",\"potentialAction\":[{\"@type\":\"SearchAction\",\"target\":{\"@type\":\"EntryPoint\",\"urlTemplate\":\"https:\\\/\\\/akunq.net\\\/tr\\\/?s={search_term_string}\"},\"query-input\":{\"@type\":\"PropertyValueSpecification\",\"valueRequired\":true,\"valueName\":\"search_term_string\"}}],\"inLanguage\":\"en-US\"},{\"@type\":\"Person\",\"@id\":\"https:\\\/\\\/akunq.net\\\/tr\\\/#\\\/schema\\\/person\\\/096f1d38a12cce57fb855b485ed24c9e\",\"name\":\"admin\",\"url\":\"https:\\\/\\\/akunq.net\\\/tr\\\/?author=7\"}]}<\/script>\n<!-- \/ Yoast SEO plugin. -->","yoast_head_json":{"title":"T\u00fcrkiye\u2019de halk\u0131n y\u00fczde 40\u2019\u0131 'a\u015f\u0131r\u0131 kalabal\u0131k' evlerde ya\u015f\u0131yor - Bati Ermenistan Ve Bati Ermenileri Sorunlari Ara\u015ftirmalar Merkezi","robots":{"index":"index","follow":"follow","max-snippet":"max-snippet:-1","max-image-preview":"max-image-preview:large","max-video-preview":"max-video-preview:-1"},"canonical":"https:\/\/akunq.net\/tr\/?p=67729","og_locale":"en_US","og_type":"article","og_title":"T\u00fcrkiye\u2019de halk\u0131n y\u00fczde 40\u2019\u0131 'a\u015f\u0131r\u0131 kalabal\u0131k' evlerde ya\u015f\u0131yor - Bati Ermenistan Ve Bati Ermenileri Sorunlari Ara\u015ftirmalar Merkezi","og_description":"D\u00fcnyada konut fiyatlar\u0131 ve kiralarda en fazla art\u0131\u015f\u0131n ya\u015fand\u0131\u011f\u0131 \u00fclkelerin ba\u015f\u0131nda T\u00fcrkiye geliyor. Resmi verilere g\u00f6re T\u00fcrkiye\u2019de halk\u0131n y\u00fczde 40\u2019\u0131 &#8216;a\u015f\u0131r\u0131 kalabal\u0131k evlerde&#8217; ya\u015f\u0131yor. Bu oran Avrupa Birli\u011fi (AB) \u00fclkelerinde ortalama y\u00fczde 18. Avrupa Birli\u011fi (AB) \u0130statistik Ofisi&#8217;nin (Eurostat) 2020 y\u0131l\u0131na ili\u015fkin hane halk\u0131 verilerine g\u00f6re T\u00fcrkiye bu alanda 37 Avrupa \u00fclkesi i\u00e7inde 7. s\u0131rada [&hellip;]","og_url":"https:\/\/akunq.net\/tr\/?p=67729","og_site_name":"Bati Ermenistan Ve Bati Ermenileri Sorunlari Ara\u015ftirmalar Merkezi","article_published_time":"2022-03-30T07:52:43+00:00","og_image":[{"width":773,"height":435,"url":"https:\/\/akunq.net\/tr\/wp-content\/uploads\/sites\/6\/2022\/03\/T\u00fcrkiye\u2019de-halk.jpg","type":"image\/jpeg"}],"author":"admin","twitter_card":"summary_large_image","twitter_misc":{"Written by":"admin","Est. reading time":"3 minutes"},"schema":{"@context":"https:\/\/schema.org","@graph":[{"@type":"Article","@id":"https:\/\/akunq.net\/tr\/?p=67729#article","isPartOf":{"@id":"https:\/\/akunq.net\/tr\/?p=67729"},"author":{"name":"admin","@id":"https:\/\/akunq.net\/tr\/#\/schema\/person\/096f1d38a12cce57fb855b485ed24c9e"},"headline":"T\u00fcrkiye\u2019de halk\u0131n y\u00fczde 40\u2019\u0131 &#8216;a\u015f\u0131r\u0131 kalabal\u0131k&#8217; evlerde ya\u015f\u0131yor","datePublished":"2022-03-30T07:52:43+00:00","mainEntityOfPage":{"@id":"https:\/\/akunq.net\/tr\/?p=67729"},"wordCount":577,"commentCount":0,"image":{"@id":"https:\/\/akunq.net\/tr\/?p=67729#primaryimage"},"thumbnailUrl":"https:\/\/akunq.net\/tr\/wp-content\/uploads\/sites\/6\/2022\/03\/T\u00fcrkiye\u2019de-halk.jpg","articleSection":["Haberler"],"inLanguage":"en-US","potentialAction":[{"@type":"CommentAction","name":"Comment","target":["https:\/\/akunq.net\/tr\/?p=67729#respond"]}]},{"@type":"WebPage","@id":"https:\/\/akunq.net\/tr\/?p=67729","url":"https:\/\/akunq.net\/tr\/?p=67729","name":"T\u00fcrkiye\u2019de halk\u0131n y\u00fczde 40\u2019\u0131 'a\u015f\u0131r\u0131 kalabal\u0131k' evlerde ya\u015f\u0131yor - Bati Ermenistan Ve Bati Ermenileri Sorunlari Ara\u015ftirmalar Merkezi","isPartOf":{"@id":"https:\/\/akunq.net\/tr\/#website"},"primaryImageOfPage":{"@id":"https:\/\/akunq.net\/tr\/?p=67729#primaryimage"},"image":{"@id":"https:\/\/akunq.net\/tr\/?p=67729#primaryimage"},"thumbnailUrl":"https:\/\/akunq.net\/tr\/wp-content\/uploads\/sites\/6\/2022\/03\/T\u00fcrkiye\u2019de-halk.jpg","datePublished":"2022-03-30T07:52:43+00:00","author":{"@id":"https:\/\/akunq.net\/tr\/#\/schema\/person\/096f1d38a12cce57fb855b485ed24c9e"},"breadcrumb":{"@id":"https:\/\/akunq.net\/tr\/?p=67729#breadcrumb"},"inLanguage":"en-US","potentialAction":[{"@type":"ReadAction","target":["https:\/\/akunq.net\/tr\/?p=67729"]}]},{"@type":"ImageObject","inLanguage":"en-US","@id":"https:\/\/akunq.net\/tr\/?p=67729#primaryimage","url":"https:\/\/akunq.net\/tr\/wp-content\/uploads\/sites\/6\/2022\/03\/T\u00fcrkiye\u2019de-halk.jpg","contentUrl":"https:\/\/akunq.net\/tr\/wp-content\/uploads\/sites\/6\/2022\/03\/T\u00fcrkiye\u2019de-halk.jpg","width":773,"height":435},{"@type":"BreadcrumbList","@id":"https:\/\/akunq.net\/tr\/?p=67729#breadcrumb","itemListElement":[{"@type":"ListItem","position":1,"name":"Home","item":"https:\/\/akunq.net\/tr"},{"@type":"ListItem","position":2,"name":"T\u00fcrkiye\u2019de halk\u0131n y\u00fczde 40\u2019\u0131 &#8216;a\u015f\u0131r\u0131 kalabal\u0131k&#8217; evlerde ya\u015f\u0131yor"}]},{"@type":"WebSite","@id":"https:\/\/akunq.net\/tr\/#website","url":"https:\/\/akunq.net\/tr\/","name":"Bati Ermenistan Ve Bati Ermenileri Sorunlari Ara\u015ftirmalar Merkezi","description":"","potentialAction":[{"@type":"SearchAction","target":{"@type":"EntryPoint","urlTemplate":"https:\/\/akunq.net\/tr\/?s={search_term_string}"},"query-input":{"@type":"PropertyValueSpecification","valueRequired":true,"valueName":"search_term_string"}}],"inLanguage":"en-US"},{"@type":"Person","@id":"https:\/\/akunq.net\/tr\/#\/schema\/person\/096f1d38a12cce57fb855b485ed24c9e","name":"admin","url":"https:\/\/akunq.net\/tr\/?author=7"}]}},"_links":{"self":[{"href":"https:\/\/akunq.net\/tr\/index.php?rest_route=\/wp\/v2\/posts\/67729","targetHints":{"allow":["GET"]}}],"collection":[{"href":"https:\/\/akunq.net\/tr\/index.php?rest_route=\/wp\/v2\/posts"}],"about":[{"href":"https:\/\/akunq.net\/tr\/index.php?rest_route=\/wp\/v2\/types\/post"}],"author":[{"embeddable":true,"href":"https:\/\/akunq.net\/tr\/index.php?rest_route=\/wp\/v2\/users\/7"}],"replies":[{"embeddable":true,"href":"https:\/\/akunq.net\/tr\/index.php?rest_route=%2Fwp%2Fv2%2Fcomments&post=67729"}],"version-history":[{"count":1,"href":"https:\/\/akunq.net\/tr\/index.php?rest_route=\/wp\/v2\/posts\/67729\/revisions"}],"predecessor-version":[{"id":67731,"href":"https:\/\/akunq.net\/tr\/index.php?rest_route=\/wp\/v2\/posts\/67729\/revisions\/67731"}],"wp:featuredmedia":[{"embeddable":true,"href":"https:\/\/akunq.net\/tr\/index.php?rest_route=\/wp\/v2\/media\/67730"}],"wp:attachment":[{"href":"https:\/\/akunq.net\/tr\/index.php?rest_route=%2Fwp%2Fv2%2Fmedia&parent=67729"}],"wp:term":[{"taxonomy":"category","embeddable":true,"href":"https:\/\/akunq.net\/tr\/index.php?rest_route=%2Fwp%2Fv2%2Fcategories&post=67729"},{"taxonomy":"post_tag","embeddable":true,"href":"https:\/\/akunq.net\/tr\/index.php?rest_route=%2Fwp%2Fv2%2Ftags&post=67729"}],"curies":[{"name":"wp","href":"https:\/\/api.w.org\/{rel}","templated":true}]}}