{"id":67722,"date":"2022-03-30T01:53:15","date_gmt":"2022-03-30T06:53:15","guid":{"rendered":"https:\/\/akunq.net\/tr\/?p=67722"},"modified":"2022-03-30T01:53:15","modified_gmt":"2022-03-30T06:53:15","slug":"osmanli-saraylarinin-basrolu-tarihi-binalarin-vazgecilmezi-kandira-tasi","status":"publish","type":"post","link":"https:\/\/akunq.net\/tr\/?p=67722","title":{"rendered":"Osmanl\u0131 saraylar\u0131n\u0131n ba\u015frol\u00fc, tarihi binalar\u0131n vazge\u00e7ilmezi: Kand\u0131ra ta\u015f\u0131"},"content":{"rendered":"<p><img loading=\"lazy\" decoding=\"async\" class=\"aligncenter size-full wp-image-67723\" src=\"https:\/\/akunq.net\/tr\/wp-content\/uploads\/2022\/03\/Kand\u0131ra-ta\u015f\u0131.jpg\" alt=\"\" width=\"300\" height=\"225\" srcset=\"https:\/\/akunq.net\/tr\/wp-content\/uploads\/sites\/6\/2022\/03\/Kand\u0131ra-ta\u015f\u0131.jpg 300w, https:\/\/akunq.net\/tr\/wp-content\/uploads\/sites\/6\/2022\/03\/Kand\u0131ra-ta\u015f\u0131-260x195.jpg 260w, https:\/\/akunq.net\/tr\/wp-content\/uploads\/sites\/6\/2022\/03\/Kand\u0131ra-ta\u015f\u0131-160x120.jpg 160w\" sizes=\"auto, (max-width: 300px) 100vw, 300px\" \/><\/p>\n<p><em><strong>D\u00fcnyada yaln\u0131zca Kocaeli\u2019nin Kand\u0131ra il\u00e7esinden \u00e7\u0131kan Kand\u0131ra ta\u015f\u0131, Bizans d\u00f6neminden beri pek \u00e7ok tarihi binan\u0131n ba\u015frol\u00fc oldu.<\/strong><\/em><\/p>\n<p>D\u00fcnyada yaln\u0131zca Kocaeli\u2019nin Kand\u0131ra il\u00e7esinden \u00e7\u0131kan Kand\u0131ra ta\u015f\u0131, Bizans d\u00f6neminden beri pek \u00e7ok tarihi binan\u0131n ba\u015frol\u00fc oldu. Osmanl\u0131 saraylar\u0131n\u0131n yap\u0131mlar\u0131nda da vazge\u00e7ilmez olan ta\u015f, yaln\u0131zca iki k\u00f6yden \u00e7\u0131k\u0131yor.<\/p>\n<p>Kocaeli\u2019nin Kand\u0131ra il\u00e7esindeki Ak\u00e7aova ve \u00c7er\u00e7ili k\u00f6ylerinden \u00e7\u0131kan d\u00fcnyaca \u00fcnl\u00fc Kand\u0131ra ta\u015f\u0131 Bizans d\u00f6neminden bu yana bir \u00e7ok tarihi yap\u0131n\u0131n yap\u0131m\u0131nda kullan\u0131ld\u0131. Beyo\u011flu\u2019ndaki tarihi binalar\u0131n b\u00fcy\u00fck \u00e7o\u011funlu\u011funun yap\u0131m\u0131nda da kullan\u0131lan Kand\u0131ra ta\u015f\u0131, g\u00fcn\u00fcm\u00fczde de restorasyon \u00e7al\u0131\u015fmalar\u0131nda tercih ediliyor. Ta\u015f\u0131n d\u00fcnyadaki muadilleri ise yaln\u0131zca Malta ve M\u0131s\u0131r\u2019da bulunabiliyor. D\u00fcnyan\u0131n pek \u00e7ok farkl\u0131 \u00fclkesindeki tarihi kilise ve camilerde kullan\u0131lan ta\u015f, motif konusundaki verimlili\u011fiyle \u00f6n plana \u00e7\u0131k\u0131yor. G\u00fcn\u00fcm\u00fczde ise ta\u015f\u0131n \u00e7\u0131kt\u0131\u011f\u0131 b\u00f6lge, baraj projesi \u00e7er\u00e7evesinde yer ald\u0131\u011f\u0131 i\u00e7in \u00fcretimi azald\u0131. Ta\u015f\u0131 i\u015fleyen yat\u0131r\u0131mc\u0131lar, tesislerini yenileyemedikleri i\u00e7in teknolojinin gerisinde kald\u0131klar\u0131n\u0131 s\u00f6yl\u00fcyor. Baraj havzas\u0131 say\u0131ld\u0131\u011f\u0131 i\u00e7in bina yap\u0131m\u0131na bile izin verilmeyen b\u00f6lgede, yeni bir ta\u015f oca\u011f\u0131 kurulam\u0131yor.<\/p>\n<p><strong>\u201cD\u00fcnyan\u0131n her yerinden bu ta\u015f\u0131 istiyorlar\u201d<\/strong><\/p>\n<p>D\u00fcnyan\u0131n her yerinden bu ta\u015f\u0131n istendi\u011fini s\u00f6yleyen ta\u015f ustas\u0131 G\u00fcnay A\u00e7\u0131kg\u00f6z, teknolojik olarak yenileme kaydedemedikleri i\u00e7in yurtd\u0131\u015f\u0131 sipari\u015flerine yana\u015famad\u0131klar\u0131ndan yak\u0131nd\u0131. A\u00e7\u0131kg\u00f6z, \u201cKand\u0131ra ta\u015f\u0131, Bizans d\u00f6neminden beri saraylarda, bina yap\u0131mlar\u0131nda kullan\u0131lan bir ta\u015f. Beylerbeyi Saray\u0131 ve Beyo\u011flu\u2019ndaki tarihi yap\u0131lar\u0131n y\u00fczde sekseni buradan \u00e7\u0131kan ta\u015fla yap\u0131ld\u0131. Kand\u0131ra\u2019n\u0131n Ak\u00e7aova ve \u00c7er\u00e7ili k\u00f6ylerinde bu ta\u015f\u0131n ocaklar\u0131 var. Tarih\u00e7esi \u00e7ok geni\u015f fakat olu\u015fmam\u0131\u015f bir mermer oldu\u011fu i\u00e7in, mermerciler \u00fczerinde \u00e7ok da verimli say\u0131lan bir ta\u015f de\u011fil. \u0130\u015flemesi \u00e7ok kolay oldu\u011fu i\u00e7in tarihi yap\u0131larda, camilerde, kiliselerde motifleri \u00e7ok \u00e7abuk verebilen bir ta\u015f t\u00fcr\u00fc. Kand\u0131ra\u2019da 1951 y\u0131l\u0131nda ilk ocak Ak\u00e7aova\u2019da kuruldu. Zamanla burada 45-50 tane ufak \u00e7apl\u0131 ocak kuruldu. Sonra b\u00fct\u00fcn bu ocaklar birle\u015fip Ak\u00e7aova ve \u00c7er\u00e7ili K\u00f6y\u00fc Ta\u015f\u00e7\u0131lar Kooperatifi ad\u0131 alt\u0131nda bir kooperatif olu\u015ftu. Ard\u0131ndan da d\u00fcnyan\u0131n her yerine bu malzemeyi g\u00f6nderebildik. Bu ta\u015f\u0131 yurtd\u0131\u015f\u0131ndan istiyorlar fakat biz bu malzemeyi \u00fcretecek teknolojiyi yakalayamad\u0131\u011f\u0131m\u0131z i\u00e7in onlara \u00e7ok fazla \u00fcretim yapam\u0131yoruz. \u00c7\u00fcnk\u00fc bizim \u00fcretimimiz di\u011fer mermerciler kadar h\u0131zl\u0131 de\u011fil. Onlar\u0131n 1 ayda istedi\u011fi malzemeyi biz 1 y\u0131lda ancak \u00fcretebiliyoruz\u201d \u015feklinde konu\u015ftu.<\/p>\n<p><strong>\u201cD\u00fcnyada sadece Malta ve M\u0131s\u0131r\u2019da \u00e7\u0131k\u0131yor\u201d<\/strong><\/p>\n<p>Ta\u015f\u0131n sadece Kand\u0131ra\u2019dan \u00e7\u0131kt\u0131\u011f\u0131n\u0131 d\u00fcnyada ise yaln\u0131zca iki muadili oldu\u011funu belirten A\u00e7\u0131kg\u00f6z, \u201cBu ta\u015f sadece Ak\u00e7aova ve \u00c7er\u00e7ili b\u00f6lgesinden \u00e7\u0131k\u0131yor, ba\u015fka hi\u00e7bir yerden \u00e7\u0131km\u0131yor. Bu ta\u015f\u0131n muadili de d\u00fcnyada yaln\u0131zca Malta Adas\u0131 ve M\u0131s\u0131r\u2019da \u00e7\u0131k\u0131yor. Fakat onlar ocak i\u00e7erisinde ham olarak \u00fcretim yap\u0131yorlar. Bizimkiler gibi makineli te\u015fkilatl\u0131 kesim de\u011fil\u201d dedi.<\/p>\n<p><strong>\u201cArt\u0131k \u201cbu i\u015fi ne zaman sonland\u0131rabiliriz\u201d diye d\u00fc\u015f\u00fcn\u00fcyoruz\u201d<\/strong><\/p>\n<p>Ta\u015f\u0131n gelece\u011fiyle ilgili endi\u015felerini aktaran A\u00e7\u0131kg\u00f6z, \u201cYar\u0131n\u0131m\u0131z yok. Ta\u015f\u0131m\u0131z\u0131 \u00fcretebilmemiz i\u00e7in tesislerimizi yenilememiz gerekiyor. Bu tesislerin geli\u015fmesi i\u00e7in de bize m\u00fcsaade edilmesi laz\u0131m. En az\u0131ndan binam\u0131z\u0131 buraya yapabilmemize izin verilmesini istiyoruz. O y\u00fczden bu ta\u015f\u0131n gelece\u011fi yok. Rezervin bitmesi s\u00f6z konusu de\u011fil ama bizim art\u0131k g\u00fcc\u00fcm\u00fcz kalmad\u0131. \u00dcretimi makinele\u015fmi\u015f \u015fekilde yap\u0131p h\u0131zl\u0131 bir \u015fekilde \u00fcretmek varken biz geride kald\u0131k. Bundan 10-15 y\u0131l \u00f6nce ta\u015f i\u00e7in 100 metrekare b\u00fcy\u00fck bir rakamd\u0131 ama \u015fimdi in\u015faatlar de\u011fi\u015fti. 10 bin, 20 bin, 50 bin metrekarelik ihtiya\u00e7lar var. Bu ihtiya\u00e7lar\u0131 kar\u015f\u0131laman\u0131n da yolu bu makineler de\u011fil. Bizden i\u015f isteyen insanlar buradaki \u00fcretim \u015fartlar\u0131m\u0131z\u0131 bildi\u011fi i\u00e7in sipari\u015flerini 6 ay \u00f6ncesinden veriyorlar. Bu \u015fekilde dengelemeye \u00e7al\u0131\u015f\u0131yoruz. Malzemeyi onlara zaman\u0131nda yeti\u015ftiremeyece\u011fimizi biliyorlar. Fakat g\u00f6rsellik olarak bakt\u0131\u011f\u0131n\u0131zda zaten bu ta\u015f\u0131n katt\u0131\u011f\u0131 g\u00f6rselli\u011fi g\u00f6rebiliyorsunuz. \u0130stanbul\u2019dakiler daha s\u0131k g\u00f6r\u00fcyor. Beyo\u011flu\u2019nda insanlar kafalar\u0131n\u0131 kald\u0131r\u0131p \u201cNe g\u00fczel binalar bunlar. Eskiler ne g\u00fczel yapm\u0131\u015f!\u201d diyorlar. Art\u0131k bu i\u015fi ne zaman sonland\u0131rabiliriz diye d\u00fc\u015f\u00fcn\u00fcyoruz. \u00c7\u00fcnk\u00fc yar\u0131n\u0131 g\u00f6rmedikleri i\u00e7in gelecek nesillerimiz de bu i\u015fe el atm\u0131yor\u201d ifadelerini kulland\u0131.<\/p>\n<p><em><strong><a href=\"http:\/\/www.karsmanset.com\/haber\/osmanli-saraylarinin-basrolu-tarihi-binalarin-vazgecilmezi-kandira-tasi-793210.htm\">http:\/\/www.karsmanset.com\/haber\/osmanli-saraylarinin-basrolu-tarihi-binalarin-vazgecilmezi-kandira-tasi-793210.htm<\/a>\u00a0<\/strong><\/em><\/p>\n","protected":false},"excerpt":{"rendered":"<p>D\u00fcnyada yaln\u0131zca Kocaeli\u2019nin Kand\u0131ra il\u00e7esinden \u00e7\u0131kan Kand\u0131ra ta\u015f\u0131, Bizans d\u00f6neminden beri pek \u00e7ok tarihi binan\u0131n ba\u015frol\u00fc oldu. D\u00fcnyada yaln\u0131zca Kocaeli\u2019nin Kand\u0131ra il\u00e7esinden \u00e7\u0131kan Kand\u0131ra ta\u015f\u0131, Bizans d\u00f6neminden beri pek \u00e7ok tarihi binan\u0131n ba\u015frol\u00fc oldu. Osmanl\u0131 saraylar\u0131n\u0131n yap\u0131mlar\u0131nda da vazge\u00e7ilmez olan ta\u015f, yaln\u0131zca iki k\u00f6yden \u00e7\u0131k\u0131yor. Kocaeli\u2019nin Kand\u0131ra il\u00e7esindeki Ak\u00e7aova ve \u00c7er\u00e7ili k\u00f6ylerinden \u00e7\u0131kan d\u00fcnyaca \u00fcnl\u00fc [&hellip;]<\/p>\n","protected":false},"author":7,"featured_media":67723,"comment_status":"open","ping_status":"open","sticky":false,"template":"","format":"standard","meta":{"footnotes":""},"categories":[1],"tags":[],"class_list":["post-67722","post","type-post","status-publish","format-standard","has-post-thumbnail","hentry","category-haberler"],"yoast_head":"<!-- This site is optimized with the Yoast SEO plugin v27.4 - https:\/\/yoast.com\/product\/yoast-seo-wordpress\/ -->\n<title>Osmanl\u0131 saraylar\u0131n\u0131n ba\u015frol\u00fc, tarihi binalar\u0131n vazge\u00e7ilmezi: Kand\u0131ra ta\u015f\u0131 - Bati Ermenistan Ve Bati Ermenileri Sorunlari Ara\u015ftirmalar Merkezi<\/title>\n<meta name=\"robots\" content=\"index, follow, max-snippet:-1, max-image-preview:large, max-video-preview:-1\" \/>\n<link rel=\"canonical\" href=\"https:\/\/akunq.net\/tr\/?p=67722\" \/>\n<meta property=\"og:locale\" content=\"en_US\" \/>\n<meta property=\"og:type\" content=\"article\" \/>\n<meta property=\"og:title\" content=\"Osmanl\u0131 saraylar\u0131n\u0131n ba\u015frol\u00fc, tarihi binalar\u0131n vazge\u00e7ilmezi: Kand\u0131ra ta\u015f\u0131 - Bati Ermenistan Ve Bati Ermenileri Sorunlari Ara\u015ftirmalar Merkezi\" \/>\n<meta property=\"og:description\" content=\"D\u00fcnyada yaln\u0131zca Kocaeli\u2019nin Kand\u0131ra il\u00e7esinden \u00e7\u0131kan Kand\u0131ra ta\u015f\u0131, Bizans d\u00f6neminden beri pek \u00e7ok tarihi binan\u0131n ba\u015frol\u00fc oldu. D\u00fcnyada yaln\u0131zca Kocaeli\u2019nin Kand\u0131ra il\u00e7esinden \u00e7\u0131kan Kand\u0131ra ta\u015f\u0131, Bizans d\u00f6neminden beri pek \u00e7ok tarihi binan\u0131n ba\u015frol\u00fc oldu. Osmanl\u0131 saraylar\u0131n\u0131n yap\u0131mlar\u0131nda da vazge\u00e7ilmez olan ta\u015f, yaln\u0131zca iki k\u00f6yden \u00e7\u0131k\u0131yor. Kocaeli\u2019nin Kand\u0131ra il\u00e7esindeki Ak\u00e7aova ve \u00c7er\u00e7ili k\u00f6ylerinden \u00e7\u0131kan d\u00fcnyaca \u00fcnl\u00fc [&hellip;]\" \/>\n<meta property=\"og:url\" content=\"https:\/\/akunq.net\/tr\/?p=67722\" \/>\n<meta property=\"og:site_name\" content=\"Bati Ermenistan Ve Bati Ermenileri Sorunlari Ara\u015ftirmalar Merkezi\" \/>\n<meta property=\"article:published_time\" content=\"2022-03-30T06:53:15+00:00\" \/>\n<meta property=\"og:image\" content=\"https:\/\/akunq.net\/tr\/wp-content\/uploads\/sites\/6\/2022\/03\/Kand\u0131ra-ta\u015f\u0131.jpg\" \/>\n\t<meta property=\"og:image:width\" content=\"300\" \/>\n\t<meta property=\"og:image:height\" content=\"225\" \/>\n\t<meta property=\"og:image:type\" content=\"image\/jpeg\" \/>\n<meta name=\"author\" content=\"admin\" \/>\n<meta name=\"twitter:card\" content=\"summary_large_image\" \/>\n<meta name=\"twitter:label1\" content=\"Written by\" \/>\n\t<meta name=\"twitter:data1\" content=\"admin\" \/>\n\t<meta name=\"twitter:label2\" content=\"Est. reading time\" \/>\n\t<meta name=\"twitter:data2\" content=\"4 minutes\" \/>\n<script type=\"application\/ld+json\" class=\"yoast-schema-graph\">{\"@context\":\"https:\\\/\\\/schema.org\",\"@graph\":[{\"@type\":\"Article\",\"@id\":\"https:\\\/\\\/akunq.net\\\/tr\\\/?p=67722#article\",\"isPartOf\":{\"@id\":\"https:\\\/\\\/akunq.net\\\/tr\\\/?p=67722\"},\"author\":{\"name\":\"admin\",\"@id\":\"https:\\\/\\\/akunq.net\\\/tr\\\/#\\\/schema\\\/person\\\/096f1d38a12cce57fb855b485ed24c9e\"},\"headline\":\"Osmanl\u0131 saraylar\u0131n\u0131n ba\u015frol\u00fc, tarihi binalar\u0131n vazge\u00e7ilmezi: Kand\u0131ra ta\u015f\u0131\",\"datePublished\":\"2022-03-30T06:53:15+00:00\",\"mainEntityOfPage\":{\"@id\":\"https:\\\/\\\/akunq.net\\\/tr\\\/?p=67722\"},\"wordCount\":838,\"commentCount\":0,\"image\":{\"@id\":\"https:\\\/\\\/akunq.net\\\/tr\\\/?p=67722#primaryimage\"},\"thumbnailUrl\":\"https:\\\/\\\/akunq.net\\\/tr\\\/wp-content\\\/uploads\\\/sites\\\/6\\\/2022\\\/03\\\/Kand\u0131ra-ta\u015f\u0131.jpg\",\"articleSection\":[\"Haberler\"],\"inLanguage\":\"en-US\",\"potentialAction\":[{\"@type\":\"CommentAction\",\"name\":\"Comment\",\"target\":[\"https:\\\/\\\/akunq.net\\\/tr\\\/?p=67722#respond\"]}]},{\"@type\":\"WebPage\",\"@id\":\"https:\\\/\\\/akunq.net\\\/tr\\\/?p=67722\",\"url\":\"https:\\\/\\\/akunq.net\\\/tr\\\/?p=67722\",\"name\":\"Osmanl\u0131 saraylar\u0131n\u0131n ba\u015frol\u00fc, tarihi binalar\u0131n vazge\u00e7ilmezi: Kand\u0131ra ta\u015f\u0131 - Bati Ermenistan Ve Bati Ermenileri Sorunlari Ara\u015ftirmalar Merkezi\",\"isPartOf\":{\"@id\":\"https:\\\/\\\/akunq.net\\\/tr\\\/#website\"},\"primaryImageOfPage\":{\"@id\":\"https:\\\/\\\/akunq.net\\\/tr\\\/?p=67722#primaryimage\"},\"image\":{\"@id\":\"https:\\\/\\\/akunq.net\\\/tr\\\/?p=67722#primaryimage\"},\"thumbnailUrl\":\"https:\\\/\\\/akunq.net\\\/tr\\\/wp-content\\\/uploads\\\/sites\\\/6\\\/2022\\\/03\\\/Kand\u0131ra-ta\u015f\u0131.jpg\",\"datePublished\":\"2022-03-30T06:53:15+00:00\",\"author\":{\"@id\":\"https:\\\/\\\/akunq.net\\\/tr\\\/#\\\/schema\\\/person\\\/096f1d38a12cce57fb855b485ed24c9e\"},\"breadcrumb\":{\"@id\":\"https:\\\/\\\/akunq.net\\\/tr\\\/?p=67722#breadcrumb\"},\"inLanguage\":\"en-US\",\"potentialAction\":[{\"@type\":\"ReadAction\",\"target\":[\"https:\\\/\\\/akunq.net\\\/tr\\\/?p=67722\"]}]},{\"@type\":\"ImageObject\",\"inLanguage\":\"en-US\",\"@id\":\"https:\\\/\\\/akunq.net\\\/tr\\\/?p=67722#primaryimage\",\"url\":\"https:\\\/\\\/akunq.net\\\/tr\\\/wp-content\\\/uploads\\\/sites\\\/6\\\/2022\\\/03\\\/Kand\u0131ra-ta\u015f\u0131.jpg\",\"contentUrl\":\"https:\\\/\\\/akunq.net\\\/tr\\\/wp-content\\\/uploads\\\/sites\\\/6\\\/2022\\\/03\\\/Kand\u0131ra-ta\u015f\u0131.jpg\",\"width\":300,\"height\":225},{\"@type\":\"BreadcrumbList\",\"@id\":\"https:\\\/\\\/akunq.net\\\/tr\\\/?p=67722#breadcrumb\",\"itemListElement\":[{\"@type\":\"ListItem\",\"position\":1,\"name\":\"Home\",\"item\":\"https:\\\/\\\/akunq.net\\\/tr\"},{\"@type\":\"ListItem\",\"position\":2,\"name\":\"Osmanl\u0131 saraylar\u0131n\u0131n ba\u015frol\u00fc, tarihi binalar\u0131n vazge\u00e7ilmezi: Kand\u0131ra ta\u015f\u0131\"}]},{\"@type\":\"WebSite\",\"@id\":\"https:\\\/\\\/akunq.net\\\/tr\\\/#website\",\"url\":\"https:\\\/\\\/akunq.net\\\/tr\\\/\",\"name\":\"Bati Ermenistan Ve Bati Ermenileri Sorunlari Ara\u015ftirmalar Merkezi\",\"description\":\"\",\"potentialAction\":[{\"@type\":\"SearchAction\",\"target\":{\"@type\":\"EntryPoint\",\"urlTemplate\":\"https:\\\/\\\/akunq.net\\\/tr\\\/?s={search_term_string}\"},\"query-input\":{\"@type\":\"PropertyValueSpecification\",\"valueRequired\":true,\"valueName\":\"search_term_string\"}}],\"inLanguage\":\"en-US\"},{\"@type\":\"Person\",\"@id\":\"https:\\\/\\\/akunq.net\\\/tr\\\/#\\\/schema\\\/person\\\/096f1d38a12cce57fb855b485ed24c9e\",\"name\":\"admin\",\"url\":\"https:\\\/\\\/akunq.net\\\/tr\\\/?author=7\"}]}<\/script>\n<!-- \/ Yoast SEO plugin. -->","yoast_head_json":{"title":"Osmanl\u0131 saraylar\u0131n\u0131n ba\u015frol\u00fc, tarihi binalar\u0131n vazge\u00e7ilmezi: Kand\u0131ra ta\u015f\u0131 - Bati Ermenistan Ve Bati Ermenileri Sorunlari Ara\u015ftirmalar Merkezi","robots":{"index":"index","follow":"follow","max-snippet":"max-snippet:-1","max-image-preview":"max-image-preview:large","max-video-preview":"max-video-preview:-1"},"canonical":"https:\/\/akunq.net\/tr\/?p=67722","og_locale":"en_US","og_type":"article","og_title":"Osmanl\u0131 saraylar\u0131n\u0131n ba\u015frol\u00fc, tarihi binalar\u0131n vazge\u00e7ilmezi: Kand\u0131ra ta\u015f\u0131 - Bati Ermenistan Ve Bati Ermenileri Sorunlari Ara\u015ftirmalar Merkezi","og_description":"D\u00fcnyada yaln\u0131zca Kocaeli\u2019nin Kand\u0131ra il\u00e7esinden \u00e7\u0131kan Kand\u0131ra ta\u015f\u0131, Bizans d\u00f6neminden beri pek \u00e7ok tarihi binan\u0131n ba\u015frol\u00fc oldu. D\u00fcnyada yaln\u0131zca Kocaeli\u2019nin Kand\u0131ra il\u00e7esinden \u00e7\u0131kan Kand\u0131ra ta\u015f\u0131, Bizans d\u00f6neminden beri pek \u00e7ok tarihi binan\u0131n ba\u015frol\u00fc oldu. Osmanl\u0131 saraylar\u0131n\u0131n yap\u0131mlar\u0131nda da vazge\u00e7ilmez olan ta\u015f, yaln\u0131zca iki k\u00f6yden \u00e7\u0131k\u0131yor. Kocaeli\u2019nin Kand\u0131ra il\u00e7esindeki Ak\u00e7aova ve \u00c7er\u00e7ili k\u00f6ylerinden \u00e7\u0131kan d\u00fcnyaca \u00fcnl\u00fc [&hellip;]","og_url":"https:\/\/akunq.net\/tr\/?p=67722","og_site_name":"Bati Ermenistan Ve Bati Ermenileri Sorunlari Ara\u015ftirmalar Merkezi","article_published_time":"2022-03-30T06:53:15+00:00","og_image":[{"width":300,"height":225,"url":"https:\/\/akunq.net\/tr\/wp-content\/uploads\/sites\/6\/2022\/03\/Kand\u0131ra-ta\u015f\u0131.jpg","type":"image\/jpeg"}],"author":"admin","twitter_card":"summary_large_image","twitter_misc":{"Written by":"admin","Est. reading time":"4 minutes"},"schema":{"@context":"https:\/\/schema.org","@graph":[{"@type":"Article","@id":"https:\/\/akunq.net\/tr\/?p=67722#article","isPartOf":{"@id":"https:\/\/akunq.net\/tr\/?p=67722"},"author":{"name":"admin","@id":"https:\/\/akunq.net\/tr\/#\/schema\/person\/096f1d38a12cce57fb855b485ed24c9e"},"headline":"Osmanl\u0131 saraylar\u0131n\u0131n ba\u015frol\u00fc, tarihi binalar\u0131n vazge\u00e7ilmezi: Kand\u0131ra ta\u015f\u0131","datePublished":"2022-03-30T06:53:15+00:00","mainEntityOfPage":{"@id":"https:\/\/akunq.net\/tr\/?p=67722"},"wordCount":838,"commentCount":0,"image":{"@id":"https:\/\/akunq.net\/tr\/?p=67722#primaryimage"},"thumbnailUrl":"https:\/\/akunq.net\/tr\/wp-content\/uploads\/sites\/6\/2022\/03\/Kand\u0131ra-ta\u015f\u0131.jpg","articleSection":["Haberler"],"inLanguage":"en-US","potentialAction":[{"@type":"CommentAction","name":"Comment","target":["https:\/\/akunq.net\/tr\/?p=67722#respond"]}]},{"@type":"WebPage","@id":"https:\/\/akunq.net\/tr\/?p=67722","url":"https:\/\/akunq.net\/tr\/?p=67722","name":"Osmanl\u0131 saraylar\u0131n\u0131n ba\u015frol\u00fc, tarihi binalar\u0131n vazge\u00e7ilmezi: Kand\u0131ra ta\u015f\u0131 - Bati Ermenistan Ve Bati Ermenileri Sorunlari Ara\u015ftirmalar Merkezi","isPartOf":{"@id":"https:\/\/akunq.net\/tr\/#website"},"primaryImageOfPage":{"@id":"https:\/\/akunq.net\/tr\/?p=67722#primaryimage"},"image":{"@id":"https:\/\/akunq.net\/tr\/?p=67722#primaryimage"},"thumbnailUrl":"https:\/\/akunq.net\/tr\/wp-content\/uploads\/sites\/6\/2022\/03\/Kand\u0131ra-ta\u015f\u0131.jpg","datePublished":"2022-03-30T06:53:15+00:00","author":{"@id":"https:\/\/akunq.net\/tr\/#\/schema\/person\/096f1d38a12cce57fb855b485ed24c9e"},"breadcrumb":{"@id":"https:\/\/akunq.net\/tr\/?p=67722#breadcrumb"},"inLanguage":"en-US","potentialAction":[{"@type":"ReadAction","target":["https:\/\/akunq.net\/tr\/?p=67722"]}]},{"@type":"ImageObject","inLanguage":"en-US","@id":"https:\/\/akunq.net\/tr\/?p=67722#primaryimage","url":"https:\/\/akunq.net\/tr\/wp-content\/uploads\/sites\/6\/2022\/03\/Kand\u0131ra-ta\u015f\u0131.jpg","contentUrl":"https:\/\/akunq.net\/tr\/wp-content\/uploads\/sites\/6\/2022\/03\/Kand\u0131ra-ta\u015f\u0131.jpg","width":300,"height":225},{"@type":"BreadcrumbList","@id":"https:\/\/akunq.net\/tr\/?p=67722#breadcrumb","itemListElement":[{"@type":"ListItem","position":1,"name":"Home","item":"https:\/\/akunq.net\/tr"},{"@type":"ListItem","position":2,"name":"Osmanl\u0131 saraylar\u0131n\u0131n ba\u015frol\u00fc, tarihi binalar\u0131n vazge\u00e7ilmezi: Kand\u0131ra ta\u015f\u0131"}]},{"@type":"WebSite","@id":"https:\/\/akunq.net\/tr\/#website","url":"https:\/\/akunq.net\/tr\/","name":"Bati Ermenistan Ve Bati Ermenileri Sorunlari Ara\u015ftirmalar Merkezi","description":"","potentialAction":[{"@type":"SearchAction","target":{"@type":"EntryPoint","urlTemplate":"https:\/\/akunq.net\/tr\/?s={search_term_string}"},"query-input":{"@type":"PropertyValueSpecification","valueRequired":true,"valueName":"search_term_string"}}],"inLanguage":"en-US"},{"@type":"Person","@id":"https:\/\/akunq.net\/tr\/#\/schema\/person\/096f1d38a12cce57fb855b485ed24c9e","name":"admin","url":"https:\/\/akunq.net\/tr\/?author=7"}]}},"_links":{"self":[{"href":"https:\/\/akunq.net\/tr\/index.php?rest_route=\/wp\/v2\/posts\/67722","targetHints":{"allow":["GET"]}}],"collection":[{"href":"https:\/\/akunq.net\/tr\/index.php?rest_route=\/wp\/v2\/posts"}],"about":[{"href":"https:\/\/akunq.net\/tr\/index.php?rest_route=\/wp\/v2\/types\/post"}],"author":[{"embeddable":true,"href":"https:\/\/akunq.net\/tr\/index.php?rest_route=\/wp\/v2\/users\/7"}],"replies":[{"embeddable":true,"href":"https:\/\/akunq.net\/tr\/index.php?rest_route=%2Fwp%2Fv2%2Fcomments&post=67722"}],"version-history":[{"count":1,"href":"https:\/\/akunq.net\/tr\/index.php?rest_route=\/wp\/v2\/posts\/67722\/revisions"}],"predecessor-version":[{"id":67724,"href":"https:\/\/akunq.net\/tr\/index.php?rest_route=\/wp\/v2\/posts\/67722\/revisions\/67724"}],"wp:featuredmedia":[{"embeddable":true,"href":"https:\/\/akunq.net\/tr\/index.php?rest_route=\/wp\/v2\/media\/67723"}],"wp:attachment":[{"href":"https:\/\/akunq.net\/tr\/index.php?rest_route=%2Fwp%2Fv2%2Fmedia&parent=67722"}],"wp:term":[{"taxonomy":"category","embeddable":true,"href":"https:\/\/akunq.net\/tr\/index.php?rest_route=%2Fwp%2Fv2%2Fcategories&post=67722"},{"taxonomy":"post_tag","embeddable":true,"href":"https:\/\/akunq.net\/tr\/index.php?rest_route=%2Fwp%2Fv2%2Ftags&post=67722"}],"curies":[{"name":"wp","href":"https:\/\/api.w.org\/{rel}","templated":true}]}}