{"id":67698,"date":"2022-03-29T02:29:29","date_gmt":"2022-03-29T07:29:29","guid":{"rendered":"https:\/\/akunq.net\/tr\/?p=67698"},"modified":"2022-03-29T02:29:29","modified_gmt":"2022-03-29T07:29:29","slug":"ayasofyaya-kelime-i-tevhid-yazili-mahya-asildi","status":"publish","type":"post","link":"https:\/\/akunq.net\/tr\/?p=67698","title":{"rendered":"Ayasofya\u2019ya Kelime-i Tevhid yaz\u0131l\u0131 mahya as\u0131ld\u0131"},"content":{"rendered":"<p><em><img loading=\"lazy\" decoding=\"async\" class=\"aligncenter size-medium wp-image-67699\" src=\"https:\/\/akunq.net\/tr\/wp-content\/uploads\/2022\/03\/Ayasofya\u2019ya-Kelime-i-Tevhid-yaz\u0131l\u0131-mahya-1-360x180.jpg\" alt=\"\" width=\"360\" height=\"180\" srcset=\"https:\/\/akunq.net\/tr\/wp-content\/uploads\/sites\/6\/2022\/03\/Ayasofya\u2019ya-Kelime-i-Tevhid-yaz\u0131l\u0131-mahya-1-360x180.jpg 360w, https:\/\/akunq.net\/tr\/wp-content\/uploads\/sites\/6\/2022\/03\/Ayasofya\u2019ya-Kelime-i-Tevhid-yaz\u0131l\u0131-mahya-1-560x280.jpg 560w, https:\/\/akunq.net\/tr\/wp-content\/uploads\/sites\/6\/2022\/03\/Ayasofya\u2019ya-Kelime-i-Tevhid-yaz\u0131l\u0131-mahya-1-260x130.jpg 260w, https:\/\/akunq.net\/tr\/wp-content\/uploads\/sites\/6\/2022\/03\/Ayasofya\u2019ya-Kelime-i-Tevhid-yaz\u0131l\u0131-mahya-1-160x80.jpg 160w, https:\/\/akunq.net\/tr\/wp-content\/uploads\/sites\/6\/2022\/03\/Ayasofya\u2019ya-Kelime-i-Tevhid-yaz\u0131l\u0131-mahya-1.jpg 660w\" sizes=\"auto, (max-width: 360px) 100vw, 360px\" \/><\/em><\/p>\n<p><strong><em>\u0130stanbul\u2019da ramazan haz\u0131rl\u0131klar\u0131 s\u00fcr\u00fcyor. Bu kapsamda bir \u0130stanbul gelene\u011fi olan mahyalarda camileri s\u00fcslemeye ba\u015flad\u0131. Ayasofya Camisi\u2019nin minareleri aras\u0131na da \u201cLa \u0130lahe \u0130llallah\u201d yaz\u0131l\u0131 mahya as\u0131ld\u0131<\/em><\/strong><\/p>\n<p>Cumhurba\u015fkan\u0131 Recep Tayyip Erdo\u011fan\u2019\u0131n kat\u0131ld\u0131\u011f\u0131 cuma namaz\u0131yla 24 Temmuz 2020 y\u0131l\u0131nda ibadete a\u00e7\u0131lan Ayasofya\u2019yan\u0131n minareleri mahya as\u0131ld\u0131\u011f\u0131 anlar\u0131 g\u00f6steren video \u0130stanbul Valisi Ali Yerlikaya taraf\u0131ndan payla\u015f\u0131ld\u0131.<\/p>\n<p>Yerlikaya\u2019n\u0131n, Twitter\u2019dan payla\u015ft\u0131\u011f\u0131 videoda, mahya ustas\u0131 Kahraman Y\u0131ld\u0131z ile ekibinin Ayasofya\u2019daki mahya haz\u0131rl\u0131klar\u0131 yer ald\u0131.<\/p>\n<p>Vali Yerlikaya, \u201cAyasofya-i Kebir Cami-i \u015eerifi\u2019mizin minareleri yine \u0131\u015f\u0131l \u0131\u015f\u0131l. \u2018La \u0130lahe \u0130llallah\u2019 yaz\u0131l\u0131 mahyam\u0131z bu ramazan ay\u0131nda da \u0130stanbul\u2019umuzu ve g\u00f6n\u00fcllerimizi ayd\u0131nlatacak. Hay\u0131rl\u0131 olsun\u201d ifadelerini kulland\u0131.<\/p>\n<p><em><strong>(AA)\u00a0<\/strong><\/em><\/p>\n<p><em><strong><a href=\"https:\/\/www.indyturk.com\/node\/490186\/haber\/ayasofya%E2%80%99ya-kelime-i-tevhid-yaz%C4%B1l%C4%B1-mahya-as%C4%B1ld%C4%B1\" target=\"_blank\" rel=\"noopener noreferrer\">Independent Turkce<\/a>\u00a0<\/strong><\/em><\/p>\n","protected":false},"excerpt":{"rendered":"<p>\u0130stanbul\u2019da ramazan haz\u0131rl\u0131klar\u0131 s\u00fcr\u00fcyor. Bu kapsamda bir \u0130stanbul gelene\u011fi olan mahyalarda camileri s\u00fcslemeye ba\u015flad\u0131. Ayasofya Camisi\u2019nin minareleri aras\u0131na da \u201cLa \u0130lahe \u0130llallah\u201d yaz\u0131l\u0131 mahya as\u0131ld\u0131 Cumhurba\u015fkan\u0131 Recep Tayyip Erdo\u011fan\u2019\u0131n kat\u0131ld\u0131\u011f\u0131 cuma namaz\u0131yla 24 Temmuz 2020 y\u0131l\u0131nda ibadete a\u00e7\u0131lan Ayasofya\u2019yan\u0131n minareleri mahya as\u0131ld\u0131\u011f\u0131 anlar\u0131 g\u00f6steren video \u0130stanbul Valisi Ali Yerlikaya taraf\u0131ndan payla\u015f\u0131ld\u0131. Yerlikaya\u2019n\u0131n, Twitter\u2019dan payla\u015ft\u0131\u011f\u0131 videoda, [&hellip;]<\/p>\n","protected":false},"author":7,"featured_media":67699,"comment_status":"open","ping_status":"open","sticky":false,"template":"","format":"standard","meta":{"footnotes":""},"categories":[1],"tags":[],"class_list":["post-67698","post","type-post","status-publish","format-standard","has-post-thumbnail","hentry","category-haberler"],"yoast_head":"<!-- This site is optimized with the Yoast SEO plugin v27.4 - https:\/\/yoast.com\/product\/yoast-seo-wordpress\/ -->\n<title>Ayasofya\u2019ya Kelime-i Tevhid yaz\u0131l\u0131 mahya as\u0131ld\u0131 - Bati Ermenistan Ve Bati Ermenileri Sorunlari Ara\u015ftirmalar Merkezi<\/title>\n<meta name=\"robots\" content=\"index, follow, max-snippet:-1, max-image-preview:large, max-video-preview:-1\" \/>\n<link rel=\"canonical\" href=\"https:\/\/akunq.net\/tr\/?p=67698\" \/>\n<meta property=\"og:locale\" content=\"en_US\" \/>\n<meta property=\"og:type\" content=\"article\" \/>\n<meta property=\"og:title\" content=\"Ayasofya\u2019ya Kelime-i Tevhid yaz\u0131l\u0131 mahya as\u0131ld\u0131 - Bati Ermenistan Ve Bati Ermenileri Sorunlari Ara\u015ftirmalar Merkezi\" \/>\n<meta property=\"og:description\" content=\"\u0130stanbul\u2019da ramazan haz\u0131rl\u0131klar\u0131 s\u00fcr\u00fcyor. Bu kapsamda bir \u0130stanbul gelene\u011fi olan mahyalarda camileri s\u00fcslemeye ba\u015flad\u0131. Ayasofya Camisi\u2019nin minareleri aras\u0131na da \u201cLa \u0130lahe \u0130llallah\u201d yaz\u0131l\u0131 mahya as\u0131ld\u0131 Cumhurba\u015fkan\u0131 Recep Tayyip Erdo\u011fan\u2019\u0131n kat\u0131ld\u0131\u011f\u0131 cuma namaz\u0131yla 24 Temmuz 2020 y\u0131l\u0131nda ibadete a\u00e7\u0131lan Ayasofya\u2019yan\u0131n minareleri mahya as\u0131ld\u0131\u011f\u0131 anlar\u0131 g\u00f6steren video \u0130stanbul Valisi Ali Yerlikaya taraf\u0131ndan payla\u015f\u0131ld\u0131. Yerlikaya\u2019n\u0131n, Twitter\u2019dan payla\u015ft\u0131\u011f\u0131 videoda, [&hellip;]\" \/>\n<meta property=\"og:url\" content=\"https:\/\/akunq.net\/tr\/?p=67698\" \/>\n<meta property=\"og:site_name\" content=\"Bati Ermenistan Ve Bati Ermenileri Sorunlari Ara\u015ftirmalar Merkezi\" \/>\n<meta property=\"article:published_time\" content=\"2022-03-29T07:29:29+00:00\" \/>\n<meta property=\"og:image\" content=\"https:\/\/akunq.net\/tr\/wp-content\/uploads\/sites\/6\/2022\/03\/Ayasofya\u2019ya-Kelime-i-Tevhid-yaz\u0131l\u0131-mahya-1.jpg\" \/>\n\t<meta property=\"og:image:width\" content=\"660\" \/>\n\t<meta property=\"og:image:height\" content=\"330\" \/>\n\t<meta property=\"og:image:type\" content=\"image\/jpeg\" \/>\n<meta name=\"author\" content=\"admin\" \/>\n<meta name=\"twitter:card\" content=\"summary_large_image\" \/>\n<meta name=\"twitter:label1\" content=\"Written by\" \/>\n\t<meta name=\"twitter:data1\" content=\"admin\" \/>\n\t<meta name=\"twitter:label2\" content=\"Est. reading time\" \/>\n\t<meta name=\"twitter:data2\" content=\"1 minute\" \/>\n<script type=\"application\/ld+json\" class=\"yoast-schema-graph\">{\"@context\":\"https:\\\/\\\/schema.org\",\"@graph\":[{\"@type\":\"Article\",\"@id\":\"https:\\\/\\\/akunq.net\\\/tr\\\/?p=67698#article\",\"isPartOf\":{\"@id\":\"https:\\\/\\\/akunq.net\\\/tr\\\/?p=67698\"},\"author\":{\"name\":\"admin\",\"@id\":\"https:\\\/\\\/akunq.net\\\/tr\\\/#\\\/schema\\\/person\\\/096f1d38a12cce57fb855b485ed24c9e\"},\"headline\":\"Ayasofya\u2019ya Kelime-i Tevhid yaz\u0131l\u0131 mahya as\u0131ld\u0131\",\"datePublished\":\"2022-03-29T07:29:29+00:00\",\"mainEntityOfPage\":{\"@id\":\"https:\\\/\\\/akunq.net\\\/tr\\\/?p=67698\"},\"wordCount\":147,\"commentCount\":0,\"image\":{\"@id\":\"https:\\\/\\\/akunq.net\\\/tr\\\/?p=67698#primaryimage\"},\"thumbnailUrl\":\"https:\\\/\\\/akunq.net\\\/tr\\\/wp-content\\\/uploads\\\/sites\\\/6\\\/2022\\\/03\\\/Ayasofya\u2019ya-Kelime-i-Tevhid-yaz\u0131l\u0131-mahya-1.jpg\",\"articleSection\":[\"Haberler\"],\"inLanguage\":\"en-US\",\"potentialAction\":[{\"@type\":\"CommentAction\",\"name\":\"Comment\",\"target\":[\"https:\\\/\\\/akunq.net\\\/tr\\\/?p=67698#respond\"]}]},{\"@type\":\"WebPage\",\"@id\":\"https:\\\/\\\/akunq.net\\\/tr\\\/?p=67698\",\"url\":\"https:\\\/\\\/akunq.net\\\/tr\\\/?p=67698\",\"name\":\"Ayasofya\u2019ya Kelime-i Tevhid yaz\u0131l\u0131 mahya as\u0131ld\u0131 - Bati Ermenistan Ve Bati Ermenileri Sorunlari Ara\u015ftirmalar Merkezi\",\"isPartOf\":{\"@id\":\"https:\\\/\\\/akunq.net\\\/tr\\\/#website\"},\"primaryImageOfPage\":{\"@id\":\"https:\\\/\\\/akunq.net\\\/tr\\\/?p=67698#primaryimage\"},\"image\":{\"@id\":\"https:\\\/\\\/akunq.net\\\/tr\\\/?p=67698#primaryimage\"},\"thumbnailUrl\":\"https:\\\/\\\/akunq.net\\\/tr\\\/wp-content\\\/uploads\\\/sites\\\/6\\\/2022\\\/03\\\/Ayasofya\u2019ya-Kelime-i-Tevhid-yaz\u0131l\u0131-mahya-1.jpg\",\"datePublished\":\"2022-03-29T07:29:29+00:00\",\"author\":{\"@id\":\"https:\\\/\\\/akunq.net\\\/tr\\\/#\\\/schema\\\/person\\\/096f1d38a12cce57fb855b485ed24c9e\"},\"breadcrumb\":{\"@id\":\"https:\\\/\\\/akunq.net\\\/tr\\\/?p=67698#breadcrumb\"},\"inLanguage\":\"en-US\",\"potentialAction\":[{\"@type\":\"ReadAction\",\"target\":[\"https:\\\/\\\/akunq.net\\\/tr\\\/?p=67698\"]}]},{\"@type\":\"ImageObject\",\"inLanguage\":\"en-US\",\"@id\":\"https:\\\/\\\/akunq.net\\\/tr\\\/?p=67698#primaryimage\",\"url\":\"https:\\\/\\\/akunq.net\\\/tr\\\/wp-content\\\/uploads\\\/sites\\\/6\\\/2022\\\/03\\\/Ayasofya\u2019ya-Kelime-i-Tevhid-yaz\u0131l\u0131-mahya-1.jpg\",\"contentUrl\":\"https:\\\/\\\/akunq.net\\\/tr\\\/wp-content\\\/uploads\\\/sites\\\/6\\\/2022\\\/03\\\/Ayasofya\u2019ya-Kelime-i-Tevhid-yaz\u0131l\u0131-mahya-1.jpg\",\"width\":660,\"height\":330},{\"@type\":\"BreadcrumbList\",\"@id\":\"https:\\\/\\\/akunq.net\\\/tr\\\/?p=67698#breadcrumb\",\"itemListElement\":[{\"@type\":\"ListItem\",\"position\":1,\"name\":\"Home\",\"item\":\"https:\\\/\\\/akunq.net\\\/tr\"},{\"@type\":\"ListItem\",\"position\":2,\"name\":\"Ayasofya\u2019ya Kelime-i Tevhid yaz\u0131l\u0131 mahya as\u0131ld\u0131\"}]},{\"@type\":\"WebSite\",\"@id\":\"https:\\\/\\\/akunq.net\\\/tr\\\/#website\",\"url\":\"https:\\\/\\\/akunq.net\\\/tr\\\/\",\"name\":\"Bati Ermenistan Ve Bati Ermenileri Sorunlari Ara\u015ftirmalar Merkezi\",\"description\":\"\",\"potentialAction\":[{\"@type\":\"SearchAction\",\"target\":{\"@type\":\"EntryPoint\",\"urlTemplate\":\"https:\\\/\\\/akunq.net\\\/tr\\\/?s={search_term_string}\"},\"query-input\":{\"@type\":\"PropertyValueSpecification\",\"valueRequired\":true,\"valueName\":\"search_term_string\"}}],\"inLanguage\":\"en-US\"},{\"@type\":\"Person\",\"@id\":\"https:\\\/\\\/akunq.net\\\/tr\\\/#\\\/schema\\\/person\\\/096f1d38a12cce57fb855b485ed24c9e\",\"name\":\"admin\",\"url\":\"https:\\\/\\\/akunq.net\\\/tr\\\/?author=7\"}]}<\/script>\n<!-- \/ Yoast SEO plugin. -->","yoast_head_json":{"title":"Ayasofya\u2019ya Kelime-i Tevhid yaz\u0131l\u0131 mahya as\u0131ld\u0131 - Bati Ermenistan Ve Bati Ermenileri Sorunlari Ara\u015ftirmalar Merkezi","robots":{"index":"index","follow":"follow","max-snippet":"max-snippet:-1","max-image-preview":"max-image-preview:large","max-video-preview":"max-video-preview:-1"},"canonical":"https:\/\/akunq.net\/tr\/?p=67698","og_locale":"en_US","og_type":"article","og_title":"Ayasofya\u2019ya Kelime-i Tevhid yaz\u0131l\u0131 mahya as\u0131ld\u0131 - Bati Ermenistan Ve Bati Ermenileri Sorunlari Ara\u015ftirmalar Merkezi","og_description":"\u0130stanbul\u2019da ramazan haz\u0131rl\u0131klar\u0131 s\u00fcr\u00fcyor. Bu kapsamda bir \u0130stanbul gelene\u011fi olan mahyalarda camileri s\u00fcslemeye ba\u015flad\u0131. Ayasofya Camisi\u2019nin minareleri aras\u0131na da \u201cLa \u0130lahe \u0130llallah\u201d yaz\u0131l\u0131 mahya as\u0131ld\u0131 Cumhurba\u015fkan\u0131 Recep Tayyip Erdo\u011fan\u2019\u0131n kat\u0131ld\u0131\u011f\u0131 cuma namaz\u0131yla 24 Temmuz 2020 y\u0131l\u0131nda ibadete a\u00e7\u0131lan Ayasofya\u2019yan\u0131n minareleri mahya as\u0131ld\u0131\u011f\u0131 anlar\u0131 g\u00f6steren video \u0130stanbul Valisi Ali Yerlikaya taraf\u0131ndan payla\u015f\u0131ld\u0131. Yerlikaya\u2019n\u0131n, Twitter\u2019dan payla\u015ft\u0131\u011f\u0131 videoda, [&hellip;]","og_url":"https:\/\/akunq.net\/tr\/?p=67698","og_site_name":"Bati Ermenistan Ve Bati Ermenileri Sorunlari Ara\u015ftirmalar Merkezi","article_published_time":"2022-03-29T07:29:29+00:00","og_image":[{"width":660,"height":330,"url":"https:\/\/akunq.net\/tr\/wp-content\/uploads\/sites\/6\/2022\/03\/Ayasofya\u2019ya-Kelime-i-Tevhid-yaz\u0131l\u0131-mahya-1.jpg","type":"image\/jpeg"}],"author":"admin","twitter_card":"summary_large_image","twitter_misc":{"Written by":"admin","Est. reading time":"1 minute"},"schema":{"@context":"https:\/\/schema.org","@graph":[{"@type":"Article","@id":"https:\/\/akunq.net\/tr\/?p=67698#article","isPartOf":{"@id":"https:\/\/akunq.net\/tr\/?p=67698"},"author":{"name":"admin","@id":"https:\/\/akunq.net\/tr\/#\/schema\/person\/096f1d38a12cce57fb855b485ed24c9e"},"headline":"Ayasofya\u2019ya Kelime-i Tevhid yaz\u0131l\u0131 mahya as\u0131ld\u0131","datePublished":"2022-03-29T07:29:29+00:00","mainEntityOfPage":{"@id":"https:\/\/akunq.net\/tr\/?p=67698"},"wordCount":147,"commentCount":0,"image":{"@id":"https:\/\/akunq.net\/tr\/?p=67698#primaryimage"},"thumbnailUrl":"https:\/\/akunq.net\/tr\/wp-content\/uploads\/sites\/6\/2022\/03\/Ayasofya\u2019ya-Kelime-i-Tevhid-yaz\u0131l\u0131-mahya-1.jpg","articleSection":["Haberler"],"inLanguage":"en-US","potentialAction":[{"@type":"CommentAction","name":"Comment","target":["https:\/\/akunq.net\/tr\/?p=67698#respond"]}]},{"@type":"WebPage","@id":"https:\/\/akunq.net\/tr\/?p=67698","url":"https:\/\/akunq.net\/tr\/?p=67698","name":"Ayasofya\u2019ya Kelime-i Tevhid yaz\u0131l\u0131 mahya as\u0131ld\u0131 - Bati Ermenistan Ve Bati Ermenileri Sorunlari Ara\u015ftirmalar Merkezi","isPartOf":{"@id":"https:\/\/akunq.net\/tr\/#website"},"primaryImageOfPage":{"@id":"https:\/\/akunq.net\/tr\/?p=67698#primaryimage"},"image":{"@id":"https:\/\/akunq.net\/tr\/?p=67698#primaryimage"},"thumbnailUrl":"https:\/\/akunq.net\/tr\/wp-content\/uploads\/sites\/6\/2022\/03\/Ayasofya\u2019ya-Kelime-i-Tevhid-yaz\u0131l\u0131-mahya-1.jpg","datePublished":"2022-03-29T07:29:29+00:00","author":{"@id":"https:\/\/akunq.net\/tr\/#\/schema\/person\/096f1d38a12cce57fb855b485ed24c9e"},"breadcrumb":{"@id":"https:\/\/akunq.net\/tr\/?p=67698#breadcrumb"},"inLanguage":"en-US","potentialAction":[{"@type":"ReadAction","target":["https:\/\/akunq.net\/tr\/?p=67698"]}]},{"@type":"ImageObject","inLanguage":"en-US","@id":"https:\/\/akunq.net\/tr\/?p=67698#primaryimage","url":"https:\/\/akunq.net\/tr\/wp-content\/uploads\/sites\/6\/2022\/03\/Ayasofya\u2019ya-Kelime-i-Tevhid-yaz\u0131l\u0131-mahya-1.jpg","contentUrl":"https:\/\/akunq.net\/tr\/wp-content\/uploads\/sites\/6\/2022\/03\/Ayasofya\u2019ya-Kelime-i-Tevhid-yaz\u0131l\u0131-mahya-1.jpg","width":660,"height":330},{"@type":"BreadcrumbList","@id":"https:\/\/akunq.net\/tr\/?p=67698#breadcrumb","itemListElement":[{"@type":"ListItem","position":1,"name":"Home","item":"https:\/\/akunq.net\/tr"},{"@type":"ListItem","position":2,"name":"Ayasofya\u2019ya Kelime-i Tevhid yaz\u0131l\u0131 mahya as\u0131ld\u0131"}]},{"@type":"WebSite","@id":"https:\/\/akunq.net\/tr\/#website","url":"https:\/\/akunq.net\/tr\/","name":"Bati Ermenistan Ve Bati Ermenileri Sorunlari Ara\u015ftirmalar Merkezi","description":"","potentialAction":[{"@type":"SearchAction","target":{"@type":"EntryPoint","urlTemplate":"https:\/\/akunq.net\/tr\/?s={search_term_string}"},"query-input":{"@type":"PropertyValueSpecification","valueRequired":true,"valueName":"search_term_string"}}],"inLanguage":"en-US"},{"@type":"Person","@id":"https:\/\/akunq.net\/tr\/#\/schema\/person\/096f1d38a12cce57fb855b485ed24c9e","name":"admin","url":"https:\/\/akunq.net\/tr\/?author=7"}]}},"_links":{"self":[{"href":"https:\/\/akunq.net\/tr\/index.php?rest_route=\/wp\/v2\/posts\/67698","targetHints":{"allow":["GET"]}}],"collection":[{"href":"https:\/\/akunq.net\/tr\/index.php?rest_route=\/wp\/v2\/posts"}],"about":[{"href":"https:\/\/akunq.net\/tr\/index.php?rest_route=\/wp\/v2\/types\/post"}],"author":[{"embeddable":true,"href":"https:\/\/akunq.net\/tr\/index.php?rest_route=\/wp\/v2\/users\/7"}],"replies":[{"embeddable":true,"href":"https:\/\/akunq.net\/tr\/index.php?rest_route=%2Fwp%2Fv2%2Fcomments&post=67698"}],"version-history":[{"count":1,"href":"https:\/\/akunq.net\/tr\/index.php?rest_route=\/wp\/v2\/posts\/67698\/revisions"}],"predecessor-version":[{"id":67700,"href":"https:\/\/akunq.net\/tr\/index.php?rest_route=\/wp\/v2\/posts\/67698\/revisions\/67700"}],"wp:featuredmedia":[{"embeddable":true,"href":"https:\/\/akunq.net\/tr\/index.php?rest_route=\/wp\/v2\/media\/67699"}],"wp:attachment":[{"href":"https:\/\/akunq.net\/tr\/index.php?rest_route=%2Fwp%2Fv2%2Fmedia&parent=67698"}],"wp:term":[{"taxonomy":"category","embeddable":true,"href":"https:\/\/akunq.net\/tr\/index.php?rest_route=%2Fwp%2Fv2%2Fcategories&post=67698"},{"taxonomy":"post_tag","embeddable":true,"href":"https:\/\/akunq.net\/tr\/index.php?rest_route=%2Fwp%2Fv2%2Ftags&post=67698"}],"curies":[{"name":"wp","href":"https:\/\/api.w.org\/{rel}","templated":true}]}}