{"id":67695,"date":"2022-03-29T02:10:20","date_gmt":"2022-03-29T07:10:20","guid":{"rendered":"https:\/\/akunq.net\/tr\/?p=67695"},"modified":"2022-03-29T02:10:20","modified_gmt":"2022-03-29T07:10:20","slug":"bin-500-yillik-tarihe-sprey-boyali-tahribat","status":"publish","type":"post","link":"https:\/\/akunq.net\/tr\/?p=67695","title":{"rendered":"Bin 500 y\u0131ll\u0131k tarihe sprey boyal\u0131 tahribat"},"content":{"rendered":"<p><img loading=\"lazy\" decoding=\"async\" class=\"aligncenter size-medium wp-image-67696\" src=\"https:\/\/akunq.net\/tr\/wp-content\/uploads\/2022\/03\/Tarihi-kaya-360x203.jpg\" alt=\"\" width=\"360\" height=\"203\" srcset=\"https:\/\/akunq.net\/tr\/wp-content\/uploads\/sites\/6\/2022\/03\/Tarihi-kaya-360x203.jpg 360w, https:\/\/akunq.net\/tr\/wp-content\/uploads\/sites\/6\/2022\/03\/Tarihi-kaya-560x315.jpg 560w, https:\/\/akunq.net\/tr\/wp-content\/uploads\/sites\/6\/2022\/03\/Tarihi-kaya-260x146.jpg 260w, https:\/\/akunq.net\/tr\/wp-content\/uploads\/sites\/6\/2022\/03\/Tarihi-kaya-160x90.jpg 160w, https:\/\/akunq.net\/tr\/wp-content\/uploads\/sites\/6\/2022\/03\/Tarihi-kaya.jpg 640w\" sizes=\"auto, (max-width: 360px) 100vw, 360px\" \/><\/p>\n<p><em><strong>Bin 500 y\u0131ll\u0131k tarihe sprey boyal\u0131 tahribat Tarihi kaya mezarlar\u0131n\u0131 g\u00f6rmek isteyenler, sprey boyal\u0131 tahribatla kar\u015f\u0131la\u015f\u0131yor \u00c7ank\u0131r\u0131\u2019n\u0131n Ilgaz il\u00e7esinde yakla\u015f\u0131k bin 500 y\u0131l \u00f6nce yap\u0131ld\u0131\u011f\u0131 tahmin edilen kaya mezarlar\u0131 ve \u015fapelin duvarlar\u0131 sprey boyayla tahribata u\u011frat\u0131ld\u0131.<\/strong><\/em><\/p>\n<p>\u00c7ANKIRI \u2013 \u00c7ank\u0131r\u0131\u2019n\u0131n Ilgaz il\u00e7esinde yakla\u015f\u0131k bin 500 y\u0131l \u00f6nce yap\u0131ld\u0131\u011f\u0131 tahmin edilen kaya mezarlar\u0131 ve \u015fapelin duvarlar\u0131 sprey boyayla tahribata u\u011frat\u0131ld\u0131. Kaya mezarlar\u0131n\u0131 ziyaret eden vatanda\u015flar, kar\u015f\u0131la\u015ft\u0131klar\u0131 manzara kar\u015f\u0131s\u0131nda \u015fa\u015fk\u0131nl\u0131klar\u0131n\u0131 gizleyemiyor.<\/p>\n<p>\u00c7ank\u0131r\u0131\u2019n\u0131n Ilgaz il\u00e7esinde Ge\u00e7 Roma d\u00f6neminde t\u00fcf kayalar\u0131n oyulmas\u0131 ile in\u015fa edilen \u0130nda\u011f\u0131 Kaya Mezarlar\u0131, yakla\u015f\u0131k bin 500 y\u0131ll\u0131k tarihi ile vatanda\u015flar\u0131n ilgisini \u00e7ekiyor. Kastamonu-\u00c7ank\u0131r\u0131 karayolu \u00fczerinde bulunan tepedeki \u0130nda\u011f\u0131 Kaya Mezarlar\u0131, vatanda\u015flar taraf\u0131ndan ziyaret edilebiliyor. \u0130\u00e7erisinde kilise, odalar ve \u00e7ok say\u0131da mezar\u0131n bulundu\u011fu \u0130nda\u011f\u0131 Kaya Mezarlar\u0131, 1995 y\u0131l\u0131nda 1. derece sit alan\u0131 arkeolojik sit alan\u0131 ilan edilerek koruma alt\u0131na al\u0131nd\u0131.<\/p>\n<p>Sprey boyayla tahribata u\u011frat\u0131ld\u0131<\/p>\n<p>Roma\u2019n\u0131n son d\u00f6nemlerinden itibaren kullan\u0131ld\u0131\u011f\u0131 tahmin edilen kaya mezarlar\u0131n\u0131n define arayan \u015fah\u0131slar ve sprey boyayla duvarlar\u0131n\u0131n boyanarak tahribata u\u011frat\u0131lmas\u0131 ise g\u00f6renleri \u015fa\u015f\u0131rt\u0131yor. Kaya mezarlar\u0131n\u0131n d\u0131\u015f cephesinin ve i\u00e7erisinde bulunan odalar\u0131n duvarlar\u0131n\u0131n sprey boyalar ile tahribata u\u011frat\u0131lm\u0131\u015f durumda oldu\u011funu g\u00f6ren vatanda\u015flar, tepki g\u00f6steriyor. Kaya mezarlar\u0131ndaki t\u00fcm odalar\u0131n duvarlar\u0131nda sprey boyayla yaz\u0131lm\u0131\u015f yaz\u0131lar\u0131n oldu\u011fu ve zemini ile duvarlar\u0131n\u0131n defineciler taraf\u0131ndan kaz\u0131ld\u0131\u011f\u0131 g\u00f6r\u00fcld\u00fc.<\/p>\n<figure class=\"wp-block-image is-resized\"><img loading=\"lazy\" decoding=\"async\" src=\"https:\/\/i0.wp.com\/foto.haberler.com\/haber\/2022\/03\/28\/bin-500-yillik-tarihe-sprey-boyali-tahribat-2-14825554_o.jpg?resize=644%2C428&amp;ssl=1\" alt=\"Bin 500 y\u0131ll\u0131k tarihe sprey boyal\u0131 tahribat\" width=\"644\" height=\"428\" data-recalc-dims=\"1\" \/><\/figure>\n<p><em><strong>\u0130hlas Haber Ajans\u0131 \u2013\u00a0\u00a0<a href=\"https:\/\/www.haberler.com\/editor-haberleri\/serhat-halit-bicer\/\">Serhat Halit Bi\u00e7er<\/a> \u00a0<\/strong><\/em><\/p>\n<p><em><strong><a href=\"https:\/\/www.haberler.com\/kultur-sanat\/bin-500-yillik-tarihe-sprey-boyali-tahribat-14825554-haberi\/\">https:\/\/www.haberler.com\/kultur-sanat\/bin-500-yillik-tarihe-sprey-boyali-tahribat-14825554-haberi\/<\/a>\u00a0<\/strong><\/em><\/p>\n","protected":false},"excerpt":{"rendered":"<p>Bin 500 y\u0131ll\u0131k tarihe sprey boyal\u0131 tahribat Tarihi kaya mezarlar\u0131n\u0131 g\u00f6rmek isteyenler, sprey boyal\u0131 tahribatla kar\u015f\u0131la\u015f\u0131yor \u00c7ank\u0131r\u0131\u2019n\u0131n Ilgaz il\u00e7esinde yakla\u015f\u0131k bin 500 y\u0131l \u00f6nce yap\u0131ld\u0131\u011f\u0131 tahmin edilen kaya mezarlar\u0131 ve \u015fapelin duvarlar\u0131 sprey boyayla tahribata u\u011frat\u0131ld\u0131. \u00c7ANKIRI \u2013 \u00c7ank\u0131r\u0131\u2019n\u0131n Ilgaz il\u00e7esinde yakla\u015f\u0131k bin 500 y\u0131l \u00f6nce yap\u0131ld\u0131\u011f\u0131 tahmin edilen kaya mezarlar\u0131 ve \u015fapelin duvarlar\u0131 sprey [&hellip;]<\/p>\n","protected":false},"author":7,"featured_media":67696,"comment_status":"open","ping_status":"open","sticky":false,"template":"","format":"standard","meta":{"footnotes":""},"categories":[1],"tags":[],"class_list":["post-67695","post","type-post","status-publish","format-standard","has-post-thumbnail","hentry","category-haberler"],"yoast_head":"<!-- This site is optimized with the Yoast SEO plugin v27.4 - https:\/\/yoast.com\/product\/yoast-seo-wordpress\/ -->\n<title>Bin 500 y\u0131ll\u0131k tarihe sprey boyal\u0131 tahribat - Bati Ermenistan Ve Bati Ermenileri Sorunlari Ara\u015ftirmalar Merkezi<\/title>\n<meta name=\"robots\" content=\"index, follow, max-snippet:-1, max-image-preview:large, max-video-preview:-1\" \/>\n<link rel=\"canonical\" href=\"https:\/\/akunq.net\/tr\/?p=67695\" \/>\n<meta property=\"og:locale\" content=\"en_US\" \/>\n<meta property=\"og:type\" content=\"article\" \/>\n<meta property=\"og:title\" content=\"Bin 500 y\u0131ll\u0131k tarihe sprey boyal\u0131 tahribat - Bati Ermenistan Ve Bati Ermenileri Sorunlari Ara\u015ftirmalar Merkezi\" \/>\n<meta property=\"og:description\" content=\"Bin 500 y\u0131ll\u0131k tarihe sprey boyal\u0131 tahribat Tarihi kaya mezarlar\u0131n\u0131 g\u00f6rmek isteyenler, sprey boyal\u0131 tahribatla kar\u015f\u0131la\u015f\u0131yor \u00c7ank\u0131r\u0131\u2019n\u0131n Ilgaz il\u00e7esinde yakla\u015f\u0131k bin 500 y\u0131l \u00f6nce yap\u0131ld\u0131\u011f\u0131 tahmin edilen kaya mezarlar\u0131 ve \u015fapelin duvarlar\u0131 sprey boyayla tahribata u\u011frat\u0131ld\u0131. \u00c7ANKIRI \u2013 \u00c7ank\u0131r\u0131\u2019n\u0131n Ilgaz il\u00e7esinde yakla\u015f\u0131k bin 500 y\u0131l \u00f6nce yap\u0131ld\u0131\u011f\u0131 tahmin edilen kaya mezarlar\u0131 ve \u015fapelin duvarlar\u0131 sprey [&hellip;]\" \/>\n<meta property=\"og:url\" content=\"https:\/\/akunq.net\/tr\/?p=67695\" \/>\n<meta property=\"og:site_name\" content=\"Bati Ermenistan Ve Bati Ermenileri Sorunlari Ara\u015ftirmalar Merkezi\" \/>\n<meta property=\"article:published_time\" content=\"2022-03-29T07:10:20+00:00\" \/>\n<meta property=\"og:image\" content=\"https:\/\/akunq.net\/tr\/wp-content\/uploads\/sites\/6\/2022\/03\/Tarihi-kaya.jpg\" \/>\n\t<meta property=\"og:image:width\" content=\"640\" \/>\n\t<meta property=\"og:image:height\" content=\"360\" \/>\n\t<meta property=\"og:image:type\" content=\"image\/jpeg\" \/>\n<meta name=\"author\" content=\"admin\" \/>\n<meta name=\"twitter:card\" content=\"summary_large_image\" \/>\n<meta name=\"twitter:label1\" content=\"Written by\" \/>\n\t<meta name=\"twitter:data1\" content=\"admin\" \/>\n\t<meta name=\"twitter:label2\" content=\"Est. reading time\" \/>\n\t<meta name=\"twitter:data2\" content=\"2 minutes\" \/>\n<script type=\"application\/ld+json\" class=\"yoast-schema-graph\">{\"@context\":\"https:\\\/\\\/schema.org\",\"@graph\":[{\"@type\":\"Article\",\"@id\":\"https:\\\/\\\/akunq.net\\\/tr\\\/?p=67695#article\",\"isPartOf\":{\"@id\":\"https:\\\/\\\/akunq.net\\\/tr\\\/?p=67695\"},\"author\":{\"name\":\"admin\",\"@id\":\"https:\\\/\\\/akunq.net\\\/tr\\\/#\\\/schema\\\/person\\\/096f1d38a12cce57fb855b485ed24c9e\"},\"headline\":\"Bin 500 y\u0131ll\u0131k tarihe sprey boyal\u0131 tahribat\",\"datePublished\":\"2022-03-29T07:10:20+00:00\",\"mainEntityOfPage\":{\"@id\":\"https:\\\/\\\/akunq.net\\\/tr\\\/?p=67695\"},\"wordCount\":310,\"commentCount\":0,\"image\":{\"@id\":\"https:\\\/\\\/akunq.net\\\/tr\\\/?p=67695#primaryimage\"},\"thumbnailUrl\":\"https:\\\/\\\/akunq.net\\\/tr\\\/wp-content\\\/uploads\\\/sites\\\/6\\\/2022\\\/03\\\/Tarihi-kaya.jpg\",\"articleSection\":[\"Haberler\"],\"inLanguage\":\"en-US\",\"potentialAction\":[{\"@type\":\"CommentAction\",\"name\":\"Comment\",\"target\":[\"https:\\\/\\\/akunq.net\\\/tr\\\/?p=67695#respond\"]}]},{\"@type\":\"WebPage\",\"@id\":\"https:\\\/\\\/akunq.net\\\/tr\\\/?p=67695\",\"url\":\"https:\\\/\\\/akunq.net\\\/tr\\\/?p=67695\",\"name\":\"Bin 500 y\u0131ll\u0131k tarihe sprey boyal\u0131 tahribat - Bati Ermenistan Ve Bati Ermenileri Sorunlari Ara\u015ftirmalar Merkezi\",\"isPartOf\":{\"@id\":\"https:\\\/\\\/akunq.net\\\/tr\\\/#website\"},\"primaryImageOfPage\":{\"@id\":\"https:\\\/\\\/akunq.net\\\/tr\\\/?p=67695#primaryimage\"},\"image\":{\"@id\":\"https:\\\/\\\/akunq.net\\\/tr\\\/?p=67695#primaryimage\"},\"thumbnailUrl\":\"https:\\\/\\\/akunq.net\\\/tr\\\/wp-content\\\/uploads\\\/sites\\\/6\\\/2022\\\/03\\\/Tarihi-kaya.jpg\",\"datePublished\":\"2022-03-29T07:10:20+00:00\",\"author\":{\"@id\":\"https:\\\/\\\/akunq.net\\\/tr\\\/#\\\/schema\\\/person\\\/096f1d38a12cce57fb855b485ed24c9e\"},\"breadcrumb\":{\"@id\":\"https:\\\/\\\/akunq.net\\\/tr\\\/?p=67695#breadcrumb\"},\"inLanguage\":\"en-US\",\"potentialAction\":[{\"@type\":\"ReadAction\",\"target\":[\"https:\\\/\\\/akunq.net\\\/tr\\\/?p=67695\"]}]},{\"@type\":\"ImageObject\",\"inLanguage\":\"en-US\",\"@id\":\"https:\\\/\\\/akunq.net\\\/tr\\\/?p=67695#primaryimage\",\"url\":\"https:\\\/\\\/akunq.net\\\/tr\\\/wp-content\\\/uploads\\\/sites\\\/6\\\/2022\\\/03\\\/Tarihi-kaya.jpg\",\"contentUrl\":\"https:\\\/\\\/akunq.net\\\/tr\\\/wp-content\\\/uploads\\\/sites\\\/6\\\/2022\\\/03\\\/Tarihi-kaya.jpg\",\"width\":640,\"height\":360},{\"@type\":\"BreadcrumbList\",\"@id\":\"https:\\\/\\\/akunq.net\\\/tr\\\/?p=67695#breadcrumb\",\"itemListElement\":[{\"@type\":\"ListItem\",\"position\":1,\"name\":\"Home\",\"item\":\"https:\\\/\\\/akunq.net\\\/tr\"},{\"@type\":\"ListItem\",\"position\":2,\"name\":\"Bin 500 y\u0131ll\u0131k tarihe sprey boyal\u0131 tahribat\"}]},{\"@type\":\"WebSite\",\"@id\":\"https:\\\/\\\/akunq.net\\\/tr\\\/#website\",\"url\":\"https:\\\/\\\/akunq.net\\\/tr\\\/\",\"name\":\"Bati Ermenistan Ve Bati Ermenileri Sorunlari Ara\u015ftirmalar Merkezi\",\"description\":\"\",\"potentialAction\":[{\"@type\":\"SearchAction\",\"target\":{\"@type\":\"EntryPoint\",\"urlTemplate\":\"https:\\\/\\\/akunq.net\\\/tr\\\/?s={search_term_string}\"},\"query-input\":{\"@type\":\"PropertyValueSpecification\",\"valueRequired\":true,\"valueName\":\"search_term_string\"}}],\"inLanguage\":\"en-US\"},{\"@type\":\"Person\",\"@id\":\"https:\\\/\\\/akunq.net\\\/tr\\\/#\\\/schema\\\/person\\\/096f1d38a12cce57fb855b485ed24c9e\",\"name\":\"admin\",\"url\":\"https:\\\/\\\/akunq.net\\\/tr\\\/?author=7\"}]}<\/script>\n<!-- \/ Yoast SEO plugin. -->","yoast_head_json":{"title":"Bin 500 y\u0131ll\u0131k tarihe sprey boyal\u0131 tahribat - Bati Ermenistan Ve Bati Ermenileri Sorunlari Ara\u015ftirmalar Merkezi","robots":{"index":"index","follow":"follow","max-snippet":"max-snippet:-1","max-image-preview":"max-image-preview:large","max-video-preview":"max-video-preview:-1"},"canonical":"https:\/\/akunq.net\/tr\/?p=67695","og_locale":"en_US","og_type":"article","og_title":"Bin 500 y\u0131ll\u0131k tarihe sprey boyal\u0131 tahribat - Bati Ermenistan Ve Bati Ermenileri Sorunlari Ara\u015ftirmalar Merkezi","og_description":"Bin 500 y\u0131ll\u0131k tarihe sprey boyal\u0131 tahribat Tarihi kaya mezarlar\u0131n\u0131 g\u00f6rmek isteyenler, sprey boyal\u0131 tahribatla kar\u015f\u0131la\u015f\u0131yor \u00c7ank\u0131r\u0131\u2019n\u0131n Ilgaz il\u00e7esinde yakla\u015f\u0131k bin 500 y\u0131l \u00f6nce yap\u0131ld\u0131\u011f\u0131 tahmin edilen kaya mezarlar\u0131 ve \u015fapelin duvarlar\u0131 sprey boyayla tahribata u\u011frat\u0131ld\u0131. \u00c7ANKIRI \u2013 \u00c7ank\u0131r\u0131\u2019n\u0131n Ilgaz il\u00e7esinde yakla\u015f\u0131k bin 500 y\u0131l \u00f6nce yap\u0131ld\u0131\u011f\u0131 tahmin edilen kaya mezarlar\u0131 ve \u015fapelin duvarlar\u0131 sprey [&hellip;]","og_url":"https:\/\/akunq.net\/tr\/?p=67695","og_site_name":"Bati Ermenistan Ve Bati Ermenileri Sorunlari Ara\u015ftirmalar Merkezi","article_published_time":"2022-03-29T07:10:20+00:00","og_image":[{"width":640,"height":360,"url":"https:\/\/akunq.net\/tr\/wp-content\/uploads\/sites\/6\/2022\/03\/Tarihi-kaya.jpg","type":"image\/jpeg"}],"author":"admin","twitter_card":"summary_large_image","twitter_misc":{"Written by":"admin","Est. reading time":"2 minutes"},"schema":{"@context":"https:\/\/schema.org","@graph":[{"@type":"Article","@id":"https:\/\/akunq.net\/tr\/?p=67695#article","isPartOf":{"@id":"https:\/\/akunq.net\/tr\/?p=67695"},"author":{"name":"admin","@id":"https:\/\/akunq.net\/tr\/#\/schema\/person\/096f1d38a12cce57fb855b485ed24c9e"},"headline":"Bin 500 y\u0131ll\u0131k tarihe sprey boyal\u0131 tahribat","datePublished":"2022-03-29T07:10:20+00:00","mainEntityOfPage":{"@id":"https:\/\/akunq.net\/tr\/?p=67695"},"wordCount":310,"commentCount":0,"image":{"@id":"https:\/\/akunq.net\/tr\/?p=67695#primaryimage"},"thumbnailUrl":"https:\/\/akunq.net\/tr\/wp-content\/uploads\/sites\/6\/2022\/03\/Tarihi-kaya.jpg","articleSection":["Haberler"],"inLanguage":"en-US","potentialAction":[{"@type":"CommentAction","name":"Comment","target":["https:\/\/akunq.net\/tr\/?p=67695#respond"]}]},{"@type":"WebPage","@id":"https:\/\/akunq.net\/tr\/?p=67695","url":"https:\/\/akunq.net\/tr\/?p=67695","name":"Bin 500 y\u0131ll\u0131k tarihe sprey boyal\u0131 tahribat - Bati Ermenistan Ve Bati Ermenileri Sorunlari Ara\u015ftirmalar Merkezi","isPartOf":{"@id":"https:\/\/akunq.net\/tr\/#website"},"primaryImageOfPage":{"@id":"https:\/\/akunq.net\/tr\/?p=67695#primaryimage"},"image":{"@id":"https:\/\/akunq.net\/tr\/?p=67695#primaryimage"},"thumbnailUrl":"https:\/\/akunq.net\/tr\/wp-content\/uploads\/sites\/6\/2022\/03\/Tarihi-kaya.jpg","datePublished":"2022-03-29T07:10:20+00:00","author":{"@id":"https:\/\/akunq.net\/tr\/#\/schema\/person\/096f1d38a12cce57fb855b485ed24c9e"},"breadcrumb":{"@id":"https:\/\/akunq.net\/tr\/?p=67695#breadcrumb"},"inLanguage":"en-US","potentialAction":[{"@type":"ReadAction","target":["https:\/\/akunq.net\/tr\/?p=67695"]}]},{"@type":"ImageObject","inLanguage":"en-US","@id":"https:\/\/akunq.net\/tr\/?p=67695#primaryimage","url":"https:\/\/akunq.net\/tr\/wp-content\/uploads\/sites\/6\/2022\/03\/Tarihi-kaya.jpg","contentUrl":"https:\/\/akunq.net\/tr\/wp-content\/uploads\/sites\/6\/2022\/03\/Tarihi-kaya.jpg","width":640,"height":360},{"@type":"BreadcrumbList","@id":"https:\/\/akunq.net\/tr\/?p=67695#breadcrumb","itemListElement":[{"@type":"ListItem","position":1,"name":"Home","item":"https:\/\/akunq.net\/tr"},{"@type":"ListItem","position":2,"name":"Bin 500 y\u0131ll\u0131k tarihe sprey boyal\u0131 tahribat"}]},{"@type":"WebSite","@id":"https:\/\/akunq.net\/tr\/#website","url":"https:\/\/akunq.net\/tr\/","name":"Bati Ermenistan Ve Bati Ermenileri Sorunlari Ara\u015ftirmalar Merkezi","description":"","potentialAction":[{"@type":"SearchAction","target":{"@type":"EntryPoint","urlTemplate":"https:\/\/akunq.net\/tr\/?s={search_term_string}"},"query-input":{"@type":"PropertyValueSpecification","valueRequired":true,"valueName":"search_term_string"}}],"inLanguage":"en-US"},{"@type":"Person","@id":"https:\/\/akunq.net\/tr\/#\/schema\/person\/096f1d38a12cce57fb855b485ed24c9e","name":"admin","url":"https:\/\/akunq.net\/tr\/?author=7"}]}},"_links":{"self":[{"href":"https:\/\/akunq.net\/tr\/index.php?rest_route=\/wp\/v2\/posts\/67695","targetHints":{"allow":["GET"]}}],"collection":[{"href":"https:\/\/akunq.net\/tr\/index.php?rest_route=\/wp\/v2\/posts"}],"about":[{"href":"https:\/\/akunq.net\/tr\/index.php?rest_route=\/wp\/v2\/types\/post"}],"author":[{"embeddable":true,"href":"https:\/\/akunq.net\/tr\/index.php?rest_route=\/wp\/v2\/users\/7"}],"replies":[{"embeddable":true,"href":"https:\/\/akunq.net\/tr\/index.php?rest_route=%2Fwp%2Fv2%2Fcomments&post=67695"}],"version-history":[{"count":1,"href":"https:\/\/akunq.net\/tr\/index.php?rest_route=\/wp\/v2\/posts\/67695\/revisions"}],"predecessor-version":[{"id":67697,"href":"https:\/\/akunq.net\/tr\/index.php?rest_route=\/wp\/v2\/posts\/67695\/revisions\/67697"}],"wp:featuredmedia":[{"embeddable":true,"href":"https:\/\/akunq.net\/tr\/index.php?rest_route=\/wp\/v2\/media\/67696"}],"wp:attachment":[{"href":"https:\/\/akunq.net\/tr\/index.php?rest_route=%2Fwp%2Fv2%2Fmedia&parent=67695"}],"wp:term":[{"taxonomy":"category","embeddable":true,"href":"https:\/\/akunq.net\/tr\/index.php?rest_route=%2Fwp%2Fv2%2Fcategories&post=67695"},{"taxonomy":"post_tag","embeddable":true,"href":"https:\/\/akunq.net\/tr\/index.php?rest_route=%2Fwp%2Fv2%2Ftags&post=67695"}],"curies":[{"name":"wp","href":"https:\/\/api.w.org\/{rel}","templated":true}]}}