{"id":67671,"date":"2022-03-28T02:18:16","date_gmt":"2022-03-28T07:18:16","guid":{"rendered":"https:\/\/akunq.net\/tr\/?p=67671"},"modified":"2022-03-28T02:18:16","modified_gmt":"2022-03-28T07:18:16","slug":"hrant-dink-cinayeti-davasinin-kirgizistanda-yakalanan-hukumlusu-iskender-turkiyede-tutuklandi","status":"publish","type":"post","link":"https:\/\/akunq.net\/tr\/?p=67671","title":{"rendered":"Hrant Dink cinayeti davas\u0131n\u0131n K\u0131rg\u0131zistan\u2019da yakalanan h\u00fck\u00fcml\u00fcs\u00fc \u0130skender T\u00fcrkiye\u2019de tutukland\u0131"},"content":{"rendered":"<p><img loading=\"lazy\" decoding=\"async\" class=\"aligncenter size-medium wp-image-67672\" src=\"https:\/\/akunq.net\/tr\/wp-content\/uploads\/2022\/03\/Ahmet-\u0130skender-360x203.jpg\" alt=\"\" width=\"360\" height=\"203\" srcset=\"https:\/\/akunq.net\/tr\/wp-content\/uploads\/sites\/6\/2022\/03\/Ahmet-\u0130skender-360x203.jpg 360w, https:\/\/akunq.net\/tr\/wp-content\/uploads\/sites\/6\/2022\/03\/Ahmet-\u0130skender-768x432.jpg 768w, https:\/\/akunq.net\/tr\/wp-content\/uploads\/sites\/6\/2022\/03\/Ahmet-\u0130skender-560x315.jpg 560w, https:\/\/akunq.net\/tr\/wp-content\/uploads\/sites\/6\/2022\/03\/Ahmet-\u0130skender-260x146.jpg 260w, https:\/\/akunq.net\/tr\/wp-content\/uploads\/sites\/6\/2022\/03\/Ahmet-\u0130skender-160x90.jpg 160w, https:\/\/akunq.net\/tr\/wp-content\/uploads\/sites\/6\/2022\/03\/Ahmet-\u0130skender.jpg 864w\" sizes=\"auto, (max-width: 360px) 100vw, 360px\" \/><\/p>\n<p><em><strong>Agos gazetesi Genel Yay\u0131n Y\u00f6netmeni Hrant Dink\u2019in 19 Ocak 2007\u2019de \u00f6ld\u00fcr\u00fclmesine ili\u015fkin davan\u0131n K\u0131rg\u0131zistan\u2019da yakalanan h\u00fck\u00fcml\u00fcs\u00fc Ahmet \u0130skender, T\u00fcrkiye\u2019ye getirilerek tutukland\u0131.<\/strong><\/em><\/p>\n<p><strong>Mehmet Tosun<\/strong><\/p>\n<p>Emniyet Genel M\u00fcd\u00fcrl\u00fc\u011f\u00fcnden yap\u0131lan yaz\u0131l\u0131 a\u00e7\u0131klamaya g\u00f6re, Emniyet \u0130stihbarat Ba\u015fkanl\u0131\u011f\u0131, Ter\u00f6rle M\u00fccadele Daire Ba\u015fkanl\u0131\u011f\u0131 ve \u0130nterpol-Europol Daire Ba\u015fkanl\u0131\u011f\u0131n\u0131n \u00e7al\u0131\u015fmalar\u0131yla Bi\u015fkek\u2019te sakland\u0131\u011f\u0131 tespit edilen \u0130skender, K\u0131rg\u0131zistan Emniyet Birimlerince 26 \u015eubat\u2019ta yakaland\u0131.<\/p>\n<p>T\u00fcrkiye\u2019nin K\u0131rg\u0131zistan B\u00fcy\u00fckel\u00e7ili\u011fi ve \u0130\u00e7i\u015fleri M\u00fc\u015favirli\u011fi, K\u0131rg\u0131zistan \u0130\u00e7i\u015fleri Bakanl\u0131\u011f\u0131 ile irtibata ge\u00e7erek \u0130skender\u2019in T\u00fcrkiye\u2019ye iadesini istedi.<\/p>\n<p>\u0130skender, \u0130nterpol-Europol Daire Ba\u015fkanl\u0131\u011f\u0131 ve Ter\u00f6rle M\u00fccadele Daire Ba\u015fkanl\u0131\u011f\u0131 personeli taraf\u0131ndan d\u00fcn K\u0131rg\u0131zistan\u2019dan T\u00fcrkiye\u2019ye getirildi.<\/p>\n<p>Hakk\u0131nda 12 y\u0131l 6 ay onanm\u0131\u015f hapis cezas\u0131 bulunan \u0130skender, \u00e7\u0131kar\u0131ld\u0131\u011f\u0131 mahkemece tutuklanarak, Metris 1 Nolu T Tipi Ceza \u0130nfaz Kurumuna teslim edildi.<\/p>\n<p>Ahmet \u0130skender\u2019in \u00fczerinde karde\u015fi M. \u0130skender\u2019e ait ancak kendi foto\u011fraf\u0131 bulunan pasaport ele ge\u00e7irildi.<\/p>\n<hr \/>\n<p><em><strong><a href=\"https:\/\/www.aa.com.tr\/tr\/gundem\/hrant-dink-cinayeti-davasinin-kirgizistanda-yakalanan-hukumlusu-iskender-turkiyede-tutuklandi\/2547286\" target=\"_blank\" rel=\"noopener noreferrer\">AA<\/a>\u00a0<\/strong><\/em><\/p>\n","protected":false},"excerpt":{"rendered":"<p>Agos gazetesi Genel Yay\u0131n Y\u00f6netmeni Hrant Dink\u2019in 19 Ocak 2007\u2019de \u00f6ld\u00fcr\u00fclmesine ili\u015fkin davan\u0131n K\u0131rg\u0131zistan\u2019da yakalanan h\u00fck\u00fcml\u00fcs\u00fc Ahmet \u0130skender, T\u00fcrkiye\u2019ye getirilerek tutukland\u0131. Mehmet Tosun Emniyet Genel M\u00fcd\u00fcrl\u00fc\u011f\u00fcnden yap\u0131lan yaz\u0131l\u0131 a\u00e7\u0131klamaya g\u00f6re, Emniyet \u0130stihbarat Ba\u015fkanl\u0131\u011f\u0131, Ter\u00f6rle M\u00fccadele Daire Ba\u015fkanl\u0131\u011f\u0131 ve \u0130nterpol-Europol Daire Ba\u015fkanl\u0131\u011f\u0131n\u0131n \u00e7al\u0131\u015fmalar\u0131yla Bi\u015fkek\u2019te sakland\u0131\u011f\u0131 tespit edilen \u0130skender, K\u0131rg\u0131zistan Emniyet Birimlerince 26 \u015eubat\u2019ta yakaland\u0131. T\u00fcrkiye\u2019nin K\u0131rg\u0131zistan [&hellip;]<\/p>\n","protected":false},"author":7,"featured_media":67672,"comment_status":"open","ping_status":"open","sticky":false,"template":"","format":"standard","meta":{"footnotes":""},"categories":[1],"tags":[],"class_list":["post-67671","post","type-post","status-publish","format-standard","has-post-thumbnail","hentry","category-haberler"],"yoast_head":"<!-- This site is optimized with the Yoast SEO plugin v27.4 - https:\/\/yoast.com\/product\/yoast-seo-wordpress\/ -->\n<title>Hrant Dink cinayeti davas\u0131n\u0131n K\u0131rg\u0131zistan\u2019da yakalanan h\u00fck\u00fcml\u00fcs\u00fc \u0130skender T\u00fcrkiye\u2019de tutukland\u0131 - Bati Ermenistan Ve Bati Ermenileri Sorunlari Ara\u015ftirmalar Merkezi<\/title>\n<meta name=\"robots\" content=\"index, follow, max-snippet:-1, max-image-preview:large, max-video-preview:-1\" \/>\n<link rel=\"canonical\" href=\"https:\/\/akunq.net\/tr\/?p=67671\" \/>\n<meta property=\"og:locale\" content=\"en_US\" \/>\n<meta property=\"og:type\" content=\"article\" \/>\n<meta property=\"og:title\" content=\"Hrant Dink cinayeti davas\u0131n\u0131n K\u0131rg\u0131zistan\u2019da yakalanan h\u00fck\u00fcml\u00fcs\u00fc \u0130skender T\u00fcrkiye\u2019de tutukland\u0131 - Bati Ermenistan Ve Bati Ermenileri Sorunlari Ara\u015ftirmalar Merkezi\" \/>\n<meta property=\"og:description\" content=\"Agos gazetesi Genel Yay\u0131n Y\u00f6netmeni Hrant Dink\u2019in 19 Ocak 2007\u2019de \u00f6ld\u00fcr\u00fclmesine ili\u015fkin davan\u0131n K\u0131rg\u0131zistan\u2019da yakalanan h\u00fck\u00fcml\u00fcs\u00fc Ahmet \u0130skender, T\u00fcrkiye\u2019ye getirilerek tutukland\u0131. Mehmet Tosun Emniyet Genel M\u00fcd\u00fcrl\u00fc\u011f\u00fcnden yap\u0131lan yaz\u0131l\u0131 a\u00e7\u0131klamaya g\u00f6re, Emniyet \u0130stihbarat Ba\u015fkanl\u0131\u011f\u0131, Ter\u00f6rle M\u00fccadele Daire Ba\u015fkanl\u0131\u011f\u0131 ve \u0130nterpol-Europol Daire Ba\u015fkanl\u0131\u011f\u0131n\u0131n \u00e7al\u0131\u015fmalar\u0131yla Bi\u015fkek\u2019te sakland\u0131\u011f\u0131 tespit edilen \u0130skender, K\u0131rg\u0131zistan Emniyet Birimlerince 26 \u015eubat\u2019ta yakaland\u0131. T\u00fcrkiye\u2019nin K\u0131rg\u0131zistan [&hellip;]\" \/>\n<meta property=\"og:url\" content=\"https:\/\/akunq.net\/tr\/?p=67671\" \/>\n<meta property=\"og:site_name\" content=\"Bati Ermenistan Ve Bati Ermenileri Sorunlari Ara\u015ftirmalar Merkezi\" \/>\n<meta property=\"article:published_time\" content=\"2022-03-28T07:18:16+00:00\" \/>\n<meta property=\"og:image\" content=\"https:\/\/akunq.net\/tr\/wp-content\/uploads\/sites\/6\/2022\/03\/Ahmet-\u0130skender.jpg\" \/>\n\t<meta property=\"og:image:width\" content=\"864\" \/>\n\t<meta property=\"og:image:height\" content=\"486\" \/>\n\t<meta property=\"og:image:type\" content=\"image\/jpeg\" \/>\n<meta name=\"author\" content=\"admin\" \/>\n<meta name=\"twitter:card\" content=\"summary_large_image\" \/>\n<meta name=\"twitter:label1\" content=\"Written by\" \/>\n\t<meta name=\"twitter:data1\" content=\"admin\" \/>\n\t<meta name=\"twitter:label2\" content=\"Est. reading time\" \/>\n\t<meta name=\"twitter:data2\" content=\"1 minute\" \/>\n<script type=\"application\/ld+json\" class=\"yoast-schema-graph\">{\"@context\":\"https:\\\/\\\/schema.org\",\"@graph\":[{\"@type\":\"Article\",\"@id\":\"https:\\\/\\\/akunq.net\\\/tr\\\/?p=67671#article\",\"isPartOf\":{\"@id\":\"https:\\\/\\\/akunq.net\\\/tr\\\/?p=67671\"},\"author\":{\"name\":\"admin\",\"@id\":\"https:\\\/\\\/akunq.net\\\/tr\\\/#\\\/schema\\\/person\\\/096f1d38a12cce57fb855b485ed24c9e\"},\"headline\":\"Hrant Dink cinayeti davas\u0131n\u0131n K\u0131rg\u0131zistan\u2019da yakalanan h\u00fck\u00fcml\u00fcs\u00fc \u0130skender T\u00fcrkiye\u2019de tutukland\u0131\",\"datePublished\":\"2022-03-28T07:18:16+00:00\",\"mainEntityOfPage\":{\"@id\":\"https:\\\/\\\/akunq.net\\\/tr\\\/?p=67671\"},\"wordCount\":210,\"commentCount\":0,\"image\":{\"@id\":\"https:\\\/\\\/akunq.net\\\/tr\\\/?p=67671#primaryimage\"},\"thumbnailUrl\":\"https:\\\/\\\/akunq.net\\\/tr\\\/wp-content\\\/uploads\\\/sites\\\/6\\\/2022\\\/03\\\/Ahmet-\u0130skender.jpg\",\"articleSection\":[\"Haberler\"],\"inLanguage\":\"en-US\",\"potentialAction\":[{\"@type\":\"CommentAction\",\"name\":\"Comment\",\"target\":[\"https:\\\/\\\/akunq.net\\\/tr\\\/?p=67671#respond\"]}]},{\"@type\":\"WebPage\",\"@id\":\"https:\\\/\\\/akunq.net\\\/tr\\\/?p=67671\",\"url\":\"https:\\\/\\\/akunq.net\\\/tr\\\/?p=67671\",\"name\":\"Hrant Dink cinayeti davas\u0131n\u0131n K\u0131rg\u0131zistan\u2019da yakalanan h\u00fck\u00fcml\u00fcs\u00fc \u0130skender T\u00fcrkiye\u2019de tutukland\u0131 - Bati Ermenistan Ve Bati Ermenileri Sorunlari Ara\u015ftirmalar Merkezi\",\"isPartOf\":{\"@id\":\"https:\\\/\\\/akunq.net\\\/tr\\\/#website\"},\"primaryImageOfPage\":{\"@id\":\"https:\\\/\\\/akunq.net\\\/tr\\\/?p=67671#primaryimage\"},\"image\":{\"@id\":\"https:\\\/\\\/akunq.net\\\/tr\\\/?p=67671#primaryimage\"},\"thumbnailUrl\":\"https:\\\/\\\/akunq.net\\\/tr\\\/wp-content\\\/uploads\\\/sites\\\/6\\\/2022\\\/03\\\/Ahmet-\u0130skender.jpg\",\"datePublished\":\"2022-03-28T07:18:16+00:00\",\"author\":{\"@id\":\"https:\\\/\\\/akunq.net\\\/tr\\\/#\\\/schema\\\/person\\\/096f1d38a12cce57fb855b485ed24c9e\"},\"breadcrumb\":{\"@id\":\"https:\\\/\\\/akunq.net\\\/tr\\\/?p=67671#breadcrumb\"},\"inLanguage\":\"en-US\",\"potentialAction\":[{\"@type\":\"ReadAction\",\"target\":[\"https:\\\/\\\/akunq.net\\\/tr\\\/?p=67671\"]}]},{\"@type\":\"ImageObject\",\"inLanguage\":\"en-US\",\"@id\":\"https:\\\/\\\/akunq.net\\\/tr\\\/?p=67671#primaryimage\",\"url\":\"https:\\\/\\\/akunq.net\\\/tr\\\/wp-content\\\/uploads\\\/sites\\\/6\\\/2022\\\/03\\\/Ahmet-\u0130skender.jpg\",\"contentUrl\":\"https:\\\/\\\/akunq.net\\\/tr\\\/wp-content\\\/uploads\\\/sites\\\/6\\\/2022\\\/03\\\/Ahmet-\u0130skender.jpg\",\"width\":864,\"height\":486},{\"@type\":\"BreadcrumbList\",\"@id\":\"https:\\\/\\\/akunq.net\\\/tr\\\/?p=67671#breadcrumb\",\"itemListElement\":[{\"@type\":\"ListItem\",\"position\":1,\"name\":\"Home\",\"item\":\"https:\\\/\\\/akunq.net\\\/tr\"},{\"@type\":\"ListItem\",\"position\":2,\"name\":\"Hrant Dink cinayeti davas\u0131n\u0131n K\u0131rg\u0131zistan\u2019da yakalanan h\u00fck\u00fcml\u00fcs\u00fc \u0130skender T\u00fcrkiye\u2019de tutukland\u0131\"}]},{\"@type\":\"WebSite\",\"@id\":\"https:\\\/\\\/akunq.net\\\/tr\\\/#website\",\"url\":\"https:\\\/\\\/akunq.net\\\/tr\\\/\",\"name\":\"Bati Ermenistan Ve Bati Ermenileri Sorunlari Ara\u015ftirmalar Merkezi\",\"description\":\"\",\"potentialAction\":[{\"@type\":\"SearchAction\",\"target\":{\"@type\":\"EntryPoint\",\"urlTemplate\":\"https:\\\/\\\/akunq.net\\\/tr\\\/?s={search_term_string}\"},\"query-input\":{\"@type\":\"PropertyValueSpecification\",\"valueRequired\":true,\"valueName\":\"search_term_string\"}}],\"inLanguage\":\"en-US\"},{\"@type\":\"Person\",\"@id\":\"https:\\\/\\\/akunq.net\\\/tr\\\/#\\\/schema\\\/person\\\/096f1d38a12cce57fb855b485ed24c9e\",\"name\":\"admin\",\"url\":\"https:\\\/\\\/akunq.net\\\/tr\\\/?author=7\"}]}<\/script>\n<!-- \/ Yoast SEO plugin. -->","yoast_head_json":{"title":"Hrant Dink cinayeti davas\u0131n\u0131n K\u0131rg\u0131zistan\u2019da yakalanan h\u00fck\u00fcml\u00fcs\u00fc \u0130skender T\u00fcrkiye\u2019de tutukland\u0131 - Bati Ermenistan Ve Bati Ermenileri Sorunlari Ara\u015ftirmalar Merkezi","robots":{"index":"index","follow":"follow","max-snippet":"max-snippet:-1","max-image-preview":"max-image-preview:large","max-video-preview":"max-video-preview:-1"},"canonical":"https:\/\/akunq.net\/tr\/?p=67671","og_locale":"en_US","og_type":"article","og_title":"Hrant Dink cinayeti davas\u0131n\u0131n K\u0131rg\u0131zistan\u2019da yakalanan h\u00fck\u00fcml\u00fcs\u00fc \u0130skender T\u00fcrkiye\u2019de tutukland\u0131 - Bati Ermenistan Ve Bati Ermenileri Sorunlari Ara\u015ftirmalar Merkezi","og_description":"Agos gazetesi Genel Yay\u0131n Y\u00f6netmeni Hrant Dink\u2019in 19 Ocak 2007\u2019de \u00f6ld\u00fcr\u00fclmesine ili\u015fkin davan\u0131n K\u0131rg\u0131zistan\u2019da yakalanan h\u00fck\u00fcml\u00fcs\u00fc Ahmet \u0130skender, T\u00fcrkiye\u2019ye getirilerek tutukland\u0131. Mehmet Tosun Emniyet Genel M\u00fcd\u00fcrl\u00fc\u011f\u00fcnden yap\u0131lan yaz\u0131l\u0131 a\u00e7\u0131klamaya g\u00f6re, Emniyet \u0130stihbarat Ba\u015fkanl\u0131\u011f\u0131, Ter\u00f6rle M\u00fccadele Daire Ba\u015fkanl\u0131\u011f\u0131 ve \u0130nterpol-Europol Daire Ba\u015fkanl\u0131\u011f\u0131n\u0131n \u00e7al\u0131\u015fmalar\u0131yla Bi\u015fkek\u2019te sakland\u0131\u011f\u0131 tespit edilen \u0130skender, K\u0131rg\u0131zistan Emniyet Birimlerince 26 \u015eubat\u2019ta yakaland\u0131. T\u00fcrkiye\u2019nin K\u0131rg\u0131zistan [&hellip;]","og_url":"https:\/\/akunq.net\/tr\/?p=67671","og_site_name":"Bati Ermenistan Ve Bati Ermenileri Sorunlari Ara\u015ftirmalar Merkezi","article_published_time":"2022-03-28T07:18:16+00:00","og_image":[{"width":864,"height":486,"url":"https:\/\/akunq.net\/tr\/wp-content\/uploads\/sites\/6\/2022\/03\/Ahmet-\u0130skender.jpg","type":"image\/jpeg"}],"author":"admin","twitter_card":"summary_large_image","twitter_misc":{"Written by":"admin","Est. reading time":"1 minute"},"schema":{"@context":"https:\/\/schema.org","@graph":[{"@type":"Article","@id":"https:\/\/akunq.net\/tr\/?p=67671#article","isPartOf":{"@id":"https:\/\/akunq.net\/tr\/?p=67671"},"author":{"name":"admin","@id":"https:\/\/akunq.net\/tr\/#\/schema\/person\/096f1d38a12cce57fb855b485ed24c9e"},"headline":"Hrant Dink cinayeti davas\u0131n\u0131n K\u0131rg\u0131zistan\u2019da yakalanan h\u00fck\u00fcml\u00fcs\u00fc \u0130skender T\u00fcrkiye\u2019de tutukland\u0131","datePublished":"2022-03-28T07:18:16+00:00","mainEntityOfPage":{"@id":"https:\/\/akunq.net\/tr\/?p=67671"},"wordCount":210,"commentCount":0,"image":{"@id":"https:\/\/akunq.net\/tr\/?p=67671#primaryimage"},"thumbnailUrl":"https:\/\/akunq.net\/tr\/wp-content\/uploads\/sites\/6\/2022\/03\/Ahmet-\u0130skender.jpg","articleSection":["Haberler"],"inLanguage":"en-US","potentialAction":[{"@type":"CommentAction","name":"Comment","target":["https:\/\/akunq.net\/tr\/?p=67671#respond"]}]},{"@type":"WebPage","@id":"https:\/\/akunq.net\/tr\/?p=67671","url":"https:\/\/akunq.net\/tr\/?p=67671","name":"Hrant Dink cinayeti davas\u0131n\u0131n K\u0131rg\u0131zistan\u2019da yakalanan h\u00fck\u00fcml\u00fcs\u00fc \u0130skender T\u00fcrkiye\u2019de tutukland\u0131 - Bati Ermenistan Ve Bati Ermenileri Sorunlari Ara\u015ftirmalar Merkezi","isPartOf":{"@id":"https:\/\/akunq.net\/tr\/#website"},"primaryImageOfPage":{"@id":"https:\/\/akunq.net\/tr\/?p=67671#primaryimage"},"image":{"@id":"https:\/\/akunq.net\/tr\/?p=67671#primaryimage"},"thumbnailUrl":"https:\/\/akunq.net\/tr\/wp-content\/uploads\/sites\/6\/2022\/03\/Ahmet-\u0130skender.jpg","datePublished":"2022-03-28T07:18:16+00:00","author":{"@id":"https:\/\/akunq.net\/tr\/#\/schema\/person\/096f1d38a12cce57fb855b485ed24c9e"},"breadcrumb":{"@id":"https:\/\/akunq.net\/tr\/?p=67671#breadcrumb"},"inLanguage":"en-US","potentialAction":[{"@type":"ReadAction","target":["https:\/\/akunq.net\/tr\/?p=67671"]}]},{"@type":"ImageObject","inLanguage":"en-US","@id":"https:\/\/akunq.net\/tr\/?p=67671#primaryimage","url":"https:\/\/akunq.net\/tr\/wp-content\/uploads\/sites\/6\/2022\/03\/Ahmet-\u0130skender.jpg","contentUrl":"https:\/\/akunq.net\/tr\/wp-content\/uploads\/sites\/6\/2022\/03\/Ahmet-\u0130skender.jpg","width":864,"height":486},{"@type":"BreadcrumbList","@id":"https:\/\/akunq.net\/tr\/?p=67671#breadcrumb","itemListElement":[{"@type":"ListItem","position":1,"name":"Home","item":"https:\/\/akunq.net\/tr"},{"@type":"ListItem","position":2,"name":"Hrant Dink cinayeti davas\u0131n\u0131n K\u0131rg\u0131zistan\u2019da yakalanan h\u00fck\u00fcml\u00fcs\u00fc \u0130skender T\u00fcrkiye\u2019de tutukland\u0131"}]},{"@type":"WebSite","@id":"https:\/\/akunq.net\/tr\/#website","url":"https:\/\/akunq.net\/tr\/","name":"Bati Ermenistan Ve Bati Ermenileri Sorunlari Ara\u015ftirmalar Merkezi","description":"","potentialAction":[{"@type":"SearchAction","target":{"@type":"EntryPoint","urlTemplate":"https:\/\/akunq.net\/tr\/?s={search_term_string}"},"query-input":{"@type":"PropertyValueSpecification","valueRequired":true,"valueName":"search_term_string"}}],"inLanguage":"en-US"},{"@type":"Person","@id":"https:\/\/akunq.net\/tr\/#\/schema\/person\/096f1d38a12cce57fb855b485ed24c9e","name":"admin","url":"https:\/\/akunq.net\/tr\/?author=7"}]}},"_links":{"self":[{"href":"https:\/\/akunq.net\/tr\/index.php?rest_route=\/wp\/v2\/posts\/67671","targetHints":{"allow":["GET"]}}],"collection":[{"href":"https:\/\/akunq.net\/tr\/index.php?rest_route=\/wp\/v2\/posts"}],"about":[{"href":"https:\/\/akunq.net\/tr\/index.php?rest_route=\/wp\/v2\/types\/post"}],"author":[{"embeddable":true,"href":"https:\/\/akunq.net\/tr\/index.php?rest_route=\/wp\/v2\/users\/7"}],"replies":[{"embeddable":true,"href":"https:\/\/akunq.net\/tr\/index.php?rest_route=%2Fwp%2Fv2%2Fcomments&post=67671"}],"version-history":[{"count":1,"href":"https:\/\/akunq.net\/tr\/index.php?rest_route=\/wp\/v2\/posts\/67671\/revisions"}],"predecessor-version":[{"id":67673,"href":"https:\/\/akunq.net\/tr\/index.php?rest_route=\/wp\/v2\/posts\/67671\/revisions\/67673"}],"wp:featuredmedia":[{"embeddable":true,"href":"https:\/\/akunq.net\/tr\/index.php?rest_route=\/wp\/v2\/media\/67672"}],"wp:attachment":[{"href":"https:\/\/akunq.net\/tr\/index.php?rest_route=%2Fwp%2Fv2%2Fmedia&parent=67671"}],"wp:term":[{"taxonomy":"category","embeddable":true,"href":"https:\/\/akunq.net\/tr\/index.php?rest_route=%2Fwp%2Fv2%2Fcategories&post=67671"},{"taxonomy":"post_tag","embeddable":true,"href":"https:\/\/akunq.net\/tr\/index.php?rest_route=%2Fwp%2Fv2%2Ftags&post=67671"}],"curies":[{"name":"wp","href":"https:\/\/api.w.org\/{rel}","templated":true}]}}