{"id":67661,"date":"2022-03-25T03:59:55","date_gmt":"2022-03-25T08:59:55","guid":{"rendered":"https:\/\/akunq.net\/tr\/?p=67661"},"modified":"2022-03-25T03:59:55","modified_gmt":"2022-03-25T08:59:55","slug":"definecilerin-talan-ettigi-ermeni-kilisesinde-cokme-tehlikesi","status":"publish","type":"post","link":"https:\/\/akunq.net\/tr\/?p=67661","title":{"rendered":"Definecilerin talan etti\u011fi Ermeni Kilisesi&#8217;nde \u00e7\u00f6kme tehlikesi"},"content":{"rendered":"<div class=\"gallery-group group_1\" data-count=\"1\">\n<div class=\"flex-row\">\n<section class=\"flex-col flex-col-left\" data-left-id=\"2043929_1\">\n<header class=\"rhd-article-header rhd-article-header-type-1\">\n<div class=\"row justify-content-md-left\">\n<div class=\"col-lg-12\">\n<p class=\"rhd-article-spot\"><strong><em>Bursa&#8217;da, 19&#8217;uncu y\u00fczy\u0131lda yap\u0131ld\u0131\u011f\u0131 tahmin edilen, Cumhuriyet d\u00f6neminde \u00f6zel m\u00fclke devredilen\u00a0<a class=\"inline-keyword from-content\" href=\"https:\/\/www.dha.com.tr\/haberleri\/ermeni-kilisesi\" target=\"_blank\" rel=\"noopener noreferrer\" data-adservice-interactive-adunit=\"9927946,22675483042\/dha\/diger\/interstitial_oop\">Ermeni Kilisesi<\/a>, definecilerin hedefi oldu. Y\u0131k\u0131lma tehlikesiyle de kar\u015f\u0131 kar\u015f\u0131ya olan kilise ile ilgili olarak, Bursa Uluda\u011f \u00dcniversitesi (BU\u00dc) Fen Edebiyat Fak\u00fcltesi Sanat Tarihi B\u00f6l\u00fcm\u00fc \u00f6\u011fretim \u00fcyesi Do\u011fan Yava\u015f, &#8220;Y\u0131llard\u0131r bak\u0131ms\u0131z, depo halinde kalm\u0131\u015f. Buran\u0131n mutlaka de\u011ferlendirilmesi laz\u0131m. Kullan\u0131lmas\u0131, fonksiyon kazand\u0131r\u0131lmas\u0131 laz\u0131m&#8221; dedi.<\/em><\/strong><\/p>\n<div class=\"rg_mobile_date\"><\/div>\n<\/div>\n<\/div>\n<\/header>\n<div class=\"infinitegallery-picture-container \">\n<div class=\"upper check-in-view\" data-count=\"1\" data-count-total=\"17\">\n<div class=\"_picture\"><span class=\"count\">1<\/span><img decoding=\"async\" class=\" lazyloaded\" src=\"https:\/\/i.dha.com.tr\/i\/dha\/75\/750x0\/623d7c5e470a9b396ce71dea\" alt=\"\" data-src=\"https:\/\/i.dha.com.tr\/i\/dha\/75\/750x0\/623d7c5e470a9b396ce71dea\" \/><\/div>\n<\/div>\n<div class=\"lower divider\">\n<div class=\"text-container \">\n<p class=\"description\">Y\u0131ld\u0131r\u0131m il\u00e7esi Kurto\u011flu Mahallesi&#8217;nde, 19&#8217;uncu y\u00fczy\u0131lda yap\u0131ld\u0131\u011f\u0131 tahmin edilen\u00a0<a class=\"inline-keyword from-service\" href=\"https:\/\/www.dha.com.tr\/haberleri\/ermeni-kilisesi\" target=\"_blank\" rel=\"noopener noreferrer\" data-adservice-interactive-adunit=\"9927946,22675483042\/dha\/diger\/interstitial_oop\">Ermeni Kilisesi<\/a>&#8216;nin bir b\u00f6l\u00fcm\u00fc, 1855 y\u0131l\u0131nda ya\u015fanan Bursa depreminde y\u0131k\u0131ld\u0131.<\/p>\n<\/div>\n<\/div>\n<\/div>\n<div class=\"infinitegallery-picture-container \">\n<div class=\"upper check-in-view\" data-count=\"2\" data-count-total=\"17\">\n<div class=\"_picture\"><span class=\"count\">2<\/span><img decoding=\"async\" class=\" lazyloaded\" src=\"https:\/\/i.dha.com.tr\/i\/dha\/75\/750x0\/623d7c5a470a9b396ce71da5\" alt=\"\" data-src=\"https:\/\/i.dha.com.tr\/i\/dha\/75\/750x0\/623d7c5a470a9b396ce71da5\" \/><\/div>\n<\/div>\n<div class=\"lower \">\n<div class=\"text-container \">\n<p class=\"description\">Ge\u00e7en s\u00fcrede, artan n\u00fcfus ve yap\u0131la\u015fmayla, kentin g\u00f6zde semtlerinden Setba\u015f\u0131&#8217;nda binalar\u0131n aras\u0131nda harabe \u015fekilde kalan kilise, uzun s\u00fcre &#8216;dokuma fabrikas\u0131&#8217; ve &#8216;t\u00fct\u00fcn deposu&#8217; olarak kullan\u0131ld\u0131.<\/p>\n<\/div>\n<\/div>\n<\/div>\n<\/section>\n<\/div>\n<div class=\"gallery-banner banner_1\">\n<div class=\"gallery-banner-inner\">\n<div id=\"9927946,22675483042\/dha_mobilsite\/diger\/300x250-1001\" class=\"adRenderer dfp      \" data-device-type=\"mobile\"><\/div>\n<\/div>\n<\/div>\n<\/div>\n<div class=\"gallery-group group_2\" data-count=\"2\">\n<div class=\"flex-row\">\n<section class=\"flex-col flex-col-left\" data-left-id=\"2043929_2\">\n<div class=\"infinitegallery-picture-container \">\n<div class=\"upper check-in-view\" data-count=\"3\" data-count-total=\"17\">\n<div class=\"_picture\"><span class=\"count\">3<\/span><img decoding=\"async\" class=\" lazyloaded\" src=\"https:\/\/i.dha.com.tr\/i\/dha\/75\/750x0\/623d7c5a470a9b396ce71db7\" alt=\"\" data-src=\"https:\/\/i.dha.com.tr\/i\/dha\/75\/750x0\/623d7c5a470a9b396ce71db7\" \/><\/div>\n<\/div>\n<div class=\"lower divider\">\n<div class=\"text-container \">\n<p class=\"description\">Y\u0131k\u0131lmadan bug\u00fcne kadar gelen kilise, Cumhuriyet d\u00f6neminde \u00f6zel m\u00fclk olarak tahsis edildi. Bak\u0131ms\u0131z kalan kilisenin bir k\u0131sm\u0131 \u00e7\u00f6kt\u00fc.<\/p>\n<\/div>\n<\/div>\n<\/div>\n<div class=\"infinitegallery-picture-container \">\n<div class=\"upper check-in-view\" data-count=\"4\" data-count-total=\"17\">\n<div class=\"_picture\"><span class=\"count\">4<\/span><img decoding=\"async\" class=\" lazyloaded\" src=\"https:\/\/i.dha.com.tr\/i\/dha\/75\/750x0\/623d7c5a470a9b396ce71dc0\" alt=\"\" data-src=\"https:\/\/i.dha.com.tr\/i\/dha\/75\/750x0\/623d7c5a470a9b396ce71dc0\" \/><\/div>\n<\/div>\n<div class=\"lower \">\n<div class=\"text-container \">\n<p class=\"description\">Definecilere hedef olan kilise, y\u0131k\u0131lma tehlikesiyle kar\u015f\u0131 kar\u015f\u0131ya kald\u0131. Tahrip edilen, duvarlar\u0131nda ve \u00e7at\u0131 k\u0131sm\u0131nda g\u00f6\u00e7\u00fckler olu\u015fan Ermeni Kilisesi, dronla havadan g\u00f6r\u00fcnt\u00fclendi.<\/p>\n<\/div>\n<\/div>\n<\/div>\n<\/section>\n<\/div>\n<\/div>\n<div class=\"gallery-group group_3\" data-count=\"3\">\n<div class=\"flex-row\">\n<section class=\"flex-col flex-col-left\" data-left-id=\"2043929_3\">\n<div class=\"infinitegallery-picture-container \">\n<div class=\"upper check-in-view\" data-count=\"5\" data-count-total=\"17\">\n<div class=\"_picture\"><span class=\"count\">5<\/span><img decoding=\"async\" class=\" lazyloaded\" src=\"https:\/\/i.dha.com.tr\/i\/dha\/75\/750x0\/623d7c5a470a9b396ce71dcb\" alt=\"BURSANIN FETH\u0130NDE BURADA ERMEN\u0130 MAHALLES\u0130 KURULDU\" data-src=\"https:\/\/i.dha.com.tr\/i\/dha\/75\/750x0\/623d7c5a470a9b396ce71dcb\" \/><\/div>\n<\/div>\n<div class=\"lower divider\">\n<div class=\"text-container \">\n<h2 class=\"title\">&#8216;BURSA&#8217;NIN FETH\u0130NDE BURADA ERMEN\u0130 MAHALLES\u0130 KURULDU&#8217;<\/h2>\n<p class=\"description\">Kilisenin tarihiyle ilgili bilgi veren Bursa Uluda\u011f \u00dcniversitesi (BU\u00dc) Fen Edebiyat Fak\u00fcltesi Sanat Tarihi B\u00f6l\u00fcm\u00fc \u00f6\u011fretim \u00fcyesi Do\u011fan Yava\u015f, kilisenin 1855 depreminde zarar g\u00f6rd\u00fc\u011f\u00fcn\u00fc s\u00f6yledi.<\/p>\n<\/div>\n<\/div>\n<\/div>\n<div class=\"infinitegallery-picture-container \">\n<div class=\"upper check-in-view\" data-count=\"6\" data-count-total=\"17\">\n<div class=\"_picture\"><span class=\"count\">6<\/span><img decoding=\"async\" class=\" lazyloaded\" src=\"https:\/\/i.dha.com.tr\/i\/dha\/75\/750x0\/623d7c5a470a9b396ce71dbc\" alt=\"\" data-src=\"https:\/\/i.dha.com.tr\/i\/dha\/75\/750x0\/623d7c5a470a9b396ce71dbc\" \/><\/div>\n<\/div>\n<div class=\"lower \">\n<div class=\"text-container \">\n<p class=\"description\">Bak\u0131ms\u0131zl\u0131k nedeniyle kilisenin amac\u0131 d\u0131\u015f\u0131nda kullan\u0131ld\u0131\u011f\u0131n\u0131 ve baz\u0131 k\u0131s\u0131mlar\u0131n\u0131n tahrip edildi\u011fini dile getiren Do\u011fan Yava\u015f, &#8220;Bursa fethinde, burada Yahudi ve Rum cemaati vard\u0131.<\/p>\n<\/div>\n<\/div>\n<\/div>\n<\/section>\n<\/div>\n<div class=\"gallery-banner banner_3\">\n<div class=\"gallery-banner-inner\">\n<div id=\"9927946,22675483042\/dha_mobilsite\/diger\/300x250-1003\" class=\"adRenderer dfp      \" data-device-type=\"mobile\"><\/div>\n<\/div>\n<\/div>\n<\/div>\n<div class=\"gallery-group group_4\" data-count=\"4\">\n<div class=\"flex-row\">\n<section class=\"flex-col flex-col-left\" data-left-id=\"2043929_4\">\n<div class=\"infinitegallery-picture-container \">\n<div class=\"upper check-in-view\" data-count=\"7\" data-count-total=\"17\">\n<div class=\"_picture\"><span class=\"count\">7<\/span><img decoding=\"async\" class=\" lazyloaded\" src=\"https:\/\/i.dha.com.tr\/i\/dha\/75\/750x0\/623d7c5a470a9b396ce71da0\" alt=\"\" data-src=\"https:\/\/i.dha.com.tr\/i\/dha\/75\/750x0\/623d7c5a470a9b396ce71da0\" \/><\/div>\n<\/div>\n<div class=\"lower divider\">\n<div class=\"text-container \">\n<p class=\"description\">Burada bir semt olu\u015fturduklar\u0131n\u0131 ve Ermeni mahallesi haline geldi\u011fini de biliyoruz. Osmanl\u0131 Devleti d\u00f6neminde yap\u0131lan bir yap\u0131.<\/p>\n<\/div>\n<\/div>\n<\/div>\n<div class=\"infinitegallery-picture-container \">\n<div class=\"upper check-in-view\" data-count=\"8\" data-count-total=\"17\">\n<div class=\"_picture\"><span class=\"count\">8<\/span><img decoding=\"async\" class=\" lazyloaded\" src=\"https:\/\/i.dha.com.tr\/i\/dha\/75\/750x0\/623d7c5a470a9b396ce71d9e\" alt=\"\" data-src=\"https:\/\/i.dha.com.tr\/i\/dha\/75\/750x0\/623d7c5a470a9b396ce71d9e\" \/><\/div>\n<\/div>\n<div class=\"lower \">\n<div class=\"text-container \">\n<p class=\"description\">19&#8217;uncu y\u00fczy\u0131l ortalar\u0131na ait olabilece\u011fi de\u011ferlendirilmektedir. \u00c7\u00fcnk\u00fc Bursa&#8217;y\u0131 yerle bir eden bir deprem var.<\/p>\n<\/div>\n<\/div>\n<\/div>\n<\/section>\n<\/div>\n<div class=\"gallery-banner banner_4\">\n<div class=\"gallery-banner-inner\">\n<div id=\"9927946,22675483042\/dha_mobilsite\/diger\/300x250-1004\" class=\"adRenderer dfp      \" data-device-type=\"mobile\"><\/div>\n<\/div>\n<\/div>\n<\/div>\n<div class=\"gallery-group group_5\" data-count=\"5\">\n<div class=\"flex-row\">\n<section class=\"flex-col flex-col-left\" data-left-id=\"2043929_5\">\n<div class=\"infinitegallery-picture-container \">\n<div class=\"upper check-in-view\" data-count=\"9\" data-count-total=\"17\">\n<div class=\"_picture\"><span class=\"count\">9<\/span><img decoding=\"async\" class=\" lazyloaded\" src=\"https:\/\/i.dha.com.tr\/i\/dha\/75\/750x0\/623d7c5a470a9b396ce71da7\" alt=\"\" data-src=\"https:\/\/i.dha.com.tr\/i\/dha\/75\/750x0\/623d7c5a470a9b396ce71da7\" \/><\/div>\n<\/div>\n<div class=\"lower divider\">\n<div class=\"text-container \">\n<p class=\"description\">Bursa&#8217;ya \u00e7ok b\u00fcy\u00fck bir zarar vermi\u015f. 150&#8217;yi a\u015fk\u0131n bir yap\u0131n\u0131n y\u0131k\u0131ld\u0131\u011f\u0131n\u0131 biliyoruz. Muhtemelen bu kilise de bunlardan bir tanesiydi&#8221; diye konu\u015ftu.<\/p>\n<\/div>\n<\/div>\n<\/div>\n<div class=\"infinitegallery-picture-container \">\n<div class=\"upper check-in-view\" data-count=\"10\" data-count-total=\"17\">\n<div class=\"_picture\"><span class=\"count\">10<\/span><img decoding=\"async\" class=\" lazyloaded\" src=\"https:\/\/i.dha.com.tr\/i\/dha\/75\/750x0\/623d7c5a470a9b396ce71dba\" alt=\"K\u0130L\u0130SEN\u0130N ONARILMASI, BURSA\u2019NIN LEH\u0130NE OLACAKTIR\" data-src=\"https:\/\/i.dha.com.tr\/i\/dha\/75\/750x0\/623d7c5a470a9b396ce71dba\" \/><\/div>\n<\/div>\n<div class=\"lower \">\n<div class=\"text-container \">\n<h2 class=\"title\">&#8216;K\u0130L\u0130SEN\u0130N ONARILMASI, BURSA\u2019NIN LEH\u0130NE OLACAKTIR&#8217;<\/h2>\n<p class=\"description\">Kilisenin, y\u0131llard\u0131r varl\u0131\u011f\u0131n\u0131 koruyan \u015fansl\u0131 tarihi yap\u0131lardan biri oldu\u011funu belirten Do\u011fan Yava\u015f, &#8220;Y\u0131llard\u0131r bak\u0131ms\u0131z, depo halinde kalm\u0131\u015f. Buran\u0131n mutlaka de\u011ferlendirilmesi laz\u0131m.<\/p>\n<\/div>\n<\/div>\n<\/div>\n<\/section>\n<\/div>\n<div class=\"gallery-banner banner_5\">\n<div class=\"gallery-banner-inner\">\n<div id=\"9927946,22675483042\/dha_mobilsite\/diger\/300x250-1005\" class=\"adRenderer dfp      \" data-device-type=\"mobile\"><\/div>\n<\/div>\n<\/div>\n<\/div>\n<div class=\"gallery-group group_6\" data-count=\"6\">\n<div class=\"flex-row\">\n<section class=\"flex-col flex-col-left\" data-left-id=\"2043929_6\">\n<div class=\"infinitegallery-picture-container \">\n<div class=\"upper check-in-view\" data-count=\"11\" data-count-total=\"17\">\n<div class=\"_picture\"><span class=\"count\">11<\/span><img decoding=\"async\" class=\" lazyloaded\" src=\"https:\/\/i.dha.com.tr\/i\/dha\/75\/750x0\/623d7c5a470a9b396ce71de3\" alt=\"\" data-src=\"https:\/\/i.dha.com.tr\/i\/dha\/75\/750x0\/623d7c5a470a9b396ce71de3\" \/><\/div>\n<\/div>\n<div class=\"lower divider\">\n<div class=\"text-container \">\n<p class=\"description\">Kullan\u0131lmas\u0131, fonksiyon kazand\u0131r\u0131lmas\u0131 laz\u0131m. O zaman bu yap\u0131lar\u0131n ya\u015famas\u0131 daha m\u00fcmk\u00fcn oluyor.<\/p>\n<\/div>\n<\/div>\n<\/div>\n<div class=\"infinitegallery-picture-container \">\n<div class=\"upper check-in-view\" data-count=\"12\" data-count-total=\"17\">\n<div class=\"_picture\"><span class=\"count\">12<\/span><img decoding=\"async\" class=\" lazyloaded\" src=\"https:\/\/i.dha.com.tr\/i\/dha\/75\/750x0\/623d7c5a470a9b396ce71dd4\" alt=\"\" data-src=\"https:\/\/i.dha.com.tr\/i\/dha\/75\/750x0\/623d7c5a470a9b396ce71dd4\" \/><\/div>\n<\/div>\n<div class=\"lower \">\n<div class=\"text-container \">\n<p class=\"description\">Bizim tavsiyemiz, binan\u0131n tekrar hayata d\u00f6nd\u00fcr\u00fclmesi ve yap\u0131n\u0131n en az\u0131ndan tarihi ve k\u00fclt\u00fcrel mirasa katk\u0131 koymas\u0131 \u015feklindedir. Yap\u0131s\u0131 y\u0131\u011fma duvar \u015feklinde duruyor.<\/p>\n<\/div>\n<\/div>\n<\/div>\n<\/section>\n<\/div>\n<div class=\"gallery-banner banner_6\">\n<div class=\"gallery-banner-inner\">\n<div id=\"9927946,22675483042\/dha_mobilsite\/diger\/300x250-1006\" class=\"adRenderer dfp      \" data-device-type=\"mobile\"><\/div>\n<\/div>\n<\/div>\n<\/div>\n<div class=\"gallery-group group_7\" data-count=\"7\">\n<div class=\"flex-row\">\n<section class=\"flex-col flex-col-left\" data-left-id=\"2043929_7\">\n<div class=\"infinitegallery-picture-container \">\n<div class=\"upper check-in-view\" data-count=\"13\" data-count-total=\"17\">\n<div class=\"_picture\"><span class=\"count\">13<\/span><img decoding=\"async\" class=\" lazyloaded\" src=\"https:\/\/i.dha.com.tr\/i\/dha\/75\/750x0\/623d7c5a470a9b396ce71dcd\" alt=\"\" data-src=\"https:\/\/i.dha.com.tr\/i\/dha\/75\/750x0\/623d7c5a470a9b396ce71dcd\" \/><\/div>\n<\/div>\n<div class=\"lower divider\">\n<div class=\"text-container \">\n<p class=\"description\">M\u00fctevaz\u0131, orta boyutta bir kilise diyebiliriz. Muhtemelen 19&#8217;uncu y\u00fczy\u0131l yap\u0131s\u0131. Buran\u0131n tadilat g\u00f6rmesi, onar\u0131lmas\u0131, i\u015flev kazand\u0131r\u0131lmas\u0131 Bursa&#8217;n\u0131n lehine olacakt\u0131r diye d\u00fc\u015f\u00fcn\u00fcyorum&#8221; dedi.<\/p>\n<\/div>\n<\/div>\n<\/div>\n<div class=\"infinitegallery-picture-container \">\n<div class=\"upper check-in-view\" data-count=\"14\" data-count-total=\"17\">\n<div class=\"_picture\"><span class=\"count\">14<\/span><img decoding=\"async\" class=\" lazyloaded\" src=\"https:\/\/i.dha.com.tr\/i\/dha\/75\/750x0\/623d7c5a470a9b396ce71dbe\" alt=\"SON DEMLER\u0130N\u0130 YA\u015eIYOR\" data-src=\"https:\/\/i.dha.com.tr\/i\/dha\/75\/750x0\/623d7c5a470a9b396ce71dbe\" \/><\/div>\n<\/div>\n<div class=\"lower \">\n<div class=\"text-container \">\n<h2 class=\"title\">&#8216;SON DEMLER\u0130N\u0130 YA\u015eIYOR&#8217;<\/h2>\n<p class=\"description\">Kurto\u011flu Mahallesi Muhtar\u0131 Ahmet Gedik de kilisenin onar\u0131larak turizme kazand\u0131r\u0131lmas\u0131 gerekti\u011fini ifade ederek, &#8220;Kilisenin bu \u015fekilde kalmas\u0131 t\u00fcm Bursal\u0131lar\u0131 \u00fcz\u00fcyor.<\/p>\n<\/div>\n<\/div>\n<\/div>\n<\/section>\n<aside class=\"flex-col flex-col-right hidden-md-down\" data-right-id=\"2043929_7\">\n<div class=\"gallery-adv right\">\n<div class=\"row\"><\/div>\n<\/div>\n<\/aside>\n<\/div>\n<\/div>\n<div class=\"gallery-group group_8\" data-count=\"8\">\n<div class=\"flex-row\">\n<section class=\"flex-col flex-col-left\" data-left-id=\"2043929_8\">\n<div class=\"infinitegallery-picture-container \">\n<div class=\"upper check-in-view\" data-count=\"15\" data-count-total=\"17\">\n<div class=\"_picture\"><span class=\"count\">15<\/span><img decoding=\"async\" class=\" lazyloaded\" src=\"https:\/\/i.dha.com.tr\/i\/dha\/75\/750x0\/623d7c5a470a9b396ce71dd7\" alt=\"\" data-src=\"https:\/\/i.dha.com.tr\/i\/dha\/75\/750x0\/623d7c5a470a9b396ce71dd7\" \/><\/div>\n<\/div>\n<div class=\"lower divider\">\n<div class=\"text-container \">\n<p class=\"description\">At\u0131l durumda kald\u0131\u011f\u0131 i\u00e7in \u00e7evreye zarar veriyor. Y\u0131k\u0131lma tehlikesiyle de kar\u015f\u0131 kar\u015f\u0131ya. Buna bir an \u00f6nce \u00f6nlem al\u0131nmas\u0131n\u0131 istiyorum.<\/p>\n<\/div>\n<\/div>\n<\/div>\n<div class=\"infinitegallery-picture-container \">\n<div class=\"upper check-in-view\" data-count=\"16\" data-count-total=\"17\">\n<div class=\"_picture\"><span class=\"count\">16<\/span><img decoding=\"async\" class=\" lazyloaded\" src=\"https:\/\/i.dha.com.tr\/i\/dha\/75\/750x0\/623d7c5a470a9b396ce71ddb\" alt=\"\" data-src=\"https:\/\/i.dha.com.tr\/i\/dha\/75\/750x0\/623d7c5a470a9b396ce71ddb\" \/><\/div>\n<\/div>\n<div class=\"lower \">\n<div class=\"text-container \">\n<p class=\"description\">Zaman i\u00e7erisinde farkl\u0131 d\u00fc\u015f\u00fcncelere giri\u015fildi. M\u00fclk sahibi, satmaya karar verdi. Birka\u00e7 talep de geldi ama sat\u0131\u015f ger\u00e7ekle\u015fmedi. Devlet yoluyla bir giri\u015fim olmas\u0131n\u0131 bekliyoruz.<\/p>\n<\/div>\n<\/div>\n<\/div>\n<\/section>\n<\/div>\n<div class=\"gallery-banner banner_8\">\n<div class=\"gallery-banner-inner\">\n<div id=\"9927946,22675483042\/dha_mobilsite\/diger\/300x250-1008\" class=\"adRenderer dfp      \" data-device-type=\"mobile\"><\/div>\n<\/div>\n<\/div>\n<\/div>\n<div class=\"gallery-group group_9\" data-count=\"9\">\n<div class=\"flex-row\">\n<section class=\"flex-col flex-col-left\" data-left-id=\"2043929_9\">\n<div class=\"infinitegallery-picture-container \">\n<div class=\"upper check-in-view\" data-count=\"17\" data-count-total=\"17\">\n<div class=\"_picture\"><span class=\"count\">17<\/span><img decoding=\"async\" class=\" lazyloaded\" src=\"https:\/\/i.dha.com.tr\/i\/dha\/75\/750x0\/623d7c5a470a9b396ce71de4\" alt=\"\" data-src=\"https:\/\/i.dha.com.tr\/i\/dha\/75\/750x0\/623d7c5a470a9b396ce71de4\" \/><\/div>\n<\/div>\n<div class=\"lower divider\">\n<div class=\"text-container \">\n<p class=\"description\">Y\u0131ld\u0131r\u0131m Belediyesi&#8217;nin kiliseyi alma y\u00f6n\u00fcnde giri\u015fimleri oldu\u011funu duyduk. Umuyorum ki al\u0131n\u0131r ve turizme kazand\u0131r\u0131l\u0131r. Bu kilise \u015fu anda halk sa\u011fl\u0131\u011f\u0131na zarar verecek durumda. Son demlerini ya\u015f\u0131yor. \u0130\u00e7erisi bo\u015f oldu\u011fu i\u00e7in beklenti i\u00e7erisinde olan defineciler, kilisenin i\u00e7erisini k\u00f6stebek yuvas\u0131 gibi yapm\u0131\u015flar&#8221; ifadelerini kulland\u0131.<\/p>\n<p><em><strong>Semih \u015eAH\u0130N-Nevruz \u0130L\u0130MDARO\u011eLU\/ BURSA, (DHA)\u00a0<\/strong><\/em><\/p>\n<p><em><strong>https:\/\/www.dha.com.tr\/foto-galeri\/avcilardaki-kentsel-donusum-7-ay-sonra-ayni-duvari-yine-deldiler-2043907\/1\u00a0<\/strong><\/em><\/p>\n<\/div>\n<\/div>\n<\/div>\n<\/section>\n<\/div>\n<\/div>\n","protected":false},"excerpt":{"rendered":"<p>Bursa&#8217;da, 19&#8217;uncu y\u00fczy\u0131lda yap\u0131ld\u0131\u011f\u0131 tahmin edilen, Cumhuriyet d\u00f6neminde \u00f6zel m\u00fclke devredilen\u00a0Ermeni Kilisesi, definecilerin hedefi oldu. Y\u0131k\u0131lma tehlikesiyle de kar\u015f\u0131 kar\u015f\u0131ya olan kilise ile ilgili olarak, Bursa Uluda\u011f \u00dcniversitesi (BU\u00dc) Fen Edebiyat Fak\u00fcltesi Sanat Tarihi B\u00f6l\u00fcm\u00fc \u00f6\u011fretim \u00fcyesi Do\u011fan Yava\u015f, &#8220;Y\u0131llard\u0131r bak\u0131ms\u0131z, depo halinde kalm\u0131\u015f. Buran\u0131n mutlaka de\u011ferlendirilmesi laz\u0131m. Kullan\u0131lmas\u0131, fonksiyon kazand\u0131r\u0131lmas\u0131 laz\u0131m&#8221; dedi. 1 Y\u0131ld\u0131r\u0131m [&hellip;]<\/p>\n","protected":false},"author":7,"featured_media":67662,"comment_status":"open","ping_status":"open","sticky":false,"template":"","format":"standard","meta":{"footnotes":""},"categories":[1],"tags":[],"class_list":["post-67661","post","type-post","status-publish","format-standard","has-post-thumbnail","hentry","category-haberler"],"yoast_head":"<!-- This site is optimized with the Yoast SEO plugin v27.4 - https:\/\/yoast.com\/product\/yoast-seo-wordpress\/ -->\n<title>Definecilerin talan etti\u011fi Ermeni Kilisesi&#039;nde \u00e7\u00f6kme tehlikesi - Bati Ermenistan Ve Bati Ermenileri Sorunlari Ara\u015ftirmalar Merkezi<\/title>\n<meta name=\"robots\" content=\"index, follow, max-snippet:-1, max-image-preview:large, max-video-preview:-1\" \/>\n<link rel=\"canonical\" href=\"https:\/\/akunq.net\/tr\/?p=67661\" \/>\n<meta property=\"og:locale\" content=\"en_US\" \/>\n<meta property=\"og:type\" content=\"article\" \/>\n<meta property=\"og:title\" content=\"Definecilerin talan etti\u011fi Ermeni Kilisesi&#039;nde \u00e7\u00f6kme tehlikesi - Bati Ermenistan Ve Bati Ermenileri Sorunlari Ara\u015ftirmalar Merkezi\" \/>\n<meta property=\"og:description\" content=\"Bursa&#8217;da, 19&#8217;uncu y\u00fczy\u0131lda yap\u0131ld\u0131\u011f\u0131 tahmin edilen, Cumhuriyet d\u00f6neminde \u00f6zel m\u00fclke devredilen\u00a0Ermeni Kilisesi, definecilerin hedefi oldu. Y\u0131k\u0131lma tehlikesiyle de kar\u015f\u0131 kar\u015f\u0131ya olan kilise ile ilgili olarak, Bursa Uluda\u011f \u00dcniversitesi (BU\u00dc) Fen Edebiyat Fak\u00fcltesi Sanat Tarihi B\u00f6l\u00fcm\u00fc \u00f6\u011fretim \u00fcyesi Do\u011fan Yava\u015f, &#8220;Y\u0131llard\u0131r bak\u0131ms\u0131z, depo halinde kalm\u0131\u015f. Buran\u0131n mutlaka de\u011ferlendirilmesi laz\u0131m. Kullan\u0131lmas\u0131, fonksiyon kazand\u0131r\u0131lmas\u0131 laz\u0131m&#8221; dedi. 1 Y\u0131ld\u0131r\u0131m [&hellip;]\" \/>\n<meta property=\"og:url\" content=\"https:\/\/akunq.net\/tr\/?p=67661\" \/>\n<meta property=\"og:site_name\" content=\"Bati Ermenistan Ve Bati Ermenileri Sorunlari Ara\u015ftirmalar Merkezi\" \/>\n<meta property=\"article:published_time\" content=\"2022-03-25T08:59:55+00:00\" \/>\n<meta property=\"og:image\" content=\"https:\/\/akunq.net\/tr\/wp-content\/uploads\/sites\/6\/2022\/03\/Bursa-Ermeni-kilisesi.jpg\" \/>\n\t<meta property=\"og:image:width\" content=\"750\" \/>\n\t<meta property=\"og:image:height\" content=\"422\" \/>\n\t<meta property=\"og:image:type\" content=\"image\/jpeg\" \/>\n<meta name=\"author\" content=\"admin\" \/>\n<meta name=\"twitter:card\" content=\"summary_large_image\" \/>\n<meta name=\"twitter:label1\" content=\"Written by\" \/>\n\t<meta name=\"twitter:data1\" content=\"admin\" \/>\n\t<meta name=\"twitter:label2\" content=\"Est. reading time\" \/>\n\t<meta name=\"twitter:data2\" content=\"3 minutes\" \/>\n<script type=\"application\/ld+json\" class=\"yoast-schema-graph\">{\"@context\":\"https:\\\/\\\/schema.org\",\"@graph\":[{\"@type\":\"Article\",\"@id\":\"https:\\\/\\\/akunq.net\\\/tr\\\/?p=67661#article\",\"isPartOf\":{\"@id\":\"https:\\\/\\\/akunq.net\\\/tr\\\/?p=67661\"},\"author\":{\"name\":\"admin\",\"@id\":\"https:\\\/\\\/akunq.net\\\/tr\\\/#\\\/schema\\\/person\\\/096f1d38a12cce57fb855b485ed24c9e\"},\"headline\":\"Definecilerin talan etti\u011fi Ermeni Kilisesi&#8217;nde \u00e7\u00f6kme tehlikesi\",\"datePublished\":\"2022-03-25T08:59:55+00:00\",\"mainEntityOfPage\":{\"@id\":\"https:\\\/\\\/akunq.net\\\/tr\\\/?p=67661\"},\"wordCount\":664,\"commentCount\":0,\"image\":{\"@id\":\"https:\\\/\\\/akunq.net\\\/tr\\\/?p=67661#primaryimage\"},\"thumbnailUrl\":\"https:\\\/\\\/akunq.net\\\/tr\\\/wp-content\\\/uploads\\\/sites\\\/6\\\/2022\\\/03\\\/Bursa-Ermeni-kilisesi.jpg\",\"articleSection\":[\"Haberler\"],\"inLanguage\":\"en-US\",\"potentialAction\":[{\"@type\":\"CommentAction\",\"name\":\"Comment\",\"target\":[\"https:\\\/\\\/akunq.net\\\/tr\\\/?p=67661#respond\"]}]},{\"@type\":\"WebPage\",\"@id\":\"https:\\\/\\\/akunq.net\\\/tr\\\/?p=67661\",\"url\":\"https:\\\/\\\/akunq.net\\\/tr\\\/?p=67661\",\"name\":\"Definecilerin talan etti\u011fi Ermeni Kilisesi'nde \u00e7\u00f6kme tehlikesi - Bati Ermenistan Ve Bati Ermenileri Sorunlari Ara\u015ftirmalar Merkezi\",\"isPartOf\":{\"@id\":\"https:\\\/\\\/akunq.net\\\/tr\\\/#website\"},\"primaryImageOfPage\":{\"@id\":\"https:\\\/\\\/akunq.net\\\/tr\\\/?p=67661#primaryimage\"},\"image\":{\"@id\":\"https:\\\/\\\/akunq.net\\\/tr\\\/?p=67661#primaryimage\"},\"thumbnailUrl\":\"https:\\\/\\\/akunq.net\\\/tr\\\/wp-content\\\/uploads\\\/sites\\\/6\\\/2022\\\/03\\\/Bursa-Ermeni-kilisesi.jpg\",\"datePublished\":\"2022-03-25T08:59:55+00:00\",\"author\":{\"@id\":\"https:\\\/\\\/akunq.net\\\/tr\\\/#\\\/schema\\\/person\\\/096f1d38a12cce57fb855b485ed24c9e\"},\"breadcrumb\":{\"@id\":\"https:\\\/\\\/akunq.net\\\/tr\\\/?p=67661#breadcrumb\"},\"inLanguage\":\"en-US\",\"potentialAction\":[{\"@type\":\"ReadAction\",\"target\":[\"https:\\\/\\\/akunq.net\\\/tr\\\/?p=67661\"]}]},{\"@type\":\"ImageObject\",\"inLanguage\":\"en-US\",\"@id\":\"https:\\\/\\\/akunq.net\\\/tr\\\/?p=67661#primaryimage\",\"url\":\"https:\\\/\\\/akunq.net\\\/tr\\\/wp-content\\\/uploads\\\/sites\\\/6\\\/2022\\\/03\\\/Bursa-Ermeni-kilisesi.jpg\",\"contentUrl\":\"https:\\\/\\\/akunq.net\\\/tr\\\/wp-content\\\/uploads\\\/sites\\\/6\\\/2022\\\/03\\\/Bursa-Ermeni-kilisesi.jpg\",\"width\":750,\"height\":422},{\"@type\":\"BreadcrumbList\",\"@id\":\"https:\\\/\\\/akunq.net\\\/tr\\\/?p=67661#breadcrumb\",\"itemListElement\":[{\"@type\":\"ListItem\",\"position\":1,\"name\":\"Home\",\"item\":\"https:\\\/\\\/akunq.net\\\/tr\"},{\"@type\":\"ListItem\",\"position\":2,\"name\":\"Definecilerin talan etti\u011fi Ermeni Kilisesi&#8217;nde \u00e7\u00f6kme tehlikesi\"}]},{\"@type\":\"WebSite\",\"@id\":\"https:\\\/\\\/akunq.net\\\/tr\\\/#website\",\"url\":\"https:\\\/\\\/akunq.net\\\/tr\\\/\",\"name\":\"Bati Ermenistan Ve Bati Ermenileri Sorunlari Ara\u015ftirmalar Merkezi\",\"description\":\"\",\"potentialAction\":[{\"@type\":\"SearchAction\",\"target\":{\"@type\":\"EntryPoint\",\"urlTemplate\":\"https:\\\/\\\/akunq.net\\\/tr\\\/?s={search_term_string}\"},\"query-input\":{\"@type\":\"PropertyValueSpecification\",\"valueRequired\":true,\"valueName\":\"search_term_string\"}}],\"inLanguage\":\"en-US\"},{\"@type\":\"Person\",\"@id\":\"https:\\\/\\\/akunq.net\\\/tr\\\/#\\\/schema\\\/person\\\/096f1d38a12cce57fb855b485ed24c9e\",\"name\":\"admin\",\"url\":\"https:\\\/\\\/akunq.net\\\/tr\\\/?author=7\"}]}<\/script>\n<!-- \/ Yoast SEO plugin. -->","yoast_head_json":{"title":"Definecilerin talan etti\u011fi Ermeni Kilisesi'nde \u00e7\u00f6kme tehlikesi - Bati Ermenistan Ve Bati Ermenileri Sorunlari Ara\u015ftirmalar Merkezi","robots":{"index":"index","follow":"follow","max-snippet":"max-snippet:-1","max-image-preview":"max-image-preview:large","max-video-preview":"max-video-preview:-1"},"canonical":"https:\/\/akunq.net\/tr\/?p=67661","og_locale":"en_US","og_type":"article","og_title":"Definecilerin talan etti\u011fi Ermeni Kilisesi'nde \u00e7\u00f6kme tehlikesi - Bati Ermenistan Ve Bati Ermenileri Sorunlari Ara\u015ftirmalar Merkezi","og_description":"Bursa&#8217;da, 19&#8217;uncu y\u00fczy\u0131lda yap\u0131ld\u0131\u011f\u0131 tahmin edilen, Cumhuriyet d\u00f6neminde \u00f6zel m\u00fclke devredilen\u00a0Ermeni Kilisesi, definecilerin hedefi oldu. Y\u0131k\u0131lma tehlikesiyle de kar\u015f\u0131 kar\u015f\u0131ya olan kilise ile ilgili olarak, Bursa Uluda\u011f \u00dcniversitesi (BU\u00dc) Fen Edebiyat Fak\u00fcltesi Sanat Tarihi B\u00f6l\u00fcm\u00fc \u00f6\u011fretim \u00fcyesi Do\u011fan Yava\u015f, &#8220;Y\u0131llard\u0131r bak\u0131ms\u0131z, depo halinde kalm\u0131\u015f. Buran\u0131n mutlaka de\u011ferlendirilmesi laz\u0131m. Kullan\u0131lmas\u0131, fonksiyon kazand\u0131r\u0131lmas\u0131 laz\u0131m&#8221; dedi. 1 Y\u0131ld\u0131r\u0131m [&hellip;]","og_url":"https:\/\/akunq.net\/tr\/?p=67661","og_site_name":"Bati Ermenistan Ve Bati Ermenileri Sorunlari Ara\u015ftirmalar Merkezi","article_published_time":"2022-03-25T08:59:55+00:00","og_image":[{"width":750,"height":422,"url":"https:\/\/akunq.net\/tr\/wp-content\/uploads\/sites\/6\/2022\/03\/Bursa-Ermeni-kilisesi.jpg","type":"image\/jpeg"}],"author":"admin","twitter_card":"summary_large_image","twitter_misc":{"Written by":"admin","Est. reading time":"3 minutes"},"schema":{"@context":"https:\/\/schema.org","@graph":[{"@type":"Article","@id":"https:\/\/akunq.net\/tr\/?p=67661#article","isPartOf":{"@id":"https:\/\/akunq.net\/tr\/?p=67661"},"author":{"name":"admin","@id":"https:\/\/akunq.net\/tr\/#\/schema\/person\/096f1d38a12cce57fb855b485ed24c9e"},"headline":"Definecilerin talan etti\u011fi Ermeni Kilisesi&#8217;nde \u00e7\u00f6kme tehlikesi","datePublished":"2022-03-25T08:59:55+00:00","mainEntityOfPage":{"@id":"https:\/\/akunq.net\/tr\/?p=67661"},"wordCount":664,"commentCount":0,"image":{"@id":"https:\/\/akunq.net\/tr\/?p=67661#primaryimage"},"thumbnailUrl":"https:\/\/akunq.net\/tr\/wp-content\/uploads\/sites\/6\/2022\/03\/Bursa-Ermeni-kilisesi.jpg","articleSection":["Haberler"],"inLanguage":"en-US","potentialAction":[{"@type":"CommentAction","name":"Comment","target":["https:\/\/akunq.net\/tr\/?p=67661#respond"]}]},{"@type":"WebPage","@id":"https:\/\/akunq.net\/tr\/?p=67661","url":"https:\/\/akunq.net\/tr\/?p=67661","name":"Definecilerin talan etti\u011fi Ermeni Kilisesi'nde \u00e7\u00f6kme tehlikesi - Bati Ermenistan Ve Bati Ermenileri Sorunlari Ara\u015ftirmalar Merkezi","isPartOf":{"@id":"https:\/\/akunq.net\/tr\/#website"},"primaryImageOfPage":{"@id":"https:\/\/akunq.net\/tr\/?p=67661#primaryimage"},"image":{"@id":"https:\/\/akunq.net\/tr\/?p=67661#primaryimage"},"thumbnailUrl":"https:\/\/akunq.net\/tr\/wp-content\/uploads\/sites\/6\/2022\/03\/Bursa-Ermeni-kilisesi.jpg","datePublished":"2022-03-25T08:59:55+00:00","author":{"@id":"https:\/\/akunq.net\/tr\/#\/schema\/person\/096f1d38a12cce57fb855b485ed24c9e"},"breadcrumb":{"@id":"https:\/\/akunq.net\/tr\/?p=67661#breadcrumb"},"inLanguage":"en-US","potentialAction":[{"@type":"ReadAction","target":["https:\/\/akunq.net\/tr\/?p=67661"]}]},{"@type":"ImageObject","inLanguage":"en-US","@id":"https:\/\/akunq.net\/tr\/?p=67661#primaryimage","url":"https:\/\/akunq.net\/tr\/wp-content\/uploads\/sites\/6\/2022\/03\/Bursa-Ermeni-kilisesi.jpg","contentUrl":"https:\/\/akunq.net\/tr\/wp-content\/uploads\/sites\/6\/2022\/03\/Bursa-Ermeni-kilisesi.jpg","width":750,"height":422},{"@type":"BreadcrumbList","@id":"https:\/\/akunq.net\/tr\/?p=67661#breadcrumb","itemListElement":[{"@type":"ListItem","position":1,"name":"Home","item":"https:\/\/akunq.net\/tr"},{"@type":"ListItem","position":2,"name":"Definecilerin talan etti\u011fi Ermeni Kilisesi&#8217;nde \u00e7\u00f6kme tehlikesi"}]},{"@type":"WebSite","@id":"https:\/\/akunq.net\/tr\/#website","url":"https:\/\/akunq.net\/tr\/","name":"Bati Ermenistan Ve Bati Ermenileri Sorunlari Ara\u015ftirmalar Merkezi","description":"","potentialAction":[{"@type":"SearchAction","target":{"@type":"EntryPoint","urlTemplate":"https:\/\/akunq.net\/tr\/?s={search_term_string}"},"query-input":{"@type":"PropertyValueSpecification","valueRequired":true,"valueName":"search_term_string"}}],"inLanguage":"en-US"},{"@type":"Person","@id":"https:\/\/akunq.net\/tr\/#\/schema\/person\/096f1d38a12cce57fb855b485ed24c9e","name":"admin","url":"https:\/\/akunq.net\/tr\/?author=7"}]}},"_links":{"self":[{"href":"https:\/\/akunq.net\/tr\/index.php?rest_route=\/wp\/v2\/posts\/67661","targetHints":{"allow":["GET"]}}],"collection":[{"href":"https:\/\/akunq.net\/tr\/index.php?rest_route=\/wp\/v2\/posts"}],"about":[{"href":"https:\/\/akunq.net\/tr\/index.php?rest_route=\/wp\/v2\/types\/post"}],"author":[{"embeddable":true,"href":"https:\/\/akunq.net\/tr\/index.php?rest_route=\/wp\/v2\/users\/7"}],"replies":[{"embeddable":true,"href":"https:\/\/akunq.net\/tr\/index.php?rest_route=%2Fwp%2Fv2%2Fcomments&post=67661"}],"version-history":[{"count":1,"href":"https:\/\/akunq.net\/tr\/index.php?rest_route=\/wp\/v2\/posts\/67661\/revisions"}],"predecessor-version":[{"id":67663,"href":"https:\/\/akunq.net\/tr\/index.php?rest_route=\/wp\/v2\/posts\/67661\/revisions\/67663"}],"wp:featuredmedia":[{"embeddable":true,"href":"https:\/\/akunq.net\/tr\/index.php?rest_route=\/wp\/v2\/media\/67662"}],"wp:attachment":[{"href":"https:\/\/akunq.net\/tr\/index.php?rest_route=%2Fwp%2Fv2%2Fmedia&parent=67661"}],"wp:term":[{"taxonomy":"category","embeddable":true,"href":"https:\/\/akunq.net\/tr\/index.php?rest_route=%2Fwp%2Fv2%2Fcategories&post=67661"},{"taxonomy":"post_tag","embeddable":true,"href":"https:\/\/akunq.net\/tr\/index.php?rest_route=%2Fwp%2Fv2%2Ftags&post=67661"}],"curies":[{"name":"wp","href":"https:\/\/api.w.org\/{rel}","templated":true}]}}