{"id":67657,"date":"2022-03-25T01:56:51","date_gmt":"2022-03-25T06:56:51","guid":{"rendered":"https:\/\/akunq.net\/tr\/?p=67657"},"modified":"2022-03-25T01:56:51","modified_gmt":"2022-03-25T06:56:51","slug":"aydin-engini-kaybettik","status":"publish","type":"post","link":"https:\/\/akunq.net\/tr\/?p=67657","title":{"rendered":"Ayd\u0131n Engin&#8217;i kaybettik"},"content":{"rendered":"<p><img loading=\"lazy\" decoding=\"async\" class=\"aligncenter size-medium wp-image-67658\" src=\"https:\/\/akunq.net\/tr\/wp-content\/uploads\/2022\/03\/Ayd\u0131n-Engin-360x208.jpeg\" alt=\"\" width=\"360\" height=\"208\" srcset=\"https:\/\/akunq.net\/tr\/wp-content\/uploads\/sites\/6\/2022\/03\/Ayd\u0131n-Engin-360x208.jpeg 360w, https:\/\/akunq.net\/tr\/wp-content\/uploads\/sites\/6\/2022\/03\/Ayd\u0131n-Engin-768x444.jpeg 768w, https:\/\/akunq.net\/tr\/wp-content\/uploads\/sites\/6\/2022\/03\/Ayd\u0131n-Engin-560x324.jpeg 560w, https:\/\/akunq.net\/tr\/wp-content\/uploads\/sites\/6\/2022\/03\/Ayd\u0131n-Engin-260x150.jpeg 260w, https:\/\/akunq.net\/tr\/wp-content\/uploads\/sites\/6\/2022\/03\/Ayd\u0131n-Engin-160x93.jpeg 160w, https:\/\/akunq.net\/tr\/wp-content\/uploads\/sites\/6\/2022\/03\/Ayd\u0131n-Engin.jpeg 800w\" sizes=\"auto, (max-width: 360px) 100vw, 360px\" \/><\/p>\n<p><em><strong>Gazeteci- yazar Ayd\u0131n Engin ge\u00e7irdi\u011fi rahats\u0131zl\u0131k sonucu 82 ya\u015f\u0131nda hayat\u0131n\u0131 kaybetti. Ayd\u0131n Engin Agos&#8217;ta k\u00f6\u015fe yazarl\u0131\u011f\u0131 yapm\u0131\u015f, \u00f6zellikle Hrant Dink&#8217;in \u00f6ld\u00fcr\u00fclmesinden sonra Agos mutfa\u011f\u0131na emek vermi\u015fti.<\/strong><\/em><\/p>\n<p>Ayd\u0131n Engin, 8 Mart\u2019ta safra kesesinden ameliyat edilmek \u00fczere, e\u015fi Oya Baydar refakatinde hastaneye yat\u0131r\u0131lm\u0131\u015ft\u0131. Ancak ameliyat sonras\u0131 olu\u015fan komplikasyonlar nedeniyle durumu a\u011f\u0131rla\u015fm\u0131\u015ft\u0131.<\/p>\n<p>Ge\u00e7ti\u011fimiz g\u00fcnlerde Ekim Engin, babas\u0131 Ayd\u0131n Engin\u2019in Facebook hesab\u0131ndan yapt\u0131\u011f\u0131 payla\u015f\u0131mda, \u015fu bilgileri vermi\u015fti:<\/p>\n<p>\u201cAyd\u0131n Engin&#8217;in sa\u011fl\u0131k durumuna hakk\u0131nda:<\/p>\n<p>8 Mart g\u00fcn\u00fc rutin bir safra kesesi ameliyat\u0131 ge\u00e7irdi.<\/p>\n<p>10 Mart g\u00fcn\u00fc, ameliyat sonras\u0131nda olu\u015fan komplikasyonlar sonucunda doktorlar\u0131 ent\u00fcbe edip yo\u011fun bak\u0131m \u00fcnitesinde yapay komaya ald\u0131lar.<\/p>\n<p>15 Mart g\u00fcn\u00fc, yapay komadan uyand\u0131r\u0131ld\u0131 ve t\u00fcps\u00fcz nefes almaya ba\u015flad\u0131. A\u011f\u0131r bir akci\u011fer enfeksiyonu d\u0131\u015f\u0131nda stabil ve iyile\u015fme yoluna girdi.<\/p>\n<p>20 Mart g\u00fcn\u00fc akci\u011fer enfeksiyonu ile daha iyi m\u00fcdahale etmek i\u00e7in tekrar ent\u00fcbe edildi.<\/p>\n<p>\u015eu anda h\u00e2l\u00e2 yo\u011fun bak\u0131mda, stabil durumda ama hayati tehlikeyi atlatm\u0131\u015f durumda de\u011fil&#8221;<\/p>\n<p><strong>\u00d6demi\u015f&#8217;ten Frankfurt&#8217;a uzanan bir hayat<\/strong><\/p>\n<p>Ayd\u0131n Engin, 1941&#8217;de \u00d6demi\u015f&#8217;te d\u00fcnyaya geldi. \u0130stanbul \u00dcniversitesi Hukuk Fak\u00fcltesi&#8217;nde \u00f6\u011frenim g\u00f6rd\u00fc.<\/p>\n<p>\u00dcniversite \u00f6\u011frenimi s\u0131ras\u0131nda bir yandan da Gen\u00e7lik Tiyatrosu&#8217;nda amat\u00f6r tiyatroya ba\u015flad\u0131. Sonras\u0131nda hukuk \u00f6\u011frenimini b\u0131rak\u0131p tiyatroculu\u011fu meslek olarak se\u00e7ti.<\/p>\n<p>Yedek subay \u00f6\u011fretmenli\u011fi s\u0131ras\u0131nda ilk oyunu olan \u201cAyk\u0131r\u0131\u201d&#8217;y\u0131 yazd\u0131.<\/p>\n<p>1967&#8217;de Tuncel Kurtiz, Tuncer Necmio\u011flu, Umur Bugay ve M\u00fcjdat Gezen&#8217;le birlikte Halk Oyuncular\u0131&#8217;n\u0131 kurdu. \u201cDevri S\u00fcleyman\u201d adl\u0131 oyunu yazd\u0131 ve y\u00f6netti. Devri S\u00fcleyman b\u00fcy\u00fck ilgi g\u00f6rd\u00fc. Bu arada senaryolar ve radyofonik oyunlar yazd\u0131. Y\u0131lmaz G\u00fcney&#8217;in \u00f6zel senaristi olarak \u00e7al\u0131\u015ft\u0131.<\/p>\n<p>1969&#8217;da tiyatroculu\u011fu b\u0131rakarak gazetecili\u011fe ba\u015flad\u0131. Haftal\u0131k Yeni Ortam dergisinde yaz\u0131 i\u015fleri m\u00fcd\u00fcrl\u00fc\u011f\u00fc yapt\u0131. 12 Mart darbesi s\u0131ras\u0131nda tutukland\u0131. Serbest b\u0131rak\u0131ld\u0131ktan sonra Yeni Ortam&#8217;da yaz\u0131 i\u015fleri m\u00fcd\u00fcr\u00fc oldu ve ayn\u0131 gazetede k\u00f6\u015fe yaz\u0131lar\u0131 yazd\u0131. 12 Mart sonras\u0131nda kurulan ilk sosyalist parti olan T\u00fcrkiye Sosyalist \u0130\u015f\u00e7i Partisi&#8217;nin kurucular\u0131 aras\u0131na kat\u0131ld\u0131. Partinin kurucular\u0131ndan Oya Baydar ile evlendi. Bu evlilikten o\u011flu Ekim Engin d\u00fcnyaya geldi.<\/p>\n<p>1974 y\u0131l\u0131nda e\u015fi Oya Baydar ve Yusuf Ziya Bahad\u0131nl\u0131 ile \u201c\u0130lke\u201d dergisini kurdu. 1976&#8217;da \u201cPolitika\u201d gazetesinin genel yay\u0131n m\u00fcd\u00fcr\u00fc oldu. Bu gazetede \u201cT\u0131rm\u0131k\u201d adl\u0131 k\u00f6\u015fesinde, k\u00f6\u015fe yaz\u0131lar\u0131 yay\u0131mlamaya ba\u015flad\u0131; yaz\u0131lar\u0131ndan dolay\u0131 hakk\u0131nda bir\u00e7ok dava a\u00e7\u0131ld\u0131.<\/p>\n<p><strong>&#8220;Ben Frankfurt&#8217;ta \u015eof\u00f6rken&#8221;<\/strong><\/p>\n<p>1980&#8217;de tutuklu oldu\u011fu s\u0131rada bir ba\u015fka davadan \u00f6t\u00fcr\u00fc yedi bu\u00e7uk y\u0131l hapse mahk\u00fbm oldu ancak bir yanl\u0131\u015fl\u0131k sonucu tahliye edilince Haziran 1980&#8217;de yurtd\u0131\u015f\u0131na gitti. Almanya&#8217;da ge\u00e7irdi\u011fi bu y\u0131llarda 6 y\u0131l boyunca taksi \u015fof\u00f6rl\u00fc\u011f\u00fc de yapt\u0131. O d\u00f6neme ait hat\u0131ralar\u0131n\u0131 &#8220;Ben Frankfurt&#8217;ta \u015eof\u00f6rken&#8221; ismiyle kitapla\u015ft\u0131rd\u0131. 12 Eyl\u00fcl darbesinden sonra 12 y\u0131l boyunca yurda d\u00f6nemedi. Bu arada s\u00fcrmekte olan davalar\u0131n sonu\u00e7lanmas\u0131 nedeniyle g\u0131yab\u0131nda a\u011f\u0131r hapis cezalar\u0131na \u00e7arpt\u0131r\u0131ld\u0131.<\/p>\n<p>1991&#8217;de \u00e7\u0131kan k\u0131smi aftan yararlanarak T\u00fcrkiye&#8217;ye d\u00f6nd\u00fc; k\u0131sa s\u00fcre Sa\u011fmalc\u0131lar Cezaevi&#8217;nde hapis yatt\u0131. 1992-2002 aras\u0131nda Cumhuriyet gazetesinde habercilik ve k\u00f6\u015fe yazarl\u0131\u011f\u0131 yapt\u0131. 2002&#8217;de Cumhuriyet&#8217;ten ayr\u0131ld\u0131. BirG\u00fcn gazetesinin kurulu\u015funda y\u00f6netici olarak g\u00f6rev ald\u0131 ve bir s\u00fcre T\u0131rm\u0131k k\u00f6\u015fesini yazd\u0131. Daha sonra Agos&#8217;ta k\u00f6\u015fe yaz\u0131lar\u0131 yazmaya ba\u015flad\u0131. T24 internet gazetesinin kurulu\u015funa kat\u0131ld\u0131. 2015 A\u011fustos ay\u0131nda yeniden Cumhuriyet gazetesine d\u00f6nd\u00fc.<\/p>\n<p>1 Kas\u0131m 2016&#8217;da Cumhuriyet gazetesi y\u00f6neticileri ve yazarlar\u0131na y\u00f6nelik soru\u015fturma kapsam\u0131nda g\u00f6zalt\u0131na al\u0131nan Engin, yurt d\u0131\u015f\u0131na \u00e7\u0131k\u0131\u015f yasa\u011f\u0131 konularak adli kontrol \u015fart\u0131yla serbest b\u0131rak\u0131ld\u0131. Engin son olarak T24 sitesinde yaz\u0131yordu.<\/p>\n<p><strong>Agos&#8217;a da emek verdi<\/strong><\/p>\n<p>Ayd\u0131n Engin Agos&#8217;ta k\u00f6\u015fe yazarl\u0131\u011f\u0131n\u0131n yan\u0131s\u0131ra gazetenin yaz\u0131 i\u015flerine de emek verdi. \u00d6zellikle Hrant Dink&#8217;in \u00f6ld\u00fcr\u00fclmesinden sonraki d\u00f6nemde gazete mutfa\u011f\u0131nda yer ald\u0131. Agos olarak ailesine ve sevenlerine sab\u0131r ve ba\u015fsa\u011fl\u0131\u011f\u0131 diliyoruz.<\/p>\n<p><em>(Hayat hikayesi: T24, \u0130leti\u015fim Yay\u0131nlar\u0131)<\/em><\/p>\n<p><em><strong>https:\/\/www.agos.com.tr\/tr\/yazi\/26896\/aydin-engin-i-kaybettik\u00a0<\/strong><\/em><\/p>\n","protected":false},"excerpt":{"rendered":"<p>Gazeteci- yazar Ayd\u0131n Engin ge\u00e7irdi\u011fi rahats\u0131zl\u0131k sonucu 82 ya\u015f\u0131nda hayat\u0131n\u0131 kaybetti. Ayd\u0131n Engin Agos&#8217;ta k\u00f6\u015fe yazarl\u0131\u011f\u0131 yapm\u0131\u015f, \u00f6zellikle Hrant Dink&#8217;in \u00f6ld\u00fcr\u00fclmesinden sonra Agos mutfa\u011f\u0131na emek vermi\u015fti. Ayd\u0131n Engin, 8 Mart\u2019ta safra kesesinden ameliyat edilmek \u00fczere, e\u015fi Oya Baydar refakatinde hastaneye yat\u0131r\u0131lm\u0131\u015ft\u0131. Ancak ameliyat sonras\u0131 olu\u015fan komplikasyonlar nedeniyle durumu a\u011f\u0131rla\u015fm\u0131\u015ft\u0131. Ge\u00e7ti\u011fimiz g\u00fcnlerde Ekim Engin, babas\u0131 Ayd\u0131n [&hellip;]<\/p>\n","protected":false},"author":7,"featured_media":67658,"comment_status":"open","ping_status":"open","sticky":false,"template":"","format":"standard","meta":{"footnotes":""},"categories":[1],"tags":[],"class_list":["post-67657","post","type-post","status-publish","format-standard","has-post-thumbnail","hentry","category-haberler"],"yoast_head":"<!-- This site is optimized with the Yoast SEO plugin v27.4 - https:\/\/yoast.com\/product\/yoast-seo-wordpress\/ -->\n<title>Ayd\u0131n Engin&#039;i kaybettik - Bati Ermenistan Ve Bati Ermenileri Sorunlari Ara\u015ftirmalar Merkezi<\/title>\n<meta name=\"robots\" content=\"index, follow, max-snippet:-1, max-image-preview:large, max-video-preview:-1\" \/>\n<link rel=\"canonical\" href=\"https:\/\/akunq.net\/tr\/?p=67657\" \/>\n<meta property=\"og:locale\" content=\"en_US\" \/>\n<meta property=\"og:type\" content=\"article\" \/>\n<meta property=\"og:title\" content=\"Ayd\u0131n Engin&#039;i kaybettik - Bati Ermenistan Ve Bati Ermenileri Sorunlari Ara\u015ftirmalar Merkezi\" \/>\n<meta property=\"og:description\" content=\"Gazeteci- yazar Ayd\u0131n Engin ge\u00e7irdi\u011fi rahats\u0131zl\u0131k sonucu 82 ya\u015f\u0131nda hayat\u0131n\u0131 kaybetti. Ayd\u0131n Engin Agos&#8217;ta k\u00f6\u015fe yazarl\u0131\u011f\u0131 yapm\u0131\u015f, \u00f6zellikle Hrant Dink&#8217;in \u00f6ld\u00fcr\u00fclmesinden sonra Agos mutfa\u011f\u0131na emek vermi\u015fti. Ayd\u0131n Engin, 8 Mart\u2019ta safra kesesinden ameliyat edilmek \u00fczere, e\u015fi Oya Baydar refakatinde hastaneye yat\u0131r\u0131lm\u0131\u015ft\u0131. Ancak ameliyat sonras\u0131 olu\u015fan komplikasyonlar nedeniyle durumu a\u011f\u0131rla\u015fm\u0131\u015ft\u0131. Ge\u00e7ti\u011fimiz g\u00fcnlerde Ekim Engin, babas\u0131 Ayd\u0131n [&hellip;]\" \/>\n<meta property=\"og:url\" content=\"https:\/\/akunq.net\/tr\/?p=67657\" \/>\n<meta property=\"og:site_name\" content=\"Bati Ermenistan Ve Bati Ermenileri Sorunlari Ara\u015ftirmalar Merkezi\" \/>\n<meta property=\"article:published_time\" content=\"2022-03-25T06:56:51+00:00\" \/>\n<meta property=\"og:image\" content=\"https:\/\/akunq.net\/tr\/wp-content\/uploads\/sites\/6\/2022\/03\/Ayd\u0131n-Engin.jpeg\" \/>\n\t<meta property=\"og:image:width\" content=\"800\" \/>\n\t<meta property=\"og:image:height\" content=\"463\" \/>\n\t<meta property=\"og:image:type\" content=\"image\/jpeg\" \/>\n<meta name=\"author\" content=\"admin\" \/>\n<meta name=\"twitter:card\" content=\"summary_large_image\" \/>\n<meta name=\"twitter:label1\" content=\"Written by\" \/>\n\t<meta name=\"twitter:data1\" content=\"admin\" \/>\n\t<meta name=\"twitter:label2\" content=\"Est. reading time\" \/>\n\t<meta name=\"twitter:data2\" content=\"4 minutes\" \/>\n<script type=\"application\/ld+json\" class=\"yoast-schema-graph\">{\"@context\":\"https:\\\/\\\/schema.org\",\"@graph\":[{\"@type\":\"Article\",\"@id\":\"https:\\\/\\\/akunq.net\\\/tr\\\/?p=67657#article\",\"isPartOf\":{\"@id\":\"https:\\\/\\\/akunq.net\\\/tr\\\/?p=67657\"},\"author\":{\"name\":\"admin\",\"@id\":\"https:\\\/\\\/akunq.net\\\/tr\\\/#\\\/schema\\\/person\\\/096f1d38a12cce57fb855b485ed24c9e\"},\"headline\":\"Ayd\u0131n Engin&#8217;i kaybettik\",\"datePublished\":\"2022-03-25T06:56:51+00:00\",\"mainEntityOfPage\":{\"@id\":\"https:\\\/\\\/akunq.net\\\/tr\\\/?p=67657\"},\"wordCount\":745,\"commentCount\":0,\"image\":{\"@id\":\"https:\\\/\\\/akunq.net\\\/tr\\\/?p=67657#primaryimage\"},\"thumbnailUrl\":\"https:\\\/\\\/akunq.net\\\/tr\\\/wp-content\\\/uploads\\\/sites\\\/6\\\/2022\\\/03\\\/Ayd\u0131n-Engin.jpeg\",\"articleSection\":[\"Haberler\"],\"inLanguage\":\"en-US\",\"potentialAction\":[{\"@type\":\"CommentAction\",\"name\":\"Comment\",\"target\":[\"https:\\\/\\\/akunq.net\\\/tr\\\/?p=67657#respond\"]}]},{\"@type\":\"WebPage\",\"@id\":\"https:\\\/\\\/akunq.net\\\/tr\\\/?p=67657\",\"url\":\"https:\\\/\\\/akunq.net\\\/tr\\\/?p=67657\",\"name\":\"Ayd\u0131n Engin'i kaybettik - Bati Ermenistan Ve Bati Ermenileri Sorunlari Ara\u015ftirmalar Merkezi\",\"isPartOf\":{\"@id\":\"https:\\\/\\\/akunq.net\\\/tr\\\/#website\"},\"primaryImageOfPage\":{\"@id\":\"https:\\\/\\\/akunq.net\\\/tr\\\/?p=67657#primaryimage\"},\"image\":{\"@id\":\"https:\\\/\\\/akunq.net\\\/tr\\\/?p=67657#primaryimage\"},\"thumbnailUrl\":\"https:\\\/\\\/akunq.net\\\/tr\\\/wp-content\\\/uploads\\\/sites\\\/6\\\/2022\\\/03\\\/Ayd\u0131n-Engin.jpeg\",\"datePublished\":\"2022-03-25T06:56:51+00:00\",\"author\":{\"@id\":\"https:\\\/\\\/akunq.net\\\/tr\\\/#\\\/schema\\\/person\\\/096f1d38a12cce57fb855b485ed24c9e\"},\"breadcrumb\":{\"@id\":\"https:\\\/\\\/akunq.net\\\/tr\\\/?p=67657#breadcrumb\"},\"inLanguage\":\"en-US\",\"potentialAction\":[{\"@type\":\"ReadAction\",\"target\":[\"https:\\\/\\\/akunq.net\\\/tr\\\/?p=67657\"]}]},{\"@type\":\"ImageObject\",\"inLanguage\":\"en-US\",\"@id\":\"https:\\\/\\\/akunq.net\\\/tr\\\/?p=67657#primaryimage\",\"url\":\"https:\\\/\\\/akunq.net\\\/tr\\\/wp-content\\\/uploads\\\/sites\\\/6\\\/2022\\\/03\\\/Ayd\u0131n-Engin.jpeg\",\"contentUrl\":\"https:\\\/\\\/akunq.net\\\/tr\\\/wp-content\\\/uploads\\\/sites\\\/6\\\/2022\\\/03\\\/Ayd\u0131n-Engin.jpeg\",\"width\":800,\"height\":463},{\"@type\":\"BreadcrumbList\",\"@id\":\"https:\\\/\\\/akunq.net\\\/tr\\\/?p=67657#breadcrumb\",\"itemListElement\":[{\"@type\":\"ListItem\",\"position\":1,\"name\":\"Home\",\"item\":\"https:\\\/\\\/akunq.net\\\/tr\"},{\"@type\":\"ListItem\",\"position\":2,\"name\":\"Ayd\u0131n Engin&#8217;i kaybettik\"}]},{\"@type\":\"WebSite\",\"@id\":\"https:\\\/\\\/akunq.net\\\/tr\\\/#website\",\"url\":\"https:\\\/\\\/akunq.net\\\/tr\\\/\",\"name\":\"Bati Ermenistan Ve Bati Ermenileri Sorunlari Ara\u015ftirmalar Merkezi\",\"description\":\"\",\"potentialAction\":[{\"@type\":\"SearchAction\",\"target\":{\"@type\":\"EntryPoint\",\"urlTemplate\":\"https:\\\/\\\/akunq.net\\\/tr\\\/?s={search_term_string}\"},\"query-input\":{\"@type\":\"PropertyValueSpecification\",\"valueRequired\":true,\"valueName\":\"search_term_string\"}}],\"inLanguage\":\"en-US\"},{\"@type\":\"Person\",\"@id\":\"https:\\\/\\\/akunq.net\\\/tr\\\/#\\\/schema\\\/person\\\/096f1d38a12cce57fb855b485ed24c9e\",\"name\":\"admin\",\"url\":\"https:\\\/\\\/akunq.net\\\/tr\\\/?author=7\"}]}<\/script>\n<!-- \/ Yoast SEO plugin. -->","yoast_head_json":{"title":"Ayd\u0131n Engin'i kaybettik - Bati Ermenistan Ve Bati Ermenileri Sorunlari Ara\u015ftirmalar Merkezi","robots":{"index":"index","follow":"follow","max-snippet":"max-snippet:-1","max-image-preview":"max-image-preview:large","max-video-preview":"max-video-preview:-1"},"canonical":"https:\/\/akunq.net\/tr\/?p=67657","og_locale":"en_US","og_type":"article","og_title":"Ayd\u0131n Engin'i kaybettik - Bati Ermenistan Ve Bati Ermenileri Sorunlari Ara\u015ftirmalar Merkezi","og_description":"Gazeteci- yazar Ayd\u0131n Engin ge\u00e7irdi\u011fi rahats\u0131zl\u0131k sonucu 82 ya\u015f\u0131nda hayat\u0131n\u0131 kaybetti. Ayd\u0131n Engin Agos&#8217;ta k\u00f6\u015fe yazarl\u0131\u011f\u0131 yapm\u0131\u015f, \u00f6zellikle Hrant Dink&#8217;in \u00f6ld\u00fcr\u00fclmesinden sonra Agos mutfa\u011f\u0131na emek vermi\u015fti. Ayd\u0131n Engin, 8 Mart\u2019ta safra kesesinden ameliyat edilmek \u00fczere, e\u015fi Oya Baydar refakatinde hastaneye yat\u0131r\u0131lm\u0131\u015ft\u0131. Ancak ameliyat sonras\u0131 olu\u015fan komplikasyonlar nedeniyle durumu a\u011f\u0131rla\u015fm\u0131\u015ft\u0131. Ge\u00e7ti\u011fimiz g\u00fcnlerde Ekim Engin, babas\u0131 Ayd\u0131n [&hellip;]","og_url":"https:\/\/akunq.net\/tr\/?p=67657","og_site_name":"Bati Ermenistan Ve Bati Ermenileri Sorunlari Ara\u015ftirmalar Merkezi","article_published_time":"2022-03-25T06:56:51+00:00","og_image":[{"width":800,"height":463,"url":"https:\/\/akunq.net\/tr\/wp-content\/uploads\/sites\/6\/2022\/03\/Ayd\u0131n-Engin.jpeg","type":"image\/jpeg"}],"author":"admin","twitter_card":"summary_large_image","twitter_misc":{"Written by":"admin","Est. reading time":"4 minutes"},"schema":{"@context":"https:\/\/schema.org","@graph":[{"@type":"Article","@id":"https:\/\/akunq.net\/tr\/?p=67657#article","isPartOf":{"@id":"https:\/\/akunq.net\/tr\/?p=67657"},"author":{"name":"admin","@id":"https:\/\/akunq.net\/tr\/#\/schema\/person\/096f1d38a12cce57fb855b485ed24c9e"},"headline":"Ayd\u0131n Engin&#8217;i kaybettik","datePublished":"2022-03-25T06:56:51+00:00","mainEntityOfPage":{"@id":"https:\/\/akunq.net\/tr\/?p=67657"},"wordCount":745,"commentCount":0,"image":{"@id":"https:\/\/akunq.net\/tr\/?p=67657#primaryimage"},"thumbnailUrl":"https:\/\/akunq.net\/tr\/wp-content\/uploads\/sites\/6\/2022\/03\/Ayd\u0131n-Engin.jpeg","articleSection":["Haberler"],"inLanguage":"en-US","potentialAction":[{"@type":"CommentAction","name":"Comment","target":["https:\/\/akunq.net\/tr\/?p=67657#respond"]}]},{"@type":"WebPage","@id":"https:\/\/akunq.net\/tr\/?p=67657","url":"https:\/\/akunq.net\/tr\/?p=67657","name":"Ayd\u0131n Engin'i kaybettik - Bati Ermenistan Ve Bati Ermenileri Sorunlari Ara\u015ftirmalar Merkezi","isPartOf":{"@id":"https:\/\/akunq.net\/tr\/#website"},"primaryImageOfPage":{"@id":"https:\/\/akunq.net\/tr\/?p=67657#primaryimage"},"image":{"@id":"https:\/\/akunq.net\/tr\/?p=67657#primaryimage"},"thumbnailUrl":"https:\/\/akunq.net\/tr\/wp-content\/uploads\/sites\/6\/2022\/03\/Ayd\u0131n-Engin.jpeg","datePublished":"2022-03-25T06:56:51+00:00","author":{"@id":"https:\/\/akunq.net\/tr\/#\/schema\/person\/096f1d38a12cce57fb855b485ed24c9e"},"breadcrumb":{"@id":"https:\/\/akunq.net\/tr\/?p=67657#breadcrumb"},"inLanguage":"en-US","potentialAction":[{"@type":"ReadAction","target":["https:\/\/akunq.net\/tr\/?p=67657"]}]},{"@type":"ImageObject","inLanguage":"en-US","@id":"https:\/\/akunq.net\/tr\/?p=67657#primaryimage","url":"https:\/\/akunq.net\/tr\/wp-content\/uploads\/sites\/6\/2022\/03\/Ayd\u0131n-Engin.jpeg","contentUrl":"https:\/\/akunq.net\/tr\/wp-content\/uploads\/sites\/6\/2022\/03\/Ayd\u0131n-Engin.jpeg","width":800,"height":463},{"@type":"BreadcrumbList","@id":"https:\/\/akunq.net\/tr\/?p=67657#breadcrumb","itemListElement":[{"@type":"ListItem","position":1,"name":"Home","item":"https:\/\/akunq.net\/tr"},{"@type":"ListItem","position":2,"name":"Ayd\u0131n Engin&#8217;i kaybettik"}]},{"@type":"WebSite","@id":"https:\/\/akunq.net\/tr\/#website","url":"https:\/\/akunq.net\/tr\/","name":"Bati Ermenistan Ve Bati Ermenileri Sorunlari Ara\u015ftirmalar Merkezi","description":"","potentialAction":[{"@type":"SearchAction","target":{"@type":"EntryPoint","urlTemplate":"https:\/\/akunq.net\/tr\/?s={search_term_string}"},"query-input":{"@type":"PropertyValueSpecification","valueRequired":true,"valueName":"search_term_string"}}],"inLanguage":"en-US"},{"@type":"Person","@id":"https:\/\/akunq.net\/tr\/#\/schema\/person\/096f1d38a12cce57fb855b485ed24c9e","name":"admin","url":"https:\/\/akunq.net\/tr\/?author=7"}]}},"_links":{"self":[{"href":"https:\/\/akunq.net\/tr\/index.php?rest_route=\/wp\/v2\/posts\/67657","targetHints":{"allow":["GET"]}}],"collection":[{"href":"https:\/\/akunq.net\/tr\/index.php?rest_route=\/wp\/v2\/posts"}],"about":[{"href":"https:\/\/akunq.net\/tr\/index.php?rest_route=\/wp\/v2\/types\/post"}],"author":[{"embeddable":true,"href":"https:\/\/akunq.net\/tr\/index.php?rest_route=\/wp\/v2\/users\/7"}],"replies":[{"embeddable":true,"href":"https:\/\/akunq.net\/tr\/index.php?rest_route=%2Fwp%2Fv2%2Fcomments&post=67657"}],"version-history":[{"count":1,"href":"https:\/\/akunq.net\/tr\/index.php?rest_route=\/wp\/v2\/posts\/67657\/revisions"}],"predecessor-version":[{"id":67659,"href":"https:\/\/akunq.net\/tr\/index.php?rest_route=\/wp\/v2\/posts\/67657\/revisions\/67659"}],"wp:featuredmedia":[{"embeddable":true,"href":"https:\/\/akunq.net\/tr\/index.php?rest_route=\/wp\/v2\/media\/67658"}],"wp:attachment":[{"href":"https:\/\/akunq.net\/tr\/index.php?rest_route=%2Fwp%2Fv2%2Fmedia&parent=67657"}],"wp:term":[{"taxonomy":"category","embeddable":true,"href":"https:\/\/akunq.net\/tr\/index.php?rest_route=%2Fwp%2Fv2%2Fcategories&post=67657"},{"taxonomy":"post_tag","embeddable":true,"href":"https:\/\/akunq.net\/tr\/index.php?rest_route=%2Fwp%2Fv2%2Ftags&post=67657"}],"curies":[{"name":"wp","href":"https:\/\/api.w.org\/{rel}","templated":true}]}}