{"id":67654,"date":"2022-03-25T01:44:13","date_gmt":"2022-03-25T06:44:13","guid":{"rendered":"https:\/\/akunq.net\/tr\/?p=67654"},"modified":"2022-03-25T01:44:13","modified_gmt":"2022-03-25T06:44:13","slug":"pkklilarla-fotograflari-cikan-hdpli-semra-guzel-icin-yakalama-karari-cikarildi","status":"publish","type":"post","link":"https:\/\/akunq.net\/tr\/?p=67654","title":{"rendered":"PKK&#8217;l\u0131larla foto\u011fraflar\u0131 \u00e7\u0131kan HDP&#8217;li Semra G\u00fczel i\u00e7in yakalama karar\u0131 \u00e7\u0131kar\u0131ld\u0131"},"content":{"rendered":"<div class=\"c-article-content js-article-content \">\n<p><img loading=\"lazy\" decoding=\"async\" class=\"aligncenter size-medium wp-image-67655\" src=\"https:\/\/akunq.net\/tr\/wp-content\/uploads\/2022\/03\/Semra-G\u00fczel-360x203.jpg\" alt=\"\" width=\"360\" height=\"203\" srcset=\"https:\/\/akunq.net\/tr\/wp-content\/uploads\/sites\/6\/2022\/03\/Semra-G\u00fczel-360x203.jpg 360w, https:\/\/akunq.net\/tr\/wp-content\/uploads\/sites\/6\/2022\/03\/Semra-G\u00fczel-768x432.jpg 768w, https:\/\/akunq.net\/tr\/wp-content\/uploads\/sites\/6\/2022\/03\/Semra-G\u00fczel-560x315.jpg 560w, https:\/\/akunq.net\/tr\/wp-content\/uploads\/sites\/6\/2022\/03\/Semra-G\u00fczel-260x146.jpg 260w, https:\/\/akunq.net\/tr\/wp-content\/uploads\/sites\/6\/2022\/03\/Semra-G\u00fczel-160x90.jpg 160w, https:\/\/akunq.net\/tr\/wp-content\/uploads\/sites\/6\/2022\/03\/Semra-G\u00fczel.jpg 773w\" sizes=\"auto, (max-width: 360px) 100vw, 360px\" \/><\/p>\n<p><em><strong>\u00d6ld\u00fcr\u00fclen PKK&#8217;l\u0131larla foto\u011fraflar\u0131 bas\u0131na yans\u0131yan ve TBMM taraf\u0131ndan yasama dokunulmazl\u0131\u011f\u0131 kald\u0131r\u0131lan HDP Diyarbak\u0131r Milletvekili Semra G\u00fczel hakk\u0131nda yakalama karar\u0131 \u00e7\u0131kar\u0131ld\u0131.<\/strong><\/em><\/p>\n<p>Ankara Cumhuriyet Ba\u015fsavc\u0131l\u0131\u011f\u0131, hakk\u0131ndaki soru\u015fturma kapsam\u0131nda ifade al\u0131nmak \u00fczere \u00e7\u0131kar\u0131lan davetiyeye cevap vermeyen ve adresinde bulunamayan G\u00fczel i\u00e7in harekete ge\u00e7ti.<\/p>\n<p>Ba\u015fsavc\u0131l\u0131k, &#8220;silahl\u0131 ter\u00f6r \u00f6rg\u00fct\u00fcne \u00fcyelik&#8221; su\u00e7lamas\u0131yla iki ayr\u0131 dosyas\u0131 bulunan \u015f\u00fcpheli G\u00fczel hakk\u0131nda sulh ceza hakimli\u011finden &#8220;yakalama karar\u0131&#8221; \u00e7\u0131kar\u0131lmas\u0131n\u0131 talep etti.<\/p>\n<p>Talebi yerinde g\u00f6ren hakimlik, G\u00fczel hakk\u0131nda yakalama emri \u00e7\u0131kard\u0131.<\/p>\n<h2>Foto\u011fraflar\u0131 bas\u0131na yans\u0131m\u0131\u015ft\u0131<\/h2>\n<p data-min-tv-running=\"true\">Ad\u0131yaman&#8217;da 2017&#8217;de hava destekli operasyonda etkisiz hale getirilen PKK&#8217;l\u0131n\u0131n cep telefonu incelemesinde, HDP Milletvekili G\u00fczel ile foto\u011fraflar\u0131n\u0131n bulundu\u011fu ortaya \u00e7\u0131km\u0131\u015ft\u0131.<\/p>\n<p>Operasyonda \u00f6ld\u00fcr\u00fclen PKK&#8217;l\u0131 Volkan Bora&#8217;n\u0131n, G\u00fczel ile kampta \u00e7ekilmi\u015f foto\u011fraflar\u0131n\u0131n bas\u0131na yans\u0131mas\u0131 \u00fczerine Ankara Cumhuriyet Ba\u015fsavc\u0131l\u0131\u011f\u0131 harekete ge\u00e7mi\u015f ve fezleke haz\u0131rlanarak Adalet Bakanl\u0131\u011f\u0131na g\u00f6nderilmi\u015fti.<\/p>\n<p>TBMM Genel Kurulunda, Semra G\u00fczel hakk\u0131nda haz\u0131rlanan dokunulmazl\u0131\u011f\u0131n kald\u0131r\u0131lmas\u0131na ili\u015fkin iki rapor ele al\u0131nm\u0131\u015f, yap\u0131lan her iki oylamada dokunulmazl\u0131\u011f\u0131n kald\u0131r\u0131lmas\u0131 kararla\u015ft\u0131r\u0131lm\u0131\u015ft\u0131.<\/p>\n<\/div>\n<footer class=\"c-article-footer__section c-article-contributors-footer u-margin-top-4 u-padding-top-5\"><em><strong>https:\/\/tr.euronews.com\/2022\/03\/24\/pkk-l-larla-fotograflar-c-kan-hdp-li-semra-guzel-icin-yakalama-karar-c-kar-ld\u00a0<\/strong><\/em><\/p>\n<\/footer>\n","protected":false},"excerpt":{"rendered":"<p>\u00d6ld\u00fcr\u00fclen PKK&#8217;l\u0131larla foto\u011fraflar\u0131 bas\u0131na yans\u0131yan ve TBMM taraf\u0131ndan yasama dokunulmazl\u0131\u011f\u0131 kald\u0131r\u0131lan HDP Diyarbak\u0131r Milletvekili Semra G\u00fczel hakk\u0131nda yakalama karar\u0131 \u00e7\u0131kar\u0131ld\u0131. Ankara Cumhuriyet Ba\u015fsavc\u0131l\u0131\u011f\u0131, hakk\u0131ndaki soru\u015fturma kapsam\u0131nda ifade al\u0131nmak \u00fczere \u00e7\u0131kar\u0131lan davetiyeye cevap vermeyen ve adresinde bulunamayan G\u00fczel i\u00e7in harekete ge\u00e7ti. Ba\u015fsavc\u0131l\u0131k, &#8220;silahl\u0131 ter\u00f6r \u00f6rg\u00fct\u00fcne \u00fcyelik&#8221; su\u00e7lamas\u0131yla iki ayr\u0131 dosyas\u0131 bulunan \u015f\u00fcpheli G\u00fczel hakk\u0131nda sulh ceza [&hellip;]<\/p>\n","protected":false},"author":7,"featured_media":67655,"comment_status":"open","ping_status":"open","sticky":false,"template":"","format":"standard","meta":{"footnotes":""},"categories":[1],"tags":[],"class_list":["post-67654","post","type-post","status-publish","format-standard","has-post-thumbnail","hentry","category-haberler"],"yoast_head":"<!-- This site is optimized with the Yoast SEO plugin v27.4 - https:\/\/yoast.com\/product\/yoast-seo-wordpress\/ -->\n<title>PKK&#039;l\u0131larla foto\u011fraflar\u0131 \u00e7\u0131kan HDP&#039;li Semra G\u00fczel i\u00e7in yakalama karar\u0131 \u00e7\u0131kar\u0131ld\u0131 - Bati Ermenistan Ve Bati Ermenileri Sorunlari Ara\u015ftirmalar Merkezi<\/title>\n<meta name=\"robots\" content=\"index, follow, max-snippet:-1, max-image-preview:large, max-video-preview:-1\" \/>\n<link rel=\"canonical\" href=\"https:\/\/akunq.net\/tr\/?p=67654\" \/>\n<meta property=\"og:locale\" content=\"en_US\" \/>\n<meta property=\"og:type\" content=\"article\" \/>\n<meta property=\"og:title\" content=\"PKK&#039;l\u0131larla foto\u011fraflar\u0131 \u00e7\u0131kan HDP&#039;li Semra G\u00fczel i\u00e7in yakalama karar\u0131 \u00e7\u0131kar\u0131ld\u0131 - Bati Ermenistan Ve Bati Ermenileri Sorunlari Ara\u015ftirmalar Merkezi\" \/>\n<meta property=\"og:description\" content=\"\u00d6ld\u00fcr\u00fclen PKK&#8217;l\u0131larla foto\u011fraflar\u0131 bas\u0131na yans\u0131yan ve TBMM taraf\u0131ndan yasama dokunulmazl\u0131\u011f\u0131 kald\u0131r\u0131lan HDP Diyarbak\u0131r Milletvekili Semra G\u00fczel hakk\u0131nda yakalama karar\u0131 \u00e7\u0131kar\u0131ld\u0131. Ankara Cumhuriyet Ba\u015fsavc\u0131l\u0131\u011f\u0131, hakk\u0131ndaki soru\u015fturma kapsam\u0131nda ifade al\u0131nmak \u00fczere \u00e7\u0131kar\u0131lan davetiyeye cevap vermeyen ve adresinde bulunamayan G\u00fczel i\u00e7in harekete ge\u00e7ti. Ba\u015fsavc\u0131l\u0131k, &#8220;silahl\u0131 ter\u00f6r \u00f6rg\u00fct\u00fcne \u00fcyelik&#8221; su\u00e7lamas\u0131yla iki ayr\u0131 dosyas\u0131 bulunan \u015f\u00fcpheli G\u00fczel hakk\u0131nda sulh ceza [&hellip;]\" \/>\n<meta property=\"og:url\" content=\"https:\/\/akunq.net\/tr\/?p=67654\" \/>\n<meta property=\"og:site_name\" content=\"Bati Ermenistan Ve Bati Ermenileri Sorunlari Ara\u015ftirmalar Merkezi\" \/>\n<meta property=\"article:published_time\" content=\"2022-03-25T06:44:13+00:00\" \/>\n<meta property=\"og:image\" content=\"https:\/\/akunq.net\/tr\/wp-content\/uploads\/sites\/6\/2022\/03\/Semra-G\u00fczel.jpg\" \/>\n\t<meta property=\"og:image:width\" content=\"773\" \/>\n\t<meta property=\"og:image:height\" content=\"435\" \/>\n\t<meta property=\"og:image:type\" content=\"image\/jpeg\" \/>\n<meta name=\"author\" content=\"admin\" \/>\n<meta name=\"twitter:card\" content=\"summary_large_image\" \/>\n<meta name=\"twitter:label1\" content=\"Written by\" \/>\n\t<meta name=\"twitter:data1\" content=\"admin\" \/>\n\t<meta name=\"twitter:label2\" content=\"Est. reading time\" \/>\n\t<meta name=\"twitter:data2\" content=\"1 minute\" \/>\n<script type=\"application\/ld+json\" class=\"yoast-schema-graph\">{\"@context\":\"https:\\\/\\\/schema.org\",\"@graph\":[{\"@type\":\"Article\",\"@id\":\"https:\\\/\\\/akunq.net\\\/tr\\\/?p=67654#article\",\"isPartOf\":{\"@id\":\"https:\\\/\\\/akunq.net\\\/tr\\\/?p=67654\"},\"author\":{\"name\":\"admin\",\"@id\":\"https:\\\/\\\/akunq.net\\\/tr\\\/#\\\/schema\\\/person\\\/096f1d38a12cce57fb855b485ed24c9e\"},\"headline\":\"PKK&#8217;l\u0131larla foto\u011fraflar\u0131 \u00e7\u0131kan HDP&#8217;li Semra G\u00fczel i\u00e7in yakalama karar\u0131 \u00e7\u0131kar\u0131ld\u0131\",\"datePublished\":\"2022-03-25T06:44:13+00:00\",\"mainEntityOfPage\":{\"@id\":\"https:\\\/\\\/akunq.net\\\/tr\\\/?p=67654\"},\"wordCount\":243,\"commentCount\":0,\"image\":{\"@id\":\"https:\\\/\\\/akunq.net\\\/tr\\\/?p=67654#primaryimage\"},\"thumbnailUrl\":\"https:\\\/\\\/akunq.net\\\/tr\\\/wp-content\\\/uploads\\\/sites\\\/6\\\/2022\\\/03\\\/Semra-G\u00fczel.jpg\",\"articleSection\":[\"Haberler\"],\"inLanguage\":\"en-US\",\"potentialAction\":[{\"@type\":\"CommentAction\",\"name\":\"Comment\",\"target\":[\"https:\\\/\\\/akunq.net\\\/tr\\\/?p=67654#respond\"]}]},{\"@type\":\"WebPage\",\"@id\":\"https:\\\/\\\/akunq.net\\\/tr\\\/?p=67654\",\"url\":\"https:\\\/\\\/akunq.net\\\/tr\\\/?p=67654\",\"name\":\"PKK'l\u0131larla foto\u011fraflar\u0131 \u00e7\u0131kan HDP'li Semra G\u00fczel i\u00e7in yakalama karar\u0131 \u00e7\u0131kar\u0131ld\u0131 - Bati Ermenistan Ve Bati Ermenileri Sorunlari Ara\u015ftirmalar Merkezi\",\"isPartOf\":{\"@id\":\"https:\\\/\\\/akunq.net\\\/tr\\\/#website\"},\"primaryImageOfPage\":{\"@id\":\"https:\\\/\\\/akunq.net\\\/tr\\\/?p=67654#primaryimage\"},\"image\":{\"@id\":\"https:\\\/\\\/akunq.net\\\/tr\\\/?p=67654#primaryimage\"},\"thumbnailUrl\":\"https:\\\/\\\/akunq.net\\\/tr\\\/wp-content\\\/uploads\\\/sites\\\/6\\\/2022\\\/03\\\/Semra-G\u00fczel.jpg\",\"datePublished\":\"2022-03-25T06:44:13+00:00\",\"author\":{\"@id\":\"https:\\\/\\\/akunq.net\\\/tr\\\/#\\\/schema\\\/person\\\/096f1d38a12cce57fb855b485ed24c9e\"},\"breadcrumb\":{\"@id\":\"https:\\\/\\\/akunq.net\\\/tr\\\/?p=67654#breadcrumb\"},\"inLanguage\":\"en-US\",\"potentialAction\":[{\"@type\":\"ReadAction\",\"target\":[\"https:\\\/\\\/akunq.net\\\/tr\\\/?p=67654\"]}]},{\"@type\":\"ImageObject\",\"inLanguage\":\"en-US\",\"@id\":\"https:\\\/\\\/akunq.net\\\/tr\\\/?p=67654#primaryimage\",\"url\":\"https:\\\/\\\/akunq.net\\\/tr\\\/wp-content\\\/uploads\\\/sites\\\/6\\\/2022\\\/03\\\/Semra-G\u00fczel.jpg\",\"contentUrl\":\"https:\\\/\\\/akunq.net\\\/tr\\\/wp-content\\\/uploads\\\/sites\\\/6\\\/2022\\\/03\\\/Semra-G\u00fczel.jpg\",\"width\":773,\"height\":435},{\"@type\":\"BreadcrumbList\",\"@id\":\"https:\\\/\\\/akunq.net\\\/tr\\\/?p=67654#breadcrumb\",\"itemListElement\":[{\"@type\":\"ListItem\",\"position\":1,\"name\":\"Home\",\"item\":\"https:\\\/\\\/akunq.net\\\/tr\"},{\"@type\":\"ListItem\",\"position\":2,\"name\":\"PKK&#8217;l\u0131larla foto\u011fraflar\u0131 \u00e7\u0131kan HDP&#8217;li Semra G\u00fczel i\u00e7in yakalama karar\u0131 \u00e7\u0131kar\u0131ld\u0131\"}]},{\"@type\":\"WebSite\",\"@id\":\"https:\\\/\\\/akunq.net\\\/tr\\\/#website\",\"url\":\"https:\\\/\\\/akunq.net\\\/tr\\\/\",\"name\":\"Bati Ermenistan Ve Bati Ermenileri Sorunlari Ara\u015ftirmalar Merkezi\",\"description\":\"\",\"potentialAction\":[{\"@type\":\"SearchAction\",\"target\":{\"@type\":\"EntryPoint\",\"urlTemplate\":\"https:\\\/\\\/akunq.net\\\/tr\\\/?s={search_term_string}\"},\"query-input\":{\"@type\":\"PropertyValueSpecification\",\"valueRequired\":true,\"valueName\":\"search_term_string\"}}],\"inLanguage\":\"en-US\"},{\"@type\":\"Person\",\"@id\":\"https:\\\/\\\/akunq.net\\\/tr\\\/#\\\/schema\\\/person\\\/096f1d38a12cce57fb855b485ed24c9e\",\"name\":\"admin\",\"url\":\"https:\\\/\\\/akunq.net\\\/tr\\\/?author=7\"}]}<\/script>\n<!-- \/ Yoast SEO plugin. -->","yoast_head_json":{"title":"PKK'l\u0131larla foto\u011fraflar\u0131 \u00e7\u0131kan HDP'li Semra G\u00fczel i\u00e7in yakalama karar\u0131 \u00e7\u0131kar\u0131ld\u0131 - Bati Ermenistan Ve Bati Ermenileri Sorunlari Ara\u015ftirmalar Merkezi","robots":{"index":"index","follow":"follow","max-snippet":"max-snippet:-1","max-image-preview":"max-image-preview:large","max-video-preview":"max-video-preview:-1"},"canonical":"https:\/\/akunq.net\/tr\/?p=67654","og_locale":"en_US","og_type":"article","og_title":"PKK'l\u0131larla foto\u011fraflar\u0131 \u00e7\u0131kan HDP'li Semra G\u00fczel i\u00e7in yakalama karar\u0131 \u00e7\u0131kar\u0131ld\u0131 - Bati Ermenistan Ve Bati Ermenileri Sorunlari Ara\u015ftirmalar Merkezi","og_description":"\u00d6ld\u00fcr\u00fclen PKK&#8217;l\u0131larla foto\u011fraflar\u0131 bas\u0131na yans\u0131yan ve TBMM taraf\u0131ndan yasama dokunulmazl\u0131\u011f\u0131 kald\u0131r\u0131lan HDP Diyarbak\u0131r Milletvekili Semra G\u00fczel hakk\u0131nda yakalama karar\u0131 \u00e7\u0131kar\u0131ld\u0131. Ankara Cumhuriyet Ba\u015fsavc\u0131l\u0131\u011f\u0131, hakk\u0131ndaki soru\u015fturma kapsam\u0131nda ifade al\u0131nmak \u00fczere \u00e7\u0131kar\u0131lan davetiyeye cevap vermeyen ve adresinde bulunamayan G\u00fczel i\u00e7in harekete ge\u00e7ti. Ba\u015fsavc\u0131l\u0131k, &#8220;silahl\u0131 ter\u00f6r \u00f6rg\u00fct\u00fcne \u00fcyelik&#8221; su\u00e7lamas\u0131yla iki ayr\u0131 dosyas\u0131 bulunan \u015f\u00fcpheli G\u00fczel hakk\u0131nda sulh ceza [&hellip;]","og_url":"https:\/\/akunq.net\/tr\/?p=67654","og_site_name":"Bati Ermenistan Ve Bati Ermenileri Sorunlari Ara\u015ftirmalar Merkezi","article_published_time":"2022-03-25T06:44:13+00:00","og_image":[{"width":773,"height":435,"url":"https:\/\/akunq.net\/tr\/wp-content\/uploads\/sites\/6\/2022\/03\/Semra-G\u00fczel.jpg","type":"image\/jpeg"}],"author":"admin","twitter_card":"summary_large_image","twitter_misc":{"Written by":"admin","Est. reading time":"1 minute"},"schema":{"@context":"https:\/\/schema.org","@graph":[{"@type":"Article","@id":"https:\/\/akunq.net\/tr\/?p=67654#article","isPartOf":{"@id":"https:\/\/akunq.net\/tr\/?p=67654"},"author":{"name":"admin","@id":"https:\/\/akunq.net\/tr\/#\/schema\/person\/096f1d38a12cce57fb855b485ed24c9e"},"headline":"PKK&#8217;l\u0131larla foto\u011fraflar\u0131 \u00e7\u0131kan HDP&#8217;li Semra G\u00fczel i\u00e7in yakalama karar\u0131 \u00e7\u0131kar\u0131ld\u0131","datePublished":"2022-03-25T06:44:13+00:00","mainEntityOfPage":{"@id":"https:\/\/akunq.net\/tr\/?p=67654"},"wordCount":243,"commentCount":0,"image":{"@id":"https:\/\/akunq.net\/tr\/?p=67654#primaryimage"},"thumbnailUrl":"https:\/\/akunq.net\/tr\/wp-content\/uploads\/sites\/6\/2022\/03\/Semra-G\u00fczel.jpg","articleSection":["Haberler"],"inLanguage":"en-US","potentialAction":[{"@type":"CommentAction","name":"Comment","target":["https:\/\/akunq.net\/tr\/?p=67654#respond"]}]},{"@type":"WebPage","@id":"https:\/\/akunq.net\/tr\/?p=67654","url":"https:\/\/akunq.net\/tr\/?p=67654","name":"PKK'l\u0131larla foto\u011fraflar\u0131 \u00e7\u0131kan HDP'li Semra G\u00fczel i\u00e7in yakalama karar\u0131 \u00e7\u0131kar\u0131ld\u0131 - Bati Ermenistan Ve Bati Ermenileri Sorunlari Ara\u015ftirmalar Merkezi","isPartOf":{"@id":"https:\/\/akunq.net\/tr\/#website"},"primaryImageOfPage":{"@id":"https:\/\/akunq.net\/tr\/?p=67654#primaryimage"},"image":{"@id":"https:\/\/akunq.net\/tr\/?p=67654#primaryimage"},"thumbnailUrl":"https:\/\/akunq.net\/tr\/wp-content\/uploads\/sites\/6\/2022\/03\/Semra-G\u00fczel.jpg","datePublished":"2022-03-25T06:44:13+00:00","author":{"@id":"https:\/\/akunq.net\/tr\/#\/schema\/person\/096f1d38a12cce57fb855b485ed24c9e"},"breadcrumb":{"@id":"https:\/\/akunq.net\/tr\/?p=67654#breadcrumb"},"inLanguage":"en-US","potentialAction":[{"@type":"ReadAction","target":["https:\/\/akunq.net\/tr\/?p=67654"]}]},{"@type":"ImageObject","inLanguage":"en-US","@id":"https:\/\/akunq.net\/tr\/?p=67654#primaryimage","url":"https:\/\/akunq.net\/tr\/wp-content\/uploads\/sites\/6\/2022\/03\/Semra-G\u00fczel.jpg","contentUrl":"https:\/\/akunq.net\/tr\/wp-content\/uploads\/sites\/6\/2022\/03\/Semra-G\u00fczel.jpg","width":773,"height":435},{"@type":"BreadcrumbList","@id":"https:\/\/akunq.net\/tr\/?p=67654#breadcrumb","itemListElement":[{"@type":"ListItem","position":1,"name":"Home","item":"https:\/\/akunq.net\/tr"},{"@type":"ListItem","position":2,"name":"PKK&#8217;l\u0131larla foto\u011fraflar\u0131 \u00e7\u0131kan HDP&#8217;li Semra G\u00fczel i\u00e7in yakalama karar\u0131 \u00e7\u0131kar\u0131ld\u0131"}]},{"@type":"WebSite","@id":"https:\/\/akunq.net\/tr\/#website","url":"https:\/\/akunq.net\/tr\/","name":"Bati Ermenistan Ve Bati Ermenileri Sorunlari Ara\u015ftirmalar Merkezi","description":"","potentialAction":[{"@type":"SearchAction","target":{"@type":"EntryPoint","urlTemplate":"https:\/\/akunq.net\/tr\/?s={search_term_string}"},"query-input":{"@type":"PropertyValueSpecification","valueRequired":true,"valueName":"search_term_string"}}],"inLanguage":"en-US"},{"@type":"Person","@id":"https:\/\/akunq.net\/tr\/#\/schema\/person\/096f1d38a12cce57fb855b485ed24c9e","name":"admin","url":"https:\/\/akunq.net\/tr\/?author=7"}]}},"_links":{"self":[{"href":"https:\/\/akunq.net\/tr\/index.php?rest_route=\/wp\/v2\/posts\/67654","targetHints":{"allow":["GET"]}}],"collection":[{"href":"https:\/\/akunq.net\/tr\/index.php?rest_route=\/wp\/v2\/posts"}],"about":[{"href":"https:\/\/akunq.net\/tr\/index.php?rest_route=\/wp\/v2\/types\/post"}],"author":[{"embeddable":true,"href":"https:\/\/akunq.net\/tr\/index.php?rest_route=\/wp\/v2\/users\/7"}],"replies":[{"embeddable":true,"href":"https:\/\/akunq.net\/tr\/index.php?rest_route=%2Fwp%2Fv2%2Fcomments&post=67654"}],"version-history":[{"count":1,"href":"https:\/\/akunq.net\/tr\/index.php?rest_route=\/wp\/v2\/posts\/67654\/revisions"}],"predecessor-version":[{"id":67656,"href":"https:\/\/akunq.net\/tr\/index.php?rest_route=\/wp\/v2\/posts\/67654\/revisions\/67656"}],"wp:featuredmedia":[{"embeddable":true,"href":"https:\/\/akunq.net\/tr\/index.php?rest_route=\/wp\/v2\/media\/67655"}],"wp:attachment":[{"href":"https:\/\/akunq.net\/tr\/index.php?rest_route=%2Fwp%2Fv2%2Fmedia&parent=67654"}],"wp:term":[{"taxonomy":"category","embeddable":true,"href":"https:\/\/akunq.net\/tr\/index.php?rest_route=%2Fwp%2Fv2%2Fcategories&post=67654"},{"taxonomy":"post_tag","embeddable":true,"href":"https:\/\/akunq.net\/tr\/index.php?rest_route=%2Fwp%2Fv2%2Ftags&post=67654"}],"curies":[{"name":"wp","href":"https:\/\/api.w.org\/{rel}","templated":true}]}}