{"id":67651,"date":"2022-03-25T01:29:04","date_gmt":"2022-03-25T06:29:04","guid":{"rendered":"https:\/\/akunq.net\/tr\/?p=67651"},"modified":"2022-03-25T01:29:04","modified_gmt":"2022-03-25T06:29:04","slug":"185-protestan-ve-ailesi-mit-raporlariyla-sinir-disi-edildi","status":"publish","type":"post","link":"https:\/\/akunq.net\/tr\/?p=67651","title":{"rendered":"185 Protestan ve ailesi M\u0130T raporlar\u0131yla s\u0131n\u0131r d\u0131\u015f\u0131 edildi"},"content":{"rendered":"<p><img loading=\"lazy\" decoding=\"async\" class=\"aligncenter size-medium wp-image-67652\" src=\"https:\/\/akunq.net\/tr\/wp-content\/uploads\/2022\/03\/Protestan-360x202.jpeg\" alt=\"\" width=\"360\" height=\"202\" srcset=\"https:\/\/akunq.net\/tr\/wp-content\/uploads\/sites\/6\/2022\/03\/Protestan-360x202.jpeg 360w, https:\/\/akunq.net\/tr\/wp-content\/uploads\/sites\/6\/2022\/03\/Protestan-768x432.jpeg 768w, https:\/\/akunq.net\/tr\/wp-content\/uploads\/sites\/6\/2022\/03\/Protestan-560x315.jpeg 560w, https:\/\/akunq.net\/tr\/wp-content\/uploads\/sites\/6\/2022\/03\/Protestan-260x146.jpeg 260w, https:\/\/akunq.net\/tr\/wp-content\/uploads\/sites\/6\/2022\/03\/Protestan-160x90.jpeg 160w, https:\/\/akunq.net\/tr\/wp-content\/uploads\/sites\/6\/2022\/03\/Protestan.jpeg 870w\" sizes=\"auto, (max-width: 360px) 100vw, 360px\" \/><\/p>\n<p><em><strong>Brunson krizini izleyen son \u00fc\u00e7 y\u0131lda 185 yabanc\u0131 Protestan din g\u00f6revlisi ve aileleri M\u0130T\u2019in haz\u0131rlad\u0131\u011f\u0131 raporlar nedeniyle T\u00fcrkiye\u2019yi terk etmek zorunda kald\u0131.<\/strong><\/em><\/p>\n<p>T\u00fcrkiye\u2019de \u00f6nce s\u0131n\u0131r d\u0131\u015f\u0131 edilmek istenilip, ard\u0131ndan tutuklanan Protestan rahip Andrew Brunson, d\u00f6nemin ABD Ba\u015fkan\u0131 Donald Trump\u2019\u0131n araya girmesiyle 2018 y\u0131l\u0131nda cezaevinden \u00e7\u0131k\u0131p \u00fclkesine gitmi\u015fti. Brunson krizi \u00e7\u00f6z\u00fcld\u00fc\u011f\u00fcnden bu yana ge\u00e7en \u00fc\u00e7 y\u0131lda 200\u2019e yak\u0131n yabanc\u0131 Protestan din g\u00f6revlisi ve aileleri Milli \u0130stihbarat Te\u015fkilat\u0131\u2019n\u0131n (M\u0130T) haz\u0131rlad\u0131\u011f\u0131 istihbarat raporlar\u0131 gerek\u00e7e g\u00f6sterilerek T\u00fcrkiye\u2019yi terk etmek zorunda b\u0131rak\u0131ld\u0131.<\/p>\n<p><a href=\"https:\/\/hyetert.org\/2022\/03\/23\/protestan-cemaatini-sarsan-sinir-disi-dalgasi\/\">Al Monitor\u2019un haberine g\u00f6re<\/a>, eldeki veriler s\u0131n\u0131r d\u0131\u015f\u0131 edilme olaylar\u0131n\u0131n 2019\u2019dan bu yana sistematik bir bi\u00e7imde devam etti\u011fini ortaya koyuyor. Protestan Kiliseler Derne\u011fi\u2019nin 18 Mart\u2019ta a\u00e7\u0131klad\u0131\u011f\u0131 rapora g\u00f6re 2019 y\u0131l\u0131nda 35, 2020 y\u0131l\u0131nda 20, 2021 y\u0131l\u0131nda da 13 yabanc\u0131 Protestan s\u0131n\u0131r d\u0131\u015f\u0131 edildi. Din adamlar\u0131 aileleriyle birlikte \u00fclkeyi terk etmek zorunda kald\u0131klar\u0131 i\u00e7in say\u0131 e\u015fler ve \u00e7ocuklar d\u00e2hil edildi\u011finde 185\u2019i buluyor.<\/p>\n<p>Protestan Kiliseler Derne\u011fi S\u00f6zc\u00fcs\u00fc Soner Tufan Al-Monitor\u2019a yapt\u0131\u011f\u0131 a\u00e7\u0131klamada, s\u0131n\u0131r d\u0131\u015f\u0131 edilen din adamlar\u0131n\u0131n 28\u2019inin ABD vatanda\u015f\u0131 oldu\u011funu belirtiyor. Aralar\u0131nda sekiz B\u00fcy\u00fck Britanya vatanda\u015f\u0131, sekiz G\u00fcney Kore vatanda\u015f\u0131, Latin Amerika \u00fclkelerinden be\u015f ki\u015fi ve di\u011fer baz\u0131 \u00fclkelerin vatanda\u015flar\u0131 bulunuyor.<\/p>\n<p>T\u00fcrkiye\u2019deki Protestan toplumunun, \u00e7o\u011fu \u0130stanbul, Ankara ve \u0130zmir\u2019de olmak \u00fczere yakla\u015f\u0131k 7 bin ki\u015fiden olu\u015ftu\u011fu belirtiliyor.<\/p>\n<p>S\u0131n\u0131r d\u0131\u015f\u0131 edilme i\u015flemleri M\u0130T taraf\u0131ndan haz\u0131rlanan raporlara dayan\u0131yor. Protestan din adamlar\u0131 belli zamanlarda M\u0130T taraf\u0131ndan N82 diye adland\u0131r\u0131lan bir kodla kodlan\u0131yorlar. Bu kod \u201cgiri\u015fi \u00f6n izne ba\u011fl\u0131 yabanc\u0131\u201d demek.<\/p>\n<p>Protestan Kiliseler Derne\u011fi\u2019nin raporuna g\u00f6re bu, do\u011frudan giri\u015f yasa\u011f\u0131 anlam\u0131na gelmese de \u201cpratikte bu duruma maruz kald\u0131ktan sonra vize ba\u015fvurusunda bulunan ki\u015filerin tamam\u0131n\u0131n ba\u015fvurusu reddedilmi\u015ftir.\u201d<\/p>\n<p>Kullan\u0131lan ba\u015fka bir kod ise G87. Bu da \u201cgenel g\u00fcvenlik a\u00e7\u0131s\u0131ndan tehdit olu\u015fturan yabanc\u0131\u201d anlam\u0131na geliyor. Bu kodlar\u0131 alan yabanc\u0131 din adamlar\u0131n\u0131n \u00fclkeye giri\u015flerine izin verilmiyor ya da oturumlar\u0131 yenilenmeyerek s\u0131n\u0131r d\u0131\u015f\u0131 ediliyorlar. \u00dcstelik somut bir gerek\u00e7e g\u00f6sterilmiyor.<\/p>\n<p>T\u00fcrkiye\u2019de 33 y\u0131l ya\u015fayan Protestan din g\u00f6revlisi Ken Wiest, bu \u015fekilde s\u0131n\u0131r d\u0131\u015f\u0131 edilenlerden biri. Ankara\u2019da kendisi gibi Amerikal\u0131 olan e\u015fi ve \u00fc\u00e7 \u00e7ocu\u011fuyla birlikte kalan Wiest, 2019 y\u0131l\u0131n\u0131n haziran ay\u0131nda her y\u0131l yapt\u0131\u011f\u0131 gibi ailesiyle ABD\u2019ye tatile gitmek i\u00e7in havaalan\u0131na gitmi\u015f. Tam yurt d\u0131\u015f\u0131na \u00e7\u0131kacakken kendisine N82 ile kodland\u0131\u011f\u0131 ve T\u00fcrkiye\u2019ye bir daha giri\u015f yapamayaca\u011f\u0131 s\u00f6ylenmi\u015f. Olan bitenle ilgili herhangi bir a\u00e7\u0131klama da yap\u0131lmam\u0131\u015f.<\/p>\n<p>\u015eu anda Michigan\u2019da ya\u015fayan Wiest, ya\u015fad\u0131klar\u0131n\u0131 Al-Monitor\u2019a \u015f\u00f6yle anlat\u0131yor: \u201cO g\u00fcn havaliman\u0131nda hayat\u0131m tamamen de\u011fi\u015fti. 33 y\u0131ld\u0131r T\u00fcrkiye\u2019de ya\u015f\u0131yordum. Ailem, arkada\u015flar\u0131m, evim ve i\u015fim buradayd\u0131. Bu kod olay\u0131 bana havaalan\u0131nda s\u00f6ylendi ve apar topar ABD\u2019ye g\u00f6nderildim. Arkada\u015flar\u0131mla vedala\u015fma olana\u011f\u0131 bile bulamad\u0131m. Daha sonra e\u015fim T\u00fcrkiye\u2019ye geri d\u00f6nd\u00fc. Baz\u0131 e\u015fyalar\u0131m\u0131z\u0131 satt\u0131, yan\u0131na alabildiklerini buraya getirdi. Burada s\u0131f\u0131rdan yepyeni bir hayat kurduk. \u00c7ok b\u00fcy\u00fck ac\u0131 ve derin bir \u00fcz\u00fcnt\u00fc hissediyorum. Biraz \u00f6fke\u2026 O \u00fcz\u00fcnt\u00fc ve ac\u0131 benim i\u00e7in \u00e7ok zordu. Eninde sonunda bu T\u00fcrkiye\u2019nin elinde bir \u015fey de\u011fil, bunu inanc\u0131m gere\u011fi Tanr\u0131\u2019n\u0131n bana bir \u015feyi oldu\u011funu kabul ettim.\u201d<\/p>\n<p>Bu \u015fekilde kodlananlar\u0131n hepsi gerek\u00e7esiz bir \u015fekilde s\u0131n\u0131r d\u0131\u015f\u0131 edildi, bir ki\u015fi hari\u00e7. Bu ki\u015fi, bu \u00f6zel durumu nedeniyle isminin a\u00e7\u0131klanmas\u0131n\u0131 istemeyen bir past\u00f6r\u00fcn e\u015fi. Past\u00f6r T\u00fcrkiye vatanda\u015f\u0131, e\u015fi ise yabanc\u0131. Yabanc\u0131 e\u015f 2019 y\u0131l\u0131nda oturum izni almak i\u00e7in ba\u015fvurdu\u011funda N82 ile kodland\u0131\u011f\u0131n\u0131, bu y\u00fczden oturum izni alamayaca\u011f\u0131n\u0131 \u00f6\u011freniyor.<\/p>\n<p>Past\u00f6r e\u015fine oturum almak i\u00e7in \u0131srarda bulundu\u011funda, yetkililer kendisine neden Hristiyan oldu\u011funu soruyor. Ya\u015fad\u0131klar\u0131n\u0131 Al-Monitor\u2019a anlatan past\u00f6r, \u201cBiz oturum i\u00e7in ba\u015fvurdu\u011fumuzda oturum ko\u015fullar\u0131m\u0131z\u0131 de\u011fil de Hristiyanl\u0131\u011f\u0131m\u0131z\u0131 sorgulad\u0131lar. Hatta bu durum sorguyu a\u015f\u0131p bir yarg\u0131lamaya d\u00f6n\u00fc\u015ft\u00fc ve en sonunda oturum talebimiz reddedildi\u201d diyor.<\/p>\n<p>Daha sonra kendilerine bir belge g\u00f6nderiliyor. Belgede e\u015finin 10 g\u00fcn i\u00e7inde \u00fclkeyi terk etmesi isteniyor. T\u00fcrkiye\u2019yi terk etmiyorlar, sessiz sedas\u0131z T\u00fcrkiye\u2019deki ya\u015famlar\u0131na devam ediyorlar. Tabii bu durumun \u00e7ok b\u00fcy\u00fck zorluklar\u0131 var. \u201cD\u00f6rt y\u0131ld\u0131r yurt d\u0131\u015f\u0131ndaki ailemizi g\u00f6remiyoruz\u201d diyorlar.<\/p>\n<p>Her iki vakada da davalar a\u00e7\u0131lm\u0131\u015f durumda. Yerel mahkemeler a\u00e7\u0131lan davalar\u0131, mahkemeye sunulmayan ama var oldu\u011fu iddia edilen M\u0130T raporlar\u0131 uyar\u0131nca reddetti. Ken Wiest davas\u0131n\u0131 Avrupa \u0130nsan Haklar\u0131 Mahkemesi\u2019ne (A\u0130HM) ta\u015f\u0131d\u0131, past\u00f6r\u00fcn e\u015finin davas\u0131 ise Anayasa Mahkemesi\u2019nde.<\/p>\n<p>Past\u00f6r, \u201cAnayasa Mahkemesi\u2019ne ba\u015fvurarak bu yap\u0131lan\u0131n hukuksuz oldu\u011funu belirttik. Biz burada kesinlikle hi\u00e7bir \u015fekilde T\u00fcrkiye\u2019nin g\u00fcvenli\u011fini tehdit eden unsur de\u011filiz. Sadece Hristiyan oldu\u011fumuz i\u00e7in b\u00f6yle bir \u015feye maruz kal\u0131yoruz. Anayasa Mahkemesi\u2019ne sadece Hristiyan oldu\u011fumuz i\u00e7in buna maruz kalmam\u0131z\u0131n din \u00f6zg\u00fcrl\u00fc\u011f\u00fcne ayk\u0131r\u0131 oldu\u011funu beyan ettik. Anayasa Mahkemesi\u2019ndeki dava s\u00fcr\u00fcyor. Karar\u0131 bekliyorum. Ben bu \u00fclkeye hizmet ediyorum. Bu \u00fclkede ya\u015f\u0131yor, vergi veriyorum. \u00c7ok insan gitti, ailelerden kalan tek biz olduk. Gidecek yerimiz yok\u201d\u00a0diye konu\u015ftu.<\/p>\n<p>Her iki dava da s\u00fcr\u00fcyor. Yetkililer taraf\u0131ndan verilen savunmalarda M\u0130T taraf\u0131ndan haz\u0131rlanan raporlar \u00f6ne s\u00fcr\u00fcl\u00fcyor ancak raporlar\u0131n neden haz\u0131rland\u0131\u011f\u0131na, kodlar\u0131n hangi gerek\u00e7eyle verildi\u011fine ili\u015fkin hi\u00e7bir a\u00e7\u0131klama yap\u0131lm\u0131yor. M\u0130T bu konuda \u201cgizlilik\u201d z\u0131rh\u0131na s\u0131\u011f\u0131n\u0131yor.<\/p>\n<p>Hem Wiest\u2019in hem past\u00f6r\u00fcn e\u015finin avukat\u0131 olan Orhan Kemal Cengiz Al-Monitor\u2019a yapt\u0131\u011f\u0131 a\u00e7\u0131klamada,\u00a0\u201c\u0130\u00e7 hukuk yollar\u0131nda bir sonu\u00e7 elde edemedik. Devlet savunmalar\u0131 klasikti, \u2018h\u00fck\u00fcmranl\u0131k yetkisi\u2019 kullan\u0131ld\u0131. Burada en kritik nokta haklar\u0131nda haz\u0131rlanan M\u0130T raporlar\u0131n\u0131n dosyaya girmemesi oldu\u201d diyor. Bu konuda i\u00e7 hukuk yollar\u0131n\u0131n i\u015flemedi\u011fini belirten Cengiz, \u201cKonunun \u00e7\u00f6z\u00fcm\u00fc A\u0130HM\u2019de\u201d diyor.<\/p>\n<p>2018\u2019de Rahip Brunson\u2019un kodlanmas\u0131yla ba\u015flayan s\u00fcre\u00e7, Protestanlar \u00fczerinde bir bask\u0131 arac\u0131 olarak sistematik bir \u015fekilde devam ediyor. Yabanc\u0131 Protestan din insanlar\u0131n\u0131n bu \u015fekilde s\u0131n\u0131r d\u0131\u015f\u0131 edilmesi, Protestan toplulukta b\u00fcy\u00fck bir duygusal k\u0131r\u0131lganl\u0131\u011fa ve \u00fcz\u00fcnt\u00fcye neden oluyor.<\/p>\n<p>Soner Tufan, \u201cBu ki\u015filerin b\u00fcy\u00fck k\u0131sm\u0131 uzun y\u0131llard\u0131r \u00fclkemizde yerle\u015fik olarak aileleri ile birlikte ya\u015famaktad\u0131r. Haklar\u0131nda hi\u00e7bir su\u00e7 kayd\u0131, soru\u015fturma veya mahkumiyet bulunmamaktad\u0131r. Aileden birine verilen \u00f6n habersiz giri\u015f yasa\u011f\u0131 ile aile birli\u011fi bozulmu\u015f, t\u00fcm aile fertleri b\u00fcy\u00fck bir kaos ile ba\u015f ba\u015fa b\u0131rak\u0131lm\u0131\u015ft\u0131r\u201d diyor.<\/p>\n<p>Bu uygulaman\u0131n Protestan cemaatini olumsuz etkileyen di\u011fer taraf\u0131 ise din g\u00f6revlisi yeti\u015ftirme sorunu. Tufan \u015funlar\u0131 s\u00f6yl\u00fcyor:\u00a0\u201cT\u00fcrkiye\u2019deki mevcut yasalar Hristiyan din g\u00f6revlisi yeti\u015ftirilmesine veya herhangi bir \u015fekilde dini topluluk \u00fcyelerinin e\u011fitilmesi amac\u0131yla dinsel e\u011fitim verecek okullar a\u00e7\u0131lmas\u0131na olanak vermemi\u015ftir. Oysa din g\u00f6revlisi yeti\u015ftirme hakk\u0131, din ve inan\u00e7 \u00f6zg\u00fcrl\u00fc\u011f\u00fcn\u00fcn temel ta\u015flar\u0131ndan biridir. Protestan toplulu\u011fu bu sorunu usta-\u00e7\u0131rak y\u00f6ntemi, yurt i\u00e7inde verilen seminerler, yurt d\u0131\u015f\u0131nda e\u011fitim almak \u00fczere \u00f6\u011frenci g\u00f6nderme ve yabanc\u0131 uyruklu din g\u00f6revlilerinin ruhani deste\u011fi gibi y\u00f6ntemlerle \u00e7\u00f6zmeye \u00e7al\u0131\u015fmaktad\u0131r. S\u0131n\u0131r d\u0131\u015f\u0131 etme uygulamalar\u0131 nedeniyle, bu kapsamda da bir\u00e7ok topluluk \u00e7ok zor durumda kalm\u0131\u015ft\u0131r. Din g\u00f6revlisi ihtiyac\u0131 artarak devam etmektedir.\u201d<\/p>\n<p>T\u00fcm bu olanlar Rahip Brunson vakas\u0131n\u0131n bir r\u00f6van\u015f\u0131 m\u0131? Ku\u015fkusuz bu da d\u00fc\u015f\u00fcn\u00fclebilir ancak Protestanlara y\u00f6nelik uygulamalar\u0131, T\u00fcrkiye Cumhuriyeti\u2019nin y\u0131llara yay\u0131lan gayrim\u00fcslim politikalar\u0131n\u0131n bir sonucu olarak da d\u00fc\u015f\u00fcnmek gerekiyor. Bu politikalar\u0131n art\u0131k a\u00e7\u0131k a\u00e7\u0131k s\u0131n\u0131r d\u0131\u015f\u0131 etmeye kadar gelmesi ise gayrim\u00fcslimlerin din \u00f6zg\u00fcrl\u00fc\u011f\u00fc a\u00e7\u0131s\u0131ndan tehlikeli bir gidi\u015fat\u0131n g\u00f6stergesi.<\/p>\n<p><em><strong><a href=\"https:\/\/www.medyaport.net\/guncel\/185-protestan-ve-ailesi-mit-raporlariyla-sinir-disi-edildi-h36848.html\">https:\/\/www.medyaport.net\/guncel\/185-protestan-ve-ailesi-mit-raporlariyla-sinir-disi-edildi-h36848.html<\/a>\u00a0<\/strong><\/em><\/p>\n","protected":false},"excerpt":{"rendered":"<p>Brunson krizini izleyen son \u00fc\u00e7 y\u0131lda 185 yabanc\u0131 Protestan din g\u00f6revlisi ve aileleri M\u0130T\u2019in haz\u0131rlad\u0131\u011f\u0131 raporlar nedeniyle T\u00fcrkiye\u2019yi terk etmek zorunda kald\u0131. T\u00fcrkiye\u2019de \u00f6nce s\u0131n\u0131r d\u0131\u015f\u0131 edilmek istenilip, ard\u0131ndan tutuklanan Protestan rahip Andrew Brunson, d\u00f6nemin ABD Ba\u015fkan\u0131 Donald Trump\u2019\u0131n araya girmesiyle 2018 y\u0131l\u0131nda cezaevinden \u00e7\u0131k\u0131p \u00fclkesine gitmi\u015fti. Brunson krizi \u00e7\u00f6z\u00fcld\u00fc\u011f\u00fcnden bu yana ge\u00e7en \u00fc\u00e7 y\u0131lda [&hellip;]<\/p>\n","protected":false},"author":7,"featured_media":67652,"comment_status":"open","ping_status":"open","sticky":false,"template":"","format":"standard","meta":{"footnotes":""},"categories":[1],"tags":[],"class_list":["post-67651","post","type-post","status-publish","format-standard","has-post-thumbnail","hentry","category-haberler"],"yoast_head":"<!-- This site is optimized with the Yoast SEO plugin v27.4 - https:\/\/yoast.com\/product\/yoast-seo-wordpress\/ -->\n<title>185 Protestan ve ailesi M\u0130T raporlar\u0131yla s\u0131n\u0131r d\u0131\u015f\u0131 edildi - Bati Ermenistan Ve Bati Ermenileri Sorunlari Ara\u015ftirmalar Merkezi<\/title>\n<meta name=\"robots\" content=\"index, follow, max-snippet:-1, max-image-preview:large, max-video-preview:-1\" \/>\n<link rel=\"canonical\" href=\"https:\/\/akunq.net\/tr\/?p=67651\" \/>\n<meta property=\"og:locale\" content=\"en_US\" \/>\n<meta property=\"og:type\" content=\"article\" \/>\n<meta property=\"og:title\" content=\"185 Protestan ve ailesi M\u0130T raporlar\u0131yla s\u0131n\u0131r d\u0131\u015f\u0131 edildi - Bati Ermenistan Ve Bati Ermenileri Sorunlari Ara\u015ftirmalar Merkezi\" \/>\n<meta property=\"og:description\" content=\"Brunson krizini izleyen son \u00fc\u00e7 y\u0131lda 185 yabanc\u0131 Protestan din g\u00f6revlisi ve aileleri M\u0130T\u2019in haz\u0131rlad\u0131\u011f\u0131 raporlar nedeniyle T\u00fcrkiye\u2019yi terk etmek zorunda kald\u0131. T\u00fcrkiye\u2019de \u00f6nce s\u0131n\u0131r d\u0131\u015f\u0131 edilmek istenilip, ard\u0131ndan tutuklanan Protestan rahip Andrew Brunson, d\u00f6nemin ABD Ba\u015fkan\u0131 Donald Trump\u2019\u0131n araya girmesiyle 2018 y\u0131l\u0131nda cezaevinden \u00e7\u0131k\u0131p \u00fclkesine gitmi\u015fti. Brunson krizi \u00e7\u00f6z\u00fcld\u00fc\u011f\u00fcnden bu yana ge\u00e7en \u00fc\u00e7 y\u0131lda [&hellip;]\" \/>\n<meta property=\"og:url\" content=\"https:\/\/akunq.net\/tr\/?p=67651\" \/>\n<meta property=\"og:site_name\" content=\"Bati Ermenistan Ve Bati Ermenileri Sorunlari Ara\u015ftirmalar Merkezi\" \/>\n<meta property=\"article:published_time\" content=\"2022-03-25T06:29:04+00:00\" \/>\n<meta property=\"og:image\" content=\"https:\/\/akunq.net\/tr\/wp-content\/uploads\/sites\/6\/2022\/03\/Protestan.jpeg\" \/>\n\t<meta property=\"og:image:width\" content=\"870\" \/>\n\t<meta property=\"og:image:height\" content=\"489\" \/>\n\t<meta property=\"og:image:type\" content=\"image\/jpeg\" \/>\n<meta name=\"author\" content=\"admin\" \/>\n<meta name=\"twitter:card\" content=\"summary_large_image\" \/>\n<meta name=\"twitter:label1\" content=\"Written by\" \/>\n\t<meta name=\"twitter:data1\" content=\"admin\" \/>\n\t<meta name=\"twitter:label2\" content=\"Est. reading time\" \/>\n\t<meta name=\"twitter:data2\" content=\"7 minutes\" \/>\n<script type=\"application\/ld+json\" class=\"yoast-schema-graph\">{\"@context\":\"https:\\\/\\\/schema.org\",\"@graph\":[{\"@type\":\"Article\",\"@id\":\"https:\\\/\\\/akunq.net\\\/tr\\\/?p=67651#article\",\"isPartOf\":{\"@id\":\"https:\\\/\\\/akunq.net\\\/tr\\\/?p=67651\"},\"author\":{\"name\":\"admin\",\"@id\":\"https:\\\/\\\/akunq.net\\\/tr\\\/#\\\/schema\\\/person\\\/096f1d38a12cce57fb855b485ed24c9e\"},\"headline\":\"185 Protestan ve ailesi M\u0130T raporlar\u0131yla s\u0131n\u0131r d\u0131\u015f\u0131 edildi\",\"datePublished\":\"2022-03-25T06:29:04+00:00\",\"mainEntityOfPage\":{\"@id\":\"https:\\\/\\\/akunq.net\\\/tr\\\/?p=67651\"},\"wordCount\":1461,\"commentCount\":0,\"image\":{\"@id\":\"https:\\\/\\\/akunq.net\\\/tr\\\/?p=67651#primaryimage\"},\"thumbnailUrl\":\"https:\\\/\\\/akunq.net\\\/tr\\\/wp-content\\\/uploads\\\/sites\\\/6\\\/2022\\\/03\\\/Protestan.jpeg\",\"articleSection\":[\"Haberler\"],\"inLanguage\":\"en-US\",\"potentialAction\":[{\"@type\":\"CommentAction\",\"name\":\"Comment\",\"target\":[\"https:\\\/\\\/akunq.net\\\/tr\\\/?p=67651#respond\"]}]},{\"@type\":\"WebPage\",\"@id\":\"https:\\\/\\\/akunq.net\\\/tr\\\/?p=67651\",\"url\":\"https:\\\/\\\/akunq.net\\\/tr\\\/?p=67651\",\"name\":\"185 Protestan ve ailesi M\u0130T raporlar\u0131yla s\u0131n\u0131r d\u0131\u015f\u0131 edildi - Bati Ermenistan Ve Bati Ermenileri Sorunlari Ara\u015ftirmalar Merkezi\",\"isPartOf\":{\"@id\":\"https:\\\/\\\/akunq.net\\\/tr\\\/#website\"},\"primaryImageOfPage\":{\"@id\":\"https:\\\/\\\/akunq.net\\\/tr\\\/?p=67651#primaryimage\"},\"image\":{\"@id\":\"https:\\\/\\\/akunq.net\\\/tr\\\/?p=67651#primaryimage\"},\"thumbnailUrl\":\"https:\\\/\\\/akunq.net\\\/tr\\\/wp-content\\\/uploads\\\/sites\\\/6\\\/2022\\\/03\\\/Protestan.jpeg\",\"datePublished\":\"2022-03-25T06:29:04+00:00\",\"author\":{\"@id\":\"https:\\\/\\\/akunq.net\\\/tr\\\/#\\\/schema\\\/person\\\/096f1d38a12cce57fb855b485ed24c9e\"},\"breadcrumb\":{\"@id\":\"https:\\\/\\\/akunq.net\\\/tr\\\/?p=67651#breadcrumb\"},\"inLanguage\":\"en-US\",\"potentialAction\":[{\"@type\":\"ReadAction\",\"target\":[\"https:\\\/\\\/akunq.net\\\/tr\\\/?p=67651\"]}]},{\"@type\":\"ImageObject\",\"inLanguage\":\"en-US\",\"@id\":\"https:\\\/\\\/akunq.net\\\/tr\\\/?p=67651#primaryimage\",\"url\":\"https:\\\/\\\/akunq.net\\\/tr\\\/wp-content\\\/uploads\\\/sites\\\/6\\\/2022\\\/03\\\/Protestan.jpeg\",\"contentUrl\":\"https:\\\/\\\/akunq.net\\\/tr\\\/wp-content\\\/uploads\\\/sites\\\/6\\\/2022\\\/03\\\/Protestan.jpeg\",\"width\":870,\"height\":489},{\"@type\":\"BreadcrumbList\",\"@id\":\"https:\\\/\\\/akunq.net\\\/tr\\\/?p=67651#breadcrumb\",\"itemListElement\":[{\"@type\":\"ListItem\",\"position\":1,\"name\":\"Home\",\"item\":\"https:\\\/\\\/akunq.net\\\/tr\"},{\"@type\":\"ListItem\",\"position\":2,\"name\":\"185 Protestan ve ailesi M\u0130T raporlar\u0131yla s\u0131n\u0131r d\u0131\u015f\u0131 edildi\"}]},{\"@type\":\"WebSite\",\"@id\":\"https:\\\/\\\/akunq.net\\\/tr\\\/#website\",\"url\":\"https:\\\/\\\/akunq.net\\\/tr\\\/\",\"name\":\"Bati Ermenistan Ve Bati Ermenileri Sorunlari Ara\u015ftirmalar Merkezi\",\"description\":\"\",\"potentialAction\":[{\"@type\":\"SearchAction\",\"target\":{\"@type\":\"EntryPoint\",\"urlTemplate\":\"https:\\\/\\\/akunq.net\\\/tr\\\/?s={search_term_string}\"},\"query-input\":{\"@type\":\"PropertyValueSpecification\",\"valueRequired\":true,\"valueName\":\"search_term_string\"}}],\"inLanguage\":\"en-US\"},{\"@type\":\"Person\",\"@id\":\"https:\\\/\\\/akunq.net\\\/tr\\\/#\\\/schema\\\/person\\\/096f1d38a12cce57fb855b485ed24c9e\",\"name\":\"admin\",\"url\":\"https:\\\/\\\/akunq.net\\\/tr\\\/?author=7\"}]}<\/script>\n<!-- \/ Yoast SEO plugin. -->","yoast_head_json":{"title":"185 Protestan ve ailesi M\u0130T raporlar\u0131yla s\u0131n\u0131r d\u0131\u015f\u0131 edildi - Bati Ermenistan Ve Bati Ermenileri Sorunlari Ara\u015ftirmalar Merkezi","robots":{"index":"index","follow":"follow","max-snippet":"max-snippet:-1","max-image-preview":"max-image-preview:large","max-video-preview":"max-video-preview:-1"},"canonical":"https:\/\/akunq.net\/tr\/?p=67651","og_locale":"en_US","og_type":"article","og_title":"185 Protestan ve ailesi M\u0130T raporlar\u0131yla s\u0131n\u0131r d\u0131\u015f\u0131 edildi - Bati Ermenistan Ve Bati Ermenileri Sorunlari Ara\u015ftirmalar Merkezi","og_description":"Brunson krizini izleyen son \u00fc\u00e7 y\u0131lda 185 yabanc\u0131 Protestan din g\u00f6revlisi ve aileleri M\u0130T\u2019in haz\u0131rlad\u0131\u011f\u0131 raporlar nedeniyle T\u00fcrkiye\u2019yi terk etmek zorunda kald\u0131. T\u00fcrkiye\u2019de \u00f6nce s\u0131n\u0131r d\u0131\u015f\u0131 edilmek istenilip, ard\u0131ndan tutuklanan Protestan rahip Andrew Brunson, d\u00f6nemin ABD Ba\u015fkan\u0131 Donald Trump\u2019\u0131n araya girmesiyle 2018 y\u0131l\u0131nda cezaevinden \u00e7\u0131k\u0131p \u00fclkesine gitmi\u015fti. Brunson krizi \u00e7\u00f6z\u00fcld\u00fc\u011f\u00fcnden bu yana ge\u00e7en \u00fc\u00e7 y\u0131lda [&hellip;]","og_url":"https:\/\/akunq.net\/tr\/?p=67651","og_site_name":"Bati Ermenistan Ve Bati Ermenileri Sorunlari Ara\u015ftirmalar Merkezi","article_published_time":"2022-03-25T06:29:04+00:00","og_image":[{"width":870,"height":489,"url":"https:\/\/akunq.net\/tr\/wp-content\/uploads\/sites\/6\/2022\/03\/Protestan.jpeg","type":"image\/jpeg"}],"author":"admin","twitter_card":"summary_large_image","twitter_misc":{"Written by":"admin","Est. reading time":"7 minutes"},"schema":{"@context":"https:\/\/schema.org","@graph":[{"@type":"Article","@id":"https:\/\/akunq.net\/tr\/?p=67651#article","isPartOf":{"@id":"https:\/\/akunq.net\/tr\/?p=67651"},"author":{"name":"admin","@id":"https:\/\/akunq.net\/tr\/#\/schema\/person\/096f1d38a12cce57fb855b485ed24c9e"},"headline":"185 Protestan ve ailesi M\u0130T raporlar\u0131yla s\u0131n\u0131r d\u0131\u015f\u0131 edildi","datePublished":"2022-03-25T06:29:04+00:00","mainEntityOfPage":{"@id":"https:\/\/akunq.net\/tr\/?p=67651"},"wordCount":1461,"commentCount":0,"image":{"@id":"https:\/\/akunq.net\/tr\/?p=67651#primaryimage"},"thumbnailUrl":"https:\/\/akunq.net\/tr\/wp-content\/uploads\/sites\/6\/2022\/03\/Protestan.jpeg","articleSection":["Haberler"],"inLanguage":"en-US","potentialAction":[{"@type":"CommentAction","name":"Comment","target":["https:\/\/akunq.net\/tr\/?p=67651#respond"]}]},{"@type":"WebPage","@id":"https:\/\/akunq.net\/tr\/?p=67651","url":"https:\/\/akunq.net\/tr\/?p=67651","name":"185 Protestan ve ailesi M\u0130T raporlar\u0131yla s\u0131n\u0131r d\u0131\u015f\u0131 edildi - Bati Ermenistan Ve Bati Ermenileri Sorunlari Ara\u015ftirmalar Merkezi","isPartOf":{"@id":"https:\/\/akunq.net\/tr\/#website"},"primaryImageOfPage":{"@id":"https:\/\/akunq.net\/tr\/?p=67651#primaryimage"},"image":{"@id":"https:\/\/akunq.net\/tr\/?p=67651#primaryimage"},"thumbnailUrl":"https:\/\/akunq.net\/tr\/wp-content\/uploads\/sites\/6\/2022\/03\/Protestan.jpeg","datePublished":"2022-03-25T06:29:04+00:00","author":{"@id":"https:\/\/akunq.net\/tr\/#\/schema\/person\/096f1d38a12cce57fb855b485ed24c9e"},"breadcrumb":{"@id":"https:\/\/akunq.net\/tr\/?p=67651#breadcrumb"},"inLanguage":"en-US","potentialAction":[{"@type":"ReadAction","target":["https:\/\/akunq.net\/tr\/?p=67651"]}]},{"@type":"ImageObject","inLanguage":"en-US","@id":"https:\/\/akunq.net\/tr\/?p=67651#primaryimage","url":"https:\/\/akunq.net\/tr\/wp-content\/uploads\/sites\/6\/2022\/03\/Protestan.jpeg","contentUrl":"https:\/\/akunq.net\/tr\/wp-content\/uploads\/sites\/6\/2022\/03\/Protestan.jpeg","width":870,"height":489},{"@type":"BreadcrumbList","@id":"https:\/\/akunq.net\/tr\/?p=67651#breadcrumb","itemListElement":[{"@type":"ListItem","position":1,"name":"Home","item":"https:\/\/akunq.net\/tr"},{"@type":"ListItem","position":2,"name":"185 Protestan ve ailesi M\u0130T raporlar\u0131yla s\u0131n\u0131r d\u0131\u015f\u0131 edildi"}]},{"@type":"WebSite","@id":"https:\/\/akunq.net\/tr\/#website","url":"https:\/\/akunq.net\/tr\/","name":"Bati Ermenistan Ve Bati Ermenileri Sorunlari Ara\u015ftirmalar Merkezi","description":"","potentialAction":[{"@type":"SearchAction","target":{"@type":"EntryPoint","urlTemplate":"https:\/\/akunq.net\/tr\/?s={search_term_string}"},"query-input":{"@type":"PropertyValueSpecification","valueRequired":true,"valueName":"search_term_string"}}],"inLanguage":"en-US"},{"@type":"Person","@id":"https:\/\/akunq.net\/tr\/#\/schema\/person\/096f1d38a12cce57fb855b485ed24c9e","name":"admin","url":"https:\/\/akunq.net\/tr\/?author=7"}]}},"_links":{"self":[{"href":"https:\/\/akunq.net\/tr\/index.php?rest_route=\/wp\/v2\/posts\/67651","targetHints":{"allow":["GET"]}}],"collection":[{"href":"https:\/\/akunq.net\/tr\/index.php?rest_route=\/wp\/v2\/posts"}],"about":[{"href":"https:\/\/akunq.net\/tr\/index.php?rest_route=\/wp\/v2\/types\/post"}],"author":[{"embeddable":true,"href":"https:\/\/akunq.net\/tr\/index.php?rest_route=\/wp\/v2\/users\/7"}],"replies":[{"embeddable":true,"href":"https:\/\/akunq.net\/tr\/index.php?rest_route=%2Fwp%2Fv2%2Fcomments&post=67651"}],"version-history":[{"count":1,"href":"https:\/\/akunq.net\/tr\/index.php?rest_route=\/wp\/v2\/posts\/67651\/revisions"}],"predecessor-version":[{"id":67653,"href":"https:\/\/akunq.net\/tr\/index.php?rest_route=\/wp\/v2\/posts\/67651\/revisions\/67653"}],"wp:featuredmedia":[{"embeddable":true,"href":"https:\/\/akunq.net\/tr\/index.php?rest_route=\/wp\/v2\/media\/67652"}],"wp:attachment":[{"href":"https:\/\/akunq.net\/tr\/index.php?rest_route=%2Fwp%2Fv2%2Fmedia&parent=67651"}],"wp:term":[{"taxonomy":"category","embeddable":true,"href":"https:\/\/akunq.net\/tr\/index.php?rest_route=%2Fwp%2Fv2%2Fcategories&post=67651"},{"taxonomy":"post_tag","embeddable":true,"href":"https:\/\/akunq.net\/tr\/index.php?rest_route=%2Fwp%2Fv2%2Ftags&post=67651"}],"curies":[{"name":"wp","href":"https:\/\/api.w.org\/{rel}","templated":true}]}}