{"id":67648,"date":"2022-03-25T01:20:27","date_gmt":"2022-03-25T06:20:27","guid":{"rendered":"https:\/\/akunq.net\/tr\/?p=67648"},"modified":"2022-03-25T01:20:27","modified_gmt":"2022-03-25T06:20:27","slug":"aya-baniya-kilisesi-restore-edilerek-koku-atolyesine-donusecek","status":"publish","type":"post","link":"https:\/\/akunq.net\/tr\/?p=67648","title":{"rendered":"Aya Baniya Kilisesi restore edilerek Koku At\u00f6lyesine d\u00f6n\u00fc\u015fecek"},"content":{"rendered":"<p><img loading=\"lazy\" decoding=\"async\" class=\"aligncenter size-medium wp-image-67649\" src=\"https:\/\/akunq.net\/tr\/wp-content\/uploads\/2022\/03\/Kilise-360x197.jpg\" alt=\"\" width=\"360\" height=\"197\" srcset=\"https:\/\/akunq.net\/tr\/wp-content\/uploads\/sites\/6\/2022\/03\/Kilise-360x197.jpg 360w, https:\/\/akunq.net\/tr\/wp-content\/uploads\/sites\/6\/2022\/03\/Kilise-560x307.jpg 560w, https:\/\/akunq.net\/tr\/wp-content\/uploads\/sites\/6\/2022\/03\/Kilise-260x143.jpg 260w, https:\/\/akunq.net\/tr\/wp-content\/uploads\/sites\/6\/2022\/03\/Kilise-160x88.jpg 160w, https:\/\/akunq.net\/tr\/wp-content\/uploads\/sites\/6\/2022\/03\/Kilise.jpg 620w\" sizes=\"auto, (max-width: 360px) 100vw, 360px\" \/><\/p>\n<p><em><strong>Isparta\u00a0Belediyesi, Turan Mahallesi\u2019nde bulunan ve yakla\u015f\u0131k 270 y\u0131ll\u0131k bir ge\u00e7mi\u015fe sahip olan\u00a0Aya Baniya\u00a0(Payana)\u00a0Kilisesinin restorasyonunu yaparak, turizme kazand\u0131rmak i\u00e7in harekete ge\u00e7ti. Isparta Belediye Ba\u015fkan\u0131 \u015e\u00fckr\u00fc Ba\u015fde\u011firmen, kilisede uygulanacak \u201cIsparta\u00a0Koku At\u00f6lyesi: Kokuhane\u201d projesi i\u00e7in BAKA Genel Sekreteri Volkan G\u00fcler ile protokol imzalad\u0131.<\/strong><\/em><\/p>\n<p>Isparta Belediyesi \u015fehrin tarihi a\u00e7\u0131s\u0131ndan b\u00fcy\u00fck \u00f6nem ta\u015f\u0131yan ve 1750\u2019li y\u0131llarda yap\u0131ld\u0131\u011f\u0131 tahmin edilen Turan Mahallesi\u2019ndeki Aya Baniya (Payana) Kilisesi, turizme kazand\u0131r\u0131yor. Kilise Bat\u0131 Akdeniz Kalk\u0131nma Ajans\u0131\u2019n\u0131n (BAKA) G\u00fcd\u00fcml\u00fc Proje Deste\u011fi kapsam\u0131nda \u201cIsparta Koku At\u00f6lyesi: Kokuhane\u201d ismiyle hayat bulacak. Projenin tamamlanmas\u0131yla birlikte kilise, \u015fehrin ekonomisine, sosyo-k\u00fclt\u00fcrel hayat\u0131na olumlu etkiler katacak, turizmde bir cazibe merkezi haline getirilecek. Koku temas\u0131 kapsam\u0131nda i\u015flevlendirilecek kilisede ve bah\u00e7esinde K\u00fct\u00fcphane, Koku Yap\u0131m At\u00f6lyesi, Sergi-Fuaye alan\u0131, Kafeterya, Ma\u011faza, Tematik T\u0131bbi ve Aromatik Bitki Bah\u00e7esi olmak \u00fczere 4 b\u00f6l\u00fcm olu\u015fturulacak.<\/p>\n<figure class=\"wp-block-image\"><img decoding=\"async\" src=\"https:\/\/i0.wp.com\/www.haber32.com.tr\/images\/upload\/24-03-2022-aya_baniya_kilisesi_restore_protokol_imza_8.jpg\" alt=\"\" data-recalc-dims=\"1\" \/><\/figure>\n<p>Isparta Belediye Ba\u015fkan\u0131 \u015e\u00fckr\u00fc Ba\u015fde\u011firmen, Aya Baniya (Payana) Kilisesinin restore edilerek hayata ge\u00e7irilecek \u201cIsparta Koku At\u00f6lyesi: Kokuhane\u201d Projesi i\u00e7in BAKA Genel Sekreteri Volkan G\u00fcler ile hibe deste\u011fi protokol\u00fc imzalad\u0131.<\/p>\n<p>BAKA Genel Sekreteri Volkan G\u00fcler, Aya Baniya (Payana) Kilisesinin 1750\u2019li y\u0131llarda yap\u0131ld\u0131\u011f\u0131n\u0131n tahmin edildi\u011fini s\u00f6yledi. Kilisenin toplam 1914 metrekare alan i\u00e7erisinde 390 metrekare kapal\u0131 alana sahip oldu\u011funu belirten G\u00fcler, \u201cBuras\u0131 uzun y\u0131llard\u0131r kullan\u0131lamayan bir yap\u0131d\u0131r. \u2018\u00d6zellikle t\u0131bbi ve aromatik bitkiler turizminde yeni \u00fcr\u00fcnler dahil etmek istiyoruz\u2019 derken belediyemizle birlikte bu kilisenin b\u00f6lge turizmi i\u00e7in Kokuhane ad\u0131yla yenilik\u00e7i bir \u00fcr\u00fcn sunacak \u015fekilde koku faaliyetleriyle b\u00f6lge turizmine kazand\u0131r\u0131laca\u011f\u0131n\u0131 d\u00fc\u015f\u00fcnd\u00fck. Son zamanlarda belediyemizin \u00e7ok \u00e7e\u015fitli yat\u0131r\u0131mlar\u0131yla turizmde \u00f6nemli ad\u0131mlar at\u0131l\u0131yor. Mevcut rota i\u00e7erisinde \u00f6nemli bir \u00f6\u011feyi de burada hayata ge\u00e7irmi\u015f olaca\u011f\u0131z. Ajans\u0131m\u0131z\u0131n y\u00f6netim kurulu \u00fcyesi de olan Belediye Ba\u015fkan\u0131m\u0131za \u00e7ok te\u015fekk\u00fcr ediyorum, projenin ilimize, b\u00f6lgemize ve \u00fclkemize hay\u0131rl\u0131 olmas\u0131n\u0131 temenni ediyorum\u201d \u015feklinde konu\u015ftu.<\/p>\n<figure class=\"wp-block-image\"><img decoding=\"async\" src=\"https:\/\/i0.wp.com\/www.haber32.com.tr\/images\/upload\/24-03-2022-aya_baniya_kilisesi_restore_protokol_imza_2.jpg\" alt=\"\" data-recalc-dims=\"1\" \/><\/figure>\n<p>Belediye Ba\u015fkan\u0131 \u015e\u00fckr\u00fc Ba\u015fde\u011firmen, yakla\u015f\u0131k 270 y\u0131l \u00f6nce yap\u0131lan ve o d\u00f6nemde Hristiyanlar\u0131n ibadet i\u00e7in kulland\u0131\u011f\u0131 kilisenin uzun y\u0131llar tadilat ve restorasyon g\u00f6rmemesi nedeniyle g\u00fcnden g\u00fcne harabe haline d\u00f6nd\u00fc\u011f\u00fcn\u00fc ifade etti. Kilisenin \u00f6nemli bir tarihe sahip oldu\u011funa de\u011finen Ba\u015fkan Ba\u015fde\u011firmen, buran\u0131n restorasyonunun yap\u0131larak turizme a\u00e7\u0131lmas\u0131n\u0131n \u015fehir a\u00e7\u0131s\u0131ndan \u00e7ok \u00f6nemli oldu\u011funa de\u011findi.<\/p>\n<p>Ba\u015fkan Ba\u015fde\u011firmen, g\u00f6rev s\u00fcresi i\u00e7erisinde \u015fehirdeki tarihi yap\u0131larla yak\u0131ndan ilgilendiklerini belirterek, \u201c\u00dcz\u00fcm \u00c7ar\u015f\u0131s\u0131\u2019n\u0131n restorasyonu ba\u015flad\u0131, arkas\u0131ndan Damgac\u0131 Soka\u011f\u0131n restorasyonuna ba\u015flad\u0131k. Bu ve Do\u011fanc\u0131 Mahallesi\u2019ndeki kiliselerimizi bakanl\u0131\u011f\u0131m\u0131zdan istedik ve belediyemize devredildi. Bu devirden sonra Bat\u0131 Akdeniz Kalk\u0131nma Ajans\u0131 y\u00f6netiminde Say\u0131n Valimiz \u00d6mer Seymeno\u011flu ile birlikte bu konular\u0131 dile getirerek, Genel Sekreterimiz Volkan Bey ve di\u011fer y\u00f6netim kurulu \u00fcyesi arkada\u015flar\u0131m\u0131zla payla\u015ft\u0131k. \u00c7\u00fcnk\u00fc bu tarihi aya\u011fa kald\u0131rmam\u0131z gerekiyordu. Bu tarihi aya\u011fa kald\u0131r\u0131rken de i\u00e7erisinde nelerin olaca\u011f\u0131n\u0131, \u015fehrimizin ana temalar\u0131 nelerse onlarla beraber \u00e7al\u0131\u015fmam\u0131z gerekti\u011fi d\u00fc\u015f\u00fcncesiyle \u00e7al\u0131\u015fmalara ba\u015flad\u0131k. Isparta\u2019m\u0131z\u0131n simgesi g\u00fcl ile alakal\u0131 bir \u00e7al\u0131\u015fman\u0131n olmas\u0131 gerekti\u011fi d\u00fc\u015f\u00fcncesiyle burada bir koku at\u00f6lyesinin iyi olaca\u011f\u0131n\u0131 d\u00fc\u015f\u00fcnerek projesini haz\u0131rlad\u0131k. Arkas\u0131ndan buran\u0131n bir k\u00fct\u00fcphane haline gelmesi ve gen\u00e7lerimizin buradan yararlanmas\u0131 \u00e7ok \u00f6nemliydi\u201d ifadelerini kulland\u0131.<\/p>\n<p>Isparta\u2019ya yerli ve yabanc\u0131 turistlerin geldi\u011fi zaman tarihi yerlere gitmek istediklerinde g\u00f6t\u00fcr\u00fclebilecek herhangi bir yer olmad\u0131\u011f\u0131n\u0131 kaydeden Belediye Ba\u015fkan\u0131 \u015e\u00fckr\u00fc Ba\u015fde\u011firmen, \u201cDamgac\u0131 Soka\u011fa g\u00f6t\u00fcrseniz harabe binalar var, Kiliseye gidelim deseler buraya getirip g\u00f6stermekten imtina edersiniz. O halde tarihimizi aya\u011fa kald\u0131rmam\u0131z gerekiyordu. Isparta Belediyesi olarak bu i\u015fe ba\u015flad\u0131k. Bat\u0131 Akdeniz Kalk\u0131nma Ajans\u0131m\u0131z\u0131n belediyemize vermi\u015f oldu\u011fu destekle buran\u0131n restorasyonunu bitirip vatanda\u015flar\u0131m\u0131z ve misafirlerimizin hizmetine sunaca\u011f\u0131z\u201d dedi.<\/p>\n<figure class=\"wp-block-image\"><img decoding=\"async\" src=\"https:\/\/i0.wp.com\/www.haber32.com.tr\/images\/upload\/24-03-2022-aya_baniya_kilisesi_restore_protokol_imza_10.jpg\" alt=\"\" data-recalc-dims=\"1\" \/><\/figure>\n<p>Aya Baniya (Payana) Kilisesinin restorasyonu i\u00e7in BAKA Y\u00f6netim Kurulu \u00fcyelerinin ortak karar\u0131yla hibe deste\u011fi sa\u011fland\u0131\u011f\u0131n\u0131 s\u00f6yleyen Ba\u015fkan Ba\u015fde\u011firmen, \u201cD\u00f6nem ba\u015fkan\u0131m\u0131z Isparta Valimiz Say\u0131n \u00d6mer Seymeno\u011flu\u2019nun \u00e7ok b\u00fcy\u00fck katk\u0131lar\u0131 var. Say\u0131n Valimiz ile di\u011fer BAKA y\u00f6netim kurulu \u00fcyelerimize \u00e7ok te\u015fekk\u00fcr ediyorum. Projenin haz\u0131rlanmas\u0131nda Genel Sekreterimiz Volkan Bey ve ekibi \u00e7ok destek verdiler. Kendilerine te\u015fekk\u00fcr ediyorum. Devletimizin vermi\u015f oldu\u011fu destekle bu projeyi yap\u0131yoruz. \u00dclkemize ve \u015fehrimize hay\u0131rl\u0131 olsun. BAKA\u2019n\u0131n bu projenin restorasyonuyla alakal\u0131 5 milyon lira + KDV deste\u011fiyle bu yola \u00e7\u0131k\u0131yoruz. Ajans\u0131m\u0131z\u0131n bu konuda hibe deste\u011fi var. \u0130mzalad\u0131\u011f\u0131m\u0131z s\u00f6zle\u015fme de bu deste\u011fi kapsamaktad\u0131r\u201d diye konu\u015ftu.<\/p>\n<p><em><strong><a href=\"http:\/\/www.haber32.com.tr\/isparta\/aya-baniya-kilisesi-restore-edilerek-koku-atolyesine-donusecek-h158829.html\">http:\/\/www.haber32.com.tr\/isparta\/aya-baniya-kilisesi-restore-edilerek-koku-atolyesine-donusecek-h158829.html<\/a>\u00a0<\/strong><\/em><\/p>\n","protected":false},"excerpt":{"rendered":"<p>Isparta\u00a0Belediyesi, Turan Mahallesi\u2019nde bulunan ve yakla\u015f\u0131k 270 y\u0131ll\u0131k bir ge\u00e7mi\u015fe sahip olan\u00a0Aya Baniya\u00a0(Payana)\u00a0Kilisesinin restorasyonunu yaparak, turizme kazand\u0131rmak i\u00e7in harekete ge\u00e7ti. Isparta Belediye Ba\u015fkan\u0131 \u015e\u00fckr\u00fc Ba\u015fde\u011firmen, kilisede uygulanacak \u201cIsparta\u00a0Koku At\u00f6lyesi: Kokuhane\u201d projesi i\u00e7in BAKA Genel Sekreteri Volkan G\u00fcler ile protokol imzalad\u0131. Isparta Belediyesi \u015fehrin tarihi a\u00e7\u0131s\u0131ndan b\u00fcy\u00fck \u00f6nem ta\u015f\u0131yan ve 1750\u2019li y\u0131llarda yap\u0131ld\u0131\u011f\u0131 tahmin edilen Turan [&hellip;]<\/p>\n","protected":false},"author":7,"featured_media":67649,"comment_status":"open","ping_status":"open","sticky":false,"template":"","format":"standard","meta":{"footnotes":""},"categories":[1],"tags":[],"class_list":["post-67648","post","type-post","status-publish","format-standard","has-post-thumbnail","hentry","category-haberler"],"yoast_head":"<!-- This site is optimized with the Yoast SEO plugin v27.4 - https:\/\/yoast.com\/product\/yoast-seo-wordpress\/ -->\n<title>Aya Baniya Kilisesi restore edilerek Koku At\u00f6lyesine d\u00f6n\u00fc\u015fecek - Bati Ermenistan Ve Bati Ermenileri Sorunlari Ara\u015ftirmalar Merkezi<\/title>\n<meta name=\"robots\" content=\"index, follow, max-snippet:-1, max-image-preview:large, max-video-preview:-1\" \/>\n<link rel=\"canonical\" href=\"https:\/\/akunq.net\/tr\/?p=67648\" \/>\n<meta property=\"og:locale\" content=\"en_US\" \/>\n<meta property=\"og:type\" content=\"article\" \/>\n<meta property=\"og:title\" content=\"Aya Baniya Kilisesi restore edilerek Koku At\u00f6lyesine d\u00f6n\u00fc\u015fecek - Bati Ermenistan Ve Bati Ermenileri Sorunlari Ara\u015ftirmalar Merkezi\" \/>\n<meta property=\"og:description\" content=\"Isparta\u00a0Belediyesi, Turan Mahallesi\u2019nde bulunan ve yakla\u015f\u0131k 270 y\u0131ll\u0131k bir ge\u00e7mi\u015fe sahip olan\u00a0Aya Baniya\u00a0(Payana)\u00a0Kilisesinin restorasyonunu yaparak, turizme kazand\u0131rmak i\u00e7in harekete ge\u00e7ti. Isparta Belediye Ba\u015fkan\u0131 \u015e\u00fckr\u00fc Ba\u015fde\u011firmen, kilisede uygulanacak \u201cIsparta\u00a0Koku At\u00f6lyesi: Kokuhane\u201d projesi i\u00e7in BAKA Genel Sekreteri Volkan G\u00fcler ile protokol imzalad\u0131. Isparta Belediyesi \u015fehrin tarihi a\u00e7\u0131s\u0131ndan b\u00fcy\u00fck \u00f6nem ta\u015f\u0131yan ve 1750\u2019li y\u0131llarda yap\u0131ld\u0131\u011f\u0131 tahmin edilen Turan [&hellip;]\" \/>\n<meta property=\"og:url\" content=\"https:\/\/akunq.net\/tr\/?p=67648\" \/>\n<meta property=\"og:site_name\" content=\"Bati Ermenistan Ve Bati Ermenileri Sorunlari Ara\u015ftirmalar Merkezi\" \/>\n<meta property=\"article:published_time\" content=\"2022-03-25T06:20:27+00:00\" \/>\n<meta property=\"og:image\" content=\"https:\/\/akunq.net\/tr\/wp-content\/uploads\/sites\/6\/2022\/03\/Kilise.jpg\" \/>\n\t<meta property=\"og:image:width\" content=\"620\" \/>\n\t<meta property=\"og:image:height\" content=\"340\" \/>\n\t<meta property=\"og:image:type\" content=\"image\/jpeg\" \/>\n<meta name=\"author\" content=\"admin\" \/>\n<meta name=\"twitter:card\" content=\"summary_large_image\" \/>\n<meta name=\"twitter:label1\" content=\"Written by\" \/>\n\t<meta name=\"twitter:data1\" content=\"admin\" \/>\n\t<meta name=\"twitter:label2\" content=\"Est. reading time\" \/>\n\t<meta name=\"twitter:data2\" content=\"4 minutes\" \/>\n<script type=\"application\/ld+json\" class=\"yoast-schema-graph\">{\"@context\":\"https:\\\/\\\/schema.org\",\"@graph\":[{\"@type\":\"Article\",\"@id\":\"https:\\\/\\\/akunq.net\\\/tr\\\/?p=67648#article\",\"isPartOf\":{\"@id\":\"https:\\\/\\\/akunq.net\\\/tr\\\/?p=67648\"},\"author\":{\"name\":\"admin\",\"@id\":\"https:\\\/\\\/akunq.net\\\/tr\\\/#\\\/schema\\\/person\\\/096f1d38a12cce57fb855b485ed24c9e\"},\"headline\":\"Aya Baniya Kilisesi restore edilerek Koku At\u00f6lyesine d\u00f6n\u00fc\u015fecek\",\"datePublished\":\"2022-03-25T06:20:27+00:00\",\"mainEntityOfPage\":{\"@id\":\"https:\\\/\\\/akunq.net\\\/tr\\\/?p=67648\"},\"wordCount\":883,\"commentCount\":0,\"image\":{\"@id\":\"https:\\\/\\\/akunq.net\\\/tr\\\/?p=67648#primaryimage\"},\"thumbnailUrl\":\"https:\\\/\\\/akunq.net\\\/tr\\\/wp-content\\\/uploads\\\/sites\\\/6\\\/2022\\\/03\\\/Kilise.jpg\",\"articleSection\":[\"Haberler\"],\"inLanguage\":\"en-US\",\"potentialAction\":[{\"@type\":\"CommentAction\",\"name\":\"Comment\",\"target\":[\"https:\\\/\\\/akunq.net\\\/tr\\\/?p=67648#respond\"]}]},{\"@type\":\"WebPage\",\"@id\":\"https:\\\/\\\/akunq.net\\\/tr\\\/?p=67648\",\"url\":\"https:\\\/\\\/akunq.net\\\/tr\\\/?p=67648\",\"name\":\"Aya Baniya Kilisesi restore edilerek Koku At\u00f6lyesine d\u00f6n\u00fc\u015fecek - Bati Ermenistan Ve Bati Ermenileri Sorunlari Ara\u015ftirmalar Merkezi\",\"isPartOf\":{\"@id\":\"https:\\\/\\\/akunq.net\\\/tr\\\/#website\"},\"primaryImageOfPage\":{\"@id\":\"https:\\\/\\\/akunq.net\\\/tr\\\/?p=67648#primaryimage\"},\"image\":{\"@id\":\"https:\\\/\\\/akunq.net\\\/tr\\\/?p=67648#primaryimage\"},\"thumbnailUrl\":\"https:\\\/\\\/akunq.net\\\/tr\\\/wp-content\\\/uploads\\\/sites\\\/6\\\/2022\\\/03\\\/Kilise.jpg\",\"datePublished\":\"2022-03-25T06:20:27+00:00\",\"author\":{\"@id\":\"https:\\\/\\\/akunq.net\\\/tr\\\/#\\\/schema\\\/person\\\/096f1d38a12cce57fb855b485ed24c9e\"},\"breadcrumb\":{\"@id\":\"https:\\\/\\\/akunq.net\\\/tr\\\/?p=67648#breadcrumb\"},\"inLanguage\":\"en-US\",\"potentialAction\":[{\"@type\":\"ReadAction\",\"target\":[\"https:\\\/\\\/akunq.net\\\/tr\\\/?p=67648\"]}]},{\"@type\":\"ImageObject\",\"inLanguage\":\"en-US\",\"@id\":\"https:\\\/\\\/akunq.net\\\/tr\\\/?p=67648#primaryimage\",\"url\":\"https:\\\/\\\/akunq.net\\\/tr\\\/wp-content\\\/uploads\\\/sites\\\/6\\\/2022\\\/03\\\/Kilise.jpg\",\"contentUrl\":\"https:\\\/\\\/akunq.net\\\/tr\\\/wp-content\\\/uploads\\\/sites\\\/6\\\/2022\\\/03\\\/Kilise.jpg\",\"width\":620,\"height\":340},{\"@type\":\"BreadcrumbList\",\"@id\":\"https:\\\/\\\/akunq.net\\\/tr\\\/?p=67648#breadcrumb\",\"itemListElement\":[{\"@type\":\"ListItem\",\"position\":1,\"name\":\"Home\",\"item\":\"https:\\\/\\\/akunq.net\\\/tr\"},{\"@type\":\"ListItem\",\"position\":2,\"name\":\"Aya Baniya Kilisesi restore edilerek Koku At\u00f6lyesine d\u00f6n\u00fc\u015fecek\"}]},{\"@type\":\"WebSite\",\"@id\":\"https:\\\/\\\/akunq.net\\\/tr\\\/#website\",\"url\":\"https:\\\/\\\/akunq.net\\\/tr\\\/\",\"name\":\"Bati Ermenistan Ve Bati Ermenileri Sorunlari Ara\u015ftirmalar Merkezi\",\"description\":\"\",\"potentialAction\":[{\"@type\":\"SearchAction\",\"target\":{\"@type\":\"EntryPoint\",\"urlTemplate\":\"https:\\\/\\\/akunq.net\\\/tr\\\/?s={search_term_string}\"},\"query-input\":{\"@type\":\"PropertyValueSpecification\",\"valueRequired\":true,\"valueName\":\"search_term_string\"}}],\"inLanguage\":\"en-US\"},{\"@type\":\"Person\",\"@id\":\"https:\\\/\\\/akunq.net\\\/tr\\\/#\\\/schema\\\/person\\\/096f1d38a12cce57fb855b485ed24c9e\",\"name\":\"admin\",\"url\":\"https:\\\/\\\/akunq.net\\\/tr\\\/?author=7\"}]}<\/script>\n<!-- \/ Yoast SEO plugin. -->","yoast_head_json":{"title":"Aya Baniya Kilisesi restore edilerek Koku At\u00f6lyesine d\u00f6n\u00fc\u015fecek - Bati Ermenistan Ve Bati Ermenileri Sorunlari Ara\u015ftirmalar Merkezi","robots":{"index":"index","follow":"follow","max-snippet":"max-snippet:-1","max-image-preview":"max-image-preview:large","max-video-preview":"max-video-preview:-1"},"canonical":"https:\/\/akunq.net\/tr\/?p=67648","og_locale":"en_US","og_type":"article","og_title":"Aya Baniya Kilisesi restore edilerek Koku At\u00f6lyesine d\u00f6n\u00fc\u015fecek - Bati Ermenistan Ve Bati Ermenileri Sorunlari Ara\u015ftirmalar Merkezi","og_description":"Isparta\u00a0Belediyesi, Turan Mahallesi\u2019nde bulunan ve yakla\u015f\u0131k 270 y\u0131ll\u0131k bir ge\u00e7mi\u015fe sahip olan\u00a0Aya Baniya\u00a0(Payana)\u00a0Kilisesinin restorasyonunu yaparak, turizme kazand\u0131rmak i\u00e7in harekete ge\u00e7ti. Isparta Belediye Ba\u015fkan\u0131 \u015e\u00fckr\u00fc Ba\u015fde\u011firmen, kilisede uygulanacak \u201cIsparta\u00a0Koku At\u00f6lyesi: Kokuhane\u201d projesi i\u00e7in BAKA Genel Sekreteri Volkan G\u00fcler ile protokol imzalad\u0131. Isparta Belediyesi \u015fehrin tarihi a\u00e7\u0131s\u0131ndan b\u00fcy\u00fck \u00f6nem ta\u015f\u0131yan ve 1750\u2019li y\u0131llarda yap\u0131ld\u0131\u011f\u0131 tahmin edilen Turan [&hellip;]","og_url":"https:\/\/akunq.net\/tr\/?p=67648","og_site_name":"Bati Ermenistan Ve Bati Ermenileri Sorunlari Ara\u015ftirmalar Merkezi","article_published_time":"2022-03-25T06:20:27+00:00","og_image":[{"width":620,"height":340,"url":"https:\/\/akunq.net\/tr\/wp-content\/uploads\/sites\/6\/2022\/03\/Kilise.jpg","type":"image\/jpeg"}],"author":"admin","twitter_card":"summary_large_image","twitter_misc":{"Written by":"admin","Est. reading time":"4 minutes"},"schema":{"@context":"https:\/\/schema.org","@graph":[{"@type":"Article","@id":"https:\/\/akunq.net\/tr\/?p=67648#article","isPartOf":{"@id":"https:\/\/akunq.net\/tr\/?p=67648"},"author":{"name":"admin","@id":"https:\/\/akunq.net\/tr\/#\/schema\/person\/096f1d38a12cce57fb855b485ed24c9e"},"headline":"Aya Baniya Kilisesi restore edilerek Koku At\u00f6lyesine d\u00f6n\u00fc\u015fecek","datePublished":"2022-03-25T06:20:27+00:00","mainEntityOfPage":{"@id":"https:\/\/akunq.net\/tr\/?p=67648"},"wordCount":883,"commentCount":0,"image":{"@id":"https:\/\/akunq.net\/tr\/?p=67648#primaryimage"},"thumbnailUrl":"https:\/\/akunq.net\/tr\/wp-content\/uploads\/sites\/6\/2022\/03\/Kilise.jpg","articleSection":["Haberler"],"inLanguage":"en-US","potentialAction":[{"@type":"CommentAction","name":"Comment","target":["https:\/\/akunq.net\/tr\/?p=67648#respond"]}]},{"@type":"WebPage","@id":"https:\/\/akunq.net\/tr\/?p=67648","url":"https:\/\/akunq.net\/tr\/?p=67648","name":"Aya Baniya Kilisesi restore edilerek Koku At\u00f6lyesine d\u00f6n\u00fc\u015fecek - Bati Ermenistan Ve Bati Ermenileri Sorunlari Ara\u015ftirmalar Merkezi","isPartOf":{"@id":"https:\/\/akunq.net\/tr\/#website"},"primaryImageOfPage":{"@id":"https:\/\/akunq.net\/tr\/?p=67648#primaryimage"},"image":{"@id":"https:\/\/akunq.net\/tr\/?p=67648#primaryimage"},"thumbnailUrl":"https:\/\/akunq.net\/tr\/wp-content\/uploads\/sites\/6\/2022\/03\/Kilise.jpg","datePublished":"2022-03-25T06:20:27+00:00","author":{"@id":"https:\/\/akunq.net\/tr\/#\/schema\/person\/096f1d38a12cce57fb855b485ed24c9e"},"breadcrumb":{"@id":"https:\/\/akunq.net\/tr\/?p=67648#breadcrumb"},"inLanguage":"en-US","potentialAction":[{"@type":"ReadAction","target":["https:\/\/akunq.net\/tr\/?p=67648"]}]},{"@type":"ImageObject","inLanguage":"en-US","@id":"https:\/\/akunq.net\/tr\/?p=67648#primaryimage","url":"https:\/\/akunq.net\/tr\/wp-content\/uploads\/sites\/6\/2022\/03\/Kilise.jpg","contentUrl":"https:\/\/akunq.net\/tr\/wp-content\/uploads\/sites\/6\/2022\/03\/Kilise.jpg","width":620,"height":340},{"@type":"BreadcrumbList","@id":"https:\/\/akunq.net\/tr\/?p=67648#breadcrumb","itemListElement":[{"@type":"ListItem","position":1,"name":"Home","item":"https:\/\/akunq.net\/tr"},{"@type":"ListItem","position":2,"name":"Aya Baniya Kilisesi restore edilerek Koku At\u00f6lyesine d\u00f6n\u00fc\u015fecek"}]},{"@type":"WebSite","@id":"https:\/\/akunq.net\/tr\/#website","url":"https:\/\/akunq.net\/tr\/","name":"Bati Ermenistan Ve Bati Ermenileri Sorunlari Ara\u015ftirmalar Merkezi","description":"","potentialAction":[{"@type":"SearchAction","target":{"@type":"EntryPoint","urlTemplate":"https:\/\/akunq.net\/tr\/?s={search_term_string}"},"query-input":{"@type":"PropertyValueSpecification","valueRequired":true,"valueName":"search_term_string"}}],"inLanguage":"en-US"},{"@type":"Person","@id":"https:\/\/akunq.net\/tr\/#\/schema\/person\/096f1d38a12cce57fb855b485ed24c9e","name":"admin","url":"https:\/\/akunq.net\/tr\/?author=7"}]}},"_links":{"self":[{"href":"https:\/\/akunq.net\/tr\/index.php?rest_route=\/wp\/v2\/posts\/67648","targetHints":{"allow":["GET"]}}],"collection":[{"href":"https:\/\/akunq.net\/tr\/index.php?rest_route=\/wp\/v2\/posts"}],"about":[{"href":"https:\/\/akunq.net\/tr\/index.php?rest_route=\/wp\/v2\/types\/post"}],"author":[{"embeddable":true,"href":"https:\/\/akunq.net\/tr\/index.php?rest_route=\/wp\/v2\/users\/7"}],"replies":[{"embeddable":true,"href":"https:\/\/akunq.net\/tr\/index.php?rest_route=%2Fwp%2Fv2%2Fcomments&post=67648"}],"version-history":[{"count":1,"href":"https:\/\/akunq.net\/tr\/index.php?rest_route=\/wp\/v2\/posts\/67648\/revisions"}],"predecessor-version":[{"id":67650,"href":"https:\/\/akunq.net\/tr\/index.php?rest_route=\/wp\/v2\/posts\/67648\/revisions\/67650"}],"wp:featuredmedia":[{"embeddable":true,"href":"https:\/\/akunq.net\/tr\/index.php?rest_route=\/wp\/v2\/media\/67649"}],"wp:attachment":[{"href":"https:\/\/akunq.net\/tr\/index.php?rest_route=%2Fwp%2Fv2%2Fmedia&parent=67648"}],"wp:term":[{"taxonomy":"category","embeddable":true,"href":"https:\/\/akunq.net\/tr\/index.php?rest_route=%2Fwp%2Fv2%2Fcategories&post=67648"},{"taxonomy":"post_tag","embeddable":true,"href":"https:\/\/akunq.net\/tr\/index.php?rest_route=%2Fwp%2Fv2%2Ftags&post=67648"}],"curies":[{"name":"wp","href":"https:\/\/api.w.org\/{rel}","templated":true}]}}