{"id":67630,"date":"2022-03-24T02:40:59","date_gmt":"2022-03-24T07:40:59","guid":{"rendered":"https:\/\/akunq.net\/tr\/?p=67630"},"modified":"2022-03-24T02:40:59","modified_gmt":"2022-03-24T07:40:59","slug":"meryem-ana-mucizesi-antakyanin-ikonali-evi","status":"publish","type":"post","link":"https:\/\/akunq.net\/tr\/?p=67630","title":{"rendered":"\u2018Meryem Ana Mucizesi\u2019: Antakya\u2019n\u0131n \u0130konal\u0131 Evi"},"content":{"rendered":"<section class=\"elementor-section elementor-top-section elementor-element elementor-element-09ca30c elementor-section-boxed elementor-section-height-default elementor-section-height-default\" data-id=\"09ca30c\" data-element_type=\"section\">\n<div class=\"elementor-container elementor-column-gap-default\">\n<div class=\"elementor-column elementor-col-100 elementor-top-column elementor-element elementor-element-c4bbabd\" data-id=\"c4bbabd\" data-element_type=\"column\">\n<div class=\"elementor-widget-wrap elementor-element-populated\">\n<div class=\"elementor-element elementor-element-72c7cdd elementor-widget elementor-widget-text-editor\" data-id=\"72c7cdd\" data-element_type=\"widget\" data-widget_type=\"text-editor.default\">\n<div class=\"elementor-widget-container\">\n<div>\n<p><img loading=\"lazy\" decoding=\"async\" class=\"aligncenter size-medium wp-image-67631\" src=\"https:\/\/akunq.net\/tr\/wp-content\/uploads\/2022\/03\/Meryem-Ana-Mucizesi-186x270.png\" alt=\"\" width=\"186\" height=\"270\" srcset=\"https:\/\/akunq.net\/tr\/wp-content\/uploads\/sites\/6\/2022\/03\/Meryem-Ana-Mucizesi-186x270.png 186w, https:\/\/akunq.net\/tr\/wp-content\/uploads\/sites\/6\/2022\/03\/Meryem-Ana-Mucizesi-260x378.png 260w, https:\/\/akunq.net\/tr\/wp-content\/uploads\/sites\/6\/2022\/03\/Meryem-Ana-Mucizesi-160x232.png 160w, https:\/\/akunq.net\/tr\/wp-content\/uploads\/sites\/6\/2022\/03\/Meryem-Ana-Mucizesi.png 530w\" sizes=\"auto, (max-width: 186px) 100vw, 186px\" \/><\/p>\n<p class=\"Normal0\"><em><strong>Yine orada, kendimi en \u00e7ok ait hissetti\u011fim yerdeydim. Eski Antakya sokaklar\u0131\u2026 B\u0131kmadan, usanmadan her g\u00fcn ge\u00e7ebilirim o mahalleden, \u00f6n\u00fcnden ge\u00e7ti\u011fim her ev bana k\u00fc\u00e7\u00fck de olsa mazide kalan bir an\u0131y\u0131, anlat\u0131lm\u0131\u015f bir hikayeyi an\u0131msat\u0131yor.<\/strong><\/em><\/p>\n<\/div>\n<div>\n<p class=\"Normal0\">Bu sefer ziyaret edece\u011fim yer, Affan Mahallesi\u2019nin Kuyulu \u00c7\u0131kmaz\u0131\u2019ndaki 7 numaral\u0131 ev. Mucizevi hikayesini \u00e7ocuklu\u011fumdan beri duydu\u011fum, fakat o zaman \u00e7ok yak\u0131n\u0131nda oturmam\u0131za ra\u011fmen bir t\u00fcrl\u00fc ziyaret etmedi\u011fim Bedro Amcalar\u0131n evi. Size bu evin hikayesini anlatmadan \u00f6nce evin sakinlerinden bahsetmek isterim. \u015eu an art\u0131k hayatta olmayan Bedro Katremizgil, Antakya Rum Ortodoks Kilisesi\u2019nin \u201cmsaltik\u201dlerinden yani okuyucular\u0131ndan. Hikayeyi kendisinden dinleme \u015fans\u0131na ne yaz\u0131k ki eri\u015femedim. AmaBedro Amca\u2019n\u0131n \u015fu anda ayn\u0131 evde ya\u015fayan o\u011flu \u0130lyas ve gelini H\u00fclya\u2019n\u0131n ac\u0131 Antakya kahvesini i\u00e7erek dinledim anlatt\u0131klar\u0131n\u0131. Bug\u00fcn Antakya \u00fczerine haf\u0131zam\u0131z\u0131n gidebildi\u011fi kadar eskilere giden bir yolculu\u011fa \u00e7\u0131k\u0131yoruz, \u00f6yle ki zaman\u0131n nas\u0131l h\u0131zl\u0131 akt\u0131\u011f\u0131n\u0131n fark\u0131na bile varm\u0131yoruz.<\/p>\n<\/div>\n<div>\n<p class=\"Normal0\">\u0130lyas Abi Antakyal\u0131, e\u015fi H\u00fclya Abla da Samanda\u011fl\u0131 oldu\u011fundan, sohbetimize ilk etapta bol bol Samanda\u011f\u2019\u0131 \u00f6verek ba\u015flad\u0131k. Samanda\u011f Antakya\u2019ya g\u00f6re daha k\u0131rsal, daha rahat ve insan\u0131n kendini daha \u00f6zg\u00fcr hissetti\u011fi bir yer. Herkesin k\u00fc\u00e7\u00fcc\u00fck de olsa mutlaka ekip bi\u00e7ece\u011fi bir topra\u011f\u0131 oldu\u011fundan k\u00f6y huzuru ta\u015f\u0131yan bir kasaba. Oraya dair belki ba\u015fka zaman daha uzun konu\u015furuz, zira bug\u00fcn s\u00f6z\u00fcm\u00fcz\u00fcn misafiri Meryem Ana ikonas\u0131n\u0131n bulundu\u011fu eve dair an\u0131lar.<\/p>\n<\/div>\n<div>\n<p class=\"Normal0\">Kahvemizi i\u00e7ip muhabbete devam ederken konu elbette de\u011fi\u015fen ve d\u00f6n\u00fc\u015fen Antakya sokaklar\u0131na geldi. H\u00fclya Abla\u2019n\u0131n dedi\u011fine g\u00f6re eskiden kendi evlerinin yak\u0131n\u0131ndaki avlu evlerinde hep H\u0131ristiyan ve Yahudi aileler otururmu\u015f. Kar\u015f\u0131 kom\u015fuyla kar\u015f\u0131l\u0131kl\u0131 kap\u0131lar varm\u0131\u015f, sonra bunlar pencerelere d\u00f6n\u00fc\u015fm\u00fc\u015f. Mahallede Kurban Bayram\u0131 biter, yortu ba\u015flarm\u0131\u015f; o biter, Yumurta Bayram\u0131 ba\u015flarm\u0131\u015f. Sokakta s\u00fcrekli bir co\u015fku varm\u0131\u015f. Zaman i\u00e7erisinde ba\u015flayan g\u00f6\u00e7le kom\u015fuluklar farkl\u0131la\u015fm\u0131\u015f. \u015eimdilerde o evlerde h\u00e2l\u00e2 oturanlara her ge\u00e7en g\u00fcn restore edilen bir ba\u015fka butik otel, kafe veya meyhane kom\u015fuluk ediyor.<\/p>\n<\/div>\n<\/div>\n<\/div>\n<\/div>\n<\/div>\n<\/div>\n<\/section>\n<section class=\"elementor-section elementor-top-section elementor-element elementor-element-fda3b98 elementor-section-boxed elementor-section-height-default elementor-section-height-default\" data-id=\"fda3b98\" data-element_type=\"section\">\n<div class=\"elementor-container elementor-column-gap-default\">\n<div class=\"elementor-column elementor-col-100 elementor-top-column elementor-element elementor-element-7d73666\" data-id=\"7d73666\" data-element_type=\"column\">\n<div class=\"elementor-widget-wrap elementor-element-populated\">\n<div class=\"elementor-element elementor-element-863cd56 elementor-widget elementor-widget-text-editor\" data-id=\"863cd56\" data-element_type=\"widget\" data-widget_type=\"text-editor.default\">\n<div class=\"elementor-widget-container\">\n<div>\n<p class=\"Normal0\"><b>\u201cMeryem Ana\u2019ya hizmet\u00e7i olarak geldim\u201d<\/b><\/p>\n<\/div>\n<div>\n<p class=\"Normal0\">H\u00fclya Abla \u015fu anda oturdu\u011fu avlulu eve gelin olarak geli\u015fini anlatmaya ba\u015flarken, ben bu eve \u201cMeryem Ana\u2019ya hizmet\u00e7i olarak geldim\u201d diyerek beni hikayenin i\u00e7ine \u00e7ekti birden. Evet, kap\u0131s\u0131n\u0131 \u00e7ald\u0131\u011f\u0131m bu ev, senelerdir \u00fczerinden \u015fifal\u0131 oldu\u011funa inan\u0131lan bir ya\u011f s\u0131zan \u201cKutsal Meryem ikonas\u0131\u201dn\u0131n bulundu\u011fu evdi. \u0130lyas Abi ile H\u00fclya Abla bu evin \u00fc\u00e7\u00fcnc\u00fc ku\u015fak sakinleri. \u0130lyas Abi, oturduklar\u0131 evin 200 -250 y\u0131ll\u0131k bir ge\u00e7mi\u015fi oldu\u011funu da s\u00f6yleyerek tarihe kocaman bir not d\u00fc\u015f\u00fcyor.<\/p>\n<\/div>\n<div>\n<p class=\"Normal0\">El i\u015fi ah\u015fap Meryem Ana ikonas\u0131, Bedro Amca\u2019n\u0131n \u00e7ocuklu\u011fundan beri Kuyulu \u00c7\u0131kmaz\u0131 7 numaral\u0131 evdeymi\u015f. Suriye\u2019den bir tan\u0131d\u0131klar\u0131 taraf\u0131ndan hediye edilmi\u015f. 1979 senesinde Bedro Amca ve e\u015fi buradan ta\u015f\u0131nmaya karar vermi\u015fler, hatta \u015fehirden gidip ev bile bakm\u0131\u015flar. \u201c\u015eehir\u201d diyor \u0130lyas Abi anlat\u0131rken, \u00e7\u00fcnk\u00fc \u015fu an oturduklar\u0131 Affan Mahallesi,Antakya\u2019n\u0131n bir\u00e7ok semtine g\u00f6re k\u00f6y gibi kal\u0131yormu\u015f o zamanlar. Bedro Amca ve e\u015fi ta\u015f\u0131nmaya karar verdikleri g\u00fcn\u00fcn sabah\u0131nda salona indiklerinde, birka\u00e7 haftad\u0131r tart\u0131\u015fmalar\u0131na sebep olan ya\u011f birikintisinin kayna\u011f\u0131n\u0131 farketmi\u015fler. Me\u011fer ya\u011f\u0131n kayna\u011f\u0131 bu el i\u015fi ah\u015fap Meryem Ana ikonas\u0131ym\u0131\u015f.<sup><a title=\"\" href=\"applewebdata:\/\/70FD5C9B-E0F8-43C2-997D-3C26BDBC767C#_ftn1\" name=\"_ftnref1\">[1]<\/a><\/sup><\/p>\n<\/div>\n<div>\n<p class=\"Normal0\">Ev halk\u0131 ilk ba\u015flarda ne oldu\u011funa anlam veremiyor. Nihayetinde, ah\u015fap bir dolab\u0131n i\u00e7inde duran ikonadan de\u011fil de bu ak\u0131nt\u0131n\u0131n duvardan s\u0131zan bir \u015fey olabilece\u011fini d\u00fc\u015f\u00fcn\u00fcp durumu papazlara anlatm\u0131\u015flar. Sonra haber h\u0131zla papazlardan m\u00fcft\u00fcye, oradan belediyeye yay\u0131lm\u0131\u015f. Sonunda ev halk\u0131ndan \u015f\u00fcphe duymaya ba\u015flam\u0131\u015f insanlar ve onlar\u0131n bir numara yapt\u0131klar\u0131n\u0131 d\u00fc\u015f\u00fcnerek duvar\u0131 kazmak istemi\u015fler. Bedro Amca, etrafta yay\u0131lan dedikodular\u0131 \u00f6nlemek i\u00e7in raz\u0131 gelmi\u015f duvar\u0131n kaz\u0131lmas\u0131na. Ev halk\u0131n\u0131n, papazlar\u0131n ve m\u00fcft\u00fcn\u00fcn \u015fahitli\u011finde duvar\u0131 kaz\u0131m\u0131\u015flar ve zeytinya\u011f\u0131na benzeyen bu s\u0131v\u0131n\u0131n nereden geldi\u011fine dair hi\u00e7bir \u015fey bulamam\u0131\u015flar. Akan s\u0131v\u0131 incelenince bitkisel \u00f6zl\u00fc oldu\u011fu ve hayli d\u00fc\u015f\u00fck asitli bir ya\u011f oldu\u011fu ortaya \u00e7\u0131km\u0131\u015f. \u0130konadan akan u\u00e7ucu ve sar\u0131 renkteki ya\u011f, ta\u015f duvarlar\u0131n aras\u0131nda kalan ah\u015fap dolaptan s\u0131z\u0131p hemen yan odan\u0131n e\u015fi\u011finde birikmeye ba\u015flam\u0131\u015f. Kendisi de Ortodoks Kilisesi\u2019nde okuyucu olan ve bunu bir mucize olaraksahiplenen Bedro Amca ile ailesi, ya\u011f\u0131n birikti\u011fi yere pamuk par\u00e7alar\u0131 koyarak ya\u011f\u0131n yere akmas\u0131n\u0131 ve kutsal g\u00f6rd\u00fckleri bu ya\u011f\u0131n \u00fcst\u00fcne bas\u0131lmas\u0131n\u0131 engellemeye \u00e7al\u0131\u015fm\u0131\u015flar.<\/p>\n<\/div>\n<\/div>\n<\/div>\n<\/div>\n<\/div>\n<\/div>\n<\/section>\n<section class=\"elementor-section elementor-top-section elementor-element elementor-element-36a757d elementor-section-boxed elementor-section-height-default elementor-section-height-default\" data-id=\"36a757d\" data-element_type=\"section\">\n<div class=\"elementor-container elementor-column-gap-default\">\n<div class=\"elementor-column elementor-col-100 elementor-top-column elementor-element elementor-element-e013fd6\" data-id=\"e013fd6\" data-element_type=\"column\">\n<div class=\"elementor-widget-wrap elementor-element-populated\">\n<div class=\"elementor-element elementor-element-31b4544 elementor-widget elementor-widget-text-editor\" data-id=\"31b4544\" data-element_type=\"widget\" data-widget_type=\"text-editor.default\">\n<div class=\"elementor-widget-container\">\n<div>\n<p class=\"Normal0\">Zamanla bu duruma kutsiyet atfetmek sadece H\u0131ristiyanlara ait bir durum olmaktan \u00e7\u0131km\u0131\u015f ve farkl\u0131 inan\u00e7tan insanlar da \u015fifa bulmak i\u00e7in Bedro Amca\u2019n\u0131n evine u\u011frar olmu\u015f. Evin ad\u0131 art\u0131k \u201cMeryem Ana\u2019n\u0131n evi\u201d olmu\u015f. Evin \u015fimdiki sakinleri \u0130lyas ve H\u00fclya, 1979\u2019dan itibaren her dinden ve mezhepten bir\u00e7ok insan\u0131n bu eve s\u00fcr\u00fcklendi\u011fini ve y\u00fczlerce ki\u015finin buray\u0131 ziyaret etti\u011fini, burada mum yak\u0131p dua etti\u011fini ve o pamuk par\u00e7alar\u0131ndan bir tutam alarak \u015fifa buldu\u011fu bir yer oldu\u011funu anlat\u0131yorlar.<\/p>\n<\/div>\n<div>\n<p class=\"Normal0\">Bu evde mucize arayanlar Antakya veya T\u00fcrkiye\u2019yle de s\u0131n\u0131rl\u0131 de\u011fil. H\u00fclya Abla \u015f\u00f6yleanlat\u0131yor: \u201c15 sene \u00f6nce bir misafirim geldi ABD\u2019den, ya\u011f istedi, verdim. E\u015fine dostuna da\u011f\u0131tm\u0131\u015f ve kalan\u0131n\u0131 \u00e7ekmecesine koymu\u015f, bir s\u00fcre sonra \u00e7ekmeceyi a\u00e7\u0131p bakt\u0131\u011f\u0131nda o ya\u011f\u0131n artt\u0131\u011f\u0131n\u0131 fark etmi\u015f.\u201d Tabii ki, bu durum bir tedavi tavsiyesi de\u011fil, tamamen \u201cinan\u00e7\u201dla ilgili. Nitekim ev halk\u0131 da Meryem Ana ikonas\u0131n\u0131 bir mucize olarak benimsedikleri i\u00e7in bu ya\u011f\u0131n bir\u00e7ok hastay\u0131 iyile\u015ftirdi\u011fine ve yaralara iyi geldi\u011fine inanm\u0131\u015flar.<\/p>\n<\/div>\n<div>\n<p class=\"Normal0\">Antakya ve civar\u0131ndaki kiliselerin papazlar\u0131, 1979 y\u0131l\u0131ndan beri Meryem Ana\u2019n\u0131n bu mucizesini benimsemi\u015fler. Meryem Ana\u2019ya olan ba\u011fl\u0131l\u0131ktan \u00f6t\u00fcr\u00fc eskiden 15 A\u011fustos Meryem Ana Yortusu\u2019nda, bu evde Meryem Ana\u2019ya dualar edip mumlar yak\u0131yorlarm\u0131\u015f. Bug\u00fcn ise bu mucize benimseniyor ama kabul g\u00f6rm\u00fcyor. \u0130lyas Abi ve H\u00fclya Abla\u2019n\u0131n aktard\u0131\u011f\u0131na g\u00f6re, son zamanlarda din adamlar\u0131 bu ziyaretleri yapmaz olmu\u015flar.<\/p>\n<\/div>\n<div>\n<p class=\"Normal0\">Ger\u00e7i kilisenin bunu kabul edip sahiplenmesi, buran\u0131n bir \u015fapele d\u00f6n\u00fc\u015fmesini gerektirir, bu da b\u00f6lgeden sorumlu olan metropolit d\u00fczeyinde olan din adamlar\u0131n\u0131n vermesi gereken bir karar.<\/p>\n<\/div>\n<div>\n<p class=\"Normal0\">Evindeki bu Meryem Ana ikonas\u0131n\u0131n hikayesini Bedro Amca nas\u0131l anlat\u0131rd\u0131? Ya\u011f\u0131n akt\u0131\u011f\u0131n\u0131 g\u00f6rd\u00fc\u011f\u00fc an hangi duygular\u0131 ya\u015fam\u0131\u015ft\u0131, ne d\u00fc\u015f\u00fcnm\u00fc\u015ft\u00fc? T\u00fcm bu sorular art\u0131k yan\u0131ts\u0131z kalacak, o nedenle \u0130lyas Abi ve H\u00fclya Abla\u2019n\u0131n anlatt\u0131klar\u0131yla yetinece\u011fiz. Fakat \u015funu biliyoruz ki, eksik kalsa da bu Meryem Ana ikonas\u0131n\u0131n hikayesi ba\u015fka insanlara ula\u015fmaya devam edecek. H\u00fclya Abla\u2019n\u0131n deyi\u015fiyle isteyen, inanan herkes Kuyulu \u00c7\u0131kmaz\u0131 7 numaral\u0131 eve gidebilir, zira o evin kap\u0131lar\u0131 yaz k\u0131\u015f a\u00e7\u0131k.<\/p>\n<\/div>\n<p><em><a title=\"\" href=\"applewebdata:\/\/70FD5C9B-E0F8-43C2-997D-3C26BDBC767C#_ftnref1\" name=\"_ftn1\"><sup>[1]<\/sup><\/a>\u00a0Y\u0131llar \u00f6nce Bedro Amca\u2019yla konu\u015fma imkan\u0131 bulan Handan Demiralp ise hikayenin bu k\u0131sm\u0131n\u0131\u00a0<a href=\"http:\/\/tirmikizi.blogspot.com\/search?q=pedro+amca\">blogunda\u00a0<\/a>Bedro Amca\u2019n\u0131n e\u015finin vefat etti\u011fi g\u00fcn\u00fcn sabah\u0131nda ya\u011f\u0131n fark edildi\u011fi \u015feklinde aktar\u0131yor.<\/em><\/p>\n<\/div>\n<\/div>\n<\/div>\n<\/div>\n<\/div>\n<\/section>\n<section class=\"elementor-section elementor-top-section elementor-element elementor-element-b847ca6 elementor-section-boxed elementor-section-height-default elementor-section-height-default\" data-id=\"b847ca6\" data-element_type=\"section\">\n<div class=\"elementor-container elementor-column-gap-default\">\n<div class=\"elementor-column elementor-col-100 elementor-top-column elementor-element elementor-element-2d058dd\" data-id=\"2d058dd\" data-element_type=\"column\">\n<div class=\"elementor-widget-wrap elementor-element-populated\">\n<div class=\"elementor-element elementor-element-b8f57a5 elementor-widget elementor-widget-image animated zoomIn\" data-id=\"b8f57a5\" data-element_type=\"widget\" data-settings=\"{&quot;_animation&quot;:&quot;zoomIn&quot;}\" data-widget_type=\"image.default\">\n<div class=\"elementor-widget-container\"><em><strong>https:\/\/nehna.org\/meryem-ana-mucizesi-antakyanin-ikonali-evi\/\u00a0<\/strong><\/em><\/div>\n<\/div>\n<\/div>\n<\/div>\n<\/div>\n<\/section>\n","protected":false},"excerpt":{"rendered":"<p>Yine orada, kendimi en \u00e7ok ait hissetti\u011fim yerdeydim. Eski Antakya sokaklar\u0131\u2026 B\u0131kmadan, usanmadan her g\u00fcn ge\u00e7ebilirim o mahalleden, \u00f6n\u00fcnden ge\u00e7ti\u011fim her ev bana k\u00fc\u00e7\u00fck de olsa mazide kalan bir an\u0131y\u0131, anlat\u0131lm\u0131\u015f bir hikayeyi an\u0131msat\u0131yor. Bu sefer ziyaret edece\u011fim yer, Affan Mahallesi\u2019nin Kuyulu \u00c7\u0131kmaz\u0131\u2019ndaki 7 numaral\u0131 ev. Mucizevi hikayesini \u00e7ocuklu\u011fumdan beri duydu\u011fum, fakat o zaman \u00e7ok [&hellip;]<\/p>\n","protected":false},"author":7,"featured_media":67631,"comment_status":"open","ping_status":"open","sticky":false,"template":"","format":"standard","meta":{"footnotes":""},"categories":[1],"tags":[],"class_list":["post-67630","post","type-post","status-publish","format-standard","has-post-thumbnail","hentry","category-haberler"],"yoast_head":"<!-- This site is optimized with the Yoast SEO plugin v27.4 - https:\/\/yoast.com\/product\/yoast-seo-wordpress\/ -->\n<title>\u2018Meryem Ana Mucizesi\u2019: Antakya\u2019n\u0131n \u0130konal\u0131 Evi - Bati Ermenistan Ve Bati Ermenileri Sorunlari Ara\u015ftirmalar Merkezi<\/title>\n<meta name=\"robots\" content=\"index, follow, max-snippet:-1, max-image-preview:large, max-video-preview:-1\" \/>\n<link rel=\"canonical\" href=\"https:\/\/akunq.net\/tr\/?p=67630\" \/>\n<meta property=\"og:locale\" content=\"en_US\" \/>\n<meta property=\"og:type\" content=\"article\" \/>\n<meta property=\"og:title\" content=\"\u2018Meryem Ana Mucizesi\u2019: Antakya\u2019n\u0131n \u0130konal\u0131 Evi - Bati Ermenistan Ve Bati Ermenileri Sorunlari Ara\u015ftirmalar Merkezi\" \/>\n<meta property=\"og:description\" content=\"Yine orada, kendimi en \u00e7ok ait hissetti\u011fim yerdeydim. Eski Antakya sokaklar\u0131\u2026 B\u0131kmadan, usanmadan her g\u00fcn ge\u00e7ebilirim o mahalleden, \u00f6n\u00fcnden ge\u00e7ti\u011fim her ev bana k\u00fc\u00e7\u00fck de olsa mazide kalan bir an\u0131y\u0131, anlat\u0131lm\u0131\u015f bir hikayeyi an\u0131msat\u0131yor. Bu sefer ziyaret edece\u011fim yer, Affan Mahallesi\u2019nin Kuyulu \u00c7\u0131kmaz\u0131\u2019ndaki 7 numaral\u0131 ev. Mucizevi hikayesini \u00e7ocuklu\u011fumdan beri duydu\u011fum, fakat o zaman \u00e7ok [&hellip;]\" \/>\n<meta property=\"og:url\" content=\"https:\/\/akunq.net\/tr\/?p=67630\" \/>\n<meta property=\"og:site_name\" content=\"Bati Ermenistan Ve Bati Ermenileri Sorunlari Ara\u015ftirmalar Merkezi\" \/>\n<meta property=\"article:published_time\" content=\"2022-03-24T07:40:59+00:00\" \/>\n<meta property=\"og:image\" content=\"https:\/\/akunq.net\/tr\/wp-content\/uploads\/sites\/6\/2022\/03\/Meryem-Ana-Mucizesi.png\" \/>\n\t<meta property=\"og:image:width\" content=\"530\" \/>\n\t<meta property=\"og:image:height\" content=\"770\" \/>\n\t<meta property=\"og:image:type\" content=\"image\/png\" \/>\n<meta name=\"author\" content=\"admin\" \/>\n<meta name=\"twitter:card\" content=\"summary_large_image\" \/>\n<meta name=\"twitter:label1\" content=\"Written by\" \/>\n\t<meta name=\"twitter:data1\" content=\"admin\" \/>\n\t<meta name=\"twitter:label2\" content=\"Est. reading time\" \/>\n\t<meta name=\"twitter:data2\" content=\"6 minutes\" \/>\n<script type=\"application\/ld+json\" class=\"yoast-schema-graph\">{\"@context\":\"https:\\\/\\\/schema.org\",\"@graph\":[{\"@type\":\"Article\",\"@id\":\"https:\\\/\\\/akunq.net\\\/tr\\\/?p=67630#article\",\"isPartOf\":{\"@id\":\"https:\\\/\\\/akunq.net\\\/tr\\\/?p=67630\"},\"author\":{\"name\":\"admin\",\"@id\":\"https:\\\/\\\/akunq.net\\\/tr\\\/#\\\/schema\\\/person\\\/096f1d38a12cce57fb855b485ed24c9e\"},\"headline\":\"\u2018Meryem Ana Mucizesi\u2019: Antakya\u2019n\u0131n \u0130konal\u0131 Evi\",\"datePublished\":\"2022-03-24T07:40:59+00:00\",\"mainEntityOfPage\":{\"@id\":\"https:\\\/\\\/akunq.net\\\/tr\\\/?p=67630\"},\"wordCount\":1305,\"commentCount\":0,\"image\":{\"@id\":\"https:\\\/\\\/akunq.net\\\/tr\\\/?p=67630#primaryimage\"},\"thumbnailUrl\":\"https:\\\/\\\/akunq.net\\\/tr\\\/wp-content\\\/uploads\\\/sites\\\/6\\\/2022\\\/03\\\/Meryem-Ana-Mucizesi.png\",\"articleSection\":[\"Haberler\"],\"inLanguage\":\"en-US\",\"potentialAction\":[{\"@type\":\"CommentAction\",\"name\":\"Comment\",\"target\":[\"https:\\\/\\\/akunq.net\\\/tr\\\/?p=67630#respond\"]}]},{\"@type\":\"WebPage\",\"@id\":\"https:\\\/\\\/akunq.net\\\/tr\\\/?p=67630\",\"url\":\"https:\\\/\\\/akunq.net\\\/tr\\\/?p=67630\",\"name\":\"\u2018Meryem Ana Mucizesi\u2019: Antakya\u2019n\u0131n \u0130konal\u0131 Evi - Bati Ermenistan Ve Bati Ermenileri Sorunlari Ara\u015ftirmalar Merkezi\",\"isPartOf\":{\"@id\":\"https:\\\/\\\/akunq.net\\\/tr\\\/#website\"},\"primaryImageOfPage\":{\"@id\":\"https:\\\/\\\/akunq.net\\\/tr\\\/?p=67630#primaryimage\"},\"image\":{\"@id\":\"https:\\\/\\\/akunq.net\\\/tr\\\/?p=67630#primaryimage\"},\"thumbnailUrl\":\"https:\\\/\\\/akunq.net\\\/tr\\\/wp-content\\\/uploads\\\/sites\\\/6\\\/2022\\\/03\\\/Meryem-Ana-Mucizesi.png\",\"datePublished\":\"2022-03-24T07:40:59+00:00\",\"author\":{\"@id\":\"https:\\\/\\\/akunq.net\\\/tr\\\/#\\\/schema\\\/person\\\/096f1d38a12cce57fb855b485ed24c9e\"},\"breadcrumb\":{\"@id\":\"https:\\\/\\\/akunq.net\\\/tr\\\/?p=67630#breadcrumb\"},\"inLanguage\":\"en-US\",\"potentialAction\":[{\"@type\":\"ReadAction\",\"target\":[\"https:\\\/\\\/akunq.net\\\/tr\\\/?p=67630\"]}]},{\"@type\":\"ImageObject\",\"inLanguage\":\"en-US\",\"@id\":\"https:\\\/\\\/akunq.net\\\/tr\\\/?p=67630#primaryimage\",\"url\":\"https:\\\/\\\/akunq.net\\\/tr\\\/wp-content\\\/uploads\\\/sites\\\/6\\\/2022\\\/03\\\/Meryem-Ana-Mucizesi.png\",\"contentUrl\":\"https:\\\/\\\/akunq.net\\\/tr\\\/wp-content\\\/uploads\\\/sites\\\/6\\\/2022\\\/03\\\/Meryem-Ana-Mucizesi.png\",\"width\":530,\"height\":770},{\"@type\":\"BreadcrumbList\",\"@id\":\"https:\\\/\\\/akunq.net\\\/tr\\\/?p=67630#breadcrumb\",\"itemListElement\":[{\"@type\":\"ListItem\",\"position\":1,\"name\":\"Home\",\"item\":\"https:\\\/\\\/akunq.net\\\/tr\"},{\"@type\":\"ListItem\",\"position\":2,\"name\":\"\u2018Meryem Ana Mucizesi\u2019: Antakya\u2019n\u0131n \u0130konal\u0131 Evi\"}]},{\"@type\":\"WebSite\",\"@id\":\"https:\\\/\\\/akunq.net\\\/tr\\\/#website\",\"url\":\"https:\\\/\\\/akunq.net\\\/tr\\\/\",\"name\":\"Bati Ermenistan Ve Bati Ermenileri Sorunlari Ara\u015ftirmalar Merkezi\",\"description\":\"\",\"potentialAction\":[{\"@type\":\"SearchAction\",\"target\":{\"@type\":\"EntryPoint\",\"urlTemplate\":\"https:\\\/\\\/akunq.net\\\/tr\\\/?s={search_term_string}\"},\"query-input\":{\"@type\":\"PropertyValueSpecification\",\"valueRequired\":true,\"valueName\":\"search_term_string\"}}],\"inLanguage\":\"en-US\"},{\"@type\":\"Person\",\"@id\":\"https:\\\/\\\/akunq.net\\\/tr\\\/#\\\/schema\\\/person\\\/096f1d38a12cce57fb855b485ed24c9e\",\"name\":\"admin\",\"url\":\"https:\\\/\\\/akunq.net\\\/tr\\\/?author=7\"}]}<\/script>\n<!-- \/ Yoast SEO plugin. -->","yoast_head_json":{"title":"\u2018Meryem Ana Mucizesi\u2019: Antakya\u2019n\u0131n \u0130konal\u0131 Evi - Bati Ermenistan Ve Bati Ermenileri Sorunlari Ara\u015ftirmalar Merkezi","robots":{"index":"index","follow":"follow","max-snippet":"max-snippet:-1","max-image-preview":"max-image-preview:large","max-video-preview":"max-video-preview:-1"},"canonical":"https:\/\/akunq.net\/tr\/?p=67630","og_locale":"en_US","og_type":"article","og_title":"\u2018Meryem Ana Mucizesi\u2019: Antakya\u2019n\u0131n \u0130konal\u0131 Evi - Bati Ermenistan Ve Bati Ermenileri Sorunlari Ara\u015ftirmalar Merkezi","og_description":"Yine orada, kendimi en \u00e7ok ait hissetti\u011fim yerdeydim. Eski Antakya sokaklar\u0131\u2026 B\u0131kmadan, usanmadan her g\u00fcn ge\u00e7ebilirim o mahalleden, \u00f6n\u00fcnden ge\u00e7ti\u011fim her ev bana k\u00fc\u00e7\u00fck de olsa mazide kalan bir an\u0131y\u0131, anlat\u0131lm\u0131\u015f bir hikayeyi an\u0131msat\u0131yor. Bu sefer ziyaret edece\u011fim yer, Affan Mahallesi\u2019nin Kuyulu \u00c7\u0131kmaz\u0131\u2019ndaki 7 numaral\u0131 ev. Mucizevi hikayesini \u00e7ocuklu\u011fumdan beri duydu\u011fum, fakat o zaman \u00e7ok [&hellip;]","og_url":"https:\/\/akunq.net\/tr\/?p=67630","og_site_name":"Bati Ermenistan Ve Bati Ermenileri Sorunlari Ara\u015ftirmalar Merkezi","article_published_time":"2022-03-24T07:40:59+00:00","og_image":[{"width":530,"height":770,"url":"https:\/\/akunq.net\/tr\/wp-content\/uploads\/sites\/6\/2022\/03\/Meryem-Ana-Mucizesi.png","type":"image\/png"}],"author":"admin","twitter_card":"summary_large_image","twitter_misc":{"Written by":"admin","Est. reading time":"6 minutes"},"schema":{"@context":"https:\/\/schema.org","@graph":[{"@type":"Article","@id":"https:\/\/akunq.net\/tr\/?p=67630#article","isPartOf":{"@id":"https:\/\/akunq.net\/tr\/?p=67630"},"author":{"name":"admin","@id":"https:\/\/akunq.net\/tr\/#\/schema\/person\/096f1d38a12cce57fb855b485ed24c9e"},"headline":"\u2018Meryem Ana Mucizesi\u2019: Antakya\u2019n\u0131n \u0130konal\u0131 Evi","datePublished":"2022-03-24T07:40:59+00:00","mainEntityOfPage":{"@id":"https:\/\/akunq.net\/tr\/?p=67630"},"wordCount":1305,"commentCount":0,"image":{"@id":"https:\/\/akunq.net\/tr\/?p=67630#primaryimage"},"thumbnailUrl":"https:\/\/akunq.net\/tr\/wp-content\/uploads\/sites\/6\/2022\/03\/Meryem-Ana-Mucizesi.png","articleSection":["Haberler"],"inLanguage":"en-US","potentialAction":[{"@type":"CommentAction","name":"Comment","target":["https:\/\/akunq.net\/tr\/?p=67630#respond"]}]},{"@type":"WebPage","@id":"https:\/\/akunq.net\/tr\/?p=67630","url":"https:\/\/akunq.net\/tr\/?p=67630","name":"\u2018Meryem Ana Mucizesi\u2019: Antakya\u2019n\u0131n \u0130konal\u0131 Evi - Bati Ermenistan Ve Bati Ermenileri Sorunlari Ara\u015ftirmalar Merkezi","isPartOf":{"@id":"https:\/\/akunq.net\/tr\/#website"},"primaryImageOfPage":{"@id":"https:\/\/akunq.net\/tr\/?p=67630#primaryimage"},"image":{"@id":"https:\/\/akunq.net\/tr\/?p=67630#primaryimage"},"thumbnailUrl":"https:\/\/akunq.net\/tr\/wp-content\/uploads\/sites\/6\/2022\/03\/Meryem-Ana-Mucizesi.png","datePublished":"2022-03-24T07:40:59+00:00","author":{"@id":"https:\/\/akunq.net\/tr\/#\/schema\/person\/096f1d38a12cce57fb855b485ed24c9e"},"breadcrumb":{"@id":"https:\/\/akunq.net\/tr\/?p=67630#breadcrumb"},"inLanguage":"en-US","potentialAction":[{"@type":"ReadAction","target":["https:\/\/akunq.net\/tr\/?p=67630"]}]},{"@type":"ImageObject","inLanguage":"en-US","@id":"https:\/\/akunq.net\/tr\/?p=67630#primaryimage","url":"https:\/\/akunq.net\/tr\/wp-content\/uploads\/sites\/6\/2022\/03\/Meryem-Ana-Mucizesi.png","contentUrl":"https:\/\/akunq.net\/tr\/wp-content\/uploads\/sites\/6\/2022\/03\/Meryem-Ana-Mucizesi.png","width":530,"height":770},{"@type":"BreadcrumbList","@id":"https:\/\/akunq.net\/tr\/?p=67630#breadcrumb","itemListElement":[{"@type":"ListItem","position":1,"name":"Home","item":"https:\/\/akunq.net\/tr"},{"@type":"ListItem","position":2,"name":"\u2018Meryem Ana Mucizesi\u2019: Antakya\u2019n\u0131n \u0130konal\u0131 Evi"}]},{"@type":"WebSite","@id":"https:\/\/akunq.net\/tr\/#website","url":"https:\/\/akunq.net\/tr\/","name":"Bati Ermenistan Ve Bati Ermenileri Sorunlari Ara\u015ftirmalar Merkezi","description":"","potentialAction":[{"@type":"SearchAction","target":{"@type":"EntryPoint","urlTemplate":"https:\/\/akunq.net\/tr\/?s={search_term_string}"},"query-input":{"@type":"PropertyValueSpecification","valueRequired":true,"valueName":"search_term_string"}}],"inLanguage":"en-US"},{"@type":"Person","@id":"https:\/\/akunq.net\/tr\/#\/schema\/person\/096f1d38a12cce57fb855b485ed24c9e","name":"admin","url":"https:\/\/akunq.net\/tr\/?author=7"}]}},"_links":{"self":[{"href":"https:\/\/akunq.net\/tr\/index.php?rest_route=\/wp\/v2\/posts\/67630","targetHints":{"allow":["GET"]}}],"collection":[{"href":"https:\/\/akunq.net\/tr\/index.php?rest_route=\/wp\/v2\/posts"}],"about":[{"href":"https:\/\/akunq.net\/tr\/index.php?rest_route=\/wp\/v2\/types\/post"}],"author":[{"embeddable":true,"href":"https:\/\/akunq.net\/tr\/index.php?rest_route=\/wp\/v2\/users\/7"}],"replies":[{"embeddable":true,"href":"https:\/\/akunq.net\/tr\/index.php?rest_route=%2Fwp%2Fv2%2Fcomments&post=67630"}],"version-history":[{"count":1,"href":"https:\/\/akunq.net\/tr\/index.php?rest_route=\/wp\/v2\/posts\/67630\/revisions"}],"predecessor-version":[{"id":67632,"href":"https:\/\/akunq.net\/tr\/index.php?rest_route=\/wp\/v2\/posts\/67630\/revisions\/67632"}],"wp:featuredmedia":[{"embeddable":true,"href":"https:\/\/akunq.net\/tr\/index.php?rest_route=\/wp\/v2\/media\/67631"}],"wp:attachment":[{"href":"https:\/\/akunq.net\/tr\/index.php?rest_route=%2Fwp%2Fv2%2Fmedia&parent=67630"}],"wp:term":[{"taxonomy":"category","embeddable":true,"href":"https:\/\/akunq.net\/tr\/index.php?rest_route=%2Fwp%2Fv2%2Fcategories&post=67630"},{"taxonomy":"post_tag","embeddable":true,"href":"https:\/\/akunq.net\/tr\/index.php?rest_route=%2Fwp%2Fv2%2Ftags&post=67630"}],"curies":[{"name":"wp","href":"https:\/\/api.w.org\/{rel}","templated":true}]}}