{"id":67596,"date":"2022-03-22T04:25:45","date_gmt":"2022-03-22T09:25:45","guid":{"rendered":"https:\/\/akunq.net\/tr\/?p=67596"},"modified":"2022-03-22T04:25:45","modified_gmt":"2022-03-22T09:25:45","slug":"artsakh-disisleri-susinin-ermeni-ruhunu-yok-etmek-mumkun-degil-mayis-1992de-yeniden-dogdu-yeniden-dogacaktir","status":"publish","type":"post","link":"https:\/\/akunq.net\/tr\/?p=67596","title":{"rendered":"Artsakh D\u0131\u015fi\u015fleri: \u015eu\u015fi&#8217;nin Ermeni ruhunu yok etmek m\u00fcmk\u00fcn de\u011fil, May\u0131s 1992&#8217;de yeniden do\u011fdu, yeniden do\u011facakt\u0131r"},"content":{"rendered":"<p><img loading=\"lazy\" decoding=\"async\" class=\"aligncenter size-medium wp-image-67597\" src=\"https:\/\/akunq.net\/tr\/wp-content\/uploads\/2022\/03\/\u015eu\u015fi-360x242.jpg\" alt=\"\" width=\"360\" height=\"242\" srcset=\"https:\/\/akunq.net\/tr\/wp-content\/uploads\/sites\/6\/2022\/03\/\u015eu\u015fi-360x242.jpg 360w, https:\/\/akunq.net\/tr\/wp-content\/uploads\/sites\/6\/2022\/03\/\u015eu\u015fi-560x376.jpg 560w, https:\/\/akunq.net\/tr\/wp-content\/uploads\/sites\/6\/2022\/03\/\u015eu\u015fi-260x175.jpg 260w, https:\/\/akunq.net\/tr\/wp-content\/uploads\/sites\/6\/2022\/03\/\u015eu\u015fi-160x107.jpg 160w, https:\/\/akunq.net\/tr\/wp-content\/uploads\/sites\/6\/2022\/03\/\u015eu\u015fi.jpg 670w\" sizes=\"auto, (max-width: 360px) 100vw, 360px\" \/><\/p>\n<p><strong><em>Artsakh D\u0131\u015fi\u015fleri Bakanl\u0131\u011f\u0131, \u015eu\u015fi&#8217;deki Ermeni n\u00fcfusuna y\u00f6nelik katliamlar\u0131n 102. y\u0131ld\u00f6n\u00fcm\u00fc m\u00fcnasebetiyle bir a\u00e7\u0131klama yay\u0131nlad\u0131.\u00a0<\/em><\/strong><\/p>\n<p><em>A\u00e7\u0131klama \u015f\u00f6yle:\u00a0<\/em><\/p>\n<p>&#8220;Bug\u00fcn \u015eu\u015fi \u015fehrinde Ermeni n\u00fcfusuna y\u00f6nelik katliamlar\u0131n masum kurbanlar\u0131n\u0131n an\u0131s\u0131na ba\u015f\u0131m\u0131z\u0131 e\u011fiyoruz.&#8221;<\/p>\n<p>Katliamlar, 102 y\u0131l \u00f6nce, 1920&#8217;de yeni kurulan Azerbaycan Demokratik Cumhuriyeti yetkilileri taraf\u0131ndan\u00a0\u00a022-26 Mart tarihlerinde\u00a0i\u015flendi.\u00a0Azerbaycan&#8217;\u0131n h\u0131rslar\u0131n\u0131n g\u00fcd\u00fcmledi\u011fi bu korkun\u00e7 su\u00e7un kurban\u0131 olan on binlerce insan, bir\u00e7o\u011fu vah\u015fice \u00f6ld\u00fcr\u00fcld\u00fc ve di\u011ferleri de evlerinden at\u0131ld\u0131.\u00a0Tarihi ve k\u00fclt\u00fcrel merkez olan Artsakh&#8217;\u0131n ba\u015fkenti \u015eu\u015fi&#8217;nin \u00e7o\u011fu, tamamen y\u0131k\u0131lm\u0131\u015f ve Azerbaycan makamlar\u0131 taraf\u0131ndan tamamen tahrip edildi\u011fi 20. y\u00fczy\u0131l\u0131n ortalar\u0131na kadar harabe halinde kalm\u0131\u015ft\u0131r.<\/p>\n<p>T\u00fcrk subay ve el\u00e7ilerinin aktif rol ald\u0131\u011f\u0131 \u015eu\u015fi katliam\u0131, Pan-T\u00fcrk ideolojisinin uygulanmas\u0131 ba\u011flam\u0131nda Ermeni Soyk\u0131r\u0131m\u0131&#8217;n\u0131 Do\u011fu Ermenistan&#8217;a aktarmaya y\u00f6nelik bir ba\u015fka giri\u015fimdi.<\/p>\n<p>Bu korkun\u00e7 trajedi, zulm\u00fcyle Azerbaycan makamlar\u0131n\u0131n Ermeni halk\u0131 ve Artsakh&#8217;a y\u00f6nelik olan ger\u00e7ek hedeflerini g\u00f6sterdi.\u00a0\u015eu\u015fi&#8217;nin demografisini de\u011fi\u015ftirmekle kalmam\u0131\u015f, \u015fehrin atmosferine silinmez bir iz b\u0131rakm\u0131\u015f, bundan sonraki s\u00fcre\u00e7leri \u00f6nceden belirlemi\u015ftir.<\/p>\n<p>Neredeyse 70 y\u0131l sonra, Azerbaycan makamlar\u0131 tekrar cephaneliklerinin denenmi\u015f ve test edilmi\u015f arac\u0131na masum Ermenilerin tehciri, katliamlara ba\u015fvurup Sumgay\u0131t, Bak\u00fc, Gandzak (Kirovabad) ve eski Azerbaycan SSC&#8217;sinin di\u011fer yerle\u015fim yerlerinde katliamlar d\u00fczenlediler.<\/p>\n<p>2020&#8217;de trajedi bir kez daha tekrarland\u0131.<\/p>\n<p>Artsakh Cumhuriyeti&#8217;ne kar\u015f\u0131 ba\u015flat\u0131lan 44 g\u00fcnl\u00fck sald\u0131r\u0131 s\u0131ras\u0131nda Azerbaycan&#8217;\u0131n \u015eu\u015fi&#8217;yi i\u015fgal etmesi, Ermenilerin \u015fehirden ar\u0131nd\u0131r\u0131lmas\u0131na yol a\u00e7t\u0131.<\/p>\n<p>1920&#8217;de oldu\u011fu gibi, 2020&#8217;de de Azerbaycan sadece \u015eu\u015fi \u015fehrinin Ermeni n\u00fcfusunu, t\u00fcm Artsakh n\u00fcfusunu de\u011fil, ayn\u0131 zamanda tarihini, k\u00fclt\u00fcr\u00fcn\u00fc ve ruhunu da yok etmeye \u00e7al\u0131\u015ft\u0131.\u00a0Azerbaycan bu g\u00fcne kadar stratejisine ba\u011fl\u0131 kalmaya devam ediyor.<\/p>\n<p>Ancak, Artsakh ile ayr\u0131lmaz bir \u015fekilde ba\u011flant\u0131l\u0131 olan \u015eu\u015fi&#8217;nin Ermeni ruhunu yok etmek imkans\u0131zd\u0131r. May\u0131s 1992&#8217;de yeniden do\u011fdu ve yeniden do\u011facak.<\/p>\n<p><em><strong>https:\/\/armenpress.am\/tur\/news\/1078544.html\u00a0<\/strong><\/em><\/p>\n","protected":false},"excerpt":{"rendered":"<p>Artsakh D\u0131\u015fi\u015fleri Bakanl\u0131\u011f\u0131, \u015eu\u015fi&#8217;deki Ermeni n\u00fcfusuna y\u00f6nelik katliamlar\u0131n 102. y\u0131ld\u00f6n\u00fcm\u00fc m\u00fcnasebetiyle bir a\u00e7\u0131klama yay\u0131nlad\u0131.\u00a0 A\u00e7\u0131klama \u015f\u00f6yle:\u00a0 &#8220;Bug\u00fcn \u015eu\u015fi \u015fehrinde Ermeni n\u00fcfusuna y\u00f6nelik katliamlar\u0131n masum kurbanlar\u0131n\u0131n an\u0131s\u0131na ba\u015f\u0131m\u0131z\u0131 e\u011fiyoruz.&#8221; Katliamlar, 102 y\u0131l \u00f6nce, 1920&#8217;de yeni kurulan Azerbaycan Demokratik Cumhuriyeti yetkilileri taraf\u0131ndan\u00a0\u00a022-26 Mart tarihlerinde\u00a0i\u015flendi.\u00a0Azerbaycan&#8217;\u0131n h\u0131rslar\u0131n\u0131n g\u00fcd\u00fcmledi\u011fi bu korkun\u00e7 su\u00e7un kurban\u0131 olan on binlerce insan, bir\u00e7o\u011fu vah\u015fice \u00f6ld\u00fcr\u00fcld\u00fc [&hellip;]<\/p>\n","protected":false},"author":7,"featured_media":67597,"comment_status":"open","ping_status":"open","sticky":false,"template":"","format":"standard","meta":{"footnotes":""},"categories":[1],"tags":[],"class_list":["post-67596","post","type-post","status-publish","format-standard","has-post-thumbnail","hentry","category-haberler"],"yoast_head":"<!-- This site is optimized with the Yoast SEO plugin v27.4 - https:\/\/yoast.com\/product\/yoast-seo-wordpress\/ -->\n<title>Artsakh D\u0131\u015fi\u015fleri: \u015eu\u015fi&#039;nin Ermeni ruhunu yok etmek m\u00fcmk\u00fcn de\u011fil, May\u0131s 1992&#039;de yeniden do\u011fdu, yeniden do\u011facakt\u0131r - Bati Ermenistan Ve Bati Ermenileri Sorunlari Ara\u015ftirmalar Merkezi<\/title>\n<meta name=\"robots\" content=\"index, follow, max-snippet:-1, max-image-preview:large, max-video-preview:-1\" \/>\n<link rel=\"canonical\" href=\"https:\/\/akunq.net\/tr\/?p=67596\" \/>\n<meta property=\"og:locale\" content=\"en_US\" \/>\n<meta property=\"og:type\" content=\"article\" \/>\n<meta property=\"og:title\" content=\"Artsakh D\u0131\u015fi\u015fleri: \u015eu\u015fi&#039;nin Ermeni ruhunu yok etmek m\u00fcmk\u00fcn de\u011fil, May\u0131s 1992&#039;de yeniden do\u011fdu, yeniden do\u011facakt\u0131r - Bati Ermenistan Ve Bati Ermenileri Sorunlari Ara\u015ftirmalar Merkezi\" \/>\n<meta property=\"og:description\" content=\"Artsakh D\u0131\u015fi\u015fleri Bakanl\u0131\u011f\u0131, \u015eu\u015fi&#8217;deki Ermeni n\u00fcfusuna y\u00f6nelik katliamlar\u0131n 102. y\u0131ld\u00f6n\u00fcm\u00fc m\u00fcnasebetiyle bir a\u00e7\u0131klama yay\u0131nlad\u0131.\u00a0 A\u00e7\u0131klama \u015f\u00f6yle:\u00a0 &#8220;Bug\u00fcn \u015eu\u015fi \u015fehrinde Ermeni n\u00fcfusuna y\u00f6nelik katliamlar\u0131n masum kurbanlar\u0131n\u0131n an\u0131s\u0131na ba\u015f\u0131m\u0131z\u0131 e\u011fiyoruz.&#8221; Katliamlar, 102 y\u0131l \u00f6nce, 1920&#8217;de yeni kurulan Azerbaycan Demokratik Cumhuriyeti yetkilileri taraf\u0131ndan\u00a0\u00a022-26 Mart tarihlerinde\u00a0i\u015flendi.\u00a0Azerbaycan&#8217;\u0131n h\u0131rslar\u0131n\u0131n g\u00fcd\u00fcmledi\u011fi bu korkun\u00e7 su\u00e7un kurban\u0131 olan on binlerce insan, bir\u00e7o\u011fu vah\u015fice \u00f6ld\u00fcr\u00fcld\u00fc [&hellip;]\" \/>\n<meta property=\"og:url\" content=\"https:\/\/akunq.net\/tr\/?p=67596\" \/>\n<meta property=\"og:site_name\" content=\"Bati Ermenistan Ve Bati Ermenileri Sorunlari Ara\u015ftirmalar Merkezi\" \/>\n<meta property=\"article:published_time\" content=\"2022-03-22T09:25:45+00:00\" \/>\n<meta property=\"og:image\" content=\"https:\/\/akunq.net\/tr\/wp-content\/uploads\/sites\/6\/2022\/03\/\u015eu\u015fi.jpg\" \/>\n\t<meta property=\"og:image:width\" content=\"670\" \/>\n\t<meta property=\"og:image:height\" content=\"450\" \/>\n\t<meta property=\"og:image:type\" content=\"image\/jpeg\" \/>\n<meta name=\"author\" content=\"admin\" \/>\n<meta name=\"twitter:card\" content=\"summary_large_image\" \/>\n<meta name=\"twitter:label1\" content=\"Written by\" \/>\n\t<meta name=\"twitter:data1\" content=\"admin\" \/>\n\t<meta name=\"twitter:label2\" content=\"Est. reading time\" \/>\n\t<meta name=\"twitter:data2\" content=\"2 minutes\" \/>\n<script type=\"application\/ld+json\" class=\"yoast-schema-graph\">{\"@context\":\"https:\\\/\\\/schema.org\",\"@graph\":[{\"@type\":\"Article\",\"@id\":\"https:\\\/\\\/akunq.net\\\/tr\\\/?p=67596#article\",\"isPartOf\":{\"@id\":\"https:\\\/\\\/akunq.net\\\/tr\\\/?p=67596\"},\"author\":{\"name\":\"admin\",\"@id\":\"https:\\\/\\\/akunq.net\\\/tr\\\/#\\\/schema\\\/person\\\/096f1d38a12cce57fb855b485ed24c9e\"},\"headline\":\"Artsakh D\u0131\u015fi\u015fleri: \u015eu\u015fi&#8217;nin Ermeni ruhunu yok etmek m\u00fcmk\u00fcn de\u011fil, May\u0131s 1992&#8217;de yeniden do\u011fdu, yeniden do\u011facakt\u0131r\",\"datePublished\":\"2022-03-22T09:25:45+00:00\",\"mainEntityOfPage\":{\"@id\":\"https:\\\/\\\/akunq.net\\\/tr\\\/?p=67596\"},\"wordCount\":403,\"commentCount\":0,\"image\":{\"@id\":\"https:\\\/\\\/akunq.net\\\/tr\\\/?p=67596#primaryimage\"},\"thumbnailUrl\":\"https:\\\/\\\/akunq.net\\\/tr\\\/wp-content\\\/uploads\\\/sites\\\/6\\\/2022\\\/03\\\/\u015eu\u015fi.jpg\",\"articleSection\":[\"Haberler\"],\"inLanguage\":\"en-US\",\"potentialAction\":[{\"@type\":\"CommentAction\",\"name\":\"Comment\",\"target\":[\"https:\\\/\\\/akunq.net\\\/tr\\\/?p=67596#respond\"]}]},{\"@type\":\"WebPage\",\"@id\":\"https:\\\/\\\/akunq.net\\\/tr\\\/?p=67596\",\"url\":\"https:\\\/\\\/akunq.net\\\/tr\\\/?p=67596\",\"name\":\"Artsakh D\u0131\u015fi\u015fleri: \u015eu\u015fi'nin Ermeni ruhunu yok etmek m\u00fcmk\u00fcn de\u011fil, May\u0131s 1992'de yeniden do\u011fdu, yeniden do\u011facakt\u0131r - Bati Ermenistan Ve Bati Ermenileri Sorunlari Ara\u015ftirmalar Merkezi\",\"isPartOf\":{\"@id\":\"https:\\\/\\\/akunq.net\\\/tr\\\/#website\"},\"primaryImageOfPage\":{\"@id\":\"https:\\\/\\\/akunq.net\\\/tr\\\/?p=67596#primaryimage\"},\"image\":{\"@id\":\"https:\\\/\\\/akunq.net\\\/tr\\\/?p=67596#primaryimage\"},\"thumbnailUrl\":\"https:\\\/\\\/akunq.net\\\/tr\\\/wp-content\\\/uploads\\\/sites\\\/6\\\/2022\\\/03\\\/\u015eu\u015fi.jpg\",\"datePublished\":\"2022-03-22T09:25:45+00:00\",\"author\":{\"@id\":\"https:\\\/\\\/akunq.net\\\/tr\\\/#\\\/schema\\\/person\\\/096f1d38a12cce57fb855b485ed24c9e\"},\"breadcrumb\":{\"@id\":\"https:\\\/\\\/akunq.net\\\/tr\\\/?p=67596#breadcrumb\"},\"inLanguage\":\"en-US\",\"potentialAction\":[{\"@type\":\"ReadAction\",\"target\":[\"https:\\\/\\\/akunq.net\\\/tr\\\/?p=67596\"]}]},{\"@type\":\"ImageObject\",\"inLanguage\":\"en-US\",\"@id\":\"https:\\\/\\\/akunq.net\\\/tr\\\/?p=67596#primaryimage\",\"url\":\"https:\\\/\\\/akunq.net\\\/tr\\\/wp-content\\\/uploads\\\/sites\\\/6\\\/2022\\\/03\\\/\u015eu\u015fi.jpg\",\"contentUrl\":\"https:\\\/\\\/akunq.net\\\/tr\\\/wp-content\\\/uploads\\\/sites\\\/6\\\/2022\\\/03\\\/\u015eu\u015fi.jpg\",\"width\":670,\"height\":450},{\"@type\":\"BreadcrumbList\",\"@id\":\"https:\\\/\\\/akunq.net\\\/tr\\\/?p=67596#breadcrumb\",\"itemListElement\":[{\"@type\":\"ListItem\",\"position\":1,\"name\":\"Home\",\"item\":\"https:\\\/\\\/akunq.net\\\/tr\"},{\"@type\":\"ListItem\",\"position\":2,\"name\":\"Artsakh D\u0131\u015fi\u015fleri: \u015eu\u015fi&#8217;nin Ermeni ruhunu yok etmek m\u00fcmk\u00fcn de\u011fil, May\u0131s 1992&#8217;de yeniden do\u011fdu, yeniden do\u011facakt\u0131r\"}]},{\"@type\":\"WebSite\",\"@id\":\"https:\\\/\\\/akunq.net\\\/tr\\\/#website\",\"url\":\"https:\\\/\\\/akunq.net\\\/tr\\\/\",\"name\":\"Bati Ermenistan Ve Bati Ermenileri Sorunlari Ara\u015ftirmalar Merkezi\",\"description\":\"\",\"potentialAction\":[{\"@type\":\"SearchAction\",\"target\":{\"@type\":\"EntryPoint\",\"urlTemplate\":\"https:\\\/\\\/akunq.net\\\/tr\\\/?s={search_term_string}\"},\"query-input\":{\"@type\":\"PropertyValueSpecification\",\"valueRequired\":true,\"valueName\":\"search_term_string\"}}],\"inLanguage\":\"en-US\"},{\"@type\":\"Person\",\"@id\":\"https:\\\/\\\/akunq.net\\\/tr\\\/#\\\/schema\\\/person\\\/096f1d38a12cce57fb855b485ed24c9e\",\"name\":\"admin\",\"url\":\"https:\\\/\\\/akunq.net\\\/tr\\\/?author=7\"}]}<\/script>\n<!-- \/ Yoast SEO plugin. -->","yoast_head_json":{"title":"Artsakh D\u0131\u015fi\u015fleri: \u015eu\u015fi'nin Ermeni ruhunu yok etmek m\u00fcmk\u00fcn de\u011fil, May\u0131s 1992'de yeniden do\u011fdu, yeniden do\u011facakt\u0131r - Bati Ermenistan Ve Bati Ermenileri Sorunlari Ara\u015ftirmalar Merkezi","robots":{"index":"index","follow":"follow","max-snippet":"max-snippet:-1","max-image-preview":"max-image-preview:large","max-video-preview":"max-video-preview:-1"},"canonical":"https:\/\/akunq.net\/tr\/?p=67596","og_locale":"en_US","og_type":"article","og_title":"Artsakh D\u0131\u015fi\u015fleri: \u015eu\u015fi'nin Ermeni ruhunu yok etmek m\u00fcmk\u00fcn de\u011fil, May\u0131s 1992'de yeniden do\u011fdu, yeniden do\u011facakt\u0131r - Bati Ermenistan Ve Bati Ermenileri Sorunlari Ara\u015ftirmalar Merkezi","og_description":"Artsakh D\u0131\u015fi\u015fleri Bakanl\u0131\u011f\u0131, \u015eu\u015fi&#8217;deki Ermeni n\u00fcfusuna y\u00f6nelik katliamlar\u0131n 102. y\u0131ld\u00f6n\u00fcm\u00fc m\u00fcnasebetiyle bir a\u00e7\u0131klama yay\u0131nlad\u0131.\u00a0 A\u00e7\u0131klama \u015f\u00f6yle:\u00a0 &#8220;Bug\u00fcn \u015eu\u015fi \u015fehrinde Ermeni n\u00fcfusuna y\u00f6nelik katliamlar\u0131n masum kurbanlar\u0131n\u0131n an\u0131s\u0131na ba\u015f\u0131m\u0131z\u0131 e\u011fiyoruz.&#8221; Katliamlar, 102 y\u0131l \u00f6nce, 1920&#8217;de yeni kurulan Azerbaycan Demokratik Cumhuriyeti yetkilileri taraf\u0131ndan\u00a0\u00a022-26 Mart tarihlerinde\u00a0i\u015flendi.\u00a0Azerbaycan&#8217;\u0131n h\u0131rslar\u0131n\u0131n g\u00fcd\u00fcmledi\u011fi bu korkun\u00e7 su\u00e7un kurban\u0131 olan on binlerce insan, bir\u00e7o\u011fu vah\u015fice \u00f6ld\u00fcr\u00fcld\u00fc [&hellip;]","og_url":"https:\/\/akunq.net\/tr\/?p=67596","og_site_name":"Bati Ermenistan Ve Bati Ermenileri Sorunlari Ara\u015ftirmalar Merkezi","article_published_time":"2022-03-22T09:25:45+00:00","og_image":[{"width":670,"height":450,"url":"https:\/\/akunq.net\/tr\/wp-content\/uploads\/sites\/6\/2022\/03\/\u015eu\u015fi.jpg","type":"image\/jpeg"}],"author":"admin","twitter_card":"summary_large_image","twitter_misc":{"Written by":"admin","Est. reading time":"2 minutes"},"schema":{"@context":"https:\/\/schema.org","@graph":[{"@type":"Article","@id":"https:\/\/akunq.net\/tr\/?p=67596#article","isPartOf":{"@id":"https:\/\/akunq.net\/tr\/?p=67596"},"author":{"name":"admin","@id":"https:\/\/akunq.net\/tr\/#\/schema\/person\/096f1d38a12cce57fb855b485ed24c9e"},"headline":"Artsakh D\u0131\u015fi\u015fleri: \u015eu\u015fi&#8217;nin Ermeni ruhunu yok etmek m\u00fcmk\u00fcn de\u011fil, May\u0131s 1992&#8217;de yeniden do\u011fdu, yeniden do\u011facakt\u0131r","datePublished":"2022-03-22T09:25:45+00:00","mainEntityOfPage":{"@id":"https:\/\/akunq.net\/tr\/?p=67596"},"wordCount":403,"commentCount":0,"image":{"@id":"https:\/\/akunq.net\/tr\/?p=67596#primaryimage"},"thumbnailUrl":"https:\/\/akunq.net\/tr\/wp-content\/uploads\/sites\/6\/2022\/03\/\u015eu\u015fi.jpg","articleSection":["Haberler"],"inLanguage":"en-US","potentialAction":[{"@type":"CommentAction","name":"Comment","target":["https:\/\/akunq.net\/tr\/?p=67596#respond"]}]},{"@type":"WebPage","@id":"https:\/\/akunq.net\/tr\/?p=67596","url":"https:\/\/akunq.net\/tr\/?p=67596","name":"Artsakh D\u0131\u015fi\u015fleri: \u015eu\u015fi'nin Ermeni ruhunu yok etmek m\u00fcmk\u00fcn de\u011fil, May\u0131s 1992'de yeniden do\u011fdu, yeniden do\u011facakt\u0131r - Bati Ermenistan Ve Bati Ermenileri Sorunlari Ara\u015ftirmalar Merkezi","isPartOf":{"@id":"https:\/\/akunq.net\/tr\/#website"},"primaryImageOfPage":{"@id":"https:\/\/akunq.net\/tr\/?p=67596#primaryimage"},"image":{"@id":"https:\/\/akunq.net\/tr\/?p=67596#primaryimage"},"thumbnailUrl":"https:\/\/akunq.net\/tr\/wp-content\/uploads\/sites\/6\/2022\/03\/\u015eu\u015fi.jpg","datePublished":"2022-03-22T09:25:45+00:00","author":{"@id":"https:\/\/akunq.net\/tr\/#\/schema\/person\/096f1d38a12cce57fb855b485ed24c9e"},"breadcrumb":{"@id":"https:\/\/akunq.net\/tr\/?p=67596#breadcrumb"},"inLanguage":"en-US","potentialAction":[{"@type":"ReadAction","target":["https:\/\/akunq.net\/tr\/?p=67596"]}]},{"@type":"ImageObject","inLanguage":"en-US","@id":"https:\/\/akunq.net\/tr\/?p=67596#primaryimage","url":"https:\/\/akunq.net\/tr\/wp-content\/uploads\/sites\/6\/2022\/03\/\u015eu\u015fi.jpg","contentUrl":"https:\/\/akunq.net\/tr\/wp-content\/uploads\/sites\/6\/2022\/03\/\u015eu\u015fi.jpg","width":670,"height":450},{"@type":"BreadcrumbList","@id":"https:\/\/akunq.net\/tr\/?p=67596#breadcrumb","itemListElement":[{"@type":"ListItem","position":1,"name":"Home","item":"https:\/\/akunq.net\/tr"},{"@type":"ListItem","position":2,"name":"Artsakh D\u0131\u015fi\u015fleri: \u015eu\u015fi&#8217;nin Ermeni ruhunu yok etmek m\u00fcmk\u00fcn de\u011fil, May\u0131s 1992&#8217;de yeniden do\u011fdu, yeniden do\u011facakt\u0131r"}]},{"@type":"WebSite","@id":"https:\/\/akunq.net\/tr\/#website","url":"https:\/\/akunq.net\/tr\/","name":"Bati Ermenistan Ve Bati Ermenileri Sorunlari Ara\u015ftirmalar Merkezi","description":"","potentialAction":[{"@type":"SearchAction","target":{"@type":"EntryPoint","urlTemplate":"https:\/\/akunq.net\/tr\/?s={search_term_string}"},"query-input":{"@type":"PropertyValueSpecification","valueRequired":true,"valueName":"search_term_string"}}],"inLanguage":"en-US"},{"@type":"Person","@id":"https:\/\/akunq.net\/tr\/#\/schema\/person\/096f1d38a12cce57fb855b485ed24c9e","name":"admin","url":"https:\/\/akunq.net\/tr\/?author=7"}]}},"_links":{"self":[{"href":"https:\/\/akunq.net\/tr\/index.php?rest_route=\/wp\/v2\/posts\/67596","targetHints":{"allow":["GET"]}}],"collection":[{"href":"https:\/\/akunq.net\/tr\/index.php?rest_route=\/wp\/v2\/posts"}],"about":[{"href":"https:\/\/akunq.net\/tr\/index.php?rest_route=\/wp\/v2\/types\/post"}],"author":[{"embeddable":true,"href":"https:\/\/akunq.net\/tr\/index.php?rest_route=\/wp\/v2\/users\/7"}],"replies":[{"embeddable":true,"href":"https:\/\/akunq.net\/tr\/index.php?rest_route=%2Fwp%2Fv2%2Fcomments&post=67596"}],"version-history":[{"count":1,"href":"https:\/\/akunq.net\/tr\/index.php?rest_route=\/wp\/v2\/posts\/67596\/revisions"}],"predecessor-version":[{"id":67598,"href":"https:\/\/akunq.net\/tr\/index.php?rest_route=\/wp\/v2\/posts\/67596\/revisions\/67598"}],"wp:featuredmedia":[{"embeddable":true,"href":"https:\/\/akunq.net\/tr\/index.php?rest_route=\/wp\/v2\/media\/67597"}],"wp:attachment":[{"href":"https:\/\/akunq.net\/tr\/index.php?rest_route=%2Fwp%2Fv2%2Fmedia&parent=67596"}],"wp:term":[{"taxonomy":"category","embeddable":true,"href":"https:\/\/akunq.net\/tr\/index.php?rest_route=%2Fwp%2Fv2%2Fcategories&post=67596"},{"taxonomy":"post_tag","embeddable":true,"href":"https:\/\/akunq.net\/tr\/index.php?rest_route=%2Fwp%2Fv2%2Ftags&post=67596"}],"curies":[{"name":"wp","href":"https:\/\/api.w.org\/{rel}","templated":true}]}}