{"id":67583,"date":"2022-03-22T02:37:35","date_gmt":"2022-03-22T07:37:35","guid":{"rendered":"https:\/\/akunq.net\/tr\/?p=67583"},"modified":"2022-03-22T02:37:35","modified_gmt":"2022-03-22T07:37:35","slug":"istanbulda-newroz-kutlamasi","status":"publish","type":"post","link":"https:\/\/akunq.net\/tr\/?p=67583","title":{"rendered":"\u0130stanbul&#8217;da Newroz kutlamas\u0131"},"content":{"rendered":"<p><img loading=\"lazy\" decoding=\"async\" class=\"aligncenter size-medium wp-image-67584\" src=\"https:\/\/akunq.net\/tr\/wp-content\/uploads\/2022\/03\/Newroz-kutlamas\u0131-360x240.jpg\" alt=\"\" width=\"360\" height=\"240\" srcset=\"https:\/\/akunq.net\/tr\/wp-content\/uploads\/sites\/6\/2022\/03\/Newroz-kutlamas\u0131-360x240.jpg 360w, https:\/\/akunq.net\/tr\/wp-content\/uploads\/sites\/6\/2022\/03\/Newroz-kutlamas\u0131-768x511.jpg 768w, https:\/\/akunq.net\/tr\/wp-content\/uploads\/sites\/6\/2022\/03\/Newroz-kutlamas\u0131-1536x1022.jpg 1536w, https:\/\/akunq.net\/tr\/wp-content\/uploads\/sites\/6\/2022\/03\/Newroz-kutlamas\u0131-2048x1363.jpg 2048w, https:\/\/akunq.net\/tr\/wp-content\/uploads\/sites\/6\/2022\/03\/Newroz-kutlamas\u0131-560x373.jpg 560w, https:\/\/akunq.net\/tr\/wp-content\/uploads\/sites\/6\/2022\/03\/Newroz-kutlamas\u0131-260x173.jpg 260w, https:\/\/akunq.net\/tr\/wp-content\/uploads\/sites\/6\/2022\/03\/Newroz-kutlamas\u0131-160x106.jpg 160w\" sizes=\"auto, (max-width: 360px) 100vw, 360px\" \/><\/p>\n<p><em><strong>Newroz \u0130stanbul Yenikap\u0131&#8217;da kutland\u0131. Kutlamaya kat\u0131lan Halklar\u0131n Demokratik Partisi (HDP) E\u015f Genel Ba\u015fkan\u0131 Mithat Sancar, \u201c2022 Newroz\u2019u ba\u015far\u0131n\u0131n en \u00f6nemli d\u00f6nemecidir\u201d dedi.<\/strong><\/em><\/p>\n<p>Toplanan kalabal\u0131\u011fa seslenen Sancar\u2019\u0131n konu\u015fmas\u0131ndan \u00f6ne \u00e7\u0131kan notlar \u015f\u00f6yle:<\/p>\n<p>\u201c\u0130\u015fte \u00e7\u00f6z\u00fcm\u00fcn sesi, i\u015fte \u00e7\u00f6z\u00fcm\u00fcn g\u00fcc\u00fc. Birle\u015ftik\u00e7e b\u00fcy\u00fcyoruz, birle\u015ftik\u00e7e bu \u00fclkeye bar\u0131\u015f\u0131n, demokrasinin, \u00f6zg\u00fcrl\u00fc\u011f\u00fcn, e\u015fitli\u011fin yolunu a\u00e7\u0131yoruz.&#8221;<\/p>\n<p>\u201cBu yol zor bir yoldur; engellerle, zul\u00fcmle, bask\u0131larla doludur ama hi\u00e7bir g\u00fc\u00e7 bizi y\u00fcr\u00fcy\u00fc\u015f\u00fcm\u00fczden al\u0131koymad\u0131, koyamayacak. Zulme, zorbal\u0131\u011fa, soyguna, s\u00f6m\u00fcr\u00fcye, talana ve ranta kar\u015f\u0131 b\u00fct\u00fcn ezilenleri, yoksullar\u0131, \u00f6tekile\u015ftirilen haklar\u0131, emek\u00e7ileri birle\u015ftirme m\u00fccadelemiz b\u00fcy\u00fcyerek devam ediyor.&#8221;<\/p>\n<div id=\"photoholder1\" class=\"photoholder no-display appear\"><em><img loading=\"lazy\" decoding=\"async\" class=\"no-display appear\" src=\"https:\/\/admin.agos.com.tr\/Upload\/Agos\/Images\/berge%20arabian%20photo%202022%20newroz%207.jpg\" alt=\"FOTO: Berge Arabian\" width=\"400\" height=\"270\" \/><\/em><\/div>\n<div class=\"photoholder no-display appear\"><em><span class=\"title\">FOTO: Berge Arabian<\/span><\/em><\/div>\n<p>Se\u00e7im yasas\u0131nda yap\u0131lmak istenen de\u011fi\u015fikli\u011fe de\u011finen Sancar \u015f\u00f6yle konu\u015ftu: &#8220;Baraj\u0131 d\u00fc\u015f\u00fcrmelerinin amac\u0131 k\u00fc\u00e7\u00fck ortaklar\u0131 var ya MHP, onu g\u00fcvence alt\u0131na almak i\u00e7indir. Ama olsun. Bu baraj\u0131 kim y\u0131kt\u0131. On y\u0131llard\u0131r m\u00fccadele eden bizler y\u0131kt\u0131k. Y\u00fczde 10 baraj\u0131n\u0131 bize kar\u015f\u0131 getirdiler ama m\u00fccadelemizle, inanc\u0131m\u0131zla, kararl\u0131l\u0131\u011f\u0131m\u0131zla y\u0131kt\u0131k. \u015eimdi y\u00fczde 7\u2019ye indirip MHP\u2019ye hediye ediyorlar. Ama olsun bunun temelinde sizlerin m\u00fccadelesi var. O y\u00fczde 7\u2019yi de y\u0131kaca\u011f\u0131z.&#8221;<\/p>\n<p>&#8220;Biz barajs\u0131z se\u00e7im istiyoruz. Herkesin iradesiyle, g\u00fcc\u00fcyle parlamentoya girmesini istiyoruz. Bu \u00fclkede \u00e7o\u011fulcu e\u015fit \u00f6zg\u00fcrl\u00fck adil ya\u015fam istiyoruz.<\/p>\n<p>&#8220;Bu inan\u00e7la Newroz ate\u015finin etraf\u0131nda kenetleniyoruz. \u00dclkeye demokrasi, bar\u0131\u015f, adalet ve \u00f6zg\u00fcrl\u00fck getirmek i\u00e7in Newroz ate\u015fini b\u00fcy\u00fct\u00fcyoruz. \u015eimdi kazanma zaman\u0131d\u0131r. Dem dema serkeftin\u00ea ye. Newroz p\u00eeroz be. \u015eimdi kazanma zaman\u0131d\u0131r. Riya we vekir\u00ee be&#8221;<\/p>\n<p>Pazar g\u00fcn\u00fc Van, Batman, Hakkari, Antep, \u0130zmir ve Adana ba\u015fta olmak \u00fczere 36 merkezde de Newroz kutlamas\u0131 yap\u0131ld\u0131. Diyarbak\u0131r&#8217;daki Newroz kutlamas\u0131 ise bug\u00fcn. Kalabal\u0131klar sabah saatleri itibar\u0131yla alana gelmeye ba\u015flad\u0131.<\/p>\n<p><em>(Ajanslar, Agos, Bianet)<\/em><\/p>\n<p><em><strong>https:\/\/www.agos.com.tr\/tr\/yazi\/26879\/istanbul-da-newroz-kutlamasi\u00a0<\/strong><\/em><\/p>\n","protected":false},"excerpt":{"rendered":"<p>Newroz \u0130stanbul Yenikap\u0131&#8217;da kutland\u0131. Kutlamaya kat\u0131lan Halklar\u0131n Demokratik Partisi (HDP) E\u015f Genel Ba\u015fkan\u0131 Mithat Sancar, \u201c2022 Newroz\u2019u ba\u015far\u0131n\u0131n en \u00f6nemli d\u00f6nemecidir\u201d dedi. Toplanan kalabal\u0131\u011fa seslenen Sancar\u2019\u0131n konu\u015fmas\u0131ndan \u00f6ne \u00e7\u0131kan notlar \u015f\u00f6yle: \u201c\u0130\u015fte \u00e7\u00f6z\u00fcm\u00fcn sesi, i\u015fte \u00e7\u00f6z\u00fcm\u00fcn g\u00fcc\u00fc. Birle\u015ftik\u00e7e b\u00fcy\u00fcyoruz, birle\u015ftik\u00e7e bu \u00fclkeye bar\u0131\u015f\u0131n, demokrasinin, \u00f6zg\u00fcrl\u00fc\u011f\u00fcn, e\u015fitli\u011fin yolunu a\u00e7\u0131yoruz.&#8221; \u201cBu yol zor bir yoldur; engellerle, zul\u00fcmle, [&hellip;]<\/p>\n","protected":false},"author":7,"featured_media":67584,"comment_status":"open","ping_status":"open","sticky":false,"template":"","format":"standard","meta":{"footnotes":""},"categories":[1],"tags":[],"class_list":["post-67583","post","type-post","status-publish","format-standard","has-post-thumbnail","hentry","category-haberler"],"yoast_head":"<!-- This site is optimized with the Yoast SEO plugin v27.4 - https:\/\/yoast.com\/product\/yoast-seo-wordpress\/ -->\n<title>\u0130stanbul&#039;da Newroz kutlamas\u0131 - Bati Ermenistan Ve Bati Ermenileri Sorunlari Ara\u015ftirmalar Merkezi<\/title>\n<meta name=\"robots\" content=\"index, follow, max-snippet:-1, max-image-preview:large, max-video-preview:-1\" \/>\n<link rel=\"canonical\" href=\"https:\/\/akunq.net\/tr\/?p=67583\" \/>\n<meta property=\"og:locale\" content=\"en_US\" \/>\n<meta property=\"og:type\" content=\"article\" \/>\n<meta property=\"og:title\" content=\"\u0130stanbul&#039;da Newroz kutlamas\u0131 - Bati Ermenistan Ve Bati Ermenileri Sorunlari Ara\u015ftirmalar Merkezi\" \/>\n<meta property=\"og:description\" content=\"Newroz \u0130stanbul Yenikap\u0131&#8217;da kutland\u0131. Kutlamaya kat\u0131lan Halklar\u0131n Demokratik Partisi (HDP) E\u015f Genel Ba\u015fkan\u0131 Mithat Sancar, \u201c2022 Newroz\u2019u ba\u015far\u0131n\u0131n en \u00f6nemli d\u00f6nemecidir\u201d dedi. Toplanan kalabal\u0131\u011fa seslenen Sancar\u2019\u0131n konu\u015fmas\u0131ndan \u00f6ne \u00e7\u0131kan notlar \u015f\u00f6yle: \u201c\u0130\u015fte \u00e7\u00f6z\u00fcm\u00fcn sesi, i\u015fte \u00e7\u00f6z\u00fcm\u00fcn g\u00fcc\u00fc. Birle\u015ftik\u00e7e b\u00fcy\u00fcyoruz, birle\u015ftik\u00e7e bu \u00fclkeye bar\u0131\u015f\u0131n, demokrasinin, \u00f6zg\u00fcrl\u00fc\u011f\u00fcn, e\u015fitli\u011fin yolunu a\u00e7\u0131yoruz.&#8221; \u201cBu yol zor bir yoldur; engellerle, zul\u00fcmle, [&hellip;]\" \/>\n<meta property=\"og:url\" content=\"https:\/\/akunq.net\/tr\/?p=67583\" \/>\n<meta property=\"og:site_name\" content=\"Bati Ermenistan Ve Bati Ermenileri Sorunlari Ara\u015ftirmalar Merkezi\" \/>\n<meta property=\"article:published_time\" content=\"2022-03-22T07:37:35+00:00\" \/>\n<meta property=\"og:image\" content=\"https:\/\/akunq.net\/tr\/wp-content\/uploads\/sites\/6\/2022\/03\/Newroz-kutlamas\u0131-scaled.jpg\" \/>\n\t<meta property=\"og:image:width\" content=\"2560\" \/>\n\t<meta property=\"og:image:height\" content=\"1703\" \/>\n\t<meta property=\"og:image:type\" content=\"image\/jpeg\" \/>\n<meta name=\"author\" content=\"admin\" \/>\n<meta name=\"twitter:card\" content=\"summary_large_image\" \/>\n<meta name=\"twitter:label1\" content=\"Written by\" \/>\n\t<meta name=\"twitter:data1\" content=\"admin\" \/>\n\t<meta name=\"twitter:label2\" content=\"Est. reading time\" \/>\n\t<meta name=\"twitter:data2\" content=\"2 minutes\" \/>\n<script type=\"application\/ld+json\" class=\"yoast-schema-graph\">{\"@context\":\"https:\\\/\\\/schema.org\",\"@graph\":[{\"@type\":\"Article\",\"@id\":\"https:\\\/\\\/akunq.net\\\/tr\\\/?p=67583#article\",\"isPartOf\":{\"@id\":\"https:\\\/\\\/akunq.net\\\/tr\\\/?p=67583\"},\"author\":{\"name\":\"admin\",\"@id\":\"https:\\\/\\\/akunq.net\\\/tr\\\/#\\\/schema\\\/person\\\/096f1d38a12cce57fb855b485ed24c9e\"},\"headline\":\"\u0130stanbul&#8217;da Newroz kutlamas\u0131\",\"datePublished\":\"2022-03-22T07:37:35+00:00\",\"mainEntityOfPage\":{\"@id\":\"https:\\\/\\\/akunq.net\\\/tr\\\/?p=67583\"},\"wordCount\":361,\"commentCount\":0,\"image\":{\"@id\":\"https:\\\/\\\/akunq.net\\\/tr\\\/?p=67583#primaryimage\"},\"thumbnailUrl\":\"https:\\\/\\\/akunq.net\\\/tr\\\/wp-content\\\/uploads\\\/sites\\\/6\\\/2022\\\/03\\\/Newroz-kutlamas\u0131-scaled.jpg\",\"articleSection\":[\"Haberler\"],\"inLanguage\":\"en-US\",\"potentialAction\":[{\"@type\":\"CommentAction\",\"name\":\"Comment\",\"target\":[\"https:\\\/\\\/akunq.net\\\/tr\\\/?p=67583#respond\"]}]},{\"@type\":\"WebPage\",\"@id\":\"https:\\\/\\\/akunq.net\\\/tr\\\/?p=67583\",\"url\":\"https:\\\/\\\/akunq.net\\\/tr\\\/?p=67583\",\"name\":\"\u0130stanbul'da Newroz kutlamas\u0131 - Bati Ermenistan Ve Bati Ermenileri Sorunlari Ara\u015ftirmalar Merkezi\",\"isPartOf\":{\"@id\":\"https:\\\/\\\/akunq.net\\\/tr\\\/#website\"},\"primaryImageOfPage\":{\"@id\":\"https:\\\/\\\/akunq.net\\\/tr\\\/?p=67583#primaryimage\"},\"image\":{\"@id\":\"https:\\\/\\\/akunq.net\\\/tr\\\/?p=67583#primaryimage\"},\"thumbnailUrl\":\"https:\\\/\\\/akunq.net\\\/tr\\\/wp-content\\\/uploads\\\/sites\\\/6\\\/2022\\\/03\\\/Newroz-kutlamas\u0131-scaled.jpg\",\"datePublished\":\"2022-03-22T07:37:35+00:00\",\"author\":{\"@id\":\"https:\\\/\\\/akunq.net\\\/tr\\\/#\\\/schema\\\/person\\\/096f1d38a12cce57fb855b485ed24c9e\"},\"breadcrumb\":{\"@id\":\"https:\\\/\\\/akunq.net\\\/tr\\\/?p=67583#breadcrumb\"},\"inLanguage\":\"en-US\",\"potentialAction\":[{\"@type\":\"ReadAction\",\"target\":[\"https:\\\/\\\/akunq.net\\\/tr\\\/?p=67583\"]}]},{\"@type\":\"ImageObject\",\"inLanguage\":\"en-US\",\"@id\":\"https:\\\/\\\/akunq.net\\\/tr\\\/?p=67583#primaryimage\",\"url\":\"https:\\\/\\\/akunq.net\\\/tr\\\/wp-content\\\/uploads\\\/sites\\\/6\\\/2022\\\/03\\\/Newroz-kutlamas\u0131-scaled.jpg\",\"contentUrl\":\"https:\\\/\\\/akunq.net\\\/tr\\\/wp-content\\\/uploads\\\/sites\\\/6\\\/2022\\\/03\\\/Newroz-kutlamas\u0131-scaled.jpg\",\"width\":2560,\"height\":1703},{\"@type\":\"BreadcrumbList\",\"@id\":\"https:\\\/\\\/akunq.net\\\/tr\\\/?p=67583#breadcrumb\",\"itemListElement\":[{\"@type\":\"ListItem\",\"position\":1,\"name\":\"Home\",\"item\":\"https:\\\/\\\/akunq.net\\\/tr\"},{\"@type\":\"ListItem\",\"position\":2,\"name\":\"\u0130stanbul&#8217;da Newroz kutlamas\u0131\"}]},{\"@type\":\"WebSite\",\"@id\":\"https:\\\/\\\/akunq.net\\\/tr\\\/#website\",\"url\":\"https:\\\/\\\/akunq.net\\\/tr\\\/\",\"name\":\"Bati Ermenistan Ve Bati Ermenileri Sorunlari Ara\u015ftirmalar Merkezi\",\"description\":\"\",\"potentialAction\":[{\"@type\":\"SearchAction\",\"target\":{\"@type\":\"EntryPoint\",\"urlTemplate\":\"https:\\\/\\\/akunq.net\\\/tr\\\/?s={search_term_string}\"},\"query-input\":{\"@type\":\"PropertyValueSpecification\",\"valueRequired\":true,\"valueName\":\"search_term_string\"}}],\"inLanguage\":\"en-US\"},{\"@type\":\"Person\",\"@id\":\"https:\\\/\\\/akunq.net\\\/tr\\\/#\\\/schema\\\/person\\\/096f1d38a12cce57fb855b485ed24c9e\",\"name\":\"admin\",\"url\":\"https:\\\/\\\/akunq.net\\\/tr\\\/?author=7\"}]}<\/script>\n<!-- \/ Yoast SEO plugin. -->","yoast_head_json":{"title":"\u0130stanbul'da Newroz kutlamas\u0131 - Bati Ermenistan Ve Bati Ermenileri Sorunlari Ara\u015ftirmalar Merkezi","robots":{"index":"index","follow":"follow","max-snippet":"max-snippet:-1","max-image-preview":"max-image-preview:large","max-video-preview":"max-video-preview:-1"},"canonical":"https:\/\/akunq.net\/tr\/?p=67583","og_locale":"en_US","og_type":"article","og_title":"\u0130stanbul'da Newroz kutlamas\u0131 - Bati Ermenistan Ve Bati Ermenileri Sorunlari Ara\u015ftirmalar Merkezi","og_description":"Newroz \u0130stanbul Yenikap\u0131&#8217;da kutland\u0131. Kutlamaya kat\u0131lan Halklar\u0131n Demokratik Partisi (HDP) E\u015f Genel Ba\u015fkan\u0131 Mithat Sancar, \u201c2022 Newroz\u2019u ba\u015far\u0131n\u0131n en \u00f6nemli d\u00f6nemecidir\u201d dedi. Toplanan kalabal\u0131\u011fa seslenen Sancar\u2019\u0131n konu\u015fmas\u0131ndan \u00f6ne \u00e7\u0131kan notlar \u015f\u00f6yle: \u201c\u0130\u015fte \u00e7\u00f6z\u00fcm\u00fcn sesi, i\u015fte \u00e7\u00f6z\u00fcm\u00fcn g\u00fcc\u00fc. Birle\u015ftik\u00e7e b\u00fcy\u00fcyoruz, birle\u015ftik\u00e7e bu \u00fclkeye bar\u0131\u015f\u0131n, demokrasinin, \u00f6zg\u00fcrl\u00fc\u011f\u00fcn, e\u015fitli\u011fin yolunu a\u00e7\u0131yoruz.&#8221; \u201cBu yol zor bir yoldur; engellerle, zul\u00fcmle, [&hellip;]","og_url":"https:\/\/akunq.net\/tr\/?p=67583","og_site_name":"Bati Ermenistan Ve Bati Ermenileri Sorunlari Ara\u015ftirmalar Merkezi","article_published_time":"2022-03-22T07:37:35+00:00","og_image":[{"width":2560,"height":1703,"url":"https:\/\/akunq.net\/tr\/wp-content\/uploads\/sites\/6\/2022\/03\/Newroz-kutlamas\u0131-scaled.jpg","type":"image\/jpeg"}],"author":"admin","twitter_card":"summary_large_image","twitter_misc":{"Written by":"admin","Est. reading time":"2 minutes"},"schema":{"@context":"https:\/\/schema.org","@graph":[{"@type":"Article","@id":"https:\/\/akunq.net\/tr\/?p=67583#article","isPartOf":{"@id":"https:\/\/akunq.net\/tr\/?p=67583"},"author":{"name":"admin","@id":"https:\/\/akunq.net\/tr\/#\/schema\/person\/096f1d38a12cce57fb855b485ed24c9e"},"headline":"\u0130stanbul&#8217;da Newroz kutlamas\u0131","datePublished":"2022-03-22T07:37:35+00:00","mainEntityOfPage":{"@id":"https:\/\/akunq.net\/tr\/?p=67583"},"wordCount":361,"commentCount":0,"image":{"@id":"https:\/\/akunq.net\/tr\/?p=67583#primaryimage"},"thumbnailUrl":"https:\/\/akunq.net\/tr\/wp-content\/uploads\/sites\/6\/2022\/03\/Newroz-kutlamas\u0131-scaled.jpg","articleSection":["Haberler"],"inLanguage":"en-US","potentialAction":[{"@type":"CommentAction","name":"Comment","target":["https:\/\/akunq.net\/tr\/?p=67583#respond"]}]},{"@type":"WebPage","@id":"https:\/\/akunq.net\/tr\/?p=67583","url":"https:\/\/akunq.net\/tr\/?p=67583","name":"\u0130stanbul'da Newroz kutlamas\u0131 - Bati Ermenistan Ve Bati Ermenileri Sorunlari Ara\u015ftirmalar Merkezi","isPartOf":{"@id":"https:\/\/akunq.net\/tr\/#website"},"primaryImageOfPage":{"@id":"https:\/\/akunq.net\/tr\/?p=67583#primaryimage"},"image":{"@id":"https:\/\/akunq.net\/tr\/?p=67583#primaryimage"},"thumbnailUrl":"https:\/\/akunq.net\/tr\/wp-content\/uploads\/sites\/6\/2022\/03\/Newroz-kutlamas\u0131-scaled.jpg","datePublished":"2022-03-22T07:37:35+00:00","author":{"@id":"https:\/\/akunq.net\/tr\/#\/schema\/person\/096f1d38a12cce57fb855b485ed24c9e"},"breadcrumb":{"@id":"https:\/\/akunq.net\/tr\/?p=67583#breadcrumb"},"inLanguage":"en-US","potentialAction":[{"@type":"ReadAction","target":["https:\/\/akunq.net\/tr\/?p=67583"]}]},{"@type":"ImageObject","inLanguage":"en-US","@id":"https:\/\/akunq.net\/tr\/?p=67583#primaryimage","url":"https:\/\/akunq.net\/tr\/wp-content\/uploads\/sites\/6\/2022\/03\/Newroz-kutlamas\u0131-scaled.jpg","contentUrl":"https:\/\/akunq.net\/tr\/wp-content\/uploads\/sites\/6\/2022\/03\/Newroz-kutlamas\u0131-scaled.jpg","width":2560,"height":1703},{"@type":"BreadcrumbList","@id":"https:\/\/akunq.net\/tr\/?p=67583#breadcrumb","itemListElement":[{"@type":"ListItem","position":1,"name":"Home","item":"https:\/\/akunq.net\/tr"},{"@type":"ListItem","position":2,"name":"\u0130stanbul&#8217;da Newroz kutlamas\u0131"}]},{"@type":"WebSite","@id":"https:\/\/akunq.net\/tr\/#website","url":"https:\/\/akunq.net\/tr\/","name":"Bati Ermenistan Ve Bati Ermenileri Sorunlari Ara\u015ftirmalar Merkezi","description":"","potentialAction":[{"@type":"SearchAction","target":{"@type":"EntryPoint","urlTemplate":"https:\/\/akunq.net\/tr\/?s={search_term_string}"},"query-input":{"@type":"PropertyValueSpecification","valueRequired":true,"valueName":"search_term_string"}}],"inLanguage":"en-US"},{"@type":"Person","@id":"https:\/\/akunq.net\/tr\/#\/schema\/person\/096f1d38a12cce57fb855b485ed24c9e","name":"admin","url":"https:\/\/akunq.net\/tr\/?author=7"}]}},"_links":{"self":[{"href":"https:\/\/akunq.net\/tr\/index.php?rest_route=\/wp\/v2\/posts\/67583","targetHints":{"allow":["GET"]}}],"collection":[{"href":"https:\/\/akunq.net\/tr\/index.php?rest_route=\/wp\/v2\/posts"}],"about":[{"href":"https:\/\/akunq.net\/tr\/index.php?rest_route=\/wp\/v2\/types\/post"}],"author":[{"embeddable":true,"href":"https:\/\/akunq.net\/tr\/index.php?rest_route=\/wp\/v2\/users\/7"}],"replies":[{"embeddable":true,"href":"https:\/\/akunq.net\/tr\/index.php?rest_route=%2Fwp%2Fv2%2Fcomments&post=67583"}],"version-history":[{"count":1,"href":"https:\/\/akunq.net\/tr\/index.php?rest_route=\/wp\/v2\/posts\/67583\/revisions"}],"predecessor-version":[{"id":67585,"href":"https:\/\/akunq.net\/tr\/index.php?rest_route=\/wp\/v2\/posts\/67583\/revisions\/67585"}],"wp:featuredmedia":[{"embeddable":true,"href":"https:\/\/akunq.net\/tr\/index.php?rest_route=\/wp\/v2\/media\/67584"}],"wp:attachment":[{"href":"https:\/\/akunq.net\/tr\/index.php?rest_route=%2Fwp%2Fv2%2Fmedia&parent=67583"}],"wp:term":[{"taxonomy":"category","embeddable":true,"href":"https:\/\/akunq.net\/tr\/index.php?rest_route=%2Fwp%2Fv2%2Fcategories&post=67583"},{"taxonomy":"post_tag","embeddable":true,"href":"https:\/\/akunq.net\/tr\/index.php?rest_route=%2Fwp%2Fv2%2Ftags&post=67583"}],"curies":[{"name":"wp","href":"https:\/\/api.w.org\/{rel}","templated":true}]}}