{"id":67578,"date":"2022-03-21T04:33:27","date_gmt":"2022-03-21T09:33:27","guid":{"rendered":"https:\/\/akunq.net\/tr\/?p=67578"},"modified":"2022-03-21T04:33:27","modified_gmt":"2022-03-21T09:33:27","slug":"tanrinin-korudugu-yer-kizlar-manastiri","status":"publish","type":"post","link":"https:\/\/akunq.net\/tr\/?p=67578","title":{"rendered":"\u201cTanr\u0131\u2019n\u0131n korudu\u011fu yer\u201d: K\u0131zlar Manast\u0131r\u0131"},"content":{"rendered":"<p><img loading=\"lazy\" decoding=\"async\" class=\"aligncenter size-medium wp-image-67579\" src=\"https:\/\/akunq.net\/tr\/wp-content\/uploads\/2022\/03\/K\u0131zlar-Manast\u0131r\u0131-360x203.jpg\" alt=\"\" width=\"360\" height=\"203\" srcset=\"https:\/\/akunq.net\/tr\/wp-content\/uploads\/sites\/6\/2022\/03\/K\u0131zlar-Manast\u0131r\u0131-360x203.jpg 360w, https:\/\/akunq.net\/tr\/wp-content\/uploads\/sites\/6\/2022\/03\/K\u0131zlar-Manast\u0131r\u0131-768x432.jpg 768w, https:\/\/akunq.net\/tr\/wp-content\/uploads\/sites\/6\/2022\/03\/K\u0131zlar-Manast\u0131r\u0131-1536x864.jpg 1536w, https:\/\/akunq.net\/tr\/wp-content\/uploads\/sites\/6\/2022\/03\/K\u0131zlar-Manast\u0131r\u0131-560x315.jpg 560w, https:\/\/akunq.net\/tr\/wp-content\/uploads\/sites\/6\/2022\/03\/K\u0131zlar-Manast\u0131r\u0131-260x146.jpg 260w, https:\/\/akunq.net\/tr\/wp-content\/uploads\/sites\/6\/2022\/03\/K\u0131zlar-Manast\u0131r\u0131-160x90.jpg 160w, https:\/\/akunq.net\/tr\/wp-content\/uploads\/sites\/6\/2022\/03\/K\u0131zlar-Manast\u0131r\u0131.jpg 1920w\" sizes=\"auto, (max-width: 360px) 100vw, 360px\" \/><\/p>\n<p><em><strong><a href=\"https:\/\/www.milliyet.com.tr\/haberleri\/trabzon\" target=\"_blank\" rel=\"noreferrer noopener\">Trabzon<\/a>\u2019un tarihi 14. y\u00fczy\u0131la uzanan ikonik yap\u0131lar\u0131ndan\u00a0<a href=\"https:\/\/www.milliyet.com.tr\/haberleri\/kizlar-manastiri\" target=\"_blank\" rel=\"noreferrer noopener\">K\u0131zlar Manast\u0131r\u0131<\/a>, restorasyon \u00e7al\u0131\u015fmalar\u0131ndan d\u00f6rt y\u0131l sonra ziyarete a\u00e7\u0131ld\u0131. Asl\u0131na uygun restorasyonun en g\u00fczel \u00f6rneklerinden biri olan manast\u0131r, sizleri b\u00fcy\u00fcs\u00fcne tan\u0131k olmaya davet ediyor.<\/strong><\/em><\/p>\n<p><strong>Seray \u015eahinler<\/strong><\/p>\n<p>Binlerce y\u0131ll\u0131k tarihe tan\u0131k, k\u00f6kl\u00fc medeniyetlerin ba\u015fkenti ve merkezi\u00a0<a href=\"https:\/\/www.milliyet.com.tr\/haberleri\/trabzon\" target=\"_blank\" rel=\"noreferrer noopener\">Trabzon<\/a>d\u00fcnya k\u00fclt\u00fcr miras\u0131nda \u00f6nemli bir role sahip. \u0130onlardan Do\u011fu Roma\u2019ya, ard\u0131ndan Osmanl\u0131 \u0130mparatorlu\u011fu\u2019na uzanan tarihsel s\u00fcrecin kilit \u015fehirlerden biri Trabzon. Bu k\u00f6kl\u00fc ge\u00e7mi\u015fi yans\u0131tan mimari yap\u0131lar da \u015fehrin haf\u0131zas\u0131ndaki yerini h\u00e2l\u00e2 koruyor. \u00d6zellikle kilise ve manast\u0131r gelene\u011finin en \u00f6zg\u00fcn \u00f6rnekleri burada. Tarihi M.S. 4. y\u00fczy\u0131la uzanan S\u00fcmela Manast\u0131r\u0131\u2019n\u0131n yan\u0131 s\u0131ra Vazelon, Ku\u015ftul ve\u00a0<a href=\"https:\/\/www.milliyet.com.tr\/haberleri\/kizlar-manastiri\" target=\"_blank\" rel=\"noreferrer noopener\">K\u0131zlar Manast\u0131r\u0131<\/a>\u00a0gerek mimarisi gerek tarihteki misyonuyla \u015fehrin \u00f6nemli yap\u0131lar\u0131ndan. K\u0131zlar Manast\u0131r\u0131, S\u00fcmela Manast\u0131r\u0131\u2019yla h\u0131z kazanan manast\u0131r restorasyonlar\u0131n\u0131n son \u00f6rne\u011fi oldu. \u015eehrin merkezine h\u00e2kim, Ortahisar\u2019\u0131n Boztepe s\u0131rtlar\u0131nda 14. y\u00fczy\u0131lda yap\u0131lan ve zaman i\u00e7erisinde tahribata u\u011frayan K\u0131zlar Manast\u0131r\u0131, K\u00fclt\u00fcr ve Turizm Bakanl\u0131\u011f\u0131 taraf\u0131ndan y\u00fcr\u00fct\u00fclen \u00e7al\u0131\u015fmalar\u0131n ard\u0131ndan ge\u00e7ti\u011fimiz y\u0131l eyl\u00fcl ay\u0131nda ziyarete a\u00e7\u0131ld\u0131.<\/p>\n<figure class=\"wp-block-image\"><img decoding=\"async\" src=\"https:\/\/i0.wp.com\/i2.milimaj.com\/i\/milliyet\/75\/435x561\/62382e5086b24512082eb18a.jpg?ssl=1\" alt=\"\u201cTanr\u0131\u2019n\u0131n korudu\u011fu yer\u201d: K\u0131zlar Manast\u0131r\u0131\" data-recalc-dims=\"1\" \/><\/figure>\n<p><strong>\u0130stinat duvar\u0131n\u0131n i\u00e7inde<\/strong><\/p>\n<p>Trabzon, \u0130stanbul\u2019dan sonra Bizans etkile\u015fiminin en yo\u011fun ya\u015fand\u0131\u011f\u0131 yerlerden. Bizans\u2019la eklektik Trabzon \u0130mparatorlu\u011fu\u2019nun bu etkile\u015fime katk\u0131s\u0131 b\u00fcy\u00fck. Trabzon\u2019un bug\u00fcne ula\u015fan yap\u0131lar\u0131na bakt\u0131\u011f\u0131m\u0131zda da Komninos ailesinin izlerini g\u00f6rmek m\u00fcmk\u00fcn. Komninos ailesi, 1081-1185 y\u0131llar\u0131 aras\u0131nda Bizans\u2019a, 1204-1461 d\u00f6neminde ise Trabzon \u0130mparatorlu\u011fu\u2019na h\u00fck\u00fcmranl\u0131k yapm\u0131\u015f bir hanedan. Kentteki ikonik yap\u0131lardan K\u0131zlar Manast\u0131r\u0131 ise 1349\u2019dan vefat\u0131na uzanan 1390\u2019a kadar Trabzon \u0130mparatorlu\u011fu\u2019nun h\u00fck\u00fcmdar\u0131 olan III. Alexios Komnenos taraf\u0131ndan in\u015fa ettirilmi\u015f.<\/p>\n<p>Manast\u0131r\u0131n di\u011fer ismi \u201cPanagia Theotokos\u201d ise \u201cTanr\u0131n\u0131n korudu\u011fu yer\u201d anlam\u0131na geliyor. T\u0131pk\u0131 S\u00fcmela gibi buras\u0131 da kayal\u0131klar\u0131n i\u00e7inde korunakl\u0131 bir alan. \u0130stinat duvar\u0131 i\u00e7erisine yerle\u015ftirilen manast\u0131r, Orta \u00c7a\u011f dini yap\u0131lar\u0131n\u0131n t\u00fcm \u00f6zelliklerini yans\u0131t\u0131yor. Manast\u0131rdaki iki b\u00fcy\u00fck avlu, orta \u00f6l\u00e7ekli kilise, \u015fapel, bazilika, \u00e7an kulesi gibi yap\u0131lara burada e\u011fitim g\u00f6ren k\u0131zlar i\u00e7in in\u015fa edilen \u00f6\u011frenci odalar\u0131, k\u00fct\u00fcphane ve yemek odalar\u0131 e\u015flik ediyor.<\/p>\n<figure class=\"wp-block-image\"><img decoding=\"async\" src=\"https:\/\/i0.wp.com\/i2.milimaj.com\/i\/milliyet\/75\/770x0\/62382d8486b24512082eb17a.jpg?ssl=1\" alt=\"\u201cTanr\u0131\u2019n\u0131n korudu\u011fu yer\u201d: K\u0131zlar Manast\u0131r\u0131\" data-recalc-dims=\"1\" \/><\/figure>\n<p><strong>1923\u2019te terk edilmi\u015f<\/strong><\/p>\n<p>Peki manast\u0131r\u0131n g\u00fcnl\u00fck hayat\u0131na dair neler biliyoruz? Karadeniz\u2019in tamam\u0131n\u0131 dola\u015farak yazd\u0131\u011f\u0131 \u201cKaradeniz K\u0131y\u0131lar\u0131 Tarih ve Co\u011frafyas\u0131\u201d adl\u0131 eseriyle tan\u0131nan Osmanl\u0131 Ermenisi yazar, etnograf, gezgin, rahip, m\u00fczikolog ve pedagog Minas Biji\u015fkyan, 1817-1819 y\u0131llar\u0131 aras\u0131ndaki Trabzon\u2019u anlatt\u0131\u011f\u0131 \u201cPontus Tarihi\u201d kitab\u0131nda, \u015fehrin bilinen tek Rahibeler Manast\u0131r\u0131 olan K\u0131zlar Manast\u0131r\u0131\u2019nda Rum rahibelerin ikamet ettikleri bilgisini not d\u00fc\u015fm\u00fc\u015f. Biji\u015fkyan, manast\u0131rdaki g\u00fcnl\u00fck ya\u015fama dair edindi\u011fi bilgileri de bu kitapta payla\u015fm\u0131\u015f. Biji\u015fkyan\u2019\u0131n aktard\u0131\u011f\u0131na g\u00f6re, rahibeler kad\u0131nlar\u0131n g\u00f6n\u00fcll\u00fc ba\u011f\u0131\u015flar\u0131yla veya zengin T\u00fcrk evlerine keten e\u011firip y\u00fcn \u00e7oraplar satarak ge\u00e7imlerini sa\u011flam\u0131\u015f. En somut bilgi ise 1609 y\u0131l\u0131nda manast\u0131rda 12 rahibenin ya\u015fad\u0131\u011f\u0131 ve bu say\u0131n\u0131n 1840\u2019ta 30\u2019a \u00e7\u0131kt\u0131\u011f\u0131 y\u00f6n\u00fcnde. 1840\u2019lardan sonra gerek Osmanl\u0131\u2019da gerek d\u00fcnyada ya\u015fanan siyasal ve toplumsal geli\u015fmelerle birlikte manast\u0131rdaki ya\u015fam da dinamikli\u011fini kaybediyor. 1923 y\u0131l\u0131nda ise buras\u0131 tamam\u0131yla terk ediliyor. K\u0131sa bir s\u00fcre\u00a0\u00c7ocuk\u00a0Esirgeme Kurumu\u2019na devredilen yap\u0131, zamanla \u00e7ocuk hastanesi ve depremzedeler i\u00e7in bar\u0131nak olarak kullan\u0131lm\u0131\u015f. Sonras\u0131 ise zamanla ya\u015fanan tahribat.<\/p>\n<figure class=\"wp-block-image\"><img decoding=\"async\" src=\"https:\/\/i0.wp.com\/i2.milimaj.com\/i\/milliyet\/75\/770x0\/62382e5e86b24512082eb18c.jpg?ssl=1\" alt=\"\u201cTanr\u0131\u2019n\u0131n korudu\u011fu yer\u201d: K\u0131zlar Manast\u0131r\u0131\" data-recalc-dims=\"1\" \/><\/figure>\n<p><strong>\u0130LK \u00c7A\u011eDA\u015e SANAT PROJES\u0130<\/strong><\/p>\n<p>K\u0131zlar Manast\u0131r\u0131 ilk \u00e7a\u011fda\u015f sanat projesine de ev sahipli\u011fi yapt\u0131. 2018\u2019de ya\u015fanan u\u00e7ak kazas\u0131nda hayat\u0131n\u0131 kaybeden i\u015f kad\u0131n\u0131 Mina Ba\u015faran\u2019\u0131n an\u0131s\u0131n\u0131 ya\u015fatmak i\u00e7in ailesi taraf\u0131ndan hayata ge\u00e7irilen sosyal sorumluluk projesi \u201cMina\u2019n\u0131n \u00c7ocuklar\u0131\u201dn\u0131n \u00fc\u00e7\u00fcnc\u00fc sergisi K\u0131zlar Manast\u0131r\u0131\u2019nda d\u00fczenlendi. \u0130ran as\u0131ll\u0131 ABD\u2019li sanat\u00e7\u0131 Shirin Abedinirad\u2019\u0131n manast\u0131r\u0131n farkl\u0131 yerlerine yerle\u015ftirdi\u011fi aynalardan olu\u015fan \u201cKolektif Haf\u0131za\u201d sergisi 1-11 Mart tarihlerinde ge\u00e7mi\u015fi bug\u00fcne \u201cyans\u0131tan\u201d bir projeydi. Manast\u0131r\u2019\u0131n y\u0131l boyunca tiyatro, konser ve performatif etkinlikler gibi projelere ev sahipli\u011fi yapmas\u0131 planlan\u0131yor.<\/p>\n<p><strong>E\u015fsiz freskler<\/strong><\/p>\n<p>Gelelim manast\u0131r\u0131n e\u015fsiz mimarisine\u2026 Toplam 2 bin 800 metrekare alan \u00fczerinde kurulu manast\u0131r, \u00e7an kulesinden \u015fapeline olduk\u00e7a etkileyici. Manast\u0131r\u0131n en eski birimi olan Kaya Kilisesi, tarihi yap\u0131n\u0131n temelini olu\u015fturuyor. Do\u011fal bir ma\u011faran\u0131n bi\u00e7imlendirilmesiyle in\u015fa edilen bu etkileyici yap\u0131n\u0131n giri\u015f duvar\u0131 19. y\u00fczy\u0131lda yap\u0131lm\u0131\u015f. Kilise i\u00e7erisindeki kayalardan s\u0131zan sulardan kaynakl\u0131 bir ayazma bulunuyor. Duvarlar ile be\u015fik tonozlu \u00f6rt\u00fc ise fresklerle bezeli. Restorasyon \u00e7al\u0131\u015fmalar\u0131nda tarihi kilisede \u00f6rne\u011fine nadir rastlanan bu freskler de g\u00fcn y\u00fcz\u00fcne \u00e7\u0131kar\u0131ld\u0131. Koruma duvarlar\u0131yla \u00e7evrili olan manast\u0131rda \u015fapel ve birka\u00e7 h\u00fccrenin bulundu\u011fu tek apsisli Kaya Kilisesi\u2019nin i\u00e7erisinde kitabeler ve III. Alexios\u2019un e\u015fi Theodora ve annesi Eirene\u2019nin portreleri \u00f6ne \u00e7\u0131kanlar aras\u0131nda. Kilisenin duvarlar\u0131nda \u0130ncil\u2019de ge\u00e7en, Hz.\u0130sa\u2019n\u0131n ya\u015fam\u0131n\u0131n anlat\u0131ld\u0131\u011f\u0131 26 sahnenin freskleri de var. Restorasyondaki asl\u0131na uygun dokunu\u015flar\u0131n ne denli \u00f6nemli oldu\u011funu bu resimlere bak\u0131nca daha iyi kavramak m\u00fcmk\u00fcn.<\/p>\n<figure class=\"wp-block-image\"><img decoding=\"async\" src=\"https:\/\/i0.wp.com\/i2.milimaj.com\/i\/milliyet\/75\/770x0\/62382e7886b24512082eb190.jpg?ssl=1\" alt=\"\u201cTanr\u0131\u2019n\u0131n korudu\u011fu yer\u201d: K\u0131zlar Manast\u0131r\u0131\" data-recalc-dims=\"1\" \/><\/figure>\n<p><strong>Agios Konstantinos Kilisesi<\/strong><\/p>\n<p>Manast\u0131r\u0131n \u00fcst k\u0131sm\u0131ndaki tek nefli ve tek apsisli k\u00fc\u00e7\u00fck bir \u015fapel formu olan Agios Konstantinos Kilisesi de atmosferiyle ziyaret\u00e7ileri etkiliyor. 1830-1879 y\u0131llar\u0131 aras\u0131nda ba\u015fpiskoposluk g\u00f6revinde bulunan ve Trabzon\u2019a s\u0131k\u00e7a gelerek dini yap\u0131lar\u0131 ziyaret etti\u011fi bilinen Agios Konstantinos\u2019un ad\u0131n\u0131 ta\u015f\u0131yor buras\u0131. \u00d6mr\u00fcn\u00fcn son d\u00f6neminde K\u0131zlar Manast\u0131r\u0131\u2019na yerle\u015fen ve 108 ya\u015f\u0131nda burada hayat\u0131n\u0131 kaybeden Konstantinos\u2019a adanm\u0131\u015f \u015fapel, manast\u0131r\u0131n avlusu d\u0131\u015f\u0131nda toplu haldeki yap\u0131lardan ba\u011f\u0131ms\u0131z olarak tasarlanm\u0131\u015f. \u015eapelin kar\u015f\u0131s\u0131ndaki an\u0131t mezar\u0131n ise sadece kal\u0131nt\u0131lar\u0131na ula\u015f\u0131lm\u0131\u015f.<\/p>\n<p><strong>Ba\u015far\u0131l\u0131 restorasyon<\/strong><\/p>\n<p>K\u00fclt\u00fcr ve Turizm Bakanl\u0131\u011f\u0131\u2019n\u0131n giri\u015fimiyle 2012\u2019de ba\u015flayan restorasyon \u00e7al\u0131\u015fmalar\u0131 2018\u2019de sona erdi. Otopark sorunu ve ard\u0131ndan gelen\u00a0<a href=\"https:\/\/www.milliyet.com.tr\/corona-virusu-haberleri\/\" target=\"_blank\" rel=\"noreferrer noopener\">koronavir\u00fcs<\/a>salg\u0131n\u0131 nedeniyle a\u00e7\u0131l\u0131\u015f\u0131 ertelenen K\u0131zlar Manast\u0131r\u0131, 2021 y\u0131l\u0131 itibariyle ziyaret\u00e7ileri a\u011f\u0131rlamaya ba\u015flad\u0131. Manast\u0131rda son y\u0131llarda yap\u0131lan restorasyon \u00e7al\u0131\u015fmalar\u0131n\u0131n en ba\u015far\u0131l\u0131 \u00f6rneklerinden birine tan\u0131k olacaks\u0131n\u0131z. Tarihi dokuya m\u00fcdahil olmadan, \u201cbug\u00fcnden\u201d bir dokunu\u015fu tercih etmeden, asl\u0131na uygun in\u015fan\u0131n en g\u00fczel temsillerinden K\u0131zlar Manast\u0131r\u0131, b\u00fcy\u00fcs\u00fcne tan\u0131k olmaya davet ediyor sizi. M\u00fclkiyeti Trabzon B\u00fcy\u00fck\u015fehir Belediyesi\u2019nde olan manast\u0131r\u0131 hafta i\u00e7i ve hafta sonu ziyaret edebilirsiniz<\/p>\n<p><em><strong><a href=\"https:\/\/www.milliyet.com.tr\/tatil\/arkeoloji\/tanrinin-korudugu-yer-kizlar-manastiri-6722719\">https:\/\/www.milliyet.com.tr\/tatil\/arkeoloji\/tanrinin-korudugu-yer-kizlar-manastiri-6722719<\/a>\u00a0<\/strong><\/em><\/p>\n","protected":false},"excerpt":{"rendered":"<p>Trabzon\u2019un tarihi 14. y\u00fczy\u0131la uzanan ikonik yap\u0131lar\u0131ndan\u00a0K\u0131zlar Manast\u0131r\u0131, restorasyon \u00e7al\u0131\u015fmalar\u0131ndan d\u00f6rt y\u0131l sonra ziyarete a\u00e7\u0131ld\u0131. Asl\u0131na uygun restorasyonun en g\u00fczel \u00f6rneklerinden biri olan manast\u0131r, sizleri b\u00fcy\u00fcs\u00fcne tan\u0131k olmaya davet ediyor. Seray \u015eahinler Binlerce y\u0131ll\u0131k tarihe tan\u0131k, k\u00f6kl\u00fc medeniyetlerin ba\u015fkenti ve merkezi\u00a0Trabzond\u00fcnya k\u00fclt\u00fcr miras\u0131nda \u00f6nemli bir role sahip. \u0130onlardan Do\u011fu Roma\u2019ya, ard\u0131ndan Osmanl\u0131 \u0130mparatorlu\u011fu\u2019na uzanan tarihsel [&hellip;]<\/p>\n","protected":false},"author":7,"featured_media":67579,"comment_status":"open","ping_status":"open","sticky":false,"template":"","format":"standard","meta":{"footnotes":""},"categories":[1],"tags":[],"class_list":["post-67578","post","type-post","status-publish","format-standard","has-post-thumbnail","hentry","category-haberler"],"yoast_head":"<!-- This site is optimized with the Yoast SEO plugin v27.4 - https:\/\/yoast.com\/product\/yoast-seo-wordpress\/ -->\n<title>\u201cTanr\u0131\u2019n\u0131n korudu\u011fu yer\u201d: K\u0131zlar Manast\u0131r\u0131 - Bati Ermenistan Ve Bati Ermenileri Sorunlari Ara\u015ftirmalar Merkezi<\/title>\n<meta name=\"robots\" content=\"index, follow, max-snippet:-1, max-image-preview:large, max-video-preview:-1\" \/>\n<link rel=\"canonical\" href=\"https:\/\/akunq.net\/tr\/?p=67578\" \/>\n<meta property=\"og:locale\" content=\"en_US\" \/>\n<meta property=\"og:type\" content=\"article\" \/>\n<meta property=\"og:title\" content=\"\u201cTanr\u0131\u2019n\u0131n korudu\u011fu yer\u201d: K\u0131zlar Manast\u0131r\u0131 - Bati Ermenistan Ve Bati Ermenileri Sorunlari Ara\u015ftirmalar Merkezi\" \/>\n<meta property=\"og:description\" content=\"Trabzon\u2019un tarihi 14. y\u00fczy\u0131la uzanan ikonik yap\u0131lar\u0131ndan\u00a0K\u0131zlar Manast\u0131r\u0131, restorasyon \u00e7al\u0131\u015fmalar\u0131ndan d\u00f6rt y\u0131l sonra ziyarete a\u00e7\u0131ld\u0131. Asl\u0131na uygun restorasyonun en g\u00fczel \u00f6rneklerinden biri olan manast\u0131r, sizleri b\u00fcy\u00fcs\u00fcne tan\u0131k olmaya davet ediyor. Seray \u015eahinler Binlerce y\u0131ll\u0131k tarihe tan\u0131k, k\u00f6kl\u00fc medeniyetlerin ba\u015fkenti ve merkezi\u00a0Trabzond\u00fcnya k\u00fclt\u00fcr miras\u0131nda \u00f6nemli bir role sahip. \u0130onlardan Do\u011fu Roma\u2019ya, ard\u0131ndan Osmanl\u0131 \u0130mparatorlu\u011fu\u2019na uzanan tarihsel [&hellip;]\" \/>\n<meta property=\"og:url\" content=\"https:\/\/akunq.net\/tr\/?p=67578\" \/>\n<meta property=\"og:site_name\" content=\"Bati Ermenistan Ve Bati Ermenileri Sorunlari Ara\u015ftirmalar Merkezi\" \/>\n<meta property=\"article:published_time\" content=\"2022-03-21T09:33:27+00:00\" \/>\n<meta property=\"og:image\" content=\"https:\/\/akunq.net\/tr\/wp-content\/uploads\/sites\/6\/2022\/03\/K\u0131zlar-Manast\u0131r\u0131.jpg\" \/>\n\t<meta property=\"og:image:width\" content=\"1920\" \/>\n\t<meta property=\"og:image:height\" content=\"1080\" \/>\n\t<meta property=\"og:image:type\" content=\"image\/jpeg\" \/>\n<meta name=\"author\" content=\"admin\" \/>\n<meta name=\"twitter:card\" content=\"summary_large_image\" \/>\n<meta name=\"twitter:label1\" content=\"Written by\" \/>\n\t<meta name=\"twitter:data1\" content=\"admin\" \/>\n\t<meta name=\"twitter:label2\" content=\"Est. reading time\" \/>\n\t<meta name=\"twitter:data2\" content=\"6 minutes\" \/>\n<script type=\"application\/ld+json\" class=\"yoast-schema-graph\">{\"@context\":\"https:\\\/\\\/schema.org\",\"@graph\":[{\"@type\":\"Article\",\"@id\":\"https:\\\/\\\/akunq.net\\\/tr\\\/?p=67578#article\",\"isPartOf\":{\"@id\":\"https:\\\/\\\/akunq.net\\\/tr\\\/?p=67578\"},\"author\":{\"name\":\"admin\",\"@id\":\"https:\\\/\\\/akunq.net\\\/tr\\\/#\\\/schema\\\/person\\\/096f1d38a12cce57fb855b485ed24c9e\"},\"headline\":\"\u201cTanr\u0131\u2019n\u0131n korudu\u011fu yer\u201d: K\u0131zlar Manast\u0131r\u0131\",\"datePublished\":\"2022-03-21T09:33:27+00:00\",\"mainEntityOfPage\":{\"@id\":\"https:\\\/\\\/akunq.net\\\/tr\\\/?p=67578\"},\"wordCount\":1225,\"commentCount\":0,\"image\":{\"@id\":\"https:\\\/\\\/akunq.net\\\/tr\\\/?p=67578#primaryimage\"},\"thumbnailUrl\":\"https:\\\/\\\/akunq.net\\\/tr\\\/wp-content\\\/uploads\\\/sites\\\/6\\\/2022\\\/03\\\/K\u0131zlar-Manast\u0131r\u0131.jpg\",\"articleSection\":[\"Haberler\"],\"inLanguage\":\"en-US\",\"potentialAction\":[{\"@type\":\"CommentAction\",\"name\":\"Comment\",\"target\":[\"https:\\\/\\\/akunq.net\\\/tr\\\/?p=67578#respond\"]}]},{\"@type\":\"WebPage\",\"@id\":\"https:\\\/\\\/akunq.net\\\/tr\\\/?p=67578\",\"url\":\"https:\\\/\\\/akunq.net\\\/tr\\\/?p=67578\",\"name\":\"\u201cTanr\u0131\u2019n\u0131n korudu\u011fu yer\u201d: K\u0131zlar Manast\u0131r\u0131 - Bati Ermenistan Ve Bati Ermenileri Sorunlari Ara\u015ftirmalar Merkezi\",\"isPartOf\":{\"@id\":\"https:\\\/\\\/akunq.net\\\/tr\\\/#website\"},\"primaryImageOfPage\":{\"@id\":\"https:\\\/\\\/akunq.net\\\/tr\\\/?p=67578#primaryimage\"},\"image\":{\"@id\":\"https:\\\/\\\/akunq.net\\\/tr\\\/?p=67578#primaryimage\"},\"thumbnailUrl\":\"https:\\\/\\\/akunq.net\\\/tr\\\/wp-content\\\/uploads\\\/sites\\\/6\\\/2022\\\/03\\\/K\u0131zlar-Manast\u0131r\u0131.jpg\",\"datePublished\":\"2022-03-21T09:33:27+00:00\",\"author\":{\"@id\":\"https:\\\/\\\/akunq.net\\\/tr\\\/#\\\/schema\\\/person\\\/096f1d38a12cce57fb855b485ed24c9e\"},\"breadcrumb\":{\"@id\":\"https:\\\/\\\/akunq.net\\\/tr\\\/?p=67578#breadcrumb\"},\"inLanguage\":\"en-US\",\"potentialAction\":[{\"@type\":\"ReadAction\",\"target\":[\"https:\\\/\\\/akunq.net\\\/tr\\\/?p=67578\"]}]},{\"@type\":\"ImageObject\",\"inLanguage\":\"en-US\",\"@id\":\"https:\\\/\\\/akunq.net\\\/tr\\\/?p=67578#primaryimage\",\"url\":\"https:\\\/\\\/akunq.net\\\/tr\\\/wp-content\\\/uploads\\\/sites\\\/6\\\/2022\\\/03\\\/K\u0131zlar-Manast\u0131r\u0131.jpg\",\"contentUrl\":\"https:\\\/\\\/akunq.net\\\/tr\\\/wp-content\\\/uploads\\\/sites\\\/6\\\/2022\\\/03\\\/K\u0131zlar-Manast\u0131r\u0131.jpg\",\"width\":1920,\"height\":1080},{\"@type\":\"BreadcrumbList\",\"@id\":\"https:\\\/\\\/akunq.net\\\/tr\\\/?p=67578#breadcrumb\",\"itemListElement\":[{\"@type\":\"ListItem\",\"position\":1,\"name\":\"Home\",\"item\":\"https:\\\/\\\/akunq.net\\\/tr\"},{\"@type\":\"ListItem\",\"position\":2,\"name\":\"\u201cTanr\u0131\u2019n\u0131n korudu\u011fu yer\u201d: K\u0131zlar Manast\u0131r\u0131\"}]},{\"@type\":\"WebSite\",\"@id\":\"https:\\\/\\\/akunq.net\\\/tr\\\/#website\",\"url\":\"https:\\\/\\\/akunq.net\\\/tr\\\/\",\"name\":\"Bati Ermenistan Ve Bati Ermenileri Sorunlari Ara\u015ftirmalar Merkezi\",\"description\":\"\",\"potentialAction\":[{\"@type\":\"SearchAction\",\"target\":{\"@type\":\"EntryPoint\",\"urlTemplate\":\"https:\\\/\\\/akunq.net\\\/tr\\\/?s={search_term_string}\"},\"query-input\":{\"@type\":\"PropertyValueSpecification\",\"valueRequired\":true,\"valueName\":\"search_term_string\"}}],\"inLanguage\":\"en-US\"},{\"@type\":\"Person\",\"@id\":\"https:\\\/\\\/akunq.net\\\/tr\\\/#\\\/schema\\\/person\\\/096f1d38a12cce57fb855b485ed24c9e\",\"name\":\"admin\",\"url\":\"https:\\\/\\\/akunq.net\\\/tr\\\/?author=7\"}]}<\/script>\n<!-- \/ Yoast SEO plugin. -->","yoast_head_json":{"title":"\u201cTanr\u0131\u2019n\u0131n korudu\u011fu yer\u201d: K\u0131zlar Manast\u0131r\u0131 - Bati Ermenistan Ve Bati Ermenileri Sorunlari Ara\u015ftirmalar Merkezi","robots":{"index":"index","follow":"follow","max-snippet":"max-snippet:-1","max-image-preview":"max-image-preview:large","max-video-preview":"max-video-preview:-1"},"canonical":"https:\/\/akunq.net\/tr\/?p=67578","og_locale":"en_US","og_type":"article","og_title":"\u201cTanr\u0131\u2019n\u0131n korudu\u011fu yer\u201d: K\u0131zlar Manast\u0131r\u0131 - Bati Ermenistan Ve Bati Ermenileri Sorunlari Ara\u015ftirmalar Merkezi","og_description":"Trabzon\u2019un tarihi 14. y\u00fczy\u0131la uzanan ikonik yap\u0131lar\u0131ndan\u00a0K\u0131zlar Manast\u0131r\u0131, restorasyon \u00e7al\u0131\u015fmalar\u0131ndan d\u00f6rt y\u0131l sonra ziyarete a\u00e7\u0131ld\u0131. Asl\u0131na uygun restorasyonun en g\u00fczel \u00f6rneklerinden biri olan manast\u0131r, sizleri b\u00fcy\u00fcs\u00fcne tan\u0131k olmaya davet ediyor. Seray \u015eahinler Binlerce y\u0131ll\u0131k tarihe tan\u0131k, k\u00f6kl\u00fc medeniyetlerin ba\u015fkenti ve merkezi\u00a0Trabzond\u00fcnya k\u00fclt\u00fcr miras\u0131nda \u00f6nemli bir role sahip. \u0130onlardan Do\u011fu Roma\u2019ya, ard\u0131ndan Osmanl\u0131 \u0130mparatorlu\u011fu\u2019na uzanan tarihsel [&hellip;]","og_url":"https:\/\/akunq.net\/tr\/?p=67578","og_site_name":"Bati Ermenistan Ve Bati Ermenileri Sorunlari Ara\u015ftirmalar Merkezi","article_published_time":"2022-03-21T09:33:27+00:00","og_image":[{"width":1920,"height":1080,"url":"https:\/\/akunq.net\/tr\/wp-content\/uploads\/sites\/6\/2022\/03\/K\u0131zlar-Manast\u0131r\u0131.jpg","type":"image\/jpeg"}],"author":"admin","twitter_card":"summary_large_image","twitter_misc":{"Written by":"admin","Est. reading time":"6 minutes"},"schema":{"@context":"https:\/\/schema.org","@graph":[{"@type":"Article","@id":"https:\/\/akunq.net\/tr\/?p=67578#article","isPartOf":{"@id":"https:\/\/akunq.net\/tr\/?p=67578"},"author":{"name":"admin","@id":"https:\/\/akunq.net\/tr\/#\/schema\/person\/096f1d38a12cce57fb855b485ed24c9e"},"headline":"\u201cTanr\u0131\u2019n\u0131n korudu\u011fu yer\u201d: K\u0131zlar Manast\u0131r\u0131","datePublished":"2022-03-21T09:33:27+00:00","mainEntityOfPage":{"@id":"https:\/\/akunq.net\/tr\/?p=67578"},"wordCount":1225,"commentCount":0,"image":{"@id":"https:\/\/akunq.net\/tr\/?p=67578#primaryimage"},"thumbnailUrl":"https:\/\/akunq.net\/tr\/wp-content\/uploads\/sites\/6\/2022\/03\/K\u0131zlar-Manast\u0131r\u0131.jpg","articleSection":["Haberler"],"inLanguage":"en-US","potentialAction":[{"@type":"CommentAction","name":"Comment","target":["https:\/\/akunq.net\/tr\/?p=67578#respond"]}]},{"@type":"WebPage","@id":"https:\/\/akunq.net\/tr\/?p=67578","url":"https:\/\/akunq.net\/tr\/?p=67578","name":"\u201cTanr\u0131\u2019n\u0131n korudu\u011fu yer\u201d: K\u0131zlar Manast\u0131r\u0131 - Bati Ermenistan Ve Bati Ermenileri Sorunlari Ara\u015ftirmalar Merkezi","isPartOf":{"@id":"https:\/\/akunq.net\/tr\/#website"},"primaryImageOfPage":{"@id":"https:\/\/akunq.net\/tr\/?p=67578#primaryimage"},"image":{"@id":"https:\/\/akunq.net\/tr\/?p=67578#primaryimage"},"thumbnailUrl":"https:\/\/akunq.net\/tr\/wp-content\/uploads\/sites\/6\/2022\/03\/K\u0131zlar-Manast\u0131r\u0131.jpg","datePublished":"2022-03-21T09:33:27+00:00","author":{"@id":"https:\/\/akunq.net\/tr\/#\/schema\/person\/096f1d38a12cce57fb855b485ed24c9e"},"breadcrumb":{"@id":"https:\/\/akunq.net\/tr\/?p=67578#breadcrumb"},"inLanguage":"en-US","potentialAction":[{"@type":"ReadAction","target":["https:\/\/akunq.net\/tr\/?p=67578"]}]},{"@type":"ImageObject","inLanguage":"en-US","@id":"https:\/\/akunq.net\/tr\/?p=67578#primaryimage","url":"https:\/\/akunq.net\/tr\/wp-content\/uploads\/sites\/6\/2022\/03\/K\u0131zlar-Manast\u0131r\u0131.jpg","contentUrl":"https:\/\/akunq.net\/tr\/wp-content\/uploads\/sites\/6\/2022\/03\/K\u0131zlar-Manast\u0131r\u0131.jpg","width":1920,"height":1080},{"@type":"BreadcrumbList","@id":"https:\/\/akunq.net\/tr\/?p=67578#breadcrumb","itemListElement":[{"@type":"ListItem","position":1,"name":"Home","item":"https:\/\/akunq.net\/tr"},{"@type":"ListItem","position":2,"name":"\u201cTanr\u0131\u2019n\u0131n korudu\u011fu yer\u201d: K\u0131zlar Manast\u0131r\u0131"}]},{"@type":"WebSite","@id":"https:\/\/akunq.net\/tr\/#website","url":"https:\/\/akunq.net\/tr\/","name":"Bati Ermenistan Ve Bati Ermenileri Sorunlari Ara\u015ftirmalar Merkezi","description":"","potentialAction":[{"@type":"SearchAction","target":{"@type":"EntryPoint","urlTemplate":"https:\/\/akunq.net\/tr\/?s={search_term_string}"},"query-input":{"@type":"PropertyValueSpecification","valueRequired":true,"valueName":"search_term_string"}}],"inLanguage":"en-US"},{"@type":"Person","@id":"https:\/\/akunq.net\/tr\/#\/schema\/person\/096f1d38a12cce57fb855b485ed24c9e","name":"admin","url":"https:\/\/akunq.net\/tr\/?author=7"}]}},"_links":{"self":[{"href":"https:\/\/akunq.net\/tr\/index.php?rest_route=\/wp\/v2\/posts\/67578","targetHints":{"allow":["GET"]}}],"collection":[{"href":"https:\/\/akunq.net\/tr\/index.php?rest_route=\/wp\/v2\/posts"}],"about":[{"href":"https:\/\/akunq.net\/tr\/index.php?rest_route=\/wp\/v2\/types\/post"}],"author":[{"embeddable":true,"href":"https:\/\/akunq.net\/tr\/index.php?rest_route=\/wp\/v2\/users\/7"}],"replies":[{"embeddable":true,"href":"https:\/\/akunq.net\/tr\/index.php?rest_route=%2Fwp%2Fv2%2Fcomments&post=67578"}],"version-history":[{"count":1,"href":"https:\/\/akunq.net\/tr\/index.php?rest_route=\/wp\/v2\/posts\/67578\/revisions"}],"predecessor-version":[{"id":67580,"href":"https:\/\/akunq.net\/tr\/index.php?rest_route=\/wp\/v2\/posts\/67578\/revisions\/67580"}],"wp:featuredmedia":[{"embeddable":true,"href":"https:\/\/akunq.net\/tr\/index.php?rest_route=\/wp\/v2\/media\/67579"}],"wp:attachment":[{"href":"https:\/\/akunq.net\/tr\/index.php?rest_route=%2Fwp%2Fv2%2Fmedia&parent=67578"}],"wp:term":[{"taxonomy":"category","embeddable":true,"href":"https:\/\/akunq.net\/tr\/index.php?rest_route=%2Fwp%2Fv2%2Fcategories&post=67578"},{"taxonomy":"post_tag","embeddable":true,"href":"https:\/\/akunq.net\/tr\/index.php?rest_route=%2Fwp%2Fv2%2Ftags&post=67578"}],"curies":[{"name":"wp","href":"https:\/\/api.w.org\/{rel}","templated":true}]}}