{"id":67556,"date":"2022-03-18T02:14:31","date_gmt":"2022-03-18T07:14:31","guid":{"rendered":"https:\/\/akunq.net\/tr\/?p=67556"},"modified":"2022-03-18T02:14:31","modified_gmt":"2022-03-18T07:14:31","slug":"turkiye-gazetecileri-korumak-icin-hizla-harekete-gecmeli","status":"publish","type":"post","link":"https:\/\/akunq.net\/tr\/?p=67556","title":{"rendered":"&#8220;T\u00fcrkiye, gazetecileri korumak i\u00e7in h\u0131zla harekete ge\u00e7meli&#8221;"},"content":{"rendered":"<p class=\"intro\"><em><strong>Gazeteci G\u00fcng\u00f6r Arslan cinayetinin yarg\u0131 s\u00fcrecini yak\u0131ndan takip eden S\u0131n\u0131r Tan\u0131mayan Gazeteciler \u00f6rg\u00fct\u00fc, T\u00fcrkiye&#8217;de yetkilileri gazetecilerin korunmas\u0131na y\u00f6nelik acil \u00f6nlemler almaya \u00e7a\u011f\u0131rd\u0131.<\/strong><\/em><\/p>\n<div class=\"picBox full\"><a class=\"overlayLink init\" href=\"https:\/\/www.dw.com\/tr\/t%C3%BCrkiye-gazetecileri-korumak-i%C3%A7in-h%C4%B1zla-harekete-ge%C3%A7meli\/a-61146343#\" rel=\"nofollow\"><img loading=\"lazy\" decoding=\"async\" title=\"G\u00fcng\u00f6r Arslan \u0130zmit'teki ofisinde vurularak \u00f6ld\u00fcr\u00fclm\u00fc\u015ft\u00fc.\" src=\"https:\/\/static.dw.com\/image\/60846603_303.jpg\" alt=\"G\u00fcng\u00f6r Arslan \u0130zmit'teki ofisinde vurularak \u00f6ld\u00fcr\u00fclm\u00fc\u015ft\u00fc.\" width=\"700\" height=\"394\" \/><\/a>G\u00fcng\u00f6r Arslan \u0130zmit&#8217;teki ofisinde vurularak \u00f6ld\u00fcr\u00fclm\u00fc\u015ft\u00fc.<\/p>\n<\/div>\n<div class=\"group\">\n<div class=\"longText\">\n<p>S\u0131n\u0131r Tan\u0131mayan Gazeteciler (RSF), 19 \u015eubat&#8217;ta \u0130zmit&#8217;teki ofisinde silahla vurularak \u00f6ld\u00fcr\u00fclen\u00a0<em>Ses Kocaeli<\/em>\u00a0gazetesinin sahibi ve yaz\u0131 i\u015fleri m\u00fcd\u00fcr\u00fc G\u00fcng\u00f6r Arslan cinayetine ili\u015fkin etkili bir yarg\u0131lama s\u00fcreci talep etti.<\/p>\n<p>\u00d6rg\u00fct\u00fcn a\u00e7\u0131klamas\u0131nda, \u00f6ld\u00fcr\u00fclen Arslan\u2019\u0131n tehdit mesajlar\u0131 ald\u0131\u011f\u0131n\u0131n ilgili makamlarca bilinmesine kar\u015f\u0131n harekete ge\u00e7ilmedi\u011fine dikkat \u00e7ekildi. RSF&#8217;nin T\u00fcrkiye temsilcisi Erol \u00d6ndero\u011flu, cinayetin g\u00f6z g\u00f6re g\u00f6re ya\u015fand\u0131\u011f\u0131n\u0131 belirterek, &#8220;G\u00fcng\u00f6r Arslan s\u00fcrekli tehdit mesajlar\u0131 ald\u0131\u011f\u0131 halde yetkililerce harekete ge\u00e7ilmemi\u015f ve Arslan&#8217;\u0131 koruma g\u00f6revi yerine getirilmemi\u015ftir&#8221; diye konu\u015ftu.<\/p>\n<p>&#8220;Azmettiriciler dahil olmak \u00fczere on zanl\u0131n\u0131n h\u0131zl\u0131 bir \u015fekilde tutuklanmas\u0131, etkili bir yarg\u0131lama yap\u0131labilece\u011fini g\u00f6stermektedir&#8221; diyen \u00d6ndero\u011flu, &#8220;Bu kabul edilemez su\u00e7un hem faillerinin hem de azmettiricilerinin en a\u011f\u0131r \u015fekilde cezaland\u0131r\u0131lmas\u0131n\u0131 talep ediyoruz ve davay\u0131 yak\u0131ndan takip etmeye devam edece\u011fiz. A\u00e7\u0131k tehditler alan gazetecilerin gerekli korumaya sahip olmas\u0131 ve g\u00fcvenli bir \u015fekilde \u00e7al\u0131\u015fabilmesi i\u00e7in h\u00fck\u00fcmet h\u0131zla harekete ge\u00e7melidir&#8221; ifadelerini kulland\u0131.<\/p>\n<p>Arslan&#8217;\u0131 \u00f6ld\u00fcrmek i\u00e7in kiraland\u0131\u011f\u0131 \u015f\u00fcphesiyle 21 ya\u015f\u0131ndaki R.\u00d6. tutuklanm\u0131\u015ft\u0131. R.\u00d6, Arslan\u2019\u0131 \u00f6ld\u00fcrd\u00fckten sonra bizzat Kocaeli Emniyet M\u00fcd\u00fcrl\u00fc\u011f\u00fc&#8217;ne giderek teslim olmu\u015ftu. \u015e\u00fcpheli \u00d6., cinayeti i\u015flemesi konusunda iki ki\u015finin kendisini azmettirdi\u011fini belirterek bu ki\u015filerin kendisine &#8220;G\u00fcng\u00f6r Arslan&#8217;\u0131 vur, seni rahat ettirece\u011fiz&#8221; dedi\u011fini ileri s\u00fcrm\u00fc\u015ft\u00fc.<\/p>\n<p>Olayla ilgili, cinayeti ger\u00e7ekle\u015ftirmesi i\u00e7in \u00d6.\u2019ye para teklif etti\u011fi iddia edilen Kocaeli Barosu&#8217;na kay\u0131tl\u0131 avukat E.K. da dahil olmak \u00fczere dokuz \u015f\u00fcpheli daha tutuklanm\u0131\u015ft\u0131.<\/p>\n<p>G\u00fcng\u00f6r Arslan, son d\u00f6nemde Kocaeli B\u00fcy\u00fck\u015fehir Belediyesi&#8217;ndeki baz\u0131 ihalelerindeki yolsuzluk iddialar\u0131 ve kentteki tefeciler \u00fczerine yaz\u0131lar kaleme al\u0131yordu. D\u00f6rt y\u0131l \u00f6nce de benzer bir sald\u0131r\u0131ya u\u011frayan gazetecinin sahibi oldu\u011fu\u00a0<em>Bizim Kocaeli<\/em>\u00a0gazetesi 15 Temmuz darbe giri\u015fiminin ard\u0131ndan kapat\u0131lm\u0131\u015f, Arslan&#8217;\u0131n b\u00fct\u00fcn malvarl\u0131\u011f\u0131na el konulmu\u015ftu. G\u00fclen yap\u0131lanmas\u0131 iddias\u0131yla yarg\u0131lanan Arslan, beraat etmi\u015fti.<\/p>\n<h2>&#8220;Medya \u00e7al\u0131\u015fanlar\u0131na y\u00f6nelik \u015fiddet\u00a0art\u0131yor&#8221;<\/h2>\n<p>T\u00fcrkiye\u2019de \u00f6zellikle 2019 yerel se\u00e7imlerinden bu yana medya \u00e7al\u0131\u015fanlar\u0131na y\u00f6nelik \u015fiddetin artt\u0131\u011f\u0131na ve Arslan\u2019\u0131n son 12 ay i\u00e7inde \u00f6ld\u00fcr\u00fclen ikinci gazeteci oldu\u011funa dikkat \u00e7eken RSF, &#8220;Bu durum, mevcut cezas\u0131zl\u0131k ortam\u0131n\u0131 daha da k\u00f6t\u00fcle\u015ftirmekte ve yolsuzlukla ba\u011flant\u0131l\u0131 oldu\u011fundan \u015f\u00fcphelenilen ki\u015fileri yolsuzlu\u011fu haber yapan yerel gazetecilere sald\u0131rmaya te\u015fvik etmektedir&#8221; ifadelerini kulland\u0131.<\/p>\n<p>Ara\u015ft\u0131rd\u0131klar\u0131 ki\u015filerle ayn\u0131 \u00e7evrede ya\u015fayan yerel gazetecilerin \u00e7o\u011funlukla daha kolay hedef oldu\u011funa ve tehdit alan gazetecilerin korunmad\u0131\u011f\u0131na i\u015faret eden RSF, yetkilileri; gazetecilerin g\u00fcvenli\u011fini garanti alt\u0131na alacak &#8220;acil \u00f6nlemler almaya&#8221; \u00e7a\u011f\u0131rd\u0131.<\/p>\n<p>Mart 2021&#8217;de Bursa Radyosu Rahmet FM&#8217;de program sunan 46 ya\u015f\u0131ndaki Haz\u0131m \u00d6zsu da vurularak \u00f6ld\u00fcr\u00fclm\u00fc\u015ft\u00fc. Katil zanl\u0131s\u0131 H.N\u2019nin ifadesinde cinayeti \u00d6zsu\u2019nun programda kulland\u0131\u011f\u0131 baz\u0131 ifadeleri be\u011fenmedi\u011fi i\u00e7in i\u015fledi\u011fini s\u00f6yledi\u011fi belirtilmi\u015fti.<\/p>\n<p>RSF, T\u00fcrkiye\u2019de 1990&#8217;lardan bu yana \u00f6ld\u00fcr\u00fclen ya da kaybolan 40 gazeteci vakas\u0131n\u0131n \u00e7o\u011funun cezas\u0131z kald\u0131\u011f\u0131na dikkat \u00e7ekiyor. T\u00fcrkiye, RSF&#8217;nin 2021 D\u00fcnya Bas\u0131n \u00d6zg\u00fcrl\u00fc\u011f\u00fc Endeksi&#8217;nde 180 \u00fclke aras\u0131nda 153. s\u0131rada yer al\u0131yor.<\/p>\n<p><em><strong>https:\/\/www.dw.com\/tr\/t%C3%BCrkiye-gazetecileri-korumak-i%C3%A7in-h%C4%B1zla-harekete-ge%C3%A7meli\/a-61146343\u00a0<\/strong><\/em><\/p>\n<\/div>\n<\/div>\n","protected":false},"excerpt":{"rendered":"<p>Gazeteci G\u00fcng\u00f6r Arslan cinayetinin yarg\u0131 s\u00fcrecini yak\u0131ndan takip eden S\u0131n\u0131r Tan\u0131mayan Gazeteciler \u00f6rg\u00fct\u00fc, T\u00fcrkiye&#8217;de yetkilileri gazetecilerin korunmas\u0131na y\u00f6nelik acil \u00f6nlemler almaya \u00e7a\u011f\u0131rd\u0131. G\u00fcng\u00f6r Arslan \u0130zmit&#8217;teki ofisinde vurularak \u00f6ld\u00fcr\u00fclm\u00fc\u015ft\u00fc. S\u0131n\u0131r Tan\u0131mayan Gazeteciler (RSF), 19 \u015eubat&#8217;ta \u0130zmit&#8217;teki ofisinde silahla vurularak \u00f6ld\u00fcr\u00fclen\u00a0Ses Kocaeli\u00a0gazetesinin sahibi ve yaz\u0131 i\u015fleri m\u00fcd\u00fcr\u00fc G\u00fcng\u00f6r Arslan cinayetine ili\u015fkin etkili bir yarg\u0131lama s\u00fcreci talep etti. [&hellip;]<\/p>\n","protected":false},"author":7,"featured_media":67557,"comment_status":"open","ping_status":"open","sticky":false,"template":"","format":"standard","meta":{"footnotes":""},"categories":[1],"tags":[],"class_list":["post-67556","post","type-post","status-publish","format-standard","has-post-thumbnail","hentry","category-haberler"],"yoast_head":"<!-- This site is optimized with the Yoast SEO plugin v27.4 - https:\/\/yoast.com\/product\/yoast-seo-wordpress\/ -->\n<title>&quot;T\u00fcrkiye, gazetecileri korumak i\u00e7in h\u0131zla harekete ge\u00e7meli&quot; - Bati Ermenistan Ve Bati Ermenileri Sorunlari Ara\u015ftirmalar Merkezi<\/title>\n<meta name=\"robots\" content=\"index, follow, max-snippet:-1, max-image-preview:large, max-video-preview:-1\" \/>\n<link rel=\"canonical\" href=\"https:\/\/akunq.net\/tr\/?p=67556\" \/>\n<meta property=\"og:locale\" content=\"en_US\" \/>\n<meta property=\"og:type\" content=\"article\" \/>\n<meta property=\"og:title\" content=\"&quot;T\u00fcrkiye, gazetecileri korumak i\u00e7in h\u0131zla harekete ge\u00e7meli&quot; - Bati Ermenistan Ve Bati Ermenileri Sorunlari Ara\u015ftirmalar Merkezi\" \/>\n<meta property=\"og:description\" content=\"Gazeteci G\u00fcng\u00f6r Arslan cinayetinin yarg\u0131 s\u00fcrecini yak\u0131ndan takip eden S\u0131n\u0131r Tan\u0131mayan Gazeteciler \u00f6rg\u00fct\u00fc, T\u00fcrkiye&#8217;de yetkilileri gazetecilerin korunmas\u0131na y\u00f6nelik acil \u00f6nlemler almaya \u00e7a\u011f\u0131rd\u0131. G\u00fcng\u00f6r Arslan \u0130zmit&#8217;teki ofisinde vurularak \u00f6ld\u00fcr\u00fclm\u00fc\u015ft\u00fc. S\u0131n\u0131r Tan\u0131mayan Gazeteciler (RSF), 19 \u015eubat&#8217;ta \u0130zmit&#8217;teki ofisinde silahla vurularak \u00f6ld\u00fcr\u00fclen\u00a0Ses Kocaeli\u00a0gazetesinin sahibi ve yaz\u0131 i\u015fleri m\u00fcd\u00fcr\u00fc G\u00fcng\u00f6r Arslan cinayetine ili\u015fkin etkili bir yarg\u0131lama s\u00fcreci talep etti. [&hellip;]\" \/>\n<meta property=\"og:url\" content=\"https:\/\/akunq.net\/tr\/?p=67556\" \/>\n<meta property=\"og:site_name\" content=\"Bati Ermenistan Ve Bati Ermenileri Sorunlari Ara\u015ftirmalar Merkezi\" \/>\n<meta property=\"article:published_time\" content=\"2022-03-18T07:14:31+00:00\" \/>\n<meta property=\"og:image\" content=\"https:\/\/akunq.net\/tr\/wp-content\/uploads\/sites\/6\/2022\/03\/G\u00fcng\u00f6r-Arslan.jpg\" \/>\n\t<meta property=\"og:image:width\" content=\"700\" \/>\n\t<meta property=\"og:image:height\" content=\"394\" \/>\n\t<meta property=\"og:image:type\" content=\"image\/jpeg\" \/>\n<meta name=\"author\" content=\"admin\" \/>\n<meta name=\"twitter:card\" content=\"summary_large_image\" \/>\n<meta name=\"twitter:label1\" content=\"Written by\" \/>\n\t<meta name=\"twitter:data1\" content=\"admin\" \/>\n\t<meta name=\"twitter:label2\" content=\"Est. reading time\" \/>\n\t<meta name=\"twitter:data2\" content=\"3 minutes\" \/>\n<script type=\"application\/ld+json\" class=\"yoast-schema-graph\">{\"@context\":\"https:\\\/\\\/schema.org\",\"@graph\":[{\"@type\":\"Article\",\"@id\":\"https:\\\/\\\/akunq.net\\\/tr\\\/?p=67556#article\",\"isPartOf\":{\"@id\":\"https:\\\/\\\/akunq.net\\\/tr\\\/?p=67556\"},\"author\":{\"name\":\"admin\",\"@id\":\"https:\\\/\\\/akunq.net\\\/tr\\\/#\\\/schema\\\/person\\\/096f1d38a12cce57fb855b485ed24c9e\"},\"headline\":\"&#8220;T\u00fcrkiye, gazetecileri korumak i\u00e7in h\u0131zla harekete ge\u00e7meli&#8221;\",\"datePublished\":\"2022-03-18T07:14:31+00:00\",\"mainEntityOfPage\":{\"@id\":\"https:\\\/\\\/akunq.net\\\/tr\\\/?p=67556\"},\"wordCount\":647,\"commentCount\":0,\"image\":{\"@id\":\"https:\\\/\\\/akunq.net\\\/tr\\\/?p=67556#primaryimage\"},\"thumbnailUrl\":\"https:\\\/\\\/akunq.net\\\/tr\\\/wp-content\\\/uploads\\\/sites\\\/6\\\/2022\\\/03\\\/G\u00fcng\u00f6r-Arslan.jpg\",\"articleSection\":[\"Haberler\"],\"inLanguage\":\"en-US\",\"potentialAction\":[{\"@type\":\"CommentAction\",\"name\":\"Comment\",\"target\":[\"https:\\\/\\\/akunq.net\\\/tr\\\/?p=67556#respond\"]}]},{\"@type\":\"WebPage\",\"@id\":\"https:\\\/\\\/akunq.net\\\/tr\\\/?p=67556\",\"url\":\"https:\\\/\\\/akunq.net\\\/tr\\\/?p=67556\",\"name\":\"\\\"T\u00fcrkiye, gazetecileri korumak i\u00e7in h\u0131zla harekete ge\u00e7meli\\\" - Bati Ermenistan Ve Bati Ermenileri Sorunlari Ara\u015ftirmalar Merkezi\",\"isPartOf\":{\"@id\":\"https:\\\/\\\/akunq.net\\\/tr\\\/#website\"},\"primaryImageOfPage\":{\"@id\":\"https:\\\/\\\/akunq.net\\\/tr\\\/?p=67556#primaryimage\"},\"image\":{\"@id\":\"https:\\\/\\\/akunq.net\\\/tr\\\/?p=67556#primaryimage\"},\"thumbnailUrl\":\"https:\\\/\\\/akunq.net\\\/tr\\\/wp-content\\\/uploads\\\/sites\\\/6\\\/2022\\\/03\\\/G\u00fcng\u00f6r-Arslan.jpg\",\"datePublished\":\"2022-03-18T07:14:31+00:00\",\"author\":{\"@id\":\"https:\\\/\\\/akunq.net\\\/tr\\\/#\\\/schema\\\/person\\\/096f1d38a12cce57fb855b485ed24c9e\"},\"breadcrumb\":{\"@id\":\"https:\\\/\\\/akunq.net\\\/tr\\\/?p=67556#breadcrumb\"},\"inLanguage\":\"en-US\",\"potentialAction\":[{\"@type\":\"ReadAction\",\"target\":[\"https:\\\/\\\/akunq.net\\\/tr\\\/?p=67556\"]}]},{\"@type\":\"ImageObject\",\"inLanguage\":\"en-US\",\"@id\":\"https:\\\/\\\/akunq.net\\\/tr\\\/?p=67556#primaryimage\",\"url\":\"https:\\\/\\\/akunq.net\\\/tr\\\/wp-content\\\/uploads\\\/sites\\\/6\\\/2022\\\/03\\\/G\u00fcng\u00f6r-Arslan.jpg\",\"contentUrl\":\"https:\\\/\\\/akunq.net\\\/tr\\\/wp-content\\\/uploads\\\/sites\\\/6\\\/2022\\\/03\\\/G\u00fcng\u00f6r-Arslan.jpg\",\"width\":700,\"height\":394},{\"@type\":\"BreadcrumbList\",\"@id\":\"https:\\\/\\\/akunq.net\\\/tr\\\/?p=67556#breadcrumb\",\"itemListElement\":[{\"@type\":\"ListItem\",\"position\":1,\"name\":\"Home\",\"item\":\"https:\\\/\\\/akunq.net\\\/tr\"},{\"@type\":\"ListItem\",\"position\":2,\"name\":\"&#8220;T\u00fcrkiye, gazetecileri korumak i\u00e7in h\u0131zla harekete ge\u00e7meli&#8221;\"}]},{\"@type\":\"WebSite\",\"@id\":\"https:\\\/\\\/akunq.net\\\/tr\\\/#website\",\"url\":\"https:\\\/\\\/akunq.net\\\/tr\\\/\",\"name\":\"Bati Ermenistan Ve Bati Ermenileri Sorunlari Ara\u015ftirmalar Merkezi\",\"description\":\"\",\"potentialAction\":[{\"@type\":\"SearchAction\",\"target\":{\"@type\":\"EntryPoint\",\"urlTemplate\":\"https:\\\/\\\/akunq.net\\\/tr\\\/?s={search_term_string}\"},\"query-input\":{\"@type\":\"PropertyValueSpecification\",\"valueRequired\":true,\"valueName\":\"search_term_string\"}}],\"inLanguage\":\"en-US\"},{\"@type\":\"Person\",\"@id\":\"https:\\\/\\\/akunq.net\\\/tr\\\/#\\\/schema\\\/person\\\/096f1d38a12cce57fb855b485ed24c9e\",\"name\":\"admin\",\"url\":\"https:\\\/\\\/akunq.net\\\/tr\\\/?author=7\"}]}<\/script>\n<!-- \/ Yoast SEO plugin. -->","yoast_head_json":{"title":"\"T\u00fcrkiye, gazetecileri korumak i\u00e7in h\u0131zla harekete ge\u00e7meli\" - Bati Ermenistan Ve Bati Ermenileri Sorunlari Ara\u015ftirmalar Merkezi","robots":{"index":"index","follow":"follow","max-snippet":"max-snippet:-1","max-image-preview":"max-image-preview:large","max-video-preview":"max-video-preview:-1"},"canonical":"https:\/\/akunq.net\/tr\/?p=67556","og_locale":"en_US","og_type":"article","og_title":"\"T\u00fcrkiye, gazetecileri korumak i\u00e7in h\u0131zla harekete ge\u00e7meli\" - Bati Ermenistan Ve Bati Ermenileri Sorunlari Ara\u015ftirmalar Merkezi","og_description":"Gazeteci G\u00fcng\u00f6r Arslan cinayetinin yarg\u0131 s\u00fcrecini yak\u0131ndan takip eden S\u0131n\u0131r Tan\u0131mayan Gazeteciler \u00f6rg\u00fct\u00fc, T\u00fcrkiye&#8217;de yetkilileri gazetecilerin korunmas\u0131na y\u00f6nelik acil \u00f6nlemler almaya \u00e7a\u011f\u0131rd\u0131. G\u00fcng\u00f6r Arslan \u0130zmit&#8217;teki ofisinde vurularak \u00f6ld\u00fcr\u00fclm\u00fc\u015ft\u00fc. S\u0131n\u0131r Tan\u0131mayan Gazeteciler (RSF), 19 \u015eubat&#8217;ta \u0130zmit&#8217;teki ofisinde silahla vurularak \u00f6ld\u00fcr\u00fclen\u00a0Ses Kocaeli\u00a0gazetesinin sahibi ve yaz\u0131 i\u015fleri m\u00fcd\u00fcr\u00fc G\u00fcng\u00f6r Arslan cinayetine ili\u015fkin etkili bir yarg\u0131lama s\u00fcreci talep etti. [&hellip;]","og_url":"https:\/\/akunq.net\/tr\/?p=67556","og_site_name":"Bati Ermenistan Ve Bati Ermenileri Sorunlari Ara\u015ftirmalar Merkezi","article_published_time":"2022-03-18T07:14:31+00:00","og_image":[{"width":700,"height":394,"url":"https:\/\/akunq.net\/tr\/wp-content\/uploads\/sites\/6\/2022\/03\/G\u00fcng\u00f6r-Arslan.jpg","type":"image\/jpeg"}],"author":"admin","twitter_card":"summary_large_image","twitter_misc":{"Written by":"admin","Est. reading time":"3 minutes"},"schema":{"@context":"https:\/\/schema.org","@graph":[{"@type":"Article","@id":"https:\/\/akunq.net\/tr\/?p=67556#article","isPartOf":{"@id":"https:\/\/akunq.net\/tr\/?p=67556"},"author":{"name":"admin","@id":"https:\/\/akunq.net\/tr\/#\/schema\/person\/096f1d38a12cce57fb855b485ed24c9e"},"headline":"&#8220;T\u00fcrkiye, gazetecileri korumak i\u00e7in h\u0131zla harekete ge\u00e7meli&#8221;","datePublished":"2022-03-18T07:14:31+00:00","mainEntityOfPage":{"@id":"https:\/\/akunq.net\/tr\/?p=67556"},"wordCount":647,"commentCount":0,"image":{"@id":"https:\/\/akunq.net\/tr\/?p=67556#primaryimage"},"thumbnailUrl":"https:\/\/akunq.net\/tr\/wp-content\/uploads\/sites\/6\/2022\/03\/G\u00fcng\u00f6r-Arslan.jpg","articleSection":["Haberler"],"inLanguage":"en-US","potentialAction":[{"@type":"CommentAction","name":"Comment","target":["https:\/\/akunq.net\/tr\/?p=67556#respond"]}]},{"@type":"WebPage","@id":"https:\/\/akunq.net\/tr\/?p=67556","url":"https:\/\/akunq.net\/tr\/?p=67556","name":"\"T\u00fcrkiye, gazetecileri korumak i\u00e7in h\u0131zla harekete ge\u00e7meli\" - Bati Ermenistan Ve Bati Ermenileri Sorunlari Ara\u015ftirmalar Merkezi","isPartOf":{"@id":"https:\/\/akunq.net\/tr\/#website"},"primaryImageOfPage":{"@id":"https:\/\/akunq.net\/tr\/?p=67556#primaryimage"},"image":{"@id":"https:\/\/akunq.net\/tr\/?p=67556#primaryimage"},"thumbnailUrl":"https:\/\/akunq.net\/tr\/wp-content\/uploads\/sites\/6\/2022\/03\/G\u00fcng\u00f6r-Arslan.jpg","datePublished":"2022-03-18T07:14:31+00:00","author":{"@id":"https:\/\/akunq.net\/tr\/#\/schema\/person\/096f1d38a12cce57fb855b485ed24c9e"},"breadcrumb":{"@id":"https:\/\/akunq.net\/tr\/?p=67556#breadcrumb"},"inLanguage":"en-US","potentialAction":[{"@type":"ReadAction","target":["https:\/\/akunq.net\/tr\/?p=67556"]}]},{"@type":"ImageObject","inLanguage":"en-US","@id":"https:\/\/akunq.net\/tr\/?p=67556#primaryimage","url":"https:\/\/akunq.net\/tr\/wp-content\/uploads\/sites\/6\/2022\/03\/G\u00fcng\u00f6r-Arslan.jpg","contentUrl":"https:\/\/akunq.net\/tr\/wp-content\/uploads\/sites\/6\/2022\/03\/G\u00fcng\u00f6r-Arslan.jpg","width":700,"height":394},{"@type":"BreadcrumbList","@id":"https:\/\/akunq.net\/tr\/?p=67556#breadcrumb","itemListElement":[{"@type":"ListItem","position":1,"name":"Home","item":"https:\/\/akunq.net\/tr"},{"@type":"ListItem","position":2,"name":"&#8220;T\u00fcrkiye, gazetecileri korumak i\u00e7in h\u0131zla harekete ge\u00e7meli&#8221;"}]},{"@type":"WebSite","@id":"https:\/\/akunq.net\/tr\/#website","url":"https:\/\/akunq.net\/tr\/","name":"Bati Ermenistan Ve Bati Ermenileri Sorunlari Ara\u015ftirmalar Merkezi","description":"","potentialAction":[{"@type":"SearchAction","target":{"@type":"EntryPoint","urlTemplate":"https:\/\/akunq.net\/tr\/?s={search_term_string}"},"query-input":{"@type":"PropertyValueSpecification","valueRequired":true,"valueName":"search_term_string"}}],"inLanguage":"en-US"},{"@type":"Person","@id":"https:\/\/akunq.net\/tr\/#\/schema\/person\/096f1d38a12cce57fb855b485ed24c9e","name":"admin","url":"https:\/\/akunq.net\/tr\/?author=7"}]}},"_links":{"self":[{"href":"https:\/\/akunq.net\/tr\/index.php?rest_route=\/wp\/v2\/posts\/67556","targetHints":{"allow":["GET"]}}],"collection":[{"href":"https:\/\/akunq.net\/tr\/index.php?rest_route=\/wp\/v2\/posts"}],"about":[{"href":"https:\/\/akunq.net\/tr\/index.php?rest_route=\/wp\/v2\/types\/post"}],"author":[{"embeddable":true,"href":"https:\/\/akunq.net\/tr\/index.php?rest_route=\/wp\/v2\/users\/7"}],"replies":[{"embeddable":true,"href":"https:\/\/akunq.net\/tr\/index.php?rest_route=%2Fwp%2Fv2%2Fcomments&post=67556"}],"version-history":[{"count":2,"href":"https:\/\/akunq.net\/tr\/index.php?rest_route=\/wp\/v2\/posts\/67556\/revisions"}],"predecessor-version":[{"id":67559,"href":"https:\/\/akunq.net\/tr\/index.php?rest_route=\/wp\/v2\/posts\/67556\/revisions\/67559"}],"wp:featuredmedia":[{"embeddable":true,"href":"https:\/\/akunq.net\/tr\/index.php?rest_route=\/wp\/v2\/media\/67557"}],"wp:attachment":[{"href":"https:\/\/akunq.net\/tr\/index.php?rest_route=%2Fwp%2Fv2%2Fmedia&parent=67556"}],"wp:term":[{"taxonomy":"category","embeddable":true,"href":"https:\/\/akunq.net\/tr\/index.php?rest_route=%2Fwp%2Fv2%2Fcategories&post=67556"},{"taxonomy":"post_tag","embeddable":true,"href":"https:\/\/akunq.net\/tr\/index.php?rest_route=%2Fwp%2Fv2%2Ftags&post=67556"}],"curies":[{"name":"wp","href":"https:\/\/api.w.org\/{rel}","templated":true}]}}