{"id":67524,"date":"2022-03-17T01:36:15","date_gmt":"2022-03-17T06:36:15","guid":{"rendered":"https:\/\/akunq.net\/tr\/?p=67524"},"modified":"2022-03-17T01:36:15","modified_gmt":"2022-03-17T06:36:15","slug":"ermeni-besteci-aliciyan-kulturumuze-sahip-cikmazsak-yok-olup-gidecek-uzerime-duseni-melodilerimle-yapmaya-calisiyorum","status":"publish","type":"post","link":"https:\/\/akunq.net\/tr\/?p=67524","title":{"rendered":"Ermeni besteci Aliciyan: K\u00fclt\u00fcr\u00fcm\u00fcze sahip \u00e7\u0131kmazsak yok olup gidecek, \u00fczerime d\u00fc\u015feni melodilerimle yapmaya \u00e7al\u0131\u015f\u0131yorum"},"content":{"rendered":"<div class=\"html-content\">\n<p><img loading=\"lazy\" decoding=\"async\" class=\"aligncenter size-medium wp-image-67525\" src=\"https:\/\/akunq.net\/tr\/wp-content\/uploads\/2022\/03\/Aliciyan-360x204.png\" alt=\"\" width=\"360\" height=\"204\" srcset=\"https:\/\/akunq.net\/tr\/wp-content\/uploads\/sites\/6\/2022\/03\/Aliciyan-360x204.png 360w, https:\/\/akunq.net\/tr\/wp-content\/uploads\/sites\/6\/2022\/03\/Aliciyan-768x436.png 768w, https:\/\/akunq.net\/tr\/wp-content\/uploads\/sites\/6\/2022\/03\/Aliciyan-560x318.png 560w, https:\/\/akunq.net\/tr\/wp-content\/uploads\/sites\/6\/2022\/03\/Aliciyan-260x148.png 260w, https:\/\/akunq.net\/tr\/wp-content\/uploads\/sites\/6\/2022\/03\/Aliciyan-160x91.png 160w, https:\/\/akunq.net\/tr\/wp-content\/uploads\/sites\/6\/2022\/03\/Aliciyan.png 842w\" sizes=\"auto, (max-width: 360px) 100vw, 360px\" \/><\/p>\n<p><em><strong>\u0130stanbullu Ermeni sanat\u00e7\u0131\u00a0Ari Aliciyan\u00a0Ermenilerin bu y\u0131l \u015eubat ay\u0131nda girdikleri \u2018Pun Paregentan\u2019 ad\u0131n\u0131 verdikleri 40 g\u00fcn s\u00fcrecek oru\u00e7 d\u00f6neminden \u00f6nce kutlad\u0131klar\u0131 karnaval i\u00e7in &#8216;Pargentan&#8217; adl\u0131 bir eser besteledi. Gen\u00e7 sanat\u00e7\u0131 Aliciyan, yeni bestesi ve kariyeri ile ilgili\u00a0<a href=\"https:\/\/www.ermenihaber.am\/tr\/news\/2022\/03\/09\/Ermeni-besteci-Ari-Aliciyan-Paregentan\/226843\">Ermenihaber.am&#8217;<\/a>e konu\u015ftu.\u00a0<\/strong><\/em><\/p>\n<p><strong>&#8211; M\u00fczik aktivitelerinizden bahsedebilir misiniz? Son zamanlarda yazar\u0131 siz oldu\u011funuz &#8220;Paregentan&#8221; \u015fark\u0131s\u0131n\u0131 m\u00fczikseverlerin be\u011fenisine sundunuz.\u00a0 \u015eark\u0131n\u0131n fikri nas\u0131l ortaya \u00e7\u0131kt\u0131?<\/strong><\/p>\n<p>&#8211; \u00d6ncelikle g\u00f6z bebeklerim High Mood Band ve High Life Orkestras\u0131\u2019ndan da biraz bahsedebiliriz.<\/p>\n<p>Ne mutlu bize ki art\u0131k, High Mood Band denildi\u011finde \u201cy\u00fcksek dozda enerji\u201d ile \u00f6zde\u015fle\u015ftirildik.<\/p>\n<p>70\u2019lerden g\u00fcn\u00fcm\u00fcze en sevilen hareketli \u015fark\u0131lar\u0131 Mash Up d\u00fczenlemelerle dinleyicilerimizle bulu\u015fturuyoruz. Altta enstrumanlar Uptown funk \u00e7alarken bir bakm\u0131\u015fs\u0131n\u0131z \u00fcst\u00fcne solist Ali Desidero s\u00f6yl\u00fcyor. Kula\u011fa enteresan geliyor de\u011fil mi? Anlatmas\u0131 bile\u00a0 bana heyecan verici. (g\u00fcl\u00fcyor)<\/p>\n<p>High Mood Band\u2019in Youtube ve \u0130nstagram sayfas\u0131nda onlarca cover\u0131m\u0131z bulunmakta ve keyifle dinleyece\u011finizden \u015f\u00fcphem yok.<\/p>\n<p>\u00d6zel tavsiyem ise 90\u2019larda Elif Karl\u0131\u2019n\u0131n seslendirdi\u011fi, Ercan Saat\u00e7i bestesi \u201cYan\u0131na B\u0131rakmam\u201d klibimiz\u2026<\/p>\n<p>M\u00fczi\u011fi yak\u0131ndan takip edenler High Life Orkestras\u0131\u2019n\u0131 da mutlaka duymu\u015ftur. Frans\u0131z chansonlar\u0131, Italyan napolitenleri, Latinler, Valsler ve Tangolar, Nostaljik dans m\u00fczikleri, Yabanc\u0131 ve T\u00fcrk\u00e7e pop m\u00fczik, Greek, \u0130branice ve Ermenice \u015fark\u0131lar\u0131n da yer ald\u0131\u011f\u0131 geni\u015f repertuar\u0131yla e\u011flenceli bir program sunan orkestram ile \u00fcst d\u00fczey d\u00fc\u011f\u00fcn ve davetlerde halen performans sergilemekteyiz.<\/p>\n<p>Yak\u0131n ge\u00e7mi\u015fte yay\u0131nlad\u0131\u011f\u0131m\u0131z \u201cQuart-\u0130st\u201d isimli grubumuzun \u201cArmenian melodies variations\u201d alb\u00fcm\u00fc ile; geleneksel Ermeni m\u00fczi\u011fi\u2019ni bug\u00fcne kadar duymad\u0131\u011f\u0131n\u0131z bir yorum ve \u00e7e\u015fitleme ile Ermeni m\u00fczik literat\u00fcr\u00fcne bir yap\u0131t kazand\u0131rd\u0131k.<\/p>\n<p>Pandemi d\u00f6nemi \u00e7o\u011fu insan gibi beni de i\u00e7sel yolculu\u011fuma s\u00fcr\u00fckledi ve senelerce ruhumda biriktirdi\u011fim melodileri dinleyicilerimle bulu\u015fma f\u0131rsat\u0131 yaratt\u0131.<\/p>\n<p>Kal\u0131plardan ve ticari kayg\u0131lardan uzak olarak yay\u0131nlad\u0131\u011f\u0131m eserlerimin,\u00a0 apayr\u0131 duygu ve konular\u0131 oldu\u011funu s\u00f6yleyebilirim.<\/p>\n<p>Eserlerimden bir tanesinde; Hayat\u0131m\u0131n en \u00f6zel anlar\u0131n\u0131 payla\u015ft\u0131\u011f\u0131m biricik k\u00f6pek dostum , Noelimle\u00a0 bir g\u00fcn\u00fcm\u00fcz\u00fc anlat\u0131rken; Zulme ve eziyete u\u011fram\u0131\u015f t\u00fcm canl\u0131lar i\u00e7in besteledi\u011fim, bir di\u011fer \u00e7al\u0131\u015fmam \u201cSon Yolculuk\u201d ile de dinleyicilerimle birlikte i\u00e7 d\u00fcnyamda yolculu\u011fa \u00e7\u0131k\u0131yoruz.<\/p>\n<p>Bahsetti\u011fim \u00fczere, \u015fark\u0131lar\u0131m i\u00e7 d\u00fcnyamda bir yolculuk . Bazen birlikte \u201c Atina- Edirne \u201c isimli \u015fark\u0131mda oldu\u011fu gibi birlikte bir tatil hayali kuruyoruz, bazen de yeni \u015fark\u0131m \u201cParegentan\u201dda oldu\u011fu gibi art\u0131k unutulmaya y\u00fcz tutmu\u015f geleneklerimizi ayakta tutabilmek i\u00e7in ge\u00e7mi\u015fi yaad ediyoruz.<\/p>\n<p><strong>K\u00fclt\u00fcr\u00fcm\u00fcze sahip \u00e7\u0131kmazsak yok olup gidecek. Ben de \u00fczerime d\u00fc\u015feni melodilerimle yapmaya \u00e7al\u0131\u015f\u0131yorum.<\/strong><\/p>\n<p><strong>&#8211; Ermeni kimli\u011finizden dolay\u0131 T\u00fcrkiye\u2019de herhangi bir engelle hi\u00e7 kar\u015f\u0131la\u015ft\u0131n\u0131z m\u0131? \u0130stabullu Ermeni m\u00fczisyen olarak T\u00fcrkiye\u2019de sanat eserleri yaratmak zor mu? Bug\u00fcne kadar nas\u0131l tepkiler, yank\u0131lar ald\u0131n\u0131z?<\/strong><\/p>\n<p>&#8211; \u00c7ocuklu\u011fumda kar\u015f\u0131la\u015ft\u0131\u011f\u0131m baz\u0131 k\u00f6t\u00fc an\u0131lar\u0131m olsa da m\u00fczik camias\u0131nda, hatta konservatuvar s\u0131nav\u0131na girdi\u011fimde bile hep pozitif ayr\u0131mc\u0131l\u0131kla kar\u015f\u0131la\u015fm\u0131\u015f\u0131md\u0131r.<\/p>\n<p>M\u00fczik camias\u0131nda ayr\u0131mc\u0131l\u0131\u011fa yer yoktur. Y\u00fcreklere dokunabildi\u011finiz m\u00fcddet\u00e7e destek g\u00f6r\u00fcr ve daha b\u00fcy\u00fck kitlelere ula\u015f\u0131rs\u0131n\u0131z. Notalar insanlar\u0131 ayr\u0131\u015ft\u0131rmaz aksine birle\u015ftirir.<\/p>\n<p><strong>&#8211;\u00a0Gelecek i\u00e7in planlar\u0131n\u0131z nelerdir? Ermenistan sanat\u00e7\u0131lar\u0131 ile i\u015fbirli\u011fi yapmay\u0131 d\u00fc\u015f\u00fcn\u00fcyor musunuz?<\/strong><\/p>\n<p>&#8211; Hali haz\u0131rda Ermenistanda ve d\u00fcnyan\u0131n \u00e7e\u015fitli yerlerinde \u00e7al\u0131\u015ft\u0131\u011f\u0131m Ermeni m\u00fczisyenler mevcut.<\/p>\n<p>Pandemi sona erdikten sonra tekrar ba\u015flayacak olan D\u00fcnya m\u00fczik festivallerinde d\u00fcnyan\u0131n \u00e7e\u015fitli \u00fclke m\u00fczisyenlerinden olu\u015fan bir orkestra ile \u015fark\u0131lar\u0131m\u0131 seslendirmek en b\u00fcy\u00fck hayalim.\u00a0 Farkl\u0131 bir k\u00fclt\u00fcrde yeti\u015fmi\u015f birinin \u015fark\u0131lar\u0131ma ekleyece\u011fi tek bir nota bile eseri bamba\u015fka boyutlara ta\u015f\u0131yacakt\u0131r.<\/p>\n<p><strong>&#8211; Bildi\u011finiz gibi bu y\u0131l Ermenistan-T\u00fcrkiye m\u00fczakereleri ba\u015flad\u0131. Bu normalle\u015fme s\u00fcrecinden sizin ve bu ba\u011flamda Ermeni toplumunun beklentileri nelerdir?<\/strong><\/p>\n<p>&#8211; Herkes ad\u0131na yorum yapamam fakat \u015fahsen \u00e7ok a\u011f\u0131r ilerleyen bir s\u00fcre\u00e7 oldu\u011funu d\u00fc\u015f\u00fcn\u00fcyorum. Tarihe saplan\u0131p kalmaktansa ayn\u0131 topra\u011f\u0131n insanlar\u0131 olarak ac\u0131lar\u0131m\u0131z\u0131 sahiplenmeli ve tekrarlanmamas\u0131 ad\u0131na birbirimize g\u00fc\u00e7 vermemiz kanaatindeyim.<\/p>\n<\/div>\n<div class=\"current-author fl cb\"><strong><em>\u00a0<a class=\"a-none\" href=\"https:\/\/www.ermenihaber.am\/tr\/news\/2022\/03\/16\/Ermeni-besteci-Aliciyan-Paregentan\/227311\">Ermenihaber.am<\/a><\/em><\/strong><\/div>\n<div class=\"cb\"><\/div>\n<div class=\"current-socials\">\n<div id=\"st-1\" class=\"sharethis-inline-share-buttons st-left  st-inline-share-buttons st-animated\">\n<div class=\"st-btn st-first\" data-network=\"facebook\"><\/div>\n<\/div>\n<\/div>\n","protected":false},"excerpt":{"rendered":"<p>\u0130stanbullu Ermeni sanat\u00e7\u0131\u00a0Ari Aliciyan\u00a0Ermenilerin bu y\u0131l \u015eubat ay\u0131nda girdikleri \u2018Pun Paregentan\u2019 ad\u0131n\u0131 verdikleri 40 g\u00fcn s\u00fcrecek oru\u00e7 d\u00f6neminden \u00f6nce kutlad\u0131klar\u0131 karnaval i\u00e7in &#8216;Pargentan&#8217; adl\u0131 bir eser besteledi. Gen\u00e7 sanat\u00e7\u0131 Aliciyan, yeni bestesi ve kariyeri ile ilgili\u00a0Ermenihaber.am&#8217;e konu\u015ftu.\u00a0 &#8211; M\u00fczik aktivitelerinizden bahsedebilir misiniz? Son zamanlarda yazar\u0131 siz oldu\u011funuz &#8220;Paregentan&#8221; \u015fark\u0131s\u0131n\u0131 m\u00fczikseverlerin be\u011fenisine sundunuz.\u00a0 \u015eark\u0131n\u0131n fikri nas\u0131l [&hellip;]<\/p>\n","protected":false},"author":7,"featured_media":67525,"comment_status":"open","ping_status":"open","sticky":false,"template":"","format":"standard","meta":{"footnotes":""},"categories":[21,1,71,14],"tags":[],"class_list":["post-67524","post","type-post","status-publish","format-standard","has-post-thumbnail","hentry","category-gunumuzde-bati-ermenileri","category-haberler","category-mulakatlar","category-sarkilar"],"yoast_head":"<!-- This site is optimized with the Yoast SEO plugin v27.4 - https:\/\/yoast.com\/product\/yoast-seo-wordpress\/ -->\n<title>Ermeni besteci Aliciyan: K\u00fclt\u00fcr\u00fcm\u00fcze sahip \u00e7\u0131kmazsak yok olup gidecek, \u00fczerime d\u00fc\u015feni melodilerimle yapmaya \u00e7al\u0131\u015f\u0131yorum - Bati Ermenistan Ve Bati Ermenileri Sorunlari Ara\u015ftirmalar Merkezi<\/title>\n<meta name=\"robots\" content=\"index, follow, max-snippet:-1, max-image-preview:large, max-video-preview:-1\" \/>\n<link rel=\"canonical\" href=\"https:\/\/akunq.net\/tr\/?p=67524\" \/>\n<meta property=\"og:locale\" content=\"en_US\" \/>\n<meta property=\"og:type\" content=\"article\" \/>\n<meta property=\"og:title\" content=\"Ermeni besteci Aliciyan: K\u00fclt\u00fcr\u00fcm\u00fcze sahip \u00e7\u0131kmazsak yok olup gidecek, \u00fczerime d\u00fc\u015feni melodilerimle yapmaya \u00e7al\u0131\u015f\u0131yorum - Bati Ermenistan Ve Bati Ermenileri Sorunlari Ara\u015ftirmalar Merkezi\" \/>\n<meta property=\"og:description\" content=\"\u0130stanbullu Ermeni sanat\u00e7\u0131\u00a0Ari Aliciyan\u00a0Ermenilerin bu y\u0131l \u015eubat ay\u0131nda girdikleri \u2018Pun Paregentan\u2019 ad\u0131n\u0131 verdikleri 40 g\u00fcn s\u00fcrecek oru\u00e7 d\u00f6neminden \u00f6nce kutlad\u0131klar\u0131 karnaval i\u00e7in &#8216;Pargentan&#8217; adl\u0131 bir eser besteledi. Gen\u00e7 sanat\u00e7\u0131 Aliciyan, yeni bestesi ve kariyeri ile ilgili\u00a0Ermenihaber.am&#8217;e konu\u015ftu.\u00a0 &#8211; M\u00fczik aktivitelerinizden bahsedebilir misiniz? Son zamanlarda yazar\u0131 siz oldu\u011funuz &#8220;Paregentan&#8221; \u015fark\u0131s\u0131n\u0131 m\u00fczikseverlerin be\u011fenisine sundunuz.\u00a0 \u015eark\u0131n\u0131n fikri nas\u0131l [&hellip;]\" \/>\n<meta property=\"og:url\" content=\"https:\/\/akunq.net\/tr\/?p=67524\" \/>\n<meta property=\"og:site_name\" content=\"Bati Ermenistan Ve Bati Ermenileri Sorunlari Ara\u015ftirmalar Merkezi\" \/>\n<meta property=\"article:published_time\" content=\"2022-03-17T06:36:15+00:00\" \/>\n<meta property=\"og:image\" content=\"https:\/\/akunq.net\/tr\/wp-content\/uploads\/sites\/6\/2022\/03\/Aliciyan.png\" \/>\n\t<meta property=\"og:image:width\" content=\"842\" \/>\n\t<meta property=\"og:image:height\" content=\"478\" \/>\n\t<meta property=\"og:image:type\" content=\"image\/png\" \/>\n<meta name=\"author\" content=\"admin\" \/>\n<meta name=\"twitter:card\" content=\"summary_large_image\" \/>\n<meta name=\"twitter:label1\" content=\"Written by\" \/>\n\t<meta name=\"twitter:data1\" content=\"admin\" \/>\n\t<meta name=\"twitter:label2\" content=\"Est. reading time\" \/>\n\t<meta name=\"twitter:data2\" content=\"4 minutes\" \/>\n<script type=\"application\/ld+json\" class=\"yoast-schema-graph\">{\"@context\":\"https:\\\/\\\/schema.org\",\"@graph\":[{\"@type\":\"Article\",\"@id\":\"https:\\\/\\\/akunq.net\\\/tr\\\/?p=67524#article\",\"isPartOf\":{\"@id\":\"https:\\\/\\\/akunq.net\\\/tr\\\/?p=67524\"},\"author\":{\"name\":\"admin\",\"@id\":\"https:\\\/\\\/akunq.net\\\/tr\\\/#\\\/schema\\\/person\\\/096f1d38a12cce57fb855b485ed24c9e\"},\"headline\":\"Ermeni besteci Aliciyan: K\u00fclt\u00fcr\u00fcm\u00fcze sahip \u00e7\u0131kmazsak yok olup gidecek, \u00fczerime d\u00fc\u015feni melodilerimle yapmaya \u00e7al\u0131\u015f\u0131yorum\",\"datePublished\":\"2022-03-17T06:36:15+00:00\",\"mainEntityOfPage\":{\"@id\":\"https:\\\/\\\/akunq.net\\\/tr\\\/?p=67524\"},\"wordCount\":800,\"commentCount\":0,\"image\":{\"@id\":\"https:\\\/\\\/akunq.net\\\/tr\\\/?p=67524#primaryimage\"},\"thumbnailUrl\":\"https:\\\/\\\/akunq.net\\\/tr\\\/wp-content\\\/uploads\\\/sites\\\/6\\\/2022\\\/03\\\/Aliciyan.png\",\"articleSection\":[\"G\u00fcn\u00fcm\u00fczde Bat\u0131 Ermenileri\",\"Haberler\",\"M\u00fclakatlar\",\"\u015eark\u0131lar\"],\"inLanguage\":\"en-US\",\"potentialAction\":[{\"@type\":\"CommentAction\",\"name\":\"Comment\",\"target\":[\"https:\\\/\\\/akunq.net\\\/tr\\\/?p=67524#respond\"]}]},{\"@type\":\"WebPage\",\"@id\":\"https:\\\/\\\/akunq.net\\\/tr\\\/?p=67524\",\"url\":\"https:\\\/\\\/akunq.net\\\/tr\\\/?p=67524\",\"name\":\"Ermeni besteci Aliciyan: K\u00fclt\u00fcr\u00fcm\u00fcze sahip \u00e7\u0131kmazsak yok olup gidecek, \u00fczerime d\u00fc\u015feni melodilerimle yapmaya \u00e7al\u0131\u015f\u0131yorum - Bati Ermenistan Ve Bati Ermenileri Sorunlari Ara\u015ftirmalar Merkezi\",\"isPartOf\":{\"@id\":\"https:\\\/\\\/akunq.net\\\/tr\\\/#website\"},\"primaryImageOfPage\":{\"@id\":\"https:\\\/\\\/akunq.net\\\/tr\\\/?p=67524#primaryimage\"},\"image\":{\"@id\":\"https:\\\/\\\/akunq.net\\\/tr\\\/?p=67524#primaryimage\"},\"thumbnailUrl\":\"https:\\\/\\\/akunq.net\\\/tr\\\/wp-content\\\/uploads\\\/sites\\\/6\\\/2022\\\/03\\\/Aliciyan.png\",\"datePublished\":\"2022-03-17T06:36:15+00:00\",\"author\":{\"@id\":\"https:\\\/\\\/akunq.net\\\/tr\\\/#\\\/schema\\\/person\\\/096f1d38a12cce57fb855b485ed24c9e\"},\"breadcrumb\":{\"@id\":\"https:\\\/\\\/akunq.net\\\/tr\\\/?p=67524#breadcrumb\"},\"inLanguage\":\"en-US\",\"potentialAction\":[{\"@type\":\"ReadAction\",\"target\":[\"https:\\\/\\\/akunq.net\\\/tr\\\/?p=67524\"]}]},{\"@type\":\"ImageObject\",\"inLanguage\":\"en-US\",\"@id\":\"https:\\\/\\\/akunq.net\\\/tr\\\/?p=67524#primaryimage\",\"url\":\"https:\\\/\\\/akunq.net\\\/tr\\\/wp-content\\\/uploads\\\/sites\\\/6\\\/2022\\\/03\\\/Aliciyan.png\",\"contentUrl\":\"https:\\\/\\\/akunq.net\\\/tr\\\/wp-content\\\/uploads\\\/sites\\\/6\\\/2022\\\/03\\\/Aliciyan.png\",\"width\":842,\"height\":478},{\"@type\":\"BreadcrumbList\",\"@id\":\"https:\\\/\\\/akunq.net\\\/tr\\\/?p=67524#breadcrumb\",\"itemListElement\":[{\"@type\":\"ListItem\",\"position\":1,\"name\":\"Home\",\"item\":\"https:\\\/\\\/akunq.net\\\/tr\"},{\"@type\":\"ListItem\",\"position\":2,\"name\":\"Ermeni besteci Aliciyan: K\u00fclt\u00fcr\u00fcm\u00fcze sahip \u00e7\u0131kmazsak yok olup gidecek, \u00fczerime d\u00fc\u015feni melodilerimle yapmaya \u00e7al\u0131\u015f\u0131yorum\"}]},{\"@type\":\"WebSite\",\"@id\":\"https:\\\/\\\/akunq.net\\\/tr\\\/#website\",\"url\":\"https:\\\/\\\/akunq.net\\\/tr\\\/\",\"name\":\"Bati Ermenistan Ve Bati Ermenileri Sorunlari Ara\u015ftirmalar Merkezi\",\"description\":\"\",\"potentialAction\":[{\"@type\":\"SearchAction\",\"target\":{\"@type\":\"EntryPoint\",\"urlTemplate\":\"https:\\\/\\\/akunq.net\\\/tr\\\/?s={search_term_string}\"},\"query-input\":{\"@type\":\"PropertyValueSpecification\",\"valueRequired\":true,\"valueName\":\"search_term_string\"}}],\"inLanguage\":\"en-US\"},{\"@type\":\"Person\",\"@id\":\"https:\\\/\\\/akunq.net\\\/tr\\\/#\\\/schema\\\/person\\\/096f1d38a12cce57fb855b485ed24c9e\",\"name\":\"admin\",\"url\":\"https:\\\/\\\/akunq.net\\\/tr\\\/?author=7\"}]}<\/script>\n<!-- \/ Yoast SEO plugin. -->","yoast_head_json":{"title":"Ermeni besteci Aliciyan: K\u00fclt\u00fcr\u00fcm\u00fcze sahip \u00e7\u0131kmazsak yok olup gidecek, \u00fczerime d\u00fc\u015feni melodilerimle yapmaya \u00e7al\u0131\u015f\u0131yorum - Bati Ermenistan Ve Bati Ermenileri Sorunlari Ara\u015ftirmalar Merkezi","robots":{"index":"index","follow":"follow","max-snippet":"max-snippet:-1","max-image-preview":"max-image-preview:large","max-video-preview":"max-video-preview:-1"},"canonical":"https:\/\/akunq.net\/tr\/?p=67524","og_locale":"en_US","og_type":"article","og_title":"Ermeni besteci Aliciyan: K\u00fclt\u00fcr\u00fcm\u00fcze sahip \u00e7\u0131kmazsak yok olup gidecek, \u00fczerime d\u00fc\u015feni melodilerimle yapmaya \u00e7al\u0131\u015f\u0131yorum - Bati Ermenistan Ve Bati Ermenileri Sorunlari Ara\u015ftirmalar Merkezi","og_description":"\u0130stanbullu Ermeni sanat\u00e7\u0131\u00a0Ari Aliciyan\u00a0Ermenilerin bu y\u0131l \u015eubat ay\u0131nda girdikleri \u2018Pun Paregentan\u2019 ad\u0131n\u0131 verdikleri 40 g\u00fcn s\u00fcrecek oru\u00e7 d\u00f6neminden \u00f6nce kutlad\u0131klar\u0131 karnaval i\u00e7in &#8216;Pargentan&#8217; adl\u0131 bir eser besteledi. Gen\u00e7 sanat\u00e7\u0131 Aliciyan, yeni bestesi ve kariyeri ile ilgili\u00a0Ermenihaber.am&#8217;e konu\u015ftu.\u00a0 &#8211; M\u00fczik aktivitelerinizden bahsedebilir misiniz? Son zamanlarda yazar\u0131 siz oldu\u011funuz &#8220;Paregentan&#8221; \u015fark\u0131s\u0131n\u0131 m\u00fczikseverlerin be\u011fenisine sundunuz.\u00a0 \u015eark\u0131n\u0131n fikri nas\u0131l [&hellip;]","og_url":"https:\/\/akunq.net\/tr\/?p=67524","og_site_name":"Bati Ermenistan Ve Bati Ermenileri Sorunlari Ara\u015ftirmalar Merkezi","article_published_time":"2022-03-17T06:36:15+00:00","og_image":[{"width":842,"height":478,"url":"https:\/\/akunq.net\/tr\/wp-content\/uploads\/sites\/6\/2022\/03\/Aliciyan.png","type":"image\/png"}],"author":"admin","twitter_card":"summary_large_image","twitter_misc":{"Written by":"admin","Est. reading time":"4 minutes"},"schema":{"@context":"https:\/\/schema.org","@graph":[{"@type":"Article","@id":"https:\/\/akunq.net\/tr\/?p=67524#article","isPartOf":{"@id":"https:\/\/akunq.net\/tr\/?p=67524"},"author":{"name":"admin","@id":"https:\/\/akunq.net\/tr\/#\/schema\/person\/096f1d38a12cce57fb855b485ed24c9e"},"headline":"Ermeni besteci Aliciyan: K\u00fclt\u00fcr\u00fcm\u00fcze sahip \u00e7\u0131kmazsak yok olup gidecek, \u00fczerime d\u00fc\u015feni melodilerimle yapmaya \u00e7al\u0131\u015f\u0131yorum","datePublished":"2022-03-17T06:36:15+00:00","mainEntityOfPage":{"@id":"https:\/\/akunq.net\/tr\/?p=67524"},"wordCount":800,"commentCount":0,"image":{"@id":"https:\/\/akunq.net\/tr\/?p=67524#primaryimage"},"thumbnailUrl":"https:\/\/akunq.net\/tr\/wp-content\/uploads\/sites\/6\/2022\/03\/Aliciyan.png","articleSection":["G\u00fcn\u00fcm\u00fczde Bat\u0131 Ermenileri","Haberler","M\u00fclakatlar","\u015eark\u0131lar"],"inLanguage":"en-US","potentialAction":[{"@type":"CommentAction","name":"Comment","target":["https:\/\/akunq.net\/tr\/?p=67524#respond"]}]},{"@type":"WebPage","@id":"https:\/\/akunq.net\/tr\/?p=67524","url":"https:\/\/akunq.net\/tr\/?p=67524","name":"Ermeni besteci Aliciyan: K\u00fclt\u00fcr\u00fcm\u00fcze sahip \u00e7\u0131kmazsak yok olup gidecek, \u00fczerime d\u00fc\u015feni melodilerimle yapmaya \u00e7al\u0131\u015f\u0131yorum - Bati Ermenistan Ve Bati Ermenileri Sorunlari Ara\u015ftirmalar Merkezi","isPartOf":{"@id":"https:\/\/akunq.net\/tr\/#website"},"primaryImageOfPage":{"@id":"https:\/\/akunq.net\/tr\/?p=67524#primaryimage"},"image":{"@id":"https:\/\/akunq.net\/tr\/?p=67524#primaryimage"},"thumbnailUrl":"https:\/\/akunq.net\/tr\/wp-content\/uploads\/sites\/6\/2022\/03\/Aliciyan.png","datePublished":"2022-03-17T06:36:15+00:00","author":{"@id":"https:\/\/akunq.net\/tr\/#\/schema\/person\/096f1d38a12cce57fb855b485ed24c9e"},"breadcrumb":{"@id":"https:\/\/akunq.net\/tr\/?p=67524#breadcrumb"},"inLanguage":"en-US","potentialAction":[{"@type":"ReadAction","target":["https:\/\/akunq.net\/tr\/?p=67524"]}]},{"@type":"ImageObject","inLanguage":"en-US","@id":"https:\/\/akunq.net\/tr\/?p=67524#primaryimage","url":"https:\/\/akunq.net\/tr\/wp-content\/uploads\/sites\/6\/2022\/03\/Aliciyan.png","contentUrl":"https:\/\/akunq.net\/tr\/wp-content\/uploads\/sites\/6\/2022\/03\/Aliciyan.png","width":842,"height":478},{"@type":"BreadcrumbList","@id":"https:\/\/akunq.net\/tr\/?p=67524#breadcrumb","itemListElement":[{"@type":"ListItem","position":1,"name":"Home","item":"https:\/\/akunq.net\/tr"},{"@type":"ListItem","position":2,"name":"Ermeni besteci Aliciyan: K\u00fclt\u00fcr\u00fcm\u00fcze sahip \u00e7\u0131kmazsak yok olup gidecek, \u00fczerime d\u00fc\u015feni melodilerimle yapmaya \u00e7al\u0131\u015f\u0131yorum"}]},{"@type":"WebSite","@id":"https:\/\/akunq.net\/tr\/#website","url":"https:\/\/akunq.net\/tr\/","name":"Bati Ermenistan Ve Bati Ermenileri Sorunlari Ara\u015ftirmalar Merkezi","description":"","potentialAction":[{"@type":"SearchAction","target":{"@type":"EntryPoint","urlTemplate":"https:\/\/akunq.net\/tr\/?s={search_term_string}"},"query-input":{"@type":"PropertyValueSpecification","valueRequired":true,"valueName":"search_term_string"}}],"inLanguage":"en-US"},{"@type":"Person","@id":"https:\/\/akunq.net\/tr\/#\/schema\/person\/096f1d38a12cce57fb855b485ed24c9e","name":"admin","url":"https:\/\/akunq.net\/tr\/?author=7"}]}},"_links":{"self":[{"href":"https:\/\/akunq.net\/tr\/index.php?rest_route=\/wp\/v2\/posts\/67524","targetHints":{"allow":["GET"]}}],"collection":[{"href":"https:\/\/akunq.net\/tr\/index.php?rest_route=\/wp\/v2\/posts"}],"about":[{"href":"https:\/\/akunq.net\/tr\/index.php?rest_route=\/wp\/v2\/types\/post"}],"author":[{"embeddable":true,"href":"https:\/\/akunq.net\/tr\/index.php?rest_route=\/wp\/v2\/users\/7"}],"replies":[{"embeddable":true,"href":"https:\/\/akunq.net\/tr\/index.php?rest_route=%2Fwp%2Fv2%2Fcomments&post=67524"}],"version-history":[{"count":1,"href":"https:\/\/akunq.net\/tr\/index.php?rest_route=\/wp\/v2\/posts\/67524\/revisions"}],"predecessor-version":[{"id":67526,"href":"https:\/\/akunq.net\/tr\/index.php?rest_route=\/wp\/v2\/posts\/67524\/revisions\/67526"}],"wp:featuredmedia":[{"embeddable":true,"href":"https:\/\/akunq.net\/tr\/index.php?rest_route=\/wp\/v2\/media\/67525"}],"wp:attachment":[{"href":"https:\/\/akunq.net\/tr\/index.php?rest_route=%2Fwp%2Fv2%2Fmedia&parent=67524"}],"wp:term":[{"taxonomy":"category","embeddable":true,"href":"https:\/\/akunq.net\/tr\/index.php?rest_route=%2Fwp%2Fv2%2Fcategories&post=67524"},{"taxonomy":"post_tag","embeddable":true,"href":"https:\/\/akunq.net\/tr\/index.php?rest_route=%2Fwp%2Fv2%2Ftags&post=67524"}],"curies":[{"name":"wp","href":"https:\/\/api.w.org\/{rel}","templated":true}]}}