{"id":67518,"date":"2022-03-16T06:36:58","date_gmt":"2022-03-16T11:36:58","guid":{"rendered":"https:\/\/akunq.net\/tr\/?p=67518"},"modified":"2022-03-16T06:36:58","modified_gmt":"2022-03-16T11:36:58","slug":"deva-partisi-diyarbakir-il-orgutu-halepce-katliami-soykirim-olarak-taninmali","status":"publish","type":"post","link":"https:\/\/akunq.net\/tr\/?p=67518","title":{"rendered":"DEVA Partisi Diyarbak\u0131r \u0130l \u00d6rg\u00fct\u00fc: Halep\u00e7e Katliam\u0131 soyk\u0131r\u0131m olarak tan\u0131nmal\u0131"},"content":{"rendered":"<p><img loading=\"lazy\" decoding=\"async\" class=\"aligncenter size-medium wp-image-67519\" src=\"https:\/\/akunq.net\/tr\/wp-content\/uploads\/2022\/03\/Halep\u00e7e-Katliam\u0131-1-360x208.jpeg\" alt=\"\" width=\"360\" height=\"208\" srcset=\"https:\/\/akunq.net\/tr\/wp-content\/uploads\/sites\/6\/2022\/03\/Halep\u00e7e-Katliam\u0131-1-360x208.jpeg 360w, https:\/\/akunq.net\/tr\/wp-content\/uploads\/sites\/6\/2022\/03\/Halep\u00e7e-Katliam\u0131-1-768x444.jpeg 768w, https:\/\/akunq.net\/tr\/wp-content\/uploads\/sites\/6\/2022\/03\/Halep\u00e7e-Katliam\u0131-1-560x324.jpeg 560w, https:\/\/akunq.net\/tr\/wp-content\/uploads\/sites\/6\/2022\/03\/Halep\u00e7e-Katliam\u0131-1-260x150.jpeg 260w, https:\/\/akunq.net\/tr\/wp-content\/uploads\/sites\/6\/2022\/03\/Halep\u00e7e-Katliam\u0131-1-160x93.jpeg 160w, https:\/\/akunq.net\/tr\/wp-content\/uploads\/sites\/6\/2022\/03\/Halep\u00e7e-Katliam\u0131-1.jpeg 800w\" sizes=\"auto, (max-width: 360px) 100vw, 360px\" \/><\/p>\n<p><em><strong>DEVA Partisi Diyarbak\u0131r \u0130l Ba\u015fkan\u0131 Av. Cihan \u00dclsen, Bat\u0131\u2019dan al\u0131nan kimyasal silahlar\u0131n Halep\u00e7e\u2019de kullan\u0131ld\u0131\u011f\u0131na dikkat \u00e7ekti.<\/strong><\/em><\/p>\n<p>DEVA Partisi, Irak\u2019\u0131n Halep\u00e7e kentinde devrik lider Saddam H\u00fcseyin d\u00f6neminde K\u00fcrtlere y\u00f6nelik ger\u00e7ekle\u015ftirilen katliam\u0131n soyk\u0131r\u0131m olarak tan\u0131nmas\u0131 \u00e7a\u011fr\u0131s\u0131nda bulundu.<\/p>\n<p>DEVA Partisi Diyarbak\u0131r \u0130l Ba\u015fkan\u0131 Av. Cihan \u00dclsen, Halep\u00e7e katliam\u0131n\u0131n 34\u2019\u00fcnc\u00fc y\u0131ld\u00f6n\u00fcm\u00fc dolay\u0131s\u0131yla yaz\u0131l\u0131 bir a\u00e7\u0131klama yapt\u0131. \u00dclsen yapt\u0131\u011f\u0131 yaz\u0131l\u0131 a\u00e7\u0131klamada, \u201cHalep\u00e7e Katliam\u0131 Soyk\u0131r\u0131md\u0131r, Soyk\u0131r\u0131m Olarak Tan\u0131nmal\u0131d\u0131r!\u201d ded DEVA Partisi Diyarbak\u0131r \u0130l Ba\u015fkan\u0131 Av. Cihan \u00dclsen\u2019in Halep\u00e7e Katliam\u0131\u2019n\u0131n 34. y\u0131ld\u00f6n\u00fcm\u00fc dolay\u0131s\u0131yla a\u00e7\u0131klama yapt\u0131.<\/p>\n<p>A\u00e7\u0131klama da \u015fu ifadelere yer verildi:<\/p>\n<p>\u201c16 Mart 1988 tarihinde K\u00fcrtlere kar\u015f\u0131 tarihin tan\u0131k oldu\u011fu en a\u011f\u0131r ve en utan\u00e7 verici insanl\u0131k su\u00e7lar\u0131ndan bir i\u015flendi. Irk\u00e7\u0131 ve gaddar Ba Rejimi g\u00fc\u00e7lerince G\u00fcney K\u00fcrdistan\u2019\u0131n Halep\u00e7e \u015fehrinde kimyasal silahlarla K\u00fcrt halk\u0131 soyk\u0131r\u0131ma tabi tutuldu.<\/p>\n<p>\u201cEnfal Harek\u00e2t\u0131\u201d ad\u0131yla ba\u015flat\u0131lan; K\u00fcrtlere kar\u015f\u0131 i\u015fkence, idam, k\u00f6ylerin y\u0131k\u0131larak bo\u015falt\u0131lmas\u0131 ve talan edilmesi ile devam eden harek\u00e2 1988 y\u0131l\u0131nda bir insanl\u0131k su\u00e7u olan soyk\u0131r\u0131mla zirveye ula\u015ft\u0131. Yeniden do\u011fu\u015fun ve \u00f6zg\u00fcrl\u00fc\u011f\u00fcn habercisi olan Newroz\u2019a g\u00fcnler kala Halep semalar\u0131na \u00f6l\u00fcm bulutlar\u0131 \u00e7\u00f6km\u00fc\u015ft\u00fc. Bir bahar sabah\u0131 kimyasal silahlarla \u00e7o\u011fu \u00e7ocuk, kad\u0131n ve ya\u015fl\u0131lardan olu\u015fan t\u00fcm\u00fcyle sivil, be\u015f binden fazla insan katledildi, yedi binden fazla insan kal\u0131c\u0131 \u015fekilde sakat kald\u0131. Enfal Harek\u00e2t\u0131 s\u00fcresince, 1986-1989 y\u0131llar\u0131 aras\u0131nda 150.000\u2019den fazla K\u00fcrt katledildi.<\/p>\n<p>Halep\u00e7e\u2019de K\u00fcrtlere kar\u015f\u0131 kimyasal silahlarla K\u00fcrt halk\u0131na y\u00f6nelik ger\u00e7ekle\u015ftirilen eylemler soyk\u0131r\u0131m su\u00e7unun t\u00fcm unsurlar\u0131n\u0131 olu\u015fturmaktad\u0131r. 1948 tarihli Birle\u015fmi\u015f Milletler (BM) Soyk\u0131r\u0131m Su\u00e7unun \u00d6nlenmesi ve Cezaland\u0131r\u0131lmas\u0131na Dair S\u00f6zle\u015fmenin 2. Maddesin g\u00f6re; \u201c.ulusal, etnik, \u0131rksal veya dinsel bir grubu, k\u0131smen veya tamamen ortadan kald\u0131rmak amac\u0131yla gruba mensup olanlar\u0131n \u00f6ld\u00fcr\u00fclmesi, grubun mensuplar\u0131na ciddi surette bedensel veya zihinsel zarar verilmesi, grubun b\u00fct\u00fcn\u00fcyle veya k\u0131smen, fiziksel varl\u0131\u011f\u0131n ortadan kald\u0131raca\u011f\u0131 hesaplanarak ya\u015fam \u015fartlar\u0131n\u0131 kasten de\u011fi\u015ftirilmesi\u2026 gibi eylemler soyk\u0131r\u0131m su\u00e7unu olu\u015fturmaktad\u0131r.<\/p>\n<p>Bu s\u00f6zle\u015fme h\u00fck\u00fcmleri ayn\u0131 zamanda soyk\u0131r\u0131m su\u00e7unun faillerinin bir uluslararas\u0131 ceza mahkemesinde yarg\u0131lanmas\u0131n\u0131 da \u00f6ng\u00f6rm\u00fc\u015ft\u00fcr. Kimyasal silahlar\u0131n kullan\u0131lmas\u0131 daha 1925 y\u0131l\u0131nda, Cenevre Antla\u015fmas\u0131yla yasaklanm\u0131\u015f, daha sonra bir dizi ba\u015fka s\u00f6zle\u015fme ile kimyasal silahlar\u0131n kullan\u0131lmas\u0131 sava\u015f su\u00e7u olarak d\u00fczenlenmi\u015ftir. \u00d6te yandan insani hukukun \u00e7er\u00e7evesini olu\u015fturan D\u00f6rt Cenevre S\u00f6zle\u015fmesinin ortak 3. Maddesi de; niteli\u011fi ne olursa olsun her t\u00fcrl\u00fc sava\u015f ve \u00e7at\u0131\u015fmada sivillerin ve sivil yerle\u015fim birimlerinin askeri hedef olamayaca\u011f\u0131n\u0131 d\u00fczenlemi\u015ftir. K\u00fcrt toplumu uluslararas\u0131 hukukun en a\u011f\u0131r su\u00e7lar olarak d\u00fczenledi\u011fi sava\u015f su\u00e7u, soyk\u0131r\u0131m su\u00e7u ve insanl\u0131\u011fa kar\u015f\u0131 su\u00e7lar\u0131n t\u00fcm\u00fcne maruz kalm\u0131\u015ft\u0131r.<\/p>\n<p>Uluslararas\u0131 toplum, K\u00fcrt halk\u0131na kar\u015f\u0131 Halep\u00e7e\u2019de i\u015flenen soyk\u0131r\u0131m su\u00e7una kar\u015f\u0131 sessiz kalm\u0131\u015f, kendi temel belgelerinden ve hukukundan kaynaklanan sorumluluklar\u0131n\u0131 yerine getirmemi\u015ftir. Hatta Saddam Rejimi, kimyasal silahlar\u0131 bat\u0131l\u0131 \u00fclkelerden Almanya\u2019dan sa\u011flam\u0131\u015f ve BM G\u00fcvenlik Konseyi \u00fcyesi, Sovyet Sosyalist Cumhuriyetler Birli\u011fi yap\u0131m\u0131 Mig-23 u\u00e7aklar\u0131ndan, kimyasal gazlarla \u00f6l\u00fcm ya\u011fd\u0131r\u0131lm\u0131\u015ft\u0131r. Halep\u00e7e ayn\u0131 zaman uluslararas\u0131 toplum i\u00e7in de bir utan\u00e7 sayfas\u0131d\u0131r. Ne yaz\u0131k ki, Halep\u00e7e Soyk\u0131r\u0131m\u0131ndan sorumlu Devrik<\/p>\n<p>Irak Diktat\u00f6r\u00fc Saddam H\u00fcseyin ve \u201cKimyasal Ali\u201d lakapl\u0131 Hasan Ali El Mecid El Tikriti de, Halep\u00e7e Jenosidinden yarg\u0131lanmam\u0131\u015f ve cezaland\u0131r\u0131lmam\u0131\u015ft\u0131r.<\/p>\n<p>Belirtmeliyiz ki de\u011fi\u015fen siyasal iktidarlara, s\u0131n\u0131r ve \u015fartlara ra\u011fmen; kimyasal silahlar\u0131n \u00fcretimi, silah pazarlar\u0131, sava\u015flar, katliamlar, insanl\u0131k su\u00e7lar\u0131 devam etmektedir. Nitekim b\u00f6lgemizde ya\u015fananlar Halep\u00e7e ve benzeri soyk\u0131r\u0131mlar\u0131n halen ya\u015fanabildi\u011fini g\u00f6stermektedir. \u0130nsanl\u0131\u011f\u0131n bir b\u00fct\u00fcn halinde yeni Halep\u00e7eleri ya\u015famamas\u0131 i\u00e7in g\u00fc\u00e7l\u00fc bir ses ve tav\u0131r ortaya koymalar\u0131 gerekmektedir. Bu g\u00fcn ge\u00e7 de olsa d\u00fcnyada baz\u0131 \u00fclkelerin parlamentolari (isve\u00e7, Norve\u00e7 ve ingiltere Halep\u2019\u00e7e Soyk\u0131r\u0131m\u0131n\u0131 \u201cJenosit\u201d olarak tan\u0131ma karar\u0131 alm\u0131\u015ft\u0131r. Deva Partisi Diyarbak\u0131r il Ba\u015fkanl\u0131\u011f\u0131 olarak; binlerce insan\u0131n ya\u015fam hakk\u0131n\u0131n ihlal edildi\u011fi Halep\u00e7e katliam\u0131n\u0131n 34. y\u0131ld\u00f6n\u00fcm\u00fcnde bir kez daha Halep\u00e7e \u00f6zelinde insanl\u0131\u011fa bu ac\u0131lar\u0131 ya\u015fatanlar\u0131 k\u0131n\u0131yoruz. B\u00fct\u00fcn insanl\u0131k taraf\u0131ndan lanetlenmesi gereken Halep\u00e7e Soyk\u0131r\u0131m\u0131n\u0131 unutmayaca\u011f\u0131z, Unutturmayaca\u011f\u0131z!\u201d<\/p>\n<hr \/>\n<p><em><strong><a href=\"https:\/\/artigercek.com\/haberler\/deva-partisi-diyarbakir-il-orgutu-halepce-katliami-soykirim-olarak-taninmali\" target=\"_blank\" rel=\"noopener noreferrer\">Art\u0131 Ger\u00e7ek<\/a>\u00a0<\/strong><\/em><\/p>\n","protected":false},"excerpt":{"rendered":"<p>DEVA Partisi Diyarbak\u0131r \u0130l Ba\u015fkan\u0131 Av. Cihan \u00dclsen, Bat\u0131\u2019dan al\u0131nan kimyasal silahlar\u0131n Halep\u00e7e\u2019de kullan\u0131ld\u0131\u011f\u0131na dikkat \u00e7ekti. DEVA Partisi, Irak\u2019\u0131n Halep\u00e7e kentinde devrik lider Saddam H\u00fcseyin d\u00f6neminde K\u00fcrtlere y\u00f6nelik ger\u00e7ekle\u015ftirilen katliam\u0131n soyk\u0131r\u0131m olarak tan\u0131nmas\u0131 \u00e7a\u011fr\u0131s\u0131nda bulundu. DEVA Partisi Diyarbak\u0131r \u0130l Ba\u015fkan\u0131 Av. Cihan \u00dclsen, Halep\u00e7e katliam\u0131n\u0131n 34\u2019\u00fcnc\u00fc y\u0131ld\u00f6n\u00fcm\u00fc dolay\u0131s\u0131yla yaz\u0131l\u0131 bir a\u00e7\u0131klama yapt\u0131. \u00dclsen yapt\u0131\u011f\u0131 yaz\u0131l\u0131 [&hellip;]<\/p>\n","protected":false},"author":7,"featured_media":67519,"comment_status":"open","ping_status":"open","sticky":false,"template":"","format":"standard","meta":{"footnotes":""},"categories":[1],"tags":[],"class_list":["post-67518","post","type-post","status-publish","format-standard","has-post-thumbnail","hentry","category-haberler"],"yoast_head":"<!-- This site is optimized with the Yoast SEO plugin v27.4 - https:\/\/yoast.com\/product\/yoast-seo-wordpress\/ -->\n<title>DEVA Partisi Diyarbak\u0131r \u0130l \u00d6rg\u00fct\u00fc: Halep\u00e7e Katliam\u0131 soyk\u0131r\u0131m olarak tan\u0131nmal\u0131 - Bati Ermenistan Ve Bati Ermenileri Sorunlari Ara\u015ftirmalar Merkezi<\/title>\n<meta name=\"robots\" content=\"index, follow, max-snippet:-1, max-image-preview:large, max-video-preview:-1\" \/>\n<link rel=\"canonical\" href=\"https:\/\/akunq.net\/tr\/?p=67518\" \/>\n<meta property=\"og:locale\" content=\"en_US\" \/>\n<meta property=\"og:type\" content=\"article\" \/>\n<meta property=\"og:title\" content=\"DEVA Partisi Diyarbak\u0131r \u0130l \u00d6rg\u00fct\u00fc: Halep\u00e7e Katliam\u0131 soyk\u0131r\u0131m olarak tan\u0131nmal\u0131 - Bati Ermenistan Ve Bati Ermenileri Sorunlari Ara\u015ftirmalar Merkezi\" \/>\n<meta property=\"og:description\" content=\"DEVA Partisi Diyarbak\u0131r \u0130l Ba\u015fkan\u0131 Av. Cihan \u00dclsen, Bat\u0131\u2019dan al\u0131nan kimyasal silahlar\u0131n Halep\u00e7e\u2019de kullan\u0131ld\u0131\u011f\u0131na dikkat \u00e7ekti. DEVA Partisi, Irak\u2019\u0131n Halep\u00e7e kentinde devrik lider Saddam H\u00fcseyin d\u00f6neminde K\u00fcrtlere y\u00f6nelik ger\u00e7ekle\u015ftirilen katliam\u0131n soyk\u0131r\u0131m olarak tan\u0131nmas\u0131 \u00e7a\u011fr\u0131s\u0131nda bulundu. DEVA Partisi Diyarbak\u0131r \u0130l Ba\u015fkan\u0131 Av. Cihan \u00dclsen, Halep\u00e7e katliam\u0131n\u0131n 34\u2019\u00fcnc\u00fc y\u0131ld\u00f6n\u00fcm\u00fc dolay\u0131s\u0131yla yaz\u0131l\u0131 bir a\u00e7\u0131klama yapt\u0131. \u00dclsen yapt\u0131\u011f\u0131 yaz\u0131l\u0131 [&hellip;]\" \/>\n<meta property=\"og:url\" content=\"https:\/\/akunq.net\/tr\/?p=67518\" \/>\n<meta property=\"og:site_name\" content=\"Bati Ermenistan Ve Bati Ermenileri Sorunlari Ara\u015ftirmalar Merkezi\" \/>\n<meta property=\"article:published_time\" content=\"2022-03-16T11:36:58+00:00\" \/>\n<meta property=\"og:image\" content=\"https:\/\/akunq.net\/tr\/wp-content\/uploads\/sites\/6\/2022\/03\/Halep\u00e7e-Katliam\u0131-1.jpeg\" \/>\n\t<meta property=\"og:image:width\" content=\"800\" \/>\n\t<meta property=\"og:image:height\" content=\"463\" \/>\n\t<meta property=\"og:image:type\" content=\"image\/jpeg\" \/>\n<meta name=\"author\" content=\"admin\" \/>\n<meta name=\"twitter:card\" content=\"summary_large_image\" \/>\n<meta name=\"twitter:label1\" content=\"Written by\" \/>\n\t<meta name=\"twitter:data1\" content=\"admin\" \/>\n\t<meta name=\"twitter:label2\" content=\"Est. reading time\" \/>\n\t<meta name=\"twitter:data2\" content=\"4 minutes\" \/>\n<script type=\"application\/ld+json\" class=\"yoast-schema-graph\">{\"@context\":\"https:\\\/\\\/schema.org\",\"@graph\":[{\"@type\":\"Article\",\"@id\":\"https:\\\/\\\/akunq.net\\\/tr\\\/?p=67518#article\",\"isPartOf\":{\"@id\":\"https:\\\/\\\/akunq.net\\\/tr\\\/?p=67518\"},\"author\":{\"name\":\"admin\",\"@id\":\"https:\\\/\\\/akunq.net\\\/tr\\\/#\\\/schema\\\/person\\\/096f1d38a12cce57fb855b485ed24c9e\"},\"headline\":\"DEVA Partisi Diyarbak\u0131r \u0130l \u00d6rg\u00fct\u00fc: Halep\u00e7e Katliam\u0131 soyk\u0131r\u0131m olarak tan\u0131nmal\u0131\",\"datePublished\":\"2022-03-16T11:36:58+00:00\",\"mainEntityOfPage\":{\"@id\":\"https:\\\/\\\/akunq.net\\\/tr\\\/?p=67518\"},\"wordCount\":877,\"commentCount\":0,\"image\":{\"@id\":\"https:\\\/\\\/akunq.net\\\/tr\\\/?p=67518#primaryimage\"},\"thumbnailUrl\":\"https:\\\/\\\/akunq.net\\\/tr\\\/wp-content\\\/uploads\\\/sites\\\/6\\\/2022\\\/03\\\/Halep\u00e7e-Katliam\u0131-1.jpeg\",\"articleSection\":[\"Haberler\"],\"inLanguage\":\"en-US\",\"potentialAction\":[{\"@type\":\"CommentAction\",\"name\":\"Comment\",\"target\":[\"https:\\\/\\\/akunq.net\\\/tr\\\/?p=67518#respond\"]}]},{\"@type\":\"WebPage\",\"@id\":\"https:\\\/\\\/akunq.net\\\/tr\\\/?p=67518\",\"url\":\"https:\\\/\\\/akunq.net\\\/tr\\\/?p=67518\",\"name\":\"DEVA Partisi Diyarbak\u0131r \u0130l \u00d6rg\u00fct\u00fc: Halep\u00e7e Katliam\u0131 soyk\u0131r\u0131m olarak tan\u0131nmal\u0131 - Bati Ermenistan Ve Bati Ermenileri Sorunlari Ara\u015ftirmalar Merkezi\",\"isPartOf\":{\"@id\":\"https:\\\/\\\/akunq.net\\\/tr\\\/#website\"},\"primaryImageOfPage\":{\"@id\":\"https:\\\/\\\/akunq.net\\\/tr\\\/?p=67518#primaryimage\"},\"image\":{\"@id\":\"https:\\\/\\\/akunq.net\\\/tr\\\/?p=67518#primaryimage\"},\"thumbnailUrl\":\"https:\\\/\\\/akunq.net\\\/tr\\\/wp-content\\\/uploads\\\/sites\\\/6\\\/2022\\\/03\\\/Halep\u00e7e-Katliam\u0131-1.jpeg\",\"datePublished\":\"2022-03-16T11:36:58+00:00\",\"author\":{\"@id\":\"https:\\\/\\\/akunq.net\\\/tr\\\/#\\\/schema\\\/person\\\/096f1d38a12cce57fb855b485ed24c9e\"},\"breadcrumb\":{\"@id\":\"https:\\\/\\\/akunq.net\\\/tr\\\/?p=67518#breadcrumb\"},\"inLanguage\":\"en-US\",\"potentialAction\":[{\"@type\":\"ReadAction\",\"target\":[\"https:\\\/\\\/akunq.net\\\/tr\\\/?p=67518\"]}]},{\"@type\":\"ImageObject\",\"inLanguage\":\"en-US\",\"@id\":\"https:\\\/\\\/akunq.net\\\/tr\\\/?p=67518#primaryimage\",\"url\":\"https:\\\/\\\/akunq.net\\\/tr\\\/wp-content\\\/uploads\\\/sites\\\/6\\\/2022\\\/03\\\/Halep\u00e7e-Katliam\u0131-1.jpeg\",\"contentUrl\":\"https:\\\/\\\/akunq.net\\\/tr\\\/wp-content\\\/uploads\\\/sites\\\/6\\\/2022\\\/03\\\/Halep\u00e7e-Katliam\u0131-1.jpeg\",\"width\":800,\"height\":463},{\"@type\":\"BreadcrumbList\",\"@id\":\"https:\\\/\\\/akunq.net\\\/tr\\\/?p=67518#breadcrumb\",\"itemListElement\":[{\"@type\":\"ListItem\",\"position\":1,\"name\":\"Home\",\"item\":\"https:\\\/\\\/akunq.net\\\/tr\"},{\"@type\":\"ListItem\",\"position\":2,\"name\":\"DEVA Partisi Diyarbak\u0131r \u0130l \u00d6rg\u00fct\u00fc: Halep\u00e7e Katliam\u0131 soyk\u0131r\u0131m olarak tan\u0131nmal\u0131\"}]},{\"@type\":\"WebSite\",\"@id\":\"https:\\\/\\\/akunq.net\\\/tr\\\/#website\",\"url\":\"https:\\\/\\\/akunq.net\\\/tr\\\/\",\"name\":\"Bati Ermenistan Ve Bati Ermenileri Sorunlari Ara\u015ftirmalar Merkezi\",\"description\":\"\",\"potentialAction\":[{\"@type\":\"SearchAction\",\"target\":{\"@type\":\"EntryPoint\",\"urlTemplate\":\"https:\\\/\\\/akunq.net\\\/tr\\\/?s={search_term_string}\"},\"query-input\":{\"@type\":\"PropertyValueSpecification\",\"valueRequired\":true,\"valueName\":\"search_term_string\"}}],\"inLanguage\":\"en-US\"},{\"@type\":\"Person\",\"@id\":\"https:\\\/\\\/akunq.net\\\/tr\\\/#\\\/schema\\\/person\\\/096f1d38a12cce57fb855b485ed24c9e\",\"name\":\"admin\",\"url\":\"https:\\\/\\\/akunq.net\\\/tr\\\/?author=7\"}]}<\/script>\n<!-- \/ Yoast SEO plugin. -->","yoast_head_json":{"title":"DEVA Partisi Diyarbak\u0131r \u0130l \u00d6rg\u00fct\u00fc: Halep\u00e7e Katliam\u0131 soyk\u0131r\u0131m olarak tan\u0131nmal\u0131 - Bati Ermenistan Ve Bati Ermenileri Sorunlari Ara\u015ftirmalar Merkezi","robots":{"index":"index","follow":"follow","max-snippet":"max-snippet:-1","max-image-preview":"max-image-preview:large","max-video-preview":"max-video-preview:-1"},"canonical":"https:\/\/akunq.net\/tr\/?p=67518","og_locale":"en_US","og_type":"article","og_title":"DEVA Partisi Diyarbak\u0131r \u0130l \u00d6rg\u00fct\u00fc: Halep\u00e7e Katliam\u0131 soyk\u0131r\u0131m olarak tan\u0131nmal\u0131 - Bati Ermenistan Ve Bati Ermenileri Sorunlari Ara\u015ftirmalar Merkezi","og_description":"DEVA Partisi Diyarbak\u0131r \u0130l Ba\u015fkan\u0131 Av. Cihan \u00dclsen, Bat\u0131\u2019dan al\u0131nan kimyasal silahlar\u0131n Halep\u00e7e\u2019de kullan\u0131ld\u0131\u011f\u0131na dikkat \u00e7ekti. DEVA Partisi, Irak\u2019\u0131n Halep\u00e7e kentinde devrik lider Saddam H\u00fcseyin d\u00f6neminde K\u00fcrtlere y\u00f6nelik ger\u00e7ekle\u015ftirilen katliam\u0131n soyk\u0131r\u0131m olarak tan\u0131nmas\u0131 \u00e7a\u011fr\u0131s\u0131nda bulundu. DEVA Partisi Diyarbak\u0131r \u0130l Ba\u015fkan\u0131 Av. Cihan \u00dclsen, Halep\u00e7e katliam\u0131n\u0131n 34\u2019\u00fcnc\u00fc y\u0131ld\u00f6n\u00fcm\u00fc dolay\u0131s\u0131yla yaz\u0131l\u0131 bir a\u00e7\u0131klama yapt\u0131. \u00dclsen yapt\u0131\u011f\u0131 yaz\u0131l\u0131 [&hellip;]","og_url":"https:\/\/akunq.net\/tr\/?p=67518","og_site_name":"Bati Ermenistan Ve Bati Ermenileri Sorunlari Ara\u015ftirmalar Merkezi","article_published_time":"2022-03-16T11:36:58+00:00","og_image":[{"width":800,"height":463,"url":"https:\/\/akunq.net\/tr\/wp-content\/uploads\/sites\/6\/2022\/03\/Halep\u00e7e-Katliam\u0131-1.jpeg","type":"image\/jpeg"}],"author":"admin","twitter_card":"summary_large_image","twitter_misc":{"Written by":"admin","Est. reading time":"4 minutes"},"schema":{"@context":"https:\/\/schema.org","@graph":[{"@type":"Article","@id":"https:\/\/akunq.net\/tr\/?p=67518#article","isPartOf":{"@id":"https:\/\/akunq.net\/tr\/?p=67518"},"author":{"name":"admin","@id":"https:\/\/akunq.net\/tr\/#\/schema\/person\/096f1d38a12cce57fb855b485ed24c9e"},"headline":"DEVA Partisi Diyarbak\u0131r \u0130l \u00d6rg\u00fct\u00fc: Halep\u00e7e Katliam\u0131 soyk\u0131r\u0131m olarak tan\u0131nmal\u0131","datePublished":"2022-03-16T11:36:58+00:00","mainEntityOfPage":{"@id":"https:\/\/akunq.net\/tr\/?p=67518"},"wordCount":877,"commentCount":0,"image":{"@id":"https:\/\/akunq.net\/tr\/?p=67518#primaryimage"},"thumbnailUrl":"https:\/\/akunq.net\/tr\/wp-content\/uploads\/sites\/6\/2022\/03\/Halep\u00e7e-Katliam\u0131-1.jpeg","articleSection":["Haberler"],"inLanguage":"en-US","potentialAction":[{"@type":"CommentAction","name":"Comment","target":["https:\/\/akunq.net\/tr\/?p=67518#respond"]}]},{"@type":"WebPage","@id":"https:\/\/akunq.net\/tr\/?p=67518","url":"https:\/\/akunq.net\/tr\/?p=67518","name":"DEVA Partisi Diyarbak\u0131r \u0130l \u00d6rg\u00fct\u00fc: Halep\u00e7e Katliam\u0131 soyk\u0131r\u0131m olarak tan\u0131nmal\u0131 - Bati Ermenistan Ve Bati Ermenileri Sorunlari Ara\u015ftirmalar Merkezi","isPartOf":{"@id":"https:\/\/akunq.net\/tr\/#website"},"primaryImageOfPage":{"@id":"https:\/\/akunq.net\/tr\/?p=67518#primaryimage"},"image":{"@id":"https:\/\/akunq.net\/tr\/?p=67518#primaryimage"},"thumbnailUrl":"https:\/\/akunq.net\/tr\/wp-content\/uploads\/sites\/6\/2022\/03\/Halep\u00e7e-Katliam\u0131-1.jpeg","datePublished":"2022-03-16T11:36:58+00:00","author":{"@id":"https:\/\/akunq.net\/tr\/#\/schema\/person\/096f1d38a12cce57fb855b485ed24c9e"},"breadcrumb":{"@id":"https:\/\/akunq.net\/tr\/?p=67518#breadcrumb"},"inLanguage":"en-US","potentialAction":[{"@type":"ReadAction","target":["https:\/\/akunq.net\/tr\/?p=67518"]}]},{"@type":"ImageObject","inLanguage":"en-US","@id":"https:\/\/akunq.net\/tr\/?p=67518#primaryimage","url":"https:\/\/akunq.net\/tr\/wp-content\/uploads\/sites\/6\/2022\/03\/Halep\u00e7e-Katliam\u0131-1.jpeg","contentUrl":"https:\/\/akunq.net\/tr\/wp-content\/uploads\/sites\/6\/2022\/03\/Halep\u00e7e-Katliam\u0131-1.jpeg","width":800,"height":463},{"@type":"BreadcrumbList","@id":"https:\/\/akunq.net\/tr\/?p=67518#breadcrumb","itemListElement":[{"@type":"ListItem","position":1,"name":"Home","item":"https:\/\/akunq.net\/tr"},{"@type":"ListItem","position":2,"name":"DEVA Partisi Diyarbak\u0131r \u0130l \u00d6rg\u00fct\u00fc: Halep\u00e7e Katliam\u0131 soyk\u0131r\u0131m olarak tan\u0131nmal\u0131"}]},{"@type":"WebSite","@id":"https:\/\/akunq.net\/tr\/#website","url":"https:\/\/akunq.net\/tr\/","name":"Bati Ermenistan Ve Bati Ermenileri Sorunlari Ara\u015ftirmalar Merkezi","description":"","potentialAction":[{"@type":"SearchAction","target":{"@type":"EntryPoint","urlTemplate":"https:\/\/akunq.net\/tr\/?s={search_term_string}"},"query-input":{"@type":"PropertyValueSpecification","valueRequired":true,"valueName":"search_term_string"}}],"inLanguage":"en-US"},{"@type":"Person","@id":"https:\/\/akunq.net\/tr\/#\/schema\/person\/096f1d38a12cce57fb855b485ed24c9e","name":"admin","url":"https:\/\/akunq.net\/tr\/?author=7"}]}},"_links":{"self":[{"href":"https:\/\/akunq.net\/tr\/index.php?rest_route=\/wp\/v2\/posts\/67518","targetHints":{"allow":["GET"]}}],"collection":[{"href":"https:\/\/akunq.net\/tr\/index.php?rest_route=\/wp\/v2\/posts"}],"about":[{"href":"https:\/\/akunq.net\/tr\/index.php?rest_route=\/wp\/v2\/types\/post"}],"author":[{"embeddable":true,"href":"https:\/\/akunq.net\/tr\/index.php?rest_route=\/wp\/v2\/users\/7"}],"replies":[{"embeddable":true,"href":"https:\/\/akunq.net\/tr\/index.php?rest_route=%2Fwp%2Fv2%2Fcomments&post=67518"}],"version-history":[{"count":1,"href":"https:\/\/akunq.net\/tr\/index.php?rest_route=\/wp\/v2\/posts\/67518\/revisions"}],"predecessor-version":[{"id":67520,"href":"https:\/\/akunq.net\/tr\/index.php?rest_route=\/wp\/v2\/posts\/67518\/revisions\/67520"}],"wp:featuredmedia":[{"embeddable":true,"href":"https:\/\/akunq.net\/tr\/index.php?rest_route=\/wp\/v2\/media\/67519"}],"wp:attachment":[{"href":"https:\/\/akunq.net\/tr\/index.php?rest_route=%2Fwp%2Fv2%2Fmedia&parent=67518"}],"wp:term":[{"taxonomy":"category","embeddable":true,"href":"https:\/\/akunq.net\/tr\/index.php?rest_route=%2Fwp%2Fv2%2Fcategories&post=67518"},{"taxonomy":"post_tag","embeddable":true,"href":"https:\/\/akunq.net\/tr\/index.php?rest_route=%2Fwp%2Fv2%2Ftags&post=67518"}],"curies":[{"name":"wp","href":"https:\/\/api.w.org\/{rel}","templated":true}]}}