{"id":67505,"date":"2022-03-16T02:50:02","date_gmt":"2022-03-16T07:50:02","guid":{"rendered":"https:\/\/akunq.net\/tr\/?p=67505"},"modified":"2022-03-16T02:50:02","modified_gmt":"2022-03-16T07:50:02","slug":"muhalefet-partileri-ittifaklar-bitirilmek-isteniyor","status":"publish","type":"post","link":"https:\/\/akunq.net\/tr\/?p=67505","title":{"rendered":"Muhalefet partileri: \u0130ttifaklar bitirilmek isteniyor"},"content":{"rendered":"<p class=\"intro\"><em><strong>AKP ve MHP&#8217;nin se\u00e7im kanun de\u011fi\u015fikli\u011fi teklifi ittifaklar\u0131 tart\u0131\u015fmaya a\u00e7t\u0131. Cumhur \u0130ttifak\u0131, &#8220;Haks\u0131zl\u0131klar\u0131 giderecek&#8221;, muhalefet partileri &#8220;\u0130ttifaklar\u0131 bitirecek&#8221; diyor. Baraj\u0131n y\u00fczde 7&#8217;ye d\u00fc\u015f\u00fcr\u00fclmesine de tepki var.<\/strong><\/em><\/p>\n<div id=\"sharing-bar\" class=\"min\"><span dir=\"ltr\">\u00a0<\/span><span dir=\"ltr\">\u00a0<\/span><span dir=\"ltr\">\u00a0<\/span><span dir=\"ltr\">\u00a0<\/span><\/div>\n<div class=\"picBox full\"><a class=\"overlayLink init\" href=\"https:\/\/www.dw.com\/tr\/muhalefet-partileri-ittifaklar-bitirilmek-isteniyor\/a-61123472#\" rel=\"nofollow\"><img loading=\"lazy\" decoding=\"async\" class=\"aligncenter\" title=\"TBMM Genel Kurul Salonu \" src=\"https:\/\/static.dw.com\/image\/56900292_303.jpg\" alt=\"TBMM Genel Kurul Salonu \" width=\"700\" height=\"394\" \/><\/a><\/p>\n<p style=\"text-align: center;\"><em>TBMM Genel Kurul Salonu<\/em><\/p>\n<\/div>\n<div class=\"group\">\n<div class=\"longText\">\n<p>Cumhur \u0130ttifak\u0131&#8217;n\u0131n uzun s\u00fcredir \u00fczerinde \u00e7al\u0131\u015ft\u0131\u011f\u0131\u00a0<a href=\"https:\/\/www.dw.com\/tr\/se%C3%A7im-baraj%C4%B1n%C4%B1n-d%C3%BC%C5%9F%C3%BCr%C3%BClmesini-i%C3%A7eren-kanun-teklifi-meclis-ba%C5%9Fkanl%C4%B1%C4%9F%C4%B1na-sunuldu\/a-61116239\">15 maddelik Se\u00e7im Kanunu teklifi<\/a>, AKP ve MHP&#8217;li milletvekillerinin imzas\u0131yla TBMM&#8217;ye sunuldu. Se\u00e7im baraj\u0131n\u0131\u00a0<a href=\"https:\/\/www.dw.com\/tr\/akp-s%C3%B6zc%C3%BCs%C3%BC-%C3%B6mer-%C3%A7elik-y%C3%BCzde-7-se%C3%A7im-baraj%C4%B1-netle%C5%9Fmi%C5%9Ftir\/a-59070533\">y\u00fczde 10&#8217;dan y\u00fczde 7&#8217;ye d\u00fc\u015f\u00fcrmeyi \u00f6ng\u00f6ren teklifin<\/a>\u00a0en \u00e7ok konu\u015fulan b\u00f6l\u00fcm\u00fc ise ikinci maddede yer alan ittifaklara ili\u015fkin d\u00fczenleme oldu. D\u00fczenleme, ittifak\u0131 olu\u015fturan partilerin her birinin \u00e7\u0131kartaca\u011f\u0131 milletvekili say\u0131s\u0131, her se\u00e7im b\u00f6lgesinde ittifak i\u00e7inde elde etti\u011fi oy say\u0131s\u0131 esas al\u0131narak D&#8217;Hondt uygulamas\u0131yla belirlenmesini \u00f6ng\u00f6r\u00fcyor.<\/p>\n<p>D&#8217;Hondt uygulamas\u0131nda partilerin bir se\u00e7im b\u00f6lgesinde ald\u0131\u011f\u0131 oy miktar\u0131, o b\u00f6lgenin milletvekili say\u0131s\u0131na ula\u015fana kadar 1&#8217;den ba\u015flayarak b\u00f6l\u00fcn\u00fcyor. Bunun sonucunda elde edilen say\u0131lar en \u00e7oktan en aza s\u0131ralan\u0131yor ve milletvekili say\u0131s\u0131 da\u011f\u0131t\u0131l\u0131yor. Bu hesaplama sonucunda b\u00f6lgedeki milletvekili say\u0131s\u0131na ula\u015f\u0131lana kadar s\u00fcr\u00fcyor.<\/p>\n<p>Mevcut kanuna g\u00f6re ise oylar \u00f6nce ittifak partilerine da\u011f\u0131t\u0131l\u0131yor, partiler milletvekili payla\u015f\u0131m\u0131 usul\u00fcne g\u00f6re kendi aras\u0131nda da\u011f\u0131t\u0131m\u0131n\u0131 yap\u0131yor. Bu durumda iki milletvekilinin se\u00e7ildi\u011fi bir se\u00e7im b\u00f6lgesinde \u00fc\u00e7\u00fcnc\u00fc olan parti, ittifakta oldu\u011fu i\u00e7in &#8220;art\u0131k oy&#8221;larla ikinci partinin \u00f6n\u00fcne ge\u00e7ip milletvekili \u00e7\u0131kartabiliyordu.<\/p>\n<h2>AKP&#8217;li Yaz\u0131c\u0131: Partilerin g\u00f6r\u00fcn\u00fcr olmas\u0131n\u0131 sa\u011flad\u0131k<\/h2>\n<p>AKP Genel Ba\u015fkan Yard\u0131mc\u0131s\u0131 Hayati Yaz\u0131c\u0131 ile MHP Genel Ba\u015fkan Yard\u0131mc\u0131s\u0131 Feti Y\u0131ld\u0131z, teklife ili\u015fkin TBMM&#8217;de bas\u0131n toplant\u0131s\u0131 d\u00fczenlerken gazetecilerin de sorular\u0131n\u0131 yan\u0131tlad\u0131.<\/p>\n<p>Yaz\u0131c\u0131, ittifaklara y\u00f6nelik d\u00fczenleme ile ilgili &#8220;\u0130ttifak\u0131n mevcut durumda baraj\u0131 ge\u00e7mesi halinde oylar ittifak i\u00e7inde toplan\u0131yor. Ka\u00e7 milletvekili \u00e7\u0131karaca\u011f\u0131 da genel D&#8217;Hondt s\u0131ralamas\u0131na giriyor, ittifak ayr\u0131 bir kategori haline geliyor. \u0130ttifak\u0131 olu\u015fturan partilerin, o milletvekilleri gene oy oranlar\u0131na g\u00f6re, ortak oyun da da\u011f\u0131l\u0131m\u0131 hesab\u0131 yap\u0131lmak suretiyle kendi i\u00e7inde hesaplan\u0131yor&#8221; a\u00e7\u0131klamas\u0131n\u0131 yapt\u0131.<\/p>\n<p>Her partinin D&#8217;Hondt uygulamas\u0131nda g\u00f6r\u00fcn\u00fcr olmas\u0131n\u0131 sa\u011flad\u0131klar\u0131n\u0131 ifade eden Yaz\u0131c\u0131, &#8220;\u0130ttifak\u0131 olu\u015fturan partilerin oy oranlar\u0131, ittifak \u00e7er\u00e7evesinde oyu belirlenecek, o oyla birlikte D&#8217;Hondt s\u0131ralamas\u0131na girecek. \u0130ttifak i\u00e7inde ald\u0131klar\u0131 oy ittifak i\u00e7inde belirlenecek, sonra ittifak\u0131 olu\u015fturan her partinin ald\u0131\u011f\u0131 oyun miktar\u0131 oranlar\u0131 D&#8217;Hondt s\u0131ralamas\u0131nda i\u015flem g\u00f6recek. &#8216;Art\u0131k oy&#8217; yans\u0131mas\u0131, oy verme hakk\u0131n\u0131n sapmas\u0131na yol a\u00e7\u0131yor, bunu ortadan kald\u0131r\u0131yoruz&#8221; dedi.<\/p>\n<p>MHP Genel Ba\u015fkan Yard\u0131mc\u0131s\u0131 Feti Y\u0131ld\u0131z da partilerin ittifak\u0131n &#8220;art\u0131k oylar\u0131ndan&#8221; faydalanarak milletvekili \u00e7\u0131kartamayaca\u011f\u0131n\u0131 belirterek &#8220;T\u00fcrkiye genel baraj\u0131n\u0131 ittifakla ge\u00e7ecek ancak milletvekili \u00e7\u0131karmas\u0131 partinin kendi oyuna ba\u011fl\u0131. &#8220;Art\u0131k oylardan&#8221; faydalan\u0131lamayacak. \u00c7\u00fcnk\u00fc bu, \u00e7ok b\u00fcy\u00fck haks\u0131zl\u0131klara sebep olmu\u015ftur&#8221; g\u00f6r\u00fc\u015f\u00fcn\u00fc dile getirdi.<\/p>\n<div class=\"picBox medium\n\"><a class=\"overlayLink init\" href=\"https:\/\/www.dw.com\/tr\/muhalefet-partileri-ittifaklar-bitirilmek-isteniyor\/a-61123472#\" rel=\"nofollow\"><img loading=\"lazy\" decoding=\"async\" title=\"CHP TBMM Grup Ba\u015fkanvekili \u00d6zg\u00fcr \u00d6zel,\" src=\"https:\/\/static.dw.com\/image\/56387868_404.jpg\" alt=\"CHP TBMM Grup Ba\u015fkanvekili \u00d6zg\u00fcr \u00d6zel,\" width=\"340\" height=\"191\" \/><\/a><em>CHP TBMM Grup Ba\u015fkanvekili \u00d6zg\u00fcr \u00d6zel,<\/em><\/p>\n<\/div>\n<h2>CHP&#8217;li \u00d6zel: Anketleri do\u011frulayan d\u00fczenleme<\/h2>\n<p>Muhalefet partileri ise bu d\u00fczenlemeye tepkili. DW T\u00fcrk\u00e7e&#8217;nin sorular\u0131n\u0131 yan\u0131tlayan CHP TBMM Grup Ba\u015fkanvekili \u00d6zg\u00fcr \u00d6zel, bir \u00f6nceki se\u00e7imde uygulanan \u0130ttifak Kanunu&#8217;nun iktidar taraf\u0131ndan \u00e7\u0131kar\u0131ld\u0131\u011f\u0131n\u0131 hat\u0131rlatt\u0131.<\/p>\n<p>&#8220;Bekleyenler a\u00e7\u0131s\u0131ndan da\u011f fare do\u011furdu&#8221; diyen \u00d6zel, belirlenen se\u00e7im baraj\u0131 oran\u0131n\u0131 ele\u015ftirdi. \u00d6zel, &#8220;Y\u00fczde 10 se\u00e7im baraj\u0131, Kenan Evren&#8217;in T\u00fcrkiye&#8217;ye hediyesi. Y\u00fczde 7&#8217;ye indirdiler. Yani Adalet ve Kalk\u0131nma Partisi (AKP) ilk kuruldu\u011funda ilk geldiklerinde yapacaklar\u0131 i\u015f se\u00e7im baraj\u0131n\u0131 kald\u0131rmakt\u0131. \u00d6yle s\u00f6yl\u00fcyorlard\u0131. 20 y\u0131l, y\u00fczde 10 barajdan beslendiler. \u015eimdi baraj\u0131 indirece\u011fiz dediler. \u0130ndire indire y\u00fczde 7&#8217;ye indirebildiler&#8221; diye konu\u015ftu.<\/p>\n<p><a href=\"https:\/\/www.dw.com\/tr\/akp-ile-mhpnin-baraj-hesab%C4%B1\/a-59044138\">D\u00fczenlemenin MHP i\u00e7in yap\u0131ld\u0131\u011f\u0131n\u0131 savunan \u00d6zel,<\/a>\u00a0MHP&#8217;nin k\u0131l pay\u0131 da olsa \u00fczerinden ge\u00e7ebilece\u011fi bir se\u00e7im baraj\u0131n\u0131n belirlendi\u011fini ifade etti. \u00d6zel, y\u00fczde 7&#8217;nin k\u00fc\u00e7\u00fck partiler i\u00e7in halen se\u00e7menlerini cayd\u0131racak bir baraj\u0131 oldu\u011funu dile getirdi.<\/p>\n<p>\u0130ttifaklara ili\u015fkin d\u00fczenleme i\u00e7in de &#8220;Bu hesapla birka\u00e7 milletvekili fazla \u00e7\u0131karma hesab\u0131 yap\u0131yorlar&#8221; de\u011ferlendirmesinde bulunan \u00d6zel, tepkisini &#8220;Yani \u015funu s\u00f6yl\u00fcyorlar. CHP&#8217;nin ittifak\u0131 git gide g\u00fc\u00e7leniyor ve avantaj CHP&#8217;ye ge\u00e7iyor. Biz ge\u00e7mi\u015fte kendimize avantaj olsun diye \u00e7\u0131kard\u0131\u011f\u0131m\u0131z maddeleri de\u011fi\u015ftirelim. Bu da AK Parti&#8217;nin, MHP&#8217;nin toplamda Cumhur ittifak\u0131n\u0131n zay\u0131flay\u0131p Millet \u0130ttifak\u0131&#8217;n\u0131n g\u00fc\u00e7lendi\u011fi anketleri kamuoyu \u00f6n\u00fcnde do\u011frulayan ve asl\u0131nda tarih \u00f6n\u00fcnde de bir kanun teklifine d\u00f6n\u00fc\u015ft\u00fcren bir \u00e7aresizli\u011fin itiraf\u0131 noktas\u0131nda&#8221; \u015feklinde s\u00fcrd\u00fcrd\u00fc.<\/p>\n<h2>\u0130Y\u0130 Partili Tatl\u0131o\u011flu: \u0130ttifaklar\u0131 bertaraf etme amac\u0131ndalar<\/h2>\n<p>\u0130Y\u0130 Parti TBMM Grup Ba\u015fkan\u0131 \u0130smail Tatl\u0131o\u011flu da AKP ve MHP&#8217;nin ittifaklar\u0131 bertaraf etme amac\u0131 ta\u015f\u0131d\u0131\u011f\u0131n\u0131 iddia etti. AKP ve MHP&#8217;nin 2018&#8217;de kendi getirdi\u011fi ittifak sistemini tasfiye etme amac\u0131 ta\u015f\u0131d\u0131\u011f\u0131n\u0131 s\u00f6yleyen Tatl\u0131o\u011flu, &#8220;Kendi d\u00fc\u015ft\u00fckleri yere kadar baraj\u0131 \u00e7ekip ittifaklar\u0131 bertaraf etme amac\u0131ndalar&#8221; ifadelerini kulland\u0131.<\/p>\n<p>T\u00fcrkiye&#8217;de 1946&#8217;dan beri \u00e7ok say\u0131da se\u00e7im kanunu de\u011fi\u015fikli\u011fi oldu\u011funu ve de\u011fi\u015fikli\u011fe giden her partinin iktidar\u0131 kaybetti\u011fini ifade eden Tatl\u0131o\u011flu, &#8220;Bu d\u00f6nemin de b\u00f6yle olaca\u011f\u0131 kesin. Yani neredeyse tabir-i caizse m\u00fcmk\u00fcn olsa &#8216;AK Parti ve Tayyip Erdo\u011fan&#8217;a verilmeyen oylar ge\u00e7ersizdir&#8217;e kadar gidecekleri bir yap\u0131 var. Do\u011frusu kapal\u0131 kap\u0131lar ve karanl\u0131k odalar, ihale s\u00fcre\u00e7lerine benzer bir s\u00fcre\u00e7 i\u00e7erisinde haz\u0131rlanm\u0131\u015f bir yap\u0131&#8221; dedi.<\/p>\n<p>T\u00fcrkiye&#8217;yi d\u00fczg\u00fcn bir se\u00e7im s\u00fcrecine g\u00f6t\u00fcreceklerini savunan Tatl\u0131o\u011flu, kendilerinin y\u00fczde 3 se\u00e7im baraj\u0131 \u00f6nerdiklerine dikkat \u00e7ekti. Tatl\u0131o\u011flu, &#8220;Y\u00fczde 7 kendilerine y\u00f6nelik bir baraj ve kendilerine y\u00f6nelik bir se\u00e7im sistemi haz\u0131rlam\u0131\u015flar. \u0130Y\u0130 Parti olarak ve bununla ilgili kendi \u00f6nerilerimiz var. Ama bu se\u00e7im sisteminin siyasi partiler kanununun toplam olarak T\u00fcrkiye&#8217;ye yak\u0131\u015f\u0131r demokratik \u00e7izgide olmas\u0131n\u0131 in\u015fallah kendi iktidar\u0131m\u0131zda sa\u011flayaca\u011f\u0131z&#8221; \u015feklinde konu\u015ftu.<\/p>\n<h2>HDP&#8217;li Be\u015fta\u015f: Y\u00fczde 7 siyasi r\u00fc\u015fvet<\/h2>\n<p>HDP TBMM Grup Ba\u015fkanvekili Meral Dan\u0131\u015f Be\u015fta\u015f da d\u00fczenlemeyle milletvekili se\u00e7imlerinde ittifaklar\u0131n bitirilmek istendi\u011fini s\u00f6yledi. Her partinin ald\u0131\u011f\u0131 oy oran\u0131nda milletvekili \u00e7\u0131karabilece\u011fini belirten Be\u015fta\u015f, bunun tek faydas\u0131n\u0131n se\u00e7im baraj\u0131n\u0131n ge\u00e7mi\u015f kabul edilebilece\u011fi oldu\u011funu kaydetti.<\/p>\n<p>&#8220;Ge\u00e7mi\u015fte art\u0131k oylarla k\u00fc\u00e7\u00fck partiler de milletvekili \u00e7\u0131karabiliyordu. Bu teklifte b\u00fcy\u00fck partilere yarayan bir d\u00fczenleme yap\u0131l\u0131yor&#8221; diyen Be\u015fta\u015f, teklifin demokratik bir d\u00fczenleme olmayaca\u011f\u0131n\u0131 savundu.<\/p>\n<p>K\u00fc\u00e7\u00fck partilerin de oy oran\u0131 ne olursa olsun parlamentoda temsil haklar\u0131 olmas\u0131 gerekti\u011fini vurgulayan Be\u015fta\u015f, &#8220;Biz Halklar\u0131n Demokratik Partisi (HDF) olarak bunu her zaman savunduk. Oylar\u0131 oran\u0131nda olabilir. Fakat burada b\u00fcy\u00fck partilere yarayan, k\u00fc\u00e7\u00fck partilerin temsil hakk\u0131n\u0131 ortadan kald\u0131ran bir d\u00fczenleme olarak yorumluyoruz. Bu da di\u011fer ittifaklar\u0131 \u00e7\u00f6zmek, bitirmek i\u00e7in sunuluyor&#8221; ifadesini kulland\u0131.<\/p>\n<div class=\"picBox medium\nrechts\n\"><a class=\"overlayLink init\" href=\"https:\/\/www.dw.com\/tr\/muhalefet-partileri-ittifaklar-bitirilmek-isteniyor\/a-61123472#\" rel=\"nofollow\"><img loading=\"lazy\" decoding=\"async\" title=\"HDP TBMM Grup Ba\u015fkanvekili Meral Dan\u0131\u015f Be\u015fta\u015f\" src=\"https:\/\/static.dw.com\/image\/47122575_404.jpg\" alt=\"HDP TBMM Grup Ba\u015fkanvekili Meral Dan\u0131\u015f Be\u015fta\u015f\" width=\"340\" height=\"191\" \/><\/a><em>HDP TBMM Grup Ba\u015fkanvekili Meral Dan\u0131\u015f Be\u015fta\u015f<\/em><\/p>\n<\/div>\n<p>Be\u015fta\u015f, y\u00fczde 7 se\u00e7im baraj\u0131na ili\u015fkin de &#8220;Herkesin bildi\u011fi \u00fczere se\u00e7im baraj\u0131 y\u00fczde 10 olarak asl\u0131nda K\u00fcrtlerin parlamentoya girmesini \u00f6nlemek i\u00e7indi. \u015eimdi HDP T\u00fcrkiye&#8217;nin partisi olarak K\u00fcrtleri de b\u00fcy\u00fck oranda temsil eden bir parti olarak baraj\u0131 a\u015ft\u0131\u011f\u0131 i\u00e7in art\u0131k baraj\u0131 k\u00fc\u00e7\u00fck ortak i\u00e7in d\u00fc\u015f\u00fcrd\u00fcler. Bir siyasi r\u00fc\u015fvet asl\u0131nda, bir hediye olarak verildi&#8221; diye konu\u015ftu.<\/p>\n<h2>SP&#8217;li Kaya: Cumhur \u0130ttifak\u0131 biterse s\u00fcrpriz olmaz<\/h2>\n<p>Saadet Partisi (SP) Genel Ba\u015fkan Yard\u0131mc\u0131s\u0131 B\u00fclent Kaya da en kritik maddenin ikinci madde oldu\u011funa dikkat \u00e7ekti.<\/p>\n<p>&#8220;Se\u00e7im baraj\u0131n\u0131 y\u00fczde 7&#8217;ye d\u00fc\u015f\u00fcr\u00fcp ittifaklar\u0131n oylar\u0131n\u0131n birlikte say\u0131lmamas\u0131n\u0131 kararla\u015ft\u0131r\u0131yorlar&#8221; diyen Kaya, bu durumda milletvekili se\u00e7imlerinde AKP ve MHP ittifak\u0131n\u0131n sona erecek olmas\u0131n\u0131n s\u00fcrpriz olmayaca\u011f\u0131 \u00f6ng\u00f6r\u00fcs\u00fcnde bulundu. Kaya, &#8220;\u00c7\u00fcnk\u00fc, MHP ittifak\u0131n i\u00e7erisinde kalmaya devam ederse, baraj problemi oldu\u011fu alg\u0131s\u0131 olu\u015fmu\u015f olur&#8221; dedi.<\/p>\n<p>Teklifi detayl\u0131 bir \u015fekilde inceleyeceklerini de ifade eden Kaya, s\u00f6zlerini &#8220;Milletvekili se\u00e7imleri i\u00e7in ittifaklar\u0131 sonland\u0131rmak istiyorlar. Onlar\u0131n kendine g\u00f6re hesab\u0131 var. Ancak bizim de s\u00fcrprizlerimiz olacakt\u0131r&#8221; \u015feklinde s\u00fcrd\u00fcrd\u00fc. Cumhur \u0130ttifak\u0131&#8217;n\u0131n, kendi oylar\u0131n\u0131n muhalefet partilerinin oylar\u0131n\u0131n gerisinde kald\u0131\u011f\u0131n\u0131 kabul etmi\u015f oldu\u011funu da belirten Kaya, &#8220;Art\u0131k oylardan faydalanmamaya y\u00f6nelik d\u00fczenleme bunun kabul\u00fc manas\u0131na geliyor&#8221; diye konu\u015ftu.<\/p>\n<h2>Transferle se\u00e7ime girilmesinin \u00f6n\u00fcne ge\u00e7ilecek<\/h2>\n<p>D\u00fczenlemeyle ayr\u0131ca se\u00e7ime girme yeterliliklerinden birisi olan TBMM&#8217;de grup kurma \u015fart\u0131 kald\u0131r\u0131lacak ve \u00f6rg\u00fctlenmesini tamamlamam\u0131\u015f olan partilerin vekil transferiyle se\u00e7ime girmesinin \u00f6n\u00fcne ge\u00e7ilecek. \u0130l se\u00e7im kurulu bir ba\u015fkan, iki as\u0131l ve iki de yedek \u00fcyeden olu\u015facak.<\/p>\n<p>\u0130l ve il\u00e7e se\u00e7im kurulu ba\u015fkan ve \u00fcyeleri, birinci s\u0131n\u0131fa ayr\u0131lm\u0131\u015f hakimler aras\u0131ndan kurayla belirlenecek. Se\u00e7imlere k\u0131sa bir s\u00fcre kala se\u00e7men k\u00fct\u00fcklerinin yer de\u011fi\u015ftirilmesi m\u00fcmk\u00fcn olmayacak. Se\u00e7menin son bir y\u0131l i\u00e7erisinde s\u00fcrekli olarak bulundu\u011fu adres dikkate al\u0131nacak.\u00a0Bu madde ile muhtarl\u0131k se\u00e7imlerinde se\u00e7men k\u00fct\u00fcklerinin de\u011fi\u015ftirilmesinin \u00f6n\u00fcne ge\u00e7ilmesi hedeflendi.<\/p>\n<p><em><strong>Eray G\u00f6rg\u00fcl\u00fc<\/strong><\/em><\/p>\n<p><em><strong>https:\/\/www.dw.com\/tr\/muhalefet-partileri-ittifaklar-bitirilmek-isteniyor\/a-61123472\u00a0<\/strong><\/em><\/p>\n<\/div>\n<\/div>\n","protected":false},"excerpt":{"rendered":"<p>AKP ve MHP&#8217;nin se\u00e7im kanun de\u011fi\u015fikli\u011fi teklifi ittifaklar\u0131 tart\u0131\u015fmaya a\u00e7t\u0131. Cumhur \u0130ttifak\u0131, &#8220;Haks\u0131zl\u0131klar\u0131 giderecek&#8221;, muhalefet partileri &#8220;\u0130ttifaklar\u0131 bitirecek&#8221; diyor. Baraj\u0131n y\u00fczde 7&#8217;ye d\u00fc\u015f\u00fcr\u00fclmesine de tepki var. \u00a0\u00a0\u00a0\u00a0 TBMM Genel Kurul Salonu Cumhur \u0130ttifak\u0131&#8217;n\u0131n uzun s\u00fcredir \u00fczerinde \u00e7al\u0131\u015ft\u0131\u011f\u0131\u00a015 maddelik Se\u00e7im Kanunu teklifi, AKP ve MHP&#8217;li milletvekillerinin imzas\u0131yla TBMM&#8217;ye sunuldu. Se\u00e7im baraj\u0131n\u0131\u00a0y\u00fczde 10&#8217;dan y\u00fczde 7&#8217;ye d\u00fc\u015f\u00fcrmeyi \u00f6ng\u00f6ren [&hellip;]<\/p>\n","protected":false},"author":7,"featured_media":67506,"comment_status":"open","ping_status":"open","sticky":false,"template":"","format":"standard","meta":{"footnotes":""},"categories":[1],"tags":[],"class_list":["post-67505","post","type-post","status-publish","format-standard","has-post-thumbnail","hentry","category-haberler"],"yoast_head":"<!-- This site is optimized with the Yoast SEO plugin v27.4 - https:\/\/yoast.com\/product\/yoast-seo-wordpress\/ -->\n<title>Muhalefet partileri: \u0130ttifaklar bitirilmek isteniyor - Bati Ermenistan Ve Bati Ermenileri Sorunlari Ara\u015ftirmalar Merkezi<\/title>\n<meta name=\"robots\" content=\"index, follow, max-snippet:-1, max-image-preview:large, max-video-preview:-1\" \/>\n<link rel=\"canonical\" href=\"https:\/\/akunq.net\/tr\/?p=67505\" \/>\n<meta property=\"og:locale\" content=\"en_US\" \/>\n<meta property=\"og:type\" content=\"article\" \/>\n<meta property=\"og:title\" content=\"Muhalefet partileri: \u0130ttifaklar bitirilmek isteniyor - Bati Ermenistan Ve Bati Ermenileri Sorunlari Ara\u015ftirmalar Merkezi\" \/>\n<meta property=\"og:description\" content=\"AKP ve MHP&#8217;nin se\u00e7im kanun de\u011fi\u015fikli\u011fi teklifi ittifaklar\u0131 tart\u0131\u015fmaya a\u00e7t\u0131. Cumhur \u0130ttifak\u0131, &#8220;Haks\u0131zl\u0131klar\u0131 giderecek&#8221;, muhalefet partileri &#8220;\u0130ttifaklar\u0131 bitirecek&#8221; diyor. Baraj\u0131n y\u00fczde 7&#8217;ye d\u00fc\u015f\u00fcr\u00fclmesine de tepki var. \u00a0\u00a0\u00a0\u00a0 TBMM Genel Kurul Salonu Cumhur \u0130ttifak\u0131&#8217;n\u0131n uzun s\u00fcredir \u00fczerinde \u00e7al\u0131\u015ft\u0131\u011f\u0131\u00a015 maddelik Se\u00e7im Kanunu teklifi, AKP ve MHP&#8217;li milletvekillerinin imzas\u0131yla TBMM&#8217;ye sunuldu. Se\u00e7im baraj\u0131n\u0131\u00a0y\u00fczde 10&#8217;dan y\u00fczde 7&#8217;ye d\u00fc\u015f\u00fcrmeyi \u00f6ng\u00f6ren [&hellip;]\" \/>\n<meta property=\"og:url\" content=\"https:\/\/akunq.net\/tr\/?p=67505\" \/>\n<meta property=\"og:site_name\" content=\"Bati Ermenistan Ve Bati Ermenileri Sorunlari Ara\u015ftirmalar Merkezi\" \/>\n<meta property=\"article:published_time\" content=\"2022-03-16T07:50:02+00:00\" \/>\n<meta property=\"og:image\" content=\"https:\/\/akunq.net\/tr\/wp-content\/uploads\/sites\/6\/2022\/03\/TBMM.jpg\" \/>\n\t<meta property=\"og:image:width\" content=\"640\" \/>\n\t<meta property=\"og:image:height\" content=\"480\" \/>\n\t<meta property=\"og:image:type\" content=\"image\/jpeg\" \/>\n<meta name=\"author\" content=\"admin\" \/>\n<meta name=\"twitter:card\" content=\"summary_large_image\" \/>\n<meta name=\"twitter:label1\" content=\"Written by\" \/>\n\t<meta name=\"twitter:data1\" content=\"admin\" \/>\n\t<meta name=\"twitter:label2\" content=\"Est. reading time\" \/>\n\t<meta name=\"twitter:data2\" content=\"8 minutes\" \/>\n<script type=\"application\/ld+json\" class=\"yoast-schema-graph\">{\"@context\":\"https:\\\/\\\/schema.org\",\"@graph\":[{\"@type\":\"Article\",\"@id\":\"https:\\\/\\\/akunq.net\\\/tr\\\/?p=67505#article\",\"isPartOf\":{\"@id\":\"https:\\\/\\\/akunq.net\\\/tr\\\/?p=67505\"},\"author\":{\"name\":\"admin\",\"@id\":\"https:\\\/\\\/akunq.net\\\/tr\\\/#\\\/schema\\\/person\\\/096f1d38a12cce57fb855b485ed24c9e\"},\"headline\":\"Muhalefet partileri: \u0130ttifaklar bitirilmek isteniyor\",\"datePublished\":\"2022-03-16T07:50:02+00:00\",\"mainEntityOfPage\":{\"@id\":\"https:\\\/\\\/akunq.net\\\/tr\\\/?p=67505\"},\"wordCount\":1632,\"commentCount\":0,\"image\":{\"@id\":\"https:\\\/\\\/akunq.net\\\/tr\\\/?p=67505#primaryimage\"},\"thumbnailUrl\":\"https:\\\/\\\/akunq.net\\\/tr\\\/wp-content\\\/uploads\\\/sites\\\/6\\\/2022\\\/03\\\/TBMM.jpg\",\"articleSection\":[\"Haberler\"],\"inLanguage\":\"en-US\",\"potentialAction\":[{\"@type\":\"CommentAction\",\"name\":\"Comment\",\"target\":[\"https:\\\/\\\/akunq.net\\\/tr\\\/?p=67505#respond\"]}]},{\"@type\":\"WebPage\",\"@id\":\"https:\\\/\\\/akunq.net\\\/tr\\\/?p=67505\",\"url\":\"https:\\\/\\\/akunq.net\\\/tr\\\/?p=67505\",\"name\":\"Muhalefet partileri: \u0130ttifaklar bitirilmek isteniyor - Bati Ermenistan Ve Bati Ermenileri Sorunlari Ara\u015ftirmalar Merkezi\",\"isPartOf\":{\"@id\":\"https:\\\/\\\/akunq.net\\\/tr\\\/#website\"},\"primaryImageOfPage\":{\"@id\":\"https:\\\/\\\/akunq.net\\\/tr\\\/?p=67505#primaryimage\"},\"image\":{\"@id\":\"https:\\\/\\\/akunq.net\\\/tr\\\/?p=67505#primaryimage\"},\"thumbnailUrl\":\"https:\\\/\\\/akunq.net\\\/tr\\\/wp-content\\\/uploads\\\/sites\\\/6\\\/2022\\\/03\\\/TBMM.jpg\",\"datePublished\":\"2022-03-16T07:50:02+00:00\",\"author\":{\"@id\":\"https:\\\/\\\/akunq.net\\\/tr\\\/#\\\/schema\\\/person\\\/096f1d38a12cce57fb855b485ed24c9e\"},\"breadcrumb\":{\"@id\":\"https:\\\/\\\/akunq.net\\\/tr\\\/?p=67505#breadcrumb\"},\"inLanguage\":\"en-US\",\"potentialAction\":[{\"@type\":\"ReadAction\",\"target\":[\"https:\\\/\\\/akunq.net\\\/tr\\\/?p=67505\"]}]},{\"@type\":\"ImageObject\",\"inLanguage\":\"en-US\",\"@id\":\"https:\\\/\\\/akunq.net\\\/tr\\\/?p=67505#primaryimage\",\"url\":\"https:\\\/\\\/akunq.net\\\/tr\\\/wp-content\\\/uploads\\\/sites\\\/6\\\/2022\\\/03\\\/TBMM.jpg\",\"contentUrl\":\"https:\\\/\\\/akunq.net\\\/tr\\\/wp-content\\\/uploads\\\/sites\\\/6\\\/2022\\\/03\\\/TBMM.jpg\",\"width\":640,\"height\":480},{\"@type\":\"BreadcrumbList\",\"@id\":\"https:\\\/\\\/akunq.net\\\/tr\\\/?p=67505#breadcrumb\",\"itemListElement\":[{\"@type\":\"ListItem\",\"position\":1,\"name\":\"Home\",\"item\":\"https:\\\/\\\/akunq.net\\\/tr\"},{\"@type\":\"ListItem\",\"position\":2,\"name\":\"Muhalefet partileri: \u0130ttifaklar bitirilmek isteniyor\"}]},{\"@type\":\"WebSite\",\"@id\":\"https:\\\/\\\/akunq.net\\\/tr\\\/#website\",\"url\":\"https:\\\/\\\/akunq.net\\\/tr\\\/\",\"name\":\"Bati Ermenistan Ve Bati Ermenileri Sorunlari Ara\u015ftirmalar Merkezi\",\"description\":\"\",\"potentialAction\":[{\"@type\":\"SearchAction\",\"target\":{\"@type\":\"EntryPoint\",\"urlTemplate\":\"https:\\\/\\\/akunq.net\\\/tr\\\/?s={search_term_string}\"},\"query-input\":{\"@type\":\"PropertyValueSpecification\",\"valueRequired\":true,\"valueName\":\"search_term_string\"}}],\"inLanguage\":\"en-US\"},{\"@type\":\"Person\",\"@id\":\"https:\\\/\\\/akunq.net\\\/tr\\\/#\\\/schema\\\/person\\\/096f1d38a12cce57fb855b485ed24c9e\",\"name\":\"admin\",\"url\":\"https:\\\/\\\/akunq.net\\\/tr\\\/?author=7\"}]}<\/script>\n<!-- \/ Yoast SEO plugin. -->","yoast_head_json":{"title":"Muhalefet partileri: \u0130ttifaklar bitirilmek isteniyor - Bati Ermenistan Ve Bati Ermenileri Sorunlari Ara\u015ftirmalar Merkezi","robots":{"index":"index","follow":"follow","max-snippet":"max-snippet:-1","max-image-preview":"max-image-preview:large","max-video-preview":"max-video-preview:-1"},"canonical":"https:\/\/akunq.net\/tr\/?p=67505","og_locale":"en_US","og_type":"article","og_title":"Muhalefet partileri: \u0130ttifaklar bitirilmek isteniyor - Bati Ermenistan Ve Bati Ermenileri Sorunlari Ara\u015ftirmalar Merkezi","og_description":"AKP ve MHP&#8217;nin se\u00e7im kanun de\u011fi\u015fikli\u011fi teklifi ittifaklar\u0131 tart\u0131\u015fmaya a\u00e7t\u0131. Cumhur \u0130ttifak\u0131, &#8220;Haks\u0131zl\u0131klar\u0131 giderecek&#8221;, muhalefet partileri &#8220;\u0130ttifaklar\u0131 bitirecek&#8221; diyor. Baraj\u0131n y\u00fczde 7&#8217;ye d\u00fc\u015f\u00fcr\u00fclmesine de tepki var. \u00a0\u00a0\u00a0\u00a0 TBMM Genel Kurul Salonu Cumhur \u0130ttifak\u0131&#8217;n\u0131n uzun s\u00fcredir \u00fczerinde \u00e7al\u0131\u015ft\u0131\u011f\u0131\u00a015 maddelik Se\u00e7im Kanunu teklifi, AKP ve MHP&#8217;li milletvekillerinin imzas\u0131yla TBMM&#8217;ye sunuldu. Se\u00e7im baraj\u0131n\u0131\u00a0y\u00fczde 10&#8217;dan y\u00fczde 7&#8217;ye d\u00fc\u015f\u00fcrmeyi \u00f6ng\u00f6ren [&hellip;]","og_url":"https:\/\/akunq.net\/tr\/?p=67505","og_site_name":"Bati Ermenistan Ve Bati Ermenileri Sorunlari Ara\u015ftirmalar Merkezi","article_published_time":"2022-03-16T07:50:02+00:00","og_image":[{"width":640,"height":480,"url":"https:\/\/akunq.net\/tr\/wp-content\/uploads\/sites\/6\/2022\/03\/TBMM.jpg","type":"image\/jpeg"}],"author":"admin","twitter_card":"summary_large_image","twitter_misc":{"Written by":"admin","Est. reading time":"8 minutes"},"schema":{"@context":"https:\/\/schema.org","@graph":[{"@type":"Article","@id":"https:\/\/akunq.net\/tr\/?p=67505#article","isPartOf":{"@id":"https:\/\/akunq.net\/tr\/?p=67505"},"author":{"name":"admin","@id":"https:\/\/akunq.net\/tr\/#\/schema\/person\/096f1d38a12cce57fb855b485ed24c9e"},"headline":"Muhalefet partileri: \u0130ttifaklar bitirilmek isteniyor","datePublished":"2022-03-16T07:50:02+00:00","mainEntityOfPage":{"@id":"https:\/\/akunq.net\/tr\/?p=67505"},"wordCount":1632,"commentCount":0,"image":{"@id":"https:\/\/akunq.net\/tr\/?p=67505#primaryimage"},"thumbnailUrl":"https:\/\/akunq.net\/tr\/wp-content\/uploads\/sites\/6\/2022\/03\/TBMM.jpg","articleSection":["Haberler"],"inLanguage":"en-US","potentialAction":[{"@type":"CommentAction","name":"Comment","target":["https:\/\/akunq.net\/tr\/?p=67505#respond"]}]},{"@type":"WebPage","@id":"https:\/\/akunq.net\/tr\/?p=67505","url":"https:\/\/akunq.net\/tr\/?p=67505","name":"Muhalefet partileri: \u0130ttifaklar bitirilmek isteniyor - Bati Ermenistan Ve Bati Ermenileri Sorunlari Ara\u015ftirmalar Merkezi","isPartOf":{"@id":"https:\/\/akunq.net\/tr\/#website"},"primaryImageOfPage":{"@id":"https:\/\/akunq.net\/tr\/?p=67505#primaryimage"},"image":{"@id":"https:\/\/akunq.net\/tr\/?p=67505#primaryimage"},"thumbnailUrl":"https:\/\/akunq.net\/tr\/wp-content\/uploads\/sites\/6\/2022\/03\/TBMM.jpg","datePublished":"2022-03-16T07:50:02+00:00","author":{"@id":"https:\/\/akunq.net\/tr\/#\/schema\/person\/096f1d38a12cce57fb855b485ed24c9e"},"breadcrumb":{"@id":"https:\/\/akunq.net\/tr\/?p=67505#breadcrumb"},"inLanguage":"en-US","potentialAction":[{"@type":"ReadAction","target":["https:\/\/akunq.net\/tr\/?p=67505"]}]},{"@type":"ImageObject","inLanguage":"en-US","@id":"https:\/\/akunq.net\/tr\/?p=67505#primaryimage","url":"https:\/\/akunq.net\/tr\/wp-content\/uploads\/sites\/6\/2022\/03\/TBMM.jpg","contentUrl":"https:\/\/akunq.net\/tr\/wp-content\/uploads\/sites\/6\/2022\/03\/TBMM.jpg","width":640,"height":480},{"@type":"BreadcrumbList","@id":"https:\/\/akunq.net\/tr\/?p=67505#breadcrumb","itemListElement":[{"@type":"ListItem","position":1,"name":"Home","item":"https:\/\/akunq.net\/tr"},{"@type":"ListItem","position":2,"name":"Muhalefet partileri: \u0130ttifaklar bitirilmek isteniyor"}]},{"@type":"WebSite","@id":"https:\/\/akunq.net\/tr\/#website","url":"https:\/\/akunq.net\/tr\/","name":"Bati Ermenistan Ve Bati Ermenileri Sorunlari Ara\u015ftirmalar Merkezi","description":"","potentialAction":[{"@type":"SearchAction","target":{"@type":"EntryPoint","urlTemplate":"https:\/\/akunq.net\/tr\/?s={search_term_string}"},"query-input":{"@type":"PropertyValueSpecification","valueRequired":true,"valueName":"search_term_string"}}],"inLanguage":"en-US"},{"@type":"Person","@id":"https:\/\/akunq.net\/tr\/#\/schema\/person\/096f1d38a12cce57fb855b485ed24c9e","name":"admin","url":"https:\/\/akunq.net\/tr\/?author=7"}]}},"_links":{"self":[{"href":"https:\/\/akunq.net\/tr\/index.php?rest_route=\/wp\/v2\/posts\/67505","targetHints":{"allow":["GET"]}}],"collection":[{"href":"https:\/\/akunq.net\/tr\/index.php?rest_route=\/wp\/v2\/posts"}],"about":[{"href":"https:\/\/akunq.net\/tr\/index.php?rest_route=\/wp\/v2\/types\/post"}],"author":[{"embeddable":true,"href":"https:\/\/akunq.net\/tr\/index.php?rest_route=\/wp\/v2\/users\/7"}],"replies":[{"embeddable":true,"href":"https:\/\/akunq.net\/tr\/index.php?rest_route=%2Fwp%2Fv2%2Fcomments&post=67505"}],"version-history":[{"count":1,"href":"https:\/\/akunq.net\/tr\/index.php?rest_route=\/wp\/v2\/posts\/67505\/revisions"}],"predecessor-version":[{"id":67507,"href":"https:\/\/akunq.net\/tr\/index.php?rest_route=\/wp\/v2\/posts\/67505\/revisions\/67507"}],"wp:featuredmedia":[{"embeddable":true,"href":"https:\/\/akunq.net\/tr\/index.php?rest_route=\/wp\/v2\/media\/67506"}],"wp:attachment":[{"href":"https:\/\/akunq.net\/tr\/index.php?rest_route=%2Fwp%2Fv2%2Fmedia&parent=67505"}],"wp:term":[{"taxonomy":"category","embeddable":true,"href":"https:\/\/akunq.net\/tr\/index.php?rest_route=%2Fwp%2Fv2%2Fcategories&post=67505"},{"taxonomy":"post_tag","embeddable":true,"href":"https:\/\/akunq.net\/tr\/index.php?rest_route=%2Fwp%2Fv2%2Ftags&post=67505"}],"curies":[{"name":"wp","href":"https:\/\/api.w.org\/{rel}","templated":true}]}}