{"id":67502,"date":"2022-03-16T02:28:08","date_gmt":"2022-03-16T07:28:08","guid":{"rendered":"https:\/\/akunq.net\/tr\/?p=67502"},"modified":"2022-03-16T02:28:08","modified_gmt":"2022-03-16T07:28:08","slug":"dokunulmazliklarin-kaldirilmasi-siyasete-darbedir","status":"publish","type":"post","link":"https:\/\/akunq.net\/tr\/?p=67502","title":{"rendered":"Dokunulmazl\u0131klar\u0131n kald\u0131r\u0131lmas\u0131 siyasete darbedir!"},"content":{"rendered":"<section class=\"entry-article-topper\">\n<div class=\"grid-x grid-margin-x\">\n<div class=\"cell\">\n<div class=\"entry-header clearfix has-avatar\">\n<div class=\"entry-subtitle\">\n<h2><a href=\"https:\/\/www.indyturk.com\/taxonomy\/term\/158351\"><img decoding=\"async\" src=\"https:\/\/www.indyturk.com\/sites\/default\/files\/styles\/150x150\/public\/Abdulbaki%20Erdo%C4%9Fmu%C5%9F.png?itok=QU8WPqiJ\" alt=\"\" \/><\/a><\/h2>\n<\/div>\n<div class=\"author-avatar\"><\/div>\n<div class=\"entry-meta-wrapper\">\n<div class=\"grid-x align-justify align-middle\">\n<div class=\"cell shrink\">\n<div class=\"entry-meta\">\n<div class=\"entry-meta-field entry-meta-author\"><strong><a href=\"https:\/\/www.indyturk.com\/taxonomy\/term\/158351\">Abdulbaki Erdo\u011fmu\u015f<\/a>\u00a0<\/strong><\/div>\n<\/div>\n<\/div>\n<div class=\"cell large-shrink\">\n<div class=\"follow-block\"><\/div>\n<\/div>\n<\/div>\n<\/div>\n<\/div>\n<div class=\"entry-media\">\n<div class=\"entry-media-inner-img\"><img decoding=\"async\" class=\"lazy fill-content abs-element\" src=\"https:\/\/www.indyturk.com\/sites\/default\/files\/styles\/1368x911\/public\/article\/main_image\/2022\/02\/05\/859291-1778142387.jpeg?itok=8bwWaimm\" \/><\/div>\n<div class=\"caption-field\">\n<p><em>Foto\u011fraf: AA<\/em><\/p>\n<\/div>\n<\/div>\n<\/div>\n<\/div>\n<\/section>\n<div class=\"grid-container\">\n<article class=\"entry-article\">\n<div class=\"grid-x align-justify\">\n<div class=\"content-wrap-holder cell\">\n<div class=\"region region-content\">\n<div id=\"block-system-main\" class=\"block block-system\">\n<div class=\"content\">\n<div class=\"content-wrap\">\n<div class=\"printable-area page-taxonomy-term-32386\" dir=\"ltr\">\n<div class=\"entry-content\" data-io-article-url=\"https:\/\/www.indyturk.com\/node\/468446\/t%C3%BCrki%CC%87yeden-sesler\/dokunulmazl%C4%B1klar%C4%B1n-kald%C4%B1r%C4%B1lmas%C4%B1-siyasete-darbedir\">\n<div class=\"field field-name-body field-type-text-with-summary field-label-hidden\">\n<div class=\"field-items\">\n<div class=\"field-item even\">\n<p>Ceberut y\u00f6netimlerde, polis devletlerinde halka nefes olabilecek tek \u00e7\u0131k\u0131\u015f kap\u0131s\u0131 siyasettir. Bu kap\u0131 daralt\u0131ld\u0131\u011f\u0131nda halk\u0131n nefes almas\u0131 da g\u00fc\u00e7le\u015fecektir.<\/p>\n<p>T\u00fcrkiye&#8217;de\u00a0<a href=\"https:\/\/www.indyturk.com\/tags\/dokunulmazl%C4%B1k\">dokunulmazl\u0131k<\/a>, siyaset\u00e7inin halkla bask\u0131s\u0131z, engelsiz, korkusuz bulu\u015fmas\u0131n\u0131n bir g\u00fcvencesidir.<\/p>\n<p>Bu g\u00fcvence sayesinde milletvekilleri halk\u0131n sorunlar\u0131n\u0131, \u00e7\u00f6z\u00fcm \u00f6nerilerini \u00f6zg\u00fcrce dile getirebilmekte ve hukuksuz uygulamalarda y\u00f6netime kar\u015f\u0131 halk\u0131n yan\u0131nda olabilmektedirler.<\/p>\n<p>Bug\u00fcn de toplumsal kesimlerin ve muhalefet partilerinin de en \u00e7ok \u015fik\u00e2yet ettikleri hukuksuzluk ve iktidar\u0131n keyfi uygulamalar\u0131 de\u011fil midir?<\/p>\n<p>Nas\u0131l olur da \u015fik\u00e2yet edilen bir konuda muhalefet, iktidarla ayn\u0131 safta yer alabilmektedir?<\/p>\n<p>\u015e\u00fcphesiz bu tutumun demokratik bir gerek\u00e7esi yoktur. Peki siyasi, hukuki ve ahlaki bir gerek\u00e7esi olabilir mi?<\/p>\n<p>Dokunulmazl\u0131k olmadan muhalefetin hukuksuzlu\u011fa ve iktidar zorbal\u0131\u011f\u0131na kar\u015f\u0131 m\u00fccadele etmesi, halk\u0131n yan\u0131nda durmas\u0131 nas\u0131l m\u00fcmk\u00fcn olacak?<\/p>\n<p>Milletvekilinin daha \u00f6nce veya yasama s\u00fcrecinde i\u015fledi\u011fi bir su\u00e7 s\u00f6z konusu ise zaman a\u015f\u0131m\u0131 s\u00f6z konusu olmadan yasama d\u00f6nemi sonunda yarg\u0131 yolu a\u00e7\u0131lacakt\u0131r. Milletvekilli\u011finin sona ermesiyle yasama dokunulmazl\u0131\u011f\u0131 da son bulur.<\/p>\n<p>Yasama dokunulmazl\u0131\u011f\u0131n\u0131n temel amac\u0131,<em>\u00a0&#8220;milletvekilinin g\u00f6revini her t\u00fcrl\u00fc ku\u015fkudan uzak olarak yapmas\u0131n\u0131 sa\u011flamak ve su\u00e7 i\u015fledi\u011fi d\u00fc\u015f\u00fcncesiyle g\u00f6revinden ge\u00e7ici de olsa uzakla\u015fmas\u0131n\u0131 \u00f6nlemek&#8221;\u00a0<\/em>de\u011fil midir?<\/p>\n<p>Ne yaz\u0131k ki iktidar ve muhalefet i\u015f birli\u011fi sonucu 2016&#8217;da yap\u0131lan anayasa de\u011fi\u015fikli\u011fiyle TBMM&#8217;nde fezlekesi bulunan milletvekillerinin dokunulmazl\u0131\u011f\u0131 kald\u0131r\u0131larak yarg\u0131lanmalar\u0131n\u0131n yolu a\u00e7\u0131lm\u0131\u015f ve milletvekilleri tutuklanarak cezaevlerine konulmu\u015ftur.<\/p>\n<p>Muhalefet partileri ve toplum olarak bu uygulamalar\u0131n amac\u0131n\u0131n demokrasiyi, hukuk ve siyaseti etkisizle\u015ftirmek oldu\u011funu bildi\u011fimiz halde g\u00f6rmezden geldik, k\u00f6r, sa\u011f\u0131r ve dilsiz kesildik.<\/p>\n<p>Ayn\u0131 duyars\u0131zl\u0131\u011f\u0131 onlarca Belediye ba\u015fkan\u0131n\u0131n hukuksuz olarak g\u00f6revlerinden uzakla\u015ft\u0131r\u0131larak yerlerine Kay\u0131m atamalar\u0131yla da g\u00f6sterdik.<\/p>\n<p>En \u00f6nemlisi de halk\u0131n iradesine kar\u015f\u0131 giri\u015filen bir darbe ve irade gasp\u0131 oldu\u011funu kabul etmek istemedik.<\/p>\n<p>Cumhurba\u015fkanl\u0131\u011f\u0131 H\u00fck\u00fcmet Sistemini kal\u0131c\u0131, g\u00fc\u00e7l\u00fc ve\u00a0<em>&#8216;tek karar mercii&#8217;<\/em>\u00a0haline getirmek i\u00e7in siyasetin ve siyaset kurumlar\u0131n\u0131n i\u015flevsiz, etkisiz, yetkisiz k\u0131l\u0131nmas\u0131 amac\u0131yla yap\u0131ld\u0131\u011f\u0131n\u0131 g\u00f6rmezden geldik.<\/p>\n<p>Ne de olsa dokunulmazl\u0131\u011f\u0131 kald\u0131r\u0131lan milletvekilleri ve Belediye ba\u015fkanlar\u0131<em>\u00a0&#8220;\u00f6teki&#8221;<\/em>\u00a0idiler.<\/p>\n<p>Peki ne oldu?<\/p>\n<p>Avrupa \u0130nsan Haklar\u0131 Mahkemesi (A\u0130HM)\u00a0<a href=\"https:\/\/www.indyturk.com\/tags\/selahattin-demirta%C5%9F\">Selahattin Demirta\u015f<\/a>\u00a0dahil 40 HDP&#8217;li vekilin dokunulmazl\u0131\u011f\u0131n\u0131n T\u00fcrkiye&#8217;nin anayasas\u0131na ayk\u0131r\u0131 olarak kald\u0131r\u0131ld\u0131\u011f\u0131na ve ifade \u00f6zg\u00fcrl\u00fc\u011f\u00fcn\u00fcn ihlal edildi\u011fine karar verdi.<\/p>\n<p>Dokunulmazl\u0131\u011f\u0131 kald\u0131rman\u0131n\u00a0<em>&#8220;muhalefeti susturmak&#8221;<\/em>\u00a0oldu\u011fu A\u0130HM taraf\u0131ndan a\u00e7\u0131k\u00e7a ortaya konulmu\u015f oldu.<\/p>\n<p>B\u00f6ylece milletvekiliyken tutuklanan vekillerin tamam\u0131n\u0131n yarg\u0131lamalar\u0131 da \u00e7\u00f6kt\u00fc. Bu durumda tutuklu milletvekillerinin de derhal tahliye edilmesi gerekmez mi?<\/p>\n<p>Ancak\u00a0<a href=\"https:\/\/www.indyturk.com\/tags\/cumhurba%C5%9Fkan%C4%B1-erdo%C4%9Fan\">Cumhurba\u015fkan\u0131 Erdo\u011fan<\/a>&#8216;\u0131n\u00a0<em>&#8220;Bizim mahkeme kararlar\u0131m\u0131z\u0131 tan\u0131mayan\u0131 biz de tan\u0131may\u0131z&#8221;<\/em>\u00a0diyerek A\u0130HM&#8217;nin karar\u0131n\u0131 uygulamayacaklar\u0131n\u0131, b\u00f6ylece T\u00fcrkiye&#8217;nin ilerde kar\u015f\u0131la\u015fabilecek muhtemel yeni sorunlara hedef olmas\u0131n\u0131 da g\u00f6ze alm\u0131\u015f oldu.<\/p>\n<p>Oysa Erdo\u011fan da 1999 y\u0131l\u0131nda, Yarg\u0131tay&#8217;da yapt\u0131\u011f\u0131 itiraz\u0131 reddedilince<em>\u00a0&#8220;adil yarg\u0131lanma&#8221;<\/em>\u00a0talebi ile hakl\u0131 olarak A\u0130HM&#8217;ye ba\u015fvurmu\u015ftu.<\/p>\n<p>Her nedense bu uygulamalar\u00a0<a href=\"https:\/\/www.indyturk.com\/tags\/hdp-0\">HDP<\/a>\u00a0milletvekilleri i\u00e7in farkl\u0131 ve tarafl\u0131 tezah\u00fcr etmektedir. Her alanda oldu\u011fu gibi hukuk alan\u0131nda da\u00a0<em>&#8220;\u00f6teki&#8221;\u00a0<\/em>i\u00e7in a\u00e7\u0131k\u00e7a \u00e7ifte bir standart var.<\/p>\n<p>\u015eimdi de HDP Diyarbak\u0131r Milletvekili Semra G\u00fczel i\u00e7in bir foto\u011fraf gerek\u00e7e g\u00f6sterilerek yasama dokunulmazl\u0131\u011f\u0131 kald\u0131r\u0131lmak istenmektedir.<\/p>\n<p>Bir milletvekilinin silahl\u0131 PKK militan\u0131 ile samimi g\u00f6r\u00fcnt\u00fcs\u00fc rahats\u0131zl\u0131k verebilir. Bundan dolay\u0131 yarg\u0131 s\u00fcreci sonucunda fezleke haz\u0131rlanabilir.<\/p>\n<p>Ancak s\u00f6z konusu silahl\u0131 militan\u0131n, Semra G\u00fczel&#8217;in ni\u015fanl\u0131s\u0131 oldu\u011funu ve be\u015f y\u0131l \u00f6nce \u00f6ld\u00fcr\u00fcld\u00fc\u011f\u00fcn\u00fc hat\u0131rlatmak isterim.<\/p>\n<p>Ayr\u0131ca foto\u011fraf\u0131n hem \u00e7ok eski hem de milletvekilli\u011finden \u00f6nceki y\u0131llara ait oldu\u011fu da bilinmektedir. Eski de olsa ku\u015fkusuz kamuoyunun g\u00f6r\u00fcnt\u00fclere tepkisi anla\u015f\u0131l\u0131r bir durumdur. HDP se\u00e7meninin de g\u00f6r\u00fcnt\u00fcleri ho\u015f kar\u015f\u0131lamad\u0131klar\u0131n\u0131 d\u00fc\u015f\u00fcn\u00fcyorum.<\/p>\n<p>\u0130deolojik nedenlerle ve politik m\u00fclahazalarla CHP ve \u0130Y\u0130 Parti&#8217;nin &#8220;EVET&#8221; oyu vermelerini de k\u0131nam\u0131yorum. Aksi de beklenemez!<\/p>\n<p>Peki, muhalefetin ve kamuoyunun bu g\u00f6r\u00fcnt\u00fclerin\/foto\u011fraflar\u0131n adayl\u0131k d\u00f6neminde neden ortaya \u00e7\u0131kar\u0131lmad\u0131\u011f\u0131n\u0131 ve neden \u015fimdi servis edildi\u011fini sorgulamas\u0131 gerekmez mi?<\/p>\n<p>Bu g\u00f6r\u00fcnt\u00fclerin varl\u0131\u011f\u0131na ra\u011fmen malum milletvekilinin aday olmas\u0131 s\u00f6z konusu olamayaca\u011f\u0131na g\u00f6re Semra G\u00fczel&#8217;in sab\u0131ka kayd\u0131n\u0131 ve milletvekili mazbatas\u0131n\u0131 nas\u0131l ald\u0131\u011f\u0131n\u0131 soran oldu mu?<\/p>\n<p>Su\u00e7lanan HDP&#8217;li olunca neden<em>\u00a0&#8220;pe\u015fin kabul&#8221;<\/em>\u00a0ger\u00e7ekle\u015fmektedir?<\/p>\n<p>S\u00f6z konusu HDP olunca hukuksuzluk mazur g\u00f6r\u00fclebilir, \u00f6yle mi?<\/p>\n<p>Elbette HDP s\u00fctten \u00e7\u0131km\u0131\u015f ak ka\u015f\u0131k de\u011fildir. Gerilimden, gerginlik ve kutupla\u015fmaktan beslenen bir parti olarak ideolojik duru\u015funu ve politikalar\u0131n\u0131 ben de ele\u015ftiriyorum ancak \u00f6fke ve husumetin, haks\u0131zl\u0131k ve hukuksuzlu\u011fun muhatab\u0131 neden HDP olsun?<\/p>\n<p>Neden HDP s\u00f6z konusu olunca hak-hukuk g\u00f6zetilmeden d\u00fc\u015fmanl\u0131kta ittifak sa\u011flan\u0131yor?<\/p>\n<p>Muhalefet partilerinin bu s\u00fcrece destek verip hukuksuzlu\u011fa ve husumete ortak olmas\u0131 siyaset ad\u0131na bir t\u00fckeni\u015ftir.<\/p>\n<p>En \u00f6nemlisi de \u00fclkemizin yarar\u0131na olmayaca\u011f\u0131 \u00e7ok a\u00e7\u0131kt\u0131r.<\/p>\n<p>Muhalefetin hukuksuz uygulamalarda iktidarla i\u015f birli\u011fi yapmas\u0131, 2016&#8217;da yap\u0131lan anayasa de\u011fi\u015fikli\u011finde oldu\u011fu gibi dokunulmazl\u0131k konusunda yeniden iktidara destek vermesi \u015fovenizm d\u0131\u015f\u0131nda izah edilemez.<\/p>\n<p>\u015eovenizmin ve tek adaml\u0131\u011f\u0131n dayat\u0131ld\u0131\u011f\u0131 bir sistemde<em>\u00a0&#8220;siyaset&#8221;<\/em>\u00a0yapmak da m\u00fcmk\u00fcn olmayacakt\u0131r.<\/p>\n<p>Hak-hukuk bilmeyen, adalet ve ahlak ilkelerini yok sayan, \u00f6tekile\u015ftirici, ay\u0131r\u0131mc\u0131, d\u0131\u015flay\u0131c\u0131 bir siyasetin canavarla\u015faca\u011f\u0131 ka\u00e7\u0131n\u0131lmazd\u0131r.<\/p>\n<p>HDP s\u00f6z konusu oldu\u011funda muhalefet partilerinin iktidara sorgusuz-sualsiz boyun e\u011fmesi, sadece HDP&#8217;yi de\u011fil siyaseti de \u00e7\u0131kmaz bir soka\u011fa do\u011fru s\u00fcr\u00fckledi\u011fini g\u00f6rmek gerekir.<\/p>\n<p>Erken se\u00e7imin zorunlu hale geldi\u011fi bir s\u00fcre\u00e7te dokunulmazl\u0131k dosyalar\u0131n\u0131n Meclis&#8217;te tart\u0131\u015fmaya a\u00e7\u0131lmas\u0131 iktidar\u0131n se\u00e7im plan\u0131na hizmet etti\u011fi ortadayken muhalefetin \u00e7anak tutmas\u0131 anla\u015f\u0131l\u0131r gibi de\u011fildir.<\/p>\n<p>Milletvekilli\u011fi d\u00f6neminde bir su\u00e7 i\u015flenmedi\u011fi s\u00fcrece dokunulmazl\u0131klar\u0131n kald\u0131r\u0131lmas\u0131 s\u00f6z konusu olmamal\u0131d\u0131r. Aksi halde TBMM ba\u015fta olmak \u00fczere siyaset kurumlar\u0131n\u0131n tamam\u0131 zarar g\u00f6rmekte ve itibars\u0131zla\u015fmaktad\u0131r.<\/p>\n<p>Toplumu kutupla\u015ft\u0131rarak, partileri d\u00fc\u015fmanla\u015ft\u0131rarak, siyaseti etkisizle\u015ftirerek, hak ve h\u00fcrriyetleri yok sayarak ve hukuksuzlu\u011fu onaylayarak i\u00e7erde ve d\u0131\u015farda \u00fclkemize b\u00fcy\u00fck zararlar verdi\u011fimizi belirtmek isterim.<\/p>\n<p><em><strong>https:\/\/www.indyturk.com\/node\/468446\/t%C3%BCrki%CC%87yeden-sesler\/dokunulmazl%C4%B1klar%C4%B1n-kald%C4%B1r%C4%B1lmas%C4%B1-siyasete-darbedir\u00a0<\/strong><\/em><\/p>\n<\/div>\n<\/div>\n<\/div>\n<\/div>\n<\/div>\n<\/div>\n<\/div>\n<\/div>\n<\/div>\n<\/div>\n<\/div>\n<\/article>\n<\/div>\n","protected":false},"excerpt":{"rendered":"<p>Abdulbaki Erdo\u011fmu\u015f\u00a0 Foto\u011fraf: AA Ceberut y\u00f6netimlerde, polis devletlerinde halka nefes olabilecek tek \u00e7\u0131k\u0131\u015f kap\u0131s\u0131 siyasettir. Bu kap\u0131 daralt\u0131ld\u0131\u011f\u0131nda halk\u0131n nefes almas\u0131 da g\u00fc\u00e7le\u015fecektir. T\u00fcrkiye&#8217;de\u00a0dokunulmazl\u0131k, siyaset\u00e7inin halkla bask\u0131s\u0131z, engelsiz, korkusuz bulu\u015fmas\u0131n\u0131n bir g\u00fcvencesidir. Bu g\u00fcvence sayesinde milletvekilleri halk\u0131n sorunlar\u0131n\u0131, \u00e7\u00f6z\u00fcm \u00f6nerilerini \u00f6zg\u00fcrce dile getirebilmekte ve hukuksuz uygulamalarda y\u00f6netime kar\u015f\u0131 halk\u0131n yan\u0131nda olabilmektedirler. Bug\u00fcn de toplumsal kesimlerin [&hellip;]<\/p>\n","protected":false},"author":7,"featured_media":67503,"comment_status":"open","ping_status":"open","sticky":false,"template":"","format":"standard","meta":{"footnotes":""},"categories":[1],"tags":[],"class_list":["post-67502","post","type-post","status-publish","format-standard","has-post-thumbnail","hentry","category-haberler"],"yoast_head":"<!-- This site is optimized with the Yoast SEO plugin v27.4 - https:\/\/yoast.com\/product\/yoast-seo-wordpress\/ -->\n<title>Dokunulmazl\u0131klar\u0131n kald\u0131r\u0131lmas\u0131 siyasete darbedir! - Bati Ermenistan Ve Bati Ermenileri Sorunlari Ara\u015ftirmalar Merkezi<\/title>\n<meta name=\"robots\" content=\"index, follow, max-snippet:-1, max-image-preview:large, max-video-preview:-1\" \/>\n<link rel=\"canonical\" href=\"https:\/\/akunq.net\/tr\/?p=67502\" \/>\n<meta property=\"og:locale\" content=\"en_US\" \/>\n<meta property=\"og:type\" content=\"article\" \/>\n<meta property=\"og:title\" content=\"Dokunulmazl\u0131klar\u0131n kald\u0131r\u0131lmas\u0131 siyasete darbedir! - Bati Ermenistan Ve Bati Ermenileri Sorunlari Ara\u015ftirmalar Merkezi\" \/>\n<meta property=\"og:description\" content=\"Abdulbaki Erdo\u011fmu\u015f\u00a0 Foto\u011fraf: AA Ceberut y\u00f6netimlerde, polis devletlerinde halka nefes olabilecek tek \u00e7\u0131k\u0131\u015f kap\u0131s\u0131 siyasettir. Bu kap\u0131 daralt\u0131ld\u0131\u011f\u0131nda halk\u0131n nefes almas\u0131 da g\u00fc\u00e7le\u015fecektir. T\u00fcrkiye&#8217;de\u00a0dokunulmazl\u0131k, siyaset\u00e7inin halkla bask\u0131s\u0131z, engelsiz, korkusuz bulu\u015fmas\u0131n\u0131n bir g\u00fcvencesidir. Bu g\u00fcvence sayesinde milletvekilleri halk\u0131n sorunlar\u0131n\u0131, \u00e7\u00f6z\u00fcm \u00f6nerilerini \u00f6zg\u00fcrce dile getirebilmekte ve hukuksuz uygulamalarda y\u00f6netime kar\u015f\u0131 halk\u0131n yan\u0131nda olabilmektedirler. Bug\u00fcn de toplumsal kesimlerin [&hellip;]\" \/>\n<meta property=\"og:url\" content=\"https:\/\/akunq.net\/tr\/?p=67502\" \/>\n<meta property=\"og:site_name\" content=\"Bati Ermenistan Ve Bati Ermenileri Sorunlari Ara\u015ftirmalar Merkezi\" \/>\n<meta property=\"article:published_time\" content=\"2022-03-16T07:28:08+00:00\" \/>\n<meta property=\"og:image\" content=\"https:\/\/akunq.net\/tr\/wp-content\/uploads\/sites\/6\/2022\/03\/TBMM.jpeg\" \/>\n\t<meta property=\"og:image:width\" content=\"1368\" \/>\n\t<meta property=\"og:image:height\" content=\"911\" \/>\n\t<meta property=\"og:image:type\" content=\"image\/jpeg\" \/>\n<meta name=\"author\" content=\"admin\" \/>\n<meta name=\"twitter:card\" content=\"summary_large_image\" \/>\n<meta name=\"twitter:label1\" content=\"Written by\" \/>\n\t<meta name=\"twitter:data1\" content=\"admin\" \/>\n\t<meta name=\"twitter:label2\" content=\"Est. reading time\" \/>\n\t<meta name=\"twitter:data2\" content=\"6 minutes\" \/>\n<script type=\"application\/ld+json\" class=\"yoast-schema-graph\">{\"@context\":\"https:\\\/\\\/schema.org\",\"@graph\":[{\"@type\":\"Article\",\"@id\":\"https:\\\/\\\/akunq.net\\\/tr\\\/?p=67502#article\",\"isPartOf\":{\"@id\":\"https:\\\/\\\/akunq.net\\\/tr\\\/?p=67502\"},\"author\":{\"name\":\"admin\",\"@id\":\"https:\\\/\\\/akunq.net\\\/tr\\\/#\\\/schema\\\/person\\\/096f1d38a12cce57fb855b485ed24c9e\"},\"headline\":\"Dokunulmazl\u0131klar\u0131n kald\u0131r\u0131lmas\u0131 siyasete darbedir!\",\"datePublished\":\"2022-03-16T07:28:08+00:00\",\"mainEntityOfPage\":{\"@id\":\"https:\\\/\\\/akunq.net\\\/tr\\\/?p=67502\"},\"wordCount\":1174,\"commentCount\":0,\"image\":{\"@id\":\"https:\\\/\\\/akunq.net\\\/tr\\\/?p=67502#primaryimage\"},\"thumbnailUrl\":\"https:\\\/\\\/akunq.net\\\/tr\\\/wp-content\\\/uploads\\\/sites\\\/6\\\/2022\\\/03\\\/TBMM.jpeg\",\"articleSection\":[\"Haberler\"],\"inLanguage\":\"en-US\",\"potentialAction\":[{\"@type\":\"CommentAction\",\"name\":\"Comment\",\"target\":[\"https:\\\/\\\/akunq.net\\\/tr\\\/?p=67502#respond\"]}]},{\"@type\":\"WebPage\",\"@id\":\"https:\\\/\\\/akunq.net\\\/tr\\\/?p=67502\",\"url\":\"https:\\\/\\\/akunq.net\\\/tr\\\/?p=67502\",\"name\":\"Dokunulmazl\u0131klar\u0131n kald\u0131r\u0131lmas\u0131 siyasete darbedir! - Bati Ermenistan Ve Bati Ermenileri Sorunlari Ara\u015ftirmalar Merkezi\",\"isPartOf\":{\"@id\":\"https:\\\/\\\/akunq.net\\\/tr\\\/#website\"},\"primaryImageOfPage\":{\"@id\":\"https:\\\/\\\/akunq.net\\\/tr\\\/?p=67502#primaryimage\"},\"image\":{\"@id\":\"https:\\\/\\\/akunq.net\\\/tr\\\/?p=67502#primaryimage\"},\"thumbnailUrl\":\"https:\\\/\\\/akunq.net\\\/tr\\\/wp-content\\\/uploads\\\/sites\\\/6\\\/2022\\\/03\\\/TBMM.jpeg\",\"datePublished\":\"2022-03-16T07:28:08+00:00\",\"author\":{\"@id\":\"https:\\\/\\\/akunq.net\\\/tr\\\/#\\\/schema\\\/person\\\/096f1d38a12cce57fb855b485ed24c9e\"},\"breadcrumb\":{\"@id\":\"https:\\\/\\\/akunq.net\\\/tr\\\/?p=67502#breadcrumb\"},\"inLanguage\":\"en-US\",\"potentialAction\":[{\"@type\":\"ReadAction\",\"target\":[\"https:\\\/\\\/akunq.net\\\/tr\\\/?p=67502\"]}]},{\"@type\":\"ImageObject\",\"inLanguage\":\"en-US\",\"@id\":\"https:\\\/\\\/akunq.net\\\/tr\\\/?p=67502#primaryimage\",\"url\":\"https:\\\/\\\/akunq.net\\\/tr\\\/wp-content\\\/uploads\\\/sites\\\/6\\\/2022\\\/03\\\/TBMM.jpeg\",\"contentUrl\":\"https:\\\/\\\/akunq.net\\\/tr\\\/wp-content\\\/uploads\\\/sites\\\/6\\\/2022\\\/03\\\/TBMM.jpeg\",\"width\":1368,\"height\":911},{\"@type\":\"BreadcrumbList\",\"@id\":\"https:\\\/\\\/akunq.net\\\/tr\\\/?p=67502#breadcrumb\",\"itemListElement\":[{\"@type\":\"ListItem\",\"position\":1,\"name\":\"Home\",\"item\":\"https:\\\/\\\/akunq.net\\\/tr\"},{\"@type\":\"ListItem\",\"position\":2,\"name\":\"Dokunulmazl\u0131klar\u0131n kald\u0131r\u0131lmas\u0131 siyasete darbedir!\"}]},{\"@type\":\"WebSite\",\"@id\":\"https:\\\/\\\/akunq.net\\\/tr\\\/#website\",\"url\":\"https:\\\/\\\/akunq.net\\\/tr\\\/\",\"name\":\"Bati Ermenistan Ve Bati Ermenileri Sorunlari Ara\u015ftirmalar Merkezi\",\"description\":\"\",\"potentialAction\":[{\"@type\":\"SearchAction\",\"target\":{\"@type\":\"EntryPoint\",\"urlTemplate\":\"https:\\\/\\\/akunq.net\\\/tr\\\/?s={search_term_string}\"},\"query-input\":{\"@type\":\"PropertyValueSpecification\",\"valueRequired\":true,\"valueName\":\"search_term_string\"}}],\"inLanguage\":\"en-US\"},{\"@type\":\"Person\",\"@id\":\"https:\\\/\\\/akunq.net\\\/tr\\\/#\\\/schema\\\/person\\\/096f1d38a12cce57fb855b485ed24c9e\",\"name\":\"admin\",\"url\":\"https:\\\/\\\/akunq.net\\\/tr\\\/?author=7\"}]}<\/script>\n<!-- \/ Yoast SEO plugin. -->","yoast_head_json":{"title":"Dokunulmazl\u0131klar\u0131n kald\u0131r\u0131lmas\u0131 siyasete darbedir! - Bati Ermenistan Ve Bati Ermenileri Sorunlari Ara\u015ftirmalar Merkezi","robots":{"index":"index","follow":"follow","max-snippet":"max-snippet:-1","max-image-preview":"max-image-preview:large","max-video-preview":"max-video-preview:-1"},"canonical":"https:\/\/akunq.net\/tr\/?p=67502","og_locale":"en_US","og_type":"article","og_title":"Dokunulmazl\u0131klar\u0131n kald\u0131r\u0131lmas\u0131 siyasete darbedir! - Bati Ermenistan Ve Bati Ermenileri Sorunlari Ara\u015ftirmalar Merkezi","og_description":"Abdulbaki Erdo\u011fmu\u015f\u00a0 Foto\u011fraf: AA Ceberut y\u00f6netimlerde, polis devletlerinde halka nefes olabilecek tek \u00e7\u0131k\u0131\u015f kap\u0131s\u0131 siyasettir. Bu kap\u0131 daralt\u0131ld\u0131\u011f\u0131nda halk\u0131n nefes almas\u0131 da g\u00fc\u00e7le\u015fecektir. T\u00fcrkiye&#8217;de\u00a0dokunulmazl\u0131k, siyaset\u00e7inin halkla bask\u0131s\u0131z, engelsiz, korkusuz bulu\u015fmas\u0131n\u0131n bir g\u00fcvencesidir. Bu g\u00fcvence sayesinde milletvekilleri halk\u0131n sorunlar\u0131n\u0131, \u00e7\u00f6z\u00fcm \u00f6nerilerini \u00f6zg\u00fcrce dile getirebilmekte ve hukuksuz uygulamalarda y\u00f6netime kar\u015f\u0131 halk\u0131n yan\u0131nda olabilmektedirler. Bug\u00fcn de toplumsal kesimlerin [&hellip;]","og_url":"https:\/\/akunq.net\/tr\/?p=67502","og_site_name":"Bati Ermenistan Ve Bati Ermenileri Sorunlari Ara\u015ftirmalar Merkezi","article_published_time":"2022-03-16T07:28:08+00:00","og_image":[{"width":1368,"height":911,"url":"https:\/\/akunq.net\/tr\/wp-content\/uploads\/sites\/6\/2022\/03\/TBMM.jpeg","type":"image\/jpeg"}],"author":"admin","twitter_card":"summary_large_image","twitter_misc":{"Written by":"admin","Est. reading time":"6 minutes"},"schema":{"@context":"https:\/\/schema.org","@graph":[{"@type":"Article","@id":"https:\/\/akunq.net\/tr\/?p=67502#article","isPartOf":{"@id":"https:\/\/akunq.net\/tr\/?p=67502"},"author":{"name":"admin","@id":"https:\/\/akunq.net\/tr\/#\/schema\/person\/096f1d38a12cce57fb855b485ed24c9e"},"headline":"Dokunulmazl\u0131klar\u0131n kald\u0131r\u0131lmas\u0131 siyasete darbedir!","datePublished":"2022-03-16T07:28:08+00:00","mainEntityOfPage":{"@id":"https:\/\/akunq.net\/tr\/?p=67502"},"wordCount":1174,"commentCount":0,"image":{"@id":"https:\/\/akunq.net\/tr\/?p=67502#primaryimage"},"thumbnailUrl":"https:\/\/akunq.net\/tr\/wp-content\/uploads\/sites\/6\/2022\/03\/TBMM.jpeg","articleSection":["Haberler"],"inLanguage":"en-US","potentialAction":[{"@type":"CommentAction","name":"Comment","target":["https:\/\/akunq.net\/tr\/?p=67502#respond"]}]},{"@type":"WebPage","@id":"https:\/\/akunq.net\/tr\/?p=67502","url":"https:\/\/akunq.net\/tr\/?p=67502","name":"Dokunulmazl\u0131klar\u0131n kald\u0131r\u0131lmas\u0131 siyasete darbedir! - Bati Ermenistan Ve Bati Ermenileri Sorunlari Ara\u015ftirmalar Merkezi","isPartOf":{"@id":"https:\/\/akunq.net\/tr\/#website"},"primaryImageOfPage":{"@id":"https:\/\/akunq.net\/tr\/?p=67502#primaryimage"},"image":{"@id":"https:\/\/akunq.net\/tr\/?p=67502#primaryimage"},"thumbnailUrl":"https:\/\/akunq.net\/tr\/wp-content\/uploads\/sites\/6\/2022\/03\/TBMM.jpeg","datePublished":"2022-03-16T07:28:08+00:00","author":{"@id":"https:\/\/akunq.net\/tr\/#\/schema\/person\/096f1d38a12cce57fb855b485ed24c9e"},"breadcrumb":{"@id":"https:\/\/akunq.net\/tr\/?p=67502#breadcrumb"},"inLanguage":"en-US","potentialAction":[{"@type":"ReadAction","target":["https:\/\/akunq.net\/tr\/?p=67502"]}]},{"@type":"ImageObject","inLanguage":"en-US","@id":"https:\/\/akunq.net\/tr\/?p=67502#primaryimage","url":"https:\/\/akunq.net\/tr\/wp-content\/uploads\/sites\/6\/2022\/03\/TBMM.jpeg","contentUrl":"https:\/\/akunq.net\/tr\/wp-content\/uploads\/sites\/6\/2022\/03\/TBMM.jpeg","width":1368,"height":911},{"@type":"BreadcrumbList","@id":"https:\/\/akunq.net\/tr\/?p=67502#breadcrumb","itemListElement":[{"@type":"ListItem","position":1,"name":"Home","item":"https:\/\/akunq.net\/tr"},{"@type":"ListItem","position":2,"name":"Dokunulmazl\u0131klar\u0131n kald\u0131r\u0131lmas\u0131 siyasete darbedir!"}]},{"@type":"WebSite","@id":"https:\/\/akunq.net\/tr\/#website","url":"https:\/\/akunq.net\/tr\/","name":"Bati Ermenistan Ve Bati Ermenileri Sorunlari Ara\u015ftirmalar Merkezi","description":"","potentialAction":[{"@type":"SearchAction","target":{"@type":"EntryPoint","urlTemplate":"https:\/\/akunq.net\/tr\/?s={search_term_string}"},"query-input":{"@type":"PropertyValueSpecification","valueRequired":true,"valueName":"search_term_string"}}],"inLanguage":"en-US"},{"@type":"Person","@id":"https:\/\/akunq.net\/tr\/#\/schema\/person\/096f1d38a12cce57fb855b485ed24c9e","name":"admin","url":"https:\/\/akunq.net\/tr\/?author=7"}]}},"_links":{"self":[{"href":"https:\/\/akunq.net\/tr\/index.php?rest_route=\/wp\/v2\/posts\/67502","targetHints":{"allow":["GET"]}}],"collection":[{"href":"https:\/\/akunq.net\/tr\/index.php?rest_route=\/wp\/v2\/posts"}],"about":[{"href":"https:\/\/akunq.net\/tr\/index.php?rest_route=\/wp\/v2\/types\/post"}],"author":[{"embeddable":true,"href":"https:\/\/akunq.net\/tr\/index.php?rest_route=\/wp\/v2\/users\/7"}],"replies":[{"embeddable":true,"href":"https:\/\/akunq.net\/tr\/index.php?rest_route=%2Fwp%2Fv2%2Fcomments&post=67502"}],"version-history":[{"count":1,"href":"https:\/\/akunq.net\/tr\/index.php?rest_route=\/wp\/v2\/posts\/67502\/revisions"}],"predecessor-version":[{"id":67504,"href":"https:\/\/akunq.net\/tr\/index.php?rest_route=\/wp\/v2\/posts\/67502\/revisions\/67504"}],"wp:featuredmedia":[{"embeddable":true,"href":"https:\/\/akunq.net\/tr\/index.php?rest_route=\/wp\/v2\/media\/67503"}],"wp:attachment":[{"href":"https:\/\/akunq.net\/tr\/index.php?rest_route=%2Fwp%2Fv2%2Fmedia&parent=67502"}],"wp:term":[{"taxonomy":"category","embeddable":true,"href":"https:\/\/akunq.net\/tr\/index.php?rest_route=%2Fwp%2Fv2%2Fcategories&post=67502"},{"taxonomy":"post_tag","embeddable":true,"href":"https:\/\/akunq.net\/tr\/index.php?rest_route=%2Fwp%2Fv2%2Ftags&post=67502"}],"curies":[{"name":"wp","href":"https:\/\/api.w.org\/{rel}","templated":true}]}}