{"id":67497,"date":"2022-03-15T04:06:19","date_gmt":"2022-03-15T09:06:19","guid":{"rendered":"https:\/\/akunq.net\/tr\/?p=67497"},"modified":"2022-03-15T04:06:19","modified_gmt":"2022-03-15T09:06:19","slug":"osmanli-doneminde-ilk-ve-tek-bust-tam-116-yillik","status":"publish","type":"post","link":"https:\/\/akunq.net\/tr\/?p=67497","title":{"rendered":"Osmanl\u0131 d\u00f6neminde ilk ve tek b\u00fcst, tam 116 y\u0131ll\u0131k"},"content":{"rendered":"<header class=\"hbptHead\"><img loading=\"lazy\" decoding=\"async\" class=\"aligncenter size-medium wp-image-67498\" src=\"https:\/\/akunq.net\/tr\/wp-content\/uploads\/2022\/03\/116-YILLIK-HEYKEL-360x240.jpg\" alt=\"\" width=\"360\" height=\"240\" srcset=\"https:\/\/akunq.net\/tr\/wp-content\/uploads\/sites\/6\/2022\/03\/116-YILLIK-HEYKEL-360x240.jpg 360w, https:\/\/akunq.net\/tr\/wp-content\/uploads\/sites\/6\/2022\/03\/116-YILLIK-HEYKEL-560x373.jpg 560w, https:\/\/akunq.net\/tr\/wp-content\/uploads\/sites\/6\/2022\/03\/116-YILLIK-HEYKEL-260x173.jpg 260w, https:\/\/akunq.net\/tr\/wp-content\/uploads\/sites\/6\/2022\/03\/116-YILLIK-HEYKEL-160x107.jpg 160w, https:\/\/akunq.net\/tr\/wp-content\/uploads\/sites\/6\/2022\/03\/116-YILLIK-HEYKEL.jpg 640w\" sizes=\"auto, (max-width: 360px) 100vw, 360px\" \/><\/p>\n<p><em><strong>Anadolu co\u011frafyas\u0131nda Osmanl\u0131 tarihinde yap\u0131lan ilk ve tek heykel olma \u00f6zelli\u011fi ta\u015f\u0131yan 116 y\u0131ll\u0131k Osman Bey b\u00fcst\u00fc m\u00fczede sergileniyor.<\/strong><\/em><\/p>\n<\/header>\n<p><main class=\"hbptContent haber_metni\">HAF\u0130K, S\u0130VAS (\u0130HA) &#8211; Anadolu co\u011frafyas\u0131nda Osmanl\u0131 tarihinde yap\u0131lan ilk ve tek heykel olma \u00f6zelli\u011fi ta\u015f\u0131yan 116 y\u0131ll\u0131k Osman Bey b\u00fcst\u00fc m\u00fczede sergileniyor.<\/p>\n<p>Sivas&#8217;ta bulunan Osmanl\u0131 \u0130mparatorlu\u011funun kurucusu Osman Bey b\u00fcst\u00fc, Anadolu topraklar\u0131nda 1914-1916 y\u0131llar\u0131 aras\u0131nda Hafik il\u00e7esinde Ermeni bir ta\u015f ustas\u0131 taraf\u0131ndan yap\u0131lan b\u00fcst, Osmanl\u0131 d\u00f6neminde Anadolu co\u011frafyas\u0131nda yap\u0131lan ilk heykel olma \u00f6zelli\u011fi ta\u015f\u0131yor. 10 metre y\u00fckseklikte bir s\u00fctun \u00fczerine in\u015fa edilen heykel, d\u00f6nemin Valisi Nazmi Toker taraf\u0131ndan y\u0131kt\u0131r\u0131ld\u0131. \u0130mitasyonu Hafik il\u00e7esinde bulunan Osman bey heykelinin orijinali ise Sivas Arkeoloji M\u00fczesinde sergileniyor.<\/p>\n<p><strong>116 YILLIK HEYKEL<\/strong><\/p>\n<p>Arkeoloji ve Sanat Tarih\u00e7i Yunus Budakta\u015f, b\u00fcst\u00fcn 116 y\u0131ll\u0131k oldu\u011funu belirterek, &#8220;Osman Bey b\u00fcst\u00fc, Osmanl\u0131 imparatorlu\u011funun kurucusu Osman Bey an\u0131s\u0131na 1914-1916 y\u0131llar\u0131 aras\u0131nda Sivas&#8217;\u0131n Hafik il\u00e7esinde Ermeni bir ta\u015f ustas\u0131 taraf\u0131ndan yap\u0131lm\u0131\u015ft\u0131r. Anadolu co\u011frafyas\u0131nda yap\u0131lan ilk heykel olmas\u0131 bak\u0131m\u0131ndan olduk\u00e7a \u00f6nem ta\u015f\u0131maktad\u0131r. Osmanl\u0131n\u0131n son d\u00f6nemlerine denk gelen bu b\u00fcst yakla\u015f\u0131k 116 y\u0131ll\u0131kt\u0131r. D\u00f6nemin m\u00fcft\u00fcs\u00fc Rauf Efendi bizzat a\u00e7\u0131l\u0131\u015f\u0131n\u0131 yapm\u0131\u015ft\u0131r&#8221; dedi.<\/p>\n<p><strong>\u0130M\u0130TASYONU HAF\u0130K \u0130L\u00c7ES\u0130NDE BULUNUYOR<\/strong><\/p>\n<p>Budakta\u015f, b\u00fcst\u00fcn imitasyonunun Hafik il\u00e7esinde bulundu\u011funu s\u00f6yleyerek, &#8220;B\u00fcst yakla\u015f\u0131k 10 metre y\u00fckseklikteki bir s\u00fctun dizisinin \u00fczerinde in\u015fa edilmi\u015ftir. Devam eden y\u0131llarda d\u00f6nemin valisi Nazmi Toker taraf\u0131ndan b\u00fcst y\u0131kt\u0131r\u0131lm\u0131\u015ft\u0131r. Detayl\u0131 inceledi\u011fimizde \u00fczerinde ki deformeleri ve tahribat\u0131 g\u00f6rmemiz m\u00fcmk\u00fcn. Y\u0131k\u0131lan an\u0131t\u0131n s\u00fctun par\u00e7alar\u0131 dev\u015firme malzemeler olarak b\u00f6lgedeki farkl\u0131 yap\u0131larda kullan\u0131lm\u0131\u015ft\u0131r. 1940&#8217;l\u0131 y\u0131llarda b\u00fcst bulundu\u011fu yerden al\u0131narak arkeoloji m\u00fczesine getirilmi\u015ftir. O tarihten itibaren de an\u0131t\u0131n par\u00e7alar\u0131 m\u00fczeye getirildikten sonrada an\u0131t\u0131n in\u015fa edildi\u011fi ilk yerde imitasyonu bulunmaktad\u0131r. Heykelin ve b\u00fcst\u00fcn nerede yap\u0131ld\u0131\u011f\u0131 birebir \u00f6l\u00e7\u00fcleriyle birlikte o tarihi an\u0131 ya\u015fatmak ad\u0131na Hafik il\u00e7esinde imitasyonu sergilenmektedir&#8221; \u015feklinde konu\u015ftu. ^<\/p>\n<figure class=\"image-wrapper\"><img decoding=\"async\" class=\"hbptMainImage lazyload ImgDetay ImgEmpty\" src=\"https:\/\/foto.haberler.com\/haber\/2022\/03\/15\/osmanli-doneminde-ilk-ve-tek-bust-tam-116-yil-2-14797258_o.jpg\" alt=\"Osmanl\u0131 d\u00f6neminde ilk ve tek b\u00fcst, tam 116 y\u0131ll\u0131k\" data-src=\"https:\/\/foto.haberler.com\/haber\/2022\/03\/15\/osmanli-doneminde-ilk-ve-tek-bust-tam-116-yil-2-14797258_o.jpg\" \/><\/p>\n<figure class=\"image-wrapper\"><img decoding=\"async\" class=\"hbptMainImage lazyload ImgDetay ImgEmpty\" src=\"https:\/\/foto.haberler.com\/haber\/2022\/03\/15\/osmanli-doneminde-ilk-ve-tek-bust-tam-116-yil-3-14797258_o.jpg\" alt=\"Osmanl\u0131 d\u00f6neminde ilk ve tek b\u00fcst, tam 116 y\u0131ll\u0131k\" data-src=\"https:\/\/foto.haberler.com\/haber\/2022\/03\/15\/osmanli-doneminde-ilk-ve-tek-bust-tam-116-yil-3-14797258_o.jpg\" \/><\/p>\n<figure class=\"image-wrapper\">\n<div class=\"editorSade\"><em><strong> (Volkan Kaplan &#8211; Demet Karaku\u015f\/ \u0130HA)<\/strong><\/em><\/div>\n<div><em><strong>https:\/\/www.haberler.com\/guncel\/osmanli-doneminde-ilk-ve-tek-bust-tam-116-yillik-14797258-haberi\/\u00a0<\/strong><\/em><\/div>\n<\/figure>\n<\/figure>\n<\/figure>\n<p><\/main><\/p>\n","protected":false},"excerpt":{"rendered":"<p>Anadolu co\u011frafyas\u0131nda Osmanl\u0131 tarihinde yap\u0131lan ilk ve tek heykel olma \u00f6zelli\u011fi ta\u015f\u0131yan 116 y\u0131ll\u0131k Osman Bey b\u00fcst\u00fc m\u00fczede sergileniyor. HAF\u0130K, S\u0130VAS (\u0130HA) &#8211; Anadolu co\u011frafyas\u0131nda Osmanl\u0131 tarihinde yap\u0131lan ilk ve tek heykel olma \u00f6zelli\u011fi ta\u015f\u0131yan 116 y\u0131ll\u0131k Osman Bey b\u00fcst\u00fc m\u00fczede sergileniyor. Sivas&#8217;ta bulunan Osmanl\u0131 \u0130mparatorlu\u011funun kurucusu Osman Bey b\u00fcst\u00fc, Anadolu topraklar\u0131nda 1914-1916 y\u0131llar\u0131 aras\u0131nda [&hellip;]<\/p>\n","protected":false},"author":7,"featured_media":67498,"comment_status":"open","ping_status":"open","sticky":false,"template":"","format":"standard","meta":{"footnotes":""},"categories":[1],"tags":[],"class_list":["post-67497","post","type-post","status-publish","format-standard","has-post-thumbnail","hentry","category-haberler"],"yoast_head":"<!-- This site is optimized with the Yoast SEO plugin v27.4 - https:\/\/yoast.com\/product\/yoast-seo-wordpress\/ -->\n<title>Osmanl\u0131 d\u00f6neminde ilk ve tek b\u00fcst, tam 116 y\u0131ll\u0131k - Bati Ermenistan Ve Bati Ermenileri Sorunlari Ara\u015ftirmalar Merkezi<\/title>\n<meta name=\"robots\" content=\"index, follow, max-snippet:-1, max-image-preview:large, max-video-preview:-1\" \/>\n<link rel=\"canonical\" href=\"https:\/\/akunq.net\/tr\/?p=67497\" \/>\n<meta property=\"og:locale\" content=\"en_US\" \/>\n<meta property=\"og:type\" content=\"article\" \/>\n<meta property=\"og:title\" content=\"Osmanl\u0131 d\u00f6neminde ilk ve tek b\u00fcst, tam 116 y\u0131ll\u0131k - Bati Ermenistan Ve Bati Ermenileri Sorunlari Ara\u015ftirmalar Merkezi\" \/>\n<meta property=\"og:description\" content=\"Anadolu co\u011frafyas\u0131nda Osmanl\u0131 tarihinde yap\u0131lan ilk ve tek heykel olma \u00f6zelli\u011fi ta\u015f\u0131yan 116 y\u0131ll\u0131k Osman Bey b\u00fcst\u00fc m\u00fczede sergileniyor. HAF\u0130K, S\u0130VAS (\u0130HA) &#8211; Anadolu co\u011frafyas\u0131nda Osmanl\u0131 tarihinde yap\u0131lan ilk ve tek heykel olma \u00f6zelli\u011fi ta\u015f\u0131yan 116 y\u0131ll\u0131k Osman Bey b\u00fcst\u00fc m\u00fczede sergileniyor. Sivas&#8217;ta bulunan Osmanl\u0131 \u0130mparatorlu\u011funun kurucusu Osman Bey b\u00fcst\u00fc, Anadolu topraklar\u0131nda 1914-1916 y\u0131llar\u0131 aras\u0131nda [&hellip;]\" \/>\n<meta property=\"og:url\" content=\"https:\/\/akunq.net\/tr\/?p=67497\" \/>\n<meta property=\"og:site_name\" content=\"Bati Ermenistan Ve Bati Ermenileri Sorunlari Ara\u015ftirmalar Merkezi\" \/>\n<meta property=\"article:published_time\" content=\"2022-03-15T09:06:19+00:00\" \/>\n<meta property=\"og:image\" content=\"https:\/\/akunq.net\/tr\/wp-content\/uploads\/sites\/6\/2022\/03\/116-YILLIK-HEYKEL.jpg\" \/>\n\t<meta property=\"og:image:width\" content=\"640\" \/>\n\t<meta property=\"og:image:height\" content=\"426\" \/>\n\t<meta property=\"og:image:type\" content=\"image\/jpeg\" \/>\n<meta name=\"author\" content=\"admin\" \/>\n<meta name=\"twitter:card\" content=\"summary_large_image\" \/>\n<meta name=\"twitter:label1\" content=\"Written by\" \/>\n\t<meta name=\"twitter:data1\" content=\"admin\" \/>\n\t<meta name=\"twitter:label2\" content=\"Est. reading time\" \/>\n\t<meta name=\"twitter:data2\" content=\"2 minutes\" \/>\n<script type=\"application\/ld+json\" class=\"yoast-schema-graph\">{\"@context\":\"https:\\\/\\\/schema.org\",\"@graph\":[{\"@type\":\"Article\",\"@id\":\"https:\\\/\\\/akunq.net\\\/tr\\\/?p=67497#article\",\"isPartOf\":{\"@id\":\"https:\\\/\\\/akunq.net\\\/tr\\\/?p=67497\"},\"author\":{\"name\":\"admin\",\"@id\":\"https:\\\/\\\/akunq.net\\\/tr\\\/#\\\/schema\\\/person\\\/096f1d38a12cce57fb855b485ed24c9e\"},\"headline\":\"Osmanl\u0131 d\u00f6neminde ilk ve tek b\u00fcst, tam 116 y\u0131ll\u0131k\",\"datePublished\":\"2022-03-15T09:06:19+00:00\",\"mainEntityOfPage\":{\"@id\":\"https:\\\/\\\/akunq.net\\\/tr\\\/?p=67497\"},\"wordCount\":429,\"commentCount\":0,\"image\":{\"@id\":\"https:\\\/\\\/akunq.net\\\/tr\\\/?p=67497#primaryimage\"},\"thumbnailUrl\":\"https:\\\/\\\/akunq.net\\\/tr\\\/wp-content\\\/uploads\\\/sites\\\/6\\\/2022\\\/03\\\/116-YILLIK-HEYKEL.jpg\",\"articleSection\":[\"Haberler\"],\"inLanguage\":\"en-US\",\"potentialAction\":[{\"@type\":\"CommentAction\",\"name\":\"Comment\",\"target\":[\"https:\\\/\\\/akunq.net\\\/tr\\\/?p=67497#respond\"]}]},{\"@type\":\"WebPage\",\"@id\":\"https:\\\/\\\/akunq.net\\\/tr\\\/?p=67497\",\"url\":\"https:\\\/\\\/akunq.net\\\/tr\\\/?p=67497\",\"name\":\"Osmanl\u0131 d\u00f6neminde ilk ve tek b\u00fcst, tam 116 y\u0131ll\u0131k - Bati Ermenistan Ve Bati Ermenileri Sorunlari Ara\u015ftirmalar Merkezi\",\"isPartOf\":{\"@id\":\"https:\\\/\\\/akunq.net\\\/tr\\\/#website\"},\"primaryImageOfPage\":{\"@id\":\"https:\\\/\\\/akunq.net\\\/tr\\\/?p=67497#primaryimage\"},\"image\":{\"@id\":\"https:\\\/\\\/akunq.net\\\/tr\\\/?p=67497#primaryimage\"},\"thumbnailUrl\":\"https:\\\/\\\/akunq.net\\\/tr\\\/wp-content\\\/uploads\\\/sites\\\/6\\\/2022\\\/03\\\/116-YILLIK-HEYKEL.jpg\",\"datePublished\":\"2022-03-15T09:06:19+00:00\",\"author\":{\"@id\":\"https:\\\/\\\/akunq.net\\\/tr\\\/#\\\/schema\\\/person\\\/096f1d38a12cce57fb855b485ed24c9e\"},\"breadcrumb\":{\"@id\":\"https:\\\/\\\/akunq.net\\\/tr\\\/?p=67497#breadcrumb\"},\"inLanguage\":\"en-US\",\"potentialAction\":[{\"@type\":\"ReadAction\",\"target\":[\"https:\\\/\\\/akunq.net\\\/tr\\\/?p=67497\"]}]},{\"@type\":\"ImageObject\",\"inLanguage\":\"en-US\",\"@id\":\"https:\\\/\\\/akunq.net\\\/tr\\\/?p=67497#primaryimage\",\"url\":\"https:\\\/\\\/akunq.net\\\/tr\\\/wp-content\\\/uploads\\\/sites\\\/6\\\/2022\\\/03\\\/116-YILLIK-HEYKEL.jpg\",\"contentUrl\":\"https:\\\/\\\/akunq.net\\\/tr\\\/wp-content\\\/uploads\\\/sites\\\/6\\\/2022\\\/03\\\/116-YILLIK-HEYKEL.jpg\",\"width\":640,\"height\":426},{\"@type\":\"BreadcrumbList\",\"@id\":\"https:\\\/\\\/akunq.net\\\/tr\\\/?p=67497#breadcrumb\",\"itemListElement\":[{\"@type\":\"ListItem\",\"position\":1,\"name\":\"Home\",\"item\":\"https:\\\/\\\/akunq.net\\\/tr\"},{\"@type\":\"ListItem\",\"position\":2,\"name\":\"Osmanl\u0131 d\u00f6neminde ilk ve tek b\u00fcst, tam 116 y\u0131ll\u0131k\"}]},{\"@type\":\"WebSite\",\"@id\":\"https:\\\/\\\/akunq.net\\\/tr\\\/#website\",\"url\":\"https:\\\/\\\/akunq.net\\\/tr\\\/\",\"name\":\"Bati Ermenistan Ve Bati Ermenileri Sorunlari Ara\u015ftirmalar Merkezi\",\"description\":\"\",\"potentialAction\":[{\"@type\":\"SearchAction\",\"target\":{\"@type\":\"EntryPoint\",\"urlTemplate\":\"https:\\\/\\\/akunq.net\\\/tr\\\/?s={search_term_string}\"},\"query-input\":{\"@type\":\"PropertyValueSpecification\",\"valueRequired\":true,\"valueName\":\"search_term_string\"}}],\"inLanguage\":\"en-US\"},{\"@type\":\"Person\",\"@id\":\"https:\\\/\\\/akunq.net\\\/tr\\\/#\\\/schema\\\/person\\\/096f1d38a12cce57fb855b485ed24c9e\",\"name\":\"admin\",\"url\":\"https:\\\/\\\/akunq.net\\\/tr\\\/?author=7\"}]}<\/script>\n<!-- \/ Yoast SEO plugin. -->","yoast_head_json":{"title":"Osmanl\u0131 d\u00f6neminde ilk ve tek b\u00fcst, tam 116 y\u0131ll\u0131k - Bati Ermenistan Ve Bati Ermenileri Sorunlari Ara\u015ftirmalar Merkezi","robots":{"index":"index","follow":"follow","max-snippet":"max-snippet:-1","max-image-preview":"max-image-preview:large","max-video-preview":"max-video-preview:-1"},"canonical":"https:\/\/akunq.net\/tr\/?p=67497","og_locale":"en_US","og_type":"article","og_title":"Osmanl\u0131 d\u00f6neminde ilk ve tek b\u00fcst, tam 116 y\u0131ll\u0131k - Bati Ermenistan Ve Bati Ermenileri Sorunlari Ara\u015ftirmalar Merkezi","og_description":"Anadolu co\u011frafyas\u0131nda Osmanl\u0131 tarihinde yap\u0131lan ilk ve tek heykel olma \u00f6zelli\u011fi ta\u015f\u0131yan 116 y\u0131ll\u0131k Osman Bey b\u00fcst\u00fc m\u00fczede sergileniyor. HAF\u0130K, S\u0130VAS (\u0130HA) &#8211; Anadolu co\u011frafyas\u0131nda Osmanl\u0131 tarihinde yap\u0131lan ilk ve tek heykel olma \u00f6zelli\u011fi ta\u015f\u0131yan 116 y\u0131ll\u0131k Osman Bey b\u00fcst\u00fc m\u00fczede sergileniyor. Sivas&#8217;ta bulunan Osmanl\u0131 \u0130mparatorlu\u011funun kurucusu Osman Bey b\u00fcst\u00fc, Anadolu topraklar\u0131nda 1914-1916 y\u0131llar\u0131 aras\u0131nda [&hellip;]","og_url":"https:\/\/akunq.net\/tr\/?p=67497","og_site_name":"Bati Ermenistan Ve Bati Ermenileri Sorunlari Ara\u015ftirmalar Merkezi","article_published_time":"2022-03-15T09:06:19+00:00","og_image":[{"width":640,"height":426,"url":"https:\/\/akunq.net\/tr\/wp-content\/uploads\/sites\/6\/2022\/03\/116-YILLIK-HEYKEL.jpg","type":"image\/jpeg"}],"author":"admin","twitter_card":"summary_large_image","twitter_misc":{"Written by":"admin","Est. reading time":"2 minutes"},"schema":{"@context":"https:\/\/schema.org","@graph":[{"@type":"Article","@id":"https:\/\/akunq.net\/tr\/?p=67497#article","isPartOf":{"@id":"https:\/\/akunq.net\/tr\/?p=67497"},"author":{"name":"admin","@id":"https:\/\/akunq.net\/tr\/#\/schema\/person\/096f1d38a12cce57fb855b485ed24c9e"},"headline":"Osmanl\u0131 d\u00f6neminde ilk ve tek b\u00fcst, tam 116 y\u0131ll\u0131k","datePublished":"2022-03-15T09:06:19+00:00","mainEntityOfPage":{"@id":"https:\/\/akunq.net\/tr\/?p=67497"},"wordCount":429,"commentCount":0,"image":{"@id":"https:\/\/akunq.net\/tr\/?p=67497#primaryimage"},"thumbnailUrl":"https:\/\/akunq.net\/tr\/wp-content\/uploads\/sites\/6\/2022\/03\/116-YILLIK-HEYKEL.jpg","articleSection":["Haberler"],"inLanguage":"en-US","potentialAction":[{"@type":"CommentAction","name":"Comment","target":["https:\/\/akunq.net\/tr\/?p=67497#respond"]}]},{"@type":"WebPage","@id":"https:\/\/akunq.net\/tr\/?p=67497","url":"https:\/\/akunq.net\/tr\/?p=67497","name":"Osmanl\u0131 d\u00f6neminde ilk ve tek b\u00fcst, tam 116 y\u0131ll\u0131k - Bati Ermenistan Ve Bati Ermenileri Sorunlari Ara\u015ftirmalar Merkezi","isPartOf":{"@id":"https:\/\/akunq.net\/tr\/#website"},"primaryImageOfPage":{"@id":"https:\/\/akunq.net\/tr\/?p=67497#primaryimage"},"image":{"@id":"https:\/\/akunq.net\/tr\/?p=67497#primaryimage"},"thumbnailUrl":"https:\/\/akunq.net\/tr\/wp-content\/uploads\/sites\/6\/2022\/03\/116-YILLIK-HEYKEL.jpg","datePublished":"2022-03-15T09:06:19+00:00","author":{"@id":"https:\/\/akunq.net\/tr\/#\/schema\/person\/096f1d38a12cce57fb855b485ed24c9e"},"breadcrumb":{"@id":"https:\/\/akunq.net\/tr\/?p=67497#breadcrumb"},"inLanguage":"en-US","potentialAction":[{"@type":"ReadAction","target":["https:\/\/akunq.net\/tr\/?p=67497"]}]},{"@type":"ImageObject","inLanguage":"en-US","@id":"https:\/\/akunq.net\/tr\/?p=67497#primaryimage","url":"https:\/\/akunq.net\/tr\/wp-content\/uploads\/sites\/6\/2022\/03\/116-YILLIK-HEYKEL.jpg","contentUrl":"https:\/\/akunq.net\/tr\/wp-content\/uploads\/sites\/6\/2022\/03\/116-YILLIK-HEYKEL.jpg","width":640,"height":426},{"@type":"BreadcrumbList","@id":"https:\/\/akunq.net\/tr\/?p=67497#breadcrumb","itemListElement":[{"@type":"ListItem","position":1,"name":"Home","item":"https:\/\/akunq.net\/tr"},{"@type":"ListItem","position":2,"name":"Osmanl\u0131 d\u00f6neminde ilk ve tek b\u00fcst, tam 116 y\u0131ll\u0131k"}]},{"@type":"WebSite","@id":"https:\/\/akunq.net\/tr\/#website","url":"https:\/\/akunq.net\/tr\/","name":"Bati Ermenistan Ve Bati Ermenileri Sorunlari Ara\u015ftirmalar Merkezi","description":"","potentialAction":[{"@type":"SearchAction","target":{"@type":"EntryPoint","urlTemplate":"https:\/\/akunq.net\/tr\/?s={search_term_string}"},"query-input":{"@type":"PropertyValueSpecification","valueRequired":true,"valueName":"search_term_string"}}],"inLanguage":"en-US"},{"@type":"Person","@id":"https:\/\/akunq.net\/tr\/#\/schema\/person\/096f1d38a12cce57fb855b485ed24c9e","name":"admin","url":"https:\/\/akunq.net\/tr\/?author=7"}]}},"_links":{"self":[{"href":"https:\/\/akunq.net\/tr\/index.php?rest_route=\/wp\/v2\/posts\/67497","targetHints":{"allow":["GET"]}}],"collection":[{"href":"https:\/\/akunq.net\/tr\/index.php?rest_route=\/wp\/v2\/posts"}],"about":[{"href":"https:\/\/akunq.net\/tr\/index.php?rest_route=\/wp\/v2\/types\/post"}],"author":[{"embeddable":true,"href":"https:\/\/akunq.net\/tr\/index.php?rest_route=\/wp\/v2\/users\/7"}],"replies":[{"embeddable":true,"href":"https:\/\/akunq.net\/tr\/index.php?rest_route=%2Fwp%2Fv2%2Fcomments&post=67497"}],"version-history":[{"count":1,"href":"https:\/\/akunq.net\/tr\/index.php?rest_route=\/wp\/v2\/posts\/67497\/revisions"}],"predecessor-version":[{"id":67499,"href":"https:\/\/akunq.net\/tr\/index.php?rest_route=\/wp\/v2\/posts\/67497\/revisions\/67499"}],"wp:featuredmedia":[{"embeddable":true,"href":"https:\/\/akunq.net\/tr\/index.php?rest_route=\/wp\/v2\/media\/67498"}],"wp:attachment":[{"href":"https:\/\/akunq.net\/tr\/index.php?rest_route=%2Fwp%2Fv2%2Fmedia&parent=67497"}],"wp:term":[{"taxonomy":"category","embeddable":true,"href":"https:\/\/akunq.net\/tr\/index.php?rest_route=%2Fwp%2Fv2%2Fcategories&post=67497"},{"taxonomy":"post_tag","embeddable":true,"href":"https:\/\/akunq.net\/tr\/index.php?rest_route=%2Fwp%2Fv2%2Ftags&post=67497"}],"curies":[{"name":"wp","href":"https:\/\/api.w.org\/{rel}","templated":true}]}}