{"id":67482,"date":"2022-03-15T01:26:37","date_gmt":"2022-03-15T06:26:37","guid":{"rendered":"https:\/\/akunq.net\/tr\/?p=67482"},"modified":"2022-03-15T01:26:37","modified_gmt":"2022-03-15T06:26:37","slug":"sumela-manastiri-ve-altindere-vadisindeki-kar-manzaralari-havadan-goruntulendi","status":"publish","type":"post","link":"https:\/\/akunq.net\/tr\/?p=67482","title":{"rendered":"S\u00fcmela Manast\u0131r\u0131 ve Alt\u0131ndere Vadisi\u2019ndeki kar manzaralar\u0131 havadan g\u00f6r\u00fcnt\u00fclendi"},"content":{"rendered":"<figure id=\"attachment_67483\" aria-describedby=\"caption-attachment-67483\" style=\"width: 360px\" class=\"wp-caption aligncenter\"><img loading=\"lazy\" decoding=\"async\" class=\"size-medium wp-image-67483\" src=\"https:\/\/akunq.net\/tr\/wp-content\/uploads\/2022\/03\/Sumela-360x228.jpg\" alt=\"\" width=\"360\" height=\"228\" srcset=\"https:\/\/akunq.net\/tr\/wp-content\/uploads\/sites\/6\/2022\/03\/Sumela-360x228.jpg 360w, https:\/\/akunq.net\/tr\/wp-content\/uploads\/sites\/6\/2022\/03\/Sumela-768x485.jpg 768w, https:\/\/akunq.net\/tr\/wp-content\/uploads\/sites\/6\/2022\/03\/Sumela-560x354.jpg 560w, https:\/\/akunq.net\/tr\/wp-content\/uploads\/sites\/6\/2022\/03\/Sumela-260x164.jpg 260w, https:\/\/akunq.net\/tr\/wp-content\/uploads\/sites\/6\/2022\/03\/Sumela-160x101.jpg 160w, https:\/\/akunq.net\/tr\/wp-content\/uploads\/sites\/6\/2022\/03\/Sumela.jpg 1120w\" sizes=\"auto, (max-width: 360px) 100vw, 360px\" \/><figcaption id=\"caption-attachment-67483\" class=\"wp-caption-text\">Trabzon&#8217;un Ma\u00e7ka il\u00e7esindeki d\u00fcnyaca \u00fcnl\u00fc S\u00fcmela Manast\u0131r\u0131, yo\u011fun kar ya\u011f\u0131\u015f\u0131n\u0131n ard\u0131ndan havadan g\u00f6r\u00fcnt\u00fclendi. ( Hakan Burak Altun\u00f6z &#8211; Anadolu Ajans\u0131 )<\/figcaption><\/figure>\n<p><em><strong>Trabzon\u2019un Ma\u00e7ka il\u00e7esindeki d\u00fcnyaca \u00fcnl\u00fc S\u00fcmela Manast\u0131r\u0131 ile g\u00fczergah\u0131nda yer alan Alt\u0131ndere Vadisi, yo\u011fun kar ya\u011f\u0131\u015f\u0131n\u0131n ard\u0131ndan havadan g\u00f6r\u00fcnt\u00fclendi.<\/strong><\/em><\/p>\n<p><strong>Hakan Burak Altun\u00f6z<\/strong><\/p>\n<p>D\u00fcn ak\u015fam saatlerinde ba\u015flayan ve aral\u0131klarla devam eden kar ya\u011f\u0131\u015f\u0131, Ma\u00e7ka il\u00e7esine ba\u011fl\u0131 Alt\u0131ndere Vadisi ve \u00e7evresinde etkili oldu. B\u00f6lgedeki a\u011fa\u00e7lar, \u00e7e\u015fmeler ve vadideki derenin baz\u0131 b\u00f6l\u00fcmleri karla kapland\u0131.<\/p>\n<p>Yine vadide yer alan S\u00fcmela Manast\u0131r\u0131 ve beyaza b\u00fcr\u00fcnen ormanlarla ortaya \u00e7\u0131kan manzara dron ile g\u00f6r\u00fcnt\u00fclendi.<\/p>\n<p>Ziyaret\u00e7ilerden Muhittin Sayitb\u00fcy\u00fck, AA muhabirine, manast\u0131r\u0131n kar ya\u011f\u0131\u015f\u0131 ile birlikte do\u011fal g\u00fczelli\u011fini g\u00f6rebilmek i\u00e7in geldiklerini s\u00f6yledi.<\/p>\n<p>Trabzon\u2019a ilk defa geldi\u011fini ifade eden Sayitb\u00fcy\u00fck, \u201cBuraya kadar gelmi\u015fken bu do\u011fal g\u00fczelli\u011fi g\u00f6relim dedik. Daha \u00f6nce foto\u011fraflardan S\u00fcmela Manast\u0131r\u0131\u2019n\u0131 takip etmi\u015ftik. Birazdan g\u00f6recek olman\u0131n da heyecan\u0131 i\u00e7erisindeyiz. Burada da ciddi bir kar ya\u011f\u0131\u015f\u0131 oldu\u011funu g\u00f6rd\u00fck. Arac\u0131m\u0131z\u0131 giri\u015fte b\u0131rakt\u0131k ve bundan sonraki yolu da y\u00fcr\u00fcyerek gitmek istedik.\u201d dedi.<\/p>\n<p>Burhanettin S\u0131rmal\u0131 ise S\u00fcmela Manast\u0131r\u0131\u2019na ilk kez geldi\u011fini ve \u00e7ok be\u011fendi\u011fini anlatarak, \u201cManast\u0131r tadilatta art\u0131k en yak\u0131n nereden g\u00f6rebilirsek g\u00f6rmek istiyoruz. Ye\u015file olan bir hayranl\u0131\u011f\u0131m var ama Karadeniz\u2019in beyaz\u0131 da ayr\u0131 bir g\u00fczelmi\u015f. \u00d6zellikle k\u0131\u015f\u0131n memlekete gidince daha iyi anl\u0131yoruz.\u201d ifadelerini kulland\u0131.<\/p>\n<hr \/>\n<p><em><strong><a href=\"https:\/\/www.aa.com.tr\/tr\/yasam\/sumela-manastiri-ve-altindere-vadisindeki-kar-manzaralari-havadan-goruntulendi-\/2534657\" target=\"_blank\" rel=\"noopener noreferrer\">AA<\/a>\u00a0<\/strong><\/em><\/p>\n","protected":false},"excerpt":{"rendered":"<p>Trabzon\u2019un Ma\u00e7ka il\u00e7esindeki d\u00fcnyaca \u00fcnl\u00fc S\u00fcmela Manast\u0131r\u0131 ile g\u00fczergah\u0131nda yer alan Alt\u0131ndere Vadisi, yo\u011fun kar ya\u011f\u0131\u015f\u0131n\u0131n ard\u0131ndan havadan g\u00f6r\u00fcnt\u00fclendi. Hakan Burak Altun\u00f6z D\u00fcn ak\u015fam saatlerinde ba\u015flayan ve aral\u0131klarla devam eden kar ya\u011f\u0131\u015f\u0131, Ma\u00e7ka il\u00e7esine ba\u011fl\u0131 Alt\u0131ndere Vadisi ve \u00e7evresinde etkili oldu. B\u00f6lgedeki a\u011fa\u00e7lar, \u00e7e\u015fmeler ve vadideki derenin baz\u0131 b\u00f6l\u00fcmleri karla kapland\u0131. Yine vadide yer alan [&hellip;]<\/p>\n","protected":false},"author":7,"featured_media":67483,"comment_status":"open","ping_status":"open","sticky":false,"template":"","format":"standard","meta":{"footnotes":""},"categories":[1],"tags":[],"class_list":["post-67482","post","type-post","status-publish","format-standard","has-post-thumbnail","hentry","category-haberler"],"yoast_head":"<!-- This site is optimized with the Yoast SEO plugin v27.4 - https:\/\/yoast.com\/product\/yoast-seo-wordpress\/ -->\n<title>S\u00fcmela Manast\u0131r\u0131 ve Alt\u0131ndere Vadisi\u2019ndeki kar manzaralar\u0131 havadan g\u00f6r\u00fcnt\u00fclendi - Bati Ermenistan Ve Bati Ermenileri Sorunlari Ara\u015ftirmalar Merkezi<\/title>\n<meta name=\"robots\" content=\"index, follow, max-snippet:-1, max-image-preview:large, max-video-preview:-1\" \/>\n<link rel=\"canonical\" href=\"https:\/\/akunq.net\/tr\/?p=67482\" \/>\n<meta property=\"og:locale\" content=\"en_US\" \/>\n<meta property=\"og:type\" content=\"article\" \/>\n<meta property=\"og:title\" content=\"S\u00fcmela Manast\u0131r\u0131 ve Alt\u0131ndere Vadisi\u2019ndeki kar manzaralar\u0131 havadan g\u00f6r\u00fcnt\u00fclendi - Bati Ermenistan Ve Bati Ermenileri Sorunlari Ara\u015ftirmalar Merkezi\" \/>\n<meta property=\"og:description\" content=\"Trabzon\u2019un Ma\u00e7ka il\u00e7esindeki d\u00fcnyaca \u00fcnl\u00fc S\u00fcmela Manast\u0131r\u0131 ile g\u00fczergah\u0131nda yer alan Alt\u0131ndere Vadisi, yo\u011fun kar ya\u011f\u0131\u015f\u0131n\u0131n ard\u0131ndan havadan g\u00f6r\u00fcnt\u00fclendi. Hakan Burak Altun\u00f6z D\u00fcn ak\u015fam saatlerinde ba\u015flayan ve aral\u0131klarla devam eden kar ya\u011f\u0131\u015f\u0131, Ma\u00e7ka il\u00e7esine ba\u011fl\u0131 Alt\u0131ndere Vadisi ve \u00e7evresinde etkili oldu. B\u00f6lgedeki a\u011fa\u00e7lar, \u00e7e\u015fmeler ve vadideki derenin baz\u0131 b\u00f6l\u00fcmleri karla kapland\u0131. Yine vadide yer alan [&hellip;]\" \/>\n<meta property=\"og:url\" content=\"https:\/\/akunq.net\/tr\/?p=67482\" \/>\n<meta property=\"og:site_name\" content=\"Bati Ermenistan Ve Bati Ermenileri Sorunlari Ara\u015ftirmalar Merkezi\" \/>\n<meta property=\"article:published_time\" content=\"2022-03-15T06:26:37+00:00\" \/>\n<meta property=\"og:image\" content=\"https:\/\/akunq.net\/tr\/wp-content\/uploads\/sites\/6\/2022\/03\/Sumela.jpg\" \/>\n\t<meta property=\"og:image:width\" content=\"1120\" \/>\n\t<meta property=\"og:image:height\" content=\"708\" \/>\n\t<meta property=\"og:image:type\" content=\"image\/jpeg\" \/>\n<meta name=\"author\" content=\"admin\" \/>\n<meta name=\"twitter:card\" content=\"summary_large_image\" \/>\n<meta name=\"twitter:label1\" content=\"Written by\" \/>\n\t<meta name=\"twitter:data1\" content=\"admin\" \/>\n\t<meta name=\"twitter:label2\" content=\"Est. reading time\" \/>\n\t<meta name=\"twitter:data2\" content=\"2 minutes\" \/>\n<script type=\"application\/ld+json\" class=\"yoast-schema-graph\">{\"@context\":\"https:\\\/\\\/schema.org\",\"@graph\":[{\"@type\":\"Article\",\"@id\":\"https:\\\/\\\/akunq.net\\\/tr\\\/?p=67482#article\",\"isPartOf\":{\"@id\":\"https:\\\/\\\/akunq.net\\\/tr\\\/?p=67482\"},\"author\":{\"name\":\"admin\",\"@id\":\"https:\\\/\\\/akunq.net\\\/tr\\\/#\\\/schema\\\/person\\\/096f1d38a12cce57fb855b485ed24c9e\"},\"headline\":\"S\u00fcmela Manast\u0131r\u0131 ve Alt\u0131ndere Vadisi\u2019ndeki kar manzaralar\u0131 havadan g\u00f6r\u00fcnt\u00fclendi\",\"datePublished\":\"2022-03-15T06:26:37+00:00\",\"mainEntityOfPage\":{\"@id\":\"https:\\\/\\\/akunq.net\\\/tr\\\/?p=67482\"},\"wordCount\":323,\"commentCount\":0,\"image\":{\"@id\":\"https:\\\/\\\/akunq.net\\\/tr\\\/?p=67482#primaryimage\"},\"thumbnailUrl\":\"https:\\\/\\\/akunq.net\\\/tr\\\/wp-content\\\/uploads\\\/sites\\\/6\\\/2022\\\/03\\\/Sumela.jpg\",\"articleSection\":[\"Haberler\"],\"inLanguage\":\"en-US\",\"potentialAction\":[{\"@type\":\"CommentAction\",\"name\":\"Comment\",\"target\":[\"https:\\\/\\\/akunq.net\\\/tr\\\/?p=67482#respond\"]}]},{\"@type\":\"WebPage\",\"@id\":\"https:\\\/\\\/akunq.net\\\/tr\\\/?p=67482\",\"url\":\"https:\\\/\\\/akunq.net\\\/tr\\\/?p=67482\",\"name\":\"S\u00fcmela Manast\u0131r\u0131 ve Alt\u0131ndere Vadisi\u2019ndeki kar manzaralar\u0131 havadan g\u00f6r\u00fcnt\u00fclendi - Bati Ermenistan Ve Bati Ermenileri Sorunlari Ara\u015ftirmalar Merkezi\",\"isPartOf\":{\"@id\":\"https:\\\/\\\/akunq.net\\\/tr\\\/#website\"},\"primaryImageOfPage\":{\"@id\":\"https:\\\/\\\/akunq.net\\\/tr\\\/?p=67482#primaryimage\"},\"image\":{\"@id\":\"https:\\\/\\\/akunq.net\\\/tr\\\/?p=67482#primaryimage\"},\"thumbnailUrl\":\"https:\\\/\\\/akunq.net\\\/tr\\\/wp-content\\\/uploads\\\/sites\\\/6\\\/2022\\\/03\\\/Sumela.jpg\",\"datePublished\":\"2022-03-15T06:26:37+00:00\",\"author\":{\"@id\":\"https:\\\/\\\/akunq.net\\\/tr\\\/#\\\/schema\\\/person\\\/096f1d38a12cce57fb855b485ed24c9e\"},\"breadcrumb\":{\"@id\":\"https:\\\/\\\/akunq.net\\\/tr\\\/?p=67482#breadcrumb\"},\"inLanguage\":\"en-US\",\"potentialAction\":[{\"@type\":\"ReadAction\",\"target\":[\"https:\\\/\\\/akunq.net\\\/tr\\\/?p=67482\"]}]},{\"@type\":\"ImageObject\",\"inLanguage\":\"en-US\",\"@id\":\"https:\\\/\\\/akunq.net\\\/tr\\\/?p=67482#primaryimage\",\"url\":\"https:\\\/\\\/akunq.net\\\/tr\\\/wp-content\\\/uploads\\\/sites\\\/6\\\/2022\\\/03\\\/Sumela.jpg\",\"contentUrl\":\"https:\\\/\\\/akunq.net\\\/tr\\\/wp-content\\\/uploads\\\/sites\\\/6\\\/2022\\\/03\\\/Sumela.jpg\",\"width\":1120,\"height\":708,\"caption\":\"Trabzon'un Ma\u00e7ka il\u00e7esindeki d\u00fcnyaca \u00fcnl\u00fc S\u00fcmela Manast\u0131r\u0131, yo\u011fun kar ya\u011f\u0131\u015f\u0131n\u0131n ard\u0131ndan havadan g\u00f6r\u00fcnt\u00fclendi. ( Hakan Burak Altun\u00f6z - Anadolu Ajans\u0131 )\"},{\"@type\":\"BreadcrumbList\",\"@id\":\"https:\\\/\\\/akunq.net\\\/tr\\\/?p=67482#breadcrumb\",\"itemListElement\":[{\"@type\":\"ListItem\",\"position\":1,\"name\":\"Home\",\"item\":\"https:\\\/\\\/akunq.net\\\/tr\"},{\"@type\":\"ListItem\",\"position\":2,\"name\":\"S\u00fcmela Manast\u0131r\u0131 ve Alt\u0131ndere Vadisi\u2019ndeki kar manzaralar\u0131 havadan g\u00f6r\u00fcnt\u00fclendi\"}]},{\"@type\":\"WebSite\",\"@id\":\"https:\\\/\\\/akunq.net\\\/tr\\\/#website\",\"url\":\"https:\\\/\\\/akunq.net\\\/tr\\\/\",\"name\":\"Bati Ermenistan Ve Bati Ermenileri Sorunlari Ara\u015ftirmalar Merkezi\",\"description\":\"\",\"potentialAction\":[{\"@type\":\"SearchAction\",\"target\":{\"@type\":\"EntryPoint\",\"urlTemplate\":\"https:\\\/\\\/akunq.net\\\/tr\\\/?s={search_term_string}\"},\"query-input\":{\"@type\":\"PropertyValueSpecification\",\"valueRequired\":true,\"valueName\":\"search_term_string\"}}],\"inLanguage\":\"en-US\"},{\"@type\":\"Person\",\"@id\":\"https:\\\/\\\/akunq.net\\\/tr\\\/#\\\/schema\\\/person\\\/096f1d38a12cce57fb855b485ed24c9e\",\"name\":\"admin\",\"url\":\"https:\\\/\\\/akunq.net\\\/tr\\\/?author=7\"}]}<\/script>\n<!-- \/ Yoast SEO plugin. -->","yoast_head_json":{"title":"S\u00fcmela Manast\u0131r\u0131 ve Alt\u0131ndere Vadisi\u2019ndeki kar manzaralar\u0131 havadan g\u00f6r\u00fcnt\u00fclendi - Bati Ermenistan Ve Bati Ermenileri Sorunlari Ara\u015ftirmalar Merkezi","robots":{"index":"index","follow":"follow","max-snippet":"max-snippet:-1","max-image-preview":"max-image-preview:large","max-video-preview":"max-video-preview:-1"},"canonical":"https:\/\/akunq.net\/tr\/?p=67482","og_locale":"en_US","og_type":"article","og_title":"S\u00fcmela Manast\u0131r\u0131 ve Alt\u0131ndere Vadisi\u2019ndeki kar manzaralar\u0131 havadan g\u00f6r\u00fcnt\u00fclendi - Bati Ermenistan Ve Bati Ermenileri Sorunlari Ara\u015ftirmalar Merkezi","og_description":"Trabzon\u2019un Ma\u00e7ka il\u00e7esindeki d\u00fcnyaca \u00fcnl\u00fc S\u00fcmela Manast\u0131r\u0131 ile g\u00fczergah\u0131nda yer alan Alt\u0131ndere Vadisi, yo\u011fun kar ya\u011f\u0131\u015f\u0131n\u0131n ard\u0131ndan havadan g\u00f6r\u00fcnt\u00fclendi. Hakan Burak Altun\u00f6z D\u00fcn ak\u015fam saatlerinde ba\u015flayan ve aral\u0131klarla devam eden kar ya\u011f\u0131\u015f\u0131, Ma\u00e7ka il\u00e7esine ba\u011fl\u0131 Alt\u0131ndere Vadisi ve \u00e7evresinde etkili oldu. B\u00f6lgedeki a\u011fa\u00e7lar, \u00e7e\u015fmeler ve vadideki derenin baz\u0131 b\u00f6l\u00fcmleri karla kapland\u0131. Yine vadide yer alan [&hellip;]","og_url":"https:\/\/akunq.net\/tr\/?p=67482","og_site_name":"Bati Ermenistan Ve Bati Ermenileri Sorunlari Ara\u015ftirmalar Merkezi","article_published_time":"2022-03-15T06:26:37+00:00","og_image":[{"width":1120,"height":708,"url":"https:\/\/akunq.net\/tr\/wp-content\/uploads\/sites\/6\/2022\/03\/Sumela.jpg","type":"image\/jpeg"}],"author":"admin","twitter_card":"summary_large_image","twitter_misc":{"Written by":"admin","Est. reading time":"2 minutes"},"schema":{"@context":"https:\/\/schema.org","@graph":[{"@type":"Article","@id":"https:\/\/akunq.net\/tr\/?p=67482#article","isPartOf":{"@id":"https:\/\/akunq.net\/tr\/?p=67482"},"author":{"name":"admin","@id":"https:\/\/akunq.net\/tr\/#\/schema\/person\/096f1d38a12cce57fb855b485ed24c9e"},"headline":"S\u00fcmela Manast\u0131r\u0131 ve Alt\u0131ndere Vadisi\u2019ndeki kar manzaralar\u0131 havadan g\u00f6r\u00fcnt\u00fclendi","datePublished":"2022-03-15T06:26:37+00:00","mainEntityOfPage":{"@id":"https:\/\/akunq.net\/tr\/?p=67482"},"wordCount":323,"commentCount":0,"image":{"@id":"https:\/\/akunq.net\/tr\/?p=67482#primaryimage"},"thumbnailUrl":"https:\/\/akunq.net\/tr\/wp-content\/uploads\/sites\/6\/2022\/03\/Sumela.jpg","articleSection":["Haberler"],"inLanguage":"en-US","potentialAction":[{"@type":"CommentAction","name":"Comment","target":["https:\/\/akunq.net\/tr\/?p=67482#respond"]}]},{"@type":"WebPage","@id":"https:\/\/akunq.net\/tr\/?p=67482","url":"https:\/\/akunq.net\/tr\/?p=67482","name":"S\u00fcmela Manast\u0131r\u0131 ve Alt\u0131ndere Vadisi\u2019ndeki kar manzaralar\u0131 havadan g\u00f6r\u00fcnt\u00fclendi - Bati Ermenistan Ve Bati Ermenileri Sorunlari Ara\u015ftirmalar Merkezi","isPartOf":{"@id":"https:\/\/akunq.net\/tr\/#website"},"primaryImageOfPage":{"@id":"https:\/\/akunq.net\/tr\/?p=67482#primaryimage"},"image":{"@id":"https:\/\/akunq.net\/tr\/?p=67482#primaryimage"},"thumbnailUrl":"https:\/\/akunq.net\/tr\/wp-content\/uploads\/sites\/6\/2022\/03\/Sumela.jpg","datePublished":"2022-03-15T06:26:37+00:00","author":{"@id":"https:\/\/akunq.net\/tr\/#\/schema\/person\/096f1d38a12cce57fb855b485ed24c9e"},"breadcrumb":{"@id":"https:\/\/akunq.net\/tr\/?p=67482#breadcrumb"},"inLanguage":"en-US","potentialAction":[{"@type":"ReadAction","target":["https:\/\/akunq.net\/tr\/?p=67482"]}]},{"@type":"ImageObject","inLanguage":"en-US","@id":"https:\/\/akunq.net\/tr\/?p=67482#primaryimage","url":"https:\/\/akunq.net\/tr\/wp-content\/uploads\/sites\/6\/2022\/03\/Sumela.jpg","contentUrl":"https:\/\/akunq.net\/tr\/wp-content\/uploads\/sites\/6\/2022\/03\/Sumela.jpg","width":1120,"height":708,"caption":"Trabzon'un Ma\u00e7ka il\u00e7esindeki d\u00fcnyaca \u00fcnl\u00fc S\u00fcmela Manast\u0131r\u0131, yo\u011fun kar ya\u011f\u0131\u015f\u0131n\u0131n ard\u0131ndan havadan g\u00f6r\u00fcnt\u00fclendi. ( Hakan Burak Altun\u00f6z - Anadolu Ajans\u0131 )"},{"@type":"BreadcrumbList","@id":"https:\/\/akunq.net\/tr\/?p=67482#breadcrumb","itemListElement":[{"@type":"ListItem","position":1,"name":"Home","item":"https:\/\/akunq.net\/tr"},{"@type":"ListItem","position":2,"name":"S\u00fcmela Manast\u0131r\u0131 ve Alt\u0131ndere Vadisi\u2019ndeki kar manzaralar\u0131 havadan g\u00f6r\u00fcnt\u00fclendi"}]},{"@type":"WebSite","@id":"https:\/\/akunq.net\/tr\/#website","url":"https:\/\/akunq.net\/tr\/","name":"Bati Ermenistan Ve Bati Ermenileri Sorunlari Ara\u015ftirmalar Merkezi","description":"","potentialAction":[{"@type":"SearchAction","target":{"@type":"EntryPoint","urlTemplate":"https:\/\/akunq.net\/tr\/?s={search_term_string}"},"query-input":{"@type":"PropertyValueSpecification","valueRequired":true,"valueName":"search_term_string"}}],"inLanguage":"en-US"},{"@type":"Person","@id":"https:\/\/akunq.net\/tr\/#\/schema\/person\/096f1d38a12cce57fb855b485ed24c9e","name":"admin","url":"https:\/\/akunq.net\/tr\/?author=7"}]}},"_links":{"self":[{"href":"https:\/\/akunq.net\/tr\/index.php?rest_route=\/wp\/v2\/posts\/67482","targetHints":{"allow":["GET"]}}],"collection":[{"href":"https:\/\/akunq.net\/tr\/index.php?rest_route=\/wp\/v2\/posts"}],"about":[{"href":"https:\/\/akunq.net\/tr\/index.php?rest_route=\/wp\/v2\/types\/post"}],"author":[{"embeddable":true,"href":"https:\/\/akunq.net\/tr\/index.php?rest_route=\/wp\/v2\/users\/7"}],"replies":[{"embeddable":true,"href":"https:\/\/akunq.net\/tr\/index.php?rest_route=%2Fwp%2Fv2%2Fcomments&post=67482"}],"version-history":[{"count":1,"href":"https:\/\/akunq.net\/tr\/index.php?rest_route=\/wp\/v2\/posts\/67482\/revisions"}],"predecessor-version":[{"id":67484,"href":"https:\/\/akunq.net\/tr\/index.php?rest_route=\/wp\/v2\/posts\/67482\/revisions\/67484"}],"wp:featuredmedia":[{"embeddable":true,"href":"https:\/\/akunq.net\/tr\/index.php?rest_route=\/wp\/v2\/media\/67483"}],"wp:attachment":[{"href":"https:\/\/akunq.net\/tr\/index.php?rest_route=%2Fwp%2Fv2%2Fmedia&parent=67482"}],"wp:term":[{"taxonomy":"category","embeddable":true,"href":"https:\/\/akunq.net\/tr\/index.php?rest_route=%2Fwp%2Fv2%2Fcategories&post=67482"},{"taxonomy":"post_tag","embeddable":true,"href":"https:\/\/akunq.net\/tr\/index.php?rest_route=%2Fwp%2Fv2%2Ftags&post=67482"}],"curies":[{"name":"wp","href":"https:\/\/api.w.org\/{rel}","templated":true}]}}