{"id":67479,"date":"2022-03-15T01:18:06","date_gmt":"2022-03-15T06:18:06","guid":{"rendered":"https:\/\/akunq.net\/tr\/?p=67479"},"modified":"2022-03-15T01:18:06","modified_gmt":"2022-03-15T06:18:06","slug":"ermenistan-ombudsmani-uluslararasi-kuruluslari-azerbaycanin-suclarina-tepki-vermeye-cagiriyor","status":"publish","type":"post","link":"https:\/\/akunq.net\/tr\/?p=67479","title":{"rendered":"Ermenistan Ombudsman\u0131, uluslararas\u0131 kurulu\u015flar\u0131 Azerbaycan&#8217;\u0131n su\u00e7lar\u0131na tepki vermeye \u00e7a\u011f\u0131r\u0131yor"},"content":{"rendered":"<p><img loading=\"lazy\" decoding=\"async\" class=\"aligncenter size-medium wp-image-67480\" src=\"https:\/\/akunq.net\/tr\/wp-content\/uploads\/2022\/03\/Ermenistan-Ombudsman\u0131-360x242.jpg\" alt=\"\" width=\"360\" height=\"242\" srcset=\"https:\/\/akunq.net\/tr\/wp-content\/uploads\/sites\/6\/2022\/03\/Ermenistan-Ombudsman\u0131-360x242.jpg 360w, https:\/\/akunq.net\/tr\/wp-content\/uploads\/sites\/6\/2022\/03\/Ermenistan-Ombudsman\u0131-560x376.jpg 560w, https:\/\/akunq.net\/tr\/wp-content\/uploads\/sites\/6\/2022\/03\/Ermenistan-Ombudsman\u0131-260x175.jpg 260w, https:\/\/akunq.net\/tr\/wp-content\/uploads\/sites\/6\/2022\/03\/Ermenistan-Ombudsman\u0131-160x107.jpg 160w, https:\/\/akunq.net\/tr\/wp-content\/uploads\/sites\/6\/2022\/03\/Ermenistan-Ombudsman\u0131.jpg 670w\" sizes=\"auto, (max-width: 360px) 100vw, 360px\" \/><\/p>\n<p><strong><em>Azerbaycan taraf\u0131, yakla\u015f\u0131k bir haftad\u0131r, Artsakh temsilcilerinin gaz boru hatt\u0131n\u0131n s\u00f6zde &#8220;bozulmas\u0131n\u0131&#8221; onarmas\u0131na izin vermiyor. B\u00f6ylece so\u011fuk hava ko\u015fullar\u0131nda 100.000&#8217;den fazla ki\u015fi \u0131s\u0131nma imkan\u0131ndan mahrum kalmaktad\u0131r.<\/em><\/strong><\/p>\n<p>\u0415rmenistan Ombudsman\u0131 Kristine Grigoryan, konu ile ilgili Facebook hesab\u0131 \u00fczerinden payla\u015f\u0131mda bulundu.<\/p>\n<p>Grigoryan &#8220;Ayn\u0131 zamanda periyodik olarak elektrikler kesilmektedir. Bu, sava\u015f s\u0131ras\u0131nda ve sonras\u0131nda yarat\u0131lan zor insani durumu derinle\u015ftiriyor. Sonu\u00e7 olarak hastaneler, okullar, kre\u015fler, yerinden edilenler i\u00e7in ge\u00e7ici bar\u0131naklar temel ya\u015fam ko\u015fullar\u0131ndan yoksun b\u0131rak\u0131lmakta, \u00e7ocuklar\u0131n sa\u011fl\u0131k ve e\u011fitim haklar\u0131n\u0131 kullanmalar\u0131 m\u00fcmk\u00fcn olamamaktad\u0131r. Ayr\u0131ca Azerbaycan Silahl\u0131 Kuvvetleri bir haftad\u0131r Artsakh k\u00f6ylerindeki sivil n\u00fcfusa yo\u011fun bir \u015fekilde ate\u015f ediyor: Askeran b\u00f6lgesinin Khramort k\u00f6y\u00fc, Askeran \u015fehri, Martuni b\u00f6lgesinin Karmir \u015euka ve\u00a0 Khnu\u015finak k\u00f6yleri. Khramort k\u00f6y\u00fcnde bir sivil yaraland\u0131. B\u00fct\u00fcn bunlar, Ermenileri tahliye etmek ve kendi yerli Ermenilerinden Artsakh&#8217;\u0131n etnik temizli\u011fini yapmak amac\u0131yla, Artsakh&#8217;ta ya\u015fayan insanlar aras\u0131nda bir korku ve g\u00f6zda\u011f\u0131 atmosferini s\u00fcrd\u00fcrmeyi ama\u00e7l\u0131yor.<\/p>\n<p>Ermenistan Ombudsman\u0131\u00a0Azerbaycan devletinin devam eden su\u00e7 politikas\u0131n\u0131 \u015fiddetle k\u0131n\u0131yor.\u00a0Uluslararas\u0131 \u00f6rg\u00fctleri duruma net bir \u015fekilde yan\u0131t vermeye ve bu canice davran\u0131\u015f\u0131 durdurmas\u0131 i\u00e7in Azerbaycan \u00fczerindeki bask\u0131y\u0131 art\u0131rmaya \u00e7a\u011f\u0131rd\u0131. Ermenistan\u00a0Ombudsman\u0131, insan haklar\u0131n\u0131n evrensel oldu\u011funu, jeopolitik konjonkt\u00fcr\u00fcn d\u0131\u015f\u0131nda de\u011ferlendirilmesi gerekti\u011fini vurgulad\u0131.<\/p>\n<p><em><strong>https:\/\/armenpress.am\/tur\/news\/1077787.html\u00a0<\/strong><\/em><\/p>\n","protected":false},"excerpt":{"rendered":"<p>Azerbaycan taraf\u0131, yakla\u015f\u0131k bir haftad\u0131r, Artsakh temsilcilerinin gaz boru hatt\u0131n\u0131n s\u00f6zde &#8220;bozulmas\u0131n\u0131&#8221; onarmas\u0131na izin vermiyor. B\u00f6ylece so\u011fuk hava ko\u015fullar\u0131nda 100.000&#8217;den fazla ki\u015fi \u0131s\u0131nma imkan\u0131ndan mahrum kalmaktad\u0131r. \u0415rmenistan Ombudsman\u0131 Kristine Grigoryan, konu ile ilgili Facebook hesab\u0131 \u00fczerinden payla\u015f\u0131mda bulundu. Grigoryan &#8220;Ayn\u0131 zamanda periyodik olarak elektrikler kesilmektedir. Bu, sava\u015f s\u0131ras\u0131nda ve sonras\u0131nda yarat\u0131lan zor insani durumu derinle\u015ftiriyor. [&hellip;]<\/p>\n","protected":false},"author":7,"featured_media":67480,"comment_status":"open","ping_status":"open","sticky":false,"template":"","format":"standard","meta":{"footnotes":""},"categories":[1],"tags":[],"class_list":["post-67479","post","type-post","status-publish","format-standard","has-post-thumbnail","hentry","category-haberler"],"yoast_head":"<!-- This site is optimized with the Yoast SEO plugin v27.4 - https:\/\/yoast.com\/product\/yoast-seo-wordpress\/ -->\n<title>Ermenistan Ombudsman\u0131, uluslararas\u0131 kurulu\u015flar\u0131 Azerbaycan&#039;\u0131n su\u00e7lar\u0131na tepki vermeye \u00e7a\u011f\u0131r\u0131yor - Bati Ermenistan Ve Bati Ermenileri Sorunlari Ara\u015ftirmalar Merkezi<\/title>\n<meta name=\"robots\" content=\"index, follow, max-snippet:-1, max-image-preview:large, max-video-preview:-1\" \/>\n<link rel=\"canonical\" href=\"https:\/\/akunq.net\/tr\/?p=67479\" \/>\n<meta property=\"og:locale\" content=\"en_US\" \/>\n<meta property=\"og:type\" content=\"article\" \/>\n<meta property=\"og:title\" content=\"Ermenistan Ombudsman\u0131, uluslararas\u0131 kurulu\u015flar\u0131 Azerbaycan&#039;\u0131n su\u00e7lar\u0131na tepki vermeye \u00e7a\u011f\u0131r\u0131yor - Bati Ermenistan Ve Bati Ermenileri Sorunlari Ara\u015ftirmalar Merkezi\" \/>\n<meta property=\"og:description\" content=\"Azerbaycan taraf\u0131, yakla\u015f\u0131k bir haftad\u0131r, Artsakh temsilcilerinin gaz boru hatt\u0131n\u0131n s\u00f6zde &#8220;bozulmas\u0131n\u0131&#8221; onarmas\u0131na izin vermiyor. B\u00f6ylece so\u011fuk hava ko\u015fullar\u0131nda 100.000&#8217;den fazla ki\u015fi \u0131s\u0131nma imkan\u0131ndan mahrum kalmaktad\u0131r. \u0415rmenistan Ombudsman\u0131 Kristine Grigoryan, konu ile ilgili Facebook hesab\u0131 \u00fczerinden payla\u015f\u0131mda bulundu. Grigoryan &#8220;Ayn\u0131 zamanda periyodik olarak elektrikler kesilmektedir. Bu, sava\u015f s\u0131ras\u0131nda ve sonras\u0131nda yarat\u0131lan zor insani durumu derinle\u015ftiriyor. [&hellip;]\" \/>\n<meta property=\"og:url\" content=\"https:\/\/akunq.net\/tr\/?p=67479\" \/>\n<meta property=\"og:site_name\" content=\"Bati Ermenistan Ve Bati Ermenileri Sorunlari Ara\u015ftirmalar Merkezi\" \/>\n<meta property=\"article:published_time\" content=\"2022-03-15T06:18:06+00:00\" \/>\n<meta property=\"og:image\" content=\"https:\/\/akunq.net\/tr\/wp-content\/uploads\/sites\/6\/2022\/03\/Ermenistan-Ombudsman\u0131.jpg\" \/>\n\t<meta property=\"og:image:width\" content=\"670\" \/>\n\t<meta property=\"og:image:height\" content=\"450\" \/>\n\t<meta property=\"og:image:type\" content=\"image\/jpeg\" \/>\n<meta name=\"author\" content=\"admin\" \/>\n<meta name=\"twitter:card\" content=\"summary_large_image\" \/>\n<meta name=\"twitter:label1\" content=\"Written by\" \/>\n\t<meta name=\"twitter:data1\" content=\"admin\" \/>\n\t<meta name=\"twitter:label2\" content=\"Est. reading time\" \/>\n\t<meta name=\"twitter:data2\" content=\"1 minute\" \/>\n<script type=\"application\/ld+json\" class=\"yoast-schema-graph\">{\"@context\":\"https:\\\/\\\/schema.org\",\"@graph\":[{\"@type\":\"Article\",\"@id\":\"https:\\\/\\\/akunq.net\\\/tr\\\/?p=67479#article\",\"isPartOf\":{\"@id\":\"https:\\\/\\\/akunq.net\\\/tr\\\/?p=67479\"},\"author\":{\"name\":\"admin\",\"@id\":\"https:\\\/\\\/akunq.net\\\/tr\\\/#\\\/schema\\\/person\\\/096f1d38a12cce57fb855b485ed24c9e\"},\"headline\":\"Ermenistan Ombudsman\u0131, uluslararas\u0131 kurulu\u015flar\u0131 Azerbaycan&#8217;\u0131n su\u00e7lar\u0131na tepki vermeye \u00e7a\u011f\u0131r\u0131yor\",\"datePublished\":\"2022-03-15T06:18:06+00:00\",\"mainEntityOfPage\":{\"@id\":\"https:\\\/\\\/akunq.net\\\/tr\\\/?p=67479\"},\"wordCount\":310,\"commentCount\":0,\"image\":{\"@id\":\"https:\\\/\\\/akunq.net\\\/tr\\\/?p=67479#primaryimage\"},\"thumbnailUrl\":\"https:\\\/\\\/akunq.net\\\/tr\\\/wp-content\\\/uploads\\\/sites\\\/6\\\/2022\\\/03\\\/Ermenistan-Ombudsman\u0131.jpg\",\"articleSection\":[\"Haberler\"],\"inLanguage\":\"en-US\",\"potentialAction\":[{\"@type\":\"CommentAction\",\"name\":\"Comment\",\"target\":[\"https:\\\/\\\/akunq.net\\\/tr\\\/?p=67479#respond\"]}]},{\"@type\":\"WebPage\",\"@id\":\"https:\\\/\\\/akunq.net\\\/tr\\\/?p=67479\",\"url\":\"https:\\\/\\\/akunq.net\\\/tr\\\/?p=67479\",\"name\":\"Ermenistan Ombudsman\u0131, uluslararas\u0131 kurulu\u015flar\u0131 Azerbaycan'\u0131n su\u00e7lar\u0131na tepki vermeye \u00e7a\u011f\u0131r\u0131yor - Bati Ermenistan Ve Bati Ermenileri Sorunlari Ara\u015ftirmalar Merkezi\",\"isPartOf\":{\"@id\":\"https:\\\/\\\/akunq.net\\\/tr\\\/#website\"},\"primaryImageOfPage\":{\"@id\":\"https:\\\/\\\/akunq.net\\\/tr\\\/?p=67479#primaryimage\"},\"image\":{\"@id\":\"https:\\\/\\\/akunq.net\\\/tr\\\/?p=67479#primaryimage\"},\"thumbnailUrl\":\"https:\\\/\\\/akunq.net\\\/tr\\\/wp-content\\\/uploads\\\/sites\\\/6\\\/2022\\\/03\\\/Ermenistan-Ombudsman\u0131.jpg\",\"datePublished\":\"2022-03-15T06:18:06+00:00\",\"author\":{\"@id\":\"https:\\\/\\\/akunq.net\\\/tr\\\/#\\\/schema\\\/person\\\/096f1d38a12cce57fb855b485ed24c9e\"},\"breadcrumb\":{\"@id\":\"https:\\\/\\\/akunq.net\\\/tr\\\/?p=67479#breadcrumb\"},\"inLanguage\":\"en-US\",\"potentialAction\":[{\"@type\":\"ReadAction\",\"target\":[\"https:\\\/\\\/akunq.net\\\/tr\\\/?p=67479\"]}]},{\"@type\":\"ImageObject\",\"inLanguage\":\"en-US\",\"@id\":\"https:\\\/\\\/akunq.net\\\/tr\\\/?p=67479#primaryimage\",\"url\":\"https:\\\/\\\/akunq.net\\\/tr\\\/wp-content\\\/uploads\\\/sites\\\/6\\\/2022\\\/03\\\/Ermenistan-Ombudsman\u0131.jpg\",\"contentUrl\":\"https:\\\/\\\/akunq.net\\\/tr\\\/wp-content\\\/uploads\\\/sites\\\/6\\\/2022\\\/03\\\/Ermenistan-Ombudsman\u0131.jpg\",\"width\":670,\"height\":450},{\"@type\":\"BreadcrumbList\",\"@id\":\"https:\\\/\\\/akunq.net\\\/tr\\\/?p=67479#breadcrumb\",\"itemListElement\":[{\"@type\":\"ListItem\",\"position\":1,\"name\":\"Home\",\"item\":\"https:\\\/\\\/akunq.net\\\/tr\"},{\"@type\":\"ListItem\",\"position\":2,\"name\":\"Ermenistan Ombudsman\u0131, uluslararas\u0131 kurulu\u015flar\u0131 Azerbaycan&#8217;\u0131n su\u00e7lar\u0131na tepki vermeye \u00e7a\u011f\u0131r\u0131yor\"}]},{\"@type\":\"WebSite\",\"@id\":\"https:\\\/\\\/akunq.net\\\/tr\\\/#website\",\"url\":\"https:\\\/\\\/akunq.net\\\/tr\\\/\",\"name\":\"Bati Ermenistan Ve Bati Ermenileri Sorunlari Ara\u015ftirmalar Merkezi\",\"description\":\"\",\"potentialAction\":[{\"@type\":\"SearchAction\",\"target\":{\"@type\":\"EntryPoint\",\"urlTemplate\":\"https:\\\/\\\/akunq.net\\\/tr\\\/?s={search_term_string}\"},\"query-input\":{\"@type\":\"PropertyValueSpecification\",\"valueRequired\":true,\"valueName\":\"search_term_string\"}}],\"inLanguage\":\"en-US\"},{\"@type\":\"Person\",\"@id\":\"https:\\\/\\\/akunq.net\\\/tr\\\/#\\\/schema\\\/person\\\/096f1d38a12cce57fb855b485ed24c9e\",\"name\":\"admin\",\"url\":\"https:\\\/\\\/akunq.net\\\/tr\\\/?author=7\"}]}<\/script>\n<!-- \/ Yoast SEO plugin. -->","yoast_head_json":{"title":"Ermenistan Ombudsman\u0131, uluslararas\u0131 kurulu\u015flar\u0131 Azerbaycan'\u0131n su\u00e7lar\u0131na tepki vermeye \u00e7a\u011f\u0131r\u0131yor - Bati Ermenistan Ve Bati Ermenileri Sorunlari Ara\u015ftirmalar Merkezi","robots":{"index":"index","follow":"follow","max-snippet":"max-snippet:-1","max-image-preview":"max-image-preview:large","max-video-preview":"max-video-preview:-1"},"canonical":"https:\/\/akunq.net\/tr\/?p=67479","og_locale":"en_US","og_type":"article","og_title":"Ermenistan Ombudsman\u0131, uluslararas\u0131 kurulu\u015flar\u0131 Azerbaycan'\u0131n su\u00e7lar\u0131na tepki vermeye \u00e7a\u011f\u0131r\u0131yor - Bati Ermenistan Ve Bati Ermenileri Sorunlari Ara\u015ftirmalar Merkezi","og_description":"Azerbaycan taraf\u0131, yakla\u015f\u0131k bir haftad\u0131r, Artsakh temsilcilerinin gaz boru hatt\u0131n\u0131n s\u00f6zde &#8220;bozulmas\u0131n\u0131&#8221; onarmas\u0131na izin vermiyor. B\u00f6ylece so\u011fuk hava ko\u015fullar\u0131nda 100.000&#8217;den fazla ki\u015fi \u0131s\u0131nma imkan\u0131ndan mahrum kalmaktad\u0131r. \u0415rmenistan Ombudsman\u0131 Kristine Grigoryan, konu ile ilgili Facebook hesab\u0131 \u00fczerinden payla\u015f\u0131mda bulundu. Grigoryan &#8220;Ayn\u0131 zamanda periyodik olarak elektrikler kesilmektedir. Bu, sava\u015f s\u0131ras\u0131nda ve sonras\u0131nda yarat\u0131lan zor insani durumu derinle\u015ftiriyor. [&hellip;]","og_url":"https:\/\/akunq.net\/tr\/?p=67479","og_site_name":"Bati Ermenistan Ve Bati Ermenileri Sorunlari Ara\u015ftirmalar Merkezi","article_published_time":"2022-03-15T06:18:06+00:00","og_image":[{"width":670,"height":450,"url":"https:\/\/akunq.net\/tr\/wp-content\/uploads\/sites\/6\/2022\/03\/Ermenistan-Ombudsman\u0131.jpg","type":"image\/jpeg"}],"author":"admin","twitter_card":"summary_large_image","twitter_misc":{"Written by":"admin","Est. reading time":"1 minute"},"schema":{"@context":"https:\/\/schema.org","@graph":[{"@type":"Article","@id":"https:\/\/akunq.net\/tr\/?p=67479#article","isPartOf":{"@id":"https:\/\/akunq.net\/tr\/?p=67479"},"author":{"name":"admin","@id":"https:\/\/akunq.net\/tr\/#\/schema\/person\/096f1d38a12cce57fb855b485ed24c9e"},"headline":"Ermenistan Ombudsman\u0131, uluslararas\u0131 kurulu\u015flar\u0131 Azerbaycan&#8217;\u0131n su\u00e7lar\u0131na tepki vermeye \u00e7a\u011f\u0131r\u0131yor","datePublished":"2022-03-15T06:18:06+00:00","mainEntityOfPage":{"@id":"https:\/\/akunq.net\/tr\/?p=67479"},"wordCount":310,"commentCount":0,"image":{"@id":"https:\/\/akunq.net\/tr\/?p=67479#primaryimage"},"thumbnailUrl":"https:\/\/akunq.net\/tr\/wp-content\/uploads\/sites\/6\/2022\/03\/Ermenistan-Ombudsman\u0131.jpg","articleSection":["Haberler"],"inLanguage":"en-US","potentialAction":[{"@type":"CommentAction","name":"Comment","target":["https:\/\/akunq.net\/tr\/?p=67479#respond"]}]},{"@type":"WebPage","@id":"https:\/\/akunq.net\/tr\/?p=67479","url":"https:\/\/akunq.net\/tr\/?p=67479","name":"Ermenistan Ombudsman\u0131, uluslararas\u0131 kurulu\u015flar\u0131 Azerbaycan'\u0131n su\u00e7lar\u0131na tepki vermeye \u00e7a\u011f\u0131r\u0131yor - Bati Ermenistan Ve Bati Ermenileri Sorunlari Ara\u015ftirmalar Merkezi","isPartOf":{"@id":"https:\/\/akunq.net\/tr\/#website"},"primaryImageOfPage":{"@id":"https:\/\/akunq.net\/tr\/?p=67479#primaryimage"},"image":{"@id":"https:\/\/akunq.net\/tr\/?p=67479#primaryimage"},"thumbnailUrl":"https:\/\/akunq.net\/tr\/wp-content\/uploads\/sites\/6\/2022\/03\/Ermenistan-Ombudsman\u0131.jpg","datePublished":"2022-03-15T06:18:06+00:00","author":{"@id":"https:\/\/akunq.net\/tr\/#\/schema\/person\/096f1d38a12cce57fb855b485ed24c9e"},"breadcrumb":{"@id":"https:\/\/akunq.net\/tr\/?p=67479#breadcrumb"},"inLanguage":"en-US","potentialAction":[{"@type":"ReadAction","target":["https:\/\/akunq.net\/tr\/?p=67479"]}]},{"@type":"ImageObject","inLanguage":"en-US","@id":"https:\/\/akunq.net\/tr\/?p=67479#primaryimage","url":"https:\/\/akunq.net\/tr\/wp-content\/uploads\/sites\/6\/2022\/03\/Ermenistan-Ombudsman\u0131.jpg","contentUrl":"https:\/\/akunq.net\/tr\/wp-content\/uploads\/sites\/6\/2022\/03\/Ermenistan-Ombudsman\u0131.jpg","width":670,"height":450},{"@type":"BreadcrumbList","@id":"https:\/\/akunq.net\/tr\/?p=67479#breadcrumb","itemListElement":[{"@type":"ListItem","position":1,"name":"Home","item":"https:\/\/akunq.net\/tr"},{"@type":"ListItem","position":2,"name":"Ermenistan Ombudsman\u0131, uluslararas\u0131 kurulu\u015flar\u0131 Azerbaycan&#8217;\u0131n su\u00e7lar\u0131na tepki vermeye \u00e7a\u011f\u0131r\u0131yor"}]},{"@type":"WebSite","@id":"https:\/\/akunq.net\/tr\/#website","url":"https:\/\/akunq.net\/tr\/","name":"Bati Ermenistan Ve Bati Ermenileri Sorunlari Ara\u015ftirmalar Merkezi","description":"","potentialAction":[{"@type":"SearchAction","target":{"@type":"EntryPoint","urlTemplate":"https:\/\/akunq.net\/tr\/?s={search_term_string}"},"query-input":{"@type":"PropertyValueSpecification","valueRequired":true,"valueName":"search_term_string"}}],"inLanguage":"en-US"},{"@type":"Person","@id":"https:\/\/akunq.net\/tr\/#\/schema\/person\/096f1d38a12cce57fb855b485ed24c9e","name":"admin","url":"https:\/\/akunq.net\/tr\/?author=7"}]}},"_links":{"self":[{"href":"https:\/\/akunq.net\/tr\/index.php?rest_route=\/wp\/v2\/posts\/67479","targetHints":{"allow":["GET"]}}],"collection":[{"href":"https:\/\/akunq.net\/tr\/index.php?rest_route=\/wp\/v2\/posts"}],"about":[{"href":"https:\/\/akunq.net\/tr\/index.php?rest_route=\/wp\/v2\/types\/post"}],"author":[{"embeddable":true,"href":"https:\/\/akunq.net\/tr\/index.php?rest_route=\/wp\/v2\/users\/7"}],"replies":[{"embeddable":true,"href":"https:\/\/akunq.net\/tr\/index.php?rest_route=%2Fwp%2Fv2%2Fcomments&post=67479"}],"version-history":[{"count":1,"href":"https:\/\/akunq.net\/tr\/index.php?rest_route=\/wp\/v2\/posts\/67479\/revisions"}],"predecessor-version":[{"id":67481,"href":"https:\/\/akunq.net\/tr\/index.php?rest_route=\/wp\/v2\/posts\/67479\/revisions\/67481"}],"wp:featuredmedia":[{"embeddable":true,"href":"https:\/\/akunq.net\/tr\/index.php?rest_route=\/wp\/v2\/media\/67480"}],"wp:attachment":[{"href":"https:\/\/akunq.net\/tr\/index.php?rest_route=%2Fwp%2Fv2%2Fmedia&parent=67479"}],"wp:term":[{"taxonomy":"category","embeddable":true,"href":"https:\/\/akunq.net\/tr\/index.php?rest_route=%2Fwp%2Fv2%2Fcategories&post=67479"},{"taxonomy":"post_tag","embeddable":true,"href":"https:\/\/akunq.net\/tr\/index.php?rest_route=%2Fwp%2Fv2%2Ftags&post=67479"}],"curies":[{"name":"wp","href":"https:\/\/api.w.org\/{rel}","templated":true}]}}