{"id":67476,"date":"2022-03-15T01:10:28","date_gmt":"2022-03-15T06:10:28","guid":{"rendered":"https:\/\/akunq.net\/tr\/?p=67476"},"modified":"2022-03-15T01:10:28","modified_gmt":"2022-03-15T06:10:28","slug":"agitten-azerbaycanin-karabagin-artsakh-akunq-web-sitesi-tarihi-ve-kulturel-mirasini-yok-ettigine-dair-aciklama","status":"publish","type":"post","link":"https:\/\/akunq.net\/tr\/?p=67476","title":{"rendered":"AG\u0130T&#8217;ten Azerbaycan&#8217;\u0131n Karaba\u011f&#8217;\u0131n (Artsakh-&#8216;Akunq&#8217; web sitesi) tarihi ve k\u00fclt\u00fcrel miras\u0131n\u0131 yok etti\u011fine dair a\u00e7\u0131klama"},"content":{"rendered":"<div class=\"html-content\">\n<p><img loading=\"lazy\" decoding=\"async\" class=\"aligncenter size-medium wp-image-67477\" src=\"https:\/\/akunq.net\/tr\/wp-content\/uploads\/2022\/03\/Artsakh-360x242.jpg\" alt=\"\" width=\"360\" height=\"242\" srcset=\"https:\/\/akunq.net\/tr\/wp-content\/uploads\/sites\/6\/2022\/03\/Artsakh-360x242.jpg 360w, https:\/\/akunq.net\/tr\/wp-content\/uploads\/sites\/6\/2022\/03\/Artsakh-560x376.jpg 560w, https:\/\/akunq.net\/tr\/wp-content\/uploads\/sites\/6\/2022\/03\/Artsakh-260x175.jpg 260w, https:\/\/akunq.net\/tr\/wp-content\/uploads\/sites\/6\/2022\/03\/Artsakh-160x107.jpg 160w, https:\/\/akunq.net\/tr\/wp-content\/uploads\/sites\/6\/2022\/03\/Artsakh.jpg 670w\" sizes=\"auto, (max-width: 360px) 100vw, 360px\" \/><\/p>\n<p><strong><em>Avrupa G\u00fcvenlik ve \u0130\u015fbirli\u011fi Te\u015fkilat\u0131 (AG\u0130T), k\u00fclt\u00fcrel miras alanlar\u0131n\u0131n korunmas\u0131na ve muhafaza edilmesine her zaman b\u00fcy\u00fck \u00f6nem vermi\u015ftir. AG\u0130T Polonya ba\u015fkanl\u0131\u011f\u0131ndan Armenpress&#8217;e, Da\u011fl\u0131k Karaba\u011f&#8217;daki (Artsakh-&#8216;Akunq&#8217; web sitesi) Ermeni k\u00fclt\u00fcrel miras\u0131n\u0131n Azerbaycan taraf\u0131ndan yok edilmesine ili\u015fkin yerel ve uluslararas\u0131 raporlar ve ihbarlar ile AG\u0130T yap\u0131lar\u0131n\u0131n bu konuda atabilece\u011fi ad\u0131mlar\u0131na de\u011finerek bilgi verildi.<\/em><\/strong><\/p>\n<p>A\u00e7\u0131klamada &#8220;AG\u0130T Polonya Ba\u015fkanl\u0131\u011f\u0131, t\u00fcm tarihi ve k\u00fclt\u00fcrel an\u0131tlar\u0131 korumay\u0131 ortak sorumlulu\u011fumuz olarak g\u00f6rmektedir.&#8221; ifade edildi.<\/p>\n<p>AG\u0130T D\u00f6nem Ba\u015fkan\u0131&#8217;n\u0131n ofisi, Haziran 1991&#8217;de d\u00fczenlenen Krakow Uluslararas\u0131 K\u00fclt\u00fcrel Miras Konferans\u0131&#8217;nda (Sempozyum) AG\u0130T kat\u0131l\u0131mc\u0131s\u0131 Devletler, &#8220;ilgili uluslararas\u0131 anla\u015fmalara uygun olarak k\u00fclt\u00fcrel miras\u0131n korunmas\u0131 i\u00e7in \u00e7al\u0131\u015fmak&#8221; ve k\u00fclt\u00fcrel miras\u0131n korunmas\u0131yla ba\u011flant\u0131l\u0131 olarak ve dini k\u00f6kenli an\u0131tlara ve nesnelere gereken \u00f6zeni g\u00f6stermek i\u00e7in\u00a0dinler, kurumlar ve kurulu\u015flarla yak\u0131n i\u015fbirli\u011fi yapma s\u00f6z\u00fc verdiler.<\/p>\n<p>Bu ba\u011flamda, AG\u0130T Polonya Ba\u015fkanl\u0131\u011f\u0131, Minsk Grubu E\u015fba\u015fkanlar\u0131 da dahil olmak \u00fczere \u00f6rg\u00fct\u00fcn ilgili t\u00fcm yap\u0131lar\u0131n\u0131 Ermenistan ve Azerbaycan aras\u0131nda kapsaml\u0131 bir bar\u0131\u015f \u00e7abalar\u0131nda tam olarak desteklemektedir.<\/p>\n<p>AG\u0130T Polonya Ba\u015fkanl\u0131\u011f\u0131n\u0131n mesaj\u0131nda \u015fu ifadelere yer verildi:\u00a0&#8220;Ermeni tarihi ve k\u00fclt\u00fcrel an\u0131tlar\u0131n\u0131n korunmas\u0131, hep [AG\u0130T] Daimi Konseyi&#8217;nin g\u00fcndeminde.\u00a0T\u00fcm b\u00f6lgenin g\u00fcvenli\u011fini, istikrar\u0131n\u0131, refah\u0131n\u0131 \u00f6nemli \u00f6l\u00e7\u00fcde art\u0131racak, t\u00fcm tarihi ve k\u00fclt\u00fcrel an\u0131tlar\u0131n korunmas\u0131n\u0131 sa\u011flayacakt\u0131r.&#8221;<\/p>\n<\/div>\n<div class=\"current-author fl cb\"><em><strong><a class=\"a-none\" href=\"https:\/\/www.ermenihaber.am\/tr\/news\/2022\/03\/14\/AG%C4%B0T-Azerbaycan-Karaba%C4%9F-Ermeni\/227165\">Ermenihaber.am<\/a><\/strong><\/em><\/div>\n<div class=\"cb\"><\/div>\n<div class=\"current-socials\">\n<div id=\"st-1\" class=\"sharethis-inline-share-buttons st-left  st-inline-share-buttons st-animated\">\n<div class=\"st-btn st-first\" data-network=\"facebook\"><\/div>\n<div class=\"st-btn st-last\" data-network=\"sharethis\"><\/div>\n<\/div>\n<\/div>\n","protected":false},"excerpt":{"rendered":"<p>Avrupa G\u00fcvenlik ve \u0130\u015fbirli\u011fi Te\u015fkilat\u0131 (AG\u0130T), k\u00fclt\u00fcrel miras alanlar\u0131n\u0131n korunmas\u0131na ve muhafaza edilmesine her zaman b\u00fcy\u00fck \u00f6nem vermi\u015ftir. AG\u0130T Polonya ba\u015fkanl\u0131\u011f\u0131ndan Armenpress&#8217;e, Da\u011fl\u0131k Karaba\u011f&#8217;daki (Artsakh-&#8216;Akunq&#8217; web sitesi) Ermeni k\u00fclt\u00fcrel miras\u0131n\u0131n Azerbaycan taraf\u0131ndan yok edilmesine ili\u015fkin yerel ve uluslararas\u0131 raporlar ve ihbarlar ile AG\u0130T yap\u0131lar\u0131n\u0131n bu konuda atabilece\u011fi ad\u0131mlar\u0131na de\u011finerek bilgi verildi. A\u00e7\u0131klamada &#8220;AG\u0130T Polonya Ba\u015fkanl\u0131\u011f\u0131, [&hellip;]<\/p>\n","protected":false},"author":7,"featured_media":67477,"comment_status":"open","ping_status":"open","sticky":false,"template":"","format":"standard","meta":{"footnotes":""},"categories":[1],"tags":[],"class_list":["post-67476","post","type-post","status-publish","format-standard","has-post-thumbnail","hentry","category-haberler"],"yoast_head":"<!-- This site is optimized with the Yoast SEO plugin v27.4 - https:\/\/yoast.com\/product\/yoast-seo-wordpress\/ -->\n<title>AG\u0130T&#039;ten Azerbaycan&#039;\u0131n Karaba\u011f&#039;\u0131n (Artsakh-&#039;Akunq&#039; web sitesi) tarihi ve k\u00fclt\u00fcrel miras\u0131n\u0131 yok etti\u011fine dair a\u00e7\u0131klama - Bati Ermenistan Ve Bati Ermenileri Sorunlari Ara\u015ftirmalar Merkezi<\/title>\n<meta name=\"robots\" content=\"index, follow, max-snippet:-1, max-image-preview:large, max-video-preview:-1\" \/>\n<link rel=\"canonical\" href=\"https:\/\/akunq.net\/tr\/?p=67476\" \/>\n<meta property=\"og:locale\" content=\"en_US\" \/>\n<meta property=\"og:type\" content=\"article\" \/>\n<meta property=\"og:title\" content=\"AG\u0130T&#039;ten Azerbaycan&#039;\u0131n Karaba\u011f&#039;\u0131n (Artsakh-&#039;Akunq&#039; web sitesi) tarihi ve k\u00fclt\u00fcrel miras\u0131n\u0131 yok etti\u011fine dair a\u00e7\u0131klama - Bati Ermenistan Ve Bati Ermenileri Sorunlari Ara\u015ftirmalar Merkezi\" \/>\n<meta property=\"og:description\" content=\"Avrupa G\u00fcvenlik ve \u0130\u015fbirli\u011fi Te\u015fkilat\u0131 (AG\u0130T), k\u00fclt\u00fcrel miras alanlar\u0131n\u0131n korunmas\u0131na ve muhafaza edilmesine her zaman b\u00fcy\u00fck \u00f6nem vermi\u015ftir. AG\u0130T Polonya ba\u015fkanl\u0131\u011f\u0131ndan Armenpress&#8217;e, Da\u011fl\u0131k Karaba\u011f&#8217;daki (Artsakh-&#8216;Akunq&#8217; web sitesi) Ermeni k\u00fclt\u00fcrel miras\u0131n\u0131n Azerbaycan taraf\u0131ndan yok edilmesine ili\u015fkin yerel ve uluslararas\u0131 raporlar ve ihbarlar ile AG\u0130T yap\u0131lar\u0131n\u0131n bu konuda atabilece\u011fi ad\u0131mlar\u0131na de\u011finerek bilgi verildi. A\u00e7\u0131klamada &#8220;AG\u0130T Polonya Ba\u015fkanl\u0131\u011f\u0131, [&hellip;]\" \/>\n<meta property=\"og:url\" content=\"https:\/\/akunq.net\/tr\/?p=67476\" \/>\n<meta property=\"og:site_name\" content=\"Bati Ermenistan Ve Bati Ermenileri Sorunlari Ara\u015ftirmalar Merkezi\" \/>\n<meta property=\"article:published_time\" content=\"2022-03-15T06:10:28+00:00\" \/>\n<meta property=\"og:image\" content=\"https:\/\/akunq.net\/tr\/wp-content\/uploads\/sites\/6\/2022\/03\/Artsakh.jpg\" \/>\n\t<meta property=\"og:image:width\" content=\"670\" \/>\n\t<meta property=\"og:image:height\" content=\"450\" \/>\n\t<meta property=\"og:image:type\" content=\"image\/jpeg\" \/>\n<meta name=\"author\" content=\"admin\" \/>\n<meta name=\"twitter:card\" content=\"summary_large_image\" \/>\n<meta name=\"twitter:label1\" content=\"Written by\" \/>\n\t<meta name=\"twitter:data1\" content=\"admin\" \/>\n\t<meta name=\"twitter:label2\" content=\"Est. reading time\" \/>\n\t<meta name=\"twitter:data2\" content=\"1 minute\" \/>\n<script type=\"application\/ld+json\" class=\"yoast-schema-graph\">{\"@context\":\"https:\\\/\\\/schema.org\",\"@graph\":[{\"@type\":\"Article\",\"@id\":\"https:\\\/\\\/akunq.net\\\/tr\\\/?p=67476#article\",\"isPartOf\":{\"@id\":\"https:\\\/\\\/akunq.net\\\/tr\\\/?p=67476\"},\"author\":{\"name\":\"admin\",\"@id\":\"https:\\\/\\\/akunq.net\\\/tr\\\/#\\\/schema\\\/person\\\/096f1d38a12cce57fb855b485ed24c9e\"},\"headline\":\"AG\u0130T&#8217;ten Azerbaycan&#8217;\u0131n Karaba\u011f&#8217;\u0131n (Artsakh-&#8216;Akunq&#8217; web sitesi) tarihi ve k\u00fclt\u00fcrel miras\u0131n\u0131 yok etti\u011fine dair a\u00e7\u0131klama\",\"datePublished\":\"2022-03-15T06:10:28+00:00\",\"mainEntityOfPage\":{\"@id\":\"https:\\\/\\\/akunq.net\\\/tr\\\/?p=67476\"},\"wordCount\":319,\"commentCount\":0,\"image\":{\"@id\":\"https:\\\/\\\/akunq.net\\\/tr\\\/?p=67476#primaryimage\"},\"thumbnailUrl\":\"https:\\\/\\\/akunq.net\\\/tr\\\/wp-content\\\/uploads\\\/sites\\\/6\\\/2022\\\/03\\\/Artsakh.jpg\",\"articleSection\":[\"Haberler\"],\"inLanguage\":\"en-US\",\"potentialAction\":[{\"@type\":\"CommentAction\",\"name\":\"Comment\",\"target\":[\"https:\\\/\\\/akunq.net\\\/tr\\\/?p=67476#respond\"]}]},{\"@type\":\"WebPage\",\"@id\":\"https:\\\/\\\/akunq.net\\\/tr\\\/?p=67476\",\"url\":\"https:\\\/\\\/akunq.net\\\/tr\\\/?p=67476\",\"name\":\"AG\u0130T'ten Azerbaycan'\u0131n Karaba\u011f'\u0131n (Artsakh-'Akunq' web sitesi) tarihi ve k\u00fclt\u00fcrel miras\u0131n\u0131 yok etti\u011fine dair a\u00e7\u0131klama - Bati Ermenistan Ve Bati Ermenileri Sorunlari Ara\u015ftirmalar Merkezi\",\"isPartOf\":{\"@id\":\"https:\\\/\\\/akunq.net\\\/tr\\\/#website\"},\"primaryImageOfPage\":{\"@id\":\"https:\\\/\\\/akunq.net\\\/tr\\\/?p=67476#primaryimage\"},\"image\":{\"@id\":\"https:\\\/\\\/akunq.net\\\/tr\\\/?p=67476#primaryimage\"},\"thumbnailUrl\":\"https:\\\/\\\/akunq.net\\\/tr\\\/wp-content\\\/uploads\\\/sites\\\/6\\\/2022\\\/03\\\/Artsakh.jpg\",\"datePublished\":\"2022-03-15T06:10:28+00:00\",\"author\":{\"@id\":\"https:\\\/\\\/akunq.net\\\/tr\\\/#\\\/schema\\\/person\\\/096f1d38a12cce57fb855b485ed24c9e\"},\"breadcrumb\":{\"@id\":\"https:\\\/\\\/akunq.net\\\/tr\\\/?p=67476#breadcrumb\"},\"inLanguage\":\"en-US\",\"potentialAction\":[{\"@type\":\"ReadAction\",\"target\":[\"https:\\\/\\\/akunq.net\\\/tr\\\/?p=67476\"]}]},{\"@type\":\"ImageObject\",\"inLanguage\":\"en-US\",\"@id\":\"https:\\\/\\\/akunq.net\\\/tr\\\/?p=67476#primaryimage\",\"url\":\"https:\\\/\\\/akunq.net\\\/tr\\\/wp-content\\\/uploads\\\/sites\\\/6\\\/2022\\\/03\\\/Artsakh.jpg\",\"contentUrl\":\"https:\\\/\\\/akunq.net\\\/tr\\\/wp-content\\\/uploads\\\/sites\\\/6\\\/2022\\\/03\\\/Artsakh.jpg\",\"width\":670,\"height\":450},{\"@type\":\"BreadcrumbList\",\"@id\":\"https:\\\/\\\/akunq.net\\\/tr\\\/?p=67476#breadcrumb\",\"itemListElement\":[{\"@type\":\"ListItem\",\"position\":1,\"name\":\"Home\",\"item\":\"https:\\\/\\\/akunq.net\\\/tr\"},{\"@type\":\"ListItem\",\"position\":2,\"name\":\"AG\u0130T&#8217;ten Azerbaycan&#8217;\u0131n Karaba\u011f&#8217;\u0131n (Artsakh-&#8216;Akunq&#8217; web sitesi) tarihi ve k\u00fclt\u00fcrel miras\u0131n\u0131 yok etti\u011fine dair a\u00e7\u0131klama\"}]},{\"@type\":\"WebSite\",\"@id\":\"https:\\\/\\\/akunq.net\\\/tr\\\/#website\",\"url\":\"https:\\\/\\\/akunq.net\\\/tr\\\/\",\"name\":\"Bati Ermenistan Ve Bati Ermenileri Sorunlari Ara\u015ftirmalar Merkezi\",\"description\":\"\",\"potentialAction\":[{\"@type\":\"SearchAction\",\"target\":{\"@type\":\"EntryPoint\",\"urlTemplate\":\"https:\\\/\\\/akunq.net\\\/tr\\\/?s={search_term_string}\"},\"query-input\":{\"@type\":\"PropertyValueSpecification\",\"valueRequired\":true,\"valueName\":\"search_term_string\"}}],\"inLanguage\":\"en-US\"},{\"@type\":\"Person\",\"@id\":\"https:\\\/\\\/akunq.net\\\/tr\\\/#\\\/schema\\\/person\\\/096f1d38a12cce57fb855b485ed24c9e\",\"name\":\"admin\",\"url\":\"https:\\\/\\\/akunq.net\\\/tr\\\/?author=7\"}]}<\/script>\n<!-- \/ Yoast SEO plugin. -->","yoast_head_json":{"title":"AG\u0130T'ten Azerbaycan'\u0131n Karaba\u011f'\u0131n (Artsakh-'Akunq' web sitesi) tarihi ve k\u00fclt\u00fcrel miras\u0131n\u0131 yok etti\u011fine dair a\u00e7\u0131klama - Bati Ermenistan Ve Bati Ermenileri Sorunlari Ara\u015ftirmalar Merkezi","robots":{"index":"index","follow":"follow","max-snippet":"max-snippet:-1","max-image-preview":"max-image-preview:large","max-video-preview":"max-video-preview:-1"},"canonical":"https:\/\/akunq.net\/tr\/?p=67476","og_locale":"en_US","og_type":"article","og_title":"AG\u0130T'ten Azerbaycan'\u0131n Karaba\u011f'\u0131n (Artsakh-'Akunq' web sitesi) tarihi ve k\u00fclt\u00fcrel miras\u0131n\u0131 yok etti\u011fine dair a\u00e7\u0131klama - Bati Ermenistan Ve Bati Ermenileri Sorunlari Ara\u015ftirmalar Merkezi","og_description":"Avrupa G\u00fcvenlik ve \u0130\u015fbirli\u011fi Te\u015fkilat\u0131 (AG\u0130T), k\u00fclt\u00fcrel miras alanlar\u0131n\u0131n korunmas\u0131na ve muhafaza edilmesine her zaman b\u00fcy\u00fck \u00f6nem vermi\u015ftir. AG\u0130T Polonya ba\u015fkanl\u0131\u011f\u0131ndan Armenpress&#8217;e, Da\u011fl\u0131k Karaba\u011f&#8217;daki (Artsakh-&#8216;Akunq&#8217; web sitesi) Ermeni k\u00fclt\u00fcrel miras\u0131n\u0131n Azerbaycan taraf\u0131ndan yok edilmesine ili\u015fkin yerel ve uluslararas\u0131 raporlar ve ihbarlar ile AG\u0130T yap\u0131lar\u0131n\u0131n bu konuda atabilece\u011fi ad\u0131mlar\u0131na de\u011finerek bilgi verildi. A\u00e7\u0131klamada &#8220;AG\u0130T Polonya Ba\u015fkanl\u0131\u011f\u0131, [&hellip;]","og_url":"https:\/\/akunq.net\/tr\/?p=67476","og_site_name":"Bati Ermenistan Ve Bati Ermenileri Sorunlari Ara\u015ftirmalar Merkezi","article_published_time":"2022-03-15T06:10:28+00:00","og_image":[{"width":670,"height":450,"url":"https:\/\/akunq.net\/tr\/wp-content\/uploads\/sites\/6\/2022\/03\/Artsakh.jpg","type":"image\/jpeg"}],"author":"admin","twitter_card":"summary_large_image","twitter_misc":{"Written by":"admin","Est. reading time":"1 minute"},"schema":{"@context":"https:\/\/schema.org","@graph":[{"@type":"Article","@id":"https:\/\/akunq.net\/tr\/?p=67476#article","isPartOf":{"@id":"https:\/\/akunq.net\/tr\/?p=67476"},"author":{"name":"admin","@id":"https:\/\/akunq.net\/tr\/#\/schema\/person\/096f1d38a12cce57fb855b485ed24c9e"},"headline":"AG\u0130T&#8217;ten Azerbaycan&#8217;\u0131n Karaba\u011f&#8217;\u0131n (Artsakh-&#8216;Akunq&#8217; web sitesi) tarihi ve k\u00fclt\u00fcrel miras\u0131n\u0131 yok etti\u011fine dair a\u00e7\u0131klama","datePublished":"2022-03-15T06:10:28+00:00","mainEntityOfPage":{"@id":"https:\/\/akunq.net\/tr\/?p=67476"},"wordCount":319,"commentCount":0,"image":{"@id":"https:\/\/akunq.net\/tr\/?p=67476#primaryimage"},"thumbnailUrl":"https:\/\/akunq.net\/tr\/wp-content\/uploads\/sites\/6\/2022\/03\/Artsakh.jpg","articleSection":["Haberler"],"inLanguage":"en-US","potentialAction":[{"@type":"CommentAction","name":"Comment","target":["https:\/\/akunq.net\/tr\/?p=67476#respond"]}]},{"@type":"WebPage","@id":"https:\/\/akunq.net\/tr\/?p=67476","url":"https:\/\/akunq.net\/tr\/?p=67476","name":"AG\u0130T'ten Azerbaycan'\u0131n Karaba\u011f'\u0131n (Artsakh-'Akunq' web sitesi) tarihi ve k\u00fclt\u00fcrel miras\u0131n\u0131 yok etti\u011fine dair a\u00e7\u0131klama - Bati Ermenistan Ve Bati Ermenileri Sorunlari Ara\u015ftirmalar Merkezi","isPartOf":{"@id":"https:\/\/akunq.net\/tr\/#website"},"primaryImageOfPage":{"@id":"https:\/\/akunq.net\/tr\/?p=67476#primaryimage"},"image":{"@id":"https:\/\/akunq.net\/tr\/?p=67476#primaryimage"},"thumbnailUrl":"https:\/\/akunq.net\/tr\/wp-content\/uploads\/sites\/6\/2022\/03\/Artsakh.jpg","datePublished":"2022-03-15T06:10:28+00:00","author":{"@id":"https:\/\/akunq.net\/tr\/#\/schema\/person\/096f1d38a12cce57fb855b485ed24c9e"},"breadcrumb":{"@id":"https:\/\/akunq.net\/tr\/?p=67476#breadcrumb"},"inLanguage":"en-US","potentialAction":[{"@type":"ReadAction","target":["https:\/\/akunq.net\/tr\/?p=67476"]}]},{"@type":"ImageObject","inLanguage":"en-US","@id":"https:\/\/akunq.net\/tr\/?p=67476#primaryimage","url":"https:\/\/akunq.net\/tr\/wp-content\/uploads\/sites\/6\/2022\/03\/Artsakh.jpg","contentUrl":"https:\/\/akunq.net\/tr\/wp-content\/uploads\/sites\/6\/2022\/03\/Artsakh.jpg","width":670,"height":450},{"@type":"BreadcrumbList","@id":"https:\/\/akunq.net\/tr\/?p=67476#breadcrumb","itemListElement":[{"@type":"ListItem","position":1,"name":"Home","item":"https:\/\/akunq.net\/tr"},{"@type":"ListItem","position":2,"name":"AG\u0130T&#8217;ten Azerbaycan&#8217;\u0131n Karaba\u011f&#8217;\u0131n (Artsakh-&#8216;Akunq&#8217; web sitesi) tarihi ve k\u00fclt\u00fcrel miras\u0131n\u0131 yok etti\u011fine dair a\u00e7\u0131klama"}]},{"@type":"WebSite","@id":"https:\/\/akunq.net\/tr\/#website","url":"https:\/\/akunq.net\/tr\/","name":"Bati Ermenistan Ve Bati Ermenileri Sorunlari Ara\u015ftirmalar Merkezi","description":"","potentialAction":[{"@type":"SearchAction","target":{"@type":"EntryPoint","urlTemplate":"https:\/\/akunq.net\/tr\/?s={search_term_string}"},"query-input":{"@type":"PropertyValueSpecification","valueRequired":true,"valueName":"search_term_string"}}],"inLanguage":"en-US"},{"@type":"Person","@id":"https:\/\/akunq.net\/tr\/#\/schema\/person\/096f1d38a12cce57fb855b485ed24c9e","name":"admin","url":"https:\/\/akunq.net\/tr\/?author=7"}]}},"_links":{"self":[{"href":"https:\/\/akunq.net\/tr\/index.php?rest_route=\/wp\/v2\/posts\/67476","targetHints":{"allow":["GET"]}}],"collection":[{"href":"https:\/\/akunq.net\/tr\/index.php?rest_route=\/wp\/v2\/posts"}],"about":[{"href":"https:\/\/akunq.net\/tr\/index.php?rest_route=\/wp\/v2\/types\/post"}],"author":[{"embeddable":true,"href":"https:\/\/akunq.net\/tr\/index.php?rest_route=\/wp\/v2\/users\/7"}],"replies":[{"embeddable":true,"href":"https:\/\/akunq.net\/tr\/index.php?rest_route=%2Fwp%2Fv2%2Fcomments&post=67476"}],"version-history":[{"count":1,"href":"https:\/\/akunq.net\/tr\/index.php?rest_route=\/wp\/v2\/posts\/67476\/revisions"}],"predecessor-version":[{"id":67478,"href":"https:\/\/akunq.net\/tr\/index.php?rest_route=\/wp\/v2\/posts\/67476\/revisions\/67478"}],"wp:featuredmedia":[{"embeddable":true,"href":"https:\/\/akunq.net\/tr\/index.php?rest_route=\/wp\/v2\/media\/67477"}],"wp:attachment":[{"href":"https:\/\/akunq.net\/tr\/index.php?rest_route=%2Fwp%2Fv2%2Fmedia&parent=67476"}],"wp:term":[{"taxonomy":"category","embeddable":true,"href":"https:\/\/akunq.net\/tr\/index.php?rest_route=%2Fwp%2Fv2%2Fcategories&post=67476"},{"taxonomy":"post_tag","embeddable":true,"href":"https:\/\/akunq.net\/tr\/index.php?rest_route=%2Fwp%2Fv2%2Ftags&post=67476"}],"curies":[{"name":"wp","href":"https:\/\/api.w.org\/{rel}","templated":true}]}}