{"id":67472,"date":"2022-03-14T03:53:51","date_gmt":"2022-03-14T08:53:51","guid":{"rendered":"https:\/\/akunq.net\/tr\/?p=67472"},"modified":"2022-03-14T03:53:51","modified_gmt":"2022-03-14T08:53:51","slug":"dunya-mirasi-ani-martta-beyaza-burundu","status":"publish","type":"post","link":"https:\/\/akunq.net\/tr\/?p=67472","title":{"rendered":"D\u00fcnya miras\u0131 Ani martta beyaza b\u00fcr\u00fcnd\u00fc"},"content":{"rendered":"<p><img loading=\"lazy\" decoding=\"async\" class=\"aligncenter size-medium wp-image-67473\" src=\"https:\/\/akunq.net\/tr\/wp-content\/uploads\/2022\/03\/dunya-mirasi-ani-martta-beyaza-burundu_1-360x187.jpg\" alt=\"\" width=\"360\" height=\"187\" srcset=\"https:\/\/akunq.net\/tr\/wp-content\/uploads\/sites\/6\/2022\/03\/dunya-mirasi-ani-martta-beyaza-burundu_1-360x187.jpg 360w, https:\/\/akunq.net\/tr\/wp-content\/uploads\/sites\/6\/2022\/03\/dunya-mirasi-ani-martta-beyaza-burundu_1-768x399.jpg 768w, https:\/\/akunq.net\/tr\/wp-content\/uploads\/sites\/6\/2022\/03\/dunya-mirasi-ani-martta-beyaza-burundu_1-560x291.jpg 560w, https:\/\/akunq.net\/tr\/wp-content\/uploads\/sites\/6\/2022\/03\/dunya-mirasi-ani-martta-beyaza-burundu_1-260x135.jpg 260w, https:\/\/akunq.net\/tr\/wp-content\/uploads\/sites\/6\/2022\/03\/dunya-mirasi-ani-martta-beyaza-burundu_1-160x83.jpg 160w, https:\/\/akunq.net\/tr\/wp-content\/uploads\/sites\/6\/2022\/03\/dunya-mirasi-ani-martta-beyaza-burundu_1.jpg 1000w\" sizes=\"auto, (max-width: 360px) 100vw, 360px\" \/><\/p>\n<p><em><strong>KARS (AA) \u2013 UNESCO D\u00fcnya Miras Listesi\u2019nde yer alan Kars\u2019taki Ani \u00d6ren Yeri, ilkbahar\u0131n ilk ay\u0131 martta karla kapland\u0131.<\/strong><\/em><\/p>\n<p>Kentte son g\u00fcnlerde etkili olan kar; \u201cd\u00fcnya kenti\u201d, \u201cmedeniyetler be\u015fi\u011fi\u201d, \u201cbinbir kilise\u201d ve \u201c40 kap\u0131l\u0131 \u015fehir\u201d olarak bilinen Ani\u2019yi beyaza b\u00fcr\u00fcd\u00fc.<\/p>\n<p>Ziyaret\u00e7iler, \u0130slam mimarisi eserlerini de b\u00fcnyesinde bar\u0131nd\u0131ran ve 15 Temmuz 2016\u2019da UNESCO\u2019nun D\u00fcnya Miras Listesi\u2019ne dahil edilen antik \u015fehri karla kapl\u0131 g\u00fczelli\u011fiyle gezme f\u0131rsat\u0131 buldu.<\/p>\n<p>Kuruldu\u011fu g\u00fcnden bu yana bir\u00e7ok medeniyete ev sahipli\u011fi yapan, her biri farkl\u0131 g\u00fczellik ve tarihi de\u011ferdeki cami, kilise, katedral gibi dini yap\u0131lar\u0131n yan\u0131 s\u0131ra bir\u00e7ok k\u00fclt\u00fcrel hazineleri b\u00fcnyesinde bar\u0131nd\u0131ran Ani, Kafkaslardan Anadolu\u2019ya ilk giri\u015f kap\u0131s\u0131 olma \u00f6zelli\u011fiyle ayr\u0131 \u00f6nem arz ediyor.<\/p>\n<p>Arpa\u00e7ay\u2019\u0131n iki derin dar bo\u011faz\u0131n\u0131n ortas\u0131nda yer alan 884-1045 y\u0131llar\u0131nda Bagratl\u0131lar, 1045-1064 y\u0131llar\u0131nda Bizansl\u0131larca y\u00f6netilen Ani, 16 A\u011fustos 1064\u2019te Sultan Alparslan taraf\u0131ndan fethedilerek B\u00fcy\u00fck Sel\u00e7uklu Devleti\u2019nin topraklar\u0131na kat\u0131ld\u0131.<\/p>\n<p>Yakla\u015f\u0131k 100 hektarl\u0131k alana kurulan, tarih boyunca bir\u00e7ok medeniyetin ya\u015fam buldu\u011fu Ani\u2019de ge\u00e7mi\u015fte Hristiyan ve M\u00fcsl\u00fcmanlar yan yana ya\u015fad\u0131.<\/p>\n<p><em><strong><a href=\"http:\/\/ardahanhaberi.com\/dunya-mirasi-ani-martta-beyaza-burundu\/110579\/\">http:\/\/ardahanhaberi.com\/dunya-mirasi-ani-martta-beyaza-burundu\/110579\/<\/a>\u00a0<\/strong><\/em><\/p>\n","protected":false},"excerpt":{"rendered":"<p>KARS (AA) \u2013 UNESCO D\u00fcnya Miras Listesi\u2019nde yer alan Kars\u2019taki Ani \u00d6ren Yeri, ilkbahar\u0131n ilk ay\u0131 martta karla kapland\u0131. Kentte son g\u00fcnlerde etkili olan kar; \u201cd\u00fcnya kenti\u201d, \u201cmedeniyetler be\u015fi\u011fi\u201d, \u201cbinbir kilise\u201d ve \u201c40 kap\u0131l\u0131 \u015fehir\u201d olarak bilinen Ani\u2019yi beyaza b\u00fcr\u00fcd\u00fc. Ziyaret\u00e7iler, \u0130slam mimarisi eserlerini de b\u00fcnyesinde bar\u0131nd\u0131ran ve 15 Temmuz 2016\u2019da UNESCO\u2019nun D\u00fcnya Miras Listesi\u2019ne [&hellip;]<\/p>\n","protected":false},"author":7,"featured_media":67473,"comment_status":"open","ping_status":"open","sticky":false,"template":"","format":"standard","meta":{"footnotes":""},"categories":[22,1],"tags":[],"class_list":["post-67472","post","type-post","status-publish","format-standard","has-post-thumbnail","hentry","category-gunumuzde-bati-ermenistan","category-haberler"],"yoast_head":"<!-- This site is optimized with the Yoast SEO plugin v27.4 - https:\/\/yoast.com\/product\/yoast-seo-wordpress\/ -->\n<title>D\u00fcnya miras\u0131 Ani martta beyaza b\u00fcr\u00fcnd\u00fc - Bati Ermenistan Ve Bati Ermenileri Sorunlari Ara\u015ftirmalar Merkezi<\/title>\n<meta name=\"robots\" content=\"index, follow, max-snippet:-1, max-image-preview:large, max-video-preview:-1\" \/>\n<link rel=\"canonical\" href=\"https:\/\/akunq.net\/tr\/?p=67472\" \/>\n<meta property=\"og:locale\" content=\"en_US\" \/>\n<meta property=\"og:type\" content=\"article\" \/>\n<meta property=\"og:title\" content=\"D\u00fcnya miras\u0131 Ani martta beyaza b\u00fcr\u00fcnd\u00fc - Bati Ermenistan Ve Bati Ermenileri Sorunlari Ara\u015ftirmalar Merkezi\" \/>\n<meta property=\"og:description\" content=\"KARS (AA) \u2013 UNESCO D\u00fcnya Miras Listesi\u2019nde yer alan Kars\u2019taki Ani \u00d6ren Yeri, ilkbahar\u0131n ilk ay\u0131 martta karla kapland\u0131. Kentte son g\u00fcnlerde etkili olan kar; \u201cd\u00fcnya kenti\u201d, \u201cmedeniyetler be\u015fi\u011fi\u201d, \u201cbinbir kilise\u201d ve \u201c40 kap\u0131l\u0131 \u015fehir\u201d olarak bilinen Ani\u2019yi beyaza b\u00fcr\u00fcd\u00fc. Ziyaret\u00e7iler, \u0130slam mimarisi eserlerini de b\u00fcnyesinde bar\u0131nd\u0131ran ve 15 Temmuz 2016\u2019da UNESCO\u2019nun D\u00fcnya Miras Listesi\u2019ne [&hellip;]\" \/>\n<meta property=\"og:url\" content=\"https:\/\/akunq.net\/tr\/?p=67472\" \/>\n<meta property=\"og:site_name\" content=\"Bati Ermenistan Ve Bati Ermenileri Sorunlari Ara\u015ftirmalar Merkezi\" \/>\n<meta property=\"article:published_time\" content=\"2022-03-14T08:53:51+00:00\" \/>\n<meta property=\"og:image\" content=\"https:\/\/akunq.net\/tr\/wp-content\/uploads\/sites\/6\/2022\/03\/dunya-mirasi-ani-martta-beyaza-burundu_1.jpg\" \/>\n\t<meta property=\"og:image:width\" content=\"1000\" \/>\n\t<meta property=\"og:image:height\" content=\"520\" \/>\n\t<meta property=\"og:image:type\" content=\"image\/jpeg\" \/>\n<meta name=\"author\" content=\"admin\" \/>\n<meta name=\"twitter:card\" content=\"summary_large_image\" \/>\n<meta name=\"twitter:label1\" content=\"Written by\" \/>\n\t<meta name=\"twitter:data1\" content=\"admin\" \/>\n\t<meta name=\"twitter:label2\" content=\"Est. reading time\" \/>\n\t<meta name=\"twitter:data2\" content=\"1 minute\" \/>\n<script type=\"application\/ld+json\" class=\"yoast-schema-graph\">{\"@context\":\"https:\\\/\\\/schema.org\",\"@graph\":[{\"@type\":\"Article\",\"@id\":\"https:\\\/\\\/akunq.net\\\/tr\\\/?p=67472#article\",\"isPartOf\":{\"@id\":\"https:\\\/\\\/akunq.net\\\/tr\\\/?p=67472\"},\"author\":{\"name\":\"admin\",\"@id\":\"https:\\\/\\\/akunq.net\\\/tr\\\/#\\\/schema\\\/person\\\/096f1d38a12cce57fb855b485ed24c9e\"},\"headline\":\"D\u00fcnya miras\u0131 Ani martta beyaza b\u00fcr\u00fcnd\u00fc\",\"datePublished\":\"2022-03-14T08:53:51+00:00\",\"mainEntityOfPage\":{\"@id\":\"https:\\\/\\\/akunq.net\\\/tr\\\/?p=67472\"},\"wordCount\":233,\"commentCount\":0,\"image\":{\"@id\":\"https:\\\/\\\/akunq.net\\\/tr\\\/?p=67472#primaryimage\"},\"thumbnailUrl\":\"https:\\\/\\\/akunq.net\\\/tr\\\/wp-content\\\/uploads\\\/sites\\\/6\\\/2022\\\/03\\\/dunya-mirasi-ani-martta-beyaza-burundu_1.jpg\",\"articleSection\":[\"G\u00fcn\u00fcm\u00fczde Bat\u0131 Ermenistan\",\"Haberler\"],\"inLanguage\":\"en-US\",\"potentialAction\":[{\"@type\":\"CommentAction\",\"name\":\"Comment\",\"target\":[\"https:\\\/\\\/akunq.net\\\/tr\\\/?p=67472#respond\"]}]},{\"@type\":\"WebPage\",\"@id\":\"https:\\\/\\\/akunq.net\\\/tr\\\/?p=67472\",\"url\":\"https:\\\/\\\/akunq.net\\\/tr\\\/?p=67472\",\"name\":\"D\u00fcnya miras\u0131 Ani martta beyaza b\u00fcr\u00fcnd\u00fc - Bati Ermenistan Ve Bati Ermenileri Sorunlari Ara\u015ftirmalar Merkezi\",\"isPartOf\":{\"@id\":\"https:\\\/\\\/akunq.net\\\/tr\\\/#website\"},\"primaryImageOfPage\":{\"@id\":\"https:\\\/\\\/akunq.net\\\/tr\\\/?p=67472#primaryimage\"},\"image\":{\"@id\":\"https:\\\/\\\/akunq.net\\\/tr\\\/?p=67472#primaryimage\"},\"thumbnailUrl\":\"https:\\\/\\\/akunq.net\\\/tr\\\/wp-content\\\/uploads\\\/sites\\\/6\\\/2022\\\/03\\\/dunya-mirasi-ani-martta-beyaza-burundu_1.jpg\",\"datePublished\":\"2022-03-14T08:53:51+00:00\",\"author\":{\"@id\":\"https:\\\/\\\/akunq.net\\\/tr\\\/#\\\/schema\\\/person\\\/096f1d38a12cce57fb855b485ed24c9e\"},\"breadcrumb\":{\"@id\":\"https:\\\/\\\/akunq.net\\\/tr\\\/?p=67472#breadcrumb\"},\"inLanguage\":\"en-US\",\"potentialAction\":[{\"@type\":\"ReadAction\",\"target\":[\"https:\\\/\\\/akunq.net\\\/tr\\\/?p=67472\"]}]},{\"@type\":\"ImageObject\",\"inLanguage\":\"en-US\",\"@id\":\"https:\\\/\\\/akunq.net\\\/tr\\\/?p=67472#primaryimage\",\"url\":\"https:\\\/\\\/akunq.net\\\/tr\\\/wp-content\\\/uploads\\\/sites\\\/6\\\/2022\\\/03\\\/dunya-mirasi-ani-martta-beyaza-burundu_1.jpg\",\"contentUrl\":\"https:\\\/\\\/akunq.net\\\/tr\\\/wp-content\\\/uploads\\\/sites\\\/6\\\/2022\\\/03\\\/dunya-mirasi-ani-martta-beyaza-burundu_1.jpg\",\"width\":1000,\"height\":520},{\"@type\":\"BreadcrumbList\",\"@id\":\"https:\\\/\\\/akunq.net\\\/tr\\\/?p=67472#breadcrumb\",\"itemListElement\":[{\"@type\":\"ListItem\",\"position\":1,\"name\":\"Home\",\"item\":\"https:\\\/\\\/akunq.net\\\/tr\"},{\"@type\":\"ListItem\",\"position\":2,\"name\":\"D\u00fcnya miras\u0131 Ani martta beyaza b\u00fcr\u00fcnd\u00fc\"}]},{\"@type\":\"WebSite\",\"@id\":\"https:\\\/\\\/akunq.net\\\/tr\\\/#website\",\"url\":\"https:\\\/\\\/akunq.net\\\/tr\\\/\",\"name\":\"Bati Ermenistan Ve Bati Ermenileri Sorunlari Ara\u015ftirmalar Merkezi\",\"description\":\"\",\"potentialAction\":[{\"@type\":\"SearchAction\",\"target\":{\"@type\":\"EntryPoint\",\"urlTemplate\":\"https:\\\/\\\/akunq.net\\\/tr\\\/?s={search_term_string}\"},\"query-input\":{\"@type\":\"PropertyValueSpecification\",\"valueRequired\":true,\"valueName\":\"search_term_string\"}}],\"inLanguage\":\"en-US\"},{\"@type\":\"Person\",\"@id\":\"https:\\\/\\\/akunq.net\\\/tr\\\/#\\\/schema\\\/person\\\/096f1d38a12cce57fb855b485ed24c9e\",\"name\":\"admin\",\"url\":\"https:\\\/\\\/akunq.net\\\/tr\\\/?author=7\"}]}<\/script>\n<!-- \/ Yoast SEO plugin. -->","yoast_head_json":{"title":"D\u00fcnya miras\u0131 Ani martta beyaza b\u00fcr\u00fcnd\u00fc - Bati Ermenistan Ve Bati Ermenileri Sorunlari Ara\u015ftirmalar Merkezi","robots":{"index":"index","follow":"follow","max-snippet":"max-snippet:-1","max-image-preview":"max-image-preview:large","max-video-preview":"max-video-preview:-1"},"canonical":"https:\/\/akunq.net\/tr\/?p=67472","og_locale":"en_US","og_type":"article","og_title":"D\u00fcnya miras\u0131 Ani martta beyaza b\u00fcr\u00fcnd\u00fc - Bati Ermenistan Ve Bati Ermenileri Sorunlari Ara\u015ftirmalar Merkezi","og_description":"KARS (AA) \u2013 UNESCO D\u00fcnya Miras Listesi\u2019nde yer alan Kars\u2019taki Ani \u00d6ren Yeri, ilkbahar\u0131n ilk ay\u0131 martta karla kapland\u0131. Kentte son g\u00fcnlerde etkili olan kar; \u201cd\u00fcnya kenti\u201d, \u201cmedeniyetler be\u015fi\u011fi\u201d, \u201cbinbir kilise\u201d ve \u201c40 kap\u0131l\u0131 \u015fehir\u201d olarak bilinen Ani\u2019yi beyaza b\u00fcr\u00fcd\u00fc. Ziyaret\u00e7iler, \u0130slam mimarisi eserlerini de b\u00fcnyesinde bar\u0131nd\u0131ran ve 15 Temmuz 2016\u2019da UNESCO\u2019nun D\u00fcnya Miras Listesi\u2019ne [&hellip;]","og_url":"https:\/\/akunq.net\/tr\/?p=67472","og_site_name":"Bati Ermenistan Ve Bati Ermenileri Sorunlari Ara\u015ftirmalar Merkezi","article_published_time":"2022-03-14T08:53:51+00:00","og_image":[{"width":1000,"height":520,"url":"https:\/\/akunq.net\/tr\/wp-content\/uploads\/sites\/6\/2022\/03\/dunya-mirasi-ani-martta-beyaza-burundu_1.jpg","type":"image\/jpeg"}],"author":"admin","twitter_card":"summary_large_image","twitter_misc":{"Written by":"admin","Est. reading time":"1 minute"},"schema":{"@context":"https:\/\/schema.org","@graph":[{"@type":"Article","@id":"https:\/\/akunq.net\/tr\/?p=67472#article","isPartOf":{"@id":"https:\/\/akunq.net\/tr\/?p=67472"},"author":{"name":"admin","@id":"https:\/\/akunq.net\/tr\/#\/schema\/person\/096f1d38a12cce57fb855b485ed24c9e"},"headline":"D\u00fcnya miras\u0131 Ani martta beyaza b\u00fcr\u00fcnd\u00fc","datePublished":"2022-03-14T08:53:51+00:00","mainEntityOfPage":{"@id":"https:\/\/akunq.net\/tr\/?p=67472"},"wordCount":233,"commentCount":0,"image":{"@id":"https:\/\/akunq.net\/tr\/?p=67472#primaryimage"},"thumbnailUrl":"https:\/\/akunq.net\/tr\/wp-content\/uploads\/sites\/6\/2022\/03\/dunya-mirasi-ani-martta-beyaza-burundu_1.jpg","articleSection":["G\u00fcn\u00fcm\u00fczde Bat\u0131 Ermenistan","Haberler"],"inLanguage":"en-US","potentialAction":[{"@type":"CommentAction","name":"Comment","target":["https:\/\/akunq.net\/tr\/?p=67472#respond"]}]},{"@type":"WebPage","@id":"https:\/\/akunq.net\/tr\/?p=67472","url":"https:\/\/akunq.net\/tr\/?p=67472","name":"D\u00fcnya miras\u0131 Ani martta beyaza b\u00fcr\u00fcnd\u00fc - Bati Ermenistan Ve Bati Ermenileri Sorunlari Ara\u015ftirmalar Merkezi","isPartOf":{"@id":"https:\/\/akunq.net\/tr\/#website"},"primaryImageOfPage":{"@id":"https:\/\/akunq.net\/tr\/?p=67472#primaryimage"},"image":{"@id":"https:\/\/akunq.net\/tr\/?p=67472#primaryimage"},"thumbnailUrl":"https:\/\/akunq.net\/tr\/wp-content\/uploads\/sites\/6\/2022\/03\/dunya-mirasi-ani-martta-beyaza-burundu_1.jpg","datePublished":"2022-03-14T08:53:51+00:00","author":{"@id":"https:\/\/akunq.net\/tr\/#\/schema\/person\/096f1d38a12cce57fb855b485ed24c9e"},"breadcrumb":{"@id":"https:\/\/akunq.net\/tr\/?p=67472#breadcrumb"},"inLanguage":"en-US","potentialAction":[{"@type":"ReadAction","target":["https:\/\/akunq.net\/tr\/?p=67472"]}]},{"@type":"ImageObject","inLanguage":"en-US","@id":"https:\/\/akunq.net\/tr\/?p=67472#primaryimage","url":"https:\/\/akunq.net\/tr\/wp-content\/uploads\/sites\/6\/2022\/03\/dunya-mirasi-ani-martta-beyaza-burundu_1.jpg","contentUrl":"https:\/\/akunq.net\/tr\/wp-content\/uploads\/sites\/6\/2022\/03\/dunya-mirasi-ani-martta-beyaza-burundu_1.jpg","width":1000,"height":520},{"@type":"BreadcrumbList","@id":"https:\/\/akunq.net\/tr\/?p=67472#breadcrumb","itemListElement":[{"@type":"ListItem","position":1,"name":"Home","item":"https:\/\/akunq.net\/tr"},{"@type":"ListItem","position":2,"name":"D\u00fcnya miras\u0131 Ani martta beyaza b\u00fcr\u00fcnd\u00fc"}]},{"@type":"WebSite","@id":"https:\/\/akunq.net\/tr\/#website","url":"https:\/\/akunq.net\/tr\/","name":"Bati Ermenistan Ve Bati Ermenileri Sorunlari Ara\u015ftirmalar Merkezi","description":"","potentialAction":[{"@type":"SearchAction","target":{"@type":"EntryPoint","urlTemplate":"https:\/\/akunq.net\/tr\/?s={search_term_string}"},"query-input":{"@type":"PropertyValueSpecification","valueRequired":true,"valueName":"search_term_string"}}],"inLanguage":"en-US"},{"@type":"Person","@id":"https:\/\/akunq.net\/tr\/#\/schema\/person\/096f1d38a12cce57fb855b485ed24c9e","name":"admin","url":"https:\/\/akunq.net\/tr\/?author=7"}]}},"_links":{"self":[{"href":"https:\/\/akunq.net\/tr\/index.php?rest_route=\/wp\/v2\/posts\/67472","targetHints":{"allow":["GET"]}}],"collection":[{"href":"https:\/\/akunq.net\/tr\/index.php?rest_route=\/wp\/v2\/posts"}],"about":[{"href":"https:\/\/akunq.net\/tr\/index.php?rest_route=\/wp\/v2\/types\/post"}],"author":[{"embeddable":true,"href":"https:\/\/akunq.net\/tr\/index.php?rest_route=\/wp\/v2\/users\/7"}],"replies":[{"embeddable":true,"href":"https:\/\/akunq.net\/tr\/index.php?rest_route=%2Fwp%2Fv2%2Fcomments&post=67472"}],"version-history":[{"count":1,"href":"https:\/\/akunq.net\/tr\/index.php?rest_route=\/wp\/v2\/posts\/67472\/revisions"}],"predecessor-version":[{"id":67474,"href":"https:\/\/akunq.net\/tr\/index.php?rest_route=\/wp\/v2\/posts\/67472\/revisions\/67474"}],"wp:featuredmedia":[{"embeddable":true,"href":"https:\/\/akunq.net\/tr\/index.php?rest_route=\/wp\/v2\/media\/67473"}],"wp:attachment":[{"href":"https:\/\/akunq.net\/tr\/index.php?rest_route=%2Fwp%2Fv2%2Fmedia&parent=67472"}],"wp:term":[{"taxonomy":"category","embeddable":true,"href":"https:\/\/akunq.net\/tr\/index.php?rest_route=%2Fwp%2Fv2%2Fcategories&post=67472"},{"taxonomy":"post_tag","embeddable":true,"href":"https:\/\/akunq.net\/tr\/index.php?rest_route=%2Fwp%2Fv2%2Ftags&post=67472"}],"curies":[{"name":"wp","href":"https:\/\/api.w.org\/{rel}","templated":true}]}}