{"id":67451,"date":"2022-03-11T03:44:04","date_gmt":"2022-03-11T08:44:04","guid":{"rendered":"https:\/\/akunq.net\/tr\/?p=67451"},"modified":"2022-03-11T03:44:04","modified_gmt":"2022-03-11T08:44:04","slug":"kilicdaroglu-diyarbakira-gidiyor-chp-kurt-secmeni-kazanabilecek-mi","status":"publish","type":"post","link":"https:\/\/akunq.net\/tr\/?p=67451","title":{"rendered":"K\u0131l\u0131\u00e7daro\u011flu Diyarbak\u0131r&#8217;a gidiyor: CHP K\u00fcrt se\u00e7meni kazanabilecek mi?"},"content":{"rendered":"<p class=\"intro\"><strong><em>CHP Genel Ba\u015fkan\u0131 Kemal K\u0131l\u0131\u00e7daro\u011flu iki kez ertelenen Diyarbak\u0131r gezisini bu kez ger\u00e7ekle\u015ftiriyor. Peki K\u0131l\u0131\u00e7daro\u011flu\u2019nun ziyareti K\u00fcrt se\u00e7meni nas\u0131l etkileyecek ve K\u00fcrt se\u00e7menin CHP\u2019den beklentileri neler?<\/em><\/strong><\/p>\n<div class=\"picBox full\"><a class=\"overlayLink init\" href=\"https:\/\/www.dw.com\/tr\/k%C4%B1l%C4%B1%C3%A7daro%C4%9Flu-diyarbak%C4%B1ra-gidiyor-chp-k%C3%BCrt-se%C3%A7meni-kazanabilecek-mi\/a-61069545#\" rel=\"nofollow\"><img loading=\"lazy\" decoding=\"async\" title=\"\" src=\"https:\/\/static.dw.com\/image\/60838176_303.jpg\" alt=\"\" width=\"700\" height=\"394\" \/><\/a><\/div>\n<div class=\"group\">\n<div class=\"longText\">\n<p>Cumhuriyet Halk Partisi\u00a0<a href=\"https:\/\/www.dw.com\/tr\/siyasette-diyarbak%C4%B1r-tart%C4%B1%C5%9Fmas%C4%B1\/a-60545098\">(CHP) Genel Ba\u015fkan\u0131 Kemal K\u0131l\u0131\u00e7daro\u011flu, iki kez ertelenen ziyaretini ger\u00e7ekle\u015ftirmek \u00fczere<\/a>\u00a0bu ak\u015fam Diyarbak\u0131r&#8217;a geliyor. K\u0131l\u0131\u00e7daro\u011flu&#8217;nun program\u0131na g\u00f6re kentte miting yap\u0131lmayacak. Ancak CHP liderini yo\u011fun bir program bekliyor.<\/p>\n<p>Per\u015fembe g\u00fcn\u00fc kanaat \u00f6nderleri ve kad\u0131nlarla kahvalt\u0131 program\u0131nda bulu\u015facak olan K\u0131l\u0131\u00e7daro\u011flu, daha sonra Sur il\u00e7esinde esnaf ziyareti yapacak. \u00dcye kat\u0131l\u0131m t\u00f6renine kat\u0131lacak olan K\u0131l\u0131\u00e7daro\u011flu, STK temsilcileri, muhtarlar ve kanaat \u00f6nderleri ile bulu\u015fmas\u0131nda bir konu\u015fma yapacak.<\/p>\n<p>Bin 200 ki\u015filik bir yemek program\u0131 ve \u00f6zel bir ziyaret de ger\u00e7ekle\u015ftirecek olan K\u0131l\u0131\u00e7daro\u011flu, gen\u00e7lik bulu\u015fmalar\u0131 toplant\u0131s\u0131na kat\u0131lacak. Cuma g\u00fcn\u00fc Yama\u00e7 A\u015fireti ile biraraya gelecek olan K\u0131l\u0131\u00e7daro\u011flu, Dicle Toplumsal Ara\u015ft\u0131rmalar Merkezi&#8217;nin d\u00fczenledi\u011fi Tigris S\u00f6yle\u015fileri Toplant\u0131s\u0131&#8217;na da kat\u0131lacak. K\u0131l\u0131\u00e7daro\u011flu, \u015eanl\u0131urfa&#8217;n\u0131n Siverek il\u00e7esinde \u00fcye kat\u0131l\u0131m t\u00f6renine kat\u0131ld\u0131ktan sonra u\u00e7akla \u0130stanbul&#8217;a gidecek.<\/p>\n<div class=\"picBox full\nrechts\n\"><a class=\"overlayLink init\" href=\"https:\/\/www.dw.com\/tr\/k%C4%B1l%C4%B1%C3%A7daro%C4%9Flu-diyarbak%C4%B1ra-gidiyor-chp-k%C3%BCrt-se%C3%A7meni-kazanabilecek-mi\/a-61069545#\" rel=\"nofollow\"><img loading=\"lazy\" decoding=\"async\" title=\"T\u00fcrkei Kemal Kilicdaroglu besucht Diyarbakir\" src=\"https:\/\/static.dw.com\/image\/61069667_401.jpg\" alt=\"T\u00fcrkei Kemal Kilicdaroglu besucht Diyarbakir\" width=\"700\" height=\"394\" \/><\/a><\/div>\n<h2>Ziyaret heyecan yaratmad\u0131<\/h2>\n<p>K\u0131l\u0131\u00e7daro\u011flu&#8217;nun ziyareti \u00f6ncesinde CHP Diyarbak\u0131r \u0130l Ba\u015fkanl\u0131\u011f\u0131&#8217;nda hummal\u0131 \u00e7al\u0131\u015fmalar var. Kentte baz\u0131 yerlere K\u0131l\u0131\u00e7daro\u011flu&#8217;nun ziyareti ile ilgili afi\u015fler as\u0131ld\u0131, baz\u0131 CHP milletvekilleri de haz\u0131rl\u0131klar\u0131 takip etmek \u00fczere Diyarbak\u0131r&#8217;a geldi.<\/p>\n<p>Ancak K\u0131l\u0131\u00e7daro\u011flu&#8217;nun ziyareti HDP&#8217;nin son y\u0131llarda her se\u00e7imi a\u00e7\u0131k ara farkla kazand\u0131\u011f\u0131\u00a0<a href=\"https:\/\/www.dw.com\/tr\/diyarbak%C4%B1rda-insan-haklar%C4%B1-alg%C4%B1s%C4%B1-ara%C5%9Ft%C4%B1rmas%C4%B1-bug%C3%BCn-90lardan-farkl%C4%B1-de%C4%9Fil\/a-60883845\">iki milyon n\u00fcfuslu kentte<\/a>\u00a0pek heyecan yaratmad\u0131. CHP liderinin miting yapmamas\u0131 buna sebep g\u00f6sterilirken K\u00fcrt se\u00e7menin CHP&#8217;ye mesafeli duru\u015funa dikkat \u00e7ekenler de var.<\/p>\n<h2>K\u00fcrtler neden CHP&#8217;ye mesafeli?<\/h2>\n<p>B\u00f6lgedeki K\u00fcrt se\u00e7menin CHP ile mesafeli ili\u015fkisi herkes taraf\u0131ndan bilinen bir ger\u00e7ek. Bunun\u00a0<a href=\"https:\/\/www.dw.com\/tr\/97-y%C4%B1ll%C4%B1k-gizem-%C5%9Feyh-saidin-mezar%C4%B1-nerede\/a-60838231\">en temel gerek\u00e7eleri aras\u0131nda cumhuriyetin ilk y\u0131llar\u0131nda \u015eeyh Said<\/a>, Seyid R\u0131za gibi K\u00fcrt \u00f6nderlerinin idam\u0131, K\u00fcrt diline kar\u015f\u0131 geli\u015ftirilen yasaklar, CHP&#8217;nin ge\u00e7mi\u015fte K\u00fcrt varl\u0131\u011f\u0131n\u0131 reddetmesi veya yok saymas\u0131 gibi baz\u0131 arg\u00fcmanlar yer al\u0131yor. Neredeyse Cumhuriyet ile ya\u015f\u0131t olan K\u00fcrt meselesinin \u00e7\u00f6z\u00fcms\u00fcz b\u0131rak\u0131lmas\u0131nda da ge\u00e7mi\u015fteki CHP kadrolar\u0131n\u0131n rol\u00fc oldu\u011funa dair yayg\u0131n bir kanaat var. Dindar K\u00fcrtlerin ise ek olarak baz\u0131 dini gerek\u00e7eleri de bulunuyor. Dicle Toplumsal Ara\u015ft\u0131rmalar Merkezi (D\u0130TAM) Ba\u015fkan\u0131 Mehmet Vural, 100 y\u0131ll\u0131k bir sorunu art\u0131k CHP&#8217;nin de g\u00f6rmezden gelme \u015fans\u0131 olmad\u0131\u011f\u0131n\u0131 s\u00f6yl\u00fcyor:<\/p>\n<div class=\"picBox medium\n\"><a class=\"overlayLink init\" href=\"https:\/\/www.dw.com\/tr\/k%C4%B1l%C4%B1%C3%A7daro%C4%9Flu-diyarbak%C4%B1ra-gidiyor-chp-k%C3%BCrt-se%C3%A7meni-kazanabilecek-mi\/a-61069545#\" rel=\"nofollow\"><img loading=\"lazy\" decoding=\"async\" title=\"T\u00fcrkei Mehmet Vural der Vorsitzender der Forschunszentrum f\u00fcr Gesellschaft D\u0130TAM\" src=\"https:\/\/static.dw.com\/image\/61069693_404.jpg\" alt=\"T\u00fcrkei Mehmet Vural der Vorsitzender der Forschunszentrum f\u00fcr Gesellschaft D\u0130TAM\" width=\"340\" height=\"191\" \/><\/a><\/div>\n<p>&#8220;Cumhuriyet&#8217;in ba\u015f\u0131ndan beri CHP K\u00fcrtlere mesafe koydu. CHP K\u00fcrt se\u00e7meni bir t\u00fcrl\u00fc kabullenemedi, K\u00fcrt halk\u0131n\u0131n varl\u0131\u011f\u0131n\u0131 kabullenemedi. E\u011fer K\u00fcrt meselesi bug\u00fcn bu \u00e7\u0131kmazdaysa CHP&#8217;nin b\u00fcy\u00fck bir rol\u00fc var. CHP kadrolar\u0131 isterse bu olumsuzluklar\u0131 elinin tersiyle itebilir ve yeni bir kap\u0131 a\u00e7abilir. E\u011fer b\u00f6yle yaparsa ba\u015fta kendisi i\u00e7in en hay\u0131rl\u0131 olan\u0131 yapar. \u00c7\u00fcnk\u00fc CHP&#8217;nin ge\u00e7mi\u015fi \u00e7ok da K\u00fcrtlerle bar\u0131\u015f\u0131k de\u011fildir.&#8221;<\/p>\n<h2>&#8220;K\u00fcrt se\u00e7meninin deste\u011fi belirleyici olacak&#8221;<\/h2>\n<p>K\u00fcrt siyasi hareketinin partile\u015fmeden \u00f6nce kurdu\u011fu ittifaklar d\u0131\u015f\u0131nda K\u00fcrt se\u00e7menler genellikle CHP&#8217;ye mesafeli durdu. Mart 2019&#8217;da tekrarlanan \u0130stanbul se\u00e7imlerinde ise K\u00fcrt se\u00e7menler ile CHP aras\u0131ndaki buzlar erimeye ba\u015flad\u0131. PKK lideri Abdullah \u00d6calan&#8217;\u0131n &#8220;Tarafs\u0131z kal\u0131n&#8221; mesaj\u0131na ra\u011fmen \u0130stanbul&#8217;da ya\u015fayan K\u00fcrtler, Ekrem \u0130mamo\u011flu&#8217;na oy verdi. B\u00f6lgede, \u0130mamo\u011flu&#8217;nun se\u00e7imi K\u00fcrt oylar\u0131 sayesinde kazand\u0131\u011f\u0131na ili\u015fkin de yayg\u0131n bir kanaat var.<\/p>\n<p>Peki CHP bundan sonra ataca\u011f\u0131 ad\u0131mlarla K\u00fcrt se\u00e7meni kazanabilecek mi?<\/p>\n<p>Dicle \u00dcniversitesi \u00d6\u011fretim G\u00f6revlisi Do\u00e7. Dr. Vahap Co\u015fkun&#8217;a g\u00f6re, K\u0131l\u0131\u00e7daro\u011flu tam da bu sebeple uzun s\u00fcredir CHP&#8217;nin ili\u015fki kuramad\u0131\u011f\u0131 toplumsal kesimlerle ili\u015fki kurmaya \u00e7al\u0131\u015f\u0131yor. K\u0131l\u0131\u00e7daro\u011flu&#8217;nun Diyarbak\u0131r ziyaretini de buna ba\u011flayan Co\u015fkun, gelecek se\u00e7imlerde K\u00fcrt se\u00e7menin se\u00e7imi kazanacak olan\u0131 belirleyecek bir konumda oldu\u011funu belirtiyor:<\/p>\n<p>&#8220;Parlamento se\u00e7iminde K\u00fcrt se\u00e7menin b\u00fcy\u00fck k\u0131sm\u0131n\u0131n HDP&#8217;ye oy verdi\u011fi belli. Bu tercihlerini \u015fu a\u015famada de\u011fi\u015ftirebilecek bir i\u015faret g\u00f6r\u00fcnm\u00fcyor. CHP&#8217;ye b\u00f6lgede ilginin artt\u0131\u011f\u0131 da belli. Ama bu ilginin k\u0131sa vedede bir se\u00e7men deste\u011fine d\u00f6n\u00fc\u015fmesi zor. CHP a\u00e7\u0131s\u0131ndan \u00f6nemli olan ise Cumhurba\u015fkanl\u0131\u011f\u0131 se\u00e7iminde CHP&#8217;nin aday\u0131na K\u00fcrt se\u00e7menin deste\u011fini sa\u011flamak. K\u00fcrt se\u00e7meninin Cumhurba\u015fkanl\u0131\u011f\u0131 adaylar\u0131ndan birisine verece\u011fi destek, o aday\u0131n se\u00e7imi kazanmas\u0131 konusunda \u00e7ok b\u00fcy\u00fck bir olanak sa\u011flayacak.&#8221;<\/p>\n<h2>Kentin g\u00fcndemi ekonomi<\/h2>\n<p>Diyarbak\u0131r&#8217;\u0131n en i\u015flek yeri olarak bilinen Sur il\u00e7esindeki Gazi Caddesi&#8217;nde herkesin g\u00fcndemi ekonomi. \u0130\u015fsizlik, k\u00f6t\u00fcle\u015fen ekonomik ko\u015fullar, hayat pahal\u0131l\u0131\u011f\u0131 ve enerjiye yap\u0131lan zamlar, siyasetten daha \u00e7ok konu\u015fuluyor.<\/p>\n<p>DW T\u00fcrk\u00e7e muhabirinin konu\u015ftu\u011fu \u00e7o\u011fu ki\u015fi, olas\u0131 bir iktidar de\u011fi\u015fikli\u011finin k\u00f6t\u00fc gidi\u015fat\u0131 durduraca\u011f\u0131 g\u00f6r\u00fc\u015f\u00fcnde. Ancak, alternatifin hangi parti olaca\u011f\u0131 konusunda kimsenin bir fikri veya inand\u0131\u011f\u0131 bir siyasi hareket yok gibi g\u00f6r\u00fcn\u00fcyor. K\u0131l\u0131\u00e7daro\u011flu&#8217;ndan umutlu olanlar da var. Ancak \u00e7o\u011fu ki\u015fi oy tercihini HDP&#8217;nin g\u00f6sterece\u011fi adaydan yana kullanaca\u011f\u0131n\u0131 s\u00f6yl\u00fcyor.<\/p>\n<div class=\"picBox medium\nrechts\n\"><a class=\"overlayLink init\" href=\"https:\/\/www.dw.com\/tr\/k%C4%B1l%C4%B1%C3%A7daro%C4%9Flu-diyarbak%C4%B1ra-gidiyor-chp-k%C3%BCrt-se%C3%A7meni-kazanabilecek-mi\/a-61069545#\" rel=\"nofollow\"><img loading=\"lazy\" decoding=\"async\" title=\"T\u00fcrkei Vahap Coskun Akademiker an der Dicle Universit\u00e4t Dicle\" src=\"https:\/\/static.dw.com\/image\/61069680_404.jpg\" alt=\"T\u00fcrkei Vahap Coskun Akademiker an der Dicle Universit\u00e4t Dicle\" width=\"340\" height=\"191\" \/><\/a><\/div>\n<h2>HDP&#8217;nin ittifaka d\u00e2hil edilmemesi nas\u0131l bir etki yaratacak?<\/h2>\n<p>K\u0131l\u0131\u00e7daro\u011flu&#8217;nun Ocak ay\u0131nda yapt\u0131\u011f\u0131, &#8220;Demokrasinin yolu Diyarbak\u0131r&#8217;dan ge\u00e7er&#8221; a\u00e7\u0131klamas\u0131 b\u00f6lgede memnuniyet yaratm\u0131\u015ft\u0131. Ancak, alt\u0131 muhalefet partisinin g\u00fc\u00e7lendirilmi\u015f parlamenter sisteme ili\u015fkin imzalad\u0131\u011f\u0131 mutabakata HDP&#8217;nin d\u00e2hil edilmemesi bir nebze de olsa hayal k\u0131r\u0131kl\u0131\u011f\u0131 yaratt\u0131. CHP liderinin bu tart\u0131\u015fman\u0131n g\u00f6lgesinde yapaca\u011f\u0131 Diyarbak\u0131r ziyaretinde verece\u011fi mesajlar ise merakla bekleniyor.<\/p>\n<p>Do\u00e7. Dr. Vahap Co\u015fkun, parlamento se\u00e7imlerinde herhangi bir ittifaka girmeye ihtiyac\u0131 olmad\u0131\u011f\u0131n\u0131 ifade ediyor. HDP se\u00e7meninin ittifak konusuna realist yakla\u015ft\u0131\u011f\u0131n\u0131 belirten Co\u015fkun&#8217;a g\u00f6re, K\u00fcrt se\u00e7men canlar\u0131n\u0131 daha fazla yakan sorunlar konusunda bu partilerin nas\u0131l tav\u0131r alacaklar\u0131n\u0131 g\u00f6rmek isteyecek. Mutabakat metninin K\u00fcrtlerin b\u00fct\u00fcn sorunlar\u0131n\u0131 kar\u015f\u0131layan bir metin olmamas\u0131na ra\u011fmen bir tart\u0131\u015fma zemini yaratt\u0131\u011f\u0131na dikkat \u00e7eken Co\u015fkun, HDP&#8217;nin de alt\u0131l\u0131 ittifaktan beklentileri oldu\u011funu belirtiyor:<\/p>\n<p>&#8220;\u0130ki konuda beklentileri var. Ge\u00e7i\u015f d\u00f6neminin planlanmas\u0131nda HDP&#8217;nin g\u00f6r\u00fc\u015flerinin dikkate al\u0131nmas\u0131 ve \u00f6zellikle Cumhurba\u015fkan\u0131 aday\u0131n\u0131n belirlenmesi, e\u011fer bu ortak bir aday olacaksa burada da HDP ile isti\u015fare edilmesi. \u00d6n\u00fcm\u00fczdeki d\u00f6nemlerde bu y\u00f6nde at\u0131lacak ad\u0131mlar HDP ile bu ittifak aras\u0131ndaki ili\u015fkeleri de s\u0131kla\u015ft\u0131rabilir veya gerginle\u015ftirebilir.&#8221;<\/p>\n<h2>&#8220;En \u00e7ok da Kemal K\u0131l\u0131\u00e7daro\u011flu&#8217;ndan bekler&#8221;<\/h2>\n<p>D\u0130TAM Ba\u015fkan\u0131 Mehmet Vural ise K\u00fcrt se\u00e7menin de kendine g\u00f6re bir hesab\u0131 oldu\u011funu belirtiyor. K\u00fcrt toplumunun beklentisinin \u00f6ncelikle kimli\u011finin tan\u0131nmas\u0131 oldu\u011funu ifade eden Vural&#8217;a g\u00f6re y\u00fczle\u015fme veya helalle\u015fme olacaksa K\u00fcrtlerle helalle\u015fmek en do\u011fru se\u00e7im olacak:<\/p>\n<p>&#8220;Umar\u0131m y\u00fczle\u015filirse K\u00fcrtler de bir b\u00fct\u00fcn olarak bu \u00fclkede varl\u0131\u011f\u0131n\u0131 kendi kimlekleri ile s\u00fcrd\u00fcr\u00fcrse herkes i\u00e7in g\u00fczel olur. T\u00fcrkiye&#8217;nen d\u00f6rtte biri K\u00fcrt. Bunu reddedemezsiniz. B\u00fct\u00fcn bunlar\u0131n kimli\u011fiyle, varl\u0131\u011f\u0131yla kabul edilmesi laz\u0131m. K\u00fcrtler bunu bekler. Bunu herkesten bekler ve en \u00e7ok da Kemal K\u0131l\u0131\u00e7daro\u011flu&#8217;ndan bekler.&#8221;<\/p>\n<div class=\"col3 right\">\n<div class=\"standaloneWrap\">\n<div class=\"imgTeaserL video\" data-media-id=\"60177607\">\n<div class=\"mediaItem\" data-media-id=\"60177607\">\n<div class=\"teaserContentWrap information\">\n<h2>Hak ihlallerinde 90&#8217;l\u0131 y\u0131llara m\u0131 d\u00f6n\u00fcld\u00fc?<\/h2>\n<\/div>\n<\/div>\n<\/div>\n<\/div>\n<\/div>\n<h2>K\u00fcrt se\u00e7menin CHP&#8217;den beklentileri<\/h2>\n<p>Do\u00e7. Dr. Vahap Co\u015fkun, CHP ile K\u00fcrt se\u00e7men aras\u0131nda derin ve yap\u0131sal sorunlar oldu\u011funu ifade ediyor. HDP se\u00e7meninin k\u0131sa s\u00fcrede kendisine CHP&#8217;yi adres olarak belirlemesinin m\u00fcmk\u00fcn g\u00f6r\u00fcnmedi\u011fine dikkat \u00e7eken Co\u015fkun&#8217;a g\u00f6re, CHP ve K\u00fcrt se\u00e7men aras\u0131nda a\u00e7\u0131lan mesafenin daralt\u0131lmas\u0131 i\u00e7in ciddi bir \u00e7aba sarf edilmeli. Bunun k\u0131sa vadede at\u0131lacak birka\u00e7 sembolik ad\u0131mla ger\u00e7ekle\u015femeyece\u011fini belirten Co\u015fkun, CHP&#8217;nin bu yap\u0131sal sorunlar\u0131 \u00e7\u00f6zmek i\u00e7in baz\u0131 giri\u015fimlerde bulundu\u011funu vurguluyor. Bunlar\u0131n olumlu ad\u0131mlar oldu\u011funa, ancak k\u0131sa s\u00fcrede CHP&#8217;yi b\u00f6lgede a\u011f\u0131rl\u0131k merkezi haline getiremeyece\u011fine dikkat \u00e7eken Co\u015fkun, K\u00fcrt se\u00e7menin de beklentileri oldu\u011funu ifade ediyor:<\/p>\n<p>&#8220;\u0130lk etapta b\u00fct\u00fcn se\u00e7menler gibi K\u00fcrt se\u00e7menlerin de as\u0131l beklentisi bir normalle\u015fmenin olmas\u0131 ve as\u0131l meseleleri konu\u015fabilece\u011fimiz bir toplumsal zeminin olu\u015fturulmas\u0131. Ondan sonra K\u00fcrt meselesinin \u00e7e\u015fitli konu ba\u015fl\u0131klar\u0131 var. Bunlar K\u00fcrtlerin her daim talep etti\u011fi hususlar. Ama as\u0131l \u015fu andaki \u00f6nemli beklenti bir normalle\u015fme, sorunlar\u0131 konu\u015fabilece\u011fimiz bir hukuk zeminin in\u015faas\u0131.&#8221;<\/p>\n<p><em><strong>Felat Bozarslan \/ Diyarbak\u0131r<\/strong><\/em><\/p>\n<p><em><strong>https:\/\/www.dw.com\/tr\/k%C4%B1l%C4%B1%C3%A7daro%C4%9Flu-diyarbak%C4%B1ra-gidiyor-chp-k%C3%BCrt-se%C3%A7meni-kazanabilecek-mi\/a-61069545\u00a0<\/strong><\/em><\/p>\n<\/div>\n<\/div>\n","protected":false},"excerpt":{"rendered":"<p>CHP Genel Ba\u015fkan\u0131 Kemal K\u0131l\u0131\u00e7daro\u011flu iki kez ertelenen Diyarbak\u0131r gezisini bu kez ger\u00e7ekle\u015ftiriyor. Peki K\u0131l\u0131\u00e7daro\u011flu\u2019nun ziyareti K\u00fcrt se\u00e7meni nas\u0131l etkileyecek ve K\u00fcrt se\u00e7menin CHP\u2019den beklentileri neler? Cumhuriyet Halk Partisi\u00a0(CHP) Genel Ba\u015fkan\u0131 Kemal K\u0131l\u0131\u00e7daro\u011flu, iki kez ertelenen ziyaretini ger\u00e7ekle\u015ftirmek \u00fczere\u00a0bu ak\u015fam Diyarbak\u0131r&#8217;a geliyor. K\u0131l\u0131\u00e7daro\u011flu&#8217;nun program\u0131na g\u00f6re kentte miting yap\u0131lmayacak. Ancak CHP liderini yo\u011fun bir program bekliyor. [&hellip;]<\/p>\n","protected":false},"author":7,"featured_media":67452,"comment_status":"open","ping_status":"open","sticky":false,"template":"","format":"standard","meta":{"footnotes":""},"categories":[1],"tags":[],"class_list":["post-67451","post","type-post","status-publish","format-standard","has-post-thumbnail","hentry","category-haberler"],"yoast_head":"<!-- This site is optimized with the Yoast SEO plugin v27.4 - https:\/\/yoast.com\/product\/yoast-seo-wordpress\/ -->\n<title>K\u0131l\u0131\u00e7daro\u011flu Diyarbak\u0131r&#039;a gidiyor: CHP K\u00fcrt se\u00e7meni kazanabilecek mi? - Bati Ermenistan Ve Bati Ermenileri Sorunlari Ara\u015ftirmalar Merkezi<\/title>\n<meta name=\"robots\" content=\"index, follow, max-snippet:-1, max-image-preview:large, max-video-preview:-1\" \/>\n<link rel=\"canonical\" href=\"https:\/\/akunq.net\/tr\/?p=67451\" \/>\n<meta property=\"og:locale\" content=\"en_US\" \/>\n<meta property=\"og:type\" content=\"article\" \/>\n<meta property=\"og:title\" content=\"K\u0131l\u0131\u00e7daro\u011flu Diyarbak\u0131r&#039;a gidiyor: CHP K\u00fcrt se\u00e7meni kazanabilecek mi? - Bati Ermenistan Ve Bati Ermenileri Sorunlari Ara\u015ftirmalar Merkezi\" \/>\n<meta property=\"og:description\" content=\"CHP Genel Ba\u015fkan\u0131 Kemal K\u0131l\u0131\u00e7daro\u011flu iki kez ertelenen Diyarbak\u0131r gezisini bu kez ger\u00e7ekle\u015ftiriyor. Peki K\u0131l\u0131\u00e7daro\u011flu\u2019nun ziyareti K\u00fcrt se\u00e7meni nas\u0131l etkileyecek ve K\u00fcrt se\u00e7menin CHP\u2019den beklentileri neler? Cumhuriyet Halk Partisi\u00a0(CHP) Genel Ba\u015fkan\u0131 Kemal K\u0131l\u0131\u00e7daro\u011flu, iki kez ertelenen ziyaretini ger\u00e7ekle\u015ftirmek \u00fczere\u00a0bu ak\u015fam Diyarbak\u0131r&#8217;a geliyor. K\u0131l\u0131\u00e7daro\u011flu&#8217;nun program\u0131na g\u00f6re kentte miting yap\u0131lmayacak. Ancak CHP liderini yo\u011fun bir program bekliyor. [&hellip;]\" \/>\n<meta property=\"og:url\" content=\"https:\/\/akunq.net\/tr\/?p=67451\" \/>\n<meta property=\"og:site_name\" content=\"Bati Ermenistan Ve Bati Ermenileri Sorunlari Ara\u015ftirmalar Merkezi\" \/>\n<meta property=\"article:published_time\" content=\"2022-03-11T08:44:04+00:00\" \/>\n<meta property=\"og:image\" content=\"https:\/\/akunq.net\/tr\/wp-content\/uploads\/sites\/6\/2022\/03\/Diyarbakir.jpg\" \/>\n\t<meta property=\"og:image:width\" content=\"700\" \/>\n\t<meta property=\"og:image:height\" content=\"394\" \/>\n\t<meta property=\"og:image:type\" content=\"image\/jpeg\" \/>\n<meta name=\"author\" content=\"admin\" \/>\n<meta name=\"twitter:card\" content=\"summary_large_image\" \/>\n<meta name=\"twitter:label1\" content=\"Written by\" \/>\n\t<meta name=\"twitter:data1\" content=\"admin\" \/>\n\t<meta name=\"twitter:label2\" content=\"Est. reading time\" \/>\n\t<meta name=\"twitter:data2\" content=\"8 minutes\" \/>\n<script type=\"application\/ld+json\" class=\"yoast-schema-graph\">{\"@context\":\"https:\\\/\\\/schema.org\",\"@graph\":[{\"@type\":\"Article\",\"@id\":\"https:\\\/\\\/akunq.net\\\/tr\\\/?p=67451#article\",\"isPartOf\":{\"@id\":\"https:\\\/\\\/akunq.net\\\/tr\\\/?p=67451\"},\"author\":{\"name\":\"admin\",\"@id\":\"https:\\\/\\\/akunq.net\\\/tr\\\/#\\\/schema\\\/person\\\/096f1d38a12cce57fb855b485ed24c9e\"},\"headline\":\"K\u0131l\u0131\u00e7daro\u011flu Diyarbak\u0131r&#8217;a gidiyor: CHP K\u00fcrt se\u00e7meni kazanabilecek mi?\",\"datePublished\":\"2022-03-11T08:44:04+00:00\",\"mainEntityOfPage\":{\"@id\":\"https:\\\/\\\/akunq.net\\\/tr\\\/?p=67451\"},\"wordCount\":1564,\"commentCount\":0,\"image\":{\"@id\":\"https:\\\/\\\/akunq.net\\\/tr\\\/?p=67451#primaryimage\"},\"thumbnailUrl\":\"https:\\\/\\\/akunq.net\\\/tr\\\/wp-content\\\/uploads\\\/sites\\\/6\\\/2022\\\/03\\\/Diyarbakir.jpg\",\"articleSection\":[\"Haberler\"],\"inLanguage\":\"en-US\",\"potentialAction\":[{\"@type\":\"CommentAction\",\"name\":\"Comment\",\"target\":[\"https:\\\/\\\/akunq.net\\\/tr\\\/?p=67451#respond\"]}]},{\"@type\":\"WebPage\",\"@id\":\"https:\\\/\\\/akunq.net\\\/tr\\\/?p=67451\",\"url\":\"https:\\\/\\\/akunq.net\\\/tr\\\/?p=67451\",\"name\":\"K\u0131l\u0131\u00e7daro\u011flu Diyarbak\u0131r'a gidiyor: CHP K\u00fcrt se\u00e7meni kazanabilecek mi? - Bati Ermenistan Ve Bati Ermenileri Sorunlari Ara\u015ftirmalar Merkezi\",\"isPartOf\":{\"@id\":\"https:\\\/\\\/akunq.net\\\/tr\\\/#website\"},\"primaryImageOfPage\":{\"@id\":\"https:\\\/\\\/akunq.net\\\/tr\\\/?p=67451#primaryimage\"},\"image\":{\"@id\":\"https:\\\/\\\/akunq.net\\\/tr\\\/?p=67451#primaryimage\"},\"thumbnailUrl\":\"https:\\\/\\\/akunq.net\\\/tr\\\/wp-content\\\/uploads\\\/sites\\\/6\\\/2022\\\/03\\\/Diyarbakir.jpg\",\"datePublished\":\"2022-03-11T08:44:04+00:00\",\"author\":{\"@id\":\"https:\\\/\\\/akunq.net\\\/tr\\\/#\\\/schema\\\/person\\\/096f1d38a12cce57fb855b485ed24c9e\"},\"breadcrumb\":{\"@id\":\"https:\\\/\\\/akunq.net\\\/tr\\\/?p=67451#breadcrumb\"},\"inLanguage\":\"en-US\",\"potentialAction\":[{\"@type\":\"ReadAction\",\"target\":[\"https:\\\/\\\/akunq.net\\\/tr\\\/?p=67451\"]}]},{\"@type\":\"ImageObject\",\"inLanguage\":\"en-US\",\"@id\":\"https:\\\/\\\/akunq.net\\\/tr\\\/?p=67451#primaryimage\",\"url\":\"https:\\\/\\\/akunq.net\\\/tr\\\/wp-content\\\/uploads\\\/sites\\\/6\\\/2022\\\/03\\\/Diyarbakir.jpg\",\"contentUrl\":\"https:\\\/\\\/akunq.net\\\/tr\\\/wp-content\\\/uploads\\\/sites\\\/6\\\/2022\\\/03\\\/Diyarbakir.jpg\",\"width\":700,\"height\":394},{\"@type\":\"BreadcrumbList\",\"@id\":\"https:\\\/\\\/akunq.net\\\/tr\\\/?p=67451#breadcrumb\",\"itemListElement\":[{\"@type\":\"ListItem\",\"position\":1,\"name\":\"Home\",\"item\":\"https:\\\/\\\/akunq.net\\\/tr\"},{\"@type\":\"ListItem\",\"position\":2,\"name\":\"K\u0131l\u0131\u00e7daro\u011flu Diyarbak\u0131r&#8217;a gidiyor: CHP K\u00fcrt se\u00e7meni kazanabilecek mi?\"}]},{\"@type\":\"WebSite\",\"@id\":\"https:\\\/\\\/akunq.net\\\/tr\\\/#website\",\"url\":\"https:\\\/\\\/akunq.net\\\/tr\\\/\",\"name\":\"Bati Ermenistan Ve Bati Ermenileri Sorunlari Ara\u015ftirmalar Merkezi\",\"description\":\"\",\"potentialAction\":[{\"@type\":\"SearchAction\",\"target\":{\"@type\":\"EntryPoint\",\"urlTemplate\":\"https:\\\/\\\/akunq.net\\\/tr\\\/?s={search_term_string}\"},\"query-input\":{\"@type\":\"PropertyValueSpecification\",\"valueRequired\":true,\"valueName\":\"search_term_string\"}}],\"inLanguage\":\"en-US\"},{\"@type\":\"Person\",\"@id\":\"https:\\\/\\\/akunq.net\\\/tr\\\/#\\\/schema\\\/person\\\/096f1d38a12cce57fb855b485ed24c9e\",\"name\":\"admin\",\"url\":\"https:\\\/\\\/akunq.net\\\/tr\\\/?author=7\"}]}<\/script>\n<!-- \/ Yoast SEO plugin. -->","yoast_head_json":{"title":"K\u0131l\u0131\u00e7daro\u011flu Diyarbak\u0131r'a gidiyor: CHP K\u00fcrt se\u00e7meni kazanabilecek mi? - Bati Ermenistan Ve Bati Ermenileri Sorunlari Ara\u015ftirmalar Merkezi","robots":{"index":"index","follow":"follow","max-snippet":"max-snippet:-1","max-image-preview":"max-image-preview:large","max-video-preview":"max-video-preview:-1"},"canonical":"https:\/\/akunq.net\/tr\/?p=67451","og_locale":"en_US","og_type":"article","og_title":"K\u0131l\u0131\u00e7daro\u011flu Diyarbak\u0131r'a gidiyor: CHP K\u00fcrt se\u00e7meni kazanabilecek mi? - Bati Ermenistan Ve Bati Ermenileri Sorunlari Ara\u015ftirmalar Merkezi","og_description":"CHP Genel Ba\u015fkan\u0131 Kemal K\u0131l\u0131\u00e7daro\u011flu iki kez ertelenen Diyarbak\u0131r gezisini bu kez ger\u00e7ekle\u015ftiriyor. Peki K\u0131l\u0131\u00e7daro\u011flu\u2019nun ziyareti K\u00fcrt se\u00e7meni nas\u0131l etkileyecek ve K\u00fcrt se\u00e7menin CHP\u2019den beklentileri neler? Cumhuriyet Halk Partisi\u00a0(CHP) Genel Ba\u015fkan\u0131 Kemal K\u0131l\u0131\u00e7daro\u011flu, iki kez ertelenen ziyaretini ger\u00e7ekle\u015ftirmek \u00fczere\u00a0bu ak\u015fam Diyarbak\u0131r&#8217;a geliyor. K\u0131l\u0131\u00e7daro\u011flu&#8217;nun program\u0131na g\u00f6re kentte miting yap\u0131lmayacak. Ancak CHP liderini yo\u011fun bir program bekliyor. [&hellip;]","og_url":"https:\/\/akunq.net\/tr\/?p=67451","og_site_name":"Bati Ermenistan Ve Bati Ermenileri Sorunlari Ara\u015ftirmalar Merkezi","article_published_time":"2022-03-11T08:44:04+00:00","og_image":[{"width":700,"height":394,"url":"https:\/\/akunq.net\/tr\/wp-content\/uploads\/sites\/6\/2022\/03\/Diyarbakir.jpg","type":"image\/jpeg"}],"author":"admin","twitter_card":"summary_large_image","twitter_misc":{"Written by":"admin","Est. reading time":"8 minutes"},"schema":{"@context":"https:\/\/schema.org","@graph":[{"@type":"Article","@id":"https:\/\/akunq.net\/tr\/?p=67451#article","isPartOf":{"@id":"https:\/\/akunq.net\/tr\/?p=67451"},"author":{"name":"admin","@id":"https:\/\/akunq.net\/tr\/#\/schema\/person\/096f1d38a12cce57fb855b485ed24c9e"},"headline":"K\u0131l\u0131\u00e7daro\u011flu Diyarbak\u0131r&#8217;a gidiyor: CHP K\u00fcrt se\u00e7meni kazanabilecek mi?","datePublished":"2022-03-11T08:44:04+00:00","mainEntityOfPage":{"@id":"https:\/\/akunq.net\/tr\/?p=67451"},"wordCount":1564,"commentCount":0,"image":{"@id":"https:\/\/akunq.net\/tr\/?p=67451#primaryimage"},"thumbnailUrl":"https:\/\/akunq.net\/tr\/wp-content\/uploads\/sites\/6\/2022\/03\/Diyarbakir.jpg","articleSection":["Haberler"],"inLanguage":"en-US","potentialAction":[{"@type":"CommentAction","name":"Comment","target":["https:\/\/akunq.net\/tr\/?p=67451#respond"]}]},{"@type":"WebPage","@id":"https:\/\/akunq.net\/tr\/?p=67451","url":"https:\/\/akunq.net\/tr\/?p=67451","name":"K\u0131l\u0131\u00e7daro\u011flu Diyarbak\u0131r'a gidiyor: CHP K\u00fcrt se\u00e7meni kazanabilecek mi? - Bati Ermenistan Ve Bati Ermenileri Sorunlari Ara\u015ftirmalar Merkezi","isPartOf":{"@id":"https:\/\/akunq.net\/tr\/#website"},"primaryImageOfPage":{"@id":"https:\/\/akunq.net\/tr\/?p=67451#primaryimage"},"image":{"@id":"https:\/\/akunq.net\/tr\/?p=67451#primaryimage"},"thumbnailUrl":"https:\/\/akunq.net\/tr\/wp-content\/uploads\/sites\/6\/2022\/03\/Diyarbakir.jpg","datePublished":"2022-03-11T08:44:04+00:00","author":{"@id":"https:\/\/akunq.net\/tr\/#\/schema\/person\/096f1d38a12cce57fb855b485ed24c9e"},"breadcrumb":{"@id":"https:\/\/akunq.net\/tr\/?p=67451#breadcrumb"},"inLanguage":"en-US","potentialAction":[{"@type":"ReadAction","target":["https:\/\/akunq.net\/tr\/?p=67451"]}]},{"@type":"ImageObject","inLanguage":"en-US","@id":"https:\/\/akunq.net\/tr\/?p=67451#primaryimage","url":"https:\/\/akunq.net\/tr\/wp-content\/uploads\/sites\/6\/2022\/03\/Diyarbakir.jpg","contentUrl":"https:\/\/akunq.net\/tr\/wp-content\/uploads\/sites\/6\/2022\/03\/Diyarbakir.jpg","width":700,"height":394},{"@type":"BreadcrumbList","@id":"https:\/\/akunq.net\/tr\/?p=67451#breadcrumb","itemListElement":[{"@type":"ListItem","position":1,"name":"Home","item":"https:\/\/akunq.net\/tr"},{"@type":"ListItem","position":2,"name":"K\u0131l\u0131\u00e7daro\u011flu Diyarbak\u0131r&#8217;a gidiyor: CHP K\u00fcrt se\u00e7meni kazanabilecek mi?"}]},{"@type":"WebSite","@id":"https:\/\/akunq.net\/tr\/#website","url":"https:\/\/akunq.net\/tr\/","name":"Bati Ermenistan Ve Bati Ermenileri Sorunlari Ara\u015ftirmalar Merkezi","description":"","potentialAction":[{"@type":"SearchAction","target":{"@type":"EntryPoint","urlTemplate":"https:\/\/akunq.net\/tr\/?s={search_term_string}"},"query-input":{"@type":"PropertyValueSpecification","valueRequired":true,"valueName":"search_term_string"}}],"inLanguage":"en-US"},{"@type":"Person","@id":"https:\/\/akunq.net\/tr\/#\/schema\/person\/096f1d38a12cce57fb855b485ed24c9e","name":"admin","url":"https:\/\/akunq.net\/tr\/?author=7"}]}},"_links":{"self":[{"href":"https:\/\/akunq.net\/tr\/index.php?rest_route=\/wp\/v2\/posts\/67451","targetHints":{"allow":["GET"]}}],"collection":[{"href":"https:\/\/akunq.net\/tr\/index.php?rest_route=\/wp\/v2\/posts"}],"about":[{"href":"https:\/\/akunq.net\/tr\/index.php?rest_route=\/wp\/v2\/types\/post"}],"author":[{"embeddable":true,"href":"https:\/\/akunq.net\/tr\/index.php?rest_route=\/wp\/v2\/users\/7"}],"replies":[{"embeddable":true,"href":"https:\/\/akunq.net\/tr\/index.php?rest_route=%2Fwp%2Fv2%2Fcomments&post=67451"}],"version-history":[{"count":1,"href":"https:\/\/akunq.net\/tr\/index.php?rest_route=\/wp\/v2\/posts\/67451\/revisions"}],"predecessor-version":[{"id":67453,"href":"https:\/\/akunq.net\/tr\/index.php?rest_route=\/wp\/v2\/posts\/67451\/revisions\/67453"}],"wp:featuredmedia":[{"embeddable":true,"href":"https:\/\/akunq.net\/tr\/index.php?rest_route=\/wp\/v2\/media\/67452"}],"wp:attachment":[{"href":"https:\/\/akunq.net\/tr\/index.php?rest_route=%2Fwp%2Fv2%2Fmedia&parent=67451"}],"wp:term":[{"taxonomy":"category","embeddable":true,"href":"https:\/\/akunq.net\/tr\/index.php?rest_route=%2Fwp%2Fv2%2Fcategories&post=67451"},{"taxonomy":"post_tag","embeddable":true,"href":"https:\/\/akunq.net\/tr\/index.php?rest_route=%2Fwp%2Fv2%2Ftags&post=67451"}],"curies":[{"name":"wp","href":"https:\/\/api.w.org\/{rel}","templated":true}]}}