{"id":67442,"date":"2022-03-11T02:58:52","date_gmt":"2022-03-11T07:58:52","guid":{"rendered":"https:\/\/akunq.net\/tr\/?p=67442"},"modified":"2022-03-11T02:58:52","modified_gmt":"2022-03-11T07:58:52","slug":"avrupa-parlamentosu-milletvekili-daglik-karabagin-kadim-halkinin-hayati-tehlikede","status":"publish","type":"post","link":"https:\/\/akunq.net\/tr\/?p=67442","title":{"rendered":"Avrupa Parlamentosu Milletvekili: Da\u011fl\u0131k Karaba\u011f&#8217;\u0131n kadim halk\u0131n\u0131n hayat\u0131 tehlikede"},"content":{"rendered":"<p><img loading=\"lazy\" decoding=\"async\" class=\"aligncenter size-medium wp-image-67443\" src=\"https:\/\/akunq.net\/tr\/wp-content\/uploads\/2022\/03\/Peter-van-Dalen-360x242.jpg\" alt=\"\" width=\"360\" height=\"242\" srcset=\"https:\/\/akunq.net\/tr\/wp-content\/uploads\/sites\/6\/2022\/03\/Peter-van-Dalen-360x242.jpg 360w, https:\/\/akunq.net\/tr\/wp-content\/uploads\/sites\/6\/2022\/03\/Peter-van-Dalen-560x376.jpg 560w, https:\/\/akunq.net\/tr\/wp-content\/uploads\/sites\/6\/2022\/03\/Peter-van-Dalen-260x175.jpg 260w, https:\/\/akunq.net\/tr\/wp-content\/uploads\/sites\/6\/2022\/03\/Peter-van-Dalen-160x107.jpg 160w, https:\/\/akunq.net\/tr\/wp-content\/uploads\/sites\/6\/2022\/03\/Peter-van-Dalen.jpg 670w\" sizes=\"auto, (max-width: 360px) 100vw, 360px\" \/><\/p>\n<p><strong><em>Avrupa Halk Partisi \u00fcyesi, &#8220;Da\u011fl\u0131k Karaba\u011f K\u00fclt\u00fcrel Miras\u0131n\u0131n Yok Edilmesi&#8221; adl\u0131 karar tasla\u011f\u0131n\u0131n yazarlar\u0131ndan Peter van Dalen Avrupa Parlamentosu\u2019nda konu\u015fma yaparak Azerbaycan\u2019\u0131n, Da\u011fl\u0131k Karaba\u011f (Artsakh-&#8216;Akunq web sitesi) kadim halk\u0131n\u0131n hayat\u0131n\u0131 imkans\u0131z hale getirdi\u011fini, Da\u011fl\u0131k Karaba\u011f halk\u0131n\u0131n hayat\u0131 tehlikede oldu\u011funu dile getirdi.<\/em><\/strong><\/p>\n<p>Hollandal\u0131 milletvekiline g\u00f6re, Azerbaycan Cumhurba\u015fkan\u0131 Aliyev&#8217;in tek derdi ailesinin refah\u0131, servetlerini milyarlarca dolara \u00e7\u0131karmas\u0131d\u0131. Ama ayn\u0131 zamanda Azerbaycan ve Da\u011fl\u0131k Karaba\u011f&#8217;daki insanlar\u0131n haklar\u0131n\u0131 da a\u011f\u0131r \u015fekilde ihlal ediyor.<\/p>\n<p>Konu\u015fmada Avrupal\u0131 siyaset\u00e7i \u00f6zellikle \u015fu ifadelere yer verdi:<\/p>\n<p>&#8220;Onlar\u0131n serveti milyarlarca dolara ula\u015f\u0131yor. Azerbaycan&#8217;da olan \u015fey, t\u00fcm diktat\u00f6rlerin genellikle yapt\u0131\u011f\u0131 \u015feydir &#8211; yolsuzluk, siyasi muhaliflere zul\u00fcm, insan haklar\u0131 ihlalleri. Ama sadece bu kadar de\u011fil, ayn\u0131 zamanda Azerbaycan Da\u011fl\u0131k Karaba\u011f halk\u0131n\u0131n hayat\u0131n\u0131 imkans\u0131z k\u0131l\u0131yor, bu hafta bile top at\u0131\u015flar\u0131 yap\u0131yorlar, bu hafta bile gaz boru hatt\u0131 kapal\u0131. Da\u011fl\u0131k Karaba\u011f halk\u0131n\u0131n hayat\u0131 tehlikede ve bu tehlike her ge\u00e7en g\u00fcn art\u0131yor.&#8221;<\/p>\n<p>Peter van Dalen, Artsakh&#8217;ta hala ortaya \u00e7\u0131kmayan veya geri d\u00f6nmeyen \u00e7ok say\u0131da kay\u0131p insan oldu\u011funu hat\u0131rlatt\u0131.<\/p>\n<p>Peter van Dalen\u2019in s\u00f6zlerine g\u00f6re Cumhurba\u015fkan\u0131 Aliyev\u2019in cumhurba\u015fkanl\u0131\u011f\u0131 d\u00f6neminde Da\u011fl\u0131k Karaba\u011f miras\u0131 sistematik bir \u015fekilde yok ediliyor. Kiliseler, tarihi yap\u0131lar, an\u0131tlar y\u0131k\u0131l\u0131yor.<\/p>\n<p><em><strong>https:\/\/armenpress.am\/tur\/news\/1077552.html\u00a0<\/strong><\/em><\/p>\n","protected":false},"excerpt":{"rendered":"<p>Avrupa Halk Partisi \u00fcyesi, &#8220;Da\u011fl\u0131k Karaba\u011f K\u00fclt\u00fcrel Miras\u0131n\u0131n Yok Edilmesi&#8221; adl\u0131 karar tasla\u011f\u0131n\u0131n yazarlar\u0131ndan Peter van Dalen Avrupa Parlamentosu\u2019nda konu\u015fma yaparak Azerbaycan\u2019\u0131n, Da\u011fl\u0131k Karaba\u011f (Artsakh-&#8216;Akunq web sitesi) kadim halk\u0131n\u0131n hayat\u0131n\u0131 imkans\u0131z hale getirdi\u011fini, Da\u011fl\u0131k Karaba\u011f halk\u0131n\u0131n hayat\u0131 tehlikede oldu\u011funu dile getirdi. Hollandal\u0131 milletvekiline g\u00f6re, Azerbaycan Cumhurba\u015fkan\u0131 Aliyev&#8217;in tek derdi ailesinin refah\u0131, servetlerini milyarlarca dolara \u00e7\u0131karmas\u0131d\u0131. [&hellip;]<\/p>\n","protected":false},"author":7,"featured_media":67443,"comment_status":"open","ping_status":"open","sticky":false,"template":"","format":"standard","meta":{"footnotes":""},"categories":[1],"tags":[],"class_list":["post-67442","post","type-post","status-publish","format-standard","has-post-thumbnail","hentry","category-haberler"],"yoast_head":"<!-- This site is optimized with the Yoast SEO plugin v27.4 - https:\/\/yoast.com\/product\/yoast-seo-wordpress\/ -->\n<title>Avrupa Parlamentosu Milletvekili: Da\u011fl\u0131k Karaba\u011f&#039;\u0131n kadim halk\u0131n\u0131n hayat\u0131 tehlikede - Bati Ermenistan Ve Bati Ermenileri Sorunlari Ara\u015ftirmalar Merkezi<\/title>\n<meta name=\"robots\" content=\"index, follow, max-snippet:-1, max-image-preview:large, max-video-preview:-1\" \/>\n<link rel=\"canonical\" href=\"https:\/\/akunq.net\/tr\/?p=67442\" \/>\n<meta property=\"og:locale\" content=\"en_US\" \/>\n<meta property=\"og:type\" content=\"article\" \/>\n<meta property=\"og:title\" content=\"Avrupa Parlamentosu Milletvekili: Da\u011fl\u0131k Karaba\u011f&#039;\u0131n kadim halk\u0131n\u0131n hayat\u0131 tehlikede - Bati Ermenistan Ve Bati Ermenileri Sorunlari Ara\u015ftirmalar Merkezi\" \/>\n<meta property=\"og:description\" content=\"Avrupa Halk Partisi \u00fcyesi, &#8220;Da\u011fl\u0131k Karaba\u011f K\u00fclt\u00fcrel Miras\u0131n\u0131n Yok Edilmesi&#8221; adl\u0131 karar tasla\u011f\u0131n\u0131n yazarlar\u0131ndan Peter van Dalen Avrupa Parlamentosu\u2019nda konu\u015fma yaparak Azerbaycan\u2019\u0131n, Da\u011fl\u0131k Karaba\u011f (Artsakh-&#8216;Akunq web sitesi) kadim halk\u0131n\u0131n hayat\u0131n\u0131 imkans\u0131z hale getirdi\u011fini, Da\u011fl\u0131k Karaba\u011f halk\u0131n\u0131n hayat\u0131 tehlikede oldu\u011funu dile getirdi. Hollandal\u0131 milletvekiline g\u00f6re, Azerbaycan Cumhurba\u015fkan\u0131 Aliyev&#8217;in tek derdi ailesinin refah\u0131, servetlerini milyarlarca dolara \u00e7\u0131karmas\u0131d\u0131. [&hellip;]\" \/>\n<meta property=\"og:url\" content=\"https:\/\/akunq.net\/tr\/?p=67442\" \/>\n<meta property=\"og:site_name\" content=\"Bati Ermenistan Ve Bati Ermenileri Sorunlari Ara\u015ftirmalar Merkezi\" \/>\n<meta property=\"article:published_time\" content=\"2022-03-11T07:58:52+00:00\" \/>\n<meta property=\"og:image\" content=\"https:\/\/akunq.net\/tr\/wp-content\/uploads\/sites\/6\/2022\/03\/Peter-van-Dalen.jpg\" \/>\n\t<meta property=\"og:image:width\" content=\"670\" \/>\n\t<meta property=\"og:image:height\" content=\"450\" \/>\n\t<meta property=\"og:image:type\" content=\"image\/jpeg\" \/>\n<meta name=\"author\" content=\"admin\" \/>\n<meta name=\"twitter:card\" content=\"summary_large_image\" \/>\n<meta name=\"twitter:label1\" content=\"Written by\" \/>\n\t<meta name=\"twitter:data1\" content=\"admin\" \/>\n\t<meta name=\"twitter:label2\" content=\"Est. reading time\" \/>\n\t<meta name=\"twitter:data2\" content=\"1 minute\" \/>\n<script type=\"application\/ld+json\" class=\"yoast-schema-graph\">{\"@context\":\"https:\\\/\\\/schema.org\",\"@graph\":[{\"@type\":\"Article\",\"@id\":\"https:\\\/\\\/akunq.net\\\/tr\\\/?p=67442#article\",\"isPartOf\":{\"@id\":\"https:\\\/\\\/akunq.net\\\/tr\\\/?p=67442\"},\"author\":{\"name\":\"admin\",\"@id\":\"https:\\\/\\\/akunq.net\\\/tr\\\/#\\\/schema\\\/person\\\/096f1d38a12cce57fb855b485ed24c9e\"},\"headline\":\"Avrupa Parlamentosu Milletvekili: Da\u011fl\u0131k Karaba\u011f&#8217;\u0131n kadim halk\u0131n\u0131n hayat\u0131 tehlikede\",\"datePublished\":\"2022-03-11T07:58:52+00:00\",\"mainEntityOfPage\":{\"@id\":\"https:\\\/\\\/akunq.net\\\/tr\\\/?p=67442\"},\"wordCount\":273,\"commentCount\":0,\"image\":{\"@id\":\"https:\\\/\\\/akunq.net\\\/tr\\\/?p=67442#primaryimage\"},\"thumbnailUrl\":\"https:\\\/\\\/akunq.net\\\/tr\\\/wp-content\\\/uploads\\\/sites\\\/6\\\/2022\\\/03\\\/Peter-van-Dalen.jpg\",\"articleSection\":[\"Haberler\"],\"inLanguage\":\"en-US\",\"potentialAction\":[{\"@type\":\"CommentAction\",\"name\":\"Comment\",\"target\":[\"https:\\\/\\\/akunq.net\\\/tr\\\/?p=67442#respond\"]}]},{\"@type\":\"WebPage\",\"@id\":\"https:\\\/\\\/akunq.net\\\/tr\\\/?p=67442\",\"url\":\"https:\\\/\\\/akunq.net\\\/tr\\\/?p=67442\",\"name\":\"Avrupa Parlamentosu Milletvekili: Da\u011fl\u0131k Karaba\u011f'\u0131n kadim halk\u0131n\u0131n hayat\u0131 tehlikede - Bati Ermenistan Ve Bati Ermenileri Sorunlari Ara\u015ftirmalar Merkezi\",\"isPartOf\":{\"@id\":\"https:\\\/\\\/akunq.net\\\/tr\\\/#website\"},\"primaryImageOfPage\":{\"@id\":\"https:\\\/\\\/akunq.net\\\/tr\\\/?p=67442#primaryimage\"},\"image\":{\"@id\":\"https:\\\/\\\/akunq.net\\\/tr\\\/?p=67442#primaryimage\"},\"thumbnailUrl\":\"https:\\\/\\\/akunq.net\\\/tr\\\/wp-content\\\/uploads\\\/sites\\\/6\\\/2022\\\/03\\\/Peter-van-Dalen.jpg\",\"datePublished\":\"2022-03-11T07:58:52+00:00\",\"author\":{\"@id\":\"https:\\\/\\\/akunq.net\\\/tr\\\/#\\\/schema\\\/person\\\/096f1d38a12cce57fb855b485ed24c9e\"},\"breadcrumb\":{\"@id\":\"https:\\\/\\\/akunq.net\\\/tr\\\/?p=67442#breadcrumb\"},\"inLanguage\":\"en-US\",\"potentialAction\":[{\"@type\":\"ReadAction\",\"target\":[\"https:\\\/\\\/akunq.net\\\/tr\\\/?p=67442\"]}]},{\"@type\":\"ImageObject\",\"inLanguage\":\"en-US\",\"@id\":\"https:\\\/\\\/akunq.net\\\/tr\\\/?p=67442#primaryimage\",\"url\":\"https:\\\/\\\/akunq.net\\\/tr\\\/wp-content\\\/uploads\\\/sites\\\/6\\\/2022\\\/03\\\/Peter-van-Dalen.jpg\",\"contentUrl\":\"https:\\\/\\\/akunq.net\\\/tr\\\/wp-content\\\/uploads\\\/sites\\\/6\\\/2022\\\/03\\\/Peter-van-Dalen.jpg\",\"width\":670,\"height\":450},{\"@type\":\"BreadcrumbList\",\"@id\":\"https:\\\/\\\/akunq.net\\\/tr\\\/?p=67442#breadcrumb\",\"itemListElement\":[{\"@type\":\"ListItem\",\"position\":1,\"name\":\"Home\",\"item\":\"https:\\\/\\\/akunq.net\\\/tr\"},{\"@type\":\"ListItem\",\"position\":2,\"name\":\"Avrupa Parlamentosu Milletvekili: Da\u011fl\u0131k Karaba\u011f&#8217;\u0131n kadim halk\u0131n\u0131n hayat\u0131 tehlikede\"}]},{\"@type\":\"WebSite\",\"@id\":\"https:\\\/\\\/akunq.net\\\/tr\\\/#website\",\"url\":\"https:\\\/\\\/akunq.net\\\/tr\\\/\",\"name\":\"Bati Ermenistan Ve Bati Ermenileri Sorunlari Ara\u015ftirmalar Merkezi\",\"description\":\"\",\"potentialAction\":[{\"@type\":\"SearchAction\",\"target\":{\"@type\":\"EntryPoint\",\"urlTemplate\":\"https:\\\/\\\/akunq.net\\\/tr\\\/?s={search_term_string}\"},\"query-input\":{\"@type\":\"PropertyValueSpecification\",\"valueRequired\":true,\"valueName\":\"search_term_string\"}}],\"inLanguage\":\"en-US\"},{\"@type\":\"Person\",\"@id\":\"https:\\\/\\\/akunq.net\\\/tr\\\/#\\\/schema\\\/person\\\/096f1d38a12cce57fb855b485ed24c9e\",\"name\":\"admin\",\"url\":\"https:\\\/\\\/akunq.net\\\/tr\\\/?author=7\"}]}<\/script>\n<!-- \/ Yoast SEO plugin. -->","yoast_head_json":{"title":"Avrupa Parlamentosu Milletvekili: Da\u011fl\u0131k Karaba\u011f'\u0131n kadim halk\u0131n\u0131n hayat\u0131 tehlikede - Bati Ermenistan Ve Bati Ermenileri Sorunlari Ara\u015ftirmalar Merkezi","robots":{"index":"index","follow":"follow","max-snippet":"max-snippet:-1","max-image-preview":"max-image-preview:large","max-video-preview":"max-video-preview:-1"},"canonical":"https:\/\/akunq.net\/tr\/?p=67442","og_locale":"en_US","og_type":"article","og_title":"Avrupa Parlamentosu Milletvekili: Da\u011fl\u0131k Karaba\u011f'\u0131n kadim halk\u0131n\u0131n hayat\u0131 tehlikede - Bati Ermenistan Ve Bati Ermenileri Sorunlari Ara\u015ftirmalar Merkezi","og_description":"Avrupa Halk Partisi \u00fcyesi, &#8220;Da\u011fl\u0131k Karaba\u011f K\u00fclt\u00fcrel Miras\u0131n\u0131n Yok Edilmesi&#8221; adl\u0131 karar tasla\u011f\u0131n\u0131n yazarlar\u0131ndan Peter van Dalen Avrupa Parlamentosu\u2019nda konu\u015fma yaparak Azerbaycan\u2019\u0131n, Da\u011fl\u0131k Karaba\u011f (Artsakh-&#8216;Akunq web sitesi) kadim halk\u0131n\u0131n hayat\u0131n\u0131 imkans\u0131z hale getirdi\u011fini, Da\u011fl\u0131k Karaba\u011f halk\u0131n\u0131n hayat\u0131 tehlikede oldu\u011funu dile getirdi. Hollandal\u0131 milletvekiline g\u00f6re, Azerbaycan Cumhurba\u015fkan\u0131 Aliyev&#8217;in tek derdi ailesinin refah\u0131, servetlerini milyarlarca dolara \u00e7\u0131karmas\u0131d\u0131. [&hellip;]","og_url":"https:\/\/akunq.net\/tr\/?p=67442","og_site_name":"Bati Ermenistan Ve Bati Ermenileri Sorunlari Ara\u015ftirmalar Merkezi","article_published_time":"2022-03-11T07:58:52+00:00","og_image":[{"width":670,"height":450,"url":"https:\/\/akunq.net\/tr\/wp-content\/uploads\/sites\/6\/2022\/03\/Peter-van-Dalen.jpg","type":"image\/jpeg"}],"author":"admin","twitter_card":"summary_large_image","twitter_misc":{"Written by":"admin","Est. reading time":"1 minute"},"schema":{"@context":"https:\/\/schema.org","@graph":[{"@type":"Article","@id":"https:\/\/akunq.net\/tr\/?p=67442#article","isPartOf":{"@id":"https:\/\/akunq.net\/tr\/?p=67442"},"author":{"name":"admin","@id":"https:\/\/akunq.net\/tr\/#\/schema\/person\/096f1d38a12cce57fb855b485ed24c9e"},"headline":"Avrupa Parlamentosu Milletvekili: Da\u011fl\u0131k Karaba\u011f&#8217;\u0131n kadim halk\u0131n\u0131n hayat\u0131 tehlikede","datePublished":"2022-03-11T07:58:52+00:00","mainEntityOfPage":{"@id":"https:\/\/akunq.net\/tr\/?p=67442"},"wordCount":273,"commentCount":0,"image":{"@id":"https:\/\/akunq.net\/tr\/?p=67442#primaryimage"},"thumbnailUrl":"https:\/\/akunq.net\/tr\/wp-content\/uploads\/sites\/6\/2022\/03\/Peter-van-Dalen.jpg","articleSection":["Haberler"],"inLanguage":"en-US","potentialAction":[{"@type":"CommentAction","name":"Comment","target":["https:\/\/akunq.net\/tr\/?p=67442#respond"]}]},{"@type":"WebPage","@id":"https:\/\/akunq.net\/tr\/?p=67442","url":"https:\/\/akunq.net\/tr\/?p=67442","name":"Avrupa Parlamentosu Milletvekili: Da\u011fl\u0131k Karaba\u011f'\u0131n kadim halk\u0131n\u0131n hayat\u0131 tehlikede - Bati Ermenistan Ve Bati Ermenileri Sorunlari Ara\u015ftirmalar Merkezi","isPartOf":{"@id":"https:\/\/akunq.net\/tr\/#website"},"primaryImageOfPage":{"@id":"https:\/\/akunq.net\/tr\/?p=67442#primaryimage"},"image":{"@id":"https:\/\/akunq.net\/tr\/?p=67442#primaryimage"},"thumbnailUrl":"https:\/\/akunq.net\/tr\/wp-content\/uploads\/sites\/6\/2022\/03\/Peter-van-Dalen.jpg","datePublished":"2022-03-11T07:58:52+00:00","author":{"@id":"https:\/\/akunq.net\/tr\/#\/schema\/person\/096f1d38a12cce57fb855b485ed24c9e"},"breadcrumb":{"@id":"https:\/\/akunq.net\/tr\/?p=67442#breadcrumb"},"inLanguage":"en-US","potentialAction":[{"@type":"ReadAction","target":["https:\/\/akunq.net\/tr\/?p=67442"]}]},{"@type":"ImageObject","inLanguage":"en-US","@id":"https:\/\/akunq.net\/tr\/?p=67442#primaryimage","url":"https:\/\/akunq.net\/tr\/wp-content\/uploads\/sites\/6\/2022\/03\/Peter-van-Dalen.jpg","contentUrl":"https:\/\/akunq.net\/tr\/wp-content\/uploads\/sites\/6\/2022\/03\/Peter-van-Dalen.jpg","width":670,"height":450},{"@type":"BreadcrumbList","@id":"https:\/\/akunq.net\/tr\/?p=67442#breadcrumb","itemListElement":[{"@type":"ListItem","position":1,"name":"Home","item":"https:\/\/akunq.net\/tr"},{"@type":"ListItem","position":2,"name":"Avrupa Parlamentosu Milletvekili: Da\u011fl\u0131k Karaba\u011f&#8217;\u0131n kadim halk\u0131n\u0131n hayat\u0131 tehlikede"}]},{"@type":"WebSite","@id":"https:\/\/akunq.net\/tr\/#website","url":"https:\/\/akunq.net\/tr\/","name":"Bati Ermenistan Ve Bati Ermenileri Sorunlari Ara\u015ftirmalar Merkezi","description":"","potentialAction":[{"@type":"SearchAction","target":{"@type":"EntryPoint","urlTemplate":"https:\/\/akunq.net\/tr\/?s={search_term_string}"},"query-input":{"@type":"PropertyValueSpecification","valueRequired":true,"valueName":"search_term_string"}}],"inLanguage":"en-US"},{"@type":"Person","@id":"https:\/\/akunq.net\/tr\/#\/schema\/person\/096f1d38a12cce57fb855b485ed24c9e","name":"admin","url":"https:\/\/akunq.net\/tr\/?author=7"}]}},"_links":{"self":[{"href":"https:\/\/akunq.net\/tr\/index.php?rest_route=\/wp\/v2\/posts\/67442","targetHints":{"allow":["GET"]}}],"collection":[{"href":"https:\/\/akunq.net\/tr\/index.php?rest_route=\/wp\/v2\/posts"}],"about":[{"href":"https:\/\/akunq.net\/tr\/index.php?rest_route=\/wp\/v2\/types\/post"}],"author":[{"embeddable":true,"href":"https:\/\/akunq.net\/tr\/index.php?rest_route=\/wp\/v2\/users\/7"}],"replies":[{"embeddable":true,"href":"https:\/\/akunq.net\/tr\/index.php?rest_route=%2Fwp%2Fv2%2Fcomments&post=67442"}],"version-history":[{"count":1,"href":"https:\/\/akunq.net\/tr\/index.php?rest_route=\/wp\/v2\/posts\/67442\/revisions"}],"predecessor-version":[{"id":67444,"href":"https:\/\/akunq.net\/tr\/index.php?rest_route=\/wp\/v2\/posts\/67442\/revisions\/67444"}],"wp:featuredmedia":[{"embeddable":true,"href":"https:\/\/akunq.net\/tr\/index.php?rest_route=\/wp\/v2\/media\/67443"}],"wp:attachment":[{"href":"https:\/\/akunq.net\/tr\/index.php?rest_route=%2Fwp%2Fv2%2Fmedia&parent=67442"}],"wp:term":[{"taxonomy":"category","embeddable":true,"href":"https:\/\/akunq.net\/tr\/index.php?rest_route=%2Fwp%2Fv2%2Fcategories&post=67442"},{"taxonomy":"post_tag","embeddable":true,"href":"https:\/\/akunq.net\/tr\/index.php?rest_route=%2Fwp%2Fv2%2Ftags&post=67442"}],"curies":[{"name":"wp","href":"https:\/\/api.w.org\/{rel}","templated":true}]}}