{"id":67438,"date":"2022-03-11T02:52:39","date_gmt":"2022-03-11T07:52:39","guid":{"rendered":"https:\/\/akunq.net\/tr\/?p=67438"},"modified":"2022-03-11T02:52:39","modified_gmt":"2022-03-11T07:52:39","slug":"avrupa-parlamentosu-daglik-karabagin-artsakh-akunq-web-sitesi-kulturel-mirasinin-yok-edilmesini-kinayan-karari-kabul-etti","status":"publish","type":"post","link":"https:\/\/akunq.net\/tr\/?p=67438","title":{"rendered":"Avrupa Parlamentosu Da\u011fl\u0131k Karaba\u011f&#8217;\u0131n (Artsakh-&#8216;Akunq&#8217; web sitesi) k\u00fclt\u00fcrel miras\u0131n\u0131n yok edilmesini k\u0131nayan karar\u0131 kabul etti"},"content":{"rendered":"<div class=\"html-content\">\n<p><img loading=\"lazy\" decoding=\"async\" class=\"aligncenter size-medium wp-image-67439\" src=\"https:\/\/akunq.net\/tr\/wp-content\/uploads\/2022\/03\/Avrupa-Parlamentosu-360x242.jpg\" alt=\"\" width=\"360\" height=\"242\" srcset=\"https:\/\/akunq.net\/tr\/wp-content\/uploads\/sites\/6\/2022\/03\/Avrupa-Parlamentosu-360x242.jpg 360w, https:\/\/akunq.net\/tr\/wp-content\/uploads\/sites\/6\/2022\/03\/Avrupa-Parlamentosu-560x376.jpg 560w, https:\/\/akunq.net\/tr\/wp-content\/uploads\/sites\/6\/2022\/03\/Avrupa-Parlamentosu-260x175.jpg 260w, https:\/\/akunq.net\/tr\/wp-content\/uploads\/sites\/6\/2022\/03\/Avrupa-Parlamentosu-160x107.jpg 160w, https:\/\/akunq.net\/tr\/wp-content\/uploads\/sites\/6\/2022\/03\/Avrupa-Parlamentosu.jpg 670w\" sizes=\"auto, (max-width: 360px) 100vw, 360px\" \/><\/p>\n<p><strong><em>Avrupa Parlamentosu Da\u011fl\u0131k Karaba\u011f&#8217;daki (Artsakh-&#8216;Akunq&#8217; web sitesi) k\u00fclt\u00fcrel miras\u0131n yok edilmesine ili\u015fkin bir karar kabul etti, Armenpress haber ajans\u0131n\u0131n aktard\u0131\u011f\u0131 bilgilere g\u00f6re 635 lehte, 2 aleyhte ve 42 \u00e7ekimser oyla karar kabul edildi.<\/em><\/strong><\/p>\n<p>Azerbaycan&#8217;\u0131n son otuz y\u0131lda, \u00f6zellikle 89 Ermeni kilisesinin, 20.000 mezar\u0131n ve 5.000&#8217;den fazla mezar ta\u015f\u0131n\u0131n tahrip edildi\u011fi Nah\u00e7\u0131van \u00d6zerk Cumhuriyeti&#8217;nde, dini ve k\u00fclt\u00fcrel miras\u0131n geri d\u00f6n\u00fc\u015f\u00fc olmayan bir \u015fekilde yok edildi\u011fini belirtiliyor.<\/p>\n<p>Kararda, Da\u011fl\u0131k Karaba\u011f&#8217;daki Ermeni k\u00fclt\u00fcr miras\u0131n\u0131n izlerinin yok edilmesinin sadece onu tahrip etmek veya yok etmek i\u00e7in de\u011fil, ayn\u0131 zamanda s\u00f6zde Alban miras\u0131 olarak sunularak tarihi \u00e7arp\u0131tmak i\u00e7in yap\u0131ld\u0131\u011f\u0131 vurguland\u0131.<\/p>\n<p>3 \u015eubat 2022 tarihinde Azerbaycan K\u00fclt\u00fcr Bakan\u0131 Anar Kerimov, &#8220;Ermenilerin Arnavut dini tap\u0131naklar\u0131nda eklediklkeri izleri&#8221; ortadan kald\u0131rmakla sorumlu bir \u00e7al\u0131\u015fma grubu kuruldu\u011funu duyurmu\u015ftu.<\/p>\n<p>Kararda Ermeni k\u00fclt\u00fcrel miras\u0131n\u0131n ortadan kald\u0131r\u0131lmas\u0131n\u0131n, Azerbaycan makamlar\u0131 taraf\u0131ndan te\u015fvik edilen, daha geni\u015f, sistematik, devlet d\u00fczeyinde bir Ermeni kar\u015f\u0131tl\u0131\u011f\u0131, Ermeni nefreti politikas\u0131n\u0131n bir par\u00e7as\u0131 oldu\u011funu kabul ediyor ve Azerbaycan Cumhuriyeti\u2019nin, G\u00fcney Kafkasya&#8217;da bar\u0131\u015f ve g\u00fcvenli\u011fi tehdit eti\u011fini ifade ediliyor.<\/p>\n<p>Ayr\u0131ca, karar Azerbaycan&#8217;\u0131 a\u00e7\u0131r\u0131c\u0131 hedeflerinden, sald\u0131rgan yakla\u015f\u0131mlar\u0131ndan, Ermenistan&#8217;a y\u00f6nelik toprak iddialar\u0131ndan vazge\u00e7meye ve AG\u0130T Minsk Grubu himayesinde Da\u011fl\u0131k Karaba\u011f&#8217;\u0131n nihai stat\u00fcs\u00fcne ili\u015fkin m\u00fczakerelere iyi niyetle kat\u0131lmaya \u00e7a\u011f\u0131r\u0131yor.<\/p>\n<\/div>\n<div class=\"current-author fl cb\"><em><strong><a class=\"a-none\" href=\"https:\/\/www.ermenihaber.am\/tr\/news\/2022\/03\/11\/Avrupa-Parlamentosu-Da%C4%9Fl%C4%B1k-Karaba%C4%9F-k%C3%BClt%C3%BCrel-miras%C4%B1\/227054\">Ermenihaber.am<\/a><\/strong><\/em><\/div>\n<div class=\"cb\"><\/div>\n<div class=\"current-socials\">\n<div id=\"st-1\" class=\"sharethis-inline-share-buttons st-left  st-inline-share-buttons st-animated\">\n<div class=\"st-btn\" data-network=\"email\"><\/div>\n<div class=\"st-btn st-last\" data-network=\"sharethis\"><\/div>\n<\/div>\n<\/div>\n","protected":false},"excerpt":{"rendered":"<p>Avrupa Parlamentosu Da\u011fl\u0131k Karaba\u011f&#8217;daki (Artsakh-&#8216;Akunq&#8217; web sitesi) k\u00fclt\u00fcrel miras\u0131n yok edilmesine ili\u015fkin bir karar kabul etti, Armenpress haber ajans\u0131n\u0131n aktard\u0131\u011f\u0131 bilgilere g\u00f6re 635 lehte, 2 aleyhte ve 42 \u00e7ekimser oyla karar kabul edildi. Azerbaycan&#8217;\u0131n son otuz y\u0131lda, \u00f6zellikle 89 Ermeni kilisesinin, 20.000 mezar\u0131n ve 5.000&#8217;den fazla mezar ta\u015f\u0131n\u0131n tahrip edildi\u011fi Nah\u00e7\u0131van \u00d6zerk Cumhuriyeti&#8217;nde, dini ve [&hellip;]<\/p>\n","protected":false},"author":7,"featured_media":67439,"comment_status":"open","ping_status":"open","sticky":false,"template":"","format":"standard","meta":{"footnotes":""},"categories":[1],"tags":[],"class_list":["post-67438","post","type-post","status-publish","format-standard","has-post-thumbnail","hentry","category-haberler"],"yoast_head":"<!-- This site is optimized with the Yoast SEO plugin v27.4 - https:\/\/yoast.com\/product\/yoast-seo-wordpress\/ -->\n<title>Avrupa Parlamentosu Da\u011fl\u0131k Karaba\u011f&#039;\u0131n (Artsakh-&#039;Akunq&#039; web sitesi) k\u00fclt\u00fcrel miras\u0131n\u0131n yok edilmesini k\u0131nayan karar\u0131 kabul etti - Bati Ermenistan Ve Bati Ermenileri Sorunlari Ara\u015ftirmalar Merkezi<\/title>\n<meta name=\"robots\" content=\"index, follow, max-snippet:-1, max-image-preview:large, max-video-preview:-1\" \/>\n<link rel=\"canonical\" href=\"https:\/\/akunq.net\/tr\/?p=67438\" \/>\n<meta property=\"og:locale\" content=\"en_US\" \/>\n<meta property=\"og:type\" content=\"article\" \/>\n<meta property=\"og:title\" content=\"Avrupa Parlamentosu Da\u011fl\u0131k Karaba\u011f&#039;\u0131n (Artsakh-&#039;Akunq&#039; web sitesi) k\u00fclt\u00fcrel miras\u0131n\u0131n yok edilmesini k\u0131nayan karar\u0131 kabul etti - Bati Ermenistan Ve Bati Ermenileri Sorunlari Ara\u015ftirmalar Merkezi\" \/>\n<meta property=\"og:description\" content=\"Avrupa Parlamentosu Da\u011fl\u0131k Karaba\u011f&#8217;daki (Artsakh-&#8216;Akunq&#8217; web sitesi) k\u00fclt\u00fcrel miras\u0131n yok edilmesine ili\u015fkin bir karar kabul etti, Armenpress haber ajans\u0131n\u0131n aktard\u0131\u011f\u0131 bilgilere g\u00f6re 635 lehte, 2 aleyhte ve 42 \u00e7ekimser oyla karar kabul edildi. Azerbaycan&#8217;\u0131n son otuz y\u0131lda, \u00f6zellikle 89 Ermeni kilisesinin, 20.000 mezar\u0131n ve 5.000&#8217;den fazla mezar ta\u015f\u0131n\u0131n tahrip edildi\u011fi Nah\u00e7\u0131van \u00d6zerk Cumhuriyeti&#8217;nde, dini ve [&hellip;]\" \/>\n<meta property=\"og:url\" content=\"https:\/\/akunq.net\/tr\/?p=67438\" \/>\n<meta property=\"og:site_name\" content=\"Bati Ermenistan Ve Bati Ermenileri Sorunlari Ara\u015ftirmalar Merkezi\" \/>\n<meta property=\"article:published_time\" content=\"2022-03-11T07:52:39+00:00\" \/>\n<meta property=\"og:image\" content=\"https:\/\/akunq.net\/tr\/wp-content\/uploads\/sites\/6\/2022\/03\/Avrupa-Parlamentosu.jpg\" \/>\n\t<meta property=\"og:image:width\" content=\"670\" \/>\n\t<meta property=\"og:image:height\" content=\"450\" \/>\n\t<meta property=\"og:image:type\" content=\"image\/jpeg\" \/>\n<meta name=\"author\" content=\"admin\" \/>\n<meta name=\"twitter:card\" content=\"summary_large_image\" \/>\n<meta name=\"twitter:label1\" content=\"Written by\" \/>\n\t<meta name=\"twitter:data1\" content=\"admin\" \/>\n\t<meta name=\"twitter:label2\" content=\"Est. reading time\" \/>\n\t<meta name=\"twitter:data2\" content=\"1 minute\" \/>\n<script type=\"application\/ld+json\" class=\"yoast-schema-graph\">{\"@context\":\"https:\\\/\\\/schema.org\",\"@graph\":[{\"@type\":\"Article\",\"@id\":\"https:\\\/\\\/akunq.net\\\/tr\\\/?p=67438#article\",\"isPartOf\":{\"@id\":\"https:\\\/\\\/akunq.net\\\/tr\\\/?p=67438\"},\"author\":{\"name\":\"admin\",\"@id\":\"https:\\\/\\\/akunq.net\\\/tr\\\/#\\\/schema\\\/person\\\/096f1d38a12cce57fb855b485ed24c9e\"},\"headline\":\"Avrupa Parlamentosu Da\u011fl\u0131k Karaba\u011f&#8217;\u0131n (Artsakh-&#8216;Akunq&#8217; web sitesi) k\u00fclt\u00fcrel miras\u0131n\u0131n yok edilmesini k\u0131nayan karar\u0131 kabul etti\",\"datePublished\":\"2022-03-11T07:52:39+00:00\",\"mainEntityOfPage\":{\"@id\":\"https:\\\/\\\/akunq.net\\\/tr\\\/?p=67438\"},\"wordCount\":288,\"commentCount\":0,\"image\":{\"@id\":\"https:\\\/\\\/akunq.net\\\/tr\\\/?p=67438#primaryimage\"},\"thumbnailUrl\":\"https:\\\/\\\/akunq.net\\\/tr\\\/wp-content\\\/uploads\\\/sites\\\/6\\\/2022\\\/03\\\/Avrupa-Parlamentosu.jpg\",\"articleSection\":[\"Haberler\"],\"inLanguage\":\"en-US\",\"potentialAction\":[{\"@type\":\"CommentAction\",\"name\":\"Comment\",\"target\":[\"https:\\\/\\\/akunq.net\\\/tr\\\/?p=67438#respond\"]}]},{\"@type\":\"WebPage\",\"@id\":\"https:\\\/\\\/akunq.net\\\/tr\\\/?p=67438\",\"url\":\"https:\\\/\\\/akunq.net\\\/tr\\\/?p=67438\",\"name\":\"Avrupa Parlamentosu Da\u011fl\u0131k Karaba\u011f'\u0131n (Artsakh-'Akunq' web sitesi) k\u00fclt\u00fcrel miras\u0131n\u0131n yok edilmesini k\u0131nayan karar\u0131 kabul etti - Bati Ermenistan Ve Bati Ermenileri Sorunlari Ara\u015ftirmalar Merkezi\",\"isPartOf\":{\"@id\":\"https:\\\/\\\/akunq.net\\\/tr\\\/#website\"},\"primaryImageOfPage\":{\"@id\":\"https:\\\/\\\/akunq.net\\\/tr\\\/?p=67438#primaryimage\"},\"image\":{\"@id\":\"https:\\\/\\\/akunq.net\\\/tr\\\/?p=67438#primaryimage\"},\"thumbnailUrl\":\"https:\\\/\\\/akunq.net\\\/tr\\\/wp-content\\\/uploads\\\/sites\\\/6\\\/2022\\\/03\\\/Avrupa-Parlamentosu.jpg\",\"datePublished\":\"2022-03-11T07:52:39+00:00\",\"author\":{\"@id\":\"https:\\\/\\\/akunq.net\\\/tr\\\/#\\\/schema\\\/person\\\/096f1d38a12cce57fb855b485ed24c9e\"},\"breadcrumb\":{\"@id\":\"https:\\\/\\\/akunq.net\\\/tr\\\/?p=67438#breadcrumb\"},\"inLanguage\":\"en-US\",\"potentialAction\":[{\"@type\":\"ReadAction\",\"target\":[\"https:\\\/\\\/akunq.net\\\/tr\\\/?p=67438\"]}]},{\"@type\":\"ImageObject\",\"inLanguage\":\"en-US\",\"@id\":\"https:\\\/\\\/akunq.net\\\/tr\\\/?p=67438#primaryimage\",\"url\":\"https:\\\/\\\/akunq.net\\\/tr\\\/wp-content\\\/uploads\\\/sites\\\/6\\\/2022\\\/03\\\/Avrupa-Parlamentosu.jpg\",\"contentUrl\":\"https:\\\/\\\/akunq.net\\\/tr\\\/wp-content\\\/uploads\\\/sites\\\/6\\\/2022\\\/03\\\/Avrupa-Parlamentosu.jpg\",\"width\":670,\"height\":450},{\"@type\":\"BreadcrumbList\",\"@id\":\"https:\\\/\\\/akunq.net\\\/tr\\\/?p=67438#breadcrumb\",\"itemListElement\":[{\"@type\":\"ListItem\",\"position\":1,\"name\":\"Home\",\"item\":\"https:\\\/\\\/akunq.net\\\/tr\"},{\"@type\":\"ListItem\",\"position\":2,\"name\":\"Avrupa Parlamentosu Da\u011fl\u0131k Karaba\u011f&#8217;\u0131n (Artsakh-&#8216;Akunq&#8217; web sitesi) k\u00fclt\u00fcrel miras\u0131n\u0131n yok edilmesini k\u0131nayan karar\u0131 kabul etti\"}]},{\"@type\":\"WebSite\",\"@id\":\"https:\\\/\\\/akunq.net\\\/tr\\\/#website\",\"url\":\"https:\\\/\\\/akunq.net\\\/tr\\\/\",\"name\":\"Bati Ermenistan Ve Bati Ermenileri Sorunlari Ara\u015ftirmalar Merkezi\",\"description\":\"\",\"potentialAction\":[{\"@type\":\"SearchAction\",\"target\":{\"@type\":\"EntryPoint\",\"urlTemplate\":\"https:\\\/\\\/akunq.net\\\/tr\\\/?s={search_term_string}\"},\"query-input\":{\"@type\":\"PropertyValueSpecification\",\"valueRequired\":true,\"valueName\":\"search_term_string\"}}],\"inLanguage\":\"en-US\"},{\"@type\":\"Person\",\"@id\":\"https:\\\/\\\/akunq.net\\\/tr\\\/#\\\/schema\\\/person\\\/096f1d38a12cce57fb855b485ed24c9e\",\"name\":\"admin\",\"url\":\"https:\\\/\\\/akunq.net\\\/tr\\\/?author=7\"}]}<\/script>\n<!-- \/ Yoast SEO plugin. -->","yoast_head_json":{"title":"Avrupa Parlamentosu Da\u011fl\u0131k Karaba\u011f'\u0131n (Artsakh-'Akunq' web sitesi) k\u00fclt\u00fcrel miras\u0131n\u0131n yok edilmesini k\u0131nayan karar\u0131 kabul etti - Bati Ermenistan Ve Bati Ermenileri Sorunlari Ara\u015ftirmalar Merkezi","robots":{"index":"index","follow":"follow","max-snippet":"max-snippet:-1","max-image-preview":"max-image-preview:large","max-video-preview":"max-video-preview:-1"},"canonical":"https:\/\/akunq.net\/tr\/?p=67438","og_locale":"en_US","og_type":"article","og_title":"Avrupa Parlamentosu Da\u011fl\u0131k Karaba\u011f'\u0131n (Artsakh-'Akunq' web sitesi) k\u00fclt\u00fcrel miras\u0131n\u0131n yok edilmesini k\u0131nayan karar\u0131 kabul etti - Bati Ermenistan Ve Bati Ermenileri Sorunlari Ara\u015ftirmalar Merkezi","og_description":"Avrupa Parlamentosu Da\u011fl\u0131k Karaba\u011f&#8217;daki (Artsakh-&#8216;Akunq&#8217; web sitesi) k\u00fclt\u00fcrel miras\u0131n yok edilmesine ili\u015fkin bir karar kabul etti, Armenpress haber ajans\u0131n\u0131n aktard\u0131\u011f\u0131 bilgilere g\u00f6re 635 lehte, 2 aleyhte ve 42 \u00e7ekimser oyla karar kabul edildi. Azerbaycan&#8217;\u0131n son otuz y\u0131lda, \u00f6zellikle 89 Ermeni kilisesinin, 20.000 mezar\u0131n ve 5.000&#8217;den fazla mezar ta\u015f\u0131n\u0131n tahrip edildi\u011fi Nah\u00e7\u0131van \u00d6zerk Cumhuriyeti&#8217;nde, dini ve [&hellip;]","og_url":"https:\/\/akunq.net\/tr\/?p=67438","og_site_name":"Bati Ermenistan Ve Bati Ermenileri Sorunlari Ara\u015ftirmalar Merkezi","article_published_time":"2022-03-11T07:52:39+00:00","og_image":[{"width":670,"height":450,"url":"https:\/\/akunq.net\/tr\/wp-content\/uploads\/sites\/6\/2022\/03\/Avrupa-Parlamentosu.jpg","type":"image\/jpeg"}],"author":"admin","twitter_card":"summary_large_image","twitter_misc":{"Written by":"admin","Est. reading time":"1 minute"},"schema":{"@context":"https:\/\/schema.org","@graph":[{"@type":"Article","@id":"https:\/\/akunq.net\/tr\/?p=67438#article","isPartOf":{"@id":"https:\/\/akunq.net\/tr\/?p=67438"},"author":{"name":"admin","@id":"https:\/\/akunq.net\/tr\/#\/schema\/person\/096f1d38a12cce57fb855b485ed24c9e"},"headline":"Avrupa Parlamentosu Da\u011fl\u0131k Karaba\u011f&#8217;\u0131n (Artsakh-&#8216;Akunq&#8217; web sitesi) k\u00fclt\u00fcrel miras\u0131n\u0131n yok edilmesini k\u0131nayan karar\u0131 kabul etti","datePublished":"2022-03-11T07:52:39+00:00","mainEntityOfPage":{"@id":"https:\/\/akunq.net\/tr\/?p=67438"},"wordCount":288,"commentCount":0,"image":{"@id":"https:\/\/akunq.net\/tr\/?p=67438#primaryimage"},"thumbnailUrl":"https:\/\/akunq.net\/tr\/wp-content\/uploads\/sites\/6\/2022\/03\/Avrupa-Parlamentosu.jpg","articleSection":["Haberler"],"inLanguage":"en-US","potentialAction":[{"@type":"CommentAction","name":"Comment","target":["https:\/\/akunq.net\/tr\/?p=67438#respond"]}]},{"@type":"WebPage","@id":"https:\/\/akunq.net\/tr\/?p=67438","url":"https:\/\/akunq.net\/tr\/?p=67438","name":"Avrupa Parlamentosu Da\u011fl\u0131k Karaba\u011f'\u0131n (Artsakh-'Akunq' web sitesi) k\u00fclt\u00fcrel miras\u0131n\u0131n yok edilmesini k\u0131nayan karar\u0131 kabul etti - Bati Ermenistan Ve Bati Ermenileri Sorunlari Ara\u015ftirmalar Merkezi","isPartOf":{"@id":"https:\/\/akunq.net\/tr\/#website"},"primaryImageOfPage":{"@id":"https:\/\/akunq.net\/tr\/?p=67438#primaryimage"},"image":{"@id":"https:\/\/akunq.net\/tr\/?p=67438#primaryimage"},"thumbnailUrl":"https:\/\/akunq.net\/tr\/wp-content\/uploads\/sites\/6\/2022\/03\/Avrupa-Parlamentosu.jpg","datePublished":"2022-03-11T07:52:39+00:00","author":{"@id":"https:\/\/akunq.net\/tr\/#\/schema\/person\/096f1d38a12cce57fb855b485ed24c9e"},"breadcrumb":{"@id":"https:\/\/akunq.net\/tr\/?p=67438#breadcrumb"},"inLanguage":"en-US","potentialAction":[{"@type":"ReadAction","target":["https:\/\/akunq.net\/tr\/?p=67438"]}]},{"@type":"ImageObject","inLanguage":"en-US","@id":"https:\/\/akunq.net\/tr\/?p=67438#primaryimage","url":"https:\/\/akunq.net\/tr\/wp-content\/uploads\/sites\/6\/2022\/03\/Avrupa-Parlamentosu.jpg","contentUrl":"https:\/\/akunq.net\/tr\/wp-content\/uploads\/sites\/6\/2022\/03\/Avrupa-Parlamentosu.jpg","width":670,"height":450},{"@type":"BreadcrumbList","@id":"https:\/\/akunq.net\/tr\/?p=67438#breadcrumb","itemListElement":[{"@type":"ListItem","position":1,"name":"Home","item":"https:\/\/akunq.net\/tr"},{"@type":"ListItem","position":2,"name":"Avrupa Parlamentosu Da\u011fl\u0131k Karaba\u011f&#8217;\u0131n (Artsakh-&#8216;Akunq&#8217; web sitesi) k\u00fclt\u00fcrel miras\u0131n\u0131n yok edilmesini k\u0131nayan karar\u0131 kabul etti"}]},{"@type":"WebSite","@id":"https:\/\/akunq.net\/tr\/#website","url":"https:\/\/akunq.net\/tr\/","name":"Bati Ermenistan Ve Bati Ermenileri Sorunlari Ara\u015ftirmalar Merkezi","description":"","potentialAction":[{"@type":"SearchAction","target":{"@type":"EntryPoint","urlTemplate":"https:\/\/akunq.net\/tr\/?s={search_term_string}"},"query-input":{"@type":"PropertyValueSpecification","valueRequired":true,"valueName":"search_term_string"}}],"inLanguage":"en-US"},{"@type":"Person","@id":"https:\/\/akunq.net\/tr\/#\/schema\/person\/096f1d38a12cce57fb855b485ed24c9e","name":"admin","url":"https:\/\/akunq.net\/tr\/?author=7"}]}},"_links":{"self":[{"href":"https:\/\/akunq.net\/tr\/index.php?rest_route=\/wp\/v2\/posts\/67438","targetHints":{"allow":["GET"]}}],"collection":[{"href":"https:\/\/akunq.net\/tr\/index.php?rest_route=\/wp\/v2\/posts"}],"about":[{"href":"https:\/\/akunq.net\/tr\/index.php?rest_route=\/wp\/v2\/types\/post"}],"author":[{"embeddable":true,"href":"https:\/\/akunq.net\/tr\/index.php?rest_route=\/wp\/v2\/users\/7"}],"replies":[{"embeddable":true,"href":"https:\/\/akunq.net\/tr\/index.php?rest_route=%2Fwp%2Fv2%2Fcomments&post=67438"}],"version-history":[{"count":2,"href":"https:\/\/akunq.net\/tr\/index.php?rest_route=\/wp\/v2\/posts\/67438\/revisions"}],"predecessor-version":[{"id":67441,"href":"https:\/\/akunq.net\/tr\/index.php?rest_route=\/wp\/v2\/posts\/67438\/revisions\/67441"}],"wp:featuredmedia":[{"embeddable":true,"href":"https:\/\/akunq.net\/tr\/index.php?rest_route=\/wp\/v2\/media\/67439"}],"wp:attachment":[{"href":"https:\/\/akunq.net\/tr\/index.php?rest_route=%2Fwp%2Fv2%2Fmedia&parent=67438"}],"wp:term":[{"taxonomy":"category","embeddable":true,"href":"https:\/\/akunq.net\/tr\/index.php?rest_route=%2Fwp%2Fv2%2Fcategories&post=67438"},{"taxonomy":"post_tag","embeddable":true,"href":"https:\/\/akunq.net\/tr\/index.php?rest_route=%2Fwp%2Fv2%2Ftags&post=67438"}],"curies":[{"name":"wp","href":"https:\/\/api.w.org\/{rel}","templated":true}]}}