{"id":67428,"date":"2022-03-10T01:32:43","date_gmt":"2022-03-10T06:32:43","guid":{"rendered":"https:\/\/akunq.net\/tr\/?p=67428"},"modified":"2022-03-10T01:32:43","modified_gmt":"2022-03-10T06:32:43","slug":"sumelada-sona-gelindi-ziyaretci-akini-bekleniyor","status":"publish","type":"post","link":"https:\/\/akunq.net\/tr\/?p=67428","title":{"rendered":"S\u00fcmela\u2019da sona gelindi! Ziyaret\u00e7i ak\u0131n\u0131 bekleniyor"},"content":{"rendered":"<p><img loading=\"lazy\" decoding=\"async\" class=\"aligncenter size-medium wp-image-67429\" src=\"https:\/\/akunq.net\/tr\/wp-content\/uploads\/2022\/03\/S\u00fcmela-307x270.jpg\" alt=\"\" width=\"307\" height=\"270\" srcset=\"https:\/\/akunq.net\/tr\/wp-content\/uploads\/sites\/6\/2022\/03\/S\u00fcmela-307x270.jpg 307w, https:\/\/akunq.net\/tr\/wp-content\/uploads\/sites\/6\/2022\/03\/S\u00fcmela-768x676.jpg 768w, https:\/\/akunq.net\/tr\/wp-content\/uploads\/sites\/6\/2022\/03\/S\u00fcmela-560x493.jpg 560w, https:\/\/akunq.net\/tr\/wp-content\/uploads\/sites\/6\/2022\/03\/S\u00fcmela-260x229.jpg 260w, https:\/\/akunq.net\/tr\/wp-content\/uploads\/sites\/6\/2022\/03\/S\u00fcmela-160x141.jpg 160w, https:\/\/akunq.net\/tr\/wp-content\/uploads\/sites\/6\/2022\/03\/S\u00fcmela.jpg 1200w\" sizes=\"auto, (max-width: 307px) 100vw, 307px\" \/><\/p>\n<p><em><strong>Yap\u0131lan restorasyon \u00e7al\u0131\u015fmalar\u0131 ile ilgili bilgi veren Trabzon Valisi \u0130smail Ustao\u011flu, S\u00fcmela Manast\u0131r\u0131\u2019nda \u00e7al\u0131\u015fmalar\u0131n y\u00fczde 90\u2019l\u0131k k\u0131sm\u0131n\u0131n tamamland\u0131\u011f\u0131n\u0131, kalan k\u00fc\u00e7\u00fck bir k\u0131sm\u0131n ise \u00e7ok k\u0131sa s\u00fcrede tamamlanarak \u00f6n\u00fcm\u00fczdeki g\u00fcnlerde ziyarete a\u00e7\u0131lmas\u0131n\u0131n planland\u0131\u011f\u0131n\u0131 s\u00f6yledi.<\/strong><\/em><\/p>\n<p>22 Eyl\u00fcl 2015 tarihinde restorasyon \u00e7al\u0131\u015fmalar\u0131 nedeniyle ziyarete kapat\u0131lan S\u00fcmela Manast\u0131r\u0131\u2019nda kaya g\u00fc\u00e7lendirme ve restorasyon \u00e7al\u0131\u015fmalar\u0131 2016 y\u0131l\u0131 \u015eubat ay\u0131nda ba\u015flam\u0131\u015ft\u0131. 24 end\u00fcstriyel da\u011fc\u0131 ve 5 m\u00fchendisin bulundu\u011fun ekip ile ba\u015flayan restorasyon \u00e7al\u0131\u015fmalar\u0131nda \u00e7elik halat \u00e7ekme ve sabitlendirme \u00e7al\u0131\u015fmalar\u0131 yap\u0131l\u0131rken b\u00fcy\u00fck boyutlardaki kaya par\u00e7alar\u0131n\u0131n stabilizasyonunun sa\u011flanmas\u0131 ve sabitlenmesi ger\u00e7ekle\u015ftirildi. Restorasyon \u00e7al\u0131\u015fmalar\u0131nda en iyi ve uzun s\u00fcreli g\u00fcvenlik seviyesine ula\u015ft\u0131r\u0131lmas\u0131 i\u00e7in kaya tutucu bariyerler in\u015fa edilirken Manast\u0131r i\u00e7in b\u00fcy\u00fck tehlike olu\u015fturan 10 bin tonluk kaya 16 metrelik demir ile birle\u015ftirilerek sabitlendirildi.<\/p>\n<p><strong>VAL\u0130\u2019DEN A\u00c7IKLAMA<\/strong><\/p>\n<p>S\u00fcmela\u2019da devam eden \u00e7al\u0131\u015fmalar nedeniyle ge\u00e7en y\u0131l\u0131n Kas\u0131m ay\u0131ndan itibaren tekrar ziyarete kapat\u0131l\u0131rken Trabzon Valisi \u0130smail Ustao\u011flu, S\u00fcmela\u2019n\u0131n ziyaret\u00e7ilere a\u00e7\u0131lmas\u0131n\u0131n \u00f6n\u00fcm\u00fczdeki g\u00fcnlerde planland\u0131\u011f\u0131n\u0131 s\u00f6yledi.<\/p>\n<p>A\u00e7\u0131l\u0131\u015f tarihinin Bakanl\u0131k\u00e7a belirlenece\u011fini kaydeden Ustao\u011flu, \u201c\u0130ki y\u0131ld\u0131r ya\u015fad\u0131\u011f\u0131m\u0131z pandemiden sonra bu y\u0131l umutlar\u0131m\u0131z \u00e7ok daha fazla artt\u0131. Ba\u015fta S\u00fcmela olmak \u00fczere ilimizin farkl\u0131 destinasyonlar\u0131n\u0131n bu y\u0131l \u00e7ok daha fazla ziyaret\u00e7i gelece\u011fine inan\u0131yoruz. S\u00fcmela\u2018da 5 y\u0131l\u0131 a\u015fk\u0131n s\u00fcren restorasyonumuz ge\u00e7en y\u0131l y\u00fczde 90 oran\u0131nda tamamlanm\u0131\u015f, sadece k\u00fc\u00e7\u00fck bir k\u0131sm\u0131 kalm\u0131\u015ft\u0131. Ge\u00e7en y\u0131l K\u00fclt\u00fcr ve Turizm Bakan\u0131m\u0131zda gelmi\u015fti a\u00e7\u0131l\u0131\u015f\u0131n\u0131 da Cumhurba\u015fkan\u0131m\u0131z\u0131n video konferans kat\u0131l\u0131m\u0131yla zaten a\u00e7m\u0131\u015ft\u0131k. \u015eimdi 3-4 ayd\u0131r, Kas\u0131m ay\u0131n\u0131n ba\u015f\u0131nda kapatarak \u00e7ok az bir alanda kalan restorasyon ve kaya temizli\u011fi \u00e7al\u0131\u015fmas\u0131 bitiyor. \u0130n\u015fallah \u00f6n\u00fcm\u00fczdeki g\u00fcnlerde K\u00fclt\u00fcr ve Turizm Bakanl\u0131\u011f\u0131m\u0131z, M\u00fczeler Genel M\u00fcd\u00fcrl\u00fc\u011f\u00fcm\u00fcz de takip ediyor s\u00fcreci. Ziyarete tekrar a\u00e7arak in\u015fallah bu y\u0131l oras\u0131 \u00fclke turizmine hizmet verecek. Hava durumunu g\u00f6z \u00f6n\u00fcne al\u0131p bakanl\u0131\u011f\u0131m\u0131z a\u00e7\u0131l\u0131\u015f tarihini a\u00e7\u0131klayacak\u201d diye konu\u015ftu.<\/p>\n<hr \/>\n<p><em><strong><a href=\"https:\/\/www.milliyet.com.tr\/gundem\/sumelada-sona-gelindi-ziyaretci-akini-bekleniyor-6715157\" target=\"_blank\" rel=\"noopener noreferrer\">Milliyet Gazetesi<\/a>\u00a0<\/strong><\/em><\/p>\n","protected":false},"excerpt":{"rendered":"<p>Yap\u0131lan restorasyon \u00e7al\u0131\u015fmalar\u0131 ile ilgili bilgi veren Trabzon Valisi \u0130smail Ustao\u011flu, S\u00fcmela Manast\u0131r\u0131\u2019nda \u00e7al\u0131\u015fmalar\u0131n y\u00fczde 90\u2019l\u0131k k\u0131sm\u0131n\u0131n tamamland\u0131\u011f\u0131n\u0131, kalan k\u00fc\u00e7\u00fck bir k\u0131sm\u0131n ise \u00e7ok k\u0131sa s\u00fcrede tamamlanarak \u00f6n\u00fcm\u00fczdeki g\u00fcnlerde ziyarete a\u00e7\u0131lmas\u0131n\u0131n planland\u0131\u011f\u0131n\u0131 s\u00f6yledi. 22 Eyl\u00fcl 2015 tarihinde restorasyon \u00e7al\u0131\u015fmalar\u0131 nedeniyle ziyarete kapat\u0131lan S\u00fcmela Manast\u0131r\u0131\u2019nda kaya g\u00fc\u00e7lendirme ve restorasyon \u00e7al\u0131\u015fmalar\u0131 2016 y\u0131l\u0131 \u015eubat ay\u0131nda ba\u015flam\u0131\u015ft\u0131. 24 [&hellip;]<\/p>\n","protected":false},"author":7,"featured_media":67429,"comment_status":"open","ping_status":"open","sticky":false,"template":"","format":"standard","meta":{"footnotes":""},"categories":[1],"tags":[],"class_list":["post-67428","post","type-post","status-publish","format-standard","has-post-thumbnail","hentry","category-haberler"],"yoast_head":"<!-- This site is optimized with the Yoast SEO plugin v27.4 - https:\/\/yoast.com\/product\/yoast-seo-wordpress\/ -->\n<title>S\u00fcmela\u2019da sona gelindi! Ziyaret\u00e7i ak\u0131n\u0131 bekleniyor - Bati Ermenistan Ve Bati Ermenileri Sorunlari Ara\u015ftirmalar Merkezi<\/title>\n<meta name=\"robots\" content=\"index, follow, max-snippet:-1, max-image-preview:large, max-video-preview:-1\" \/>\n<link rel=\"canonical\" href=\"https:\/\/akunq.net\/tr\/?p=67428\" \/>\n<meta property=\"og:locale\" content=\"en_US\" \/>\n<meta property=\"og:type\" content=\"article\" \/>\n<meta property=\"og:title\" content=\"S\u00fcmela\u2019da sona gelindi! Ziyaret\u00e7i ak\u0131n\u0131 bekleniyor - Bati Ermenistan Ve Bati Ermenileri Sorunlari Ara\u015ftirmalar Merkezi\" \/>\n<meta property=\"og:description\" content=\"Yap\u0131lan restorasyon \u00e7al\u0131\u015fmalar\u0131 ile ilgili bilgi veren Trabzon Valisi \u0130smail Ustao\u011flu, S\u00fcmela Manast\u0131r\u0131\u2019nda \u00e7al\u0131\u015fmalar\u0131n y\u00fczde 90\u2019l\u0131k k\u0131sm\u0131n\u0131n tamamland\u0131\u011f\u0131n\u0131, kalan k\u00fc\u00e7\u00fck bir k\u0131sm\u0131n ise \u00e7ok k\u0131sa s\u00fcrede tamamlanarak \u00f6n\u00fcm\u00fczdeki g\u00fcnlerde ziyarete a\u00e7\u0131lmas\u0131n\u0131n planland\u0131\u011f\u0131n\u0131 s\u00f6yledi. 22 Eyl\u00fcl 2015 tarihinde restorasyon \u00e7al\u0131\u015fmalar\u0131 nedeniyle ziyarete kapat\u0131lan S\u00fcmela Manast\u0131r\u0131\u2019nda kaya g\u00fc\u00e7lendirme ve restorasyon \u00e7al\u0131\u015fmalar\u0131 2016 y\u0131l\u0131 \u015eubat ay\u0131nda ba\u015flam\u0131\u015ft\u0131. 24 [&hellip;]\" \/>\n<meta property=\"og:url\" content=\"https:\/\/akunq.net\/tr\/?p=67428\" \/>\n<meta property=\"og:site_name\" content=\"Bati Ermenistan Ve Bati Ermenileri Sorunlari Ara\u015ftirmalar Merkezi\" \/>\n<meta property=\"article:published_time\" content=\"2022-03-10T06:32:43+00:00\" \/>\n<meta property=\"og:image\" content=\"https:\/\/akunq.net\/tr\/wp-content\/uploads\/sites\/6\/2022\/03\/S\u00fcmela.jpg\" \/>\n\t<meta property=\"og:image:width\" content=\"1200\" \/>\n\t<meta property=\"og:image:height\" content=\"1056\" \/>\n\t<meta property=\"og:image:type\" content=\"image\/jpeg\" \/>\n<meta name=\"author\" content=\"admin\" \/>\n<meta name=\"twitter:card\" content=\"summary_large_image\" \/>\n<meta name=\"twitter:label1\" content=\"Written by\" \/>\n\t<meta name=\"twitter:data1\" content=\"admin\" \/>\n\t<meta name=\"twitter:label2\" content=\"Est. reading time\" \/>\n\t<meta name=\"twitter:data2\" content=\"2 minutes\" \/>\n<script type=\"application\/ld+json\" class=\"yoast-schema-graph\">{\"@context\":\"https:\\\/\\\/schema.org\",\"@graph\":[{\"@type\":\"Article\",\"@id\":\"https:\\\/\\\/akunq.net\\\/tr\\\/?p=67428#article\",\"isPartOf\":{\"@id\":\"https:\\\/\\\/akunq.net\\\/tr\\\/?p=67428\"},\"author\":{\"name\":\"admin\",\"@id\":\"https:\\\/\\\/akunq.net\\\/tr\\\/#\\\/schema\\\/person\\\/096f1d38a12cce57fb855b485ed24c9e\"},\"headline\":\"S\u00fcmela\u2019da sona gelindi! Ziyaret\u00e7i ak\u0131n\u0131 bekleniyor\",\"datePublished\":\"2022-03-10T06:32:43+00:00\",\"mainEntityOfPage\":{\"@id\":\"https:\\\/\\\/akunq.net\\\/tr\\\/?p=67428\"},\"wordCount\":443,\"commentCount\":0,\"image\":{\"@id\":\"https:\\\/\\\/akunq.net\\\/tr\\\/?p=67428#primaryimage\"},\"thumbnailUrl\":\"https:\\\/\\\/akunq.net\\\/tr\\\/wp-content\\\/uploads\\\/sites\\\/6\\\/2022\\\/03\\\/S\u00fcmela.jpg\",\"articleSection\":[\"Haberler\"],\"inLanguage\":\"en-US\",\"potentialAction\":[{\"@type\":\"CommentAction\",\"name\":\"Comment\",\"target\":[\"https:\\\/\\\/akunq.net\\\/tr\\\/?p=67428#respond\"]}]},{\"@type\":\"WebPage\",\"@id\":\"https:\\\/\\\/akunq.net\\\/tr\\\/?p=67428\",\"url\":\"https:\\\/\\\/akunq.net\\\/tr\\\/?p=67428\",\"name\":\"S\u00fcmela\u2019da sona gelindi! Ziyaret\u00e7i ak\u0131n\u0131 bekleniyor - Bati Ermenistan Ve Bati Ermenileri Sorunlari Ara\u015ftirmalar Merkezi\",\"isPartOf\":{\"@id\":\"https:\\\/\\\/akunq.net\\\/tr\\\/#website\"},\"primaryImageOfPage\":{\"@id\":\"https:\\\/\\\/akunq.net\\\/tr\\\/?p=67428#primaryimage\"},\"image\":{\"@id\":\"https:\\\/\\\/akunq.net\\\/tr\\\/?p=67428#primaryimage\"},\"thumbnailUrl\":\"https:\\\/\\\/akunq.net\\\/tr\\\/wp-content\\\/uploads\\\/sites\\\/6\\\/2022\\\/03\\\/S\u00fcmela.jpg\",\"datePublished\":\"2022-03-10T06:32:43+00:00\",\"author\":{\"@id\":\"https:\\\/\\\/akunq.net\\\/tr\\\/#\\\/schema\\\/person\\\/096f1d38a12cce57fb855b485ed24c9e\"},\"breadcrumb\":{\"@id\":\"https:\\\/\\\/akunq.net\\\/tr\\\/?p=67428#breadcrumb\"},\"inLanguage\":\"en-US\",\"potentialAction\":[{\"@type\":\"ReadAction\",\"target\":[\"https:\\\/\\\/akunq.net\\\/tr\\\/?p=67428\"]}]},{\"@type\":\"ImageObject\",\"inLanguage\":\"en-US\",\"@id\":\"https:\\\/\\\/akunq.net\\\/tr\\\/?p=67428#primaryimage\",\"url\":\"https:\\\/\\\/akunq.net\\\/tr\\\/wp-content\\\/uploads\\\/sites\\\/6\\\/2022\\\/03\\\/S\u00fcmela.jpg\",\"contentUrl\":\"https:\\\/\\\/akunq.net\\\/tr\\\/wp-content\\\/uploads\\\/sites\\\/6\\\/2022\\\/03\\\/S\u00fcmela.jpg\",\"width\":1200,\"height\":1056},{\"@type\":\"BreadcrumbList\",\"@id\":\"https:\\\/\\\/akunq.net\\\/tr\\\/?p=67428#breadcrumb\",\"itemListElement\":[{\"@type\":\"ListItem\",\"position\":1,\"name\":\"Home\",\"item\":\"https:\\\/\\\/akunq.net\\\/tr\"},{\"@type\":\"ListItem\",\"position\":2,\"name\":\"S\u00fcmela\u2019da sona gelindi! Ziyaret\u00e7i ak\u0131n\u0131 bekleniyor\"}]},{\"@type\":\"WebSite\",\"@id\":\"https:\\\/\\\/akunq.net\\\/tr\\\/#website\",\"url\":\"https:\\\/\\\/akunq.net\\\/tr\\\/\",\"name\":\"Bati Ermenistan Ve Bati Ermenileri Sorunlari Ara\u015ftirmalar Merkezi\",\"description\":\"\",\"potentialAction\":[{\"@type\":\"SearchAction\",\"target\":{\"@type\":\"EntryPoint\",\"urlTemplate\":\"https:\\\/\\\/akunq.net\\\/tr\\\/?s={search_term_string}\"},\"query-input\":{\"@type\":\"PropertyValueSpecification\",\"valueRequired\":true,\"valueName\":\"search_term_string\"}}],\"inLanguage\":\"en-US\"},{\"@type\":\"Person\",\"@id\":\"https:\\\/\\\/akunq.net\\\/tr\\\/#\\\/schema\\\/person\\\/096f1d38a12cce57fb855b485ed24c9e\",\"name\":\"admin\",\"url\":\"https:\\\/\\\/akunq.net\\\/tr\\\/?author=7\"}]}<\/script>\n<!-- \/ Yoast SEO plugin. -->","yoast_head_json":{"title":"S\u00fcmela\u2019da sona gelindi! Ziyaret\u00e7i ak\u0131n\u0131 bekleniyor - Bati Ermenistan Ve Bati Ermenileri Sorunlari Ara\u015ftirmalar Merkezi","robots":{"index":"index","follow":"follow","max-snippet":"max-snippet:-1","max-image-preview":"max-image-preview:large","max-video-preview":"max-video-preview:-1"},"canonical":"https:\/\/akunq.net\/tr\/?p=67428","og_locale":"en_US","og_type":"article","og_title":"S\u00fcmela\u2019da sona gelindi! Ziyaret\u00e7i ak\u0131n\u0131 bekleniyor - Bati Ermenistan Ve Bati Ermenileri Sorunlari Ara\u015ftirmalar Merkezi","og_description":"Yap\u0131lan restorasyon \u00e7al\u0131\u015fmalar\u0131 ile ilgili bilgi veren Trabzon Valisi \u0130smail Ustao\u011flu, S\u00fcmela Manast\u0131r\u0131\u2019nda \u00e7al\u0131\u015fmalar\u0131n y\u00fczde 90\u2019l\u0131k k\u0131sm\u0131n\u0131n tamamland\u0131\u011f\u0131n\u0131, kalan k\u00fc\u00e7\u00fck bir k\u0131sm\u0131n ise \u00e7ok k\u0131sa s\u00fcrede tamamlanarak \u00f6n\u00fcm\u00fczdeki g\u00fcnlerde ziyarete a\u00e7\u0131lmas\u0131n\u0131n planland\u0131\u011f\u0131n\u0131 s\u00f6yledi. 22 Eyl\u00fcl 2015 tarihinde restorasyon \u00e7al\u0131\u015fmalar\u0131 nedeniyle ziyarete kapat\u0131lan S\u00fcmela Manast\u0131r\u0131\u2019nda kaya g\u00fc\u00e7lendirme ve restorasyon \u00e7al\u0131\u015fmalar\u0131 2016 y\u0131l\u0131 \u015eubat ay\u0131nda ba\u015flam\u0131\u015ft\u0131. 24 [&hellip;]","og_url":"https:\/\/akunq.net\/tr\/?p=67428","og_site_name":"Bati Ermenistan Ve Bati Ermenileri Sorunlari Ara\u015ftirmalar Merkezi","article_published_time":"2022-03-10T06:32:43+00:00","og_image":[{"width":1200,"height":1056,"url":"https:\/\/akunq.net\/tr\/wp-content\/uploads\/sites\/6\/2022\/03\/S\u00fcmela.jpg","type":"image\/jpeg"}],"author":"admin","twitter_card":"summary_large_image","twitter_misc":{"Written by":"admin","Est. reading time":"2 minutes"},"schema":{"@context":"https:\/\/schema.org","@graph":[{"@type":"Article","@id":"https:\/\/akunq.net\/tr\/?p=67428#article","isPartOf":{"@id":"https:\/\/akunq.net\/tr\/?p=67428"},"author":{"name":"admin","@id":"https:\/\/akunq.net\/tr\/#\/schema\/person\/096f1d38a12cce57fb855b485ed24c9e"},"headline":"S\u00fcmela\u2019da sona gelindi! Ziyaret\u00e7i ak\u0131n\u0131 bekleniyor","datePublished":"2022-03-10T06:32:43+00:00","mainEntityOfPage":{"@id":"https:\/\/akunq.net\/tr\/?p=67428"},"wordCount":443,"commentCount":0,"image":{"@id":"https:\/\/akunq.net\/tr\/?p=67428#primaryimage"},"thumbnailUrl":"https:\/\/akunq.net\/tr\/wp-content\/uploads\/sites\/6\/2022\/03\/S\u00fcmela.jpg","articleSection":["Haberler"],"inLanguage":"en-US","potentialAction":[{"@type":"CommentAction","name":"Comment","target":["https:\/\/akunq.net\/tr\/?p=67428#respond"]}]},{"@type":"WebPage","@id":"https:\/\/akunq.net\/tr\/?p=67428","url":"https:\/\/akunq.net\/tr\/?p=67428","name":"S\u00fcmela\u2019da sona gelindi! Ziyaret\u00e7i ak\u0131n\u0131 bekleniyor - Bati Ermenistan Ve Bati Ermenileri Sorunlari Ara\u015ftirmalar Merkezi","isPartOf":{"@id":"https:\/\/akunq.net\/tr\/#website"},"primaryImageOfPage":{"@id":"https:\/\/akunq.net\/tr\/?p=67428#primaryimage"},"image":{"@id":"https:\/\/akunq.net\/tr\/?p=67428#primaryimage"},"thumbnailUrl":"https:\/\/akunq.net\/tr\/wp-content\/uploads\/sites\/6\/2022\/03\/S\u00fcmela.jpg","datePublished":"2022-03-10T06:32:43+00:00","author":{"@id":"https:\/\/akunq.net\/tr\/#\/schema\/person\/096f1d38a12cce57fb855b485ed24c9e"},"breadcrumb":{"@id":"https:\/\/akunq.net\/tr\/?p=67428#breadcrumb"},"inLanguage":"en-US","potentialAction":[{"@type":"ReadAction","target":["https:\/\/akunq.net\/tr\/?p=67428"]}]},{"@type":"ImageObject","inLanguage":"en-US","@id":"https:\/\/akunq.net\/tr\/?p=67428#primaryimage","url":"https:\/\/akunq.net\/tr\/wp-content\/uploads\/sites\/6\/2022\/03\/S\u00fcmela.jpg","contentUrl":"https:\/\/akunq.net\/tr\/wp-content\/uploads\/sites\/6\/2022\/03\/S\u00fcmela.jpg","width":1200,"height":1056},{"@type":"BreadcrumbList","@id":"https:\/\/akunq.net\/tr\/?p=67428#breadcrumb","itemListElement":[{"@type":"ListItem","position":1,"name":"Home","item":"https:\/\/akunq.net\/tr"},{"@type":"ListItem","position":2,"name":"S\u00fcmela\u2019da sona gelindi! Ziyaret\u00e7i ak\u0131n\u0131 bekleniyor"}]},{"@type":"WebSite","@id":"https:\/\/akunq.net\/tr\/#website","url":"https:\/\/akunq.net\/tr\/","name":"Bati Ermenistan Ve Bati Ermenileri Sorunlari Ara\u015ftirmalar Merkezi","description":"","potentialAction":[{"@type":"SearchAction","target":{"@type":"EntryPoint","urlTemplate":"https:\/\/akunq.net\/tr\/?s={search_term_string}"},"query-input":{"@type":"PropertyValueSpecification","valueRequired":true,"valueName":"search_term_string"}}],"inLanguage":"en-US"},{"@type":"Person","@id":"https:\/\/akunq.net\/tr\/#\/schema\/person\/096f1d38a12cce57fb855b485ed24c9e","name":"admin","url":"https:\/\/akunq.net\/tr\/?author=7"}]}},"_links":{"self":[{"href":"https:\/\/akunq.net\/tr\/index.php?rest_route=\/wp\/v2\/posts\/67428","targetHints":{"allow":["GET"]}}],"collection":[{"href":"https:\/\/akunq.net\/tr\/index.php?rest_route=\/wp\/v2\/posts"}],"about":[{"href":"https:\/\/akunq.net\/tr\/index.php?rest_route=\/wp\/v2\/types\/post"}],"author":[{"embeddable":true,"href":"https:\/\/akunq.net\/tr\/index.php?rest_route=\/wp\/v2\/users\/7"}],"replies":[{"embeddable":true,"href":"https:\/\/akunq.net\/tr\/index.php?rest_route=%2Fwp%2Fv2%2Fcomments&post=67428"}],"version-history":[{"count":1,"href":"https:\/\/akunq.net\/tr\/index.php?rest_route=\/wp\/v2\/posts\/67428\/revisions"}],"predecessor-version":[{"id":67430,"href":"https:\/\/akunq.net\/tr\/index.php?rest_route=\/wp\/v2\/posts\/67428\/revisions\/67430"}],"wp:featuredmedia":[{"embeddable":true,"href":"https:\/\/akunq.net\/tr\/index.php?rest_route=\/wp\/v2\/media\/67429"}],"wp:attachment":[{"href":"https:\/\/akunq.net\/tr\/index.php?rest_route=%2Fwp%2Fv2%2Fmedia&parent=67428"}],"wp:term":[{"taxonomy":"category","embeddable":true,"href":"https:\/\/akunq.net\/tr\/index.php?rest_route=%2Fwp%2Fv2%2Fcategories&post=67428"},{"taxonomy":"post_tag","embeddable":true,"href":"https:\/\/akunq.net\/tr\/index.php?rest_route=%2Fwp%2Fv2%2Ftags&post=67428"}],"curies":[{"name":"wp","href":"https:\/\/api.w.org\/{rel}","templated":true}]}}