{"id":67416,"date":"2022-03-09T02:29:37","date_gmt":"2022-03-09T07:29:37","guid":{"rendered":"https:\/\/akunq.net\/tr\/?p=67416"},"modified":"2022-03-09T02:29:37","modified_gmt":"2022-03-09T07:29:37","slug":"kadinlar-polis-saldirisina-ragmen-seslerini-duyurdu","status":"publish","type":"post","link":"https:\/\/akunq.net\/tr\/?p=67416","title":{"rendered":"Kad\u0131nlar polis sald\u0131r\u0131s\u0131na ra\u011fmen seslerini duyurdu"},"content":{"rendered":"<p><img loading=\"lazy\" decoding=\"async\" class=\"aligncenter size-medium wp-image-67417\" src=\"https:\/\/akunq.net\/tr\/wp-content\/uploads\/2022\/03\/8MartYuruyus-360x142.jpg\" alt=\"\" width=\"360\" height=\"142\" srcset=\"https:\/\/akunq.net\/tr\/wp-content\/uploads\/sites\/6\/2022\/03\/8MartYuruyus-360x142.jpg 360w, https:\/\/akunq.net\/tr\/wp-content\/uploads\/sites\/6\/2022\/03\/8MartYuruyus-560x221.jpg 560w, https:\/\/akunq.net\/tr\/wp-content\/uploads\/sites\/6\/2022\/03\/8MartYuruyus-260x103.jpg 260w, https:\/\/akunq.net\/tr\/wp-content\/uploads\/sites\/6\/2022\/03\/8MartYuruyus-160x63.jpg 160w, https:\/\/akunq.net\/tr\/wp-content\/uploads\/sites\/6\/2022\/03\/8MartYuruyus.jpg 679w\" sizes=\"auto, (max-width: 360px) 100vw, 360px\" \/><\/p>\n<p><em><strong>8 Mart D\u00fcnya kad\u0131nlar G\u00fcn\u00fc&#8217;nde \u0130stanbul Valili\u011fi Beyo\u011flu&#8217;ndaki t\u00fcm etkinliklere izin verilmeyece\u011fini duyurmu\u015ftu. Kad\u0131nlar \u00f6nceden ilan ettikleri gibi 19.30&#8217;da Taksim civar\u0131nda biraraya geldi. Polisin biber gaz\u0131 ile sald\u0131rd\u0131\u011f\u0131 gruplar t\u00fcm engellere ra\u011fmen bas\u0131n duyurusunu okudu.<\/strong><\/em><\/p>\n<p>Bu y\u0131l 20&#8217;incisi d\u00fczenlenlenen 8 Mart Feminist Gece Y\u00fcr\u00fcy\u00fc\u015f\u00fc&#8217;n\u00fcn \u0130stanbul Valili\u011fi&#8217;nce yasaklanmas\u0131n\u0131n ard\u0131ndan kad\u0131nlar ak\u015fam saatlerinde Taksim&#8217;in ara sokaklarda toplanmaya ba\u015flad\u0131.<\/p>\n<p>Polis, \u0130stiklal Caddesi&#8217;ne \u00e7\u0131kan b\u00fct\u00fcn sokaklar\u0131 ve Taksim Meydan\u0131&#8217;n\u0131 \u00e7elik bariyerlerle kapatt\u0131.<\/p>\n<p>Buna ra\u011fmen kad\u0131nlar \u00f6\u011flen saatlerinden itibaren Taksim&#8217;in ara sokaklar\u0131n\u0131 doldurmaya ba\u015flad\u0131. Kad\u0131n \u00f6rg\u00fctleri ise saat 19.30&#8217;daki y\u00fcr\u00fcy\u00fc\u015f \u00e7a\u011fr\u0131s\u0131n\u0131 yineledi.<\/p>\n<p>Polis 19.30 sular\u0131nda toplanan kad\u0131nlara biber gaz\u0131 ile sald\u0131rd\u0131. Bu s\u0131rada 1 kad\u0131n bay\u0131ld\u0131.<\/p>\n<p>\u0130stanbul&#8217;un \u00e7e\u015fitli semtlerinde de Taksim&#8217;e ula\u015fmaya \u00e7al\u0131\u015fan kad\u0131nlar g\u00f6zalt\u0131na al\u0131nd\u0131.<\/p>\n<p>Polis sald\u0131r\u0131s\u0131na ra\u011fmen da\u011f\u0131lmayan kad\u0131nlar ve LGBT\u0130+ gruplar Cihangir&#8217;de topland\u0131.<\/p>\n<p>Cihangir Park\u0131&#8217;n\u0131n hemen arkas\u0131nda bir araya gelen kad\u0131nlar bu y\u0131lki bas\u0131n duyurusunu okudu.<\/p>\n<p>A\u00e7\u0131klamada\u00a0&#8220;Patriyarkan\u0131n, kapitalizmin, \u0131rk\u00e7\u0131l\u0131\u011f\u0131n, sava\u015f\u0131n, i\u015fgalin, dini bask\u0131n\u0131n, emek s\u00f6m\u00fcr\u00fcs\u00fcn\u00fcn olmad\u0131\u011f\u0131 e\u015fit ve \u00f6zg\u00fcr bir d\u00fcnya kurmadan feminist isyan bitmeyecek!Ya\u015fas\u0131n Feminist M\u00fccadelemiz&#8221; dendi.<\/p>\n<p><em><strong>(Ajanslar, Bianet, 8 Mart Gece Y\u00fcr\u00fcy\u00fc\u015f\u00fc)\u00a0<\/strong><\/em><\/p>\n<p><em><strong>http:\/\/www.agos.com.tr\/tr\/yazi\/26835\/kadinlar-polis-saldirisina-ragmen-seslerini-duyurdu\u00a0<\/strong><\/em><\/p>\n","protected":false},"excerpt":{"rendered":"<p>8 Mart D\u00fcnya kad\u0131nlar G\u00fcn\u00fc&#8217;nde \u0130stanbul Valili\u011fi Beyo\u011flu&#8217;ndaki t\u00fcm etkinliklere izin verilmeyece\u011fini duyurmu\u015ftu. Kad\u0131nlar \u00f6nceden ilan ettikleri gibi 19.30&#8217;da Taksim civar\u0131nda biraraya geldi. Polisin biber gaz\u0131 ile sald\u0131rd\u0131\u011f\u0131 gruplar t\u00fcm engellere ra\u011fmen bas\u0131n duyurusunu okudu. Bu y\u0131l 20&#8217;incisi d\u00fczenlenlenen 8 Mart Feminist Gece Y\u00fcr\u00fcy\u00fc\u015f\u00fc&#8217;n\u00fcn \u0130stanbul Valili\u011fi&#8217;nce yasaklanmas\u0131n\u0131n ard\u0131ndan kad\u0131nlar ak\u015fam saatlerinde Taksim&#8217;in ara sokaklarda toplanmaya [&hellip;]<\/p>\n","protected":false},"author":7,"featured_media":67417,"comment_status":"open","ping_status":"open","sticky":false,"template":"","format":"standard","meta":{"footnotes":""},"categories":[1],"tags":[],"class_list":["post-67416","post","type-post","status-publish","format-standard","has-post-thumbnail","hentry","category-haberler"],"yoast_head":"<!-- This site is optimized with the Yoast SEO plugin v27.4 - https:\/\/yoast.com\/product\/yoast-seo-wordpress\/ -->\n<title>Kad\u0131nlar polis sald\u0131r\u0131s\u0131na ra\u011fmen seslerini duyurdu - Bati Ermenistan Ve Bati Ermenileri Sorunlari Ara\u015ftirmalar Merkezi<\/title>\n<meta name=\"robots\" content=\"index, follow, max-snippet:-1, max-image-preview:large, max-video-preview:-1\" \/>\n<link rel=\"canonical\" href=\"https:\/\/akunq.net\/tr\/?p=67416\" \/>\n<meta property=\"og:locale\" content=\"en_US\" \/>\n<meta property=\"og:type\" content=\"article\" \/>\n<meta property=\"og:title\" content=\"Kad\u0131nlar polis sald\u0131r\u0131s\u0131na ra\u011fmen seslerini duyurdu - Bati Ermenistan Ve Bati Ermenileri Sorunlari Ara\u015ftirmalar Merkezi\" \/>\n<meta property=\"og:description\" content=\"8 Mart D\u00fcnya kad\u0131nlar G\u00fcn\u00fc&#8217;nde \u0130stanbul Valili\u011fi Beyo\u011flu&#8217;ndaki t\u00fcm etkinliklere izin verilmeyece\u011fini duyurmu\u015ftu. Kad\u0131nlar \u00f6nceden ilan ettikleri gibi 19.30&#8217;da Taksim civar\u0131nda biraraya geldi. Polisin biber gaz\u0131 ile sald\u0131rd\u0131\u011f\u0131 gruplar t\u00fcm engellere ra\u011fmen bas\u0131n duyurusunu okudu. Bu y\u0131l 20&#8217;incisi d\u00fczenlenlenen 8 Mart Feminist Gece Y\u00fcr\u00fcy\u00fc\u015f\u00fc&#8217;n\u00fcn \u0130stanbul Valili\u011fi&#8217;nce yasaklanmas\u0131n\u0131n ard\u0131ndan kad\u0131nlar ak\u015fam saatlerinde Taksim&#8217;in ara sokaklarda toplanmaya [&hellip;]\" \/>\n<meta property=\"og:url\" content=\"https:\/\/akunq.net\/tr\/?p=67416\" \/>\n<meta property=\"og:site_name\" content=\"Bati Ermenistan Ve Bati Ermenileri Sorunlari Ara\u015ftirmalar Merkezi\" \/>\n<meta property=\"article:published_time\" content=\"2022-03-09T07:29:37+00:00\" \/>\n<meta property=\"og:image\" content=\"https:\/\/akunq.net\/tr\/wp-content\/uploads\/sites\/6\/2022\/03\/8MartYuruyus.jpg\" \/>\n\t<meta property=\"og:image:width\" content=\"679\" \/>\n\t<meta property=\"og:image:height\" content=\"268\" \/>\n\t<meta property=\"og:image:type\" content=\"image\/jpeg\" \/>\n<meta name=\"author\" content=\"admin\" \/>\n<meta name=\"twitter:card\" content=\"summary_large_image\" \/>\n<meta name=\"twitter:label1\" content=\"Written by\" \/>\n\t<meta name=\"twitter:data1\" content=\"admin\" \/>\n\t<meta name=\"twitter:label2\" content=\"Est. reading time\" \/>\n\t<meta name=\"twitter:data2\" content=\"1 minute\" \/>\n<script type=\"application\/ld+json\" class=\"yoast-schema-graph\">{\"@context\":\"https:\\\/\\\/schema.org\",\"@graph\":[{\"@type\":\"Article\",\"@id\":\"https:\\\/\\\/akunq.net\\\/tr\\\/?p=67416#article\",\"isPartOf\":{\"@id\":\"https:\\\/\\\/akunq.net\\\/tr\\\/?p=67416\"},\"author\":{\"name\":\"admin\",\"@id\":\"https:\\\/\\\/akunq.net\\\/tr\\\/#\\\/schema\\\/person\\\/096f1d38a12cce57fb855b485ed24c9e\"},\"headline\":\"Kad\u0131nlar polis sald\u0131r\u0131s\u0131na ra\u011fmen seslerini duyurdu\",\"datePublished\":\"2022-03-09T07:29:37+00:00\",\"mainEntityOfPage\":{\"@id\":\"https:\\\/\\\/akunq.net\\\/tr\\\/?p=67416\"},\"wordCount\":266,\"commentCount\":0,\"image\":{\"@id\":\"https:\\\/\\\/akunq.net\\\/tr\\\/?p=67416#primaryimage\"},\"thumbnailUrl\":\"https:\\\/\\\/akunq.net\\\/tr\\\/wp-content\\\/uploads\\\/sites\\\/6\\\/2022\\\/03\\\/8MartYuruyus.jpg\",\"articleSection\":[\"Haberler\"],\"inLanguage\":\"en-US\",\"potentialAction\":[{\"@type\":\"CommentAction\",\"name\":\"Comment\",\"target\":[\"https:\\\/\\\/akunq.net\\\/tr\\\/?p=67416#respond\"]}]},{\"@type\":\"WebPage\",\"@id\":\"https:\\\/\\\/akunq.net\\\/tr\\\/?p=67416\",\"url\":\"https:\\\/\\\/akunq.net\\\/tr\\\/?p=67416\",\"name\":\"Kad\u0131nlar polis sald\u0131r\u0131s\u0131na ra\u011fmen seslerini duyurdu - Bati Ermenistan Ve Bati Ermenileri Sorunlari Ara\u015ftirmalar Merkezi\",\"isPartOf\":{\"@id\":\"https:\\\/\\\/akunq.net\\\/tr\\\/#website\"},\"primaryImageOfPage\":{\"@id\":\"https:\\\/\\\/akunq.net\\\/tr\\\/?p=67416#primaryimage\"},\"image\":{\"@id\":\"https:\\\/\\\/akunq.net\\\/tr\\\/?p=67416#primaryimage\"},\"thumbnailUrl\":\"https:\\\/\\\/akunq.net\\\/tr\\\/wp-content\\\/uploads\\\/sites\\\/6\\\/2022\\\/03\\\/8MartYuruyus.jpg\",\"datePublished\":\"2022-03-09T07:29:37+00:00\",\"author\":{\"@id\":\"https:\\\/\\\/akunq.net\\\/tr\\\/#\\\/schema\\\/person\\\/096f1d38a12cce57fb855b485ed24c9e\"},\"breadcrumb\":{\"@id\":\"https:\\\/\\\/akunq.net\\\/tr\\\/?p=67416#breadcrumb\"},\"inLanguage\":\"en-US\",\"potentialAction\":[{\"@type\":\"ReadAction\",\"target\":[\"https:\\\/\\\/akunq.net\\\/tr\\\/?p=67416\"]}]},{\"@type\":\"ImageObject\",\"inLanguage\":\"en-US\",\"@id\":\"https:\\\/\\\/akunq.net\\\/tr\\\/?p=67416#primaryimage\",\"url\":\"https:\\\/\\\/akunq.net\\\/tr\\\/wp-content\\\/uploads\\\/sites\\\/6\\\/2022\\\/03\\\/8MartYuruyus.jpg\",\"contentUrl\":\"https:\\\/\\\/akunq.net\\\/tr\\\/wp-content\\\/uploads\\\/sites\\\/6\\\/2022\\\/03\\\/8MartYuruyus.jpg\",\"width\":679,\"height\":268},{\"@type\":\"BreadcrumbList\",\"@id\":\"https:\\\/\\\/akunq.net\\\/tr\\\/?p=67416#breadcrumb\",\"itemListElement\":[{\"@type\":\"ListItem\",\"position\":1,\"name\":\"Home\",\"item\":\"https:\\\/\\\/akunq.net\\\/tr\"},{\"@type\":\"ListItem\",\"position\":2,\"name\":\"Kad\u0131nlar polis sald\u0131r\u0131s\u0131na ra\u011fmen seslerini duyurdu\"}]},{\"@type\":\"WebSite\",\"@id\":\"https:\\\/\\\/akunq.net\\\/tr\\\/#website\",\"url\":\"https:\\\/\\\/akunq.net\\\/tr\\\/\",\"name\":\"Bati Ermenistan Ve Bati Ermenileri Sorunlari Ara\u015ftirmalar Merkezi\",\"description\":\"\",\"potentialAction\":[{\"@type\":\"SearchAction\",\"target\":{\"@type\":\"EntryPoint\",\"urlTemplate\":\"https:\\\/\\\/akunq.net\\\/tr\\\/?s={search_term_string}\"},\"query-input\":{\"@type\":\"PropertyValueSpecification\",\"valueRequired\":true,\"valueName\":\"search_term_string\"}}],\"inLanguage\":\"en-US\"},{\"@type\":\"Person\",\"@id\":\"https:\\\/\\\/akunq.net\\\/tr\\\/#\\\/schema\\\/person\\\/096f1d38a12cce57fb855b485ed24c9e\",\"name\":\"admin\",\"url\":\"https:\\\/\\\/akunq.net\\\/tr\\\/?author=7\"}]}<\/script>\n<!-- \/ Yoast SEO plugin. -->","yoast_head_json":{"title":"Kad\u0131nlar polis sald\u0131r\u0131s\u0131na ra\u011fmen seslerini duyurdu - Bati Ermenistan Ve Bati Ermenileri Sorunlari Ara\u015ftirmalar Merkezi","robots":{"index":"index","follow":"follow","max-snippet":"max-snippet:-1","max-image-preview":"max-image-preview:large","max-video-preview":"max-video-preview:-1"},"canonical":"https:\/\/akunq.net\/tr\/?p=67416","og_locale":"en_US","og_type":"article","og_title":"Kad\u0131nlar polis sald\u0131r\u0131s\u0131na ra\u011fmen seslerini duyurdu - Bati Ermenistan Ve Bati Ermenileri Sorunlari Ara\u015ftirmalar Merkezi","og_description":"8 Mart D\u00fcnya kad\u0131nlar G\u00fcn\u00fc&#8217;nde \u0130stanbul Valili\u011fi Beyo\u011flu&#8217;ndaki t\u00fcm etkinliklere izin verilmeyece\u011fini duyurmu\u015ftu. Kad\u0131nlar \u00f6nceden ilan ettikleri gibi 19.30&#8217;da Taksim civar\u0131nda biraraya geldi. Polisin biber gaz\u0131 ile sald\u0131rd\u0131\u011f\u0131 gruplar t\u00fcm engellere ra\u011fmen bas\u0131n duyurusunu okudu. Bu y\u0131l 20&#8217;incisi d\u00fczenlenlenen 8 Mart Feminist Gece Y\u00fcr\u00fcy\u00fc\u015f\u00fc&#8217;n\u00fcn \u0130stanbul Valili\u011fi&#8217;nce yasaklanmas\u0131n\u0131n ard\u0131ndan kad\u0131nlar ak\u015fam saatlerinde Taksim&#8217;in ara sokaklarda toplanmaya [&hellip;]","og_url":"https:\/\/akunq.net\/tr\/?p=67416","og_site_name":"Bati Ermenistan Ve Bati Ermenileri Sorunlari Ara\u015ftirmalar Merkezi","article_published_time":"2022-03-09T07:29:37+00:00","og_image":[{"width":679,"height":268,"url":"https:\/\/akunq.net\/tr\/wp-content\/uploads\/sites\/6\/2022\/03\/8MartYuruyus.jpg","type":"image\/jpeg"}],"author":"admin","twitter_card":"summary_large_image","twitter_misc":{"Written by":"admin","Est. reading time":"1 minute"},"schema":{"@context":"https:\/\/schema.org","@graph":[{"@type":"Article","@id":"https:\/\/akunq.net\/tr\/?p=67416#article","isPartOf":{"@id":"https:\/\/akunq.net\/tr\/?p=67416"},"author":{"name":"admin","@id":"https:\/\/akunq.net\/tr\/#\/schema\/person\/096f1d38a12cce57fb855b485ed24c9e"},"headline":"Kad\u0131nlar polis sald\u0131r\u0131s\u0131na ra\u011fmen seslerini duyurdu","datePublished":"2022-03-09T07:29:37+00:00","mainEntityOfPage":{"@id":"https:\/\/akunq.net\/tr\/?p=67416"},"wordCount":266,"commentCount":0,"image":{"@id":"https:\/\/akunq.net\/tr\/?p=67416#primaryimage"},"thumbnailUrl":"https:\/\/akunq.net\/tr\/wp-content\/uploads\/sites\/6\/2022\/03\/8MartYuruyus.jpg","articleSection":["Haberler"],"inLanguage":"en-US","potentialAction":[{"@type":"CommentAction","name":"Comment","target":["https:\/\/akunq.net\/tr\/?p=67416#respond"]}]},{"@type":"WebPage","@id":"https:\/\/akunq.net\/tr\/?p=67416","url":"https:\/\/akunq.net\/tr\/?p=67416","name":"Kad\u0131nlar polis sald\u0131r\u0131s\u0131na ra\u011fmen seslerini duyurdu - Bati Ermenistan Ve Bati Ermenileri Sorunlari Ara\u015ftirmalar Merkezi","isPartOf":{"@id":"https:\/\/akunq.net\/tr\/#website"},"primaryImageOfPage":{"@id":"https:\/\/akunq.net\/tr\/?p=67416#primaryimage"},"image":{"@id":"https:\/\/akunq.net\/tr\/?p=67416#primaryimage"},"thumbnailUrl":"https:\/\/akunq.net\/tr\/wp-content\/uploads\/sites\/6\/2022\/03\/8MartYuruyus.jpg","datePublished":"2022-03-09T07:29:37+00:00","author":{"@id":"https:\/\/akunq.net\/tr\/#\/schema\/person\/096f1d38a12cce57fb855b485ed24c9e"},"breadcrumb":{"@id":"https:\/\/akunq.net\/tr\/?p=67416#breadcrumb"},"inLanguage":"en-US","potentialAction":[{"@type":"ReadAction","target":["https:\/\/akunq.net\/tr\/?p=67416"]}]},{"@type":"ImageObject","inLanguage":"en-US","@id":"https:\/\/akunq.net\/tr\/?p=67416#primaryimage","url":"https:\/\/akunq.net\/tr\/wp-content\/uploads\/sites\/6\/2022\/03\/8MartYuruyus.jpg","contentUrl":"https:\/\/akunq.net\/tr\/wp-content\/uploads\/sites\/6\/2022\/03\/8MartYuruyus.jpg","width":679,"height":268},{"@type":"BreadcrumbList","@id":"https:\/\/akunq.net\/tr\/?p=67416#breadcrumb","itemListElement":[{"@type":"ListItem","position":1,"name":"Home","item":"https:\/\/akunq.net\/tr"},{"@type":"ListItem","position":2,"name":"Kad\u0131nlar polis sald\u0131r\u0131s\u0131na ra\u011fmen seslerini duyurdu"}]},{"@type":"WebSite","@id":"https:\/\/akunq.net\/tr\/#website","url":"https:\/\/akunq.net\/tr\/","name":"Bati Ermenistan Ve Bati Ermenileri Sorunlari Ara\u015ftirmalar Merkezi","description":"","potentialAction":[{"@type":"SearchAction","target":{"@type":"EntryPoint","urlTemplate":"https:\/\/akunq.net\/tr\/?s={search_term_string}"},"query-input":{"@type":"PropertyValueSpecification","valueRequired":true,"valueName":"search_term_string"}}],"inLanguage":"en-US"},{"@type":"Person","@id":"https:\/\/akunq.net\/tr\/#\/schema\/person\/096f1d38a12cce57fb855b485ed24c9e","name":"admin","url":"https:\/\/akunq.net\/tr\/?author=7"}]}},"_links":{"self":[{"href":"https:\/\/akunq.net\/tr\/index.php?rest_route=\/wp\/v2\/posts\/67416","targetHints":{"allow":["GET"]}}],"collection":[{"href":"https:\/\/akunq.net\/tr\/index.php?rest_route=\/wp\/v2\/posts"}],"about":[{"href":"https:\/\/akunq.net\/tr\/index.php?rest_route=\/wp\/v2\/types\/post"}],"author":[{"embeddable":true,"href":"https:\/\/akunq.net\/tr\/index.php?rest_route=\/wp\/v2\/users\/7"}],"replies":[{"embeddable":true,"href":"https:\/\/akunq.net\/tr\/index.php?rest_route=%2Fwp%2Fv2%2Fcomments&post=67416"}],"version-history":[{"count":1,"href":"https:\/\/akunq.net\/tr\/index.php?rest_route=\/wp\/v2\/posts\/67416\/revisions"}],"predecessor-version":[{"id":67418,"href":"https:\/\/akunq.net\/tr\/index.php?rest_route=\/wp\/v2\/posts\/67416\/revisions\/67418"}],"wp:featuredmedia":[{"embeddable":true,"href":"https:\/\/akunq.net\/tr\/index.php?rest_route=\/wp\/v2\/media\/67417"}],"wp:attachment":[{"href":"https:\/\/akunq.net\/tr\/index.php?rest_route=%2Fwp%2Fv2%2Fmedia&parent=67416"}],"wp:term":[{"taxonomy":"category","embeddable":true,"href":"https:\/\/akunq.net\/tr\/index.php?rest_route=%2Fwp%2Fv2%2Fcategories&post=67416"},{"taxonomy":"post_tag","embeddable":true,"href":"https:\/\/akunq.net\/tr\/index.php?rest_route=%2Fwp%2Fv2%2Ftags&post=67416"}],"curies":[{"name":"wp","href":"https:\/\/api.w.org\/{rel}","templated":true}]}}