{"id":67391,"date":"2022-03-07T01:30:30","date_gmt":"2022-03-07T06:30:30","guid":{"rendered":"https:\/\/akunq.net\/tr\/?p=67391"},"modified":"2022-03-07T01:30:30","modified_gmt":"2022-03-07T06:30:30","slug":"hrant-dink-cinayeti-davasinin-firari-hukumlusu-ahmet-iskender-kirgizistanda-yakalandi","status":"publish","type":"post","link":"https:\/\/akunq.net\/tr\/?p=67391","title":{"rendered":"Hrant Dink cinayeti davas\u0131n\u0131n firari h\u00fck\u00fcml\u00fcs\u00fc Ahmet \u0130skender K\u0131rg\u0131zistan&#8217;da yakaland\u0131"},"content":{"rendered":"<p><strong>Agos gazetesi Genel Yay\u0131n Y\u00f6netmeni Hrant Dink&#8217;in 19 Ocak 2007&#8217;de \u00f6ld\u00fcr\u00fclmesine ili\u015fkin dava kapsam\u0131nda 14 y\u0131l 4 ayl\u0131k hapis cezas\u0131 kesinle\u015fen firari h\u00fck\u00fcml\u00fc Ahmet \u0130skender, K\u0131rg\u0131zistan&#8217;da sahte pasaportla yakaland\u0131.<\/strong><\/p>\n<div class=\"row\">\n<p>K\u0131rg\u0131zistan \u0130\u00e7i\u015fleri Bakanl\u0131\u011f\u0131 Bas\u0131n Merkezi&#8217;nden yap\u0131lan a\u00e7\u0131klamaya g\u00f6re, \u0130\u00e7i\u015fleri Bakanl\u0131\u011f\u0131 A\u015f\u0131r\u0131l\u0131k ve Yasa D\u0131\u015f\u0131 G\u00f6\u00e7le M\u00fccadele g\u00f6revlileri, sahte belge kulland\u0131\u011f\u0131 \u00f6\u011frenilen T\u00fcrkiye Cumhuriyeti vatanda\u015f\u0131 Ahmet \u0130skender&#8217;i (38) g\u00f6zalt\u0131na ald\u0131.<\/p>\n<p>Yap\u0131lan incelemede \u0130skender&#8217;in pasaportu ve ehliyetinin sahte oldu\u011fu tespit edildi, &#8220;organize su\u00e7lara kar\u0131\u015fmak&#8221; ve &#8220;yasa d\u0131\u015f\u0131 silah bulundurmak&#8221; su\u00e7lar\u0131n\u0131n yan\u0131 s\u0131ra gazeteci Hrant Dink cinayetine ili\u015fkin dava kapsam\u0131nda da arama karar\u0131n\u0131n bulundu\u011fu ortaya \u00e7\u0131kt\u0131.<\/p>\n<p>&#8220;Sahte pasaportla \u00fclkeye girmek&#8221; ve &#8220;belgede sahtecilik&#8221; su\u00e7lar\u0131ndan dava a\u00e7\u0131lan \u0130skender&#8217;in Bi\u015fkek Pervomay \u0130l\u00e7e Mahkemesi taraf\u0131ndan iki ay tutuklu kalmas\u0131na h\u00fckmedildi.<\/p>\n<p><strong>Firari h\u00fck\u00fcml\u00fc Ahmet \u0130skender<\/strong><\/p>\n<p>Dink cinayetine bakan \u0130stanbul 14. A\u011f\u0131r Ceza Mahkemesi, 17 Ocak 2012&#8217;de a\u00e7\u0131klad\u0131\u011f\u0131 kararda, di\u011fer san\u0131klarla beraber 24 Ocak 2007&#8217;de tutuklanan Ahmet \u0130skender&#8217;i &#8220;tasarlayarak adam \u00f6ld\u00fcrmeye yard\u0131m etmek&#8221; su\u00e7undan 12 y\u0131l 6 ay hapisle cezaland\u0131rm\u0131\u015ft\u0131.<\/p>\n<p>\u0130skender&#8217;in cezas\u0131, Yarg\u0131tay 9. Ceza Dairesi taraf\u0131ndan 13 May\u0131s 2013&#8217;de onanarak kesinle\u015fmi\u015fti.<\/p>\n<p>\u0130stanbul 14. A\u011f\u0131r Ceza Mahkemesinde devam eden 87 san\u0131kl\u0131 dava kapsam\u0131nda yarg\u0131laman\u0131n s\u00fcr\u00fcncemede kalmamas\u0131 i\u00e7in aralar\u0131nda Og\u00fcn Samast&#8217;\u0131n da bulundu\u011fu 9 san\u0131k hakk\u0131ndaki dosya karara ba\u011flanmak \u00fczere ayr\u0131lm\u0131\u015ft\u0131.<\/p>\n<p>Mahkeme heyeti, 17 Temmuz 2019&#8217;da 9 san\u0131kla ilgili h\u00fck\u00fcm kurmu\u015ftu, 7 san\u0131\u011f\u0131 cezaland\u0131rm\u0131\u015ft\u0131. Bu san\u0131klardan Ahmet \u0130skender, &#8220;silahl\u0131 ter\u00f6r \u00f6rg\u00fct\u00fc \u00fcyeli\u011fi&#8221; su\u00e7undan 1 y\u0131l 10 ay 15 g\u00fcn hapis cezas\u0131na \u00e7arpt\u0131r\u0131lm\u0131\u015ft\u0131. \u0130skender&#8217;in bu cezas\u0131 da kesinle\u015fmi\u015fti. Ahmet \u0130skender&#8217;in yurt d\u0131\u015f\u0131na ka\u00e7t\u0131\u011f\u0131 tespit edilmi\u015fti.<\/p>\n<p>Dink cinayeti davas\u0131, aralar\u0131nda Fetullah G\u00fclen, eski emniyet m\u00fcd\u00fcrleri ve jandarma komutanlar\u0131 dahil 78 san\u0131kl\u0131 olarak devam etmi\u015fti.<\/p>\n<p><em><strong>https:\/\/www.aa.com.tr\/tr\/gundem\/hrant-dink-cinayeti-davasinin-firari-hukumlusu-ahmet-iskender-kirgizistanda-yakalandi\/2524149?fbclid=IwAR0DNIFvhpo0EmECp1OEEKqjEMb_pBgVCElBLvt4uKDGryvLdSV6lOKmJXw<\/strong><\/em><\/p>\n<\/div>\n","protected":false},"excerpt":{"rendered":"<p>Agos gazetesi Genel Yay\u0131n Y\u00f6netmeni Hrant Dink&#8217;in 19 Ocak 2007&#8217;de \u00f6ld\u00fcr\u00fclmesine ili\u015fkin dava kapsam\u0131nda 14 y\u0131l 4 ayl\u0131k hapis cezas\u0131 kesinle\u015fen firari h\u00fck\u00fcml\u00fc Ahmet \u0130skender, K\u0131rg\u0131zistan&#8217;da sahte pasaportla yakaland\u0131. K\u0131rg\u0131zistan \u0130\u00e7i\u015fleri Bakanl\u0131\u011f\u0131 Bas\u0131n Merkezi&#8217;nden yap\u0131lan a\u00e7\u0131klamaya g\u00f6re, \u0130\u00e7i\u015fleri Bakanl\u0131\u011f\u0131 A\u015f\u0131r\u0131l\u0131k ve Yasa D\u0131\u015f\u0131 G\u00f6\u00e7le M\u00fccadele g\u00f6revlileri, sahte belge kulland\u0131\u011f\u0131 \u00f6\u011frenilen T\u00fcrkiye Cumhuriyeti vatanda\u015f\u0131 Ahmet \u0130skender&#8217;i [&hellip;]<\/p>\n","protected":false},"author":7,"featured_media":67392,"comment_status":"open","ping_status":"open","sticky":false,"template":"","format":"standard","meta":{"footnotes":""},"categories":[1],"tags":[],"class_list":["post-67391","post","type-post","status-publish","format-standard","has-post-thumbnail","hentry","category-haberler"],"yoast_head":"<!-- This site is optimized with the Yoast SEO plugin v27.4 - https:\/\/yoast.com\/product\/yoast-seo-wordpress\/ -->\n<title>Hrant Dink cinayeti davas\u0131n\u0131n firari h\u00fck\u00fcml\u00fcs\u00fc Ahmet \u0130skender K\u0131rg\u0131zistan&#039;da yakaland\u0131 - Bati Ermenistan Ve Bati Ermenileri Sorunlari Ara\u015ftirmalar Merkezi<\/title>\n<meta name=\"robots\" content=\"index, follow, max-snippet:-1, max-image-preview:large, max-video-preview:-1\" \/>\n<link rel=\"canonical\" href=\"https:\/\/akunq.net\/tr\/?p=67391\" \/>\n<meta property=\"og:locale\" content=\"en_US\" \/>\n<meta property=\"og:type\" content=\"article\" \/>\n<meta property=\"og:title\" content=\"Hrant Dink cinayeti davas\u0131n\u0131n firari h\u00fck\u00fcml\u00fcs\u00fc Ahmet \u0130skender K\u0131rg\u0131zistan&#039;da yakaland\u0131 - Bati Ermenistan Ve Bati Ermenileri Sorunlari Ara\u015ftirmalar Merkezi\" \/>\n<meta property=\"og:description\" content=\"Agos gazetesi Genel Yay\u0131n Y\u00f6netmeni Hrant Dink&#8217;in 19 Ocak 2007&#8217;de \u00f6ld\u00fcr\u00fclmesine ili\u015fkin dava kapsam\u0131nda 14 y\u0131l 4 ayl\u0131k hapis cezas\u0131 kesinle\u015fen firari h\u00fck\u00fcml\u00fc Ahmet \u0130skender, K\u0131rg\u0131zistan&#8217;da sahte pasaportla yakaland\u0131. K\u0131rg\u0131zistan \u0130\u00e7i\u015fleri Bakanl\u0131\u011f\u0131 Bas\u0131n Merkezi&#8217;nden yap\u0131lan a\u00e7\u0131klamaya g\u00f6re, \u0130\u00e7i\u015fleri Bakanl\u0131\u011f\u0131 A\u015f\u0131r\u0131l\u0131k ve Yasa D\u0131\u015f\u0131 G\u00f6\u00e7le M\u00fccadele g\u00f6revlileri, sahte belge kulland\u0131\u011f\u0131 \u00f6\u011frenilen T\u00fcrkiye Cumhuriyeti vatanda\u015f\u0131 Ahmet \u0130skender&#8217;i [&hellip;]\" \/>\n<meta property=\"og:url\" content=\"https:\/\/akunq.net\/tr\/?p=67391\" \/>\n<meta property=\"og:site_name\" content=\"Bati Ermenistan Ve Bati Ermenileri Sorunlari Ara\u015ftirmalar Merkezi\" \/>\n<meta property=\"article:published_time\" content=\"2022-03-07T06:30:30+00:00\" \/>\n<meta property=\"og:image\" content=\"https:\/\/akunq.net\/tr\/wp-content\/uploads\/sites\/6\/2022\/03\/1054443043_0_0_864_486_1920x0_80_0_0_2547715bb0d0d13171bde4e1466623fb.jpg\" \/>\n\t<meta property=\"og:image:width\" content=\"1920\" \/>\n\t<meta property=\"og:image:height\" content=\"1080\" \/>\n\t<meta property=\"og:image:type\" content=\"image\/jpeg\" \/>\n<meta name=\"author\" content=\"admin\" \/>\n<meta name=\"twitter:card\" content=\"summary_large_image\" \/>\n<meta name=\"twitter:label1\" content=\"Written by\" \/>\n\t<meta name=\"twitter:data1\" content=\"admin\" \/>\n\t<meta name=\"twitter:label2\" content=\"Est. reading time\" \/>\n\t<meta name=\"twitter:data2\" content=\"2 minutes\" \/>\n<script type=\"application\/ld+json\" class=\"yoast-schema-graph\">{\"@context\":\"https:\\\/\\\/schema.org\",\"@graph\":[{\"@type\":\"Article\",\"@id\":\"https:\\\/\\\/akunq.net\\\/tr\\\/?p=67391#article\",\"isPartOf\":{\"@id\":\"https:\\\/\\\/akunq.net\\\/tr\\\/?p=67391\"},\"author\":{\"name\":\"admin\",\"@id\":\"https:\\\/\\\/akunq.net\\\/tr\\\/#\\\/schema\\\/person\\\/096f1d38a12cce57fb855b485ed24c9e\"},\"headline\":\"Hrant Dink cinayeti davas\u0131n\u0131n firari h\u00fck\u00fcml\u00fcs\u00fc Ahmet \u0130skender K\u0131rg\u0131zistan&#8217;da yakaland\u0131\",\"datePublished\":\"2022-03-07T06:30:30+00:00\",\"mainEntityOfPage\":{\"@id\":\"https:\\\/\\\/akunq.net\\\/tr\\\/?p=67391\"},\"wordCount\":377,\"commentCount\":0,\"image\":{\"@id\":\"https:\\\/\\\/akunq.net\\\/tr\\\/?p=67391#primaryimage\"},\"thumbnailUrl\":\"https:\\\/\\\/akunq.net\\\/tr\\\/wp-content\\\/uploads\\\/sites\\\/6\\\/2022\\\/03\\\/1054443043_0_0_864_486_1920x0_80_0_0_2547715bb0d0d13171bde4e1466623fb.jpg\",\"articleSection\":[\"Haberler\"],\"inLanguage\":\"en-US\",\"potentialAction\":[{\"@type\":\"CommentAction\",\"name\":\"Comment\",\"target\":[\"https:\\\/\\\/akunq.net\\\/tr\\\/?p=67391#respond\"]}]},{\"@type\":\"WebPage\",\"@id\":\"https:\\\/\\\/akunq.net\\\/tr\\\/?p=67391\",\"url\":\"https:\\\/\\\/akunq.net\\\/tr\\\/?p=67391\",\"name\":\"Hrant Dink cinayeti davas\u0131n\u0131n firari h\u00fck\u00fcml\u00fcs\u00fc Ahmet \u0130skender K\u0131rg\u0131zistan'da yakaland\u0131 - Bati Ermenistan Ve Bati Ermenileri Sorunlari Ara\u015ftirmalar Merkezi\",\"isPartOf\":{\"@id\":\"https:\\\/\\\/akunq.net\\\/tr\\\/#website\"},\"primaryImageOfPage\":{\"@id\":\"https:\\\/\\\/akunq.net\\\/tr\\\/?p=67391#primaryimage\"},\"image\":{\"@id\":\"https:\\\/\\\/akunq.net\\\/tr\\\/?p=67391#primaryimage\"},\"thumbnailUrl\":\"https:\\\/\\\/akunq.net\\\/tr\\\/wp-content\\\/uploads\\\/sites\\\/6\\\/2022\\\/03\\\/1054443043_0_0_864_486_1920x0_80_0_0_2547715bb0d0d13171bde4e1466623fb.jpg\",\"datePublished\":\"2022-03-07T06:30:30+00:00\",\"author\":{\"@id\":\"https:\\\/\\\/akunq.net\\\/tr\\\/#\\\/schema\\\/person\\\/096f1d38a12cce57fb855b485ed24c9e\"},\"breadcrumb\":{\"@id\":\"https:\\\/\\\/akunq.net\\\/tr\\\/?p=67391#breadcrumb\"},\"inLanguage\":\"en-US\",\"potentialAction\":[{\"@type\":\"ReadAction\",\"target\":[\"https:\\\/\\\/akunq.net\\\/tr\\\/?p=67391\"]}]},{\"@type\":\"ImageObject\",\"inLanguage\":\"en-US\",\"@id\":\"https:\\\/\\\/akunq.net\\\/tr\\\/?p=67391#primaryimage\",\"url\":\"https:\\\/\\\/akunq.net\\\/tr\\\/wp-content\\\/uploads\\\/sites\\\/6\\\/2022\\\/03\\\/1054443043_0_0_864_486_1920x0_80_0_0_2547715bb0d0d13171bde4e1466623fb.jpg\",\"contentUrl\":\"https:\\\/\\\/akunq.net\\\/tr\\\/wp-content\\\/uploads\\\/sites\\\/6\\\/2022\\\/03\\\/1054443043_0_0_864_486_1920x0_80_0_0_2547715bb0d0d13171bde4e1466623fb.jpg\",\"width\":1920,\"height\":1080},{\"@type\":\"BreadcrumbList\",\"@id\":\"https:\\\/\\\/akunq.net\\\/tr\\\/?p=67391#breadcrumb\",\"itemListElement\":[{\"@type\":\"ListItem\",\"position\":1,\"name\":\"Home\",\"item\":\"https:\\\/\\\/akunq.net\\\/tr\"},{\"@type\":\"ListItem\",\"position\":2,\"name\":\"Hrant Dink cinayeti davas\u0131n\u0131n firari h\u00fck\u00fcml\u00fcs\u00fc Ahmet \u0130skender K\u0131rg\u0131zistan&#8217;da yakaland\u0131\"}]},{\"@type\":\"WebSite\",\"@id\":\"https:\\\/\\\/akunq.net\\\/tr\\\/#website\",\"url\":\"https:\\\/\\\/akunq.net\\\/tr\\\/\",\"name\":\"Bati Ermenistan Ve Bati Ermenileri Sorunlari Ara\u015ftirmalar Merkezi\",\"description\":\"\",\"potentialAction\":[{\"@type\":\"SearchAction\",\"target\":{\"@type\":\"EntryPoint\",\"urlTemplate\":\"https:\\\/\\\/akunq.net\\\/tr\\\/?s={search_term_string}\"},\"query-input\":{\"@type\":\"PropertyValueSpecification\",\"valueRequired\":true,\"valueName\":\"search_term_string\"}}],\"inLanguage\":\"en-US\"},{\"@type\":\"Person\",\"@id\":\"https:\\\/\\\/akunq.net\\\/tr\\\/#\\\/schema\\\/person\\\/096f1d38a12cce57fb855b485ed24c9e\",\"name\":\"admin\",\"url\":\"https:\\\/\\\/akunq.net\\\/tr\\\/?author=7\"}]}<\/script>\n<!-- \/ Yoast SEO plugin. -->","yoast_head_json":{"title":"Hrant Dink cinayeti davas\u0131n\u0131n firari h\u00fck\u00fcml\u00fcs\u00fc Ahmet \u0130skender K\u0131rg\u0131zistan'da yakaland\u0131 - Bati Ermenistan Ve Bati Ermenileri Sorunlari Ara\u015ftirmalar Merkezi","robots":{"index":"index","follow":"follow","max-snippet":"max-snippet:-1","max-image-preview":"max-image-preview:large","max-video-preview":"max-video-preview:-1"},"canonical":"https:\/\/akunq.net\/tr\/?p=67391","og_locale":"en_US","og_type":"article","og_title":"Hrant Dink cinayeti davas\u0131n\u0131n firari h\u00fck\u00fcml\u00fcs\u00fc Ahmet \u0130skender K\u0131rg\u0131zistan'da yakaland\u0131 - Bati Ermenistan Ve Bati Ermenileri Sorunlari Ara\u015ftirmalar Merkezi","og_description":"Agos gazetesi Genel Yay\u0131n Y\u00f6netmeni Hrant Dink&#8217;in 19 Ocak 2007&#8217;de \u00f6ld\u00fcr\u00fclmesine ili\u015fkin dava kapsam\u0131nda 14 y\u0131l 4 ayl\u0131k hapis cezas\u0131 kesinle\u015fen firari h\u00fck\u00fcml\u00fc Ahmet \u0130skender, K\u0131rg\u0131zistan&#8217;da sahte pasaportla yakaland\u0131. K\u0131rg\u0131zistan \u0130\u00e7i\u015fleri Bakanl\u0131\u011f\u0131 Bas\u0131n Merkezi&#8217;nden yap\u0131lan a\u00e7\u0131klamaya g\u00f6re, \u0130\u00e7i\u015fleri Bakanl\u0131\u011f\u0131 A\u015f\u0131r\u0131l\u0131k ve Yasa D\u0131\u015f\u0131 G\u00f6\u00e7le M\u00fccadele g\u00f6revlileri, sahte belge kulland\u0131\u011f\u0131 \u00f6\u011frenilen T\u00fcrkiye Cumhuriyeti vatanda\u015f\u0131 Ahmet \u0130skender&#8217;i [&hellip;]","og_url":"https:\/\/akunq.net\/tr\/?p=67391","og_site_name":"Bati Ermenistan Ve Bati Ermenileri Sorunlari Ara\u015ftirmalar Merkezi","article_published_time":"2022-03-07T06:30:30+00:00","og_image":[{"width":1920,"height":1080,"url":"https:\/\/akunq.net\/tr\/wp-content\/uploads\/sites\/6\/2022\/03\/1054443043_0_0_864_486_1920x0_80_0_0_2547715bb0d0d13171bde4e1466623fb.jpg","type":"image\/jpeg"}],"author":"admin","twitter_card":"summary_large_image","twitter_misc":{"Written by":"admin","Est. reading time":"2 minutes"},"schema":{"@context":"https:\/\/schema.org","@graph":[{"@type":"Article","@id":"https:\/\/akunq.net\/tr\/?p=67391#article","isPartOf":{"@id":"https:\/\/akunq.net\/tr\/?p=67391"},"author":{"name":"admin","@id":"https:\/\/akunq.net\/tr\/#\/schema\/person\/096f1d38a12cce57fb855b485ed24c9e"},"headline":"Hrant Dink cinayeti davas\u0131n\u0131n firari h\u00fck\u00fcml\u00fcs\u00fc Ahmet \u0130skender K\u0131rg\u0131zistan&#8217;da yakaland\u0131","datePublished":"2022-03-07T06:30:30+00:00","mainEntityOfPage":{"@id":"https:\/\/akunq.net\/tr\/?p=67391"},"wordCount":377,"commentCount":0,"image":{"@id":"https:\/\/akunq.net\/tr\/?p=67391#primaryimage"},"thumbnailUrl":"https:\/\/akunq.net\/tr\/wp-content\/uploads\/sites\/6\/2022\/03\/1054443043_0_0_864_486_1920x0_80_0_0_2547715bb0d0d13171bde4e1466623fb.jpg","articleSection":["Haberler"],"inLanguage":"en-US","potentialAction":[{"@type":"CommentAction","name":"Comment","target":["https:\/\/akunq.net\/tr\/?p=67391#respond"]}]},{"@type":"WebPage","@id":"https:\/\/akunq.net\/tr\/?p=67391","url":"https:\/\/akunq.net\/tr\/?p=67391","name":"Hrant Dink cinayeti davas\u0131n\u0131n firari h\u00fck\u00fcml\u00fcs\u00fc Ahmet \u0130skender K\u0131rg\u0131zistan'da yakaland\u0131 - Bati Ermenistan Ve Bati Ermenileri Sorunlari Ara\u015ftirmalar Merkezi","isPartOf":{"@id":"https:\/\/akunq.net\/tr\/#website"},"primaryImageOfPage":{"@id":"https:\/\/akunq.net\/tr\/?p=67391#primaryimage"},"image":{"@id":"https:\/\/akunq.net\/tr\/?p=67391#primaryimage"},"thumbnailUrl":"https:\/\/akunq.net\/tr\/wp-content\/uploads\/sites\/6\/2022\/03\/1054443043_0_0_864_486_1920x0_80_0_0_2547715bb0d0d13171bde4e1466623fb.jpg","datePublished":"2022-03-07T06:30:30+00:00","author":{"@id":"https:\/\/akunq.net\/tr\/#\/schema\/person\/096f1d38a12cce57fb855b485ed24c9e"},"breadcrumb":{"@id":"https:\/\/akunq.net\/tr\/?p=67391#breadcrumb"},"inLanguage":"en-US","potentialAction":[{"@type":"ReadAction","target":["https:\/\/akunq.net\/tr\/?p=67391"]}]},{"@type":"ImageObject","inLanguage":"en-US","@id":"https:\/\/akunq.net\/tr\/?p=67391#primaryimage","url":"https:\/\/akunq.net\/tr\/wp-content\/uploads\/sites\/6\/2022\/03\/1054443043_0_0_864_486_1920x0_80_0_0_2547715bb0d0d13171bde4e1466623fb.jpg","contentUrl":"https:\/\/akunq.net\/tr\/wp-content\/uploads\/sites\/6\/2022\/03\/1054443043_0_0_864_486_1920x0_80_0_0_2547715bb0d0d13171bde4e1466623fb.jpg","width":1920,"height":1080},{"@type":"BreadcrumbList","@id":"https:\/\/akunq.net\/tr\/?p=67391#breadcrumb","itemListElement":[{"@type":"ListItem","position":1,"name":"Home","item":"https:\/\/akunq.net\/tr"},{"@type":"ListItem","position":2,"name":"Hrant Dink cinayeti davas\u0131n\u0131n firari h\u00fck\u00fcml\u00fcs\u00fc Ahmet \u0130skender K\u0131rg\u0131zistan&#8217;da yakaland\u0131"}]},{"@type":"WebSite","@id":"https:\/\/akunq.net\/tr\/#website","url":"https:\/\/akunq.net\/tr\/","name":"Bati Ermenistan Ve Bati Ermenileri Sorunlari Ara\u015ftirmalar Merkezi","description":"","potentialAction":[{"@type":"SearchAction","target":{"@type":"EntryPoint","urlTemplate":"https:\/\/akunq.net\/tr\/?s={search_term_string}"},"query-input":{"@type":"PropertyValueSpecification","valueRequired":true,"valueName":"search_term_string"}}],"inLanguage":"en-US"},{"@type":"Person","@id":"https:\/\/akunq.net\/tr\/#\/schema\/person\/096f1d38a12cce57fb855b485ed24c9e","name":"admin","url":"https:\/\/akunq.net\/tr\/?author=7"}]}},"_links":{"self":[{"href":"https:\/\/akunq.net\/tr\/index.php?rest_route=\/wp\/v2\/posts\/67391","targetHints":{"allow":["GET"]}}],"collection":[{"href":"https:\/\/akunq.net\/tr\/index.php?rest_route=\/wp\/v2\/posts"}],"about":[{"href":"https:\/\/akunq.net\/tr\/index.php?rest_route=\/wp\/v2\/types\/post"}],"author":[{"embeddable":true,"href":"https:\/\/akunq.net\/tr\/index.php?rest_route=\/wp\/v2\/users\/7"}],"replies":[{"embeddable":true,"href":"https:\/\/akunq.net\/tr\/index.php?rest_route=%2Fwp%2Fv2%2Fcomments&post=67391"}],"version-history":[{"count":1,"href":"https:\/\/akunq.net\/tr\/index.php?rest_route=\/wp\/v2\/posts\/67391\/revisions"}],"predecessor-version":[{"id":67393,"href":"https:\/\/akunq.net\/tr\/index.php?rest_route=\/wp\/v2\/posts\/67391\/revisions\/67393"}],"wp:featuredmedia":[{"embeddable":true,"href":"https:\/\/akunq.net\/tr\/index.php?rest_route=\/wp\/v2\/media\/67392"}],"wp:attachment":[{"href":"https:\/\/akunq.net\/tr\/index.php?rest_route=%2Fwp%2Fv2%2Fmedia&parent=67391"}],"wp:term":[{"taxonomy":"category","embeddable":true,"href":"https:\/\/akunq.net\/tr\/index.php?rest_route=%2Fwp%2Fv2%2Fcategories&post=67391"},{"taxonomy":"post_tag","embeddable":true,"href":"https:\/\/akunq.net\/tr\/index.php?rest_route=%2Fwp%2Fv2%2Ftags&post=67391"}],"curies":[{"name":"wp","href":"https:\/\/api.w.org\/{rel}","templated":true}]}}