{"id":67388,"date":"2022-03-07T01:27:07","date_gmt":"2022-03-07T06:27:07","guid":{"rendered":"https:\/\/akunq.net\/tr\/?p=67388"},"modified":"2022-03-07T01:27:26","modified_gmt":"2022-03-07T06:27:26","slug":"uluslararasi-ladino-gunu-istanbul-20-mart-2022","status":"publish","type":"post","link":"https:\/\/akunq.net\/tr\/?p=67388","title":{"rendered":"Uluslararas\u0131 Ladino G\u00fcn\u00fc \u0130stanbul: 20 Mart 2022"},"content":{"rendered":"<p><strong>Geleneksel Uluslararas\u0131 Ladino G\u00fcn\u00fc \u0130stanbul bu y\u0131l da pandemi sebebiyle \u00e7evrimi\u00e7i ger\u00e7ekle\u015fiyor. Etkinli\u011fe Zoom \u00fczerinden kat\u0131labilir veya \u0130stanbul Sefarad Merkezi\u2019nin hesab\u0131ndan Facebook\u2019ta canl\u0131 izleyebilirsiniz.<\/strong><\/p>\n<p>Ladino G\u00fcn\u00fc 2022, birka\u00e7 ay \u00f6nce kaybetti\u011fimiz ve \u0130stanbul\u2019da Ladino\u2019nun canl\u0131l\u0131\u011f\u0131 i\u00e7in u\u011fra\u015fan Henri \u00c7iprut an\u0131s\u0131na d\u00fczenleniyor.<\/p>\n<p>15:45\u2019te ba\u015flayacak ve tamamen Ladino programda bu y\u0131l neler var? Sefarad Merkezi\u2019nden Silvyo Ovadya ve Karen \u015earhon\u2019un ho\u015fgeldiniz konu\u015fmalar\u0131ndan sonra\u00a0<a href=\"https:\/\/www.avlaremoz.com\/2021\/12\/12\/henri-ciprutun-ardindan\/\">Henri \u00c7iprut<\/a>\u00a0an\u0131lacak. Ard\u0131ndan Seyfi \u0130\u015fman\u2019\u0131n Sinemada Yahudi Mizah\u0131 adl\u0131 konu\u015fmas\u0131 ve yak\u0131nda \u00e7\u0131kacak Ladino Tintin \u00e7izgi roman\u0131 sunulacak. Yine yak\u0131n zamanda kaybetti\u011fimiz Sefarad m\u00fczisyen\u00a0<a href=\"https:\/\/www.avlaremoz.com\/2021\/12\/26\/selim-hubes-muzigini-bize-birakip-gitti\/\">Selim Hube\u015f<\/a>\u00a0de Ladino g\u00fcn\u00fcnde an\u0131lacak.<\/p>\n<p>Anna Eskenazi, S\u00fczet Herman ve \u015eeli Gaon\u2019un komik an\u0131lar\u0131n\u0131 anlatacak. Ard\u0131ndan T\u00fcrkiye Hahamba\u015f\u0131 \u0130shak Haleva k\u0131sa bir konu\u015fma yapacak. Avlaremoz yazarlarlar\u0131ndan ara\u015ft\u0131rmac\u0131 Kenan Cruz \u00c7illi bir sunum yapacak ve bunu Barcelona\u2019daki Colectivat projesi takip edecek.<\/p>\n<p>Her y\u0131l oldu\u011fu gibi bu senenin program\u0131nda da bir tiyatro oyunu var: Rekuerdos (An\u0131lar).<\/p>\n<p><em><strong>https:\/\/www.avlaremoz.com\/2022\/03\/04\/uluslararasi-ladino-gunu-istanbul-20-mart-2022\/?fbclid=IwAR1kmAEAOKHn2GCGtJ_4p9gRrwJ5dErM1-rM8et1JYtYUADsHm2Xs8AZdpc<\/strong><\/em><\/p>\n","protected":false},"excerpt":{"rendered":"<p>Geleneksel Uluslararas\u0131 Ladino G\u00fcn\u00fc \u0130stanbul bu y\u0131l da pandemi sebebiyle \u00e7evrimi\u00e7i ger\u00e7ekle\u015fiyor. Etkinli\u011fe Zoom \u00fczerinden kat\u0131labilir veya \u0130stanbul Sefarad Merkezi\u2019nin hesab\u0131ndan Facebook\u2019ta canl\u0131 izleyebilirsiniz. Ladino G\u00fcn\u00fc 2022, birka\u00e7 ay \u00f6nce kaybetti\u011fimiz ve \u0130stanbul\u2019da Ladino\u2019nun canl\u0131l\u0131\u011f\u0131 i\u00e7in u\u011fra\u015fan Henri \u00c7iprut an\u0131s\u0131na d\u00fczenleniyor. 15:45\u2019te ba\u015flayacak ve tamamen Ladino programda bu y\u0131l neler var? Sefarad Merkezi\u2019nden Silvyo Ovadya [&hellip;]<\/p>\n","protected":false},"author":7,"featured_media":67389,"comment_status":"open","ping_status":"open","sticky":false,"template":"","format":"standard","meta":{"footnotes":""},"categories":[1,53],"tags":[],"class_list":["post-67388","post","type-post","status-publish","format-standard","has-post-thumbnail","hentry","category-haberler","category-turkiyede-azinliklar"],"yoast_head":"<!-- This site is optimized with the Yoast SEO plugin v27.4 - https:\/\/yoast.com\/product\/yoast-seo-wordpress\/ -->\n<title>Uluslararas\u0131 Ladino G\u00fcn\u00fc \u0130stanbul: 20 Mart 2022 - Bati Ermenistan Ve Bati Ermenileri Sorunlari Ara\u015ftirmalar Merkezi<\/title>\n<meta name=\"robots\" content=\"index, follow, max-snippet:-1, max-image-preview:large, max-video-preview:-1\" \/>\n<link rel=\"canonical\" href=\"https:\/\/akunq.net\/tr\/?p=67388\" \/>\n<meta property=\"og:locale\" content=\"en_US\" \/>\n<meta property=\"og:type\" content=\"article\" \/>\n<meta property=\"og:title\" content=\"Uluslararas\u0131 Ladino G\u00fcn\u00fc \u0130stanbul: 20 Mart 2022 - Bati Ermenistan Ve Bati Ermenileri Sorunlari Ara\u015ftirmalar Merkezi\" \/>\n<meta property=\"og:description\" content=\"Geleneksel Uluslararas\u0131 Ladino G\u00fcn\u00fc \u0130stanbul bu y\u0131l da pandemi sebebiyle \u00e7evrimi\u00e7i ger\u00e7ekle\u015fiyor. Etkinli\u011fe Zoom \u00fczerinden kat\u0131labilir veya \u0130stanbul Sefarad Merkezi\u2019nin hesab\u0131ndan Facebook\u2019ta canl\u0131 izleyebilirsiniz. Ladino G\u00fcn\u00fc 2022, birka\u00e7 ay \u00f6nce kaybetti\u011fimiz ve \u0130stanbul\u2019da Ladino\u2019nun canl\u0131l\u0131\u011f\u0131 i\u00e7in u\u011fra\u015fan Henri \u00c7iprut an\u0131s\u0131na d\u00fczenleniyor. 15:45\u2019te ba\u015flayacak ve tamamen Ladino programda bu y\u0131l neler var? Sefarad Merkezi\u2019nden Silvyo Ovadya [&hellip;]\" \/>\n<meta property=\"og:url\" content=\"https:\/\/akunq.net\/tr\/?p=67388\" \/>\n<meta property=\"og:site_name\" content=\"Bati Ermenistan Ve Bati Ermenileri Sorunlari Ara\u015ftirmalar Merkezi\" \/>\n<meta property=\"article:published_time\" content=\"2022-03-07T06:27:07+00:00\" \/>\n<meta property=\"article:modified_time\" content=\"2022-03-07T06:27:26+00:00\" \/>\n<meta property=\"og:image\" content=\"https:\/\/akunq.net\/tr\/wp-content\/uploads\/sites\/6\/2022\/03\/WhatsApp-Image-2022-02-24-at-04.30.14.jpeg\" \/>\n\t<meta property=\"og:image:width\" content=\"1600\" \/>\n\t<meta property=\"og:image:height\" content=\"1120\" \/>\n\t<meta property=\"og:image:type\" content=\"image\/jpeg\" \/>\n<meta name=\"author\" content=\"admin\" \/>\n<meta name=\"twitter:card\" content=\"summary_large_image\" \/>\n<meta name=\"twitter:label1\" content=\"Written by\" \/>\n\t<meta name=\"twitter:data1\" content=\"admin\" \/>\n\t<meta name=\"twitter:label2\" content=\"Est. reading time\" \/>\n\t<meta name=\"twitter:data2\" content=\"1 minute\" \/>\n<script type=\"application\/ld+json\" class=\"yoast-schema-graph\">{\"@context\":\"https:\\\/\\\/schema.org\",\"@graph\":[{\"@type\":\"Article\",\"@id\":\"https:\\\/\\\/akunq.net\\\/tr\\\/?p=67388#article\",\"isPartOf\":{\"@id\":\"https:\\\/\\\/akunq.net\\\/tr\\\/?p=67388\"},\"author\":{\"name\":\"admin\",\"@id\":\"https:\\\/\\\/akunq.net\\\/tr\\\/#\\\/schema\\\/person\\\/096f1d38a12cce57fb855b485ed24c9e\"},\"headline\":\"Uluslararas\u0131 Ladino G\u00fcn\u00fc \u0130stanbul: 20 Mart 2022\",\"datePublished\":\"2022-03-07T06:27:07+00:00\",\"dateModified\":\"2022-03-07T06:27:26+00:00\",\"mainEntityOfPage\":{\"@id\":\"https:\\\/\\\/akunq.net\\\/tr\\\/?p=67388\"},\"wordCount\":219,\"commentCount\":0,\"image\":{\"@id\":\"https:\\\/\\\/akunq.net\\\/tr\\\/?p=67388#primaryimage\"},\"thumbnailUrl\":\"https:\\\/\\\/akunq.net\\\/tr\\\/wp-content\\\/uploads\\\/sites\\\/6\\\/2022\\\/03\\\/WhatsApp-Image-2022-02-24-at-04.30.14.jpeg\",\"articleSection\":[\"Haberler\",\"T\u00fcrkiye\u2019de Az\u0131nl\u0131klar\"],\"inLanguage\":\"en-US\",\"potentialAction\":[{\"@type\":\"CommentAction\",\"name\":\"Comment\",\"target\":[\"https:\\\/\\\/akunq.net\\\/tr\\\/?p=67388#respond\"]}]},{\"@type\":\"WebPage\",\"@id\":\"https:\\\/\\\/akunq.net\\\/tr\\\/?p=67388\",\"url\":\"https:\\\/\\\/akunq.net\\\/tr\\\/?p=67388\",\"name\":\"Uluslararas\u0131 Ladino G\u00fcn\u00fc \u0130stanbul: 20 Mart 2022 - Bati Ermenistan Ve Bati Ermenileri Sorunlari Ara\u015ftirmalar Merkezi\",\"isPartOf\":{\"@id\":\"https:\\\/\\\/akunq.net\\\/tr\\\/#website\"},\"primaryImageOfPage\":{\"@id\":\"https:\\\/\\\/akunq.net\\\/tr\\\/?p=67388#primaryimage\"},\"image\":{\"@id\":\"https:\\\/\\\/akunq.net\\\/tr\\\/?p=67388#primaryimage\"},\"thumbnailUrl\":\"https:\\\/\\\/akunq.net\\\/tr\\\/wp-content\\\/uploads\\\/sites\\\/6\\\/2022\\\/03\\\/WhatsApp-Image-2022-02-24-at-04.30.14.jpeg\",\"datePublished\":\"2022-03-07T06:27:07+00:00\",\"dateModified\":\"2022-03-07T06:27:26+00:00\",\"author\":{\"@id\":\"https:\\\/\\\/akunq.net\\\/tr\\\/#\\\/schema\\\/person\\\/096f1d38a12cce57fb855b485ed24c9e\"},\"breadcrumb\":{\"@id\":\"https:\\\/\\\/akunq.net\\\/tr\\\/?p=67388#breadcrumb\"},\"inLanguage\":\"en-US\",\"potentialAction\":[{\"@type\":\"ReadAction\",\"target\":[\"https:\\\/\\\/akunq.net\\\/tr\\\/?p=67388\"]}]},{\"@type\":\"ImageObject\",\"inLanguage\":\"en-US\",\"@id\":\"https:\\\/\\\/akunq.net\\\/tr\\\/?p=67388#primaryimage\",\"url\":\"https:\\\/\\\/akunq.net\\\/tr\\\/wp-content\\\/uploads\\\/sites\\\/6\\\/2022\\\/03\\\/WhatsApp-Image-2022-02-24-at-04.30.14.jpeg\",\"contentUrl\":\"https:\\\/\\\/akunq.net\\\/tr\\\/wp-content\\\/uploads\\\/sites\\\/6\\\/2022\\\/03\\\/WhatsApp-Image-2022-02-24-at-04.30.14.jpeg\",\"width\":1600,\"height\":1120},{\"@type\":\"BreadcrumbList\",\"@id\":\"https:\\\/\\\/akunq.net\\\/tr\\\/?p=67388#breadcrumb\",\"itemListElement\":[{\"@type\":\"ListItem\",\"position\":1,\"name\":\"Home\",\"item\":\"https:\\\/\\\/akunq.net\\\/tr\"},{\"@type\":\"ListItem\",\"position\":2,\"name\":\"Uluslararas\u0131 Ladino G\u00fcn\u00fc \u0130stanbul: 20 Mart 2022\"}]},{\"@type\":\"WebSite\",\"@id\":\"https:\\\/\\\/akunq.net\\\/tr\\\/#website\",\"url\":\"https:\\\/\\\/akunq.net\\\/tr\\\/\",\"name\":\"Bati Ermenistan Ve Bati Ermenileri Sorunlari Ara\u015ftirmalar Merkezi\",\"description\":\"\",\"potentialAction\":[{\"@type\":\"SearchAction\",\"target\":{\"@type\":\"EntryPoint\",\"urlTemplate\":\"https:\\\/\\\/akunq.net\\\/tr\\\/?s={search_term_string}\"},\"query-input\":{\"@type\":\"PropertyValueSpecification\",\"valueRequired\":true,\"valueName\":\"search_term_string\"}}],\"inLanguage\":\"en-US\"},{\"@type\":\"Person\",\"@id\":\"https:\\\/\\\/akunq.net\\\/tr\\\/#\\\/schema\\\/person\\\/096f1d38a12cce57fb855b485ed24c9e\",\"name\":\"admin\",\"url\":\"https:\\\/\\\/akunq.net\\\/tr\\\/?author=7\"}]}<\/script>\n<!-- \/ Yoast SEO plugin. -->","yoast_head_json":{"title":"Uluslararas\u0131 Ladino G\u00fcn\u00fc \u0130stanbul: 20 Mart 2022 - Bati Ermenistan Ve Bati Ermenileri Sorunlari Ara\u015ftirmalar Merkezi","robots":{"index":"index","follow":"follow","max-snippet":"max-snippet:-1","max-image-preview":"max-image-preview:large","max-video-preview":"max-video-preview:-1"},"canonical":"https:\/\/akunq.net\/tr\/?p=67388","og_locale":"en_US","og_type":"article","og_title":"Uluslararas\u0131 Ladino G\u00fcn\u00fc \u0130stanbul: 20 Mart 2022 - Bati Ermenistan Ve Bati Ermenileri Sorunlari Ara\u015ftirmalar Merkezi","og_description":"Geleneksel Uluslararas\u0131 Ladino G\u00fcn\u00fc \u0130stanbul bu y\u0131l da pandemi sebebiyle \u00e7evrimi\u00e7i ger\u00e7ekle\u015fiyor. Etkinli\u011fe Zoom \u00fczerinden kat\u0131labilir veya \u0130stanbul Sefarad Merkezi\u2019nin hesab\u0131ndan Facebook\u2019ta canl\u0131 izleyebilirsiniz. Ladino G\u00fcn\u00fc 2022, birka\u00e7 ay \u00f6nce kaybetti\u011fimiz ve \u0130stanbul\u2019da Ladino\u2019nun canl\u0131l\u0131\u011f\u0131 i\u00e7in u\u011fra\u015fan Henri \u00c7iprut an\u0131s\u0131na d\u00fczenleniyor. 15:45\u2019te ba\u015flayacak ve tamamen Ladino programda bu y\u0131l neler var? Sefarad Merkezi\u2019nden Silvyo Ovadya [&hellip;]","og_url":"https:\/\/akunq.net\/tr\/?p=67388","og_site_name":"Bati Ermenistan Ve Bati Ermenileri Sorunlari Ara\u015ftirmalar Merkezi","article_published_time":"2022-03-07T06:27:07+00:00","article_modified_time":"2022-03-07T06:27:26+00:00","og_image":[{"width":1600,"height":1120,"url":"https:\/\/akunq.net\/tr\/wp-content\/uploads\/sites\/6\/2022\/03\/WhatsApp-Image-2022-02-24-at-04.30.14.jpeg","type":"image\/jpeg"}],"author":"admin","twitter_card":"summary_large_image","twitter_misc":{"Written by":"admin","Est. reading time":"1 minute"},"schema":{"@context":"https:\/\/schema.org","@graph":[{"@type":"Article","@id":"https:\/\/akunq.net\/tr\/?p=67388#article","isPartOf":{"@id":"https:\/\/akunq.net\/tr\/?p=67388"},"author":{"name":"admin","@id":"https:\/\/akunq.net\/tr\/#\/schema\/person\/096f1d38a12cce57fb855b485ed24c9e"},"headline":"Uluslararas\u0131 Ladino G\u00fcn\u00fc \u0130stanbul: 20 Mart 2022","datePublished":"2022-03-07T06:27:07+00:00","dateModified":"2022-03-07T06:27:26+00:00","mainEntityOfPage":{"@id":"https:\/\/akunq.net\/tr\/?p=67388"},"wordCount":219,"commentCount":0,"image":{"@id":"https:\/\/akunq.net\/tr\/?p=67388#primaryimage"},"thumbnailUrl":"https:\/\/akunq.net\/tr\/wp-content\/uploads\/sites\/6\/2022\/03\/WhatsApp-Image-2022-02-24-at-04.30.14.jpeg","articleSection":["Haberler","T\u00fcrkiye\u2019de Az\u0131nl\u0131klar"],"inLanguage":"en-US","potentialAction":[{"@type":"CommentAction","name":"Comment","target":["https:\/\/akunq.net\/tr\/?p=67388#respond"]}]},{"@type":"WebPage","@id":"https:\/\/akunq.net\/tr\/?p=67388","url":"https:\/\/akunq.net\/tr\/?p=67388","name":"Uluslararas\u0131 Ladino G\u00fcn\u00fc \u0130stanbul: 20 Mart 2022 - Bati Ermenistan Ve Bati Ermenileri Sorunlari Ara\u015ftirmalar Merkezi","isPartOf":{"@id":"https:\/\/akunq.net\/tr\/#website"},"primaryImageOfPage":{"@id":"https:\/\/akunq.net\/tr\/?p=67388#primaryimage"},"image":{"@id":"https:\/\/akunq.net\/tr\/?p=67388#primaryimage"},"thumbnailUrl":"https:\/\/akunq.net\/tr\/wp-content\/uploads\/sites\/6\/2022\/03\/WhatsApp-Image-2022-02-24-at-04.30.14.jpeg","datePublished":"2022-03-07T06:27:07+00:00","dateModified":"2022-03-07T06:27:26+00:00","author":{"@id":"https:\/\/akunq.net\/tr\/#\/schema\/person\/096f1d38a12cce57fb855b485ed24c9e"},"breadcrumb":{"@id":"https:\/\/akunq.net\/tr\/?p=67388#breadcrumb"},"inLanguage":"en-US","potentialAction":[{"@type":"ReadAction","target":["https:\/\/akunq.net\/tr\/?p=67388"]}]},{"@type":"ImageObject","inLanguage":"en-US","@id":"https:\/\/akunq.net\/tr\/?p=67388#primaryimage","url":"https:\/\/akunq.net\/tr\/wp-content\/uploads\/sites\/6\/2022\/03\/WhatsApp-Image-2022-02-24-at-04.30.14.jpeg","contentUrl":"https:\/\/akunq.net\/tr\/wp-content\/uploads\/sites\/6\/2022\/03\/WhatsApp-Image-2022-02-24-at-04.30.14.jpeg","width":1600,"height":1120},{"@type":"BreadcrumbList","@id":"https:\/\/akunq.net\/tr\/?p=67388#breadcrumb","itemListElement":[{"@type":"ListItem","position":1,"name":"Home","item":"https:\/\/akunq.net\/tr"},{"@type":"ListItem","position":2,"name":"Uluslararas\u0131 Ladino G\u00fcn\u00fc \u0130stanbul: 20 Mart 2022"}]},{"@type":"WebSite","@id":"https:\/\/akunq.net\/tr\/#website","url":"https:\/\/akunq.net\/tr\/","name":"Bati Ermenistan Ve Bati Ermenileri Sorunlari Ara\u015ftirmalar Merkezi","description":"","potentialAction":[{"@type":"SearchAction","target":{"@type":"EntryPoint","urlTemplate":"https:\/\/akunq.net\/tr\/?s={search_term_string}"},"query-input":{"@type":"PropertyValueSpecification","valueRequired":true,"valueName":"search_term_string"}}],"inLanguage":"en-US"},{"@type":"Person","@id":"https:\/\/akunq.net\/tr\/#\/schema\/person\/096f1d38a12cce57fb855b485ed24c9e","name":"admin","url":"https:\/\/akunq.net\/tr\/?author=7"}]}},"_links":{"self":[{"href":"https:\/\/akunq.net\/tr\/index.php?rest_route=\/wp\/v2\/posts\/67388","targetHints":{"allow":["GET"]}}],"collection":[{"href":"https:\/\/akunq.net\/tr\/index.php?rest_route=\/wp\/v2\/posts"}],"about":[{"href":"https:\/\/akunq.net\/tr\/index.php?rest_route=\/wp\/v2\/types\/post"}],"author":[{"embeddable":true,"href":"https:\/\/akunq.net\/tr\/index.php?rest_route=\/wp\/v2\/users\/7"}],"replies":[{"embeddable":true,"href":"https:\/\/akunq.net\/tr\/index.php?rest_route=%2Fwp%2Fv2%2Fcomments&post=67388"}],"version-history":[{"count":1,"href":"https:\/\/akunq.net\/tr\/index.php?rest_route=\/wp\/v2\/posts\/67388\/revisions"}],"predecessor-version":[{"id":67390,"href":"https:\/\/akunq.net\/tr\/index.php?rest_route=\/wp\/v2\/posts\/67388\/revisions\/67390"}],"wp:featuredmedia":[{"embeddable":true,"href":"https:\/\/akunq.net\/tr\/index.php?rest_route=\/wp\/v2\/media\/67389"}],"wp:attachment":[{"href":"https:\/\/akunq.net\/tr\/index.php?rest_route=%2Fwp%2Fv2%2Fmedia&parent=67388"}],"wp:term":[{"taxonomy":"category","embeddable":true,"href":"https:\/\/akunq.net\/tr\/index.php?rest_route=%2Fwp%2Fv2%2Fcategories&post=67388"},{"taxonomy":"post_tag","embeddable":true,"href":"https:\/\/akunq.net\/tr\/index.php?rest_route=%2Fwp%2Fv2%2Ftags&post=67388"}],"curies":[{"name":"wp","href":"https:\/\/api.w.org\/{rel}","templated":true}]}}