{"id":67385,"date":"2022-03-07T01:23:38","date_gmt":"2022-03-07T06:23:38","guid":{"rendered":"https:\/\/akunq.net\/tr\/?p=67385"},"modified":"2022-03-07T01:23:38","modified_gmt":"2022-03-07T06:23:38","slug":"patrik-masalyan-ecmiadzinde","status":"publish","type":"post","link":"https:\/\/akunq.net\/tr\/?p=67385","title":{"rendered":"Patrik Ma\u015falyan E\u00e7miadzin&#8217;de"},"content":{"rendered":"<p><strong>T\u00fcrkiye Ermenileri Patri\u011fi Sahak Ma\u015falyan bir hafta boyunca, T\u00fcm D\u00fcnya Ermenileri Katolikoslu\u011fu taht\u0131n\u0131n da bulundu\u011fu Ermenistan&#8217;daki E\u00e7miadzin&#8217;de temaslarda bulunacak.<\/strong><\/p>\n<p>Patrik Ma\u015falyan i\u00e7in yolculuk \u00f6ncesinde\u00a0 Kumkap\u0131 Surp Asdvadzazin Patriklik Katedrali\u2019nde ruhaniler taraf\u0131ndan\u00a0 yolculuk dualar\u0131 okundu.<\/p>\n<p>Patrik Ma\u015falyan ayine kat\u0131lanlara Y\u00fcksek Ruhani Konsey\u2019in toplant\u0131lar\u0131na kat\u0131lmak \u00fczere Surp E\u00e7miadzin\u2019e gitti\u011fini s\u00f6yledi.<\/p>\n<p>Ma\u015falyan seyahatlerinin g\u00fczel, \u00f6\u011fretici ve bir o kadar da yorucu olaca\u011f\u0131n\u0131, ancak Tanr\u0131\u2019n\u0131n yolcular\u0131 her zaman korudu\u011funu anlatt\u0131, kendisi i\u00e7in dua edilmesini de rica etti.<\/p>\n<p>Patrik Ma\u015falyan&#8217;\u0131n gezisi bir hafta s\u00fcrecek ve \u00f6n\u00fcm\u00fczdeki Cuma g\u00fcn\u00fc \u0130stanbul&#8217;a geri d\u00f6necek. Kendisine gezisinde T\u00fcrkiye Ermenileri patrikli\u011fi Ayinler Sorumlusu K\u0131demli Peder D\u0131rtad Uzunyan e\u015flik ediyor.<\/p>\n<p><em><strong>http:\/\/www.agos.com.tr\/tr\/yazi\/26826\/patrik-masalyan-ecmiadzin-de?fbclid=IwAR1K4k7SS5QxqNoDCfRSl5EG06g1qry6SyPfaDJop0r3Ctqb_mk05gcMlRM<\/strong><\/em><\/p>\n","protected":false},"excerpt":{"rendered":"<p>T\u00fcrkiye Ermenileri Patri\u011fi Sahak Ma\u015falyan bir hafta boyunca, T\u00fcm D\u00fcnya Ermenileri Katolikoslu\u011fu taht\u0131n\u0131n da bulundu\u011fu Ermenistan&#8217;daki E\u00e7miadzin&#8217;de temaslarda bulunacak. Patrik Ma\u015falyan i\u00e7in yolculuk \u00f6ncesinde\u00a0 Kumkap\u0131 Surp Asdvadzazin Patriklik Katedrali\u2019nde ruhaniler taraf\u0131ndan\u00a0 yolculuk dualar\u0131 okundu. Patrik Ma\u015falyan ayine kat\u0131lanlara Y\u00fcksek Ruhani Konsey\u2019in toplant\u0131lar\u0131na kat\u0131lmak \u00fczere Surp E\u00e7miadzin\u2019e gitti\u011fini s\u00f6yledi. Ma\u015falyan seyahatlerinin g\u00fczel, \u00f6\u011fretici ve bir o [&hellip;]<\/p>\n","protected":false},"author":7,"featured_media":67386,"comment_status":"open","ping_status":"open","sticky":false,"template":"","format":"standard","meta":{"footnotes":""},"categories":[1],"tags":[],"class_list":["post-67385","post","type-post","status-publish","format-standard","has-post-thumbnail","hentry","category-haberler"],"yoast_head":"<!-- This site is optimized with the Yoast SEO plugin v27.4 - https:\/\/yoast.com\/product\/yoast-seo-wordpress\/ -->\n<title>Patrik Ma\u015falyan E\u00e7miadzin&#039;de - Bati Ermenistan Ve Bati Ermenileri Sorunlari Ara\u015ftirmalar Merkezi<\/title>\n<meta name=\"robots\" content=\"index, follow, max-snippet:-1, max-image-preview:large, max-video-preview:-1\" \/>\n<link rel=\"canonical\" href=\"https:\/\/akunq.net\/tr\/?p=67385\" \/>\n<meta property=\"og:locale\" content=\"en_US\" \/>\n<meta property=\"og:type\" content=\"article\" \/>\n<meta property=\"og:title\" content=\"Patrik Ma\u015falyan E\u00e7miadzin&#039;de - Bati Ermenistan Ve Bati Ermenileri Sorunlari Ara\u015ftirmalar Merkezi\" \/>\n<meta property=\"og:description\" content=\"T\u00fcrkiye Ermenileri Patri\u011fi Sahak Ma\u015falyan bir hafta boyunca, T\u00fcm D\u00fcnya Ermenileri Katolikoslu\u011fu taht\u0131n\u0131n da bulundu\u011fu Ermenistan&#8217;daki E\u00e7miadzin&#8217;de temaslarda bulunacak. Patrik Ma\u015falyan i\u00e7in yolculuk \u00f6ncesinde\u00a0 Kumkap\u0131 Surp Asdvadzazin Patriklik Katedrali\u2019nde ruhaniler taraf\u0131ndan\u00a0 yolculuk dualar\u0131 okundu. Patrik Ma\u015falyan ayine kat\u0131lanlara Y\u00fcksek Ruhani Konsey\u2019in toplant\u0131lar\u0131na kat\u0131lmak \u00fczere Surp E\u00e7miadzin\u2019e gitti\u011fini s\u00f6yledi. Ma\u015falyan seyahatlerinin g\u00fczel, \u00f6\u011fretici ve bir o [&hellip;]\" \/>\n<meta property=\"og:url\" content=\"https:\/\/akunq.net\/tr\/?p=67385\" \/>\n<meta property=\"og:site_name\" content=\"Bati Ermenistan Ve Bati Ermenileri Sorunlari Ara\u015ftirmalar Merkezi\" \/>\n<meta property=\"article:published_time\" content=\"2022-03-07T06:23:38+00:00\" \/>\n<meta property=\"og:image\" content=\"https:\/\/akunq.net\/tr\/wp-content\/uploads\/sites\/6\/2022\/03\/1077229.jpg\" \/>\n\t<meta property=\"og:image:width\" content=\"670\" \/>\n\t<meta property=\"og:image:height\" content=\"450\" \/>\n\t<meta property=\"og:image:type\" content=\"image\/jpeg\" \/>\n<meta name=\"author\" content=\"admin\" \/>\n<meta name=\"twitter:card\" content=\"summary_large_image\" \/>\n<meta name=\"twitter:label1\" content=\"Written by\" \/>\n\t<meta name=\"twitter:data1\" content=\"admin\" \/>\n\t<meta name=\"twitter:label2\" content=\"Est. reading time\" \/>\n\t<meta name=\"twitter:data2\" content=\"1 minute\" \/>\n<script type=\"application\/ld+json\" class=\"yoast-schema-graph\">{\"@context\":\"https:\\\/\\\/schema.org\",\"@graph\":[{\"@type\":\"Article\",\"@id\":\"https:\\\/\\\/akunq.net\\\/tr\\\/?p=67385#article\",\"isPartOf\":{\"@id\":\"https:\\\/\\\/akunq.net\\\/tr\\\/?p=67385\"},\"author\":{\"name\":\"admin\",\"@id\":\"https:\\\/\\\/akunq.net\\\/tr\\\/#\\\/schema\\\/person\\\/096f1d38a12cce57fb855b485ed24c9e\"},\"headline\":\"Patrik Ma\u015falyan E\u00e7miadzin&#8217;de\",\"datePublished\":\"2022-03-07T06:23:38+00:00\",\"mainEntityOfPage\":{\"@id\":\"https:\\\/\\\/akunq.net\\\/tr\\\/?p=67385\"},\"wordCount\":170,\"commentCount\":0,\"image\":{\"@id\":\"https:\\\/\\\/akunq.net\\\/tr\\\/?p=67385#primaryimage\"},\"thumbnailUrl\":\"https:\\\/\\\/akunq.net\\\/tr\\\/wp-content\\\/uploads\\\/sites\\\/6\\\/2022\\\/03\\\/1077229.jpg\",\"articleSection\":[\"Haberler\"],\"inLanguage\":\"en-US\",\"potentialAction\":[{\"@type\":\"CommentAction\",\"name\":\"Comment\",\"target\":[\"https:\\\/\\\/akunq.net\\\/tr\\\/?p=67385#respond\"]}]},{\"@type\":\"WebPage\",\"@id\":\"https:\\\/\\\/akunq.net\\\/tr\\\/?p=67385\",\"url\":\"https:\\\/\\\/akunq.net\\\/tr\\\/?p=67385\",\"name\":\"Patrik Ma\u015falyan E\u00e7miadzin'de - Bati Ermenistan Ve Bati Ermenileri Sorunlari Ara\u015ftirmalar Merkezi\",\"isPartOf\":{\"@id\":\"https:\\\/\\\/akunq.net\\\/tr\\\/#website\"},\"primaryImageOfPage\":{\"@id\":\"https:\\\/\\\/akunq.net\\\/tr\\\/?p=67385#primaryimage\"},\"image\":{\"@id\":\"https:\\\/\\\/akunq.net\\\/tr\\\/?p=67385#primaryimage\"},\"thumbnailUrl\":\"https:\\\/\\\/akunq.net\\\/tr\\\/wp-content\\\/uploads\\\/sites\\\/6\\\/2022\\\/03\\\/1077229.jpg\",\"datePublished\":\"2022-03-07T06:23:38+00:00\",\"author\":{\"@id\":\"https:\\\/\\\/akunq.net\\\/tr\\\/#\\\/schema\\\/person\\\/096f1d38a12cce57fb855b485ed24c9e\"},\"breadcrumb\":{\"@id\":\"https:\\\/\\\/akunq.net\\\/tr\\\/?p=67385#breadcrumb\"},\"inLanguage\":\"en-US\",\"potentialAction\":[{\"@type\":\"ReadAction\",\"target\":[\"https:\\\/\\\/akunq.net\\\/tr\\\/?p=67385\"]}]},{\"@type\":\"ImageObject\",\"inLanguage\":\"en-US\",\"@id\":\"https:\\\/\\\/akunq.net\\\/tr\\\/?p=67385#primaryimage\",\"url\":\"https:\\\/\\\/akunq.net\\\/tr\\\/wp-content\\\/uploads\\\/sites\\\/6\\\/2022\\\/03\\\/1077229.jpg\",\"contentUrl\":\"https:\\\/\\\/akunq.net\\\/tr\\\/wp-content\\\/uploads\\\/sites\\\/6\\\/2022\\\/03\\\/1077229.jpg\",\"width\":670,\"height\":450},{\"@type\":\"BreadcrumbList\",\"@id\":\"https:\\\/\\\/akunq.net\\\/tr\\\/?p=67385#breadcrumb\",\"itemListElement\":[{\"@type\":\"ListItem\",\"position\":1,\"name\":\"Home\",\"item\":\"https:\\\/\\\/akunq.net\\\/tr\"},{\"@type\":\"ListItem\",\"position\":2,\"name\":\"Patrik Ma\u015falyan E\u00e7miadzin&#8217;de\"}]},{\"@type\":\"WebSite\",\"@id\":\"https:\\\/\\\/akunq.net\\\/tr\\\/#website\",\"url\":\"https:\\\/\\\/akunq.net\\\/tr\\\/\",\"name\":\"Bati Ermenistan Ve Bati Ermenileri Sorunlari Ara\u015ftirmalar Merkezi\",\"description\":\"\",\"potentialAction\":[{\"@type\":\"SearchAction\",\"target\":{\"@type\":\"EntryPoint\",\"urlTemplate\":\"https:\\\/\\\/akunq.net\\\/tr\\\/?s={search_term_string}\"},\"query-input\":{\"@type\":\"PropertyValueSpecification\",\"valueRequired\":true,\"valueName\":\"search_term_string\"}}],\"inLanguage\":\"en-US\"},{\"@type\":\"Person\",\"@id\":\"https:\\\/\\\/akunq.net\\\/tr\\\/#\\\/schema\\\/person\\\/096f1d38a12cce57fb855b485ed24c9e\",\"name\":\"admin\",\"url\":\"https:\\\/\\\/akunq.net\\\/tr\\\/?author=7\"}]}<\/script>\n<!-- \/ Yoast SEO plugin. -->","yoast_head_json":{"title":"Patrik Ma\u015falyan E\u00e7miadzin'de - Bati Ermenistan Ve Bati Ermenileri Sorunlari Ara\u015ftirmalar Merkezi","robots":{"index":"index","follow":"follow","max-snippet":"max-snippet:-1","max-image-preview":"max-image-preview:large","max-video-preview":"max-video-preview:-1"},"canonical":"https:\/\/akunq.net\/tr\/?p=67385","og_locale":"en_US","og_type":"article","og_title":"Patrik Ma\u015falyan E\u00e7miadzin'de - Bati Ermenistan Ve Bati Ermenileri Sorunlari Ara\u015ftirmalar Merkezi","og_description":"T\u00fcrkiye Ermenileri Patri\u011fi Sahak Ma\u015falyan bir hafta boyunca, T\u00fcm D\u00fcnya Ermenileri Katolikoslu\u011fu taht\u0131n\u0131n da bulundu\u011fu Ermenistan&#8217;daki E\u00e7miadzin&#8217;de temaslarda bulunacak. Patrik Ma\u015falyan i\u00e7in yolculuk \u00f6ncesinde\u00a0 Kumkap\u0131 Surp Asdvadzazin Patriklik Katedrali\u2019nde ruhaniler taraf\u0131ndan\u00a0 yolculuk dualar\u0131 okundu. Patrik Ma\u015falyan ayine kat\u0131lanlara Y\u00fcksek Ruhani Konsey\u2019in toplant\u0131lar\u0131na kat\u0131lmak \u00fczere Surp E\u00e7miadzin\u2019e gitti\u011fini s\u00f6yledi. Ma\u015falyan seyahatlerinin g\u00fczel, \u00f6\u011fretici ve bir o [&hellip;]","og_url":"https:\/\/akunq.net\/tr\/?p=67385","og_site_name":"Bati Ermenistan Ve Bati Ermenileri Sorunlari Ara\u015ftirmalar Merkezi","article_published_time":"2022-03-07T06:23:38+00:00","og_image":[{"width":670,"height":450,"url":"https:\/\/akunq.net\/tr\/wp-content\/uploads\/sites\/6\/2022\/03\/1077229.jpg","type":"image\/jpeg"}],"author":"admin","twitter_card":"summary_large_image","twitter_misc":{"Written by":"admin","Est. reading time":"1 minute"},"schema":{"@context":"https:\/\/schema.org","@graph":[{"@type":"Article","@id":"https:\/\/akunq.net\/tr\/?p=67385#article","isPartOf":{"@id":"https:\/\/akunq.net\/tr\/?p=67385"},"author":{"name":"admin","@id":"https:\/\/akunq.net\/tr\/#\/schema\/person\/096f1d38a12cce57fb855b485ed24c9e"},"headline":"Patrik Ma\u015falyan E\u00e7miadzin&#8217;de","datePublished":"2022-03-07T06:23:38+00:00","mainEntityOfPage":{"@id":"https:\/\/akunq.net\/tr\/?p=67385"},"wordCount":170,"commentCount":0,"image":{"@id":"https:\/\/akunq.net\/tr\/?p=67385#primaryimage"},"thumbnailUrl":"https:\/\/akunq.net\/tr\/wp-content\/uploads\/sites\/6\/2022\/03\/1077229.jpg","articleSection":["Haberler"],"inLanguage":"en-US","potentialAction":[{"@type":"CommentAction","name":"Comment","target":["https:\/\/akunq.net\/tr\/?p=67385#respond"]}]},{"@type":"WebPage","@id":"https:\/\/akunq.net\/tr\/?p=67385","url":"https:\/\/akunq.net\/tr\/?p=67385","name":"Patrik Ma\u015falyan E\u00e7miadzin'de - Bati Ermenistan Ve Bati Ermenileri Sorunlari Ara\u015ftirmalar Merkezi","isPartOf":{"@id":"https:\/\/akunq.net\/tr\/#website"},"primaryImageOfPage":{"@id":"https:\/\/akunq.net\/tr\/?p=67385#primaryimage"},"image":{"@id":"https:\/\/akunq.net\/tr\/?p=67385#primaryimage"},"thumbnailUrl":"https:\/\/akunq.net\/tr\/wp-content\/uploads\/sites\/6\/2022\/03\/1077229.jpg","datePublished":"2022-03-07T06:23:38+00:00","author":{"@id":"https:\/\/akunq.net\/tr\/#\/schema\/person\/096f1d38a12cce57fb855b485ed24c9e"},"breadcrumb":{"@id":"https:\/\/akunq.net\/tr\/?p=67385#breadcrumb"},"inLanguage":"en-US","potentialAction":[{"@type":"ReadAction","target":["https:\/\/akunq.net\/tr\/?p=67385"]}]},{"@type":"ImageObject","inLanguage":"en-US","@id":"https:\/\/akunq.net\/tr\/?p=67385#primaryimage","url":"https:\/\/akunq.net\/tr\/wp-content\/uploads\/sites\/6\/2022\/03\/1077229.jpg","contentUrl":"https:\/\/akunq.net\/tr\/wp-content\/uploads\/sites\/6\/2022\/03\/1077229.jpg","width":670,"height":450},{"@type":"BreadcrumbList","@id":"https:\/\/akunq.net\/tr\/?p=67385#breadcrumb","itemListElement":[{"@type":"ListItem","position":1,"name":"Home","item":"https:\/\/akunq.net\/tr"},{"@type":"ListItem","position":2,"name":"Patrik Ma\u015falyan E\u00e7miadzin&#8217;de"}]},{"@type":"WebSite","@id":"https:\/\/akunq.net\/tr\/#website","url":"https:\/\/akunq.net\/tr\/","name":"Bati Ermenistan Ve Bati Ermenileri Sorunlari Ara\u015ftirmalar Merkezi","description":"","potentialAction":[{"@type":"SearchAction","target":{"@type":"EntryPoint","urlTemplate":"https:\/\/akunq.net\/tr\/?s={search_term_string}"},"query-input":{"@type":"PropertyValueSpecification","valueRequired":true,"valueName":"search_term_string"}}],"inLanguage":"en-US"},{"@type":"Person","@id":"https:\/\/akunq.net\/tr\/#\/schema\/person\/096f1d38a12cce57fb855b485ed24c9e","name":"admin","url":"https:\/\/akunq.net\/tr\/?author=7"}]}},"_links":{"self":[{"href":"https:\/\/akunq.net\/tr\/index.php?rest_route=\/wp\/v2\/posts\/67385","targetHints":{"allow":["GET"]}}],"collection":[{"href":"https:\/\/akunq.net\/tr\/index.php?rest_route=\/wp\/v2\/posts"}],"about":[{"href":"https:\/\/akunq.net\/tr\/index.php?rest_route=\/wp\/v2\/types\/post"}],"author":[{"embeddable":true,"href":"https:\/\/akunq.net\/tr\/index.php?rest_route=\/wp\/v2\/users\/7"}],"replies":[{"embeddable":true,"href":"https:\/\/akunq.net\/tr\/index.php?rest_route=%2Fwp%2Fv2%2Fcomments&post=67385"}],"version-history":[{"count":1,"href":"https:\/\/akunq.net\/tr\/index.php?rest_route=\/wp\/v2\/posts\/67385\/revisions"}],"predecessor-version":[{"id":67387,"href":"https:\/\/akunq.net\/tr\/index.php?rest_route=\/wp\/v2\/posts\/67385\/revisions\/67387"}],"wp:featuredmedia":[{"embeddable":true,"href":"https:\/\/akunq.net\/tr\/index.php?rest_route=\/wp\/v2\/media\/67386"}],"wp:attachment":[{"href":"https:\/\/akunq.net\/tr\/index.php?rest_route=%2Fwp%2Fv2%2Fmedia&parent=67385"}],"wp:term":[{"taxonomy":"category","embeddable":true,"href":"https:\/\/akunq.net\/tr\/index.php?rest_route=%2Fwp%2Fv2%2Fcategories&post=67385"},{"taxonomy":"post_tag","embeddable":true,"href":"https:\/\/akunq.net\/tr\/index.php?rest_route=%2Fwp%2Fv2%2Ftags&post=67385"}],"curies":[{"name":"wp","href":"https:\/\/api.w.org\/{rel}","templated":true}]}}