{"id":67359,"date":"2022-03-04T03:28:33","date_gmt":"2022-03-04T08:28:33","guid":{"rendered":"https:\/\/akunq.net\/tr\/?p=67359"},"modified":"2022-03-04T03:28:33","modified_gmt":"2022-03-04T08:28:33","slug":"estukyana-demokratik-modernite-dergisindeki-yazisi-nedeniyle-sorusturma","status":"publish","type":"post","link":"https:\/\/akunq.net\/tr\/?p=67359","title":{"rendered":"Estukyan&#8217;a &#8220;Demokratik Modernite&#8221; dergisindeki yaz\u0131s\u0131 nedeniyle soru\u015fturma"},"content":{"rendered":"<p><img loading=\"lazy\" decoding=\"async\" class=\"aligncenter size-medium wp-image-67360\" src=\"https:\/\/akunq.net\/tr\/wp-content\/uploads\/2022\/03\/Estukyana-soru\u015fturma-360x161.jpeg\" alt=\"\" width=\"360\" height=\"161\" srcset=\"https:\/\/akunq.net\/tr\/wp-content\/uploads\/sites\/6\/2022\/03\/Estukyana-soru\u015fturma-360x161.jpeg 360w, https:\/\/akunq.net\/tr\/wp-content\/uploads\/sites\/6\/2022\/03\/Estukyana-soru\u015fturma-768x344.jpeg 768w, https:\/\/akunq.net\/tr\/wp-content\/uploads\/sites\/6\/2022\/03\/Estukyana-soru\u015fturma-560x251.jpeg 560w, https:\/\/akunq.net\/tr\/wp-content\/uploads\/sites\/6\/2022\/03\/Estukyana-soru\u015fturma-260x116.jpeg 260w, https:\/\/akunq.net\/tr\/wp-content\/uploads\/sites\/6\/2022\/03\/Estukyana-soru\u015fturma-160x72.jpeg 160w, https:\/\/akunq.net\/tr\/wp-content\/uploads\/sites\/6\/2022\/03\/Estukyana-soru\u015fturma.jpeg 864w\" sizes=\"auto, (max-width: 360px) 100vw, 360px\" \/><\/p>\n<p><em><strong>Gazetemiz yazar\u0131 ve Ermenice sayfalar edit\u00f6r\u00fc Pakrat Estukyan&#8217;a &#8220;Demokratik Modernite&#8221; dergisinde yazd\u0131\u011f\u0131 bir yaz\u0131 nedeniyle soru\u015fturma a\u00e7\u0131ld\u0131.<\/strong><\/em><\/p>\n<p>\u00dc\u00e7 ayda bir yay\u0131mlanan Demokratik Modernite Dergisi\u2019nin Temmuz-A\u011fustos 2021&#8217;de yay\u0131nlanan \u201c\u00d6zel Sava\u015f Kuram\u0131\u201d\u00a0 say\u0131s\u0131na a\u00e7\u0131lan soru\u015fturma kapsam\u0131nda gazeteci ve yazar Pakrat Estukyan, avukatlar\u0131 \u00d6zcan K\u0131l\u0131\u00e7 ile Sercan Korkmaz e\u015fli\u011finde \u0130stanbul Cumhuriyet Ba\u015fsavc\u0131l\u0131\u011f\u0131na ifade verdi.<\/p>\n<p>Derginin ilgili say\u0131s\u0131nda, \u201c\u00c7oktan teke, vardan yoka ya da mozaikten mermere; T\u00fcrkiye\u201d ba\u015fl\u0131kl\u0131 yaz\u0131 nedeniyle ifade veren Estukyan, \u201c\u00f6rg\u00fct propagandas\u0131\u201d iddias\u0131 ile ifade verdi. Yaz\u0131s\u0131nda, \u201cYPG, YPJ Gerillalar\u0131\u201d kavramlar\u0131n\u0131 nedeniyle su\u00e7land\u0131\u011f\u0131n\u0131 belirten Estukyan, bunun su\u00e7 say\u0131lamayaca\u011f\u0131n\u0131 belirtti.<\/p>\n<p>M\u00fcvekkili Estukyan\u2019\u0131n kulland\u0131\u011f\u0131 \u201cYPG, YPJ Gerillalar\u0131\u201dna a\u00e7\u0131kl\u0131k getiren avukat Sercan Korkmaz, \u201cGerilla\u201d kavram\u0131n\u0131n T\u00fcrk Dil Kurumu\u2019nda (TDK) d\u00fczenli orduya kar\u015f\u0131 k\u00fc\u00e7\u00fck birlikler halinde ve hafif silahlarla donat\u0131lm\u0131\u015f topluluk olarak ge\u00e7ti\u011fini belirtti.\u00a0 Avukat \u00d6zcan K\u0131l\u0131\u00e7 da takipsizlik karar\u0131 verilmesini istedi.<\/p>\n<p>Soru\u015fturmaya dair Mezopotamya Ajans\u0131&#8217;na konu\u015fan Pakrat Estukyan, durumun terminoloji tahamm\u00fcls\u00fczl\u00fc\u011f\u00fc oldu\u011funu ifade etti. Estukyan, \u201cEgemen d\u00fczen istiyor ki; kendisi meselelere hangi tan\u0131m\u0131 kullan\u0131yorsa herkes de ayn\u0131 tan\u0131m\u0131 kullans\u0131n. Ama bu yaz\u0131n\u0131n da d\u00fc\u015f\u00fcncenin de fikrinin de \u00f6z\u00fcne ayk\u0131r\u0131 bir durum. Bazen ayn\u0131 ki\u015fiye birileri i\u015f insan\u0131 diyor birileri mafya diyor. Ne yapaca\u011f\u0131z \u015fimdi? Ki\u015fi ger\u00e7ekten mafya ama \u00f6b\u00fcr taraf\u0131ndan bak\u0131l\u0131nca i\u015f insan\u0131 oluyor. Bazen hay\u0131rsever oluyor. Bu mevzu da tam da b\u00f6yle bir \u015feydir\u201d dedi.<\/p>\n<p><strong><em>http:\/\/www.agos.com.tr\/tr\/yazi\/26821\/estukyan-a-demokratik-modernite-dergisindeki-yazisi-nedeniyle-sorusturma\u00a0<\/em><\/strong><\/p>\n","protected":false},"excerpt":{"rendered":"<p>Gazetemiz yazar\u0131 ve Ermenice sayfalar edit\u00f6r\u00fc Pakrat Estukyan&#8217;a &#8220;Demokratik Modernite&#8221; dergisinde yazd\u0131\u011f\u0131 bir yaz\u0131 nedeniyle soru\u015fturma a\u00e7\u0131ld\u0131. \u00dc\u00e7 ayda bir yay\u0131mlanan Demokratik Modernite Dergisi\u2019nin Temmuz-A\u011fustos 2021&#8217;de yay\u0131nlanan \u201c\u00d6zel Sava\u015f Kuram\u0131\u201d\u00a0 say\u0131s\u0131na a\u00e7\u0131lan soru\u015fturma kapsam\u0131nda gazeteci ve yazar Pakrat Estukyan, avukatlar\u0131 \u00d6zcan K\u0131l\u0131\u00e7 ile Sercan Korkmaz e\u015fli\u011finde \u0130stanbul Cumhuriyet Ba\u015fsavc\u0131l\u0131\u011f\u0131na ifade verdi. Derginin ilgili say\u0131s\u0131nda, \u201c\u00c7oktan [&hellip;]<\/p>\n","protected":false},"author":7,"featured_media":67360,"comment_status":"open","ping_status":"open","sticky":false,"template":"","format":"standard","meta":{"footnotes":""},"categories":[1],"tags":[],"class_list":["post-67359","post","type-post","status-publish","format-standard","has-post-thumbnail","hentry","category-haberler"],"yoast_head":"<!-- This site is optimized with the Yoast SEO plugin v27.4 - https:\/\/yoast.com\/product\/yoast-seo-wordpress\/ -->\n<title>Estukyan&#039;a &quot;Demokratik Modernite&quot; dergisindeki yaz\u0131s\u0131 nedeniyle soru\u015fturma - Bati Ermenistan Ve Bati Ermenileri Sorunlari Ara\u015ftirmalar Merkezi<\/title>\n<meta name=\"robots\" content=\"index, follow, max-snippet:-1, max-image-preview:large, max-video-preview:-1\" \/>\n<link rel=\"canonical\" href=\"https:\/\/akunq.net\/tr\/?p=67359\" \/>\n<meta property=\"og:locale\" content=\"en_US\" \/>\n<meta property=\"og:type\" content=\"article\" \/>\n<meta property=\"og:title\" content=\"Estukyan&#039;a &quot;Demokratik Modernite&quot; dergisindeki yaz\u0131s\u0131 nedeniyle soru\u015fturma - Bati Ermenistan Ve Bati Ermenileri Sorunlari Ara\u015ftirmalar Merkezi\" \/>\n<meta property=\"og:description\" content=\"Gazetemiz yazar\u0131 ve Ermenice sayfalar edit\u00f6r\u00fc Pakrat Estukyan&#8217;a &#8220;Demokratik Modernite&#8221; dergisinde yazd\u0131\u011f\u0131 bir yaz\u0131 nedeniyle soru\u015fturma a\u00e7\u0131ld\u0131. \u00dc\u00e7 ayda bir yay\u0131mlanan Demokratik Modernite Dergisi\u2019nin Temmuz-A\u011fustos 2021&#8217;de yay\u0131nlanan \u201c\u00d6zel Sava\u015f Kuram\u0131\u201d\u00a0 say\u0131s\u0131na a\u00e7\u0131lan soru\u015fturma kapsam\u0131nda gazeteci ve yazar Pakrat Estukyan, avukatlar\u0131 \u00d6zcan K\u0131l\u0131\u00e7 ile Sercan Korkmaz e\u015fli\u011finde \u0130stanbul Cumhuriyet Ba\u015fsavc\u0131l\u0131\u011f\u0131na ifade verdi. Derginin ilgili say\u0131s\u0131nda, \u201c\u00c7oktan [&hellip;]\" \/>\n<meta property=\"og:url\" content=\"https:\/\/akunq.net\/tr\/?p=67359\" \/>\n<meta property=\"og:site_name\" content=\"Bati Ermenistan Ve Bati Ermenileri Sorunlari Ara\u015ftirmalar Merkezi\" \/>\n<meta property=\"article:published_time\" content=\"2022-03-04T08:28:33+00:00\" \/>\n<meta property=\"og:image\" content=\"https:\/\/akunq.net\/tr\/wp-content\/uploads\/sites\/6\/2022\/03\/Estukyana-soru\u015fturma.jpeg\" \/>\n\t<meta property=\"og:image:width\" content=\"864\" \/>\n\t<meta property=\"og:image:height\" content=\"387\" \/>\n\t<meta property=\"og:image:type\" content=\"image\/jpeg\" \/>\n<meta name=\"author\" content=\"admin\" \/>\n<meta name=\"twitter:card\" content=\"summary_large_image\" \/>\n<meta name=\"twitter:label1\" content=\"Written by\" \/>\n\t<meta name=\"twitter:data1\" content=\"admin\" \/>\n\t<meta name=\"twitter:label2\" content=\"Est. reading time\" \/>\n\t<meta name=\"twitter:data2\" content=\"1 minute\" \/>\n<script type=\"application\/ld+json\" class=\"yoast-schema-graph\">{\"@context\":\"https:\\\/\\\/schema.org\",\"@graph\":[{\"@type\":\"Article\",\"@id\":\"https:\\\/\\\/akunq.net\\\/tr\\\/?p=67359#article\",\"isPartOf\":{\"@id\":\"https:\\\/\\\/akunq.net\\\/tr\\\/?p=67359\"},\"author\":{\"name\":\"admin\",\"@id\":\"https:\\\/\\\/akunq.net\\\/tr\\\/#\\\/schema\\\/person\\\/096f1d38a12cce57fb855b485ed24c9e\"},\"headline\":\"Estukyan&#8217;a &#8220;Demokratik Modernite&#8221; dergisindeki yaz\u0131s\u0131 nedeniyle soru\u015fturma\",\"datePublished\":\"2022-03-04T08:28:33+00:00\",\"mainEntityOfPage\":{\"@id\":\"https:\\\/\\\/akunq.net\\\/tr\\\/?p=67359\"},\"wordCount\":290,\"commentCount\":0,\"image\":{\"@id\":\"https:\\\/\\\/akunq.net\\\/tr\\\/?p=67359#primaryimage\"},\"thumbnailUrl\":\"https:\\\/\\\/akunq.net\\\/tr\\\/wp-content\\\/uploads\\\/sites\\\/6\\\/2022\\\/03\\\/Estukyana-soru\u015fturma.jpeg\",\"articleSection\":[\"Haberler\"],\"inLanguage\":\"en-US\",\"potentialAction\":[{\"@type\":\"CommentAction\",\"name\":\"Comment\",\"target\":[\"https:\\\/\\\/akunq.net\\\/tr\\\/?p=67359#respond\"]}]},{\"@type\":\"WebPage\",\"@id\":\"https:\\\/\\\/akunq.net\\\/tr\\\/?p=67359\",\"url\":\"https:\\\/\\\/akunq.net\\\/tr\\\/?p=67359\",\"name\":\"Estukyan'a \\\"Demokratik Modernite\\\" dergisindeki yaz\u0131s\u0131 nedeniyle soru\u015fturma - Bati Ermenistan Ve Bati Ermenileri Sorunlari Ara\u015ftirmalar Merkezi\",\"isPartOf\":{\"@id\":\"https:\\\/\\\/akunq.net\\\/tr\\\/#website\"},\"primaryImageOfPage\":{\"@id\":\"https:\\\/\\\/akunq.net\\\/tr\\\/?p=67359#primaryimage\"},\"image\":{\"@id\":\"https:\\\/\\\/akunq.net\\\/tr\\\/?p=67359#primaryimage\"},\"thumbnailUrl\":\"https:\\\/\\\/akunq.net\\\/tr\\\/wp-content\\\/uploads\\\/sites\\\/6\\\/2022\\\/03\\\/Estukyana-soru\u015fturma.jpeg\",\"datePublished\":\"2022-03-04T08:28:33+00:00\",\"author\":{\"@id\":\"https:\\\/\\\/akunq.net\\\/tr\\\/#\\\/schema\\\/person\\\/096f1d38a12cce57fb855b485ed24c9e\"},\"breadcrumb\":{\"@id\":\"https:\\\/\\\/akunq.net\\\/tr\\\/?p=67359#breadcrumb\"},\"inLanguage\":\"en-US\",\"potentialAction\":[{\"@type\":\"ReadAction\",\"target\":[\"https:\\\/\\\/akunq.net\\\/tr\\\/?p=67359\"]}]},{\"@type\":\"ImageObject\",\"inLanguage\":\"en-US\",\"@id\":\"https:\\\/\\\/akunq.net\\\/tr\\\/?p=67359#primaryimage\",\"url\":\"https:\\\/\\\/akunq.net\\\/tr\\\/wp-content\\\/uploads\\\/sites\\\/6\\\/2022\\\/03\\\/Estukyana-soru\u015fturma.jpeg\",\"contentUrl\":\"https:\\\/\\\/akunq.net\\\/tr\\\/wp-content\\\/uploads\\\/sites\\\/6\\\/2022\\\/03\\\/Estukyana-soru\u015fturma.jpeg\",\"width\":864,\"height\":387},{\"@type\":\"BreadcrumbList\",\"@id\":\"https:\\\/\\\/akunq.net\\\/tr\\\/?p=67359#breadcrumb\",\"itemListElement\":[{\"@type\":\"ListItem\",\"position\":1,\"name\":\"Home\",\"item\":\"https:\\\/\\\/akunq.net\\\/tr\"},{\"@type\":\"ListItem\",\"position\":2,\"name\":\"Estukyan&#8217;a &#8220;Demokratik Modernite&#8221; dergisindeki yaz\u0131s\u0131 nedeniyle soru\u015fturma\"}]},{\"@type\":\"WebSite\",\"@id\":\"https:\\\/\\\/akunq.net\\\/tr\\\/#website\",\"url\":\"https:\\\/\\\/akunq.net\\\/tr\\\/\",\"name\":\"Bati Ermenistan Ve Bati Ermenileri Sorunlari Ara\u015ftirmalar Merkezi\",\"description\":\"\",\"potentialAction\":[{\"@type\":\"SearchAction\",\"target\":{\"@type\":\"EntryPoint\",\"urlTemplate\":\"https:\\\/\\\/akunq.net\\\/tr\\\/?s={search_term_string}\"},\"query-input\":{\"@type\":\"PropertyValueSpecification\",\"valueRequired\":true,\"valueName\":\"search_term_string\"}}],\"inLanguage\":\"en-US\"},{\"@type\":\"Person\",\"@id\":\"https:\\\/\\\/akunq.net\\\/tr\\\/#\\\/schema\\\/person\\\/096f1d38a12cce57fb855b485ed24c9e\",\"name\":\"admin\",\"url\":\"https:\\\/\\\/akunq.net\\\/tr\\\/?author=7\"}]}<\/script>\n<!-- \/ Yoast SEO plugin. -->","yoast_head_json":{"title":"Estukyan'a \"Demokratik Modernite\" dergisindeki yaz\u0131s\u0131 nedeniyle soru\u015fturma - Bati Ermenistan Ve Bati Ermenileri Sorunlari Ara\u015ftirmalar Merkezi","robots":{"index":"index","follow":"follow","max-snippet":"max-snippet:-1","max-image-preview":"max-image-preview:large","max-video-preview":"max-video-preview:-1"},"canonical":"https:\/\/akunq.net\/tr\/?p=67359","og_locale":"en_US","og_type":"article","og_title":"Estukyan'a \"Demokratik Modernite\" dergisindeki yaz\u0131s\u0131 nedeniyle soru\u015fturma - Bati Ermenistan Ve Bati Ermenileri Sorunlari Ara\u015ftirmalar Merkezi","og_description":"Gazetemiz yazar\u0131 ve Ermenice sayfalar edit\u00f6r\u00fc Pakrat Estukyan&#8217;a &#8220;Demokratik Modernite&#8221; dergisinde yazd\u0131\u011f\u0131 bir yaz\u0131 nedeniyle soru\u015fturma a\u00e7\u0131ld\u0131. \u00dc\u00e7 ayda bir yay\u0131mlanan Demokratik Modernite Dergisi\u2019nin Temmuz-A\u011fustos 2021&#8217;de yay\u0131nlanan \u201c\u00d6zel Sava\u015f Kuram\u0131\u201d\u00a0 say\u0131s\u0131na a\u00e7\u0131lan soru\u015fturma kapsam\u0131nda gazeteci ve yazar Pakrat Estukyan, avukatlar\u0131 \u00d6zcan K\u0131l\u0131\u00e7 ile Sercan Korkmaz e\u015fli\u011finde \u0130stanbul Cumhuriyet Ba\u015fsavc\u0131l\u0131\u011f\u0131na ifade verdi. Derginin ilgili say\u0131s\u0131nda, \u201c\u00c7oktan [&hellip;]","og_url":"https:\/\/akunq.net\/tr\/?p=67359","og_site_name":"Bati Ermenistan Ve Bati Ermenileri Sorunlari Ara\u015ftirmalar Merkezi","article_published_time":"2022-03-04T08:28:33+00:00","og_image":[{"width":864,"height":387,"url":"https:\/\/akunq.net\/tr\/wp-content\/uploads\/sites\/6\/2022\/03\/Estukyana-soru\u015fturma.jpeg","type":"image\/jpeg"}],"author":"admin","twitter_card":"summary_large_image","twitter_misc":{"Written by":"admin","Est. reading time":"1 minute"},"schema":{"@context":"https:\/\/schema.org","@graph":[{"@type":"Article","@id":"https:\/\/akunq.net\/tr\/?p=67359#article","isPartOf":{"@id":"https:\/\/akunq.net\/tr\/?p=67359"},"author":{"name":"admin","@id":"https:\/\/akunq.net\/tr\/#\/schema\/person\/096f1d38a12cce57fb855b485ed24c9e"},"headline":"Estukyan&#8217;a &#8220;Demokratik Modernite&#8221; dergisindeki yaz\u0131s\u0131 nedeniyle soru\u015fturma","datePublished":"2022-03-04T08:28:33+00:00","mainEntityOfPage":{"@id":"https:\/\/akunq.net\/tr\/?p=67359"},"wordCount":290,"commentCount":0,"image":{"@id":"https:\/\/akunq.net\/tr\/?p=67359#primaryimage"},"thumbnailUrl":"https:\/\/akunq.net\/tr\/wp-content\/uploads\/sites\/6\/2022\/03\/Estukyana-soru\u015fturma.jpeg","articleSection":["Haberler"],"inLanguage":"en-US","potentialAction":[{"@type":"CommentAction","name":"Comment","target":["https:\/\/akunq.net\/tr\/?p=67359#respond"]}]},{"@type":"WebPage","@id":"https:\/\/akunq.net\/tr\/?p=67359","url":"https:\/\/akunq.net\/tr\/?p=67359","name":"Estukyan'a \"Demokratik Modernite\" dergisindeki yaz\u0131s\u0131 nedeniyle soru\u015fturma - Bati Ermenistan Ve Bati Ermenileri Sorunlari Ara\u015ftirmalar Merkezi","isPartOf":{"@id":"https:\/\/akunq.net\/tr\/#website"},"primaryImageOfPage":{"@id":"https:\/\/akunq.net\/tr\/?p=67359#primaryimage"},"image":{"@id":"https:\/\/akunq.net\/tr\/?p=67359#primaryimage"},"thumbnailUrl":"https:\/\/akunq.net\/tr\/wp-content\/uploads\/sites\/6\/2022\/03\/Estukyana-soru\u015fturma.jpeg","datePublished":"2022-03-04T08:28:33+00:00","author":{"@id":"https:\/\/akunq.net\/tr\/#\/schema\/person\/096f1d38a12cce57fb855b485ed24c9e"},"breadcrumb":{"@id":"https:\/\/akunq.net\/tr\/?p=67359#breadcrumb"},"inLanguage":"en-US","potentialAction":[{"@type":"ReadAction","target":["https:\/\/akunq.net\/tr\/?p=67359"]}]},{"@type":"ImageObject","inLanguage":"en-US","@id":"https:\/\/akunq.net\/tr\/?p=67359#primaryimage","url":"https:\/\/akunq.net\/tr\/wp-content\/uploads\/sites\/6\/2022\/03\/Estukyana-soru\u015fturma.jpeg","contentUrl":"https:\/\/akunq.net\/tr\/wp-content\/uploads\/sites\/6\/2022\/03\/Estukyana-soru\u015fturma.jpeg","width":864,"height":387},{"@type":"BreadcrumbList","@id":"https:\/\/akunq.net\/tr\/?p=67359#breadcrumb","itemListElement":[{"@type":"ListItem","position":1,"name":"Home","item":"https:\/\/akunq.net\/tr"},{"@type":"ListItem","position":2,"name":"Estukyan&#8217;a &#8220;Demokratik Modernite&#8221; dergisindeki yaz\u0131s\u0131 nedeniyle soru\u015fturma"}]},{"@type":"WebSite","@id":"https:\/\/akunq.net\/tr\/#website","url":"https:\/\/akunq.net\/tr\/","name":"Bati Ermenistan Ve Bati Ermenileri Sorunlari Ara\u015ftirmalar Merkezi","description":"","potentialAction":[{"@type":"SearchAction","target":{"@type":"EntryPoint","urlTemplate":"https:\/\/akunq.net\/tr\/?s={search_term_string}"},"query-input":{"@type":"PropertyValueSpecification","valueRequired":true,"valueName":"search_term_string"}}],"inLanguage":"en-US"},{"@type":"Person","@id":"https:\/\/akunq.net\/tr\/#\/schema\/person\/096f1d38a12cce57fb855b485ed24c9e","name":"admin","url":"https:\/\/akunq.net\/tr\/?author=7"}]}},"_links":{"self":[{"href":"https:\/\/akunq.net\/tr\/index.php?rest_route=\/wp\/v2\/posts\/67359","targetHints":{"allow":["GET"]}}],"collection":[{"href":"https:\/\/akunq.net\/tr\/index.php?rest_route=\/wp\/v2\/posts"}],"about":[{"href":"https:\/\/akunq.net\/tr\/index.php?rest_route=\/wp\/v2\/types\/post"}],"author":[{"embeddable":true,"href":"https:\/\/akunq.net\/tr\/index.php?rest_route=\/wp\/v2\/users\/7"}],"replies":[{"embeddable":true,"href":"https:\/\/akunq.net\/tr\/index.php?rest_route=%2Fwp%2Fv2%2Fcomments&post=67359"}],"version-history":[{"count":1,"href":"https:\/\/akunq.net\/tr\/index.php?rest_route=\/wp\/v2\/posts\/67359\/revisions"}],"predecessor-version":[{"id":67361,"href":"https:\/\/akunq.net\/tr\/index.php?rest_route=\/wp\/v2\/posts\/67359\/revisions\/67361"}],"wp:featuredmedia":[{"embeddable":true,"href":"https:\/\/akunq.net\/tr\/index.php?rest_route=\/wp\/v2\/media\/67360"}],"wp:attachment":[{"href":"https:\/\/akunq.net\/tr\/index.php?rest_route=%2Fwp%2Fv2%2Fmedia&parent=67359"}],"wp:term":[{"taxonomy":"category","embeddable":true,"href":"https:\/\/akunq.net\/tr\/index.php?rest_route=%2Fwp%2Fv2%2Fcategories&post=67359"},{"taxonomy":"post_tag","embeddable":true,"href":"https:\/\/akunq.net\/tr\/index.php?rest_route=%2Fwp%2Fv2%2Ftags&post=67359"}],"curies":[{"name":"wp","href":"https:\/\/api.w.org\/{rel}","templated":true}]}}