{"id":67339,"date":"2022-03-03T01:56:41","date_gmt":"2022-03-03T06:56:41","guid":{"rendered":"https:\/\/akunq.net\/tr\/?p=67339"},"modified":"2022-03-03T01:56:41","modified_gmt":"2022-03-03T06:56:41","slug":"ermenistan-antalya-diplomatik-forumuna-katilacak-mi","status":"publish","type":"post","link":"https:\/\/akunq.net\/tr\/?p=67339","title":{"rendered":"Ermenistan Antalya Diplomatik Forumu&#8217;na kat\u0131lacak m\u0131?"},"content":{"rendered":"<div class=\"html-content\">\n<p><img loading=\"lazy\" decoding=\"async\" class=\"aligncenter size-medium wp-image-67340\" src=\"https:\/\/akunq.net\/tr\/wp-content\/uploads\/2022\/03\/Ararat-Mirzoyan-360x242.jpg\" alt=\"\" width=\"360\" height=\"242\" srcset=\"https:\/\/akunq.net\/tr\/wp-content\/uploads\/sites\/6\/2022\/03\/Ararat-Mirzoyan-360x242.jpg 360w, https:\/\/akunq.net\/tr\/wp-content\/uploads\/sites\/6\/2022\/03\/Ararat-Mirzoyan-560x376.jpg 560w, https:\/\/akunq.net\/tr\/wp-content\/uploads\/sites\/6\/2022\/03\/Ararat-Mirzoyan-260x175.jpg 260w, https:\/\/akunq.net\/tr\/wp-content\/uploads\/sites\/6\/2022\/03\/Ararat-Mirzoyan-160x107.jpg 160w, https:\/\/akunq.net\/tr\/wp-content\/uploads\/sites\/6\/2022\/03\/Ararat-Mirzoyan.jpg 670w\" sizes=\"auto, (max-width: 360px) 100vw, 360px\" \/><\/p>\n<p><em><strong>Ermenistan D\u0131\u015fi\u015fleri Bakan\u0131 Ararat Mirzoyan, parlamentoda soru-cevap oturumu s\u0131ras\u0131nda, &#8220;Sivil S\u00f6zle\u015fme&#8221; partisi milletekili Sargis Khandanyan&#8217;\u0131n &#8220;D\u0131\u015fi\u015fleri Bakanl\u0131\u011f\u0131&#8217;n\u0131n Antalya Diplomatik Forumu&#8217;na kat\u0131lma konusunda tutumu nedir&#8221; sorusuna cevaben D\u0131\u015fi\u015fleri&#8217;nin hen\u00fcz bir karar\u0131 olmad\u0131\u011f\u0131n\u0131 a\u00e7\u0131klad\u0131.<\/strong><\/em><\/p>\n<p>Mirzoyan &#8220;Umar\u0131m kabul edersiniz ki d\u00fcnyada bir \u015feyler \u00e7ok h\u0131zl\u0131 geli\u015fiyor ve her g\u00fcn, her saniye de\u011fi\u015fiyor. Asl\u0131nda, ge\u00e7mi\u015fte k\u0131sa vadeli g\u00f6r\u00fcnen olaylar bile art\u0131k olduk\u00e7a uzun. Tarihleri \u200b\u200byakla\u015ft\u0131\u011f\u0131nda bir karar verece\u011fiz&#8221; ifadelerini kulland\u0131.<\/p>\n<\/div>\n<div class=\"current-author fl cb\"><em><strong>\u00a0<a class=\"a-none\" href=\"https:\/\/www.ermenihaber.am\/tr\/news\/2022\/03\/03\/Ermenistan-Antalya-Diplomatik-Forumu-T%C3%BCrkiye\/226580\">Ermenihaber.am<\/a><\/strong><\/em><\/div>\n<div class=\"cb\"><\/div>\n<div class=\"current-socials\">\n<div id=\"st-1\" class=\"sharethis-inline-share-buttons st-left  st-inline-share-buttons st-animated\">\n<div class=\"st-btn st-first\" data-network=\"facebook\"><\/div>\n<div class=\"st-btn\" data-network=\"twitter\"><\/div>\n<div class=\"st-btn\" data-network=\"pinterest\"><\/div>\n<div class=\"st-btn\" data-network=\"email\"><\/div>\n<div class=\"st-btn st-last\" data-network=\"sharethis\"><\/div>\n<\/div>\n<\/div>\n","protected":false},"excerpt":{"rendered":"<p>Ermenistan D\u0131\u015fi\u015fleri Bakan\u0131 Ararat Mirzoyan, parlamentoda soru-cevap oturumu s\u0131ras\u0131nda, &#8220;Sivil S\u00f6zle\u015fme&#8221; partisi milletekili Sargis Khandanyan&#8217;\u0131n &#8220;D\u0131\u015fi\u015fleri Bakanl\u0131\u011f\u0131&#8217;n\u0131n Antalya Diplomatik Forumu&#8217;na kat\u0131lma konusunda tutumu nedir&#8221; sorusuna cevaben D\u0131\u015fi\u015fleri&#8217;nin hen\u00fcz bir karar\u0131 olmad\u0131\u011f\u0131n\u0131 a\u00e7\u0131klad\u0131. Mirzoyan &#8220;Umar\u0131m kabul edersiniz ki d\u00fcnyada bir \u015feyler \u00e7ok h\u0131zl\u0131 geli\u015fiyor ve her g\u00fcn, her saniye de\u011fi\u015fiyor. Asl\u0131nda, ge\u00e7mi\u015fte k\u0131sa vadeli g\u00f6r\u00fcnen olaylar [&hellip;]<\/p>\n","protected":false},"author":7,"featured_media":67340,"comment_status":"open","ping_status":"open","sticky":false,"template":"","format":"standard","meta":{"footnotes":""},"categories":[1],"tags":[],"class_list":["post-67339","post","type-post","status-publish","format-standard","has-post-thumbnail","hentry","category-haberler"],"yoast_head":"<!-- This site is optimized with the Yoast SEO plugin v27.4 - https:\/\/yoast.com\/product\/yoast-seo-wordpress\/ -->\n<title>Ermenistan Antalya Diplomatik Forumu&#039;na kat\u0131lacak m\u0131? - Bati Ermenistan Ve Bati Ermenileri Sorunlari Ara\u015ftirmalar Merkezi<\/title>\n<meta name=\"robots\" content=\"index, follow, max-snippet:-1, max-image-preview:large, max-video-preview:-1\" \/>\n<link rel=\"canonical\" href=\"https:\/\/akunq.net\/tr\/?p=67339\" \/>\n<meta property=\"og:locale\" content=\"en_US\" \/>\n<meta property=\"og:type\" content=\"article\" \/>\n<meta property=\"og:title\" content=\"Ermenistan Antalya Diplomatik Forumu&#039;na kat\u0131lacak m\u0131? - Bati Ermenistan Ve Bati Ermenileri Sorunlari Ara\u015ftirmalar Merkezi\" \/>\n<meta property=\"og:description\" content=\"Ermenistan D\u0131\u015fi\u015fleri Bakan\u0131 Ararat Mirzoyan, parlamentoda soru-cevap oturumu s\u0131ras\u0131nda, &#8220;Sivil S\u00f6zle\u015fme&#8221; partisi milletekili Sargis Khandanyan&#8217;\u0131n &#8220;D\u0131\u015fi\u015fleri Bakanl\u0131\u011f\u0131&#8217;n\u0131n Antalya Diplomatik Forumu&#8217;na kat\u0131lma konusunda tutumu nedir&#8221; sorusuna cevaben D\u0131\u015fi\u015fleri&#8217;nin hen\u00fcz bir karar\u0131 olmad\u0131\u011f\u0131n\u0131 a\u00e7\u0131klad\u0131. Mirzoyan &#8220;Umar\u0131m kabul edersiniz ki d\u00fcnyada bir \u015feyler \u00e7ok h\u0131zl\u0131 geli\u015fiyor ve her g\u00fcn, her saniye de\u011fi\u015fiyor. Asl\u0131nda, ge\u00e7mi\u015fte k\u0131sa vadeli g\u00f6r\u00fcnen olaylar [&hellip;]\" \/>\n<meta property=\"og:url\" content=\"https:\/\/akunq.net\/tr\/?p=67339\" \/>\n<meta property=\"og:site_name\" content=\"Bati Ermenistan Ve Bati Ermenileri Sorunlari Ara\u015ftirmalar Merkezi\" \/>\n<meta property=\"article:published_time\" content=\"2022-03-03T06:56:41+00:00\" \/>\n<meta property=\"og:image\" content=\"https:\/\/akunq.net\/tr\/wp-content\/uploads\/sites\/6\/2022\/03\/Ararat-Mirzoyan.jpg\" \/>\n\t<meta property=\"og:image:width\" content=\"670\" \/>\n\t<meta property=\"og:image:height\" content=\"450\" \/>\n\t<meta property=\"og:image:type\" content=\"image\/jpeg\" \/>\n<meta name=\"author\" content=\"admin\" \/>\n<meta name=\"twitter:card\" content=\"summary_large_image\" \/>\n<meta name=\"twitter:label1\" content=\"Written by\" \/>\n\t<meta name=\"twitter:data1\" content=\"admin\" \/>\n\t<meta name=\"twitter:label2\" content=\"Est. reading time\" \/>\n\t<meta name=\"twitter:data2\" content=\"1 minute\" \/>\n<script type=\"application\/ld+json\" class=\"yoast-schema-graph\">{\"@context\":\"https:\\\/\\\/schema.org\",\"@graph\":[{\"@type\":\"Article\",\"@id\":\"https:\\\/\\\/akunq.net\\\/tr\\\/?p=67339#article\",\"isPartOf\":{\"@id\":\"https:\\\/\\\/akunq.net\\\/tr\\\/?p=67339\"},\"author\":{\"name\":\"admin\",\"@id\":\"https:\\\/\\\/akunq.net\\\/tr\\\/#\\\/schema\\\/person\\\/096f1d38a12cce57fb855b485ed24c9e\"},\"headline\":\"Ermenistan Antalya Diplomatik Forumu&#8217;na kat\u0131lacak m\u0131?\",\"datePublished\":\"2022-03-03T06:56:41+00:00\",\"mainEntityOfPage\":{\"@id\":\"https:\\\/\\\/akunq.net\\\/tr\\\/?p=67339\"},\"wordCount\":110,\"commentCount\":0,\"image\":{\"@id\":\"https:\\\/\\\/akunq.net\\\/tr\\\/?p=67339#primaryimage\"},\"thumbnailUrl\":\"https:\\\/\\\/akunq.net\\\/tr\\\/wp-content\\\/uploads\\\/sites\\\/6\\\/2022\\\/03\\\/Ararat-Mirzoyan.jpg\",\"articleSection\":[\"Haberler\"],\"inLanguage\":\"en-US\",\"potentialAction\":[{\"@type\":\"CommentAction\",\"name\":\"Comment\",\"target\":[\"https:\\\/\\\/akunq.net\\\/tr\\\/?p=67339#respond\"]}]},{\"@type\":\"WebPage\",\"@id\":\"https:\\\/\\\/akunq.net\\\/tr\\\/?p=67339\",\"url\":\"https:\\\/\\\/akunq.net\\\/tr\\\/?p=67339\",\"name\":\"Ermenistan Antalya Diplomatik Forumu'na kat\u0131lacak m\u0131? - Bati Ermenistan Ve Bati Ermenileri Sorunlari Ara\u015ftirmalar Merkezi\",\"isPartOf\":{\"@id\":\"https:\\\/\\\/akunq.net\\\/tr\\\/#website\"},\"primaryImageOfPage\":{\"@id\":\"https:\\\/\\\/akunq.net\\\/tr\\\/?p=67339#primaryimage\"},\"image\":{\"@id\":\"https:\\\/\\\/akunq.net\\\/tr\\\/?p=67339#primaryimage\"},\"thumbnailUrl\":\"https:\\\/\\\/akunq.net\\\/tr\\\/wp-content\\\/uploads\\\/sites\\\/6\\\/2022\\\/03\\\/Ararat-Mirzoyan.jpg\",\"datePublished\":\"2022-03-03T06:56:41+00:00\",\"author\":{\"@id\":\"https:\\\/\\\/akunq.net\\\/tr\\\/#\\\/schema\\\/person\\\/096f1d38a12cce57fb855b485ed24c9e\"},\"breadcrumb\":{\"@id\":\"https:\\\/\\\/akunq.net\\\/tr\\\/?p=67339#breadcrumb\"},\"inLanguage\":\"en-US\",\"potentialAction\":[{\"@type\":\"ReadAction\",\"target\":[\"https:\\\/\\\/akunq.net\\\/tr\\\/?p=67339\"]}]},{\"@type\":\"ImageObject\",\"inLanguage\":\"en-US\",\"@id\":\"https:\\\/\\\/akunq.net\\\/tr\\\/?p=67339#primaryimage\",\"url\":\"https:\\\/\\\/akunq.net\\\/tr\\\/wp-content\\\/uploads\\\/sites\\\/6\\\/2022\\\/03\\\/Ararat-Mirzoyan.jpg\",\"contentUrl\":\"https:\\\/\\\/akunq.net\\\/tr\\\/wp-content\\\/uploads\\\/sites\\\/6\\\/2022\\\/03\\\/Ararat-Mirzoyan.jpg\",\"width\":670,\"height\":450},{\"@type\":\"BreadcrumbList\",\"@id\":\"https:\\\/\\\/akunq.net\\\/tr\\\/?p=67339#breadcrumb\",\"itemListElement\":[{\"@type\":\"ListItem\",\"position\":1,\"name\":\"Home\",\"item\":\"https:\\\/\\\/akunq.net\\\/tr\"},{\"@type\":\"ListItem\",\"position\":2,\"name\":\"Ermenistan Antalya Diplomatik Forumu&#8217;na kat\u0131lacak m\u0131?\"}]},{\"@type\":\"WebSite\",\"@id\":\"https:\\\/\\\/akunq.net\\\/tr\\\/#website\",\"url\":\"https:\\\/\\\/akunq.net\\\/tr\\\/\",\"name\":\"Bati Ermenistan Ve Bati Ermenileri Sorunlari Ara\u015ftirmalar Merkezi\",\"description\":\"\",\"potentialAction\":[{\"@type\":\"SearchAction\",\"target\":{\"@type\":\"EntryPoint\",\"urlTemplate\":\"https:\\\/\\\/akunq.net\\\/tr\\\/?s={search_term_string}\"},\"query-input\":{\"@type\":\"PropertyValueSpecification\",\"valueRequired\":true,\"valueName\":\"search_term_string\"}}],\"inLanguage\":\"en-US\"},{\"@type\":\"Person\",\"@id\":\"https:\\\/\\\/akunq.net\\\/tr\\\/#\\\/schema\\\/person\\\/096f1d38a12cce57fb855b485ed24c9e\",\"name\":\"admin\",\"url\":\"https:\\\/\\\/akunq.net\\\/tr\\\/?author=7\"}]}<\/script>\n<!-- \/ Yoast SEO plugin. -->","yoast_head_json":{"title":"Ermenistan Antalya Diplomatik Forumu'na kat\u0131lacak m\u0131? - Bati Ermenistan Ve Bati Ermenileri Sorunlari Ara\u015ftirmalar Merkezi","robots":{"index":"index","follow":"follow","max-snippet":"max-snippet:-1","max-image-preview":"max-image-preview:large","max-video-preview":"max-video-preview:-1"},"canonical":"https:\/\/akunq.net\/tr\/?p=67339","og_locale":"en_US","og_type":"article","og_title":"Ermenistan Antalya Diplomatik Forumu'na kat\u0131lacak m\u0131? - Bati Ermenistan Ve Bati Ermenileri Sorunlari Ara\u015ftirmalar Merkezi","og_description":"Ermenistan D\u0131\u015fi\u015fleri Bakan\u0131 Ararat Mirzoyan, parlamentoda soru-cevap oturumu s\u0131ras\u0131nda, &#8220;Sivil S\u00f6zle\u015fme&#8221; partisi milletekili Sargis Khandanyan&#8217;\u0131n &#8220;D\u0131\u015fi\u015fleri Bakanl\u0131\u011f\u0131&#8217;n\u0131n Antalya Diplomatik Forumu&#8217;na kat\u0131lma konusunda tutumu nedir&#8221; sorusuna cevaben D\u0131\u015fi\u015fleri&#8217;nin hen\u00fcz bir karar\u0131 olmad\u0131\u011f\u0131n\u0131 a\u00e7\u0131klad\u0131. Mirzoyan &#8220;Umar\u0131m kabul edersiniz ki d\u00fcnyada bir \u015feyler \u00e7ok h\u0131zl\u0131 geli\u015fiyor ve her g\u00fcn, her saniye de\u011fi\u015fiyor. Asl\u0131nda, ge\u00e7mi\u015fte k\u0131sa vadeli g\u00f6r\u00fcnen olaylar [&hellip;]","og_url":"https:\/\/akunq.net\/tr\/?p=67339","og_site_name":"Bati Ermenistan Ve Bati Ermenileri Sorunlari Ara\u015ftirmalar Merkezi","article_published_time":"2022-03-03T06:56:41+00:00","og_image":[{"width":670,"height":450,"url":"https:\/\/akunq.net\/tr\/wp-content\/uploads\/sites\/6\/2022\/03\/Ararat-Mirzoyan.jpg","type":"image\/jpeg"}],"author":"admin","twitter_card":"summary_large_image","twitter_misc":{"Written by":"admin","Est. reading time":"1 minute"},"schema":{"@context":"https:\/\/schema.org","@graph":[{"@type":"Article","@id":"https:\/\/akunq.net\/tr\/?p=67339#article","isPartOf":{"@id":"https:\/\/akunq.net\/tr\/?p=67339"},"author":{"name":"admin","@id":"https:\/\/akunq.net\/tr\/#\/schema\/person\/096f1d38a12cce57fb855b485ed24c9e"},"headline":"Ermenistan Antalya Diplomatik Forumu&#8217;na kat\u0131lacak m\u0131?","datePublished":"2022-03-03T06:56:41+00:00","mainEntityOfPage":{"@id":"https:\/\/akunq.net\/tr\/?p=67339"},"wordCount":110,"commentCount":0,"image":{"@id":"https:\/\/akunq.net\/tr\/?p=67339#primaryimage"},"thumbnailUrl":"https:\/\/akunq.net\/tr\/wp-content\/uploads\/sites\/6\/2022\/03\/Ararat-Mirzoyan.jpg","articleSection":["Haberler"],"inLanguage":"en-US","potentialAction":[{"@type":"CommentAction","name":"Comment","target":["https:\/\/akunq.net\/tr\/?p=67339#respond"]}]},{"@type":"WebPage","@id":"https:\/\/akunq.net\/tr\/?p=67339","url":"https:\/\/akunq.net\/tr\/?p=67339","name":"Ermenistan Antalya Diplomatik Forumu'na kat\u0131lacak m\u0131? - Bati Ermenistan Ve Bati Ermenileri Sorunlari Ara\u015ftirmalar Merkezi","isPartOf":{"@id":"https:\/\/akunq.net\/tr\/#website"},"primaryImageOfPage":{"@id":"https:\/\/akunq.net\/tr\/?p=67339#primaryimage"},"image":{"@id":"https:\/\/akunq.net\/tr\/?p=67339#primaryimage"},"thumbnailUrl":"https:\/\/akunq.net\/tr\/wp-content\/uploads\/sites\/6\/2022\/03\/Ararat-Mirzoyan.jpg","datePublished":"2022-03-03T06:56:41+00:00","author":{"@id":"https:\/\/akunq.net\/tr\/#\/schema\/person\/096f1d38a12cce57fb855b485ed24c9e"},"breadcrumb":{"@id":"https:\/\/akunq.net\/tr\/?p=67339#breadcrumb"},"inLanguage":"en-US","potentialAction":[{"@type":"ReadAction","target":["https:\/\/akunq.net\/tr\/?p=67339"]}]},{"@type":"ImageObject","inLanguage":"en-US","@id":"https:\/\/akunq.net\/tr\/?p=67339#primaryimage","url":"https:\/\/akunq.net\/tr\/wp-content\/uploads\/sites\/6\/2022\/03\/Ararat-Mirzoyan.jpg","contentUrl":"https:\/\/akunq.net\/tr\/wp-content\/uploads\/sites\/6\/2022\/03\/Ararat-Mirzoyan.jpg","width":670,"height":450},{"@type":"BreadcrumbList","@id":"https:\/\/akunq.net\/tr\/?p=67339#breadcrumb","itemListElement":[{"@type":"ListItem","position":1,"name":"Home","item":"https:\/\/akunq.net\/tr"},{"@type":"ListItem","position":2,"name":"Ermenistan Antalya Diplomatik Forumu&#8217;na kat\u0131lacak m\u0131?"}]},{"@type":"WebSite","@id":"https:\/\/akunq.net\/tr\/#website","url":"https:\/\/akunq.net\/tr\/","name":"Bati Ermenistan Ve Bati Ermenileri Sorunlari Ara\u015ftirmalar Merkezi","description":"","potentialAction":[{"@type":"SearchAction","target":{"@type":"EntryPoint","urlTemplate":"https:\/\/akunq.net\/tr\/?s={search_term_string}"},"query-input":{"@type":"PropertyValueSpecification","valueRequired":true,"valueName":"search_term_string"}}],"inLanguage":"en-US"},{"@type":"Person","@id":"https:\/\/akunq.net\/tr\/#\/schema\/person\/096f1d38a12cce57fb855b485ed24c9e","name":"admin","url":"https:\/\/akunq.net\/tr\/?author=7"}]}},"_links":{"self":[{"href":"https:\/\/akunq.net\/tr\/index.php?rest_route=\/wp\/v2\/posts\/67339","targetHints":{"allow":["GET"]}}],"collection":[{"href":"https:\/\/akunq.net\/tr\/index.php?rest_route=\/wp\/v2\/posts"}],"about":[{"href":"https:\/\/akunq.net\/tr\/index.php?rest_route=\/wp\/v2\/types\/post"}],"author":[{"embeddable":true,"href":"https:\/\/akunq.net\/tr\/index.php?rest_route=\/wp\/v2\/users\/7"}],"replies":[{"embeddable":true,"href":"https:\/\/akunq.net\/tr\/index.php?rest_route=%2Fwp%2Fv2%2Fcomments&post=67339"}],"version-history":[{"count":1,"href":"https:\/\/akunq.net\/tr\/index.php?rest_route=\/wp\/v2\/posts\/67339\/revisions"}],"predecessor-version":[{"id":67341,"href":"https:\/\/akunq.net\/tr\/index.php?rest_route=\/wp\/v2\/posts\/67339\/revisions\/67341"}],"wp:featuredmedia":[{"embeddable":true,"href":"https:\/\/akunq.net\/tr\/index.php?rest_route=\/wp\/v2\/media\/67340"}],"wp:attachment":[{"href":"https:\/\/akunq.net\/tr\/index.php?rest_route=%2Fwp%2Fv2%2Fmedia&parent=67339"}],"wp:term":[{"taxonomy":"category","embeddable":true,"href":"https:\/\/akunq.net\/tr\/index.php?rest_route=%2Fwp%2Fv2%2Fcategories&post=67339"},{"taxonomy":"post_tag","embeddable":true,"href":"https:\/\/akunq.net\/tr\/index.php?rest_route=%2Fwp%2Fv2%2Ftags&post=67339"}],"curies":[{"name":"wp","href":"https:\/\/api.w.org\/{rel}","templated":true}]}}