{"id":67323,"date":"2022-03-02T04:40:12","date_gmt":"2022-03-02T09:40:12","guid":{"rendered":"https:\/\/akunq.net\/tr\/?p=67323"},"modified":"2022-03-02T04:40:12","modified_gmt":"2022-03-02T09:40:12","slug":"istanbul-muzik-festivali-50-yasinda","status":"publish","type":"post","link":"https:\/\/akunq.net\/tr\/?p=67323","title":{"rendered":"\u0130stanbul M\u00fczik Festivali 50 ya\u015f\u0131nda"},"content":{"rendered":"<p><img loading=\"lazy\" decoding=\"async\" class=\"aligncenter size-medium wp-image-67324\" src=\"https:\/\/akunq.net\/tr\/wp-content\/uploads\/2022\/03\/\u0130stanbul-M\u00fczik-Festivali-360x233.jpg\" alt=\"\" width=\"360\" height=\"233\" srcset=\"https:\/\/akunq.net\/tr\/wp-content\/uploads\/sites\/6\/2022\/03\/\u0130stanbul-M\u00fczik-Festivali-360x233.jpg 360w, https:\/\/akunq.net\/tr\/wp-content\/uploads\/sites\/6\/2022\/03\/\u0130stanbul-M\u00fczik-Festivali-260x168.jpg 260w, https:\/\/akunq.net\/tr\/wp-content\/uploads\/sites\/6\/2022\/03\/\u0130stanbul-M\u00fczik-Festivali-160x104.jpg 160w, https:\/\/akunq.net\/tr\/wp-content\/uploads\/sites\/6\/2022\/03\/\u0130stanbul-M\u00fczik-Festivali.jpg 500w\" sizes=\"auto, (max-width: 360px) 100vw, 360px\" \/><\/p>\n<p><em><strong>Her konser i\u00e7in belirli say\u0131da \u00f6\u011frenci bileti ise 10 TL\u2019den sat\u0131\u015fa \u00e7\u0131kacak. Konservatuvarlar\u0131n m\u00fczik ve \u015fan b\u00f6l\u00fcm\u00fc \u00f6\u011frencileri her y\u0131l oldu\u011fu gibi bu y\u0131l da \u0130stanbul M\u00fczik Festivali konserlerini \u00fccretsiz olarak izleyebilecek.<\/strong><\/em><\/p>\n<p>\u0130stanbul K\u00fclt\u00fcr Sanat Vakf\u0131\u2019n\u0131n ilk festivali olan \u0130stanbul M\u00fczik Festivali, 2022\u2019de 50. ya\u015f\u0131n\u0131 kutluyor. 6-24 Haziran tarihleri aras\u0131nda ger\u00e7ekle\u015ftirilecek festivalin temas\u0131, \u201c\u0130stanbul.\u201d<\/p>\n<p>\u00dc\u00e7 hafta boyunca 12 farkl\u0131 mek\u00e2nda T\u00fcrkiye ve yurtd\u0131\u015f\u0131ndan 65\u2019in \u00fczerinde solist, topluluk ve orkestray\u0131 a\u011f\u0131rlayacak olan festival, \u015fef ve besteci Tan Dun ile \u015fef ve piyanist Thomas Ad\u00e8s\u2019e verdi\u011fi eser sipari\u015flerinin T\u00fcrkiye pr\u00f6miyerlerine ev sahipli\u011fi yapacak.<br \/>\nDeutches Symphonie Orchester Berlin, Tekfen Filarmoni Orkestras\u0131, Borusan \u0130stanbul Filarmoni Orkestras\u0131 gibi \u00f6nemli topluluklar ve Anna Prohaska, Gautier Capu\u00e7on, Alice Sara Ott gibi y\u0131ld\u0131z solistler de festivalin konuklar\u0131 aras\u0131nda yer alacak.<\/p>\n<p><strong>AKM yeniden festival mekan\u0131<\/strong><\/p>\n<p>Atat\u00fcrk K\u00fclt\u00fcr Merkezi (AKM) uzun y\u0131llar sonra ilk defa 50. y\u0131l\u0131nda yeniden festival mek\u00e2nlar\u0131 aras\u0131nda yer alacak. \u0130stanbul M\u00fczik Festivali kapsam\u0131nda hafta sonlar\u0131 \u0130stanbul\u2019un farkl\u0131 park ve mek\u00e2nlar\u0131nda \u00fccretsiz hafta sonu konserlerinin yan\u0131 s\u0131ra \u0130KSV Alt Kat i\u015fbirli\u011fiyle ger\u00e7ekle\u015ftirilen M\u00fczikli Bir Hafta Sonu etkinlikleri ile \u00e7ocuklara ve gen\u00e7lere y\u00f6nelik at\u00f6lyeler de d\u00fczenlenecek.<\/p>\n<p>Bu y\u0131lki Onur \u00d6d\u00fcl\u00fc, besteci ve e\u011fitimci Prof. \u00d6zkan Manav\u2019a; Ya\u015fam Boyu Ba\u015far\u0131 \u00d6d\u00fcl\u00fc ise d\u00fcnyaca \u00fcnl\u00fc \u015fef ve besteci Tan Dun\u2019a sunulacak.<\/p>\n<p>4 Mart\u2019ta ba\u015flayacak indirimli \u00f6n sat\u0131\u015f d\u00f6neminin ard\u0131ndan biletler, 11 Mart Cuma g\u00fcn\u00fc 10.30\u2019dan itibaren, passo.com.tr internet sitesi \u00fczerinden ve \u0130KSV ana gi\u015feden genel sat\u0131\u015fa sunulacak.<\/p>\n<p>Her konser i\u00e7in belirli say\u0131da \u00f6\u011frenci bileti ise 10 TL\u2019den sat\u0131\u015fa \u00e7\u0131kacak. Konservatuvarlar\u0131n m\u00fczik ve \u015fan b\u00f6l\u00fcm\u00fc \u00f6\u011frencileri her y\u0131l oldu\u011fu gibi bu y\u0131l da \u0130stanbul M\u00fczik Festivali konserlerini \u00fccretsiz olarak izleyebilecek.<\/p>\n<p><strong>\u201c\u00c7oksesli, \u00e7okdilli, \u00e7okk\u00fclt\u00fcrl\u00fc \u0130stanbul\u201d<\/strong><\/p>\n<p>\u0130stanbul M\u00fczik Festivali Direkt\u00f6r\u00fc Efruz \u00c7ak\u0131rkaya festivalin program\u0131n\u0131n tan\u0131t\u0131ld\u0131\u011f\u0131 toplant\u0131da \u015funlar\u0131 s\u00f6yledi:<\/p>\n<p>\u201cGe\u00e7en 50 y\u0131l s\u00fcresince \u015fehrin k\u00fclt\u00fcrel haf\u0131zas\u0131nda b\u00fcy\u00fck yer edinen \u0130stanbul M\u00fczik Festivali, bu \u00f6nemli kutlama y\u0131l\u0131nda temas\u0131n\u0131 \u0130stanbul\u2019a, zengin tarihi boyunca farkl\u0131 k\u00fclt\u00fcrlere ev sahipli\u011fi yapm\u0131\u015f ve nice sanat\u00e7\u0131ya ilham vermi\u015f bu g\u00fczel ve \u00f6zel \u015fehre ad\u0131yor.<\/p>\n<p>\u201c\u0130smini, enerjisini ve esinini d\u00fcnyan\u0131n bu en b\u00fcy\u00fcl\u00fc \u015fehrinden alan festival, 50. program\u0131nda, \u0130stanbul\u2019un \u00e7oksesli, \u00e7okdilli, \u00e7okk\u00fclt\u00fcrl\u00fc yap\u0131s\u0131na adanan, zaman zaman ge\u00e7mi\u015f festivalleri de an\u0131msatan \u00f6zel projelere ve repertuvarlara yer verecek.\u201d<\/p>\n<p><strong>Festival mek\u00e2nlar\u0131<\/strong><br \/>\nBeyo\u011flu\u2019nda Atat\u00fcrk K\u00fclt\u00fcr Merkezi (AKM), Frans\u0131z Saray\u0131, Tophane-i Amire K\u00fclt\u00fcr ve Sanat Merkezi, Emirgan\u2019da Sak\u0131p Sabanc\u0131 M\u00fczesi F\u0131st\u0131kl\u0131 Teras, Harbiye\u2019de Cemal Re\u015fit Rey Konser Salonu ve Harbiye Saint Esprit Katedrali ve Kad\u0131k\u00f6y\u2019de S\u00fcreyya Operas\u0131, Yelde\u011firmeni Sanat Merkezi, Kad\u0131k\u00f6y Hemdat \u0130srael Sinagogu, Bahariye Aya Triada Rum Ortodoks Kilisesi ve Moda Meryem Ana-Asompsiyon Kilisesi.<\/p>\n<p><strong>Programdaki baz\u0131 konserler<\/strong><\/p>\n<p>\u00c7a\u011fda\u015f klasik m\u00fczi\u011fin \u00f6nde gelen isimlerinden, Grammy ve Oscar\u2019\u0131n (Kaplan ve Ejderha-Crouching Tiger Hidden Dragon) da bulundu\u011fu pek \u00e7ok \u00f6d\u00fcl\u00fcn sahibi olan Tan Dun bir T\u00fcrkiye pr\u00f6miyeriyle festivale konuk olacak. \u0130stanbul M\u00fczik Festivali ile Borusan Sanat\u2019\u0131n ortak sipari\u015f\u00e7ileri aras\u0131nda oldu\u011fu eseri \u201c\u0130kili Kon\u00e7erto\u201d, T\u00fcrkiye\u2019de ilk kez seslendirilecek.<\/p>\n<p>Festival, 6 Haziran ak\u015fam\u0131 AKM Opera Salonu\u2019nda d\u00fczenlenecek a\u00e7\u0131l\u0131\u015f t\u00f6reni ve konseriyle ba\u015flayacak. Festivalin a\u00e7\u0131l\u0131\u015f\u0131n\u0131 2019-2022 Festival A\u00e7\u0131l\u0131\u015f Konseri Orkestras\u0131 olan, \u015fef Aziz Shokhakimov y\u00f6netimindeki Tekfen Filarmoni Orkestras\u0131 yapacak.<\/p>\n<p>Faz\u0131l Say, ona 2013\u2019te ECHO Klassik \u00d6d\u00fcl\u00fc\u2019n\u00fc getiren \u00fcnl\u00fc ilk senfonisi \u201c\u0130stanbul\u201d ile festivale konuk oluyor. 7 ayr\u0131 b\u00f6l\u00fcmden olu\u015fan ve her biri farkl\u0131 konu ba\u015fl\u0131klar\u0131 alt\u0131nda \u0130stanbul\u2019un de\u011fi\u015fik bir y\u00f6n\u00fcn\u00fc anlatan \u0130stanbul Senfonisi; her biri kendi sazlar\u0131n\u0131n virt\u00fc\u00f6zleri olan Aykut K\u00f6selerli, Burcu Karada\u011f ve Hakan G\u00f6ng\u00f6r\u2019\u00fcn solist olarak yer alaca\u011f\u0131 konserde Can Okan y\u00f6netimindeki Bilkent Senfoni Orkestras\u0131 taraf\u0131ndan seslendirilecek.<br \/>\nDeutsches Symphonie-Orchester Berlin ile opera sahnelerinin divas\u0131 Anna Prohaska ayn\u0131 sahnede bulu\u015facak.<\/p>\n<p>Viyolonselci Gautier Capu\u00e7on, Cemi\u2019i Can Deliorman y\u00f6netimindeki Cumhurba\u015fkanl\u0131\u011f\u0131 Senfoni Orkestras\u0131 (CSO) ile festivale konuk olacak. Capu\u00e7on\u2019un, Edgar\u2019\u0131n en \u00fcnl\u00fc eserlerinden biri olan Viyolonsel Kon\u00e7ertosu\u2019nu seslendirece\u011fi konserde CSO, \u201cger\u00e7ek bir \u0130stanbul bestecisi\u201d olarak an\u0131lan Cemal Re\u015fit Rey\u2019in \u015fehre dair tutkusunu yans\u0131tan Enstantaneler\u2019ini ve Dvo\u0159\u00e1k\u2019\u0131n \u201cYeni D\u00fcnyadan\u201d ba\u015fl\u0131\u011f\u0131n\u0131 ta\u015f\u0131yan senfonisini yorumlayacak.<br \/>\nProgram\u0131nda \u0130stanbul\u2019a dair \u00f6zel eserlerin yer ald\u0131\u011f\u0131 \u201cEy G\u00fczel \u0130stanbul, Benim Sevgili Y\u00e2rim\u201d \u0130stanbul Semt \u015eark\u0131lar\u0131 ba\u015fl\u0131kl\u0131 konserin program\u0131nda ise Lavtac\u0131 Hristo A\u011fa, Yesari As\u0131m Arsoy, Refik Fersan ve M\u00fcnir Nurettin Sel\u00e7uk gibi bestecilerin \u0130stanbul\u2019un semtlerini m\u00fczikle tasvir etti\u011fi eserleri var. Konserde, Dilek T\u00fcrkan ve \u0130brahim Suat Erbay\u2019\u0131n sesleri ve Derya T\u00fcrkan, \u00d6zata Ayan, Mete Aslan, Volkan Erten, Serdar Bi\u015firen ve Devrim Ekiz\u2019in enstr\u00fcmanlar\u0131 bulu\u015facak.<\/p>\n<hr \/>\n<p><em><strong><a href=\"https:\/\/bianet.org\/bianet\/yasam\/258433-istanbul-muzik-festivali-50-yasinda?bia_source=rss\" target=\"_blank\" rel=\"noopener noreferrer\">Bianet<\/a>\u00a0<\/strong><\/em><\/p>\n","protected":false},"excerpt":{"rendered":"<p>Her konser i\u00e7in belirli say\u0131da \u00f6\u011frenci bileti ise 10 TL\u2019den sat\u0131\u015fa \u00e7\u0131kacak. Konservatuvarlar\u0131n m\u00fczik ve \u015fan b\u00f6l\u00fcm\u00fc \u00f6\u011frencileri her y\u0131l oldu\u011fu gibi bu y\u0131l da \u0130stanbul M\u00fczik Festivali konserlerini \u00fccretsiz olarak izleyebilecek. \u0130stanbul K\u00fclt\u00fcr Sanat Vakf\u0131\u2019n\u0131n ilk festivali olan \u0130stanbul M\u00fczik Festivali, 2022\u2019de 50. ya\u015f\u0131n\u0131 kutluyor. 6-24 Haziran tarihleri aras\u0131nda ger\u00e7ekle\u015ftirilecek festivalin temas\u0131, \u201c\u0130stanbul.\u201d \u00dc\u00e7 [&hellip;]<\/p>\n","protected":false},"author":7,"featured_media":67324,"comment_status":"open","ping_status":"open","sticky":false,"template":"","format":"standard","meta":{"footnotes":""},"categories":[1],"tags":[],"class_list":["post-67323","post","type-post","status-publish","format-standard","has-post-thumbnail","hentry","category-haberler"],"yoast_head":"<!-- This site is optimized with the Yoast SEO plugin v27.4 - https:\/\/yoast.com\/product\/yoast-seo-wordpress\/ -->\n<title>\u0130stanbul M\u00fczik Festivali 50 ya\u015f\u0131nda - Bati Ermenistan Ve Bati Ermenileri Sorunlari Ara\u015ftirmalar Merkezi<\/title>\n<meta name=\"robots\" content=\"index, follow, max-snippet:-1, max-image-preview:large, max-video-preview:-1\" \/>\n<link rel=\"canonical\" href=\"https:\/\/akunq.net\/tr\/?p=67323\" \/>\n<meta property=\"og:locale\" content=\"en_US\" \/>\n<meta property=\"og:type\" content=\"article\" \/>\n<meta property=\"og:title\" content=\"\u0130stanbul M\u00fczik Festivali 50 ya\u015f\u0131nda - Bati Ermenistan Ve Bati Ermenileri Sorunlari Ara\u015ftirmalar Merkezi\" \/>\n<meta property=\"og:description\" content=\"Her konser i\u00e7in belirli say\u0131da \u00f6\u011frenci bileti ise 10 TL\u2019den sat\u0131\u015fa \u00e7\u0131kacak. Konservatuvarlar\u0131n m\u00fczik ve \u015fan b\u00f6l\u00fcm\u00fc \u00f6\u011frencileri her y\u0131l oldu\u011fu gibi bu y\u0131l da \u0130stanbul M\u00fczik Festivali konserlerini \u00fccretsiz olarak izleyebilecek. \u0130stanbul K\u00fclt\u00fcr Sanat Vakf\u0131\u2019n\u0131n ilk festivali olan \u0130stanbul M\u00fczik Festivali, 2022\u2019de 50. ya\u015f\u0131n\u0131 kutluyor. 6-24 Haziran tarihleri aras\u0131nda ger\u00e7ekle\u015ftirilecek festivalin temas\u0131, \u201c\u0130stanbul.\u201d \u00dc\u00e7 [&hellip;]\" \/>\n<meta property=\"og:url\" content=\"https:\/\/akunq.net\/tr\/?p=67323\" \/>\n<meta property=\"og:site_name\" content=\"Bati Ermenistan Ve Bati Ermenileri Sorunlari Ara\u015ftirmalar Merkezi\" \/>\n<meta property=\"article:published_time\" content=\"2022-03-02T09:40:12+00:00\" \/>\n<meta property=\"og:image\" content=\"https:\/\/akunq.net\/tr\/wp-content\/uploads\/sites\/6\/2022\/03\/\u0130stanbul-M\u00fczik-Festivali.jpg\" \/>\n\t<meta property=\"og:image:width\" content=\"500\" \/>\n\t<meta property=\"og:image:height\" content=\"324\" \/>\n\t<meta property=\"og:image:type\" content=\"image\/jpeg\" \/>\n<meta name=\"author\" content=\"admin\" \/>\n<meta name=\"twitter:card\" content=\"summary_large_image\" \/>\n<meta name=\"twitter:label1\" content=\"Written by\" \/>\n\t<meta name=\"twitter:data1\" content=\"admin\" \/>\n\t<meta name=\"twitter:label2\" content=\"Est. reading time\" \/>\n\t<meta name=\"twitter:data2\" content=\"5 minutes\" \/>\n<script type=\"application\/ld+json\" class=\"yoast-schema-graph\">{\"@context\":\"https:\\\/\\\/schema.org\",\"@graph\":[{\"@type\":\"Article\",\"@id\":\"https:\\\/\\\/akunq.net\\\/tr\\\/?p=67323#article\",\"isPartOf\":{\"@id\":\"https:\\\/\\\/akunq.net\\\/tr\\\/?p=67323\"},\"author\":{\"name\":\"admin\",\"@id\":\"https:\\\/\\\/akunq.net\\\/tr\\\/#\\\/schema\\\/person\\\/096f1d38a12cce57fb855b485ed24c9e\"},\"headline\":\"\u0130stanbul M\u00fczik Festivali 50 ya\u015f\u0131nda\",\"datePublished\":\"2022-03-02T09:40:12+00:00\",\"mainEntityOfPage\":{\"@id\":\"https:\\\/\\\/akunq.net\\\/tr\\\/?p=67323\"},\"wordCount\":908,\"commentCount\":0,\"image\":{\"@id\":\"https:\\\/\\\/akunq.net\\\/tr\\\/?p=67323#primaryimage\"},\"thumbnailUrl\":\"https:\\\/\\\/akunq.net\\\/tr\\\/wp-content\\\/uploads\\\/sites\\\/6\\\/2022\\\/03\\\/\u0130stanbul-M\u00fczik-Festivali.jpg\",\"articleSection\":[\"Haberler\"],\"inLanguage\":\"en-US\",\"potentialAction\":[{\"@type\":\"CommentAction\",\"name\":\"Comment\",\"target\":[\"https:\\\/\\\/akunq.net\\\/tr\\\/?p=67323#respond\"]}]},{\"@type\":\"WebPage\",\"@id\":\"https:\\\/\\\/akunq.net\\\/tr\\\/?p=67323\",\"url\":\"https:\\\/\\\/akunq.net\\\/tr\\\/?p=67323\",\"name\":\"\u0130stanbul M\u00fczik Festivali 50 ya\u015f\u0131nda - Bati Ermenistan Ve Bati Ermenileri Sorunlari Ara\u015ftirmalar Merkezi\",\"isPartOf\":{\"@id\":\"https:\\\/\\\/akunq.net\\\/tr\\\/#website\"},\"primaryImageOfPage\":{\"@id\":\"https:\\\/\\\/akunq.net\\\/tr\\\/?p=67323#primaryimage\"},\"image\":{\"@id\":\"https:\\\/\\\/akunq.net\\\/tr\\\/?p=67323#primaryimage\"},\"thumbnailUrl\":\"https:\\\/\\\/akunq.net\\\/tr\\\/wp-content\\\/uploads\\\/sites\\\/6\\\/2022\\\/03\\\/\u0130stanbul-M\u00fczik-Festivali.jpg\",\"datePublished\":\"2022-03-02T09:40:12+00:00\",\"author\":{\"@id\":\"https:\\\/\\\/akunq.net\\\/tr\\\/#\\\/schema\\\/person\\\/096f1d38a12cce57fb855b485ed24c9e\"},\"breadcrumb\":{\"@id\":\"https:\\\/\\\/akunq.net\\\/tr\\\/?p=67323#breadcrumb\"},\"inLanguage\":\"en-US\",\"potentialAction\":[{\"@type\":\"ReadAction\",\"target\":[\"https:\\\/\\\/akunq.net\\\/tr\\\/?p=67323\"]}]},{\"@type\":\"ImageObject\",\"inLanguage\":\"en-US\",\"@id\":\"https:\\\/\\\/akunq.net\\\/tr\\\/?p=67323#primaryimage\",\"url\":\"https:\\\/\\\/akunq.net\\\/tr\\\/wp-content\\\/uploads\\\/sites\\\/6\\\/2022\\\/03\\\/\u0130stanbul-M\u00fczik-Festivali.jpg\",\"contentUrl\":\"https:\\\/\\\/akunq.net\\\/tr\\\/wp-content\\\/uploads\\\/sites\\\/6\\\/2022\\\/03\\\/\u0130stanbul-M\u00fczik-Festivali.jpg\",\"width\":500,\"height\":324},{\"@type\":\"BreadcrumbList\",\"@id\":\"https:\\\/\\\/akunq.net\\\/tr\\\/?p=67323#breadcrumb\",\"itemListElement\":[{\"@type\":\"ListItem\",\"position\":1,\"name\":\"Home\",\"item\":\"https:\\\/\\\/akunq.net\\\/tr\"},{\"@type\":\"ListItem\",\"position\":2,\"name\":\"\u0130stanbul M\u00fczik Festivali 50 ya\u015f\u0131nda\"}]},{\"@type\":\"WebSite\",\"@id\":\"https:\\\/\\\/akunq.net\\\/tr\\\/#website\",\"url\":\"https:\\\/\\\/akunq.net\\\/tr\\\/\",\"name\":\"Bati Ermenistan Ve Bati Ermenileri Sorunlari Ara\u015ftirmalar Merkezi\",\"description\":\"\",\"potentialAction\":[{\"@type\":\"SearchAction\",\"target\":{\"@type\":\"EntryPoint\",\"urlTemplate\":\"https:\\\/\\\/akunq.net\\\/tr\\\/?s={search_term_string}\"},\"query-input\":{\"@type\":\"PropertyValueSpecification\",\"valueRequired\":true,\"valueName\":\"search_term_string\"}}],\"inLanguage\":\"en-US\"},{\"@type\":\"Person\",\"@id\":\"https:\\\/\\\/akunq.net\\\/tr\\\/#\\\/schema\\\/person\\\/096f1d38a12cce57fb855b485ed24c9e\",\"name\":\"admin\",\"url\":\"https:\\\/\\\/akunq.net\\\/tr\\\/?author=7\"}]}<\/script>\n<!-- \/ Yoast SEO plugin. -->","yoast_head_json":{"title":"\u0130stanbul M\u00fczik Festivali 50 ya\u015f\u0131nda - Bati Ermenistan Ve Bati Ermenileri Sorunlari Ara\u015ftirmalar Merkezi","robots":{"index":"index","follow":"follow","max-snippet":"max-snippet:-1","max-image-preview":"max-image-preview:large","max-video-preview":"max-video-preview:-1"},"canonical":"https:\/\/akunq.net\/tr\/?p=67323","og_locale":"en_US","og_type":"article","og_title":"\u0130stanbul M\u00fczik Festivali 50 ya\u015f\u0131nda - Bati Ermenistan Ve Bati Ermenileri Sorunlari Ara\u015ftirmalar Merkezi","og_description":"Her konser i\u00e7in belirli say\u0131da \u00f6\u011frenci bileti ise 10 TL\u2019den sat\u0131\u015fa \u00e7\u0131kacak. Konservatuvarlar\u0131n m\u00fczik ve \u015fan b\u00f6l\u00fcm\u00fc \u00f6\u011frencileri her y\u0131l oldu\u011fu gibi bu y\u0131l da \u0130stanbul M\u00fczik Festivali konserlerini \u00fccretsiz olarak izleyebilecek. \u0130stanbul K\u00fclt\u00fcr Sanat Vakf\u0131\u2019n\u0131n ilk festivali olan \u0130stanbul M\u00fczik Festivali, 2022\u2019de 50. ya\u015f\u0131n\u0131 kutluyor. 6-24 Haziran tarihleri aras\u0131nda ger\u00e7ekle\u015ftirilecek festivalin temas\u0131, \u201c\u0130stanbul.\u201d \u00dc\u00e7 [&hellip;]","og_url":"https:\/\/akunq.net\/tr\/?p=67323","og_site_name":"Bati Ermenistan Ve Bati Ermenileri Sorunlari Ara\u015ftirmalar Merkezi","article_published_time":"2022-03-02T09:40:12+00:00","og_image":[{"width":500,"height":324,"url":"https:\/\/akunq.net\/tr\/wp-content\/uploads\/sites\/6\/2022\/03\/\u0130stanbul-M\u00fczik-Festivali.jpg","type":"image\/jpeg"}],"author":"admin","twitter_card":"summary_large_image","twitter_misc":{"Written by":"admin","Est. reading time":"5 minutes"},"schema":{"@context":"https:\/\/schema.org","@graph":[{"@type":"Article","@id":"https:\/\/akunq.net\/tr\/?p=67323#article","isPartOf":{"@id":"https:\/\/akunq.net\/tr\/?p=67323"},"author":{"name":"admin","@id":"https:\/\/akunq.net\/tr\/#\/schema\/person\/096f1d38a12cce57fb855b485ed24c9e"},"headline":"\u0130stanbul M\u00fczik Festivali 50 ya\u015f\u0131nda","datePublished":"2022-03-02T09:40:12+00:00","mainEntityOfPage":{"@id":"https:\/\/akunq.net\/tr\/?p=67323"},"wordCount":908,"commentCount":0,"image":{"@id":"https:\/\/akunq.net\/tr\/?p=67323#primaryimage"},"thumbnailUrl":"https:\/\/akunq.net\/tr\/wp-content\/uploads\/sites\/6\/2022\/03\/\u0130stanbul-M\u00fczik-Festivali.jpg","articleSection":["Haberler"],"inLanguage":"en-US","potentialAction":[{"@type":"CommentAction","name":"Comment","target":["https:\/\/akunq.net\/tr\/?p=67323#respond"]}]},{"@type":"WebPage","@id":"https:\/\/akunq.net\/tr\/?p=67323","url":"https:\/\/akunq.net\/tr\/?p=67323","name":"\u0130stanbul M\u00fczik Festivali 50 ya\u015f\u0131nda - Bati Ermenistan Ve Bati Ermenileri Sorunlari Ara\u015ftirmalar Merkezi","isPartOf":{"@id":"https:\/\/akunq.net\/tr\/#website"},"primaryImageOfPage":{"@id":"https:\/\/akunq.net\/tr\/?p=67323#primaryimage"},"image":{"@id":"https:\/\/akunq.net\/tr\/?p=67323#primaryimage"},"thumbnailUrl":"https:\/\/akunq.net\/tr\/wp-content\/uploads\/sites\/6\/2022\/03\/\u0130stanbul-M\u00fczik-Festivali.jpg","datePublished":"2022-03-02T09:40:12+00:00","author":{"@id":"https:\/\/akunq.net\/tr\/#\/schema\/person\/096f1d38a12cce57fb855b485ed24c9e"},"breadcrumb":{"@id":"https:\/\/akunq.net\/tr\/?p=67323#breadcrumb"},"inLanguage":"en-US","potentialAction":[{"@type":"ReadAction","target":["https:\/\/akunq.net\/tr\/?p=67323"]}]},{"@type":"ImageObject","inLanguage":"en-US","@id":"https:\/\/akunq.net\/tr\/?p=67323#primaryimage","url":"https:\/\/akunq.net\/tr\/wp-content\/uploads\/sites\/6\/2022\/03\/\u0130stanbul-M\u00fczik-Festivali.jpg","contentUrl":"https:\/\/akunq.net\/tr\/wp-content\/uploads\/sites\/6\/2022\/03\/\u0130stanbul-M\u00fczik-Festivali.jpg","width":500,"height":324},{"@type":"BreadcrumbList","@id":"https:\/\/akunq.net\/tr\/?p=67323#breadcrumb","itemListElement":[{"@type":"ListItem","position":1,"name":"Home","item":"https:\/\/akunq.net\/tr"},{"@type":"ListItem","position":2,"name":"\u0130stanbul M\u00fczik Festivali 50 ya\u015f\u0131nda"}]},{"@type":"WebSite","@id":"https:\/\/akunq.net\/tr\/#website","url":"https:\/\/akunq.net\/tr\/","name":"Bati Ermenistan Ve Bati Ermenileri Sorunlari Ara\u015ftirmalar Merkezi","description":"","potentialAction":[{"@type":"SearchAction","target":{"@type":"EntryPoint","urlTemplate":"https:\/\/akunq.net\/tr\/?s={search_term_string}"},"query-input":{"@type":"PropertyValueSpecification","valueRequired":true,"valueName":"search_term_string"}}],"inLanguage":"en-US"},{"@type":"Person","@id":"https:\/\/akunq.net\/tr\/#\/schema\/person\/096f1d38a12cce57fb855b485ed24c9e","name":"admin","url":"https:\/\/akunq.net\/tr\/?author=7"}]}},"_links":{"self":[{"href":"https:\/\/akunq.net\/tr\/index.php?rest_route=\/wp\/v2\/posts\/67323","targetHints":{"allow":["GET"]}}],"collection":[{"href":"https:\/\/akunq.net\/tr\/index.php?rest_route=\/wp\/v2\/posts"}],"about":[{"href":"https:\/\/akunq.net\/tr\/index.php?rest_route=\/wp\/v2\/types\/post"}],"author":[{"embeddable":true,"href":"https:\/\/akunq.net\/tr\/index.php?rest_route=\/wp\/v2\/users\/7"}],"replies":[{"embeddable":true,"href":"https:\/\/akunq.net\/tr\/index.php?rest_route=%2Fwp%2Fv2%2Fcomments&post=67323"}],"version-history":[{"count":1,"href":"https:\/\/akunq.net\/tr\/index.php?rest_route=\/wp\/v2\/posts\/67323\/revisions"}],"predecessor-version":[{"id":67325,"href":"https:\/\/akunq.net\/tr\/index.php?rest_route=\/wp\/v2\/posts\/67323\/revisions\/67325"}],"wp:featuredmedia":[{"embeddable":true,"href":"https:\/\/akunq.net\/tr\/index.php?rest_route=\/wp\/v2\/media\/67324"}],"wp:attachment":[{"href":"https:\/\/akunq.net\/tr\/index.php?rest_route=%2Fwp%2Fv2%2Fmedia&parent=67323"}],"wp:term":[{"taxonomy":"category","embeddable":true,"href":"https:\/\/akunq.net\/tr\/index.php?rest_route=%2Fwp%2Fv2%2Fcategories&post=67323"},{"taxonomy":"post_tag","embeddable":true,"href":"https:\/\/akunq.net\/tr\/index.php?rest_route=%2Fwp%2Fv2%2Ftags&post=67323"}],"curies":[{"name":"wp","href":"https:\/\/api.w.org\/{rel}","templated":true}]}}