{"id":67264,"date":"2022-02-25T03:02:38","date_gmt":"2022-02-25T08:02:38","guid":{"rendered":"https:\/\/akunq.net\/tr\/?p=67264"},"modified":"2022-02-25T03:02:38","modified_gmt":"2022-02-25T08:02:38","slug":"pera-muzesinin-guncel-sergileri-13-marta-kadar-gorulebilecek","status":"publish","type":"post","link":"https:\/\/akunq.net\/tr\/?p=67264","title":{"rendered":"Pera M\u00fczesi\u2019nin g\u00fcncel sergileri 13 Mart\u2019a kadar g\u00f6r\u00fclebilecek"},"content":{"rendered":"<p><img loading=\"lazy\" decoding=\"async\" class=\"aligncenter size-medium wp-image-67265\" src=\"https:\/\/akunq.net\/tr\/wp-content\/uploads\/2022\/02\/Pera-M\u00fczesi-360x203.jpg\" alt=\"\" width=\"360\" height=\"203\" srcset=\"https:\/\/akunq.net\/tr\/wp-content\/uploads\/sites\/6\/2022\/02\/Pera-M\u00fczesi-360x203.jpg 360w, https:\/\/akunq.net\/tr\/wp-content\/uploads\/sites\/6\/2022\/02\/Pera-M\u00fczesi-768x432.jpg 768w, https:\/\/akunq.net\/tr\/wp-content\/uploads\/sites\/6\/2022\/02\/Pera-M\u00fczesi-560x315.jpg 560w, https:\/\/akunq.net\/tr\/wp-content\/uploads\/sites\/6\/2022\/02\/Pera-M\u00fczesi-260x146.jpg 260w, https:\/\/akunq.net\/tr\/wp-content\/uploads\/sites\/6\/2022\/02\/Pera-M\u00fczesi-160x90.jpg 160w, https:\/\/akunq.net\/tr\/wp-content\/uploads\/sites\/6\/2022\/02\/Pera-M\u00fczesi.jpg 864w\" sizes=\"auto, (max-width: 360px) 100vw, 360px\" \/><\/p>\n<p><em><strong>Pera M\u00fczesi, yo\u011fun ilgi g\u00f6ren g\u00fcncel sergilerinin s\u00fcresini bir hafta daha uzatt\u0131.<\/strong><\/em><\/p>\n<p><strong>Ai\u015fe H\u00fcmeyra Buloval\u0131<\/strong><\/p>\n<p>Pera M\u00fczesinden yap\u0131lan a\u00e7\u0131klamaya g\u00f6re, sanatseverler \u201c\u0130stanbul\u2019dan Bizans\u2019a: Yeniden Ke\u015ffin Yollar\u0131\u201d ve \u201c\u0130stanbul\u2019da Bu Ne Bizantinizm!\u201d ba\u015fl\u0131kl\u0131 sergileri ile Uluslararas\u0131 Ba\u011f\u0131ms\u0131z K\u00fcrat\u00f6rler (ICI) olu\u015fumunun \u201cYar\u0131na Notlar\u201d isimli gezici sergisini 13 Mart\u2019a kadar ziyaret edebilecek.<\/p>\n<p>Daha \u00f6nce ABD ve \u00c7in\u2019de sergilenen \u201cYar\u0131na Notlar\u201d adl\u0131 gezici sergi, 25 \u00fclkeden 30 k\u00fcrat\u00f6r\u00fcn ortak \u00e7al\u0131\u015fmas\u0131yla haz\u0131rland\u0131.<\/p>\n<p>D\u00fcnyan\u0131n d\u00f6rt bir yan\u0131ndan 29 sanat\u00e7\u0131n\u0131n eserlerini bir araya getiren sergi, k\u00fcresel bir \u00e7a\u011fda sanat\u0131n kolektif haf\u0131zan\u0131n in\u015fas\u0131ndaki rol\u00fcn\u00fc sorguluyor.<\/p>\n<p>Ayn\u0131 zamanda sergi s\u00fcresince her cumartesi Pera M\u00fczesi Oditoryumu\u2019nda g\u00f6sterilen sanat\u00e7\u0131 videolar\u0131, izleyicileri d\u00fcnyan\u0131n ve insanl\u0131\u011f\u0131n gelece\u011fini yeniden d\u00fc\u015f\u00fcnmeye davet ediyor.<\/p>\n<p>Sergiler, Bizans tarihini ve k\u00fclt\u00fcr\u00fcn\u00fc oda\u011f\u0131na al\u0131yor<br \/>\nSuna ve \u0130nan K\u0131ra\u00e7 Vakf\u0131 Pera M\u00fczesi ve \u0130stanbul Ara\u015ft\u0131rmalar\u0131 Enstit\u00fcs\u00fc i\u015f birli\u011fiyle haz\u0131rlanan \u201c\u0130stanbul\u2019dan Bizans\u2019a: Yeniden Ke\u015ffin Yollar\u0131\u201d sergisi, Bizans ara\u015ft\u0131rmalar\u0131n\u0131n \u0130stanbul\u2019daki geli\u015fimine \u0131\u015f\u0131k tutuyor.<\/p>\n<p>Bizans sanat\u0131 uzman\u0131 Brigitte Pitarakis\u2019in k\u00fcrat\u00f6rl\u00fc\u011f\u00fcnde ger\u00e7ekle\u015ftirilen sergi, \u0130stanbul\u2019un 1800-1955 y\u0131llar\u0131 aras\u0131ndaki ekonomik, k\u00fclt\u00fcrel ve siyasal de\u011fi\u015fimlerinin Bizans miras\u0131na etkisini ve Bizans\u2019\u0131n yeniden ke\u015ffi ile bu miras\u0131n geni\u015f bir ilgi alan\u0131na d\u00f6n\u00fc\u015f\u00fcm\u00fcn\u00fc anlat\u0131yor.<\/p>\n<p>Sergide, \u0130stanbul Arkeoloji M\u00fczeleri\u2019ndeki Bizans koleksiyonlar\u0131 ba\u015fta olmak \u00fczere d\u00f6neme \u00f6zg\u00fc, g\u00f6steri\u015fli bir \u00fcslupta resimlendirilmi\u015f nadir kitaplar, bask\u0131 ve haritalar, orijinal foto\u011fraflar, belge ve resimler tematik bir b\u00fct\u00fcnl\u00fck i\u00e7inde bir araya getiriliyor.<\/p>\n<p>\u201c\u0130stanbul\u2019dan Bizans\u2019a\u201d sergisiyle e\u015fzamanl\u0131 olarak, Emir Al\u0131\u015f\u0131k\u2019\u0131n k\u00fcrat\u00f6rl\u00fc\u011f\u00fcnde haz\u0131rlanan \u201c\u0130stanbul\u2019da Bu Ne Bizantinizm!\u201d sergisi ise Bizans\u2019\u0131n pop\u00fcler k\u00fclt\u00fcrdeki temsillerini ele al\u0131yor.<\/p>\n<p>Bizans\u2019\u0131 simgeleyen ya da ona atfedilen de\u011ferlerin farkl\u0131 sanat mecralar\u0131nda nas\u0131l yer buldu\u011funu ortaya koyan sergide, 50\u2019yi a\u015fk\u0131n sanat\u00e7\u0131, yazar, ill\u00fcstrat\u00f6r, m\u00fczisyen, sinemac\u0131 ve moda tasar\u0131mc\u0131s\u0131n\u0131n i\u015fleri sergileniyor.<\/p>\n<p>\u201c\u0130stanbul\u2019da Bu Ne Bizantinizm!\u201d sergisi kapsam\u0131nda ger\u00e7ekle\u015ftirilen \u00e7al\u0131\u015fmalar dijital ortamda da sanatseverlerle bulu\u015fmaya devam ediyor.<\/p>\n<p>Sergiyle ayn\u0131 ad\u0131 ta\u015f\u0131yan \u201cWhat Byzantinism Is This in Istanbul!\u201d podcast serisi, farkl\u0131 sanat mecralar\u0131ndaki Bizans izlerini tart\u0131\u015fmak \u00fczere Bizans tarihi ara\u015ft\u0131rmac\u0131lar\u0131 ile \u00fcnl\u00fc yazar, sanat\u00e7\u0131 ve m\u00fczisyenleri bulu\u015fturuyor.<\/p>\n<p>\u201cBizans\u2019a Kafa Sallamak\u201d isimli \u00e7alma listesi sergiye ses veren m\u00fczikleri bir araya getirirken, sanat\u00e7\u0131 Meltem \u015eahin\u2019in tasarlad\u0131\u011f\u0131 \u201cFantastik \u0130kona\u201d filtresi sosyal medya kullan\u0131c\u0131lar\u0131n\u0131 d\u00f6nemin karakteristik \u00f6zelliklerini ta\u015f\u0131yan sanal bir kurgunun par\u00e7as\u0131 haline getiriyor.<\/p>\n<p>Pera M\u00fczesi sal\u0131dan cumartesiye 10.00-19.00, pazar g\u00fcnleri ise 12.00-18.00 saatleri aras\u0131nda gezilebilir.<\/p>\n<p>Cuma g\u00fcnleri ise m\u00fczede \u201cUzun Cuma\u201d kapsam\u0131nda 18.00-22.00 aras\u0131 t\u00fcm ziyaret\u00e7iler, \u00e7ar\u015famba g\u00fcnleri ise \u201cGen\u00e7 \u00c7ar\u015famba\u201d kapsam\u0131nda t\u00fcm \u00f6\u011frenciler m\u00fczeyi \u00fccretsiz ziyaret edebilir.<\/p>\n<hr \/>\n<p><em><strong><a href=\"https:\/\/www.aa.com.tr\/tr\/kultur-sanat\/pera-muzesinin-guncel-sergileri-13-marta-kadar-gorulebilecek\/2511598\" target=\"_blank\" rel=\"noopener noreferrer\">AA<\/a>\u00a0<\/strong><\/em><\/p>\n","protected":false},"excerpt":{"rendered":"<p>Pera M\u00fczesi, yo\u011fun ilgi g\u00f6ren g\u00fcncel sergilerinin s\u00fcresini bir hafta daha uzatt\u0131. Ai\u015fe H\u00fcmeyra Buloval\u0131 Pera M\u00fczesinden yap\u0131lan a\u00e7\u0131klamaya g\u00f6re, sanatseverler \u201c\u0130stanbul\u2019dan Bizans\u2019a: Yeniden Ke\u015ffin Yollar\u0131\u201d ve \u201c\u0130stanbul\u2019da Bu Ne Bizantinizm!\u201d ba\u015fl\u0131kl\u0131 sergileri ile Uluslararas\u0131 Ba\u011f\u0131ms\u0131z K\u00fcrat\u00f6rler (ICI) olu\u015fumunun \u201cYar\u0131na Notlar\u201d isimli gezici sergisini 13 Mart\u2019a kadar ziyaret edebilecek. Daha \u00f6nce ABD ve \u00c7in\u2019de sergilenen [&hellip;]<\/p>\n","protected":false},"author":7,"featured_media":67265,"comment_status":"open","ping_status":"open","sticky":false,"template":"","format":"standard","meta":{"footnotes":""},"categories":[1,34],"tags":[],"class_list":["post-67264","post","type-post","status-publish","format-standard","has-post-thumbnail","hentry","category-haberler","category-istanbul"],"yoast_head":"<!-- This site is optimized with the Yoast SEO plugin v27.4 - https:\/\/yoast.com\/product\/yoast-seo-wordpress\/ -->\n<title>Pera M\u00fczesi\u2019nin g\u00fcncel sergileri 13 Mart\u2019a kadar g\u00f6r\u00fclebilecek - Bati Ermenistan Ve Bati Ermenileri Sorunlari Ara\u015ftirmalar Merkezi<\/title>\n<meta name=\"robots\" content=\"index, follow, max-snippet:-1, max-image-preview:large, max-video-preview:-1\" \/>\n<link rel=\"canonical\" href=\"https:\/\/akunq.net\/tr\/?p=67264\" \/>\n<meta property=\"og:locale\" content=\"en_US\" \/>\n<meta property=\"og:type\" content=\"article\" \/>\n<meta property=\"og:title\" content=\"Pera M\u00fczesi\u2019nin g\u00fcncel sergileri 13 Mart\u2019a kadar g\u00f6r\u00fclebilecek - Bati Ermenistan Ve Bati Ermenileri Sorunlari Ara\u015ftirmalar Merkezi\" \/>\n<meta property=\"og:description\" content=\"Pera M\u00fczesi, yo\u011fun ilgi g\u00f6ren g\u00fcncel sergilerinin s\u00fcresini bir hafta daha uzatt\u0131. Ai\u015fe H\u00fcmeyra Buloval\u0131 Pera M\u00fczesinden yap\u0131lan a\u00e7\u0131klamaya g\u00f6re, sanatseverler \u201c\u0130stanbul\u2019dan Bizans\u2019a: Yeniden Ke\u015ffin Yollar\u0131\u201d ve \u201c\u0130stanbul\u2019da Bu Ne Bizantinizm!\u201d ba\u015fl\u0131kl\u0131 sergileri ile Uluslararas\u0131 Ba\u011f\u0131ms\u0131z K\u00fcrat\u00f6rler (ICI) olu\u015fumunun \u201cYar\u0131na Notlar\u201d isimli gezici sergisini 13 Mart\u2019a kadar ziyaret edebilecek. Daha \u00f6nce ABD ve \u00c7in\u2019de sergilenen [&hellip;]\" \/>\n<meta property=\"og:url\" content=\"https:\/\/akunq.net\/tr\/?p=67264\" \/>\n<meta property=\"og:site_name\" content=\"Bati Ermenistan Ve Bati Ermenileri Sorunlari Ara\u015ftirmalar Merkezi\" \/>\n<meta property=\"article:published_time\" content=\"2022-02-25T08:02:38+00:00\" \/>\n<meta property=\"og:image\" content=\"https:\/\/akunq.net\/tr\/wp-content\/uploads\/sites\/6\/2022\/02\/Pera-M\u00fczesi.jpg\" \/>\n\t<meta property=\"og:image:width\" content=\"864\" \/>\n\t<meta property=\"og:image:height\" content=\"486\" \/>\n\t<meta property=\"og:image:type\" content=\"image\/jpeg\" \/>\n<meta name=\"author\" content=\"admin\" \/>\n<meta name=\"twitter:card\" content=\"summary_large_image\" \/>\n<meta name=\"twitter:label1\" content=\"Written by\" \/>\n\t<meta name=\"twitter:data1\" content=\"admin\" \/>\n\t<meta name=\"twitter:label2\" content=\"Est. reading time\" \/>\n\t<meta name=\"twitter:data2\" content=\"3 minutes\" \/>\n<script type=\"application\/ld+json\" class=\"yoast-schema-graph\">{\"@context\":\"https:\\\/\\\/schema.org\",\"@graph\":[{\"@type\":\"Article\",\"@id\":\"https:\\\/\\\/akunq.net\\\/tr\\\/?p=67264#article\",\"isPartOf\":{\"@id\":\"https:\\\/\\\/akunq.net\\\/tr\\\/?p=67264\"},\"author\":{\"name\":\"admin\",\"@id\":\"https:\\\/\\\/akunq.net\\\/tr\\\/#\\\/schema\\\/person\\\/096f1d38a12cce57fb855b485ed24c9e\"},\"headline\":\"Pera M\u00fczesi\u2019nin g\u00fcncel sergileri 13 Mart\u2019a kadar g\u00f6r\u00fclebilecek\",\"datePublished\":\"2022-02-25T08:02:38+00:00\",\"mainEntityOfPage\":{\"@id\":\"https:\\\/\\\/akunq.net\\\/tr\\\/?p=67264\"},\"wordCount\":553,\"commentCount\":0,\"image\":{\"@id\":\"https:\\\/\\\/akunq.net\\\/tr\\\/?p=67264#primaryimage\"},\"thumbnailUrl\":\"https:\\\/\\\/akunq.net\\\/tr\\\/wp-content\\\/uploads\\\/sites\\\/6\\\/2022\\\/02\\\/Pera-M\u00fczesi.jpg\",\"articleSection\":[\"Haberler\",\"Istanbul\"],\"inLanguage\":\"en-US\",\"potentialAction\":[{\"@type\":\"CommentAction\",\"name\":\"Comment\",\"target\":[\"https:\\\/\\\/akunq.net\\\/tr\\\/?p=67264#respond\"]}]},{\"@type\":\"WebPage\",\"@id\":\"https:\\\/\\\/akunq.net\\\/tr\\\/?p=67264\",\"url\":\"https:\\\/\\\/akunq.net\\\/tr\\\/?p=67264\",\"name\":\"Pera M\u00fczesi\u2019nin g\u00fcncel sergileri 13 Mart\u2019a kadar g\u00f6r\u00fclebilecek - Bati Ermenistan Ve Bati Ermenileri Sorunlari Ara\u015ftirmalar Merkezi\",\"isPartOf\":{\"@id\":\"https:\\\/\\\/akunq.net\\\/tr\\\/#website\"},\"primaryImageOfPage\":{\"@id\":\"https:\\\/\\\/akunq.net\\\/tr\\\/?p=67264#primaryimage\"},\"image\":{\"@id\":\"https:\\\/\\\/akunq.net\\\/tr\\\/?p=67264#primaryimage\"},\"thumbnailUrl\":\"https:\\\/\\\/akunq.net\\\/tr\\\/wp-content\\\/uploads\\\/sites\\\/6\\\/2022\\\/02\\\/Pera-M\u00fczesi.jpg\",\"datePublished\":\"2022-02-25T08:02:38+00:00\",\"author\":{\"@id\":\"https:\\\/\\\/akunq.net\\\/tr\\\/#\\\/schema\\\/person\\\/096f1d38a12cce57fb855b485ed24c9e\"},\"breadcrumb\":{\"@id\":\"https:\\\/\\\/akunq.net\\\/tr\\\/?p=67264#breadcrumb\"},\"inLanguage\":\"en-US\",\"potentialAction\":[{\"@type\":\"ReadAction\",\"target\":[\"https:\\\/\\\/akunq.net\\\/tr\\\/?p=67264\"]}]},{\"@type\":\"ImageObject\",\"inLanguage\":\"en-US\",\"@id\":\"https:\\\/\\\/akunq.net\\\/tr\\\/?p=67264#primaryimage\",\"url\":\"https:\\\/\\\/akunq.net\\\/tr\\\/wp-content\\\/uploads\\\/sites\\\/6\\\/2022\\\/02\\\/Pera-M\u00fczesi.jpg\",\"contentUrl\":\"https:\\\/\\\/akunq.net\\\/tr\\\/wp-content\\\/uploads\\\/sites\\\/6\\\/2022\\\/02\\\/Pera-M\u00fczesi.jpg\",\"width\":864,\"height\":486},{\"@type\":\"BreadcrumbList\",\"@id\":\"https:\\\/\\\/akunq.net\\\/tr\\\/?p=67264#breadcrumb\",\"itemListElement\":[{\"@type\":\"ListItem\",\"position\":1,\"name\":\"Home\",\"item\":\"https:\\\/\\\/akunq.net\\\/tr\"},{\"@type\":\"ListItem\",\"position\":2,\"name\":\"Pera M\u00fczesi\u2019nin g\u00fcncel sergileri 13 Mart\u2019a kadar g\u00f6r\u00fclebilecek\"}]},{\"@type\":\"WebSite\",\"@id\":\"https:\\\/\\\/akunq.net\\\/tr\\\/#website\",\"url\":\"https:\\\/\\\/akunq.net\\\/tr\\\/\",\"name\":\"Bati Ermenistan Ve Bati Ermenileri Sorunlari Ara\u015ftirmalar Merkezi\",\"description\":\"\",\"potentialAction\":[{\"@type\":\"SearchAction\",\"target\":{\"@type\":\"EntryPoint\",\"urlTemplate\":\"https:\\\/\\\/akunq.net\\\/tr\\\/?s={search_term_string}\"},\"query-input\":{\"@type\":\"PropertyValueSpecification\",\"valueRequired\":true,\"valueName\":\"search_term_string\"}}],\"inLanguage\":\"en-US\"},{\"@type\":\"Person\",\"@id\":\"https:\\\/\\\/akunq.net\\\/tr\\\/#\\\/schema\\\/person\\\/096f1d38a12cce57fb855b485ed24c9e\",\"name\":\"admin\",\"url\":\"https:\\\/\\\/akunq.net\\\/tr\\\/?author=7\"}]}<\/script>\n<!-- \/ Yoast SEO plugin. -->","yoast_head_json":{"title":"Pera M\u00fczesi\u2019nin g\u00fcncel sergileri 13 Mart\u2019a kadar g\u00f6r\u00fclebilecek - Bati Ermenistan Ve Bati Ermenileri Sorunlari Ara\u015ftirmalar Merkezi","robots":{"index":"index","follow":"follow","max-snippet":"max-snippet:-1","max-image-preview":"max-image-preview:large","max-video-preview":"max-video-preview:-1"},"canonical":"https:\/\/akunq.net\/tr\/?p=67264","og_locale":"en_US","og_type":"article","og_title":"Pera M\u00fczesi\u2019nin g\u00fcncel sergileri 13 Mart\u2019a kadar g\u00f6r\u00fclebilecek - Bati Ermenistan Ve Bati Ermenileri Sorunlari Ara\u015ftirmalar Merkezi","og_description":"Pera M\u00fczesi, yo\u011fun ilgi g\u00f6ren g\u00fcncel sergilerinin s\u00fcresini bir hafta daha uzatt\u0131. Ai\u015fe H\u00fcmeyra Buloval\u0131 Pera M\u00fczesinden yap\u0131lan a\u00e7\u0131klamaya g\u00f6re, sanatseverler \u201c\u0130stanbul\u2019dan Bizans\u2019a: Yeniden Ke\u015ffin Yollar\u0131\u201d ve \u201c\u0130stanbul\u2019da Bu Ne Bizantinizm!\u201d ba\u015fl\u0131kl\u0131 sergileri ile Uluslararas\u0131 Ba\u011f\u0131ms\u0131z K\u00fcrat\u00f6rler (ICI) olu\u015fumunun \u201cYar\u0131na Notlar\u201d isimli gezici sergisini 13 Mart\u2019a kadar ziyaret edebilecek. Daha \u00f6nce ABD ve \u00c7in\u2019de sergilenen [&hellip;]","og_url":"https:\/\/akunq.net\/tr\/?p=67264","og_site_name":"Bati Ermenistan Ve Bati Ermenileri Sorunlari Ara\u015ftirmalar Merkezi","article_published_time":"2022-02-25T08:02:38+00:00","og_image":[{"width":864,"height":486,"url":"https:\/\/akunq.net\/tr\/wp-content\/uploads\/sites\/6\/2022\/02\/Pera-M\u00fczesi.jpg","type":"image\/jpeg"}],"author":"admin","twitter_card":"summary_large_image","twitter_misc":{"Written by":"admin","Est. reading time":"3 minutes"},"schema":{"@context":"https:\/\/schema.org","@graph":[{"@type":"Article","@id":"https:\/\/akunq.net\/tr\/?p=67264#article","isPartOf":{"@id":"https:\/\/akunq.net\/tr\/?p=67264"},"author":{"name":"admin","@id":"https:\/\/akunq.net\/tr\/#\/schema\/person\/096f1d38a12cce57fb855b485ed24c9e"},"headline":"Pera M\u00fczesi\u2019nin g\u00fcncel sergileri 13 Mart\u2019a kadar g\u00f6r\u00fclebilecek","datePublished":"2022-02-25T08:02:38+00:00","mainEntityOfPage":{"@id":"https:\/\/akunq.net\/tr\/?p=67264"},"wordCount":553,"commentCount":0,"image":{"@id":"https:\/\/akunq.net\/tr\/?p=67264#primaryimage"},"thumbnailUrl":"https:\/\/akunq.net\/tr\/wp-content\/uploads\/sites\/6\/2022\/02\/Pera-M\u00fczesi.jpg","articleSection":["Haberler","Istanbul"],"inLanguage":"en-US","potentialAction":[{"@type":"CommentAction","name":"Comment","target":["https:\/\/akunq.net\/tr\/?p=67264#respond"]}]},{"@type":"WebPage","@id":"https:\/\/akunq.net\/tr\/?p=67264","url":"https:\/\/akunq.net\/tr\/?p=67264","name":"Pera M\u00fczesi\u2019nin g\u00fcncel sergileri 13 Mart\u2019a kadar g\u00f6r\u00fclebilecek - Bati Ermenistan Ve Bati Ermenileri Sorunlari Ara\u015ftirmalar Merkezi","isPartOf":{"@id":"https:\/\/akunq.net\/tr\/#website"},"primaryImageOfPage":{"@id":"https:\/\/akunq.net\/tr\/?p=67264#primaryimage"},"image":{"@id":"https:\/\/akunq.net\/tr\/?p=67264#primaryimage"},"thumbnailUrl":"https:\/\/akunq.net\/tr\/wp-content\/uploads\/sites\/6\/2022\/02\/Pera-M\u00fczesi.jpg","datePublished":"2022-02-25T08:02:38+00:00","author":{"@id":"https:\/\/akunq.net\/tr\/#\/schema\/person\/096f1d38a12cce57fb855b485ed24c9e"},"breadcrumb":{"@id":"https:\/\/akunq.net\/tr\/?p=67264#breadcrumb"},"inLanguage":"en-US","potentialAction":[{"@type":"ReadAction","target":["https:\/\/akunq.net\/tr\/?p=67264"]}]},{"@type":"ImageObject","inLanguage":"en-US","@id":"https:\/\/akunq.net\/tr\/?p=67264#primaryimage","url":"https:\/\/akunq.net\/tr\/wp-content\/uploads\/sites\/6\/2022\/02\/Pera-M\u00fczesi.jpg","contentUrl":"https:\/\/akunq.net\/tr\/wp-content\/uploads\/sites\/6\/2022\/02\/Pera-M\u00fczesi.jpg","width":864,"height":486},{"@type":"BreadcrumbList","@id":"https:\/\/akunq.net\/tr\/?p=67264#breadcrumb","itemListElement":[{"@type":"ListItem","position":1,"name":"Home","item":"https:\/\/akunq.net\/tr"},{"@type":"ListItem","position":2,"name":"Pera M\u00fczesi\u2019nin g\u00fcncel sergileri 13 Mart\u2019a kadar g\u00f6r\u00fclebilecek"}]},{"@type":"WebSite","@id":"https:\/\/akunq.net\/tr\/#website","url":"https:\/\/akunq.net\/tr\/","name":"Bati Ermenistan Ve Bati Ermenileri Sorunlari Ara\u015ftirmalar Merkezi","description":"","potentialAction":[{"@type":"SearchAction","target":{"@type":"EntryPoint","urlTemplate":"https:\/\/akunq.net\/tr\/?s={search_term_string}"},"query-input":{"@type":"PropertyValueSpecification","valueRequired":true,"valueName":"search_term_string"}}],"inLanguage":"en-US"},{"@type":"Person","@id":"https:\/\/akunq.net\/tr\/#\/schema\/person\/096f1d38a12cce57fb855b485ed24c9e","name":"admin","url":"https:\/\/akunq.net\/tr\/?author=7"}]}},"_links":{"self":[{"href":"https:\/\/akunq.net\/tr\/index.php?rest_route=\/wp\/v2\/posts\/67264","targetHints":{"allow":["GET"]}}],"collection":[{"href":"https:\/\/akunq.net\/tr\/index.php?rest_route=\/wp\/v2\/posts"}],"about":[{"href":"https:\/\/akunq.net\/tr\/index.php?rest_route=\/wp\/v2\/types\/post"}],"author":[{"embeddable":true,"href":"https:\/\/akunq.net\/tr\/index.php?rest_route=\/wp\/v2\/users\/7"}],"replies":[{"embeddable":true,"href":"https:\/\/akunq.net\/tr\/index.php?rest_route=%2Fwp%2Fv2%2Fcomments&post=67264"}],"version-history":[{"count":1,"href":"https:\/\/akunq.net\/tr\/index.php?rest_route=\/wp\/v2\/posts\/67264\/revisions"}],"predecessor-version":[{"id":67266,"href":"https:\/\/akunq.net\/tr\/index.php?rest_route=\/wp\/v2\/posts\/67264\/revisions\/67266"}],"wp:featuredmedia":[{"embeddable":true,"href":"https:\/\/akunq.net\/tr\/index.php?rest_route=\/wp\/v2\/media\/67265"}],"wp:attachment":[{"href":"https:\/\/akunq.net\/tr\/index.php?rest_route=%2Fwp%2Fv2%2Fmedia&parent=67264"}],"wp:term":[{"taxonomy":"category","embeddable":true,"href":"https:\/\/akunq.net\/tr\/index.php?rest_route=%2Fwp%2Fv2%2Fcategories&post=67264"},{"taxonomy":"post_tag","embeddable":true,"href":"https:\/\/akunq.net\/tr\/index.php?rest_route=%2Fwp%2Fv2%2Ftags&post=67264"}],"curies":[{"name":"wp","href":"https:\/\/api.w.org\/{rel}","templated":true}]}}