{"id":67258,"date":"2022-02-25T02:43:30","date_gmt":"2022-02-25T07:43:30","guid":{"rendered":"https:\/\/akunq.net\/tr\/?p=67258"},"modified":"2022-02-25T02:43:30","modified_gmt":"2022-02-25T07:43:30","slug":"matmazel-klaranin-konagi-turizmin-hizmetinde","status":"publish","type":"post","link":"https:\/\/akunq.net\/tr\/?p=67258","title":{"rendered":"Matmazel Klara\u2019n\u0131n kona\u011f\u0131 turizmin hizmetinde"},"content":{"rendered":"<p><img loading=\"lazy\" decoding=\"async\" class=\"aligncenter size-medium wp-image-67259\" src=\"https:\/\/akunq.net\/tr\/wp-content\/uploads\/2022\/02\/Matmazel-Klara\u2019n\u0131n-kona\u011f\u0131-360x203.jpg\" alt=\"\" width=\"360\" height=\"203\" srcset=\"https:\/\/akunq.net\/tr\/wp-content\/uploads\/sites\/6\/2022\/02\/Matmazel-Klara\u2019n\u0131n-kona\u011f\u0131-360x203.jpg 360w, https:\/\/akunq.net\/tr\/wp-content\/uploads\/sites\/6\/2022\/02\/Matmazel-Klara\u2019n\u0131n-kona\u011f\u0131-560x315.jpg 560w, https:\/\/akunq.net\/tr\/wp-content\/uploads\/sites\/6\/2022\/02\/Matmazel-Klara\u2019n\u0131n-kona\u011f\u0131-260x146.jpg 260w, https:\/\/akunq.net\/tr\/wp-content\/uploads\/sites\/6\/2022\/02\/Matmazel-Klara\u2019n\u0131n-kona\u011f\u0131-160x90.jpg 160w, https:\/\/akunq.net\/tr\/wp-content\/uploads\/sites\/6\/2022\/02\/Matmazel-Klara\u2019n\u0131n-kona\u011f\u0131.jpg 639w\" sizes=\"auto, (max-width: 360px) 100vw, 360px\" \/><\/p>\n<p><em><strong>Edirneli i\u015f kad\u0131n\u0131 Hanife G\u00fcl Ercan, sat\u0131n al\u0131p restore ettirdi\u011fi ve butik otel yapmay\u0131 planlad\u0131\u011f\u0131 as\u0131rl\u0131k kona\u011f\u0131n eski sahibi Klara Hasid\u2019in (Matmazel Klara) ismini de ya\u015fatacak.<\/strong><\/em><\/p>\n<p>Osmanl\u0131\u2019n\u0131n kucak a\u00e7t\u0131\u011f\u0131, \u0130spanya\u2019dan s\u00fcrg\u00fcn edilen Yahudilerden biri olan Frans\u0131zca \u00f6\u011fretmeni Klara Hasid\u2019in Kalei\u00e7i\u2019nde 1906\u2019da yapt\u0131rd\u0131\u011f\u0131 zamanla harabe haline gelen kona\u011f\u0131, yakla\u015f\u0131k 5 y\u0131l \u00f6nce Edirneli i\u015f kad\u0131n\u0131 Hanife G\u00fcl Ercan sat\u0131n ald\u0131. Restorasyonu 5 y\u0131l s\u00fcren as\u0131rl\u0131k kona\u011f\u0131n asl\u0131na uygun \u015fekilde tamamlanmas\u0131n\u0131 sa\u011flayan Ercan, d\u00f6nemin ihti\u015faml\u0131 yap\u0131s\u0131n\u0131 birka\u00e7 ay i\u00e7inde butik otel olarak T\u00fcrk turizminin hizmetine sunmay\u0131 hedefliyor. Hanife Han\u0131m, bu tarz konaklar\u0131 sat\u0131n alarak restore ettiren giri\u015fimcilerden ilham alarak bu i\u015fe girmeye karar verdi\u011fini s\u00f6yledi. K\u0131z\u0131n\u0131n, Sinema Kar\u015f\u0131 Sokak\u2019ta bulunan kona\u011f\u0131 \u00e7ok be\u011fendi\u011fini belirten Ercan, bir s\u00fcre sonra Milli Emlak Genel M\u00fcd\u00fcrl\u00fc\u011f\u00fc\u2019nden sat\u0131\u015fa \u00e7\u0131kan kona\u011f\u0131 sat\u0131n ald\u0131\u011f\u0131n\u0131 ifade etti. Ara\u015ft\u0131rma yapt\u0131\u011f\u0131nda kona\u011f\u0131n, \u201cMatmazel Klara\u201d olarak bilinen Yahudi cemaatine mensup Klara Hasid\u2019e ait oldu\u011funu \u00f6\u011frendi\u011fini s\u00f6yleyen Ercan, \u201cFrans\u0131zca \u00f6\u011fretmeni olan \u2018Matmazel Klara\u2019 \u00e7ok sevdi\u011fi i\u00e7in Edirne\u2019yi terk etmemi\u015f. Ailesi \u0130srail\u2019e gitmi\u015f, o Edirne\u2019de kalm\u0131\u015f. Hi\u00e7 evlenmemi\u015f, \u00e7ocu\u011fu yokmu\u015f. Herhalde \u00e7ocu\u011fu olarak beni yollad\u0131 Allah ona. Edirne\u2019ye g\u00fczel bir eser kazand\u0131rd\u0131k\u201d dedi. Kona\u011f\u0131n duvar ve tavan s\u00fcslemelerinin uygun \u015fekilde muhafaza edildi\u011fini anlatan Ercan, duvarda yer alan \u0130branice bir yaz\u0131n\u0131n da korundu\u011funu vurgulad\u0131.<\/p>\n<p><strong>10 ODALI BUT\u0130K OTEL OLACAK<\/strong><br \/>\nKona\u011f\u0131 sat\u0131n ald\u0131\u011f\u0131nda \u00e7evresindekilerin ele\u015ftirileriyle kar\u015f\u0131la\u015ft\u0131\u011f\u0131n\u0131 belirten Ercan, \u201cT\u00fcm arkada\u015flar\u0131m bana \u2018ne yapacaks\u0131n\u0131z bu viraneyi nas\u0131l olacak?\u2019 dediler, ben de \u2018a\u00e7\u0131l\u0131\u015fa sizi \u00e7a\u011f\u0131r\u0131r\u0131m\u2019 diye cevap vermi\u015ftim. Hepsini a\u00e7\u0131l\u0131\u015fa bekliyorum. Allah da utand\u0131rmad\u0131. \u00c7ok g\u00fczel ekiple bu hale getirdik\u201d dedi. Ercan, kona\u011f\u0131 10 odal\u0131 butik otel yapmay\u0131 d\u00fc\u015f\u00fcnd\u00fc\u011f\u00fcn\u00fc anlatt\u0131. Kona\u011f\u0131n sahibinin isminin ho\u015funa gitmesiyle oteli de yine bu isimle a\u00e7may\u0131 d\u00fc\u015f\u00fcnd\u00fc\u011f\u00fcn\u00fc belirten Ercan, \u201cMatmazel Klara\u2019 ismi ho\u015fuma gitti. Kona\u011f\u0131n ismini de \u2018Matmazel Klara Kona\u011f\u0131\u2019 yapaca\u011f\u0131m. Edirne\u2019ye, Edirne turizmine hizmet etmek ad\u0131na g\u00fczel bir i\u015f yapt\u0131\u011f\u0131m\u0131z d\u00fc\u015f\u00fcn\u00fcyorum. \u0130n\u015fallah Edirnelilere \u00f6rnek olurum. \u0130ki ay i\u00e7erisinde a\u00e7may\u0131 d\u00fc\u015f\u00fcn\u00fcyoruz. Asl\u0131na uygun olarak yapt\u0131rd\u0131m. Birebir ayn\u0131. \u00c7ok emek verdik\u201d diye konu\u015ftu. AA<\/p>\n<hr \/>\n<p><em><strong><a href=\"https:\/\/www.sabah.com.tr\/yasam\/matmazel-klaranin-konagi-turizmin-hizmetinde-5884284\" target=\"_blank\" rel=\"noopener noreferrer\">Sabah Gazetesi<\/a>\u00a0<\/strong><\/em><\/p>\n","protected":false},"excerpt":{"rendered":"<p>Edirneli i\u015f kad\u0131n\u0131 Hanife G\u00fcl Ercan, sat\u0131n al\u0131p restore ettirdi\u011fi ve butik otel yapmay\u0131 planlad\u0131\u011f\u0131 as\u0131rl\u0131k kona\u011f\u0131n eski sahibi Klara Hasid\u2019in (Matmazel Klara) ismini de ya\u015fatacak. Osmanl\u0131\u2019n\u0131n kucak a\u00e7t\u0131\u011f\u0131, \u0130spanya\u2019dan s\u00fcrg\u00fcn edilen Yahudilerden biri olan Frans\u0131zca \u00f6\u011fretmeni Klara Hasid\u2019in Kalei\u00e7i\u2019nde 1906\u2019da yapt\u0131rd\u0131\u011f\u0131 zamanla harabe haline gelen kona\u011f\u0131, yakla\u015f\u0131k 5 y\u0131l \u00f6nce Edirneli i\u015f kad\u0131n\u0131 Hanife [&hellip;]<\/p>\n","protected":false},"author":7,"featured_media":67259,"comment_status":"open","ping_status":"open","sticky":false,"template":"","format":"standard","meta":{"footnotes":""},"categories":[1],"tags":[],"class_list":["post-67258","post","type-post","status-publish","format-standard","has-post-thumbnail","hentry","category-haberler"],"yoast_head":"<!-- This site is optimized with the Yoast SEO plugin v27.4 - https:\/\/yoast.com\/product\/yoast-seo-wordpress\/ -->\n<title>Matmazel Klara\u2019n\u0131n kona\u011f\u0131 turizmin hizmetinde - Bati Ermenistan Ve Bati Ermenileri Sorunlari Ara\u015ftirmalar Merkezi<\/title>\n<meta name=\"robots\" content=\"index, follow, max-snippet:-1, max-image-preview:large, max-video-preview:-1\" \/>\n<link rel=\"canonical\" href=\"https:\/\/akunq.net\/tr\/?p=67258\" \/>\n<meta property=\"og:locale\" content=\"en_US\" \/>\n<meta property=\"og:type\" content=\"article\" \/>\n<meta property=\"og:title\" content=\"Matmazel Klara\u2019n\u0131n kona\u011f\u0131 turizmin hizmetinde - Bati Ermenistan Ve Bati Ermenileri Sorunlari Ara\u015ftirmalar Merkezi\" \/>\n<meta property=\"og:description\" content=\"Edirneli i\u015f kad\u0131n\u0131 Hanife G\u00fcl Ercan, sat\u0131n al\u0131p restore ettirdi\u011fi ve butik otel yapmay\u0131 planlad\u0131\u011f\u0131 as\u0131rl\u0131k kona\u011f\u0131n eski sahibi Klara Hasid\u2019in (Matmazel Klara) ismini de ya\u015fatacak. Osmanl\u0131\u2019n\u0131n kucak a\u00e7t\u0131\u011f\u0131, \u0130spanya\u2019dan s\u00fcrg\u00fcn edilen Yahudilerden biri olan Frans\u0131zca \u00f6\u011fretmeni Klara Hasid\u2019in Kalei\u00e7i\u2019nde 1906\u2019da yapt\u0131rd\u0131\u011f\u0131 zamanla harabe haline gelen kona\u011f\u0131, yakla\u015f\u0131k 5 y\u0131l \u00f6nce Edirneli i\u015f kad\u0131n\u0131 Hanife [&hellip;]\" \/>\n<meta property=\"og:url\" content=\"https:\/\/akunq.net\/tr\/?p=67258\" \/>\n<meta property=\"og:site_name\" content=\"Bati Ermenistan Ve Bati Ermenileri Sorunlari Ara\u015ftirmalar Merkezi\" \/>\n<meta property=\"article:published_time\" content=\"2022-02-25T07:43:30+00:00\" \/>\n<meta property=\"og:image\" content=\"https:\/\/akunq.net\/tr\/wp-content\/uploads\/sites\/6\/2022\/02\/Matmazel-Klara\u2019n\u0131n-kona\u011f\u0131.jpg\" \/>\n\t<meta property=\"og:image:width\" content=\"639\" \/>\n\t<meta property=\"og:image:height\" content=\"360\" \/>\n\t<meta property=\"og:image:type\" content=\"image\/jpeg\" \/>\n<meta name=\"author\" content=\"admin\" \/>\n<meta name=\"twitter:card\" content=\"summary_large_image\" \/>\n<meta name=\"twitter:label1\" content=\"Written by\" \/>\n\t<meta name=\"twitter:data1\" content=\"admin\" \/>\n\t<meta name=\"twitter:label2\" content=\"Est. reading time\" \/>\n\t<meta name=\"twitter:data2\" content=\"2 minutes\" \/>\n<script type=\"application\/ld+json\" class=\"yoast-schema-graph\">{\"@context\":\"https:\\\/\\\/schema.org\",\"@graph\":[{\"@type\":\"Article\",\"@id\":\"https:\\\/\\\/akunq.net\\\/tr\\\/?p=67258#article\",\"isPartOf\":{\"@id\":\"https:\\\/\\\/akunq.net\\\/tr\\\/?p=67258\"},\"author\":{\"name\":\"admin\",\"@id\":\"https:\\\/\\\/akunq.net\\\/tr\\\/#\\\/schema\\\/person\\\/096f1d38a12cce57fb855b485ed24c9e\"},\"headline\":\"Matmazel Klara\u2019n\u0131n kona\u011f\u0131 turizmin hizmetinde\",\"datePublished\":\"2022-02-25T07:43:30+00:00\",\"mainEntityOfPage\":{\"@id\":\"https:\\\/\\\/akunq.net\\\/tr\\\/?p=67258\"},\"wordCount\":448,\"commentCount\":0,\"image\":{\"@id\":\"https:\\\/\\\/akunq.net\\\/tr\\\/?p=67258#primaryimage\"},\"thumbnailUrl\":\"https:\\\/\\\/akunq.net\\\/tr\\\/wp-content\\\/uploads\\\/sites\\\/6\\\/2022\\\/02\\\/Matmazel-Klara\u2019n\u0131n-kona\u011f\u0131.jpg\",\"articleSection\":[\"Haberler\"],\"inLanguage\":\"en-US\",\"potentialAction\":[{\"@type\":\"CommentAction\",\"name\":\"Comment\",\"target\":[\"https:\\\/\\\/akunq.net\\\/tr\\\/?p=67258#respond\"]}]},{\"@type\":\"WebPage\",\"@id\":\"https:\\\/\\\/akunq.net\\\/tr\\\/?p=67258\",\"url\":\"https:\\\/\\\/akunq.net\\\/tr\\\/?p=67258\",\"name\":\"Matmazel Klara\u2019n\u0131n kona\u011f\u0131 turizmin hizmetinde - Bati Ermenistan Ve Bati Ermenileri Sorunlari Ara\u015ftirmalar Merkezi\",\"isPartOf\":{\"@id\":\"https:\\\/\\\/akunq.net\\\/tr\\\/#website\"},\"primaryImageOfPage\":{\"@id\":\"https:\\\/\\\/akunq.net\\\/tr\\\/?p=67258#primaryimage\"},\"image\":{\"@id\":\"https:\\\/\\\/akunq.net\\\/tr\\\/?p=67258#primaryimage\"},\"thumbnailUrl\":\"https:\\\/\\\/akunq.net\\\/tr\\\/wp-content\\\/uploads\\\/sites\\\/6\\\/2022\\\/02\\\/Matmazel-Klara\u2019n\u0131n-kona\u011f\u0131.jpg\",\"datePublished\":\"2022-02-25T07:43:30+00:00\",\"author\":{\"@id\":\"https:\\\/\\\/akunq.net\\\/tr\\\/#\\\/schema\\\/person\\\/096f1d38a12cce57fb855b485ed24c9e\"},\"breadcrumb\":{\"@id\":\"https:\\\/\\\/akunq.net\\\/tr\\\/?p=67258#breadcrumb\"},\"inLanguage\":\"en-US\",\"potentialAction\":[{\"@type\":\"ReadAction\",\"target\":[\"https:\\\/\\\/akunq.net\\\/tr\\\/?p=67258\"]}]},{\"@type\":\"ImageObject\",\"inLanguage\":\"en-US\",\"@id\":\"https:\\\/\\\/akunq.net\\\/tr\\\/?p=67258#primaryimage\",\"url\":\"https:\\\/\\\/akunq.net\\\/tr\\\/wp-content\\\/uploads\\\/sites\\\/6\\\/2022\\\/02\\\/Matmazel-Klara\u2019n\u0131n-kona\u011f\u0131.jpg\",\"contentUrl\":\"https:\\\/\\\/akunq.net\\\/tr\\\/wp-content\\\/uploads\\\/sites\\\/6\\\/2022\\\/02\\\/Matmazel-Klara\u2019n\u0131n-kona\u011f\u0131.jpg\",\"width\":639,\"height\":360},{\"@type\":\"BreadcrumbList\",\"@id\":\"https:\\\/\\\/akunq.net\\\/tr\\\/?p=67258#breadcrumb\",\"itemListElement\":[{\"@type\":\"ListItem\",\"position\":1,\"name\":\"Home\",\"item\":\"https:\\\/\\\/akunq.net\\\/tr\"},{\"@type\":\"ListItem\",\"position\":2,\"name\":\"Matmazel Klara\u2019n\u0131n kona\u011f\u0131 turizmin hizmetinde\"}]},{\"@type\":\"WebSite\",\"@id\":\"https:\\\/\\\/akunq.net\\\/tr\\\/#website\",\"url\":\"https:\\\/\\\/akunq.net\\\/tr\\\/\",\"name\":\"Bati Ermenistan Ve Bati Ermenileri Sorunlari Ara\u015ftirmalar Merkezi\",\"description\":\"\",\"potentialAction\":[{\"@type\":\"SearchAction\",\"target\":{\"@type\":\"EntryPoint\",\"urlTemplate\":\"https:\\\/\\\/akunq.net\\\/tr\\\/?s={search_term_string}\"},\"query-input\":{\"@type\":\"PropertyValueSpecification\",\"valueRequired\":true,\"valueName\":\"search_term_string\"}}],\"inLanguage\":\"en-US\"},{\"@type\":\"Person\",\"@id\":\"https:\\\/\\\/akunq.net\\\/tr\\\/#\\\/schema\\\/person\\\/096f1d38a12cce57fb855b485ed24c9e\",\"name\":\"admin\",\"url\":\"https:\\\/\\\/akunq.net\\\/tr\\\/?author=7\"}]}<\/script>\n<!-- \/ Yoast SEO plugin. -->","yoast_head_json":{"title":"Matmazel Klara\u2019n\u0131n kona\u011f\u0131 turizmin hizmetinde - Bati Ermenistan Ve Bati Ermenileri Sorunlari Ara\u015ftirmalar Merkezi","robots":{"index":"index","follow":"follow","max-snippet":"max-snippet:-1","max-image-preview":"max-image-preview:large","max-video-preview":"max-video-preview:-1"},"canonical":"https:\/\/akunq.net\/tr\/?p=67258","og_locale":"en_US","og_type":"article","og_title":"Matmazel Klara\u2019n\u0131n kona\u011f\u0131 turizmin hizmetinde - Bati Ermenistan Ve Bati Ermenileri Sorunlari Ara\u015ftirmalar Merkezi","og_description":"Edirneli i\u015f kad\u0131n\u0131 Hanife G\u00fcl Ercan, sat\u0131n al\u0131p restore ettirdi\u011fi ve butik otel yapmay\u0131 planlad\u0131\u011f\u0131 as\u0131rl\u0131k kona\u011f\u0131n eski sahibi Klara Hasid\u2019in (Matmazel Klara) ismini de ya\u015fatacak. Osmanl\u0131\u2019n\u0131n kucak a\u00e7t\u0131\u011f\u0131, \u0130spanya\u2019dan s\u00fcrg\u00fcn edilen Yahudilerden biri olan Frans\u0131zca \u00f6\u011fretmeni Klara Hasid\u2019in Kalei\u00e7i\u2019nde 1906\u2019da yapt\u0131rd\u0131\u011f\u0131 zamanla harabe haline gelen kona\u011f\u0131, yakla\u015f\u0131k 5 y\u0131l \u00f6nce Edirneli i\u015f kad\u0131n\u0131 Hanife [&hellip;]","og_url":"https:\/\/akunq.net\/tr\/?p=67258","og_site_name":"Bati Ermenistan Ve Bati Ermenileri Sorunlari Ara\u015ftirmalar Merkezi","article_published_time":"2022-02-25T07:43:30+00:00","og_image":[{"width":639,"height":360,"url":"https:\/\/akunq.net\/tr\/wp-content\/uploads\/sites\/6\/2022\/02\/Matmazel-Klara\u2019n\u0131n-kona\u011f\u0131.jpg","type":"image\/jpeg"}],"author":"admin","twitter_card":"summary_large_image","twitter_misc":{"Written by":"admin","Est. reading time":"2 minutes"},"schema":{"@context":"https:\/\/schema.org","@graph":[{"@type":"Article","@id":"https:\/\/akunq.net\/tr\/?p=67258#article","isPartOf":{"@id":"https:\/\/akunq.net\/tr\/?p=67258"},"author":{"name":"admin","@id":"https:\/\/akunq.net\/tr\/#\/schema\/person\/096f1d38a12cce57fb855b485ed24c9e"},"headline":"Matmazel Klara\u2019n\u0131n kona\u011f\u0131 turizmin hizmetinde","datePublished":"2022-02-25T07:43:30+00:00","mainEntityOfPage":{"@id":"https:\/\/akunq.net\/tr\/?p=67258"},"wordCount":448,"commentCount":0,"image":{"@id":"https:\/\/akunq.net\/tr\/?p=67258#primaryimage"},"thumbnailUrl":"https:\/\/akunq.net\/tr\/wp-content\/uploads\/sites\/6\/2022\/02\/Matmazel-Klara\u2019n\u0131n-kona\u011f\u0131.jpg","articleSection":["Haberler"],"inLanguage":"en-US","potentialAction":[{"@type":"CommentAction","name":"Comment","target":["https:\/\/akunq.net\/tr\/?p=67258#respond"]}]},{"@type":"WebPage","@id":"https:\/\/akunq.net\/tr\/?p=67258","url":"https:\/\/akunq.net\/tr\/?p=67258","name":"Matmazel Klara\u2019n\u0131n kona\u011f\u0131 turizmin hizmetinde - Bati Ermenistan Ve Bati Ermenileri Sorunlari Ara\u015ftirmalar Merkezi","isPartOf":{"@id":"https:\/\/akunq.net\/tr\/#website"},"primaryImageOfPage":{"@id":"https:\/\/akunq.net\/tr\/?p=67258#primaryimage"},"image":{"@id":"https:\/\/akunq.net\/tr\/?p=67258#primaryimage"},"thumbnailUrl":"https:\/\/akunq.net\/tr\/wp-content\/uploads\/sites\/6\/2022\/02\/Matmazel-Klara\u2019n\u0131n-kona\u011f\u0131.jpg","datePublished":"2022-02-25T07:43:30+00:00","author":{"@id":"https:\/\/akunq.net\/tr\/#\/schema\/person\/096f1d38a12cce57fb855b485ed24c9e"},"breadcrumb":{"@id":"https:\/\/akunq.net\/tr\/?p=67258#breadcrumb"},"inLanguage":"en-US","potentialAction":[{"@type":"ReadAction","target":["https:\/\/akunq.net\/tr\/?p=67258"]}]},{"@type":"ImageObject","inLanguage":"en-US","@id":"https:\/\/akunq.net\/tr\/?p=67258#primaryimage","url":"https:\/\/akunq.net\/tr\/wp-content\/uploads\/sites\/6\/2022\/02\/Matmazel-Klara\u2019n\u0131n-kona\u011f\u0131.jpg","contentUrl":"https:\/\/akunq.net\/tr\/wp-content\/uploads\/sites\/6\/2022\/02\/Matmazel-Klara\u2019n\u0131n-kona\u011f\u0131.jpg","width":639,"height":360},{"@type":"BreadcrumbList","@id":"https:\/\/akunq.net\/tr\/?p=67258#breadcrumb","itemListElement":[{"@type":"ListItem","position":1,"name":"Home","item":"https:\/\/akunq.net\/tr"},{"@type":"ListItem","position":2,"name":"Matmazel Klara\u2019n\u0131n kona\u011f\u0131 turizmin hizmetinde"}]},{"@type":"WebSite","@id":"https:\/\/akunq.net\/tr\/#website","url":"https:\/\/akunq.net\/tr\/","name":"Bati Ermenistan Ve Bati Ermenileri Sorunlari Ara\u015ftirmalar Merkezi","description":"","potentialAction":[{"@type":"SearchAction","target":{"@type":"EntryPoint","urlTemplate":"https:\/\/akunq.net\/tr\/?s={search_term_string}"},"query-input":{"@type":"PropertyValueSpecification","valueRequired":true,"valueName":"search_term_string"}}],"inLanguage":"en-US"},{"@type":"Person","@id":"https:\/\/akunq.net\/tr\/#\/schema\/person\/096f1d38a12cce57fb855b485ed24c9e","name":"admin","url":"https:\/\/akunq.net\/tr\/?author=7"}]}},"_links":{"self":[{"href":"https:\/\/akunq.net\/tr\/index.php?rest_route=\/wp\/v2\/posts\/67258","targetHints":{"allow":["GET"]}}],"collection":[{"href":"https:\/\/akunq.net\/tr\/index.php?rest_route=\/wp\/v2\/posts"}],"about":[{"href":"https:\/\/akunq.net\/tr\/index.php?rest_route=\/wp\/v2\/types\/post"}],"author":[{"embeddable":true,"href":"https:\/\/akunq.net\/tr\/index.php?rest_route=\/wp\/v2\/users\/7"}],"replies":[{"embeddable":true,"href":"https:\/\/akunq.net\/tr\/index.php?rest_route=%2Fwp%2Fv2%2Fcomments&post=67258"}],"version-history":[{"count":1,"href":"https:\/\/akunq.net\/tr\/index.php?rest_route=\/wp\/v2\/posts\/67258\/revisions"}],"predecessor-version":[{"id":67260,"href":"https:\/\/akunq.net\/tr\/index.php?rest_route=\/wp\/v2\/posts\/67258\/revisions\/67260"}],"wp:featuredmedia":[{"embeddable":true,"href":"https:\/\/akunq.net\/tr\/index.php?rest_route=\/wp\/v2\/media\/67259"}],"wp:attachment":[{"href":"https:\/\/akunq.net\/tr\/index.php?rest_route=%2Fwp%2Fv2%2Fmedia&parent=67258"}],"wp:term":[{"taxonomy":"category","embeddable":true,"href":"https:\/\/akunq.net\/tr\/index.php?rest_route=%2Fwp%2Fv2%2Fcategories&post=67258"},{"taxonomy":"post_tag","embeddable":true,"href":"https:\/\/akunq.net\/tr\/index.php?rest_route=%2Fwp%2Fv2%2Ftags&post=67258"}],"curies":[{"name":"wp","href":"https:\/\/api.w.org\/{rel}","templated":true}]}}