{"id":67212,"date":"2022-02-23T03:41:05","date_gmt":"2022-02-23T08:41:05","guid":{"rendered":"https:\/\/akunq.net\/tr\/?p=67212"},"modified":"2022-02-23T03:41:17","modified_gmt":"2022-02-23T08:41:17","slug":"anadili-kadinlari-anadillerimiz-icin-sesimizi-yukseltiyoruz","status":"publish","type":"post","link":"https:\/\/akunq.net\/tr\/?p=67212","title":{"rendered":"Anadili Kad\u0131nlar\u0131: Anadillerimiz i\u00e7in sesimizi y\u00fckseltiyoruz"},"content":{"rendered":"<p><img loading=\"lazy\" decoding=\"async\" class=\"aligncenter size-medium wp-image-67213\" src=\"https:\/\/akunq.net\/tr\/wp-content\/uploads\/2022\/02\/Anadili-Kad\u0131nlar\u0131-360x233.jpg\" alt=\"\" width=\"360\" height=\"233\" srcset=\"https:\/\/akunq.net\/tr\/wp-content\/uploads\/sites\/6\/2022\/02\/Anadili-Kad\u0131nlar\u0131-360x233.jpg 360w, https:\/\/akunq.net\/tr\/wp-content\/uploads\/sites\/6\/2022\/02\/Anadili-Kad\u0131nlar\u0131-260x168.jpg 260w, https:\/\/akunq.net\/tr\/wp-content\/uploads\/sites\/6\/2022\/02\/Anadili-Kad\u0131nlar\u0131-160x104.jpg 160w, https:\/\/akunq.net\/tr\/wp-content\/uploads\/sites\/6\/2022\/02\/Anadili-Kad\u0131nlar\u0131.jpg 500w\" sizes=\"auto, (max-width: 360px) 100vw, 360px\" \/><\/p>\n<p><em><strong>Anadili Kad\u0131nlar\u0131, \u201cYa\u015famak ve ya\u015fatmak isteyen kad\u0131nlar\u0131n en hakl\u0131 talebi, bu topraklar\u0131n \u00e7o\u011ful dilleriyiz\u201d diye sesle<\/strong><\/em>niyor.<\/p>\n<p><strong>G\u00f6rsel: Marta S\u00f6mek<\/strong><\/p>\n<p>21 \u015eubat D\u00fcnya Anadili G\u00fcn\u00fc nedeniyle bas\u0131n a\u00e7\u0131klamas\u0131 yay\u0131nlayan Anadili Kad\u0131nlar\u0131, \u201cE\u015fit ve \u00f6zg\u00fcr bir ya\u015fam i\u00e7in Anadillerimiz i\u00e7in sesimizi y\u00fckseltiyoruz\u201d diye seslendi.<\/p>\n<p><strong>\u201cDiller eksilmesin diye m\u00fccadele ediyoruz\u201d<\/strong><br \/>\n<em>Anadili Kad\u0131nlar\u0131\u2019n\u0131n a\u00e7\u0131klamas\u0131 \u015f\u00f6yle:<\/em><\/p>\n<p>\u201cBu kez diller bize sesleniyor\u2026 Bilge \u00e7a\u011flar\u0131n kad\u0131nlar\u0131, tanr\u0131\u00e7alar\u0131n parmak u\u00e7lar\u0131nda, sihirli kelimeler f\u0131s\u0131ldad\u0131 kula\u011f\u0131m\u0131za. Kadim bir tarihin ac\u0131lar\u0131, ne\u015feleri, masallar\u0131, a\u011f\u0131tlar\u0131, \u015fark\u0131lar\u0131 \u201cbizleri\u201d var etti. Binbir renkle yediveren olduk bu topraklarda. G\u00f6kteki y\u0131ld\u0131z\u0131n, yama\u00e7taki sarma\u015f\u0131\u011f\u0131n, cama konan ser\u00e7enin, kad\u0131n\u0131n, ya\u015fam\u0131n, \u00f6zg\u00fcrl\u00fc\u011f\u00fcn sesi olduk. Bizler, art\u0131k konu\u015fulmayan Ub\u0131h\u00e7ay\u0131z, yok olmak \u00fczere olan Herteviniz, tehlike alt\u0131ndaki Ladinoyuz.<\/p>\n<p>\u201cBizler eksilmesin diye kad\u0131nlar\u0131n m\u00fccadele etti\u011fi b\u00fct\u00fcn dilleriz. Abhazca, Adigece, Arap\u00e7a, Ermenice, G\u00fcrc\u00fcce, Hem\u015fince, Kurmanci, Lazca, Pomak\u00e7a, Rumca, S\u00fcryanice, Zazacay\u0131z\u2026<\/p>\n<p>\u201cKad\u0131nlar\u0131n da anadillerinin de e\u015fit ve \u00f6zg\u00fcr oldu\u011fu bir d\u00fcnya i\u00e7in sesimizi y\u00fckseltmeye devam ediyoruz. Ya\u015famak ve ya\u015fatmak isteyen kad\u0131nlar\u0131n en hakl\u0131 talebi, bu topraklar\u0131n \u00e7o\u011ful dilleriyiz.\u201d<\/p>\n<p><a href=\"https:\/\/bianet.org\/bianet\/toplumsal-cinsiyet\/239544-catrine-rumcanin-yakarisini-duyan-da-kalmadi\" target=\"_blank\" rel=\"noopener noreferrer\">Anadili Kad\u0131nlar\u0131 Anlat\u0131yor \/ Catrine: Rumcan\u0131n yakar\u0131\u015f\u0131n\u0131 duyan da kalmad\u0131<\/a><\/p>\n<p><a href=\"https:\/\/bianet.org\/bianet\/tarih\/239615-cigdem-anadilim-zazaca-benim-ic-serzenisim\" target=\"_blank\" rel=\"noopener noreferrer\">Anadili Kad\u0131nlar\u0131 Anlat\u0131yor \/ \u00c7i\u011fdem: Anadilim Zazaca, benim i\u00e7 serzeni\u015fim\u00a0<\/a><\/p>\n<p><a href=\"https:\/\/bianet.org\/bianet\/toplumsal-cinsiyet\/239664-dijan-yeter-ki-anadillerine-gonlumuzu-acalim\" target=\"_blank\" rel=\"noopener noreferrer\">Anadili Kad\u0131nlar\u0131 Anlat\u0131yor \/ Dijan:\u00a0Yeter ki anadillerine g\u00f6nl\u00fcm\u00fcz\u00fc a\u00e7al\u0131m<\/a><\/p>\n<p><a href=\"https:\/\/bianet.org\/bianet\/toplumsal-cinsiyet\/239706-duygu-zena-zivot-slobodna\" target=\"_blank\" rel=\"noopener noreferrer\">Anadili Kad\u0131nlar\u0131 Anlat\u0131yor \/ Duygu:\u00a0Zena, \u017e\u0131vot, slobodna!<\/a><\/p>\n<p><a href=\"https:\/\/bianet.org\/bianet\/toplumsal-cinsiyet\/239766-goksel-anadilim-gurcuceyi-her-anima-dahil-ediyorum\" target=\"_blank\" rel=\"noopener noreferrer\">Anadili Kad\u0131nlar\u0131 Anlat\u0131yor\/ G\u00f6ksel: Anadilim G\u00fcrc\u00fcceyi her an\u0131ma dahil ediyorum<\/a><\/p>\n<p><a href=\"https:\/\/bianet.org\/bianet\/toplumsal-cinsiyet\/239791-kayus-dilimiz-ermeniceden-baskasina-varmaz\" target=\"_blank\" rel=\"noopener noreferrer\">Anadili Kad\u0131nlar\u0131 Anlat\u0131yor \/ Kayu\u015f: Dilimiz Ermeniceden ba\u015fkas\u0131na varmaz<\/a><\/p>\n<p><a href=\"https:\/\/bianet.org\/bianet\/toplumsal-cinsiyet\/239887-marta-suryanice-ogrenince-daha-ozguvenli-bir-kadin-oldum\" target=\"_blank\" rel=\"noopener noreferrer\">Anadili Kad\u0131nlar\u0131 Anlat\u0131yor \/\u00a0Marta: S\u00fcryanice \u00f6\u011frenince daha \u00f6zg\u00fcvenli bir kad\u0131n oldum<\/a><\/p>\n<p><a href=\"https:\/\/bianet.org\/bianet\/toplumsal-cinsiyet\/239965-refika-anadili-emanettir-sizindir-size-aittir\" target=\"_blank\" rel=\"noopener noreferrer\">Anadili Kad\u0131nlar\u0131 Anlat\u0131yor \/ Refika:\u00a0Anadili emanettir sizindir, size aittir<\/a><\/p>\n<hr \/>\n<p><em><strong><a href=\"https:\/\/bianet.org\/bianet\/toplumsal-cinsiyet\/258041-anadili-kadinlari-anadillerimiz-icin-sesimizi-yukseltiyoruz?bia_source=rss\" target=\"_blank\" rel=\"noopener noreferrer\">bianet<\/a><\/strong><\/em><\/p>\n","protected":false},"excerpt":{"rendered":"<p>Anadili Kad\u0131nlar\u0131, \u201cYa\u015famak ve ya\u015fatmak isteyen kad\u0131nlar\u0131n en hakl\u0131 talebi, bu topraklar\u0131n \u00e7o\u011ful dilleriyiz\u201d diye sesleniyor. G\u00f6rsel: Marta S\u00f6mek 21 \u015eubat D\u00fcnya Anadili G\u00fcn\u00fc nedeniyle bas\u0131n a\u00e7\u0131klamas\u0131 yay\u0131nlayan Anadili Kad\u0131nlar\u0131, \u201cE\u015fit ve \u00f6zg\u00fcr bir ya\u015fam i\u00e7in Anadillerimiz i\u00e7in sesimizi y\u00fckseltiyoruz\u201d diye seslendi. \u201cDiller eksilmesin diye m\u00fccadele ediyoruz\u201d Anadili Kad\u0131nlar\u0131\u2019n\u0131n a\u00e7\u0131klamas\u0131 \u015f\u00f6yle: \u201cBu kez diller bize [&hellip;]<\/p>\n","protected":false},"author":7,"featured_media":67213,"comment_status":"open","ping_status":"open","sticky":false,"template":"","format":"standard","meta":{"footnotes":""},"categories":[1,53],"tags":[],"class_list":["post-67212","post","type-post","status-publish","format-standard","has-post-thumbnail","hentry","category-haberler","category-turkiyede-azinliklar"],"yoast_head":"<!-- This site is optimized with the Yoast SEO plugin v27.4 - https:\/\/yoast.com\/product\/yoast-seo-wordpress\/ -->\n<title>Anadili Kad\u0131nlar\u0131: Anadillerimiz i\u00e7in sesimizi y\u00fckseltiyoruz - Bati Ermenistan Ve Bati Ermenileri Sorunlari Ara\u015ftirmalar Merkezi<\/title>\n<meta name=\"robots\" content=\"index, follow, max-snippet:-1, max-image-preview:large, max-video-preview:-1\" \/>\n<link rel=\"canonical\" href=\"https:\/\/akunq.net\/tr\/?p=67212\" \/>\n<meta property=\"og:locale\" content=\"en_US\" \/>\n<meta property=\"og:type\" content=\"article\" \/>\n<meta property=\"og:title\" content=\"Anadili Kad\u0131nlar\u0131: Anadillerimiz i\u00e7in sesimizi y\u00fckseltiyoruz - Bati Ermenistan Ve Bati Ermenileri Sorunlari Ara\u015ftirmalar Merkezi\" \/>\n<meta property=\"og:description\" content=\"Anadili Kad\u0131nlar\u0131, \u201cYa\u015famak ve ya\u015fatmak isteyen kad\u0131nlar\u0131n en hakl\u0131 talebi, bu topraklar\u0131n \u00e7o\u011ful dilleriyiz\u201d diye sesleniyor. G\u00f6rsel: Marta S\u00f6mek 21 \u015eubat D\u00fcnya Anadili G\u00fcn\u00fc nedeniyle bas\u0131n a\u00e7\u0131klamas\u0131 yay\u0131nlayan Anadili Kad\u0131nlar\u0131, \u201cE\u015fit ve \u00f6zg\u00fcr bir ya\u015fam i\u00e7in Anadillerimiz i\u00e7in sesimizi y\u00fckseltiyoruz\u201d diye seslendi. \u201cDiller eksilmesin diye m\u00fccadele ediyoruz\u201d Anadili Kad\u0131nlar\u0131\u2019n\u0131n a\u00e7\u0131klamas\u0131 \u015f\u00f6yle: \u201cBu kez diller bize [&hellip;]\" \/>\n<meta property=\"og:url\" content=\"https:\/\/akunq.net\/tr\/?p=67212\" \/>\n<meta property=\"og:site_name\" content=\"Bati Ermenistan Ve Bati Ermenileri Sorunlari Ara\u015ftirmalar Merkezi\" \/>\n<meta property=\"article:published_time\" content=\"2022-02-23T08:41:05+00:00\" \/>\n<meta property=\"article:modified_time\" content=\"2022-02-23T08:41:17+00:00\" \/>\n<meta property=\"og:image\" content=\"https:\/\/akunq.net\/tr\/wp-content\/uploads\/sites\/6\/2022\/02\/Anadili-Kad\u0131nlar\u0131.jpg\" \/>\n\t<meta property=\"og:image:width\" content=\"500\" \/>\n\t<meta property=\"og:image:height\" content=\"324\" \/>\n\t<meta property=\"og:image:type\" content=\"image\/jpeg\" \/>\n<meta name=\"author\" content=\"admin\" \/>\n<meta name=\"twitter:card\" content=\"summary_large_image\" \/>\n<meta name=\"twitter:label1\" content=\"Written by\" \/>\n\t<meta name=\"twitter:data1\" content=\"admin\" \/>\n\t<meta name=\"twitter:label2\" content=\"Est. reading time\" \/>\n\t<meta name=\"twitter:data2\" content=\"2 minutes\" \/>\n<script type=\"application\/ld+json\" class=\"yoast-schema-graph\">{\"@context\":\"https:\\\/\\\/schema.org\",\"@graph\":[{\"@type\":\"Article\",\"@id\":\"https:\\\/\\\/akunq.net\\\/tr\\\/?p=67212#article\",\"isPartOf\":{\"@id\":\"https:\\\/\\\/akunq.net\\\/tr\\\/?p=67212\"},\"author\":{\"name\":\"admin\",\"@id\":\"https:\\\/\\\/akunq.net\\\/tr\\\/#\\\/schema\\\/person\\\/096f1d38a12cce57fb855b485ed24c9e\"},\"headline\":\"Anadili Kad\u0131nlar\u0131: Anadillerimiz i\u00e7in sesimizi y\u00fckseltiyoruz\",\"datePublished\":\"2022-02-23T08:41:05+00:00\",\"dateModified\":\"2022-02-23T08:41:17+00:00\",\"mainEntityOfPage\":{\"@id\":\"https:\\\/\\\/akunq.net\\\/tr\\\/?p=67212\"},\"wordCount\":357,\"commentCount\":0,\"image\":{\"@id\":\"https:\\\/\\\/akunq.net\\\/tr\\\/?p=67212#primaryimage\"},\"thumbnailUrl\":\"https:\\\/\\\/akunq.net\\\/tr\\\/wp-content\\\/uploads\\\/sites\\\/6\\\/2022\\\/02\\\/Anadili-Kad\u0131nlar\u0131.jpg\",\"articleSection\":[\"Haberler\",\"T\u00fcrkiye\u2019de Az\u0131nl\u0131klar\"],\"inLanguage\":\"en-US\",\"potentialAction\":[{\"@type\":\"CommentAction\",\"name\":\"Comment\",\"target\":[\"https:\\\/\\\/akunq.net\\\/tr\\\/?p=67212#respond\"]}]},{\"@type\":\"WebPage\",\"@id\":\"https:\\\/\\\/akunq.net\\\/tr\\\/?p=67212\",\"url\":\"https:\\\/\\\/akunq.net\\\/tr\\\/?p=67212\",\"name\":\"Anadili Kad\u0131nlar\u0131: Anadillerimiz i\u00e7in sesimizi y\u00fckseltiyoruz - Bati Ermenistan Ve Bati Ermenileri Sorunlari Ara\u015ftirmalar Merkezi\",\"isPartOf\":{\"@id\":\"https:\\\/\\\/akunq.net\\\/tr\\\/#website\"},\"primaryImageOfPage\":{\"@id\":\"https:\\\/\\\/akunq.net\\\/tr\\\/?p=67212#primaryimage\"},\"image\":{\"@id\":\"https:\\\/\\\/akunq.net\\\/tr\\\/?p=67212#primaryimage\"},\"thumbnailUrl\":\"https:\\\/\\\/akunq.net\\\/tr\\\/wp-content\\\/uploads\\\/sites\\\/6\\\/2022\\\/02\\\/Anadili-Kad\u0131nlar\u0131.jpg\",\"datePublished\":\"2022-02-23T08:41:05+00:00\",\"dateModified\":\"2022-02-23T08:41:17+00:00\",\"author\":{\"@id\":\"https:\\\/\\\/akunq.net\\\/tr\\\/#\\\/schema\\\/person\\\/096f1d38a12cce57fb855b485ed24c9e\"},\"breadcrumb\":{\"@id\":\"https:\\\/\\\/akunq.net\\\/tr\\\/?p=67212#breadcrumb\"},\"inLanguage\":\"en-US\",\"potentialAction\":[{\"@type\":\"ReadAction\",\"target\":[\"https:\\\/\\\/akunq.net\\\/tr\\\/?p=67212\"]}]},{\"@type\":\"ImageObject\",\"inLanguage\":\"en-US\",\"@id\":\"https:\\\/\\\/akunq.net\\\/tr\\\/?p=67212#primaryimage\",\"url\":\"https:\\\/\\\/akunq.net\\\/tr\\\/wp-content\\\/uploads\\\/sites\\\/6\\\/2022\\\/02\\\/Anadili-Kad\u0131nlar\u0131.jpg\",\"contentUrl\":\"https:\\\/\\\/akunq.net\\\/tr\\\/wp-content\\\/uploads\\\/sites\\\/6\\\/2022\\\/02\\\/Anadili-Kad\u0131nlar\u0131.jpg\",\"width\":500,\"height\":324},{\"@type\":\"BreadcrumbList\",\"@id\":\"https:\\\/\\\/akunq.net\\\/tr\\\/?p=67212#breadcrumb\",\"itemListElement\":[{\"@type\":\"ListItem\",\"position\":1,\"name\":\"Home\",\"item\":\"https:\\\/\\\/akunq.net\\\/tr\"},{\"@type\":\"ListItem\",\"position\":2,\"name\":\"Anadili Kad\u0131nlar\u0131: Anadillerimiz i\u00e7in sesimizi y\u00fckseltiyoruz\"}]},{\"@type\":\"WebSite\",\"@id\":\"https:\\\/\\\/akunq.net\\\/tr\\\/#website\",\"url\":\"https:\\\/\\\/akunq.net\\\/tr\\\/\",\"name\":\"Bati Ermenistan Ve Bati Ermenileri Sorunlari Ara\u015ftirmalar Merkezi\",\"description\":\"\",\"potentialAction\":[{\"@type\":\"SearchAction\",\"target\":{\"@type\":\"EntryPoint\",\"urlTemplate\":\"https:\\\/\\\/akunq.net\\\/tr\\\/?s={search_term_string}\"},\"query-input\":{\"@type\":\"PropertyValueSpecification\",\"valueRequired\":true,\"valueName\":\"search_term_string\"}}],\"inLanguage\":\"en-US\"},{\"@type\":\"Person\",\"@id\":\"https:\\\/\\\/akunq.net\\\/tr\\\/#\\\/schema\\\/person\\\/096f1d38a12cce57fb855b485ed24c9e\",\"name\":\"admin\",\"url\":\"https:\\\/\\\/akunq.net\\\/tr\\\/?author=7\"}]}<\/script>\n<!-- \/ Yoast SEO plugin. -->","yoast_head_json":{"title":"Anadili Kad\u0131nlar\u0131: Anadillerimiz i\u00e7in sesimizi y\u00fckseltiyoruz - Bati Ermenistan Ve Bati Ermenileri Sorunlari Ara\u015ftirmalar Merkezi","robots":{"index":"index","follow":"follow","max-snippet":"max-snippet:-1","max-image-preview":"max-image-preview:large","max-video-preview":"max-video-preview:-1"},"canonical":"https:\/\/akunq.net\/tr\/?p=67212","og_locale":"en_US","og_type":"article","og_title":"Anadili Kad\u0131nlar\u0131: Anadillerimiz i\u00e7in sesimizi y\u00fckseltiyoruz - Bati Ermenistan Ve Bati Ermenileri Sorunlari Ara\u015ftirmalar Merkezi","og_description":"Anadili Kad\u0131nlar\u0131, \u201cYa\u015famak ve ya\u015fatmak isteyen kad\u0131nlar\u0131n en hakl\u0131 talebi, bu topraklar\u0131n \u00e7o\u011ful dilleriyiz\u201d diye sesleniyor. G\u00f6rsel: Marta S\u00f6mek 21 \u015eubat D\u00fcnya Anadili G\u00fcn\u00fc nedeniyle bas\u0131n a\u00e7\u0131klamas\u0131 yay\u0131nlayan Anadili Kad\u0131nlar\u0131, \u201cE\u015fit ve \u00f6zg\u00fcr bir ya\u015fam i\u00e7in Anadillerimiz i\u00e7in sesimizi y\u00fckseltiyoruz\u201d diye seslendi. \u201cDiller eksilmesin diye m\u00fccadele ediyoruz\u201d Anadili Kad\u0131nlar\u0131\u2019n\u0131n a\u00e7\u0131klamas\u0131 \u015f\u00f6yle: \u201cBu kez diller bize [&hellip;]","og_url":"https:\/\/akunq.net\/tr\/?p=67212","og_site_name":"Bati Ermenistan Ve Bati Ermenileri Sorunlari Ara\u015ftirmalar Merkezi","article_published_time":"2022-02-23T08:41:05+00:00","article_modified_time":"2022-02-23T08:41:17+00:00","og_image":[{"width":500,"height":324,"url":"https:\/\/akunq.net\/tr\/wp-content\/uploads\/sites\/6\/2022\/02\/Anadili-Kad\u0131nlar\u0131.jpg","type":"image\/jpeg"}],"author":"admin","twitter_card":"summary_large_image","twitter_misc":{"Written by":"admin","Est. reading time":"2 minutes"},"schema":{"@context":"https:\/\/schema.org","@graph":[{"@type":"Article","@id":"https:\/\/akunq.net\/tr\/?p=67212#article","isPartOf":{"@id":"https:\/\/akunq.net\/tr\/?p=67212"},"author":{"name":"admin","@id":"https:\/\/akunq.net\/tr\/#\/schema\/person\/096f1d38a12cce57fb855b485ed24c9e"},"headline":"Anadili Kad\u0131nlar\u0131: Anadillerimiz i\u00e7in sesimizi y\u00fckseltiyoruz","datePublished":"2022-02-23T08:41:05+00:00","dateModified":"2022-02-23T08:41:17+00:00","mainEntityOfPage":{"@id":"https:\/\/akunq.net\/tr\/?p=67212"},"wordCount":357,"commentCount":0,"image":{"@id":"https:\/\/akunq.net\/tr\/?p=67212#primaryimage"},"thumbnailUrl":"https:\/\/akunq.net\/tr\/wp-content\/uploads\/sites\/6\/2022\/02\/Anadili-Kad\u0131nlar\u0131.jpg","articleSection":["Haberler","T\u00fcrkiye\u2019de Az\u0131nl\u0131klar"],"inLanguage":"en-US","potentialAction":[{"@type":"CommentAction","name":"Comment","target":["https:\/\/akunq.net\/tr\/?p=67212#respond"]}]},{"@type":"WebPage","@id":"https:\/\/akunq.net\/tr\/?p=67212","url":"https:\/\/akunq.net\/tr\/?p=67212","name":"Anadili Kad\u0131nlar\u0131: Anadillerimiz i\u00e7in sesimizi y\u00fckseltiyoruz - Bati Ermenistan Ve Bati Ermenileri Sorunlari Ara\u015ftirmalar Merkezi","isPartOf":{"@id":"https:\/\/akunq.net\/tr\/#website"},"primaryImageOfPage":{"@id":"https:\/\/akunq.net\/tr\/?p=67212#primaryimage"},"image":{"@id":"https:\/\/akunq.net\/tr\/?p=67212#primaryimage"},"thumbnailUrl":"https:\/\/akunq.net\/tr\/wp-content\/uploads\/sites\/6\/2022\/02\/Anadili-Kad\u0131nlar\u0131.jpg","datePublished":"2022-02-23T08:41:05+00:00","dateModified":"2022-02-23T08:41:17+00:00","author":{"@id":"https:\/\/akunq.net\/tr\/#\/schema\/person\/096f1d38a12cce57fb855b485ed24c9e"},"breadcrumb":{"@id":"https:\/\/akunq.net\/tr\/?p=67212#breadcrumb"},"inLanguage":"en-US","potentialAction":[{"@type":"ReadAction","target":["https:\/\/akunq.net\/tr\/?p=67212"]}]},{"@type":"ImageObject","inLanguage":"en-US","@id":"https:\/\/akunq.net\/tr\/?p=67212#primaryimage","url":"https:\/\/akunq.net\/tr\/wp-content\/uploads\/sites\/6\/2022\/02\/Anadili-Kad\u0131nlar\u0131.jpg","contentUrl":"https:\/\/akunq.net\/tr\/wp-content\/uploads\/sites\/6\/2022\/02\/Anadili-Kad\u0131nlar\u0131.jpg","width":500,"height":324},{"@type":"BreadcrumbList","@id":"https:\/\/akunq.net\/tr\/?p=67212#breadcrumb","itemListElement":[{"@type":"ListItem","position":1,"name":"Home","item":"https:\/\/akunq.net\/tr"},{"@type":"ListItem","position":2,"name":"Anadili Kad\u0131nlar\u0131: Anadillerimiz i\u00e7in sesimizi y\u00fckseltiyoruz"}]},{"@type":"WebSite","@id":"https:\/\/akunq.net\/tr\/#website","url":"https:\/\/akunq.net\/tr\/","name":"Bati Ermenistan Ve Bati Ermenileri Sorunlari Ara\u015ftirmalar Merkezi","description":"","potentialAction":[{"@type":"SearchAction","target":{"@type":"EntryPoint","urlTemplate":"https:\/\/akunq.net\/tr\/?s={search_term_string}"},"query-input":{"@type":"PropertyValueSpecification","valueRequired":true,"valueName":"search_term_string"}}],"inLanguage":"en-US"},{"@type":"Person","@id":"https:\/\/akunq.net\/tr\/#\/schema\/person\/096f1d38a12cce57fb855b485ed24c9e","name":"admin","url":"https:\/\/akunq.net\/tr\/?author=7"}]}},"_links":{"self":[{"href":"https:\/\/akunq.net\/tr\/index.php?rest_route=\/wp\/v2\/posts\/67212","targetHints":{"allow":["GET"]}}],"collection":[{"href":"https:\/\/akunq.net\/tr\/index.php?rest_route=\/wp\/v2\/posts"}],"about":[{"href":"https:\/\/akunq.net\/tr\/index.php?rest_route=\/wp\/v2\/types\/post"}],"author":[{"embeddable":true,"href":"https:\/\/akunq.net\/tr\/index.php?rest_route=\/wp\/v2\/users\/7"}],"replies":[{"embeddable":true,"href":"https:\/\/akunq.net\/tr\/index.php?rest_route=%2Fwp%2Fv2%2Fcomments&post=67212"}],"version-history":[{"count":1,"href":"https:\/\/akunq.net\/tr\/index.php?rest_route=\/wp\/v2\/posts\/67212\/revisions"}],"predecessor-version":[{"id":67214,"href":"https:\/\/akunq.net\/tr\/index.php?rest_route=\/wp\/v2\/posts\/67212\/revisions\/67214"}],"wp:featuredmedia":[{"embeddable":true,"href":"https:\/\/akunq.net\/tr\/index.php?rest_route=\/wp\/v2\/media\/67213"}],"wp:attachment":[{"href":"https:\/\/akunq.net\/tr\/index.php?rest_route=%2Fwp%2Fv2%2Fmedia&parent=67212"}],"wp:term":[{"taxonomy":"category","embeddable":true,"href":"https:\/\/akunq.net\/tr\/index.php?rest_route=%2Fwp%2Fv2%2Fcategories&post=67212"},{"taxonomy":"post_tag","embeddable":true,"href":"https:\/\/akunq.net\/tr\/index.php?rest_route=%2Fwp%2Fv2%2Ftags&post=67212"}],"curies":[{"name":"wp","href":"https:\/\/api.w.org\/{rel}","templated":true}]}}