{"id":67206,"date":"2022-02-23T03:20:47","date_gmt":"2022-02-23T08:20:47","guid":{"rendered":"https:\/\/akunq.net\/tr\/?p=67206"},"modified":"2022-02-23T03:20:47","modified_gmt":"2022-02-23T08:20:47","slug":"buyukelci-serdar-kilic-patrikhaneye-nezaket-ziyaretinde-bulundu","status":"publish","type":"post","link":"https:\/\/akunq.net\/tr\/?p=67206","title":{"rendered":"B\u00fcy\u00fckel\u00e7i Serdar K\u0131l\u0131\u00e7 Patrikhane&#8217;ye nezaket ziyaretinde bulundu"},"content":{"rendered":"<p><img loading=\"lazy\" decoding=\"async\" class=\"aligncenter size-medium wp-image-67207\" src=\"https:\/\/akunq.net\/tr\/wp-content\/uploads\/2022\/02\/Serdar-Kilic-Patrik-360x240.jpg\" alt=\"\" width=\"360\" height=\"240\" srcset=\"https:\/\/akunq.net\/tr\/wp-content\/uploads\/sites\/6\/2022\/02\/Serdar-Kilic-Patrik-360x240.jpg 360w, https:\/\/akunq.net\/tr\/wp-content\/uploads\/sites\/6\/2022\/02\/Serdar-Kilic-Patrik-768x512.jpg 768w, https:\/\/akunq.net\/tr\/wp-content\/uploads\/sites\/6\/2022\/02\/Serdar-Kilic-Patrik-1536x1024.jpg 1536w, https:\/\/akunq.net\/tr\/wp-content\/uploads\/sites\/6\/2022\/02\/Serdar-Kilic-Patrik-560x373.jpg 560w, https:\/\/akunq.net\/tr\/wp-content\/uploads\/sites\/6\/2022\/02\/Serdar-Kilic-Patrik-260x173.jpg 260w, https:\/\/akunq.net\/tr\/wp-content\/uploads\/sites\/6\/2022\/02\/Serdar-Kilic-Patrik-160x107.jpg 160w, https:\/\/akunq.net\/tr\/wp-content\/uploads\/sites\/6\/2022\/02\/Serdar-Kilic-Patrik.jpg 1560w\" sizes=\"auto, (max-width: 360px) 100vw, 360px\" \/><\/p>\n<p><strong><em>T\u00fcrkiye Ermenistan Normalle\u015fme S\u00fcreci \u00d6zel Temsilcisi B\u00fcy\u00fckel\u00e7i Say\u0131n Serdar K\u0131l\u0131\u00e7 22 \u015eubat 2022, Sal\u0131, saat 14:00\u2019de Patrikhane\u2019ye nezaket ziyaretinde bulunarak Kadasetli Patrik Sahak II Hazretleri ile g\u00f6r\u00fc\u015ft\u00fcler. Bu ziyaretinde Say\u0131n B\u00fcy\u00fckel\u00e7iye D\u0131\u015fi\u015fleri Bakanl\u0131\u011f\u0131 Kafkasya Orta Asya Genel M\u00fcd\u00fcr Yard\u0131mc\u0131l\u0131\u011f\u0131 Daire Ba\u015fkan\u0131 Say\u0131n Ay\u015fe Uzer e\u015flik etti. G\u00f6r\u00fc\u015fmede Patrik Vekili K\u0131demli Peder Krikor Damadyan ile Patrik Hazretleri\u2019nin Asistan\u0131 Peder \u015eirvan M\u00fcrzyan da haz\u0131r bulundular.<\/em><\/strong><\/p>\n<p>G\u00f6r\u00fc\u015fme esnas\u0131nda Say\u0131n B\u00fcy\u00fckel\u00e7i Ermenistan temsilcisi Ruben Rubenyan ile olan ilk g\u00f6r\u00fc\u015fmelerden duydu\u011fu memnuniyeti dile getirerek, normalle\u015fme s\u00fcrecinin kar\u015f\u0131l\u0131kl\u0131 at\u0131lacak sa\u011flam ad\u0131mlar\u0131n iki \u00fclke aras\u0131nda olumlu y\u00f6nde geli\u015fmelerin kaydedilmesine zemin haz\u0131rlayaca\u011f\u0131ndan \u00fcmitvar olduklar\u0131n\u0131 belirttiler.<\/p>\n<p>Patrik Hazretleri bu ziyaretten memnun olduklar\u0131n\u0131, \u00fcstlenmi\u015f olduklar\u0131 diplomatik misyonun ba\u015far\u0131l\u0131 olmas\u0131n\u0131 can\u0131 g\u00f6n\u00fclden dilediklerini belirttiler. T\u00fcrkiye Ermenistan ili\u015fkilerinin normalle\u015fme s\u00fcrecini desteklediklerini, nihayetinde var\u0131lacak iyi kom\u015fuluk ili\u015fkilerinin sadece iki \u00fclke insanlar\u0131 i\u00e7in de\u011fil, b\u00f6lge \u00fclkeleri i\u00e7in de bir bar\u0131\u015f, huzur ortam\u0131 sa\u011flayaca\u011f\u0131n\u0131, b\u00f6lgesel ekonomik, sosyal ve k\u00fclt\u00fcrel geli\u015fmelere yol a\u00e7aca\u011f\u0131n\u0131 vurgulad\u0131.<\/p>\n<p>B\u00fcy\u00fckel\u00e7i Serdar K\u0131l\u0131\u00e7 bu g\u00f6r\u00fc\u015fme imkan\u0131n\u0131 sa\u011flad\u0131klar\u0131 i\u00e7in Patrik Hazretleri\u2019ne te\u015fekk\u00fcr ederek, Patrikhane\u2019den ayr\u0131ld\u0131lar.<\/p>\n<p><em><strong><a href=\"https:\/\/www.facebook.com\/TRArmenianPatriarchate\/\">https:\/\/www.facebook.com\/TRArmenianPatriarchate\/<\/a> \u00a0<\/strong><\/em><\/p>\n","protected":false},"excerpt":{"rendered":"<p>T\u00fcrkiye Ermenistan Normalle\u015fme S\u00fcreci \u00d6zel Temsilcisi B\u00fcy\u00fckel\u00e7i Say\u0131n Serdar K\u0131l\u0131\u00e7 22 \u015eubat 2022, Sal\u0131, saat 14:00\u2019de Patrikhane\u2019ye nezaket ziyaretinde bulunarak Kadasetli Patrik Sahak II Hazretleri ile g\u00f6r\u00fc\u015ft\u00fcler. Bu ziyaretinde Say\u0131n B\u00fcy\u00fckel\u00e7iye D\u0131\u015fi\u015fleri Bakanl\u0131\u011f\u0131 Kafkasya Orta Asya Genel M\u00fcd\u00fcr Yard\u0131mc\u0131l\u0131\u011f\u0131 Daire Ba\u015fkan\u0131 Say\u0131n Ay\u015fe Uzer e\u015flik etti. G\u00f6r\u00fc\u015fmede Patrik Vekili K\u0131demli Peder Krikor Damadyan ile Patrik [&hellip;]<\/p>\n","protected":false},"author":7,"featured_media":67207,"comment_status":"open","ping_status":"open","sticky":false,"template":"","format":"standard","meta":{"footnotes":""},"categories":[1],"tags":[],"class_list":["post-67206","post","type-post","status-publish","format-standard","has-post-thumbnail","hentry","category-haberler"],"yoast_head":"<!-- This site is optimized with the Yoast SEO plugin v27.4 - https:\/\/yoast.com\/product\/yoast-seo-wordpress\/ -->\n<title>B\u00fcy\u00fckel\u00e7i Serdar K\u0131l\u0131\u00e7 Patrikhane&#039;ye nezaket ziyaretinde bulundu - Bati Ermenistan Ve Bati Ermenileri Sorunlari Ara\u015ftirmalar Merkezi<\/title>\n<meta name=\"robots\" content=\"index, follow, max-snippet:-1, max-image-preview:large, max-video-preview:-1\" \/>\n<link rel=\"canonical\" href=\"https:\/\/akunq.net\/tr\/?p=67206\" \/>\n<meta property=\"og:locale\" content=\"en_US\" \/>\n<meta property=\"og:type\" content=\"article\" \/>\n<meta property=\"og:title\" content=\"B\u00fcy\u00fckel\u00e7i Serdar K\u0131l\u0131\u00e7 Patrikhane&#039;ye nezaket ziyaretinde bulundu - Bati Ermenistan Ve Bati Ermenileri Sorunlari Ara\u015ftirmalar Merkezi\" \/>\n<meta property=\"og:description\" content=\"T\u00fcrkiye Ermenistan Normalle\u015fme S\u00fcreci \u00d6zel Temsilcisi B\u00fcy\u00fckel\u00e7i Say\u0131n Serdar K\u0131l\u0131\u00e7 22 \u015eubat 2022, Sal\u0131, saat 14:00\u2019de Patrikhane\u2019ye nezaket ziyaretinde bulunarak Kadasetli Patrik Sahak II Hazretleri ile g\u00f6r\u00fc\u015ft\u00fcler. Bu ziyaretinde Say\u0131n B\u00fcy\u00fckel\u00e7iye D\u0131\u015fi\u015fleri Bakanl\u0131\u011f\u0131 Kafkasya Orta Asya Genel M\u00fcd\u00fcr Yard\u0131mc\u0131l\u0131\u011f\u0131 Daire Ba\u015fkan\u0131 Say\u0131n Ay\u015fe Uzer e\u015flik etti. G\u00f6r\u00fc\u015fmede Patrik Vekili K\u0131demli Peder Krikor Damadyan ile Patrik [&hellip;]\" \/>\n<meta property=\"og:url\" content=\"https:\/\/akunq.net\/tr\/?p=67206\" \/>\n<meta property=\"og:site_name\" content=\"Bati Ermenistan Ve Bati Ermenileri Sorunlari Ara\u015ftirmalar Merkezi\" \/>\n<meta property=\"article:published_time\" content=\"2022-02-23T08:20:47+00:00\" \/>\n<meta property=\"og:image\" content=\"https:\/\/akunq.net\/tr\/wp-content\/uploads\/sites\/6\/2022\/02\/Serdar-Kilic-Patrik.jpg\" \/>\n\t<meta property=\"og:image:width\" content=\"1560\" \/>\n\t<meta property=\"og:image:height\" content=\"1040\" \/>\n\t<meta property=\"og:image:type\" content=\"image\/jpeg\" \/>\n<meta name=\"author\" content=\"admin\" \/>\n<meta name=\"twitter:card\" content=\"summary_large_image\" \/>\n<meta name=\"twitter:label1\" content=\"Written by\" \/>\n\t<meta name=\"twitter:data1\" content=\"admin\" \/>\n\t<meta name=\"twitter:label2\" content=\"Est. reading time\" \/>\n\t<meta name=\"twitter:data2\" content=\"1 minute\" \/>\n<script type=\"application\/ld+json\" class=\"yoast-schema-graph\">{\"@context\":\"https:\\\/\\\/schema.org\",\"@graph\":[{\"@type\":\"Article\",\"@id\":\"https:\\\/\\\/akunq.net\\\/tr\\\/?p=67206#article\",\"isPartOf\":{\"@id\":\"https:\\\/\\\/akunq.net\\\/tr\\\/?p=67206\"},\"author\":{\"name\":\"admin\",\"@id\":\"https:\\\/\\\/akunq.net\\\/tr\\\/#\\\/schema\\\/person\\\/096f1d38a12cce57fb855b485ed24c9e\"},\"headline\":\"B\u00fcy\u00fckel\u00e7i Serdar K\u0131l\u0131\u00e7 Patrikhane&#8217;ye nezaket ziyaretinde bulundu\",\"datePublished\":\"2022-02-23T08:20:47+00:00\",\"mainEntityOfPage\":{\"@id\":\"https:\\\/\\\/akunq.net\\\/tr\\\/?p=67206\"},\"wordCount\":273,\"commentCount\":0,\"image\":{\"@id\":\"https:\\\/\\\/akunq.net\\\/tr\\\/?p=67206#primaryimage\"},\"thumbnailUrl\":\"https:\\\/\\\/akunq.net\\\/tr\\\/wp-content\\\/uploads\\\/sites\\\/6\\\/2022\\\/02\\\/Serdar-Kilic-Patrik.jpg\",\"articleSection\":[\"Haberler\"],\"inLanguage\":\"en-US\",\"potentialAction\":[{\"@type\":\"CommentAction\",\"name\":\"Comment\",\"target\":[\"https:\\\/\\\/akunq.net\\\/tr\\\/?p=67206#respond\"]}]},{\"@type\":\"WebPage\",\"@id\":\"https:\\\/\\\/akunq.net\\\/tr\\\/?p=67206\",\"url\":\"https:\\\/\\\/akunq.net\\\/tr\\\/?p=67206\",\"name\":\"B\u00fcy\u00fckel\u00e7i Serdar K\u0131l\u0131\u00e7 Patrikhane'ye nezaket ziyaretinde bulundu - Bati Ermenistan Ve Bati Ermenileri Sorunlari Ara\u015ftirmalar Merkezi\",\"isPartOf\":{\"@id\":\"https:\\\/\\\/akunq.net\\\/tr\\\/#website\"},\"primaryImageOfPage\":{\"@id\":\"https:\\\/\\\/akunq.net\\\/tr\\\/?p=67206#primaryimage\"},\"image\":{\"@id\":\"https:\\\/\\\/akunq.net\\\/tr\\\/?p=67206#primaryimage\"},\"thumbnailUrl\":\"https:\\\/\\\/akunq.net\\\/tr\\\/wp-content\\\/uploads\\\/sites\\\/6\\\/2022\\\/02\\\/Serdar-Kilic-Patrik.jpg\",\"datePublished\":\"2022-02-23T08:20:47+00:00\",\"author\":{\"@id\":\"https:\\\/\\\/akunq.net\\\/tr\\\/#\\\/schema\\\/person\\\/096f1d38a12cce57fb855b485ed24c9e\"},\"breadcrumb\":{\"@id\":\"https:\\\/\\\/akunq.net\\\/tr\\\/?p=67206#breadcrumb\"},\"inLanguage\":\"en-US\",\"potentialAction\":[{\"@type\":\"ReadAction\",\"target\":[\"https:\\\/\\\/akunq.net\\\/tr\\\/?p=67206\"]}]},{\"@type\":\"ImageObject\",\"inLanguage\":\"en-US\",\"@id\":\"https:\\\/\\\/akunq.net\\\/tr\\\/?p=67206#primaryimage\",\"url\":\"https:\\\/\\\/akunq.net\\\/tr\\\/wp-content\\\/uploads\\\/sites\\\/6\\\/2022\\\/02\\\/Serdar-Kilic-Patrik.jpg\",\"contentUrl\":\"https:\\\/\\\/akunq.net\\\/tr\\\/wp-content\\\/uploads\\\/sites\\\/6\\\/2022\\\/02\\\/Serdar-Kilic-Patrik.jpg\",\"width\":1560,\"height\":1040},{\"@type\":\"BreadcrumbList\",\"@id\":\"https:\\\/\\\/akunq.net\\\/tr\\\/?p=67206#breadcrumb\",\"itemListElement\":[{\"@type\":\"ListItem\",\"position\":1,\"name\":\"Home\",\"item\":\"https:\\\/\\\/akunq.net\\\/tr\"},{\"@type\":\"ListItem\",\"position\":2,\"name\":\"B\u00fcy\u00fckel\u00e7i Serdar K\u0131l\u0131\u00e7 Patrikhane&#8217;ye nezaket ziyaretinde bulundu\"}]},{\"@type\":\"WebSite\",\"@id\":\"https:\\\/\\\/akunq.net\\\/tr\\\/#website\",\"url\":\"https:\\\/\\\/akunq.net\\\/tr\\\/\",\"name\":\"Bati Ermenistan Ve Bati Ermenileri Sorunlari Ara\u015ftirmalar Merkezi\",\"description\":\"\",\"potentialAction\":[{\"@type\":\"SearchAction\",\"target\":{\"@type\":\"EntryPoint\",\"urlTemplate\":\"https:\\\/\\\/akunq.net\\\/tr\\\/?s={search_term_string}\"},\"query-input\":{\"@type\":\"PropertyValueSpecification\",\"valueRequired\":true,\"valueName\":\"search_term_string\"}}],\"inLanguage\":\"en-US\"},{\"@type\":\"Person\",\"@id\":\"https:\\\/\\\/akunq.net\\\/tr\\\/#\\\/schema\\\/person\\\/096f1d38a12cce57fb855b485ed24c9e\",\"name\":\"admin\",\"url\":\"https:\\\/\\\/akunq.net\\\/tr\\\/?author=7\"}]}<\/script>\n<!-- \/ Yoast SEO plugin. -->","yoast_head_json":{"title":"B\u00fcy\u00fckel\u00e7i Serdar K\u0131l\u0131\u00e7 Patrikhane'ye nezaket ziyaretinde bulundu - Bati Ermenistan Ve Bati Ermenileri Sorunlari Ara\u015ftirmalar Merkezi","robots":{"index":"index","follow":"follow","max-snippet":"max-snippet:-1","max-image-preview":"max-image-preview:large","max-video-preview":"max-video-preview:-1"},"canonical":"https:\/\/akunq.net\/tr\/?p=67206","og_locale":"en_US","og_type":"article","og_title":"B\u00fcy\u00fckel\u00e7i Serdar K\u0131l\u0131\u00e7 Patrikhane'ye nezaket ziyaretinde bulundu - Bati Ermenistan Ve Bati Ermenileri Sorunlari Ara\u015ftirmalar Merkezi","og_description":"T\u00fcrkiye Ermenistan Normalle\u015fme S\u00fcreci \u00d6zel Temsilcisi B\u00fcy\u00fckel\u00e7i Say\u0131n Serdar K\u0131l\u0131\u00e7 22 \u015eubat 2022, Sal\u0131, saat 14:00\u2019de Patrikhane\u2019ye nezaket ziyaretinde bulunarak Kadasetli Patrik Sahak II Hazretleri ile g\u00f6r\u00fc\u015ft\u00fcler. Bu ziyaretinde Say\u0131n B\u00fcy\u00fckel\u00e7iye D\u0131\u015fi\u015fleri Bakanl\u0131\u011f\u0131 Kafkasya Orta Asya Genel M\u00fcd\u00fcr Yard\u0131mc\u0131l\u0131\u011f\u0131 Daire Ba\u015fkan\u0131 Say\u0131n Ay\u015fe Uzer e\u015flik etti. G\u00f6r\u00fc\u015fmede Patrik Vekili K\u0131demli Peder Krikor Damadyan ile Patrik [&hellip;]","og_url":"https:\/\/akunq.net\/tr\/?p=67206","og_site_name":"Bati Ermenistan Ve Bati Ermenileri Sorunlari Ara\u015ftirmalar Merkezi","article_published_time":"2022-02-23T08:20:47+00:00","og_image":[{"width":1560,"height":1040,"url":"https:\/\/akunq.net\/tr\/wp-content\/uploads\/sites\/6\/2022\/02\/Serdar-Kilic-Patrik.jpg","type":"image\/jpeg"}],"author":"admin","twitter_card":"summary_large_image","twitter_misc":{"Written by":"admin","Est. reading time":"1 minute"},"schema":{"@context":"https:\/\/schema.org","@graph":[{"@type":"Article","@id":"https:\/\/akunq.net\/tr\/?p=67206#article","isPartOf":{"@id":"https:\/\/akunq.net\/tr\/?p=67206"},"author":{"name":"admin","@id":"https:\/\/akunq.net\/tr\/#\/schema\/person\/096f1d38a12cce57fb855b485ed24c9e"},"headline":"B\u00fcy\u00fckel\u00e7i Serdar K\u0131l\u0131\u00e7 Patrikhane&#8217;ye nezaket ziyaretinde bulundu","datePublished":"2022-02-23T08:20:47+00:00","mainEntityOfPage":{"@id":"https:\/\/akunq.net\/tr\/?p=67206"},"wordCount":273,"commentCount":0,"image":{"@id":"https:\/\/akunq.net\/tr\/?p=67206#primaryimage"},"thumbnailUrl":"https:\/\/akunq.net\/tr\/wp-content\/uploads\/sites\/6\/2022\/02\/Serdar-Kilic-Patrik.jpg","articleSection":["Haberler"],"inLanguage":"en-US","potentialAction":[{"@type":"CommentAction","name":"Comment","target":["https:\/\/akunq.net\/tr\/?p=67206#respond"]}]},{"@type":"WebPage","@id":"https:\/\/akunq.net\/tr\/?p=67206","url":"https:\/\/akunq.net\/tr\/?p=67206","name":"B\u00fcy\u00fckel\u00e7i Serdar K\u0131l\u0131\u00e7 Patrikhane'ye nezaket ziyaretinde bulundu - Bati Ermenistan Ve Bati Ermenileri Sorunlari Ara\u015ftirmalar Merkezi","isPartOf":{"@id":"https:\/\/akunq.net\/tr\/#website"},"primaryImageOfPage":{"@id":"https:\/\/akunq.net\/tr\/?p=67206#primaryimage"},"image":{"@id":"https:\/\/akunq.net\/tr\/?p=67206#primaryimage"},"thumbnailUrl":"https:\/\/akunq.net\/tr\/wp-content\/uploads\/sites\/6\/2022\/02\/Serdar-Kilic-Patrik.jpg","datePublished":"2022-02-23T08:20:47+00:00","author":{"@id":"https:\/\/akunq.net\/tr\/#\/schema\/person\/096f1d38a12cce57fb855b485ed24c9e"},"breadcrumb":{"@id":"https:\/\/akunq.net\/tr\/?p=67206#breadcrumb"},"inLanguage":"en-US","potentialAction":[{"@type":"ReadAction","target":["https:\/\/akunq.net\/tr\/?p=67206"]}]},{"@type":"ImageObject","inLanguage":"en-US","@id":"https:\/\/akunq.net\/tr\/?p=67206#primaryimage","url":"https:\/\/akunq.net\/tr\/wp-content\/uploads\/sites\/6\/2022\/02\/Serdar-Kilic-Patrik.jpg","contentUrl":"https:\/\/akunq.net\/tr\/wp-content\/uploads\/sites\/6\/2022\/02\/Serdar-Kilic-Patrik.jpg","width":1560,"height":1040},{"@type":"BreadcrumbList","@id":"https:\/\/akunq.net\/tr\/?p=67206#breadcrumb","itemListElement":[{"@type":"ListItem","position":1,"name":"Home","item":"https:\/\/akunq.net\/tr"},{"@type":"ListItem","position":2,"name":"B\u00fcy\u00fckel\u00e7i Serdar K\u0131l\u0131\u00e7 Patrikhane&#8217;ye nezaket ziyaretinde bulundu"}]},{"@type":"WebSite","@id":"https:\/\/akunq.net\/tr\/#website","url":"https:\/\/akunq.net\/tr\/","name":"Bati Ermenistan Ve Bati Ermenileri Sorunlari Ara\u015ftirmalar Merkezi","description":"","potentialAction":[{"@type":"SearchAction","target":{"@type":"EntryPoint","urlTemplate":"https:\/\/akunq.net\/tr\/?s={search_term_string}"},"query-input":{"@type":"PropertyValueSpecification","valueRequired":true,"valueName":"search_term_string"}}],"inLanguage":"en-US"},{"@type":"Person","@id":"https:\/\/akunq.net\/tr\/#\/schema\/person\/096f1d38a12cce57fb855b485ed24c9e","name":"admin","url":"https:\/\/akunq.net\/tr\/?author=7"}]}},"_links":{"self":[{"href":"https:\/\/akunq.net\/tr\/index.php?rest_route=\/wp\/v2\/posts\/67206","targetHints":{"allow":["GET"]}}],"collection":[{"href":"https:\/\/akunq.net\/tr\/index.php?rest_route=\/wp\/v2\/posts"}],"about":[{"href":"https:\/\/akunq.net\/tr\/index.php?rest_route=\/wp\/v2\/types\/post"}],"author":[{"embeddable":true,"href":"https:\/\/akunq.net\/tr\/index.php?rest_route=\/wp\/v2\/users\/7"}],"replies":[{"embeddable":true,"href":"https:\/\/akunq.net\/tr\/index.php?rest_route=%2Fwp%2Fv2%2Fcomments&post=67206"}],"version-history":[{"count":1,"href":"https:\/\/akunq.net\/tr\/index.php?rest_route=\/wp\/v2\/posts\/67206\/revisions"}],"predecessor-version":[{"id":67208,"href":"https:\/\/akunq.net\/tr\/index.php?rest_route=\/wp\/v2\/posts\/67206\/revisions\/67208"}],"wp:featuredmedia":[{"embeddable":true,"href":"https:\/\/akunq.net\/tr\/index.php?rest_route=\/wp\/v2\/media\/67207"}],"wp:attachment":[{"href":"https:\/\/akunq.net\/tr\/index.php?rest_route=%2Fwp%2Fv2%2Fmedia&parent=67206"}],"wp:term":[{"taxonomy":"category","embeddable":true,"href":"https:\/\/akunq.net\/tr\/index.php?rest_route=%2Fwp%2Fv2%2Fcategories&post=67206"},{"taxonomy":"post_tag","embeddable":true,"href":"https:\/\/akunq.net\/tr\/index.php?rest_route=%2Fwp%2Fv2%2Ftags&post=67206"}],"curies":[{"name":"wp","href":"https:\/\/api.w.org\/{rel}","templated":true}]}}