{"id":67203,"date":"2022-02-23T02:08:31","date_gmt":"2022-02-23T07:08:31","guid":{"rendered":"https:\/\/akunq.net\/tr\/?p=67203"},"modified":"2022-02-23T02:08:31","modified_gmt":"2022-02-23T07:08:31","slug":"hdpden-tbmmye-kurtce-onerge-turkiyedeki-anadillere-dair-komisyon-kurulmali","status":"publish","type":"post","link":"https:\/\/akunq.net\/tr\/?p=67203","title":{"rendered":"HDP\u2019den TBMM\u2019ye K\u00fcrt\u00e7e \u00f6nerge: T\u00fcrkiye\u2019deki anadillere dair komisyon kurulmal\u0131"},"content":{"rendered":"<p><img loading=\"lazy\" decoding=\"async\" class=\"aligncenter size-medium wp-image-67204\" src=\"https:\/\/akunq.net\/tr\/wp-content\/uploads\/2022\/02\/T\u00fcrkiye\u2019deki-anadiller-360x208.jpg\" alt=\"\" width=\"360\" height=\"208\" srcset=\"https:\/\/akunq.net\/tr\/wp-content\/uploads\/sites\/6\/2022\/02\/T\u00fcrkiye\u2019deki-anadiller-360x208.jpg 360w, https:\/\/akunq.net\/tr\/wp-content\/uploads\/sites\/6\/2022\/02\/T\u00fcrkiye\u2019deki-anadiller-768x444.jpg 768w, https:\/\/akunq.net\/tr\/wp-content\/uploads\/sites\/6\/2022\/02\/T\u00fcrkiye\u2019deki-anadiller-560x324.jpg 560w, https:\/\/akunq.net\/tr\/wp-content\/uploads\/sites\/6\/2022\/02\/T\u00fcrkiye\u2019deki-anadiller-260x150.jpg 260w, https:\/\/akunq.net\/tr\/wp-content\/uploads\/sites\/6\/2022\/02\/T\u00fcrkiye\u2019deki-anadiller-160x93.jpg 160w, https:\/\/akunq.net\/tr\/wp-content\/uploads\/sites\/6\/2022\/02\/T\u00fcrkiye\u2019deki-anadiller.jpg 800w\" sizes=\"auto, (max-width: 360px) 100vw, 360px\" \/><\/p>\n<p><strong><em>HDP\u2019nin K\u00fcrt\u00e7e verdi\u011fi \u00f6nergede T\u00fcrkiye\u2019de ya\u015fayan t\u00fcm halklar\u0131n anadilinde e\u011fitim almas\u0131 i\u00e7in Meclis\u2019te komisyon olu\u015fturulmas\u0131 talebinde bulunuldu.<\/em><\/strong><\/p>\n<p>Halklar\u0131n Demokratik Partisi (HDP) \u015e\u0131rnak Milletvekili Nuran \u0130mir, T\u00fcrkiye\u2019deki anadillere dair Meclis Ara\u015ft\u0131rma Komisyonu\u2019nun kurulmas\u0131 i\u00e7in TBMM\u2019ye K\u00fcrt\u00e7e \u00f6nerge verdi.<\/p>\n<p>HDP\u2019li Nuran \u0130mir, Meclis Ba\u015fkanl\u0131\u011f\u0131\u2019na sundu\u011fu K\u00fcrt\u00e7e ara\u015ft\u0131rma \u00f6nergesinde, ba\u015fta K\u00fcrtler olmak \u00fczere T\u00fcrkiye\u2019de ya\u015fayan t\u00fcm halklar\u0131n anadilinde e\u011fitim almas\u0131 i\u00e7in Meclis\u2019te ara\u015ft\u0131rma komisyonu olu\u015fturulmas\u0131 gerekti\u011fi vurguland\u0131.<\/p>\n<p><strong>\u2018MECL\u0130S\u2019TE AC\u0130LEN ANAD\u0130L KOM\u0130SYONU KURULMALI\u2019<\/strong><\/p>\n<p>K\u00fcrt\u00e7e yaz\u0131lan \u00f6nergede, K\u00fcrtler ve di\u011fer halklara y\u00f6nelik inkar ve asimilasyon politikalar\u0131n\u0131n Osmanl\u0131\u2019dan bu yana devam etti\u011fi ifade edildi. Asimilasyon siyasetinin \u0130ttihat ve Terakki d\u00f6neminde a\u00e7\u0131k\u00e7a yap\u0131ld\u0131\u011f\u0131n\u0131 ve K\u00fcrtleri \u201cT\u00fcrkle\u015ftirme\u201d politikas\u0131n\u0131n hedeflendi\u011fi kaydedildi. \u00d6nergede, \u201cT\u00fcrkiye Cumhuriyeti\u2019nin kurulu\u015funda bu politika sistematik olarak bug\u00fcne kadar s\u00fcrd\u00fc. T\u00fcm bu bask\u0131 ve asimilasyon politikalar\u0131na kar\u015f\u0131 K\u00fcrtlerin ya\u015fad\u0131\u011f\u0131 kentlerde halk\u0131n y\u00fczde 60,7 K\u00fcrt\u00e7e konu\u015fup, yazabiliyor. Bundan kaynakl\u0131 Meclis\u2019te acilen anadilleri ara\u015ft\u0131racak bir komisyon kurulmas\u0131 gerekir\u201d denildi.<\/p>\n<p>\u0130mir\u2019in verdi\u011fi K\u00fcrt\u00e7e Meclis Ara\u015ft\u0131rma \u00f6nergesinde \u015funlara yer verildi: \u201cDiv\u00ea di ser\u00ee de ji bo Kurdan, ji bo hem\u00fb gel\u00ean ku li Tirkiyey\u00ea dij\u00een r\u00ea li perwerdehiya bi ziman\u00ea day\u00eek\u00ea b\u00ea vekirin. Ez dixwazim li gor\u00ee xala 98\u2019an a Dest\u00fbra Bingeh\u00een \u00fb xal\u00ean 104 \u00fb 105\u2019an \u00ean r\u00eaziknamey\u00ea, komisyoneke l\u00eakol\u00een\u00ea ya ziman\u00ea day\u00eek\u00ea ji h\u00eala mecl\u00ees\u00ea ve b\u00ea avakirin.\u201d<\/p>\n<p><strong>KANUN TEKL\u0130F\u0130<\/strong><\/p>\n<p>HDP Kocaeli Milletvekili \u00d6mer Faruk Gergerlio\u011flu ise, 21 \u015eubat Tarihinin Anadil G\u00fcn\u00fc \u0130lan Edilmesi Hakk\u0131nda Kanun Teklifi verdi. Teklifin gerek\u00e7esinde dilin \u00f6nemi vurgulanarak, \u201c21 \u015eubat g\u00fcn\u00fcn\u00fcn Anadil G\u00fcn\u00fc olmas\u0131 ve \u00f6ncelikle okullarda sonras\u0131nda da b\u00fct\u00fcn kurumlarda g\u00fcn\u00fcn anlam ve \u00f6nemine binaen \u00e7al\u0131\u015fmalar y\u00fcr\u00fct\u00fclmesi i\u00e7in bu kanun teklifi haz\u0131rlanm\u0131\u015ft\u0131r\u201d diye belirtildi.<\/p>\n<hr \/>\n<p><strong><em><a href=\"https:\/\/artigercek.com\/haberler\/hdp-li-imir-den-kurtce-onerge\" target=\"_blank\" rel=\"noopener noreferrer\">Art\u0131 Ger\u00e7ek<\/a><\/em><\/strong><\/p>\n","protected":false},"excerpt":{"rendered":"<p>HDP\u2019nin K\u00fcrt\u00e7e verdi\u011fi \u00f6nergede T\u00fcrkiye\u2019de ya\u015fayan t\u00fcm halklar\u0131n anadilinde e\u011fitim almas\u0131 i\u00e7in Meclis\u2019te komisyon olu\u015fturulmas\u0131 talebinde bulunuldu. Halklar\u0131n Demokratik Partisi (HDP) \u015e\u0131rnak Milletvekili Nuran \u0130mir, T\u00fcrkiye\u2019deki anadillere dair Meclis Ara\u015ft\u0131rma Komisyonu\u2019nun kurulmas\u0131 i\u00e7in TBMM\u2019ye K\u00fcrt\u00e7e \u00f6nerge verdi. HDP\u2019li Nuran \u0130mir, Meclis Ba\u015fkanl\u0131\u011f\u0131\u2019na sundu\u011fu K\u00fcrt\u00e7e ara\u015ft\u0131rma \u00f6nergesinde, ba\u015fta K\u00fcrtler olmak \u00fczere T\u00fcrkiye\u2019de ya\u015fayan t\u00fcm halklar\u0131n anadilinde [&hellip;]<\/p>\n","protected":false},"author":7,"featured_media":67204,"comment_status":"open","ping_status":"open","sticky":false,"template":"","format":"standard","meta":{"footnotes":""},"categories":[1,53],"tags":[],"class_list":["post-67203","post","type-post","status-publish","format-standard","has-post-thumbnail","hentry","category-haberler","category-turkiyede-azinliklar"],"yoast_head":"<!-- This site is optimized with the Yoast SEO plugin v27.4 - https:\/\/yoast.com\/product\/yoast-seo-wordpress\/ -->\n<title>HDP\u2019den TBMM\u2019ye K\u00fcrt\u00e7e \u00f6nerge: T\u00fcrkiye\u2019deki anadillere dair komisyon kurulmal\u0131 - Bati Ermenistan Ve Bati Ermenileri Sorunlari Ara\u015ftirmalar Merkezi<\/title>\n<meta name=\"robots\" content=\"index, follow, max-snippet:-1, max-image-preview:large, max-video-preview:-1\" \/>\n<link rel=\"canonical\" href=\"https:\/\/akunq.net\/tr\/?p=67203\" \/>\n<meta property=\"og:locale\" content=\"en_US\" \/>\n<meta property=\"og:type\" content=\"article\" \/>\n<meta property=\"og:title\" content=\"HDP\u2019den TBMM\u2019ye K\u00fcrt\u00e7e \u00f6nerge: T\u00fcrkiye\u2019deki anadillere dair komisyon kurulmal\u0131 - Bati Ermenistan Ve Bati Ermenileri Sorunlari Ara\u015ftirmalar Merkezi\" \/>\n<meta property=\"og:description\" content=\"HDP\u2019nin K\u00fcrt\u00e7e verdi\u011fi \u00f6nergede T\u00fcrkiye\u2019de ya\u015fayan t\u00fcm halklar\u0131n anadilinde e\u011fitim almas\u0131 i\u00e7in Meclis\u2019te komisyon olu\u015fturulmas\u0131 talebinde bulunuldu. Halklar\u0131n Demokratik Partisi (HDP) \u015e\u0131rnak Milletvekili Nuran \u0130mir, T\u00fcrkiye\u2019deki anadillere dair Meclis Ara\u015ft\u0131rma Komisyonu\u2019nun kurulmas\u0131 i\u00e7in TBMM\u2019ye K\u00fcrt\u00e7e \u00f6nerge verdi. HDP\u2019li Nuran \u0130mir, Meclis Ba\u015fkanl\u0131\u011f\u0131\u2019na sundu\u011fu K\u00fcrt\u00e7e ara\u015ft\u0131rma \u00f6nergesinde, ba\u015fta K\u00fcrtler olmak \u00fczere T\u00fcrkiye\u2019de ya\u015fayan t\u00fcm halklar\u0131n anadilinde [&hellip;]\" \/>\n<meta property=\"og:url\" content=\"https:\/\/akunq.net\/tr\/?p=67203\" \/>\n<meta property=\"og:site_name\" content=\"Bati Ermenistan Ve Bati Ermenileri Sorunlari Ara\u015ftirmalar Merkezi\" \/>\n<meta property=\"article:published_time\" content=\"2022-02-23T07:08:31+00:00\" \/>\n<meta property=\"og:image\" content=\"https:\/\/akunq.net\/tr\/wp-content\/uploads\/sites\/6\/2022\/02\/T\u00fcrkiye\u2019deki-anadiller.jpg\" \/>\n\t<meta property=\"og:image:width\" content=\"800\" \/>\n\t<meta property=\"og:image:height\" content=\"463\" \/>\n\t<meta property=\"og:image:type\" content=\"image\/jpeg\" \/>\n<meta name=\"author\" content=\"admin\" \/>\n<meta name=\"twitter:card\" content=\"summary_large_image\" \/>\n<meta name=\"twitter:label1\" content=\"Written by\" \/>\n\t<meta name=\"twitter:data1\" content=\"admin\" \/>\n\t<meta name=\"twitter:label2\" content=\"Est. reading time\" \/>\n\t<meta name=\"twitter:data2\" content=\"2 minutes\" \/>\n<script type=\"application\/ld+json\" class=\"yoast-schema-graph\">{\"@context\":\"https:\\\/\\\/schema.org\",\"@graph\":[{\"@type\":\"Article\",\"@id\":\"https:\\\/\\\/akunq.net\\\/tr\\\/?p=67203#article\",\"isPartOf\":{\"@id\":\"https:\\\/\\\/akunq.net\\\/tr\\\/?p=67203\"},\"author\":{\"name\":\"admin\",\"@id\":\"https:\\\/\\\/akunq.net\\\/tr\\\/#\\\/schema\\\/person\\\/096f1d38a12cce57fb855b485ed24c9e\"},\"headline\":\"HDP\u2019den TBMM\u2019ye K\u00fcrt\u00e7e \u00f6nerge: T\u00fcrkiye\u2019deki anadillere dair komisyon kurulmal\u0131\",\"datePublished\":\"2022-02-23T07:08:31+00:00\",\"mainEntityOfPage\":{\"@id\":\"https:\\\/\\\/akunq.net\\\/tr\\\/?p=67203\"},\"wordCount\":391,\"commentCount\":0,\"image\":{\"@id\":\"https:\\\/\\\/akunq.net\\\/tr\\\/?p=67203#primaryimage\"},\"thumbnailUrl\":\"https:\\\/\\\/akunq.net\\\/tr\\\/wp-content\\\/uploads\\\/sites\\\/6\\\/2022\\\/02\\\/T\u00fcrkiye\u2019deki-anadiller.jpg\",\"articleSection\":[\"Haberler\",\"T\u00fcrkiye\u2019de Az\u0131nl\u0131klar\"],\"inLanguage\":\"en-US\",\"potentialAction\":[{\"@type\":\"CommentAction\",\"name\":\"Comment\",\"target\":[\"https:\\\/\\\/akunq.net\\\/tr\\\/?p=67203#respond\"]}]},{\"@type\":\"WebPage\",\"@id\":\"https:\\\/\\\/akunq.net\\\/tr\\\/?p=67203\",\"url\":\"https:\\\/\\\/akunq.net\\\/tr\\\/?p=67203\",\"name\":\"HDP\u2019den TBMM\u2019ye K\u00fcrt\u00e7e \u00f6nerge: T\u00fcrkiye\u2019deki anadillere dair komisyon kurulmal\u0131 - Bati Ermenistan Ve Bati Ermenileri Sorunlari Ara\u015ftirmalar Merkezi\",\"isPartOf\":{\"@id\":\"https:\\\/\\\/akunq.net\\\/tr\\\/#website\"},\"primaryImageOfPage\":{\"@id\":\"https:\\\/\\\/akunq.net\\\/tr\\\/?p=67203#primaryimage\"},\"image\":{\"@id\":\"https:\\\/\\\/akunq.net\\\/tr\\\/?p=67203#primaryimage\"},\"thumbnailUrl\":\"https:\\\/\\\/akunq.net\\\/tr\\\/wp-content\\\/uploads\\\/sites\\\/6\\\/2022\\\/02\\\/T\u00fcrkiye\u2019deki-anadiller.jpg\",\"datePublished\":\"2022-02-23T07:08:31+00:00\",\"author\":{\"@id\":\"https:\\\/\\\/akunq.net\\\/tr\\\/#\\\/schema\\\/person\\\/096f1d38a12cce57fb855b485ed24c9e\"},\"breadcrumb\":{\"@id\":\"https:\\\/\\\/akunq.net\\\/tr\\\/?p=67203#breadcrumb\"},\"inLanguage\":\"en-US\",\"potentialAction\":[{\"@type\":\"ReadAction\",\"target\":[\"https:\\\/\\\/akunq.net\\\/tr\\\/?p=67203\"]}]},{\"@type\":\"ImageObject\",\"inLanguage\":\"en-US\",\"@id\":\"https:\\\/\\\/akunq.net\\\/tr\\\/?p=67203#primaryimage\",\"url\":\"https:\\\/\\\/akunq.net\\\/tr\\\/wp-content\\\/uploads\\\/sites\\\/6\\\/2022\\\/02\\\/T\u00fcrkiye\u2019deki-anadiller.jpg\",\"contentUrl\":\"https:\\\/\\\/akunq.net\\\/tr\\\/wp-content\\\/uploads\\\/sites\\\/6\\\/2022\\\/02\\\/T\u00fcrkiye\u2019deki-anadiller.jpg\",\"width\":800,\"height\":463},{\"@type\":\"BreadcrumbList\",\"@id\":\"https:\\\/\\\/akunq.net\\\/tr\\\/?p=67203#breadcrumb\",\"itemListElement\":[{\"@type\":\"ListItem\",\"position\":1,\"name\":\"Home\",\"item\":\"https:\\\/\\\/akunq.net\\\/tr\"},{\"@type\":\"ListItem\",\"position\":2,\"name\":\"HDP\u2019den TBMM\u2019ye K\u00fcrt\u00e7e \u00f6nerge: T\u00fcrkiye\u2019deki anadillere dair komisyon kurulmal\u0131\"}]},{\"@type\":\"WebSite\",\"@id\":\"https:\\\/\\\/akunq.net\\\/tr\\\/#website\",\"url\":\"https:\\\/\\\/akunq.net\\\/tr\\\/\",\"name\":\"Bati Ermenistan Ve Bati Ermenileri Sorunlari Ara\u015ftirmalar Merkezi\",\"description\":\"\",\"potentialAction\":[{\"@type\":\"SearchAction\",\"target\":{\"@type\":\"EntryPoint\",\"urlTemplate\":\"https:\\\/\\\/akunq.net\\\/tr\\\/?s={search_term_string}\"},\"query-input\":{\"@type\":\"PropertyValueSpecification\",\"valueRequired\":true,\"valueName\":\"search_term_string\"}}],\"inLanguage\":\"en-US\"},{\"@type\":\"Person\",\"@id\":\"https:\\\/\\\/akunq.net\\\/tr\\\/#\\\/schema\\\/person\\\/096f1d38a12cce57fb855b485ed24c9e\",\"name\":\"admin\",\"url\":\"https:\\\/\\\/akunq.net\\\/tr\\\/?author=7\"}]}<\/script>\n<!-- \/ Yoast SEO plugin. -->","yoast_head_json":{"title":"HDP\u2019den TBMM\u2019ye K\u00fcrt\u00e7e \u00f6nerge: T\u00fcrkiye\u2019deki anadillere dair komisyon kurulmal\u0131 - Bati Ermenistan Ve Bati Ermenileri Sorunlari Ara\u015ftirmalar Merkezi","robots":{"index":"index","follow":"follow","max-snippet":"max-snippet:-1","max-image-preview":"max-image-preview:large","max-video-preview":"max-video-preview:-1"},"canonical":"https:\/\/akunq.net\/tr\/?p=67203","og_locale":"en_US","og_type":"article","og_title":"HDP\u2019den TBMM\u2019ye K\u00fcrt\u00e7e \u00f6nerge: T\u00fcrkiye\u2019deki anadillere dair komisyon kurulmal\u0131 - Bati Ermenistan Ve Bati Ermenileri Sorunlari Ara\u015ftirmalar Merkezi","og_description":"HDP\u2019nin K\u00fcrt\u00e7e verdi\u011fi \u00f6nergede T\u00fcrkiye\u2019de ya\u015fayan t\u00fcm halklar\u0131n anadilinde e\u011fitim almas\u0131 i\u00e7in Meclis\u2019te komisyon olu\u015fturulmas\u0131 talebinde bulunuldu. Halklar\u0131n Demokratik Partisi (HDP) \u015e\u0131rnak Milletvekili Nuran \u0130mir, T\u00fcrkiye\u2019deki anadillere dair Meclis Ara\u015ft\u0131rma Komisyonu\u2019nun kurulmas\u0131 i\u00e7in TBMM\u2019ye K\u00fcrt\u00e7e \u00f6nerge verdi. HDP\u2019li Nuran \u0130mir, Meclis Ba\u015fkanl\u0131\u011f\u0131\u2019na sundu\u011fu K\u00fcrt\u00e7e ara\u015ft\u0131rma \u00f6nergesinde, ba\u015fta K\u00fcrtler olmak \u00fczere T\u00fcrkiye\u2019de ya\u015fayan t\u00fcm halklar\u0131n anadilinde [&hellip;]","og_url":"https:\/\/akunq.net\/tr\/?p=67203","og_site_name":"Bati Ermenistan Ve Bati Ermenileri Sorunlari Ara\u015ftirmalar Merkezi","article_published_time":"2022-02-23T07:08:31+00:00","og_image":[{"width":800,"height":463,"url":"https:\/\/akunq.net\/tr\/wp-content\/uploads\/sites\/6\/2022\/02\/T\u00fcrkiye\u2019deki-anadiller.jpg","type":"image\/jpeg"}],"author":"admin","twitter_card":"summary_large_image","twitter_misc":{"Written by":"admin","Est. reading time":"2 minutes"},"schema":{"@context":"https:\/\/schema.org","@graph":[{"@type":"Article","@id":"https:\/\/akunq.net\/tr\/?p=67203#article","isPartOf":{"@id":"https:\/\/akunq.net\/tr\/?p=67203"},"author":{"name":"admin","@id":"https:\/\/akunq.net\/tr\/#\/schema\/person\/096f1d38a12cce57fb855b485ed24c9e"},"headline":"HDP\u2019den TBMM\u2019ye K\u00fcrt\u00e7e \u00f6nerge: T\u00fcrkiye\u2019deki anadillere dair komisyon kurulmal\u0131","datePublished":"2022-02-23T07:08:31+00:00","mainEntityOfPage":{"@id":"https:\/\/akunq.net\/tr\/?p=67203"},"wordCount":391,"commentCount":0,"image":{"@id":"https:\/\/akunq.net\/tr\/?p=67203#primaryimage"},"thumbnailUrl":"https:\/\/akunq.net\/tr\/wp-content\/uploads\/sites\/6\/2022\/02\/T\u00fcrkiye\u2019deki-anadiller.jpg","articleSection":["Haberler","T\u00fcrkiye\u2019de Az\u0131nl\u0131klar"],"inLanguage":"en-US","potentialAction":[{"@type":"CommentAction","name":"Comment","target":["https:\/\/akunq.net\/tr\/?p=67203#respond"]}]},{"@type":"WebPage","@id":"https:\/\/akunq.net\/tr\/?p=67203","url":"https:\/\/akunq.net\/tr\/?p=67203","name":"HDP\u2019den TBMM\u2019ye K\u00fcrt\u00e7e \u00f6nerge: T\u00fcrkiye\u2019deki anadillere dair komisyon kurulmal\u0131 - Bati Ermenistan Ve Bati Ermenileri Sorunlari Ara\u015ftirmalar Merkezi","isPartOf":{"@id":"https:\/\/akunq.net\/tr\/#website"},"primaryImageOfPage":{"@id":"https:\/\/akunq.net\/tr\/?p=67203#primaryimage"},"image":{"@id":"https:\/\/akunq.net\/tr\/?p=67203#primaryimage"},"thumbnailUrl":"https:\/\/akunq.net\/tr\/wp-content\/uploads\/sites\/6\/2022\/02\/T\u00fcrkiye\u2019deki-anadiller.jpg","datePublished":"2022-02-23T07:08:31+00:00","author":{"@id":"https:\/\/akunq.net\/tr\/#\/schema\/person\/096f1d38a12cce57fb855b485ed24c9e"},"breadcrumb":{"@id":"https:\/\/akunq.net\/tr\/?p=67203#breadcrumb"},"inLanguage":"en-US","potentialAction":[{"@type":"ReadAction","target":["https:\/\/akunq.net\/tr\/?p=67203"]}]},{"@type":"ImageObject","inLanguage":"en-US","@id":"https:\/\/akunq.net\/tr\/?p=67203#primaryimage","url":"https:\/\/akunq.net\/tr\/wp-content\/uploads\/sites\/6\/2022\/02\/T\u00fcrkiye\u2019deki-anadiller.jpg","contentUrl":"https:\/\/akunq.net\/tr\/wp-content\/uploads\/sites\/6\/2022\/02\/T\u00fcrkiye\u2019deki-anadiller.jpg","width":800,"height":463},{"@type":"BreadcrumbList","@id":"https:\/\/akunq.net\/tr\/?p=67203#breadcrumb","itemListElement":[{"@type":"ListItem","position":1,"name":"Home","item":"https:\/\/akunq.net\/tr"},{"@type":"ListItem","position":2,"name":"HDP\u2019den TBMM\u2019ye K\u00fcrt\u00e7e \u00f6nerge: T\u00fcrkiye\u2019deki anadillere dair komisyon kurulmal\u0131"}]},{"@type":"WebSite","@id":"https:\/\/akunq.net\/tr\/#website","url":"https:\/\/akunq.net\/tr\/","name":"Bati Ermenistan Ve Bati Ermenileri Sorunlari Ara\u015ftirmalar Merkezi","description":"","potentialAction":[{"@type":"SearchAction","target":{"@type":"EntryPoint","urlTemplate":"https:\/\/akunq.net\/tr\/?s={search_term_string}"},"query-input":{"@type":"PropertyValueSpecification","valueRequired":true,"valueName":"search_term_string"}}],"inLanguage":"en-US"},{"@type":"Person","@id":"https:\/\/akunq.net\/tr\/#\/schema\/person\/096f1d38a12cce57fb855b485ed24c9e","name":"admin","url":"https:\/\/akunq.net\/tr\/?author=7"}]}},"_links":{"self":[{"href":"https:\/\/akunq.net\/tr\/index.php?rest_route=\/wp\/v2\/posts\/67203","targetHints":{"allow":["GET"]}}],"collection":[{"href":"https:\/\/akunq.net\/tr\/index.php?rest_route=\/wp\/v2\/posts"}],"about":[{"href":"https:\/\/akunq.net\/tr\/index.php?rest_route=\/wp\/v2\/types\/post"}],"author":[{"embeddable":true,"href":"https:\/\/akunq.net\/tr\/index.php?rest_route=\/wp\/v2\/users\/7"}],"replies":[{"embeddable":true,"href":"https:\/\/akunq.net\/tr\/index.php?rest_route=%2Fwp%2Fv2%2Fcomments&post=67203"}],"version-history":[{"count":1,"href":"https:\/\/akunq.net\/tr\/index.php?rest_route=\/wp\/v2\/posts\/67203\/revisions"}],"predecessor-version":[{"id":67205,"href":"https:\/\/akunq.net\/tr\/index.php?rest_route=\/wp\/v2\/posts\/67203\/revisions\/67205"}],"wp:featuredmedia":[{"embeddable":true,"href":"https:\/\/akunq.net\/tr\/index.php?rest_route=\/wp\/v2\/media\/67204"}],"wp:attachment":[{"href":"https:\/\/akunq.net\/tr\/index.php?rest_route=%2Fwp%2Fv2%2Fmedia&parent=67203"}],"wp:term":[{"taxonomy":"category","embeddable":true,"href":"https:\/\/akunq.net\/tr\/index.php?rest_route=%2Fwp%2Fv2%2Fcategories&post=67203"},{"taxonomy":"post_tag","embeddable":true,"href":"https:\/\/akunq.net\/tr\/index.php?rest_route=%2Fwp%2Fv2%2Ftags&post=67203"}],"curies":[{"name":"wp","href":"https:\/\/api.w.org\/{rel}","templated":true}]}}