{"id":67196,"date":"2022-02-22T06:07:13","date_gmt":"2022-02-22T11:07:13","guid":{"rendered":"https:\/\/akunq.net\/tr\/?p=67196"},"modified":"2022-02-22T06:07:13","modified_gmt":"2022-02-22T11:07:13","slug":"elazigda-bir-vadide-roma-donemine-ait-1800-yillik-kalintilar-tespit-edildi","status":"publish","type":"post","link":"https:\/\/akunq.net\/tr\/?p=67196","title":{"rendered":"Elaz\u0131\u011f\u2019da bir vadide Roma d\u00f6nemine ait 1800 y\u0131ll\u0131k kal\u0131nt\u0131lar tespit edildi"},"content":{"rendered":"<p><img loading=\"lazy\" decoding=\"async\" class=\"aligncenter size-medium wp-image-67197\" src=\"https:\/\/akunq.net\/tr\/wp-content\/uploads\/2022\/02\/Elaz\u0131\u011f\u2019da-bir-vadi-360x203.jpg\" alt=\"\" width=\"360\" height=\"203\" srcset=\"https:\/\/akunq.net\/tr\/wp-content\/uploads\/sites\/6\/2022\/02\/Elaz\u0131\u011f\u2019da-bir-vadi-360x203.jpg 360w, https:\/\/akunq.net\/tr\/wp-content\/uploads\/sites\/6\/2022\/02\/Elaz\u0131\u011f\u2019da-bir-vadi-768x432.jpg 768w, https:\/\/akunq.net\/tr\/wp-content\/uploads\/sites\/6\/2022\/02\/Elaz\u0131\u011f\u2019da-bir-vadi-560x315.jpg 560w, https:\/\/akunq.net\/tr\/wp-content\/uploads\/sites\/6\/2022\/02\/Elaz\u0131\u011f\u2019da-bir-vadi-260x146.jpg 260w, https:\/\/akunq.net\/tr\/wp-content\/uploads\/sites\/6\/2022\/02\/Elaz\u0131\u011f\u2019da-bir-vadi-160x90.jpg 160w, https:\/\/akunq.net\/tr\/wp-content\/uploads\/sites\/6\/2022\/02\/Elaz\u0131\u011f\u2019da-bir-vadi.jpg 864w\" sizes=\"auto, (max-width: 360px) 100vw, 360px\" \/><\/p>\n<p><em><strong>Elaz\u0131\u011f\u2019\u0131n (Harput \/ Kharberd-&#8216;Akunq&#8217; web sitesi) A\u011f\u0131n il\u00e7esinin Balkayas\u0131 k\u00f6y\u00fc yak\u0131nlar\u0131ndaki bir vadide Roma d\u00f6nemine ait 1800 y\u0131ll\u0131k kal\u0131nt\u0131lar tespit edildi.<\/strong><\/em><\/p>\n<p><strong>\u0130smail \u015een<\/strong><\/p>\n<p>Y\u00f6rede ya\u015fayanlar, k\u00f6yden yakla\u015f\u0131k 3 kilometre uzakl\u0131kta bulunan ve gezinti yaparken farkl\u0131 olu\u015fumlara rastlad\u0131klar\u0131 vadinin tarihi \u00f6neme sahip olaca\u011f\u0131n\u0131 d\u00fc\u015f\u00fcnerek, F\u0131rat \u00dcniversitesi (F\u00dc) E\u011fitim Fak\u00fcltesi \u00d6\u011fretim \u00dcyesi ve Harput Kalesi Kaz\u0131 Heyeti Ba\u015fkan\u0131 Prof. Dr. \u0130smail Ayta\u00e7 ile irtibata ge\u00e7ti.<\/p>\n<p>B\u00f6lgede ara\u015ft\u0131rma yapan Ayta\u00e7, bug\u00fcne kadar literat\u00fcrde yer almayan vadinin Roma d\u00f6nemine ait 1800 y\u0131ll\u0131k kal\u0131nt\u0131lar bar\u0131nd\u0131rd\u0131\u011f\u0131n\u0131 belirledi.Ayta\u00e7 do\u011fudan bat\u0131ya do\u011fru yakla\u015f\u0131k 4 kilometre uzunlu\u011fundaki vadide ayr\u0131ca erken Hristiyanl\u0131k d\u00f6neminde s\u0131k\u00e7a kullan\u0131lan, \u201ckatakomb\u201d ad\u0131 verilen \u00e7o\u011funlukla \u00f6l\u00fclerin g\u00f6m\u00fclmesine hizmet eden, Hristiyanlar\u0131n gizli ibadet de yapt\u0131\u011f\u0131 yap\u0131lar ile kaya zemine oyulmu\u015f tah\u0131l depolar\u0131 gibi farkl\u0131 buluntular\u0131 da tespit etti.<\/p>\n<p><strong>\u201cY\u00fczey ara\u015ft\u0131rmalar\u0131n\u0131 \u00e7o\u011faltarak buran\u0131n kaynaklara ge\u00e7mesini sa\u011flayaca\u011f\u0131z\u201d<\/strong><br \/>\nProf. Dr. Ayta\u00e7, AA muhabirine, F\u0131rat Nehri\u2019nin de yer ald\u0131\u011f\u0131 b\u00f6lgenin Yontma Ta\u015f Devrinden itibaren tarih boyunca bir\u00e7ok medeniyete ev sahipli\u011fini yapt\u0131\u011f\u0131n\u0131, Keban Baraj\u0131 kurtarma kaz\u0131lar\u0131 kapsam\u0131nda y\u00fcr\u00fct\u00fclen arkeolojik \u00e7al\u0131\u015fmalarda ge\u00e7mi\u015fi M\u00d6 6 binlere uzanan yerle\u015fime ait izlerin ortaya \u00e7\u0131kar\u0131ld\u0131\u011f\u0131n\u0131 s\u00f6yledi.<\/p>\n<p>F\u0131rat Nehri havzas\u0131 yak\u0131nlar\u0131nda vatanda\u015flar taraf\u0131ndan tespit edilen kaya mezarlar\u0131 ile bir b\u00f6l\u00fcm\u00fcn\u00fcn yap\u0131s\u0131 itibar\u0131yla Erken Hristiyanl\u0131k d\u00f6neminde gizli ibadet ama\u00e7l\u0131 kullan\u0131ld\u0131\u011f\u0131n\u0131 d\u00fc\u015f\u00fcnd\u00fckleri katakomblar\u0131n b\u00f6lgenin tarihi ve k\u00fclt\u00fcrel zenginli\u011fi a\u00e7\u0131s\u0131ndan b\u00fcy\u00fck \u00f6nem ta\u015f\u0131d\u0131\u011f\u0131na i\u015faret eden Ayta\u00e7, b\u00f6lgede geni\u015f \u00e7apl\u0131 bir arkeolojik ara\u015ft\u0131rma yapacaklar\u0131n\u0131 kaydetti.<\/p>\n<p>Ayta\u00e7, baz\u0131lar\u0131 topluca bir aile i\u00e7in yap\u0131lm\u0131\u015f kaya mezarlar\u0131n\u0131n i\u00e7erisinde \u00f6len k\u00fc\u00e7\u00fck bir \u00e7ocuk ya da bebek i\u00e7in yap\u0131lm\u0131\u015f defin b\u00f6l\u00fcmlerinin dikkat \u00e7ekici oldu\u011funu belirterek, \u015f\u00f6yle konu\u015ftu:<\/p>\n<p>\u201cKaya mezarlar\u0131n\u0131n bir b\u00f6l\u00fcm\u00fcnde iki katl\u0131 yap\u0131la\u015fma oldu\u011fu dikkati \u00e7ekiyor. \u00d6zellikle \u00fcst kattaki mekanlar\u0131n sa\u011flam kald\u0131\u011f\u0131n\u0131 g\u00f6rd\u00fck. Ni\u015fler ve t\u00f6renler s\u0131ras\u0131nda kullan\u0131lan yer yer oyulmu\u015f yuvarlak oymalar mevcut. B\u00fcy\u00fckler ve \u00e7ocuklar i\u00e7in yap\u0131lm\u0131\u015f defin alanlar\u0131 kayalara oyulmu\u015f \u015fekilde yap\u0131lm\u0131\u015f. Bir k\u0131sm\u0131 tahrip olmakla beraber mekanda sa\u011flam olanlar da var. Bu s\u0131ral\u0131 iki katl\u0131 \u00e7ok say\u0131daki kaya mezarlar\u0131 kaynaklara ge\u00e7memi\u015f durumda. Bu yap\u0131lar Hristiyanl\u0131\u011f\u0131n yasak oldu\u011fu d\u00f6nemlerde Hristiyanlar taraf\u0131ndan gizli ibadet i\u00e7in de kullan\u0131lm\u0131\u015f. Y\u00fczey ara\u015ft\u0131rmalar\u0131n\u0131 \u00e7o\u011faltarak buran\u0131n kaynaklara ge\u00e7mesini sa\u011flayaca\u011f\u0131z. Sonraki a\u015famada do\u011fa turizmi ve k\u00fclt\u00fcr turizmi birle\u015ftirilerek geni\u015f bir destinasyon olu\u015fturulabilir.\u201d<\/p>\n<p><strong>\u201cTurizm alan\u0131 olu\u015fturmaya m\u00fcsait bir co\u011frafya\u201d<\/strong><br \/>\nVadinin, Elaz\u0131\u011f\u2019da son y\u0131llarda ke\u015ffedilen Sakl\u0131kap\u0131, Karaleylek ve G\u00fcng\u00f6rmez kanyonlar\u0131 ile turizm anlam\u0131nda bir b\u00fct\u00fcnl\u00fck sa\u011flad\u0131\u011f\u0131n\u0131 ifade eden Ayta\u00e7, vadideki ve \u00e7evresindeki tarihi kal\u0131nt\u0131lar\u0131n b\u00f6lgenin tarihte \u00f6nemli bir yerle\u015fim yeri oldu\u011funu g\u00f6sterdi\u011fini vurgulad\u0131.<\/p>\n<p>Vadinin do\u011fal g\u00fczelli\u011fine dikkati \u00e7eken Ayta\u00e7, \u201cBu do\u011fal yap\u0131lanman\u0131n yan\u0131nda insan eliyle yap\u0131lm\u0131\u015f bir\u00e7ok yerle\u015fim alan\u0131n\u0131n da oldu\u011fu g\u00f6r\u00fcl\u00fcyor. Dolay\u0131s\u0131yla burada \u00e7ok ama\u00e7l\u0131 bir turizm alan\u0131, destinasyon olu\u015fturmaya m\u00fcsait bir co\u011frafyadan bahsediyoruz. Daha \u00f6nce Elaz\u0131\u011f ile ilgili yapt\u0131\u011f\u0131m\u0131z turizm \u00e7al\u0131\u015fmalar\u0131nda Divri\u011fi-Arapgir \u00fczeri A\u011f\u0131n-Harput-Palu g\u00fczergah\u0131 \u00fczerinde \u00e7al\u0131\u015ft\u0131k. Bununla ilgili K\u00fclt\u00fcr ve Turizm Bakanl\u0131\u011f\u0131n\u0131n projesi de haz\u0131r durumda.\u201d ifadelerini kulland\u0131.<\/p>\n<p>Ayta\u00e7, Balkayas\u0131 k\u00f6y\u00fcn\u00fcn 100 metre kuzeyinde vadiye yak\u0131n bir alanda kaya zemine oyulmu\u015f, g\u0131da deposu olarak kullan\u0131lan \u00e7ok say\u0131da yap\u0131n\u0131n da yer ald\u0131\u011f\u0131n\u0131 aktard\u0131.<\/p>\n<p><strong>\u201cTurizme kazand\u0131r\u0131larak herkesin g\u00f6rmesini istiyoruz\u201d<\/strong><br \/>\nK\u00f6yde ya\u015fayanlardan B\u00fcnyamin Erdem, vadideki tarihi kal\u0131nt\u0131lar\u0131n zorlu co\u011frafi yap\u0131s\u0131ndan dolay\u0131 bug\u00fcne kadar ke\u015ffedilemedi\u011fini belirtti.<\/p>\n<p>Tesad\u00fcfen tespit ettikleri vadideki tarihi olu\u015fumlar\u0131 Prof. Dr. \u0130smail Ayta\u00e7 ile payla\u015ft\u0131klar\u0131n\u0131 anlatan Erdem, \u201cHocam\u0131z buran\u0131n tarihi ve turistik anlamda \u00e7ok g\u00fczel yerler oldu\u011funu s\u00f6yledi. Burada \u00e7al\u0131\u015fma yap\u0131lacak in\u015fallah. Buran\u0131n turizme kazand\u0131r\u0131larak herkesin g\u00f6rmesini istiyoruz. Gizli kalmas\u0131n g\u00fcn y\u00fcz\u00fcne \u00e7\u0131ks\u0131n istiyoruz.\u201d dedi.<\/p>\n<hr \/>\n<p><em><strong><a href=\"https:\/\/www.aa.com.tr\/tr\/kultur-sanat\/elazigda-bir-vadide-roma-donemine-ait-1800-yillik-kalintilar-tespit-edildi\/2508325\" target=\"_blank\" rel=\"noopener noreferrer\">AA<\/a>\u00a0<\/strong><\/em><\/p>\n","protected":false},"excerpt":{"rendered":"<p>Elaz\u0131\u011f\u2019\u0131n (Harput \/ Kharberd-&#8216;Akunq&#8217; web sitesi) A\u011f\u0131n il\u00e7esinin Balkayas\u0131 k\u00f6y\u00fc yak\u0131nlar\u0131ndaki bir vadide Roma d\u00f6nemine ait 1800 y\u0131ll\u0131k kal\u0131nt\u0131lar tespit edildi. \u0130smail \u015een Y\u00f6rede ya\u015fayanlar, k\u00f6yden yakla\u015f\u0131k 3 kilometre uzakl\u0131kta bulunan ve gezinti yaparken farkl\u0131 olu\u015fumlara rastlad\u0131klar\u0131 vadinin tarihi \u00f6neme sahip olaca\u011f\u0131n\u0131 d\u00fc\u015f\u00fcnerek, F\u0131rat \u00dcniversitesi (F\u00dc) E\u011fitim Fak\u00fcltesi \u00d6\u011fretim \u00dcyesi ve Harput Kalesi Kaz\u0131 Heyeti [&hellip;]<\/p>\n","protected":false},"author":7,"featured_media":67197,"comment_status":"open","ping_status":"open","sticky":false,"template":"","format":"standard","meta":{"footnotes":""},"categories":[22,1],"tags":[],"class_list":["post-67196","post","type-post","status-publish","format-standard","has-post-thumbnail","hentry","category-gunumuzde-bati-ermenistan","category-haberler"],"yoast_head":"<!-- This site is optimized with the Yoast SEO plugin v27.4 - https:\/\/yoast.com\/product\/yoast-seo-wordpress\/ -->\n<title>Elaz\u0131\u011f\u2019da bir vadide Roma d\u00f6nemine ait 1800 y\u0131ll\u0131k kal\u0131nt\u0131lar tespit edildi - Bati Ermenistan Ve Bati Ermenileri Sorunlari Ara\u015ftirmalar Merkezi<\/title>\n<meta name=\"robots\" content=\"index, follow, max-snippet:-1, max-image-preview:large, max-video-preview:-1\" \/>\n<link rel=\"canonical\" href=\"https:\/\/akunq.net\/tr\/?p=67196\" \/>\n<meta property=\"og:locale\" content=\"en_US\" \/>\n<meta property=\"og:type\" content=\"article\" \/>\n<meta property=\"og:title\" content=\"Elaz\u0131\u011f\u2019da bir vadide Roma d\u00f6nemine ait 1800 y\u0131ll\u0131k kal\u0131nt\u0131lar tespit edildi - Bati Ermenistan Ve Bati Ermenileri Sorunlari Ara\u015ftirmalar Merkezi\" \/>\n<meta property=\"og:description\" content=\"Elaz\u0131\u011f\u2019\u0131n (Harput \/ Kharberd-&#8216;Akunq&#8217; web sitesi) A\u011f\u0131n il\u00e7esinin Balkayas\u0131 k\u00f6y\u00fc yak\u0131nlar\u0131ndaki bir vadide Roma d\u00f6nemine ait 1800 y\u0131ll\u0131k kal\u0131nt\u0131lar tespit edildi. \u0130smail \u015een Y\u00f6rede ya\u015fayanlar, k\u00f6yden yakla\u015f\u0131k 3 kilometre uzakl\u0131kta bulunan ve gezinti yaparken farkl\u0131 olu\u015fumlara rastlad\u0131klar\u0131 vadinin tarihi \u00f6neme sahip olaca\u011f\u0131n\u0131 d\u00fc\u015f\u00fcnerek, F\u0131rat \u00dcniversitesi (F\u00dc) E\u011fitim Fak\u00fcltesi \u00d6\u011fretim \u00dcyesi ve Harput Kalesi Kaz\u0131 Heyeti [&hellip;]\" \/>\n<meta property=\"og:url\" content=\"https:\/\/akunq.net\/tr\/?p=67196\" \/>\n<meta property=\"og:site_name\" content=\"Bati Ermenistan Ve Bati Ermenileri Sorunlari Ara\u015ftirmalar Merkezi\" \/>\n<meta property=\"article:published_time\" content=\"2022-02-22T11:07:13+00:00\" \/>\n<meta property=\"og:image\" content=\"https:\/\/akunq.net\/tr\/wp-content\/uploads\/sites\/6\/2022\/02\/Elaz\u0131\u011f\u2019da-bir-vadi.jpg\" \/>\n\t<meta property=\"og:image:width\" content=\"864\" \/>\n\t<meta property=\"og:image:height\" content=\"486\" \/>\n\t<meta property=\"og:image:type\" content=\"image\/jpeg\" \/>\n<meta name=\"author\" content=\"admin\" \/>\n<meta name=\"twitter:card\" content=\"summary_large_image\" \/>\n<meta name=\"twitter:label1\" content=\"Written by\" \/>\n\t<meta name=\"twitter:data1\" content=\"admin\" \/>\n\t<meta name=\"twitter:label2\" content=\"Est. reading time\" \/>\n\t<meta name=\"twitter:data2\" content=\"4 minutes\" \/>\n<script type=\"application\/ld+json\" class=\"yoast-schema-graph\">{\"@context\":\"https:\\\/\\\/schema.org\",\"@graph\":[{\"@type\":\"Article\",\"@id\":\"https:\\\/\\\/akunq.net\\\/tr\\\/?p=67196#article\",\"isPartOf\":{\"@id\":\"https:\\\/\\\/akunq.net\\\/tr\\\/?p=67196\"},\"author\":{\"name\":\"admin\",\"@id\":\"https:\\\/\\\/akunq.net\\\/tr\\\/#\\\/schema\\\/person\\\/096f1d38a12cce57fb855b485ed24c9e\"},\"headline\":\"Elaz\u0131\u011f\u2019da bir vadide Roma d\u00f6nemine ait 1800 y\u0131ll\u0131k kal\u0131nt\u0131lar tespit edildi\",\"datePublished\":\"2022-02-22T11:07:13+00:00\",\"mainEntityOfPage\":{\"@id\":\"https:\\\/\\\/akunq.net\\\/tr\\\/?p=67196\"},\"wordCount\":812,\"commentCount\":0,\"image\":{\"@id\":\"https:\\\/\\\/akunq.net\\\/tr\\\/?p=67196#primaryimage\"},\"thumbnailUrl\":\"https:\\\/\\\/akunq.net\\\/tr\\\/wp-content\\\/uploads\\\/sites\\\/6\\\/2022\\\/02\\\/Elaz\u0131\u011f\u2019da-bir-vadi.jpg\",\"articleSection\":[\"G\u00fcn\u00fcm\u00fczde Bat\u0131 Ermenistan\",\"Haberler\"],\"inLanguage\":\"en-US\",\"potentialAction\":[{\"@type\":\"CommentAction\",\"name\":\"Comment\",\"target\":[\"https:\\\/\\\/akunq.net\\\/tr\\\/?p=67196#respond\"]}]},{\"@type\":\"WebPage\",\"@id\":\"https:\\\/\\\/akunq.net\\\/tr\\\/?p=67196\",\"url\":\"https:\\\/\\\/akunq.net\\\/tr\\\/?p=67196\",\"name\":\"Elaz\u0131\u011f\u2019da bir vadide Roma d\u00f6nemine ait 1800 y\u0131ll\u0131k kal\u0131nt\u0131lar tespit edildi - Bati Ermenistan Ve Bati Ermenileri Sorunlari Ara\u015ftirmalar Merkezi\",\"isPartOf\":{\"@id\":\"https:\\\/\\\/akunq.net\\\/tr\\\/#website\"},\"primaryImageOfPage\":{\"@id\":\"https:\\\/\\\/akunq.net\\\/tr\\\/?p=67196#primaryimage\"},\"image\":{\"@id\":\"https:\\\/\\\/akunq.net\\\/tr\\\/?p=67196#primaryimage\"},\"thumbnailUrl\":\"https:\\\/\\\/akunq.net\\\/tr\\\/wp-content\\\/uploads\\\/sites\\\/6\\\/2022\\\/02\\\/Elaz\u0131\u011f\u2019da-bir-vadi.jpg\",\"datePublished\":\"2022-02-22T11:07:13+00:00\",\"author\":{\"@id\":\"https:\\\/\\\/akunq.net\\\/tr\\\/#\\\/schema\\\/person\\\/096f1d38a12cce57fb855b485ed24c9e\"},\"breadcrumb\":{\"@id\":\"https:\\\/\\\/akunq.net\\\/tr\\\/?p=67196#breadcrumb\"},\"inLanguage\":\"en-US\",\"potentialAction\":[{\"@type\":\"ReadAction\",\"target\":[\"https:\\\/\\\/akunq.net\\\/tr\\\/?p=67196\"]}]},{\"@type\":\"ImageObject\",\"inLanguage\":\"en-US\",\"@id\":\"https:\\\/\\\/akunq.net\\\/tr\\\/?p=67196#primaryimage\",\"url\":\"https:\\\/\\\/akunq.net\\\/tr\\\/wp-content\\\/uploads\\\/sites\\\/6\\\/2022\\\/02\\\/Elaz\u0131\u011f\u2019da-bir-vadi.jpg\",\"contentUrl\":\"https:\\\/\\\/akunq.net\\\/tr\\\/wp-content\\\/uploads\\\/sites\\\/6\\\/2022\\\/02\\\/Elaz\u0131\u011f\u2019da-bir-vadi.jpg\",\"width\":864,\"height\":486},{\"@type\":\"BreadcrumbList\",\"@id\":\"https:\\\/\\\/akunq.net\\\/tr\\\/?p=67196#breadcrumb\",\"itemListElement\":[{\"@type\":\"ListItem\",\"position\":1,\"name\":\"Home\",\"item\":\"https:\\\/\\\/akunq.net\\\/tr\"},{\"@type\":\"ListItem\",\"position\":2,\"name\":\"Elaz\u0131\u011f\u2019da bir vadide Roma d\u00f6nemine ait 1800 y\u0131ll\u0131k kal\u0131nt\u0131lar tespit edildi\"}]},{\"@type\":\"WebSite\",\"@id\":\"https:\\\/\\\/akunq.net\\\/tr\\\/#website\",\"url\":\"https:\\\/\\\/akunq.net\\\/tr\\\/\",\"name\":\"Bati Ermenistan Ve Bati Ermenileri Sorunlari Ara\u015ftirmalar Merkezi\",\"description\":\"\",\"potentialAction\":[{\"@type\":\"SearchAction\",\"target\":{\"@type\":\"EntryPoint\",\"urlTemplate\":\"https:\\\/\\\/akunq.net\\\/tr\\\/?s={search_term_string}\"},\"query-input\":{\"@type\":\"PropertyValueSpecification\",\"valueRequired\":true,\"valueName\":\"search_term_string\"}}],\"inLanguage\":\"en-US\"},{\"@type\":\"Person\",\"@id\":\"https:\\\/\\\/akunq.net\\\/tr\\\/#\\\/schema\\\/person\\\/096f1d38a12cce57fb855b485ed24c9e\",\"name\":\"admin\",\"url\":\"https:\\\/\\\/akunq.net\\\/tr\\\/?author=7\"}]}<\/script>\n<!-- \/ Yoast SEO plugin. -->","yoast_head_json":{"title":"Elaz\u0131\u011f\u2019da bir vadide Roma d\u00f6nemine ait 1800 y\u0131ll\u0131k kal\u0131nt\u0131lar tespit edildi - Bati Ermenistan Ve Bati Ermenileri Sorunlari Ara\u015ftirmalar Merkezi","robots":{"index":"index","follow":"follow","max-snippet":"max-snippet:-1","max-image-preview":"max-image-preview:large","max-video-preview":"max-video-preview:-1"},"canonical":"https:\/\/akunq.net\/tr\/?p=67196","og_locale":"en_US","og_type":"article","og_title":"Elaz\u0131\u011f\u2019da bir vadide Roma d\u00f6nemine ait 1800 y\u0131ll\u0131k kal\u0131nt\u0131lar tespit edildi - Bati Ermenistan Ve Bati Ermenileri Sorunlari Ara\u015ftirmalar Merkezi","og_description":"Elaz\u0131\u011f\u2019\u0131n (Harput \/ Kharberd-&#8216;Akunq&#8217; web sitesi) A\u011f\u0131n il\u00e7esinin Balkayas\u0131 k\u00f6y\u00fc yak\u0131nlar\u0131ndaki bir vadide Roma d\u00f6nemine ait 1800 y\u0131ll\u0131k kal\u0131nt\u0131lar tespit edildi. \u0130smail \u015een Y\u00f6rede ya\u015fayanlar, k\u00f6yden yakla\u015f\u0131k 3 kilometre uzakl\u0131kta bulunan ve gezinti yaparken farkl\u0131 olu\u015fumlara rastlad\u0131klar\u0131 vadinin tarihi \u00f6neme sahip olaca\u011f\u0131n\u0131 d\u00fc\u015f\u00fcnerek, F\u0131rat \u00dcniversitesi (F\u00dc) E\u011fitim Fak\u00fcltesi \u00d6\u011fretim \u00dcyesi ve Harput Kalesi Kaz\u0131 Heyeti [&hellip;]","og_url":"https:\/\/akunq.net\/tr\/?p=67196","og_site_name":"Bati Ermenistan Ve Bati Ermenileri Sorunlari Ara\u015ftirmalar Merkezi","article_published_time":"2022-02-22T11:07:13+00:00","og_image":[{"width":864,"height":486,"url":"https:\/\/akunq.net\/tr\/wp-content\/uploads\/sites\/6\/2022\/02\/Elaz\u0131\u011f\u2019da-bir-vadi.jpg","type":"image\/jpeg"}],"author":"admin","twitter_card":"summary_large_image","twitter_misc":{"Written by":"admin","Est. reading time":"4 minutes"},"schema":{"@context":"https:\/\/schema.org","@graph":[{"@type":"Article","@id":"https:\/\/akunq.net\/tr\/?p=67196#article","isPartOf":{"@id":"https:\/\/akunq.net\/tr\/?p=67196"},"author":{"name":"admin","@id":"https:\/\/akunq.net\/tr\/#\/schema\/person\/096f1d38a12cce57fb855b485ed24c9e"},"headline":"Elaz\u0131\u011f\u2019da bir vadide Roma d\u00f6nemine ait 1800 y\u0131ll\u0131k kal\u0131nt\u0131lar tespit edildi","datePublished":"2022-02-22T11:07:13+00:00","mainEntityOfPage":{"@id":"https:\/\/akunq.net\/tr\/?p=67196"},"wordCount":812,"commentCount":0,"image":{"@id":"https:\/\/akunq.net\/tr\/?p=67196#primaryimage"},"thumbnailUrl":"https:\/\/akunq.net\/tr\/wp-content\/uploads\/sites\/6\/2022\/02\/Elaz\u0131\u011f\u2019da-bir-vadi.jpg","articleSection":["G\u00fcn\u00fcm\u00fczde Bat\u0131 Ermenistan","Haberler"],"inLanguage":"en-US","potentialAction":[{"@type":"CommentAction","name":"Comment","target":["https:\/\/akunq.net\/tr\/?p=67196#respond"]}]},{"@type":"WebPage","@id":"https:\/\/akunq.net\/tr\/?p=67196","url":"https:\/\/akunq.net\/tr\/?p=67196","name":"Elaz\u0131\u011f\u2019da bir vadide Roma d\u00f6nemine ait 1800 y\u0131ll\u0131k kal\u0131nt\u0131lar tespit edildi - Bati Ermenistan Ve Bati Ermenileri Sorunlari Ara\u015ftirmalar Merkezi","isPartOf":{"@id":"https:\/\/akunq.net\/tr\/#website"},"primaryImageOfPage":{"@id":"https:\/\/akunq.net\/tr\/?p=67196#primaryimage"},"image":{"@id":"https:\/\/akunq.net\/tr\/?p=67196#primaryimage"},"thumbnailUrl":"https:\/\/akunq.net\/tr\/wp-content\/uploads\/sites\/6\/2022\/02\/Elaz\u0131\u011f\u2019da-bir-vadi.jpg","datePublished":"2022-02-22T11:07:13+00:00","author":{"@id":"https:\/\/akunq.net\/tr\/#\/schema\/person\/096f1d38a12cce57fb855b485ed24c9e"},"breadcrumb":{"@id":"https:\/\/akunq.net\/tr\/?p=67196#breadcrumb"},"inLanguage":"en-US","potentialAction":[{"@type":"ReadAction","target":["https:\/\/akunq.net\/tr\/?p=67196"]}]},{"@type":"ImageObject","inLanguage":"en-US","@id":"https:\/\/akunq.net\/tr\/?p=67196#primaryimage","url":"https:\/\/akunq.net\/tr\/wp-content\/uploads\/sites\/6\/2022\/02\/Elaz\u0131\u011f\u2019da-bir-vadi.jpg","contentUrl":"https:\/\/akunq.net\/tr\/wp-content\/uploads\/sites\/6\/2022\/02\/Elaz\u0131\u011f\u2019da-bir-vadi.jpg","width":864,"height":486},{"@type":"BreadcrumbList","@id":"https:\/\/akunq.net\/tr\/?p=67196#breadcrumb","itemListElement":[{"@type":"ListItem","position":1,"name":"Home","item":"https:\/\/akunq.net\/tr"},{"@type":"ListItem","position":2,"name":"Elaz\u0131\u011f\u2019da bir vadide Roma d\u00f6nemine ait 1800 y\u0131ll\u0131k kal\u0131nt\u0131lar tespit edildi"}]},{"@type":"WebSite","@id":"https:\/\/akunq.net\/tr\/#website","url":"https:\/\/akunq.net\/tr\/","name":"Bati Ermenistan Ve Bati Ermenileri Sorunlari Ara\u015ftirmalar Merkezi","description":"","potentialAction":[{"@type":"SearchAction","target":{"@type":"EntryPoint","urlTemplate":"https:\/\/akunq.net\/tr\/?s={search_term_string}"},"query-input":{"@type":"PropertyValueSpecification","valueRequired":true,"valueName":"search_term_string"}}],"inLanguage":"en-US"},{"@type":"Person","@id":"https:\/\/akunq.net\/tr\/#\/schema\/person\/096f1d38a12cce57fb855b485ed24c9e","name":"admin","url":"https:\/\/akunq.net\/tr\/?author=7"}]}},"_links":{"self":[{"href":"https:\/\/akunq.net\/tr\/index.php?rest_route=\/wp\/v2\/posts\/67196","targetHints":{"allow":["GET"]}}],"collection":[{"href":"https:\/\/akunq.net\/tr\/index.php?rest_route=\/wp\/v2\/posts"}],"about":[{"href":"https:\/\/akunq.net\/tr\/index.php?rest_route=\/wp\/v2\/types\/post"}],"author":[{"embeddable":true,"href":"https:\/\/akunq.net\/tr\/index.php?rest_route=\/wp\/v2\/users\/7"}],"replies":[{"embeddable":true,"href":"https:\/\/akunq.net\/tr\/index.php?rest_route=%2Fwp%2Fv2%2Fcomments&post=67196"}],"version-history":[{"count":1,"href":"https:\/\/akunq.net\/tr\/index.php?rest_route=\/wp\/v2\/posts\/67196\/revisions"}],"predecessor-version":[{"id":67198,"href":"https:\/\/akunq.net\/tr\/index.php?rest_route=\/wp\/v2\/posts\/67196\/revisions\/67198"}],"wp:featuredmedia":[{"embeddable":true,"href":"https:\/\/akunq.net\/tr\/index.php?rest_route=\/wp\/v2\/media\/67197"}],"wp:attachment":[{"href":"https:\/\/akunq.net\/tr\/index.php?rest_route=%2Fwp%2Fv2%2Fmedia&parent=67196"}],"wp:term":[{"taxonomy":"category","embeddable":true,"href":"https:\/\/akunq.net\/tr\/index.php?rest_route=%2Fwp%2Fv2%2Fcategories&post=67196"},{"taxonomy":"post_tag","embeddable":true,"href":"https:\/\/akunq.net\/tr\/index.php?rest_route=%2Fwp%2Fv2%2Ftags&post=67196"}],"curies":[{"name":"wp","href":"https:\/\/api.w.org\/{rel}","templated":true}]}}