{"id":67192,"date":"2022-02-22T02:06:36","date_gmt":"2022-02-22T07:06:36","guid":{"rendered":"https:\/\/akunq.net\/tr\/?p=67192"},"modified":"2022-02-22T02:06:36","modified_gmt":"2022-02-22T07:06:36","slug":"tarihi-kiliseden-can-hirsizligina-kalkisan-supheliler-kamerada","status":"publish","type":"post","link":"https:\/\/akunq.net\/tr\/?p=67192","title":{"rendered":"Tarihi kiliseden \u00e7an h\u0131rs\u0131zl\u0131\u011f\u0131na kalk\u0131\u015fan \u015f\u00fcpheliler kamerada"},"content":{"rendered":"<p><img loading=\"lazy\" decoding=\"async\" class=\"aligncenter size-medium wp-image-67193\" src=\"https:\/\/akunq.net\/tr\/wp-content\/uploads\/2022\/02\/Midyat\u2019\u0131n-I\u015f\u0131klar-Mahallesi\u2019nde-bulunan-S\u00fcryani-Ortodoks-Cemaatine-mensup-Meryem-Ana-Kilisesi-360x203.jpg\" alt=\"\" width=\"360\" height=\"203\" srcset=\"https:\/\/akunq.net\/tr\/wp-content\/uploads\/sites\/6\/2022\/02\/Midyat\u2019\u0131n-I\u015f\u0131klar-Mahallesi\u2019nde-bulunan-S\u00fcryani-Ortodoks-Cemaatine-mensup-Meryem-Ana-Kilisesi-360x203.jpg 360w, https:\/\/akunq.net\/tr\/wp-content\/uploads\/sites\/6\/2022\/02\/Midyat\u2019\u0131n-I\u015f\u0131klar-Mahallesi\u2019nde-bulunan-S\u00fcryani-Ortodoks-Cemaatine-mensup-Meryem-Ana-Kilisesi-560x315.jpg 560w, https:\/\/akunq.net\/tr\/wp-content\/uploads\/sites\/6\/2022\/02\/Midyat\u2019\u0131n-I\u015f\u0131klar-Mahallesi\u2019nde-bulunan-S\u00fcryani-Ortodoks-Cemaatine-mensup-Meryem-Ana-Kilisesi-260x146.jpg 260w, https:\/\/akunq.net\/tr\/wp-content\/uploads\/sites\/6\/2022\/02\/Midyat\u2019\u0131n-I\u015f\u0131klar-Mahallesi\u2019nde-bulunan-S\u00fcryani-Ortodoks-Cemaatine-mensup-Meryem-Ana-Kilisesi-160x90.jpg 160w, https:\/\/akunq.net\/tr\/wp-content\/uploads\/sites\/6\/2022\/02\/Midyat\u2019\u0131n-I\u015f\u0131klar-Mahallesi\u2019nde-bulunan-S\u00fcryani-Ortodoks-Cemaatine-mensup-Meryem-Ana-Kilisesi.jpg 620w\" sizes=\"auto, (max-width: 360px) 100vw, 360px\" \/><\/p>\n<p><strong>H\u00fcseyin KA\u00c7AR<\/strong><\/p>\n<p><em><strong>Mardin\u2019in Midyat il\u00e7esinde bulunan 800 y\u0131ll\u0131k Meryem Ana Kilisesi\u2019nin elektrik tesisat kablolar\u0131n\u0131 \u00e7alan h\u0131rs\u0131zlar, bir g\u00fcn sonra damdaki tarihi \u00e7an i\u00e7in geldi. \u015e\u00fcpheliler, s\u00f6kt\u00fckleri s\u0131rada \u00e7alan \u00e7an\u0131n sesiyle yakalanmaktan korkarak ka\u00e7t\u0131. G\u00fcvenlik kameras\u0131na yans\u0131yan g\u00f6r\u00fcnt\u00fclerde, \u015f\u00fcphelilerin ka\u00e7\u0131\u015f anlar\u0131 g\u00f6r\u00fcl\u00fcyor. Polis, \u015f\u00fcphelileri yakalamak i\u00e7in \u00e7al\u0131\u015fma ba\u015flatt\u0131.<\/strong><\/em><\/p>\n<p>Olay, Midyat\u2019\u0131n I\u015f\u0131klar Mahallesi\u2019nde bulunan S\u00fcryani Ortodoks Cemaatine mensup Meryem Ana Kilisesi\u2019nde 18 \u015eubat gece saatlerinde meydana geldi. Kiliseye giren \u015f\u00fcpheliler, elektrik tesisat\u0131 kablolar\u0131n\u0131 \u00e7ald\u0131. Bir sonra da kilise dam\u0131nda bulunan kuledeki tarihi \u00e7an\u0131 \u00e7almaya \u00e7al\u0131\u015ft\u0131. H\u0131rs\u0131zlar as\u0131l\u0131 oldu\u011fu yerden \u00e7an\u0131 koparmaya \u00e7al\u0131\u015ft\u0131. \u00c7an\u0131n sesi \u00e7\u0131k\u0131nca \u015f\u00fcpheliler ka\u00e7t\u0131. \u00c7an sesi \u00fczerine mahalleli Midyat S\u00fcryani Kadim Kiliseleri Vak\u0131f Ba\u015fkan\u0131 Yusuf T\u00fcrker\u2019e haber verdi. Herhangi bir dini t\u00f6ren olmad\u0131\u011f\u0131 i\u00e7in \u00e7an\u0131n \u00e7al\u0131nmas\u0131n\u0131n normal bir durum olmad\u0131\u011f\u0131n\u0131 polise haber veren T\u00fcrker, kiliseye geldi.<\/p>\n<p>Olay yerine gelen polis ekipleriyle birlikte kilisede incelemelerde bulunan T\u00fcrker, penceredeki demir korkuluklar\u0131n bir alet ile kesilerek i\u00e7eri girildi\u011fini, t\u00fcm elektrik tesisat\u0131n\u0131n kopar\u0131l\u0131p \u00e7al\u0131nd\u0131\u011f\u0131n\u0131, avizenin k\u0131r\u0131ld\u0131\u011f\u0131n\u0131 ve damda ise \u00e7an\u0131n \u00e7al\u0131nmak i\u00e7in yerinden s\u00f6k\u00fcld\u00fc\u011f\u00fcn\u00fc belirledi. Polis ekipleri, kilisede parmak izi alarak \u00e7al\u0131nan malzemelerle ilgili tutanak tutarak, g\u00fcvenlik kamera g\u00f6r\u00fcnt\u00fclerini incelemeye ald\u0131. Midyat S\u00fcryani Kadim Kiliseleri Vak\u0131f Ba\u015fkan\u0131 Yusuf T\u00fcrker, mahallelinin kendisini telefonla arayarak, \u201cNeden \u00e7an \u00e7al\u0131yor, diye haber verdi. Herhangi bir dini t\u00f6ren olmad\u0131\u011f\u0131 i\u00e7in \u00e7an\u0131n \u00e7almas\u0131n\u0131n normal olmad\u0131\u011f\u0131n\u0131 d\u00fc\u015f\u00fcnd\u00fcm, polise haber vererek kiliseye geldim. Elektrik tesisat\u0131n\u0131n s\u00f6k\u00fcp g\u00f6t\u00fcrm\u00fc\u015fler. Avizelerimiz yerlerdeydi. \u00c7an\u0131 s\u00f6kmek istemi\u015fler, \u00e7an sesi gelince b\u0131rakm\u0131\u015flar. Yakla\u015f\u0131k 25 bin lira zarar vermi\u015fler. H\u0131rs\u0131zlar\u0131n bir an \u00f6nce yakalan\u0131p adli mercilere teslim edilmelerini istiyoruz\u201d dedi.<\/p>\n<p><strong>HIRSIZLARIN KA\u00c7I\u015e ANLARI G\u00dcVENL\u0130K KAMERASINDA<\/strong><\/p>\n<p>Kiliseye h\u0131rs\u0131zl\u0131k yapt\u0131ktan sonra \u015f\u00fcphelilerin, s\u00f6kt\u00fckleri s\u0131rada \u00e7alan \u00e7an\u0131n sesiyle yakalanmaktan korkarak ka\u00e7ma anlar\u0131 ise g\u00fcvenlik kameras\u0131na anbean yans\u0131d\u0131. Kamera g\u00f6r\u00fcnt\u00fclerini inceleyen polis, \u015f\u00fcphelileri yakalamak i\u00e7in \u00e7al\u0131\u015fma ba\u015flatt\u0131.<\/p>\n<hr \/>\n<p><em><strong><a href=\"https:\/\/www.sabah.com.tr\/yasam\/tarihi-kiliseden-can-hirsizligina-kalkisan-supheliler-kamerada-5879306\" target=\"_blank\" rel=\"noopener noreferrer\">Sabah Gazetesi<\/a>\u00a0<\/strong><\/em><\/p>\n","protected":false},"excerpt":{"rendered":"<p>H\u00fcseyin KA\u00c7AR Mardin\u2019in Midyat il\u00e7esinde bulunan 800 y\u0131ll\u0131k Meryem Ana Kilisesi\u2019nin elektrik tesisat kablolar\u0131n\u0131 \u00e7alan h\u0131rs\u0131zlar, bir g\u00fcn sonra damdaki tarihi \u00e7an i\u00e7in geldi. \u015e\u00fcpheliler, s\u00f6kt\u00fckleri s\u0131rada \u00e7alan \u00e7an\u0131n sesiyle yakalanmaktan korkarak ka\u00e7t\u0131. G\u00fcvenlik kameras\u0131na yans\u0131yan g\u00f6r\u00fcnt\u00fclerde, \u015f\u00fcphelilerin ka\u00e7\u0131\u015f anlar\u0131 g\u00f6r\u00fcl\u00fcyor. Polis, \u015f\u00fcphelileri yakalamak i\u00e7in \u00e7al\u0131\u015fma ba\u015flatt\u0131. Olay, Midyat\u2019\u0131n I\u015f\u0131klar Mahallesi\u2019nde bulunan S\u00fcryani Ortodoks Cemaatine [&hellip;]<\/p>\n","protected":false},"author":7,"featured_media":67193,"comment_status":"open","ping_status":"open","sticky":false,"template":"","format":"standard","meta":{"footnotes":""},"categories":[1],"tags":[],"class_list":["post-67192","post","type-post","status-publish","format-standard","has-post-thumbnail","hentry","category-haberler"],"yoast_head":"<!-- This site is optimized with the Yoast SEO plugin v27.4 - https:\/\/yoast.com\/product\/yoast-seo-wordpress\/ -->\n<title>Tarihi kiliseden \u00e7an h\u0131rs\u0131zl\u0131\u011f\u0131na kalk\u0131\u015fan \u015f\u00fcpheliler kamerada - Bati Ermenistan Ve Bati Ermenileri Sorunlari Ara\u015ftirmalar Merkezi<\/title>\n<meta name=\"robots\" content=\"index, follow, max-snippet:-1, max-image-preview:large, max-video-preview:-1\" \/>\n<link rel=\"canonical\" href=\"https:\/\/akunq.net\/tr\/?p=67192\" \/>\n<meta property=\"og:locale\" content=\"en_US\" \/>\n<meta property=\"og:type\" content=\"article\" \/>\n<meta property=\"og:title\" content=\"Tarihi kiliseden \u00e7an h\u0131rs\u0131zl\u0131\u011f\u0131na kalk\u0131\u015fan \u015f\u00fcpheliler kamerada - Bati Ermenistan Ve Bati Ermenileri Sorunlari Ara\u015ftirmalar Merkezi\" \/>\n<meta property=\"og:description\" content=\"H\u00fcseyin KA\u00c7AR Mardin\u2019in Midyat il\u00e7esinde bulunan 800 y\u0131ll\u0131k Meryem Ana Kilisesi\u2019nin elektrik tesisat kablolar\u0131n\u0131 \u00e7alan h\u0131rs\u0131zlar, bir g\u00fcn sonra damdaki tarihi \u00e7an i\u00e7in geldi. \u015e\u00fcpheliler, s\u00f6kt\u00fckleri s\u0131rada \u00e7alan \u00e7an\u0131n sesiyle yakalanmaktan korkarak ka\u00e7t\u0131. G\u00fcvenlik kameras\u0131na yans\u0131yan g\u00f6r\u00fcnt\u00fclerde, \u015f\u00fcphelilerin ka\u00e7\u0131\u015f anlar\u0131 g\u00f6r\u00fcl\u00fcyor. Polis, \u015f\u00fcphelileri yakalamak i\u00e7in \u00e7al\u0131\u015fma ba\u015flatt\u0131. Olay, Midyat\u2019\u0131n I\u015f\u0131klar Mahallesi\u2019nde bulunan S\u00fcryani Ortodoks Cemaatine [&hellip;]\" \/>\n<meta property=\"og:url\" content=\"https:\/\/akunq.net\/tr\/?p=67192\" \/>\n<meta property=\"og:site_name\" content=\"Bati Ermenistan Ve Bati Ermenileri Sorunlari Ara\u015ftirmalar Merkezi\" \/>\n<meta property=\"article:published_time\" content=\"2022-02-22T07:06:36+00:00\" \/>\n<meta property=\"og:image\" content=\"https:\/\/akunq.net\/tr\/wp-content\/uploads\/sites\/6\/2022\/02\/Midyat\u2019\u0131n-I\u015f\u0131klar-Mahallesi\u2019nde-bulunan-S\u00fcryani-Ortodoks-Cemaatine-mensup-Meryem-Ana-Kilisesi.jpg\" \/>\n\t<meta property=\"og:image:width\" content=\"620\" \/>\n\t<meta property=\"og:image:height\" content=\"349\" \/>\n\t<meta property=\"og:image:type\" content=\"image\/jpeg\" \/>\n<meta name=\"author\" content=\"admin\" \/>\n<meta name=\"twitter:card\" content=\"summary_large_image\" \/>\n<meta name=\"twitter:label1\" content=\"Written by\" \/>\n\t<meta name=\"twitter:data1\" content=\"admin\" \/>\n\t<meta name=\"twitter:label2\" content=\"Est. reading time\" \/>\n\t<meta name=\"twitter:data2\" content=\"2 minutes\" \/>\n<script type=\"application\/ld+json\" class=\"yoast-schema-graph\">{\"@context\":\"https:\\\/\\\/schema.org\",\"@graph\":[{\"@type\":\"Article\",\"@id\":\"https:\\\/\\\/akunq.net\\\/tr\\\/?p=67192#article\",\"isPartOf\":{\"@id\":\"https:\\\/\\\/akunq.net\\\/tr\\\/?p=67192\"},\"author\":{\"name\":\"admin\",\"@id\":\"https:\\\/\\\/akunq.net\\\/tr\\\/#\\\/schema\\\/person\\\/096f1d38a12cce57fb855b485ed24c9e\"},\"headline\":\"Tarihi kiliseden \u00e7an h\u0131rs\u0131zl\u0131\u011f\u0131na kalk\u0131\u015fan \u015f\u00fcpheliler kamerada\",\"datePublished\":\"2022-02-22T07:06:36+00:00\",\"mainEntityOfPage\":{\"@id\":\"https:\\\/\\\/akunq.net\\\/tr\\\/?p=67192\"},\"wordCount\":419,\"commentCount\":0,\"image\":{\"@id\":\"https:\\\/\\\/akunq.net\\\/tr\\\/?p=67192#primaryimage\"},\"thumbnailUrl\":\"https:\\\/\\\/akunq.net\\\/tr\\\/wp-content\\\/uploads\\\/sites\\\/6\\\/2022\\\/02\\\/Midyat\u2019\u0131n-I\u015f\u0131klar-Mahallesi\u2019nde-bulunan-S\u00fcryani-Ortodoks-Cemaatine-mensup-Meryem-Ana-Kilisesi.jpg\",\"articleSection\":[\"Haberler\"],\"inLanguage\":\"en-US\",\"potentialAction\":[{\"@type\":\"CommentAction\",\"name\":\"Comment\",\"target\":[\"https:\\\/\\\/akunq.net\\\/tr\\\/?p=67192#respond\"]}]},{\"@type\":\"WebPage\",\"@id\":\"https:\\\/\\\/akunq.net\\\/tr\\\/?p=67192\",\"url\":\"https:\\\/\\\/akunq.net\\\/tr\\\/?p=67192\",\"name\":\"Tarihi kiliseden \u00e7an h\u0131rs\u0131zl\u0131\u011f\u0131na kalk\u0131\u015fan \u015f\u00fcpheliler kamerada - Bati Ermenistan Ve Bati Ermenileri Sorunlari Ara\u015ftirmalar Merkezi\",\"isPartOf\":{\"@id\":\"https:\\\/\\\/akunq.net\\\/tr\\\/#website\"},\"primaryImageOfPage\":{\"@id\":\"https:\\\/\\\/akunq.net\\\/tr\\\/?p=67192#primaryimage\"},\"image\":{\"@id\":\"https:\\\/\\\/akunq.net\\\/tr\\\/?p=67192#primaryimage\"},\"thumbnailUrl\":\"https:\\\/\\\/akunq.net\\\/tr\\\/wp-content\\\/uploads\\\/sites\\\/6\\\/2022\\\/02\\\/Midyat\u2019\u0131n-I\u015f\u0131klar-Mahallesi\u2019nde-bulunan-S\u00fcryani-Ortodoks-Cemaatine-mensup-Meryem-Ana-Kilisesi.jpg\",\"datePublished\":\"2022-02-22T07:06:36+00:00\",\"author\":{\"@id\":\"https:\\\/\\\/akunq.net\\\/tr\\\/#\\\/schema\\\/person\\\/096f1d38a12cce57fb855b485ed24c9e\"},\"breadcrumb\":{\"@id\":\"https:\\\/\\\/akunq.net\\\/tr\\\/?p=67192#breadcrumb\"},\"inLanguage\":\"en-US\",\"potentialAction\":[{\"@type\":\"ReadAction\",\"target\":[\"https:\\\/\\\/akunq.net\\\/tr\\\/?p=67192\"]}]},{\"@type\":\"ImageObject\",\"inLanguage\":\"en-US\",\"@id\":\"https:\\\/\\\/akunq.net\\\/tr\\\/?p=67192#primaryimage\",\"url\":\"https:\\\/\\\/akunq.net\\\/tr\\\/wp-content\\\/uploads\\\/sites\\\/6\\\/2022\\\/02\\\/Midyat\u2019\u0131n-I\u015f\u0131klar-Mahallesi\u2019nde-bulunan-S\u00fcryani-Ortodoks-Cemaatine-mensup-Meryem-Ana-Kilisesi.jpg\",\"contentUrl\":\"https:\\\/\\\/akunq.net\\\/tr\\\/wp-content\\\/uploads\\\/sites\\\/6\\\/2022\\\/02\\\/Midyat\u2019\u0131n-I\u015f\u0131klar-Mahallesi\u2019nde-bulunan-S\u00fcryani-Ortodoks-Cemaatine-mensup-Meryem-Ana-Kilisesi.jpg\",\"width\":620,\"height\":349},{\"@type\":\"BreadcrumbList\",\"@id\":\"https:\\\/\\\/akunq.net\\\/tr\\\/?p=67192#breadcrumb\",\"itemListElement\":[{\"@type\":\"ListItem\",\"position\":1,\"name\":\"Home\",\"item\":\"https:\\\/\\\/akunq.net\\\/tr\"},{\"@type\":\"ListItem\",\"position\":2,\"name\":\"Tarihi kiliseden \u00e7an h\u0131rs\u0131zl\u0131\u011f\u0131na kalk\u0131\u015fan \u015f\u00fcpheliler kamerada\"}]},{\"@type\":\"WebSite\",\"@id\":\"https:\\\/\\\/akunq.net\\\/tr\\\/#website\",\"url\":\"https:\\\/\\\/akunq.net\\\/tr\\\/\",\"name\":\"Bati Ermenistan Ve Bati Ermenileri Sorunlari Ara\u015ftirmalar Merkezi\",\"description\":\"\",\"potentialAction\":[{\"@type\":\"SearchAction\",\"target\":{\"@type\":\"EntryPoint\",\"urlTemplate\":\"https:\\\/\\\/akunq.net\\\/tr\\\/?s={search_term_string}\"},\"query-input\":{\"@type\":\"PropertyValueSpecification\",\"valueRequired\":true,\"valueName\":\"search_term_string\"}}],\"inLanguage\":\"en-US\"},{\"@type\":\"Person\",\"@id\":\"https:\\\/\\\/akunq.net\\\/tr\\\/#\\\/schema\\\/person\\\/096f1d38a12cce57fb855b485ed24c9e\",\"name\":\"admin\",\"url\":\"https:\\\/\\\/akunq.net\\\/tr\\\/?author=7\"}]}<\/script>\n<!-- \/ Yoast SEO plugin. -->","yoast_head_json":{"title":"Tarihi kiliseden \u00e7an h\u0131rs\u0131zl\u0131\u011f\u0131na kalk\u0131\u015fan \u015f\u00fcpheliler kamerada - Bati Ermenistan Ve Bati Ermenileri Sorunlari Ara\u015ftirmalar Merkezi","robots":{"index":"index","follow":"follow","max-snippet":"max-snippet:-1","max-image-preview":"max-image-preview:large","max-video-preview":"max-video-preview:-1"},"canonical":"https:\/\/akunq.net\/tr\/?p=67192","og_locale":"en_US","og_type":"article","og_title":"Tarihi kiliseden \u00e7an h\u0131rs\u0131zl\u0131\u011f\u0131na kalk\u0131\u015fan \u015f\u00fcpheliler kamerada - Bati Ermenistan Ve Bati Ermenileri Sorunlari Ara\u015ftirmalar Merkezi","og_description":"H\u00fcseyin KA\u00c7AR Mardin\u2019in Midyat il\u00e7esinde bulunan 800 y\u0131ll\u0131k Meryem Ana Kilisesi\u2019nin elektrik tesisat kablolar\u0131n\u0131 \u00e7alan h\u0131rs\u0131zlar, bir g\u00fcn sonra damdaki tarihi \u00e7an i\u00e7in geldi. \u015e\u00fcpheliler, s\u00f6kt\u00fckleri s\u0131rada \u00e7alan \u00e7an\u0131n sesiyle yakalanmaktan korkarak ka\u00e7t\u0131. G\u00fcvenlik kameras\u0131na yans\u0131yan g\u00f6r\u00fcnt\u00fclerde, \u015f\u00fcphelilerin ka\u00e7\u0131\u015f anlar\u0131 g\u00f6r\u00fcl\u00fcyor. Polis, \u015f\u00fcphelileri yakalamak i\u00e7in \u00e7al\u0131\u015fma ba\u015flatt\u0131. Olay, Midyat\u2019\u0131n I\u015f\u0131klar Mahallesi\u2019nde bulunan S\u00fcryani Ortodoks Cemaatine [&hellip;]","og_url":"https:\/\/akunq.net\/tr\/?p=67192","og_site_name":"Bati Ermenistan Ve Bati Ermenileri Sorunlari Ara\u015ftirmalar Merkezi","article_published_time":"2022-02-22T07:06:36+00:00","og_image":[{"width":620,"height":349,"url":"https:\/\/akunq.net\/tr\/wp-content\/uploads\/sites\/6\/2022\/02\/Midyat\u2019\u0131n-I\u015f\u0131klar-Mahallesi\u2019nde-bulunan-S\u00fcryani-Ortodoks-Cemaatine-mensup-Meryem-Ana-Kilisesi.jpg","type":"image\/jpeg"}],"author":"admin","twitter_card":"summary_large_image","twitter_misc":{"Written by":"admin","Est. reading time":"2 minutes"},"schema":{"@context":"https:\/\/schema.org","@graph":[{"@type":"Article","@id":"https:\/\/akunq.net\/tr\/?p=67192#article","isPartOf":{"@id":"https:\/\/akunq.net\/tr\/?p=67192"},"author":{"name":"admin","@id":"https:\/\/akunq.net\/tr\/#\/schema\/person\/096f1d38a12cce57fb855b485ed24c9e"},"headline":"Tarihi kiliseden \u00e7an h\u0131rs\u0131zl\u0131\u011f\u0131na kalk\u0131\u015fan \u015f\u00fcpheliler kamerada","datePublished":"2022-02-22T07:06:36+00:00","mainEntityOfPage":{"@id":"https:\/\/akunq.net\/tr\/?p=67192"},"wordCount":419,"commentCount":0,"image":{"@id":"https:\/\/akunq.net\/tr\/?p=67192#primaryimage"},"thumbnailUrl":"https:\/\/akunq.net\/tr\/wp-content\/uploads\/sites\/6\/2022\/02\/Midyat\u2019\u0131n-I\u015f\u0131klar-Mahallesi\u2019nde-bulunan-S\u00fcryani-Ortodoks-Cemaatine-mensup-Meryem-Ana-Kilisesi.jpg","articleSection":["Haberler"],"inLanguage":"en-US","potentialAction":[{"@type":"CommentAction","name":"Comment","target":["https:\/\/akunq.net\/tr\/?p=67192#respond"]}]},{"@type":"WebPage","@id":"https:\/\/akunq.net\/tr\/?p=67192","url":"https:\/\/akunq.net\/tr\/?p=67192","name":"Tarihi kiliseden \u00e7an h\u0131rs\u0131zl\u0131\u011f\u0131na kalk\u0131\u015fan \u015f\u00fcpheliler kamerada - Bati Ermenistan Ve Bati Ermenileri Sorunlari Ara\u015ftirmalar Merkezi","isPartOf":{"@id":"https:\/\/akunq.net\/tr\/#website"},"primaryImageOfPage":{"@id":"https:\/\/akunq.net\/tr\/?p=67192#primaryimage"},"image":{"@id":"https:\/\/akunq.net\/tr\/?p=67192#primaryimage"},"thumbnailUrl":"https:\/\/akunq.net\/tr\/wp-content\/uploads\/sites\/6\/2022\/02\/Midyat\u2019\u0131n-I\u015f\u0131klar-Mahallesi\u2019nde-bulunan-S\u00fcryani-Ortodoks-Cemaatine-mensup-Meryem-Ana-Kilisesi.jpg","datePublished":"2022-02-22T07:06:36+00:00","author":{"@id":"https:\/\/akunq.net\/tr\/#\/schema\/person\/096f1d38a12cce57fb855b485ed24c9e"},"breadcrumb":{"@id":"https:\/\/akunq.net\/tr\/?p=67192#breadcrumb"},"inLanguage":"en-US","potentialAction":[{"@type":"ReadAction","target":["https:\/\/akunq.net\/tr\/?p=67192"]}]},{"@type":"ImageObject","inLanguage":"en-US","@id":"https:\/\/akunq.net\/tr\/?p=67192#primaryimage","url":"https:\/\/akunq.net\/tr\/wp-content\/uploads\/sites\/6\/2022\/02\/Midyat\u2019\u0131n-I\u015f\u0131klar-Mahallesi\u2019nde-bulunan-S\u00fcryani-Ortodoks-Cemaatine-mensup-Meryem-Ana-Kilisesi.jpg","contentUrl":"https:\/\/akunq.net\/tr\/wp-content\/uploads\/sites\/6\/2022\/02\/Midyat\u2019\u0131n-I\u015f\u0131klar-Mahallesi\u2019nde-bulunan-S\u00fcryani-Ortodoks-Cemaatine-mensup-Meryem-Ana-Kilisesi.jpg","width":620,"height":349},{"@type":"BreadcrumbList","@id":"https:\/\/akunq.net\/tr\/?p=67192#breadcrumb","itemListElement":[{"@type":"ListItem","position":1,"name":"Home","item":"https:\/\/akunq.net\/tr"},{"@type":"ListItem","position":2,"name":"Tarihi kiliseden \u00e7an h\u0131rs\u0131zl\u0131\u011f\u0131na kalk\u0131\u015fan \u015f\u00fcpheliler kamerada"}]},{"@type":"WebSite","@id":"https:\/\/akunq.net\/tr\/#website","url":"https:\/\/akunq.net\/tr\/","name":"Bati Ermenistan Ve Bati Ermenileri Sorunlari Ara\u015ftirmalar Merkezi","description":"","potentialAction":[{"@type":"SearchAction","target":{"@type":"EntryPoint","urlTemplate":"https:\/\/akunq.net\/tr\/?s={search_term_string}"},"query-input":{"@type":"PropertyValueSpecification","valueRequired":true,"valueName":"search_term_string"}}],"inLanguage":"en-US"},{"@type":"Person","@id":"https:\/\/akunq.net\/tr\/#\/schema\/person\/096f1d38a12cce57fb855b485ed24c9e","name":"admin","url":"https:\/\/akunq.net\/tr\/?author=7"}]}},"_links":{"self":[{"href":"https:\/\/akunq.net\/tr\/index.php?rest_route=\/wp\/v2\/posts\/67192","targetHints":{"allow":["GET"]}}],"collection":[{"href":"https:\/\/akunq.net\/tr\/index.php?rest_route=\/wp\/v2\/posts"}],"about":[{"href":"https:\/\/akunq.net\/tr\/index.php?rest_route=\/wp\/v2\/types\/post"}],"author":[{"embeddable":true,"href":"https:\/\/akunq.net\/tr\/index.php?rest_route=\/wp\/v2\/users\/7"}],"replies":[{"embeddable":true,"href":"https:\/\/akunq.net\/tr\/index.php?rest_route=%2Fwp%2Fv2%2Fcomments&post=67192"}],"version-history":[{"count":1,"href":"https:\/\/akunq.net\/tr\/index.php?rest_route=\/wp\/v2\/posts\/67192\/revisions"}],"predecessor-version":[{"id":67194,"href":"https:\/\/akunq.net\/tr\/index.php?rest_route=\/wp\/v2\/posts\/67192\/revisions\/67194"}],"wp:featuredmedia":[{"embeddable":true,"href":"https:\/\/akunq.net\/tr\/index.php?rest_route=\/wp\/v2\/media\/67193"}],"wp:attachment":[{"href":"https:\/\/akunq.net\/tr\/index.php?rest_route=%2Fwp%2Fv2%2Fmedia&parent=67192"}],"wp:term":[{"taxonomy":"category","embeddable":true,"href":"https:\/\/akunq.net\/tr\/index.php?rest_route=%2Fwp%2Fv2%2Fcategories&post=67192"},{"taxonomy":"post_tag","embeddable":true,"href":"https:\/\/akunq.net\/tr\/index.php?rest_route=%2Fwp%2Fv2%2Ftags&post=67192"}],"curies":[{"name":"wp","href":"https:\/\/api.w.org\/{rel}","templated":true}]}}