{"id":67183,"date":"2022-02-22T01:25:20","date_gmt":"2022-02-22T06:25:20","guid":{"rendered":"https:\/\/akunq.net\/tr\/?p=67183"},"modified":"2022-02-22T01:25:20","modified_gmt":"2022-02-22T06:25:20","slug":"turkiye-de-ilk-ermeni-soykirimi-ve-kurdistan-ifadelerinin-suc-olmadigi-kabul-edildi","status":"publish","type":"post","link":"https:\/\/akunq.net\/tr\/?p=67183","title":{"rendered":"T\u00fcrkiye de ilk: \u2018Ermeni Soyk\u0131r\u0131m\u0131\u2019 ve \u2018K\u00fcrdistan\u2019 ifadelerinin su\u00e7 olmad\u0131\u011f\u0131 kabul edildi"},"content":{"rendered":"<p><img loading=\"lazy\" decoding=\"async\" class=\"aligncenter size-medium wp-image-67184\" src=\"https:\/\/akunq.net\/tr\/wp-content\/uploads\/2022\/02\/Diyarbak\u0131r-Barosu-360x208.jpg\" alt=\"\" width=\"360\" height=\"208\" srcset=\"https:\/\/akunq.net\/tr\/wp-content\/uploads\/sites\/6\/2022\/02\/Diyarbak\u0131r-Barosu-360x208.jpg 360w, https:\/\/akunq.net\/tr\/wp-content\/uploads\/sites\/6\/2022\/02\/Diyarbak\u0131r-Barosu-768x444.jpg 768w, https:\/\/akunq.net\/tr\/wp-content\/uploads\/sites\/6\/2022\/02\/Diyarbak\u0131r-Barosu-560x324.jpg 560w, https:\/\/akunq.net\/tr\/wp-content\/uploads\/sites\/6\/2022\/02\/Diyarbak\u0131r-Barosu-260x150.jpg 260w, https:\/\/akunq.net\/tr\/wp-content\/uploads\/sites\/6\/2022\/02\/Diyarbak\u0131r-Barosu-160x93.jpg 160w, https:\/\/akunq.net\/tr\/wp-content\/uploads\/sites\/6\/2022\/02\/Diyarbak\u0131r-Barosu.jpg 800w\" sizes=\"auto, (max-width: 360px) 100vw, 360px\" \/><\/p>\n<p><em><strong>Diyarbak\u0131r Barosu y\u00f6neticilerinin TCK 301\u2019inci maddeden yarg\u0131land\u0131\u011f\u0131 davada mahkemenin verdi\u011fi beraat kararlar\u0131 ile \u2018Ermeni Soyk\u0131r\u0131m\u0131\u2019 ve \u2018K\u00fcrdistan\u2019 demenin su\u00e7 olmad\u0131\u011f\u0131 kabul edildi.<\/strong><\/em><\/p>\n<p>T\u00fcrkiye\u2019de bir \u201cilk\u201d olarak Diyarbak\u0131r Barosu y\u00f6neticilerinin TCK 301\u2019inci maddeden yarg\u0131land\u0131\u011f\u0131 davada mahkeme, verdi\u011fi beraat kararlar\u0131 ile \u201cErmeni Soyk\u0131r\u0131m\u0131\u201d ve \u201cK\u00fcrdistan\u201d demenin kanunlara g\u00f6re su\u00e7 olmad\u0131\u011f\u0131n\u0131 kabul etti.<\/p>\n<p>Diyarbak\u0131r Barosu taraf\u0131ndan 2016 ve 2018 y\u0131llar\u0131 aras\u0131nda yap\u0131lan a\u00e7\u0131klamalar ve haz\u0131rlanan raporlar nedeniyle d\u00f6nemin Baro Ba\u015fkan\u0131 Ahmet \u00d6zmen ve aralar\u0131nda mevcut Baro Ba\u015fkan\u0131 Nahit Eren\u2019in de bulundu\u011fu 10 Y\u00f6netim Kurulu \u00fcyesi hakk\u0131nda Diyarbak\u0131r 13. A\u011f\u0131r Ceza Mahkemesi\u2019nde g\u00f6r\u00fclen yarg\u0131lamada \u00f6nemli bir karara imza at\u0131ld\u0131.<\/p>\n<p>Davan\u0131n temelini olu\u015fturan gerek\u00e7elerden biri, Baro taraf\u0131ndan 24 Nisan 2017 tarihinde \u201c24 Nisan\/B\u00fcy\u00fck Felaket: Ermeni Halk\u0131n\u0131n Ac\u0131s\u0131n\u0131 Payla\u015f\u0131yoruz\u201d ve 24 Nisan 2018 tarihinde \u201cErmeni Halk\u0131n\u0131n Dinmeyen Ac\u0131s\u0131n\u0131 Payla\u015f\u0131yoruz\u201d ba\u015fl\u0131klar\u0131 ile yay\u0131mlanan bas\u0131n a\u00e7\u0131klamalar\u0131 oldu. Baro, \u201csoyk\u0131r\u0131m\u201d ifadesini kullan\u0131ld\u0131\u011f\u0131 bu a\u00e7\u0131klamalar\u0131nda y\u00fczle\u015fme \u00e7a\u011fr\u0131s\u0131nda bulundu.<\/p>\n<p><strong>S\u0130HA RAPORU<\/strong><\/p>\n<p>Baro y\u00f6neticilerine y\u00f6nelik su\u00e7lama konusu yap\u0131lan olaylardan biri, 31 A\u011fustos 2017 tarihinde TSK\u2019ye ait Silahl\u0131 \u0130nsans\u0131z Hava Arac\u0131 (S\u0130HA) ile Hakkari\u2019ye ba\u011fl\u0131 O\u011ful K\u00f6y\u00fc (Tale) Kanire\u015f mevkiinde ger\u00e7ekle\u015ftirilen ve 1 sivilin ya\u015fam\u0131n\u0131 yitirdi\u011fi, 3 sivilin yaraland\u0131\u011f\u0131 operasyona dair haz\u0131rlanan rapor oldu. Diyarbak\u0131r Barosu, Hakkari ve Van Barolar\u0131 ile birlikte yap\u0131lan incelemeler sonucunda haz\u0131rlad\u0131klar\u0131 bu raporda, sivillere y\u00f6nelik ya\u015fanan \u2018ya\u015fam hakk\u0131 ihlali\u2019 dolay\u0131s\u0131yla TBMM \u0130nsan Haklar\u0131 Komisyonu\u2019nu g\u00f6reve davet etmi\u015fti.<\/p>\n<p>\u2018K\u00dcRD\u0130STAN \u0130FADES\u0130N\u0130 CEZALANDIRMAK UTAN\u00c7TIR\u2019 DEN\u0130LD\u0130<\/p>\n<p>Yine Meclis Genel Kurulu\u2019nda \u201cK\u00fcrdistan\u201d ifadesi kulland\u0131\u011f\u0131 i\u00e7in HDP eski milletvekili Osman Baydemir\u2019e \u201cge\u00e7ici \u00e7\u0131karma\u201d cezas\u0131 verilmesi \u00fczerine 18 Aral\u0131k 2017\u2019de yap\u0131lan \u201cK\u00fcrdistan ifadesini cezaland\u0131rmak utan\u00e7t\u0131r, kabul edilemez!\u201d ba\u015fl\u0131kl\u0131 a\u00e7\u0131klama ile bu durumun k\u0131nanmas\u0131, Baro y\u00f6neticilerine su\u00e7lama olarak geri d\u00f6nd\u00fc.<\/p>\n<p><strong>TCK 301\u2019DEN 2 AYRI SU\u00c7LAMA<\/strong><\/p>\n<p>S\u00f6zkonusu bu gerek\u00e7elerle d\u00f6nemin Baro y\u00f6neticisi 11 isim hakk\u0131nda TCK\u2019nin 301. Maddesini olu\u015fturan \u201cT\u00fcrk milletini, T\u00fcrkiye Cumhuriyeti devletini, devletin kurum ve organlar\u0131n\u0131 a\u015fa\u011f\u0131lama\u201d su\u00e7undan 2 kez olmak \u00fczere yan\u0131 s\u0131ra \u201cHalk\u0131 kin ve d\u00fc\u015fmanl\u0131\u011fa tahrik etme\u201d su\u00e7unu olu\u015fturan 216. Maddesi uyar\u0131nca iddianame haz\u0131rlan\u0131p, 18 Kas\u0131m 2020\u2019de yarg\u0131lanmalar\u0131na ba\u015fland\u0131.<\/p>\n<p>Ge\u00e7mi\u015fte \u015fah\u0131slara d\u00f6n\u00fck benzer yarg\u0131lamalarla kar\u015f\u0131la\u015f\u0131lsa da Diyarbak\u0131r Barosu y\u00f6neticileri hakk\u0131nda TCK 301\u2019inci Madde\u2019den dava a\u00e7\u0131lmas\u0131, T\u00fcrkiye\u2019de bir ilki olu\u015fturdu.<\/p>\n<p><strong>M\u00dcTALAA S\u00dcPR\u0130Z OLDU<\/strong><\/p>\n<p>Bug\u00fcne dek 7 duru\u015fmaya sahne olan yarg\u0131laman\u0131n bug\u00fcnk\u00fc duru\u015fmas\u0131nda, hen\u00fcz t\u00fcm san\u0131k savunmalar\u0131 tamamlanmam\u0131\u015f olmas\u0131na ra\u011fmen s\u00fcrpriz bir \u015fekilde mahkeme heyetine esas hakk\u0131ndaki m\u00fctalaas\u0131n\u0131 sunan iddia makam\u0131, san\u0131klar\u0131n t\u00fcm\u00fc hakk\u0131nda beraat talep etti.<\/p>\n<p><strong>\u2018\u0130FADE \u00d6Z\u011e\u00dcRL\u00dc\u011e\u00dc\u2019N\u00dc OLU\u015eTURUYOR<\/strong><\/p>\n<p>Savc\u0131l\u0131k m\u00fctalaas\u0131nda beraat taleplerinin gerek\u00e7esi olarak \u015funlar\u0131 kaydetti: \u201cHer ne kadar Diyarbak\u0131r Barosu\u2019na ba\u011fl\u0131 olarak avukatl\u0131k yapan san\u0131klar, Ahmet Da\u011f, Ahmet \u00d6zmen, Cihan \u00dclsen, \u0130mran G\u00f6kdere, Mahsum Bat\u0131, Muhammed Ne\u015fet Girasun, Nahit Eren, Nu\u015fin Uysal Ekinci, Serhat Eren, Serta\u00e7 Buluttekin, Velat Alan hakk\u0131nda \u2018T\u00fcrk milletini, T\u00fcrkiye Cumhuriyeti devletini, T\u00fcrkiye B\u00fcy\u00fck Millet Meclisini, T\u00fcrkiye Cumhuriyeti h\u00fck\u00fcmetini ve devletin yarg\u0131 organlar\u0131n\u0131 alenen a\u015fa\u011f\u0131lama\u201d ve \u2018Halk\u0131 kin ve d\u00fc\u015fmanl\u0131\u011fa alenen tahrik etme\u2019 su\u00e7unu i\u015flediklerinden bahisle cezaland\u0131r\u0131lmalar\u0131 istemiyle kamu davas\u0131 a\u00e7\u0131lm\u0131\u015f ise de; yap\u0131lan yarg\u0131lama, toplanan deliller ve t\u00fcm dosya kapsam\u0131 dikkate al\u0131nd\u0131\u011f\u0131nda, kullan\u0131lan ifadelerin kamu g\u00fcvenli\u011fi a\u00e7\u0131s\u0131ndan a\u00e7\u0131k ve yak\u0131n bir tehlikeyi ortaya \u00e7\u0131karmad\u0131\u011f\u0131, cebir, \u015fiddet veya tehdit i\u00e7ermedi\u011fi, yerle\u015fik Yarg\u0131tay kararlar\u0131nda da belirtildi\u011fi gibi ifade \u00f6zg\u00fcrl\u00fc\u011f\u00fc sadece memnuniyetle kar\u015f\u0131lanan zarars\u0131z veya \u00f6nemsiz say\u0131lan insanlar\u0131n kay\u0131ts\u0131z kalabilece\u011fi bilgi ve fikirler i\u00e7in de\u011fil, ayn\u0131 zamanda demokratik toplumu \u015fekillendiren \u00e7o\u011fulculu\u011fun, ho\u015fg\u00f6r\u00fcn\u00fcn ve geni\u015f fikirlili\u011fin do\u011fas\u0131nda bulunan bir gereklilik olarak sald\u0131rgan, \u015fok eden, rahats\u0131zl\u0131k veren veya ayr\u0131l\u0131k yaratabilen fikirler i\u00e7inde uygulanabilmelidir\u2019 karar\u0131 \u0131\u015f\u0131\u011f\u0131nda da bu kullan\u0131lan ifadelerin ifade \u00f6zg\u00fcrl\u00fc\u011f\u00fc kapsam\u0131nda de\u011ferlendirilmesi gerekti\u011fi, bu sebeple san\u0131klar\u0131n \u00fczerine at\u0131l\u0131 su\u00e7lar\u0131n unsurlar\u0131 bak\u0131m\u0131ndan olu\u015fmad\u0131\u011f\u0131 anla\u015f\u0131ld\u0131\u011f\u0131ndan, CMK\u2019nin 223\/2-a maddesi gere\u011fince at\u0131l\u0131 su\u00e7lardan san\u0131klar\u0131n ayr\u0131 ayr\u0131 beraatlar\u0131na karar verilmesi kamu ad\u0131na talep ve m\u00fctalaa olunur,\u201d<\/p>\n<p>Mahkeme heyeti, savunmalar\u0131n tamamlanmas\u0131n\u0131n ard\u0131ndan a\u00e7\u0131klad\u0131\u011f\u0131 karar\u0131nda beraatlar\u0131na karar\u0131verdi\u011fi Baro y\u00f6neticilerine ayr\u0131 ayr\u0131 10 bin 250\u2019\u015fer TL vek\u00e2let \u00fccreti \u00f6denmesine de h\u00fckmetti.<\/p>\n<p><strong>KANUNA G\u00d6RE SU\u00c7 OLMADI\u011eI ONAYLANDI<\/strong><\/p>\n<p>Heyetin, savc\u0131l\u0131k m\u00fctalaas\u0131nda oldu\u011fu gibi beraat kararlar\u0131n\u0131n gerek\u00e7esini 5271 say\u0131l\u0131 Ceza Muhakemeleri Kanunu\u2019nun (CMK) Madde 223 2\/a bendini olu\u015fturan \u201cY\u00fcklenen fiilin kanunda su\u00e7 olarak tan\u0131mlanmam\u0131\u015f olmas\u0131\u201dna dayand\u0131rd\u0131.<\/p>\n<p>Bu maddeye yap\u0131lan at\u0131fla mahkeme, \u201cErmeni Soyk\u0131r\u0131m\u0131\u201d ve \u201cK\u00fcrdistan\u201d ifadelerini kullanman\u0131n kanunlara g\u00f6re su\u00e7 olmad\u0131\u011f\u0131n\u0131 tasdik etmi\u015f oldu. (MA)<\/p>\n<hr \/>\n<p><em><strong><a href=\"https:\/\/artigercek.com\/haberler\/turkiye-de-ilk-ermeni-soykirimi-ve-kurdistan-ifadelerinin-suc-olmadigi-kabul-edildi\" target=\"_blank\" rel=\"noopener noreferrer\">Art\u0131 Ger\u00e7ek<\/a>\u00a0<\/strong><\/em><\/p>\n","protected":false},"excerpt":{"rendered":"<p>Diyarbak\u0131r Barosu y\u00f6neticilerinin TCK 301\u2019inci maddeden yarg\u0131land\u0131\u011f\u0131 davada mahkemenin verdi\u011fi beraat kararlar\u0131 ile \u2018Ermeni Soyk\u0131r\u0131m\u0131\u2019 ve \u2018K\u00fcrdistan\u2019 demenin su\u00e7 olmad\u0131\u011f\u0131 kabul edildi. T\u00fcrkiye\u2019de bir \u201cilk\u201d olarak Diyarbak\u0131r Barosu y\u00f6neticilerinin TCK 301\u2019inci maddeden yarg\u0131land\u0131\u011f\u0131 davada mahkeme, verdi\u011fi beraat kararlar\u0131 ile \u201cErmeni Soyk\u0131r\u0131m\u0131\u201d ve \u201cK\u00fcrdistan\u201d demenin kanunlara g\u00f6re su\u00e7 olmad\u0131\u011f\u0131n\u0131 kabul etti. Diyarbak\u0131r Barosu taraf\u0131ndan 2016 ve [&hellip;]<\/p>\n","protected":false},"author":7,"featured_media":67184,"comment_status":"open","ping_status":"open","sticky":false,"template":"","format":"standard","meta":{"footnotes":""},"categories":[1],"tags":[],"class_list":["post-67183","post","type-post","status-publish","format-standard","has-post-thumbnail","hentry","category-haberler"],"yoast_head":"<!-- This site is optimized with the Yoast SEO plugin v27.4 - https:\/\/yoast.com\/product\/yoast-seo-wordpress\/ -->\n<title>T\u00fcrkiye de ilk: \u2018Ermeni Soyk\u0131r\u0131m\u0131\u2019 ve \u2018K\u00fcrdistan\u2019 ifadelerinin su\u00e7 olmad\u0131\u011f\u0131 kabul edildi - Bati Ermenistan Ve Bati Ermenileri Sorunlari Ara\u015ftirmalar Merkezi<\/title>\n<meta name=\"robots\" content=\"index, follow, max-snippet:-1, max-image-preview:large, max-video-preview:-1\" \/>\n<link rel=\"canonical\" href=\"https:\/\/akunq.net\/tr\/?p=67183\" \/>\n<meta property=\"og:locale\" content=\"en_US\" \/>\n<meta property=\"og:type\" content=\"article\" \/>\n<meta property=\"og:title\" content=\"T\u00fcrkiye de ilk: \u2018Ermeni Soyk\u0131r\u0131m\u0131\u2019 ve \u2018K\u00fcrdistan\u2019 ifadelerinin su\u00e7 olmad\u0131\u011f\u0131 kabul edildi - Bati Ermenistan Ve Bati Ermenileri Sorunlari Ara\u015ftirmalar Merkezi\" \/>\n<meta property=\"og:description\" content=\"Diyarbak\u0131r Barosu y\u00f6neticilerinin TCK 301\u2019inci maddeden yarg\u0131land\u0131\u011f\u0131 davada mahkemenin verdi\u011fi beraat kararlar\u0131 ile \u2018Ermeni Soyk\u0131r\u0131m\u0131\u2019 ve \u2018K\u00fcrdistan\u2019 demenin su\u00e7 olmad\u0131\u011f\u0131 kabul edildi. T\u00fcrkiye\u2019de bir \u201cilk\u201d olarak Diyarbak\u0131r Barosu y\u00f6neticilerinin TCK 301\u2019inci maddeden yarg\u0131land\u0131\u011f\u0131 davada mahkeme, verdi\u011fi beraat kararlar\u0131 ile \u201cErmeni Soyk\u0131r\u0131m\u0131\u201d ve \u201cK\u00fcrdistan\u201d demenin kanunlara g\u00f6re su\u00e7 olmad\u0131\u011f\u0131n\u0131 kabul etti. Diyarbak\u0131r Barosu taraf\u0131ndan 2016 ve [&hellip;]\" \/>\n<meta property=\"og:url\" content=\"https:\/\/akunq.net\/tr\/?p=67183\" \/>\n<meta property=\"og:site_name\" content=\"Bati Ermenistan Ve Bati Ermenileri Sorunlari Ara\u015ftirmalar Merkezi\" \/>\n<meta property=\"article:published_time\" content=\"2022-02-22T06:25:20+00:00\" \/>\n<meta property=\"og:image\" content=\"https:\/\/akunq.net\/tr\/wp-content\/uploads\/sites\/6\/2022\/02\/Diyarbak\u0131r-Barosu.jpg\" \/>\n\t<meta property=\"og:image:width\" content=\"800\" \/>\n\t<meta property=\"og:image:height\" content=\"463\" \/>\n\t<meta property=\"og:image:type\" content=\"image\/jpeg\" \/>\n<meta name=\"author\" content=\"admin\" \/>\n<meta name=\"twitter:card\" content=\"summary_large_image\" \/>\n<meta name=\"twitter:label1\" content=\"Written by\" \/>\n\t<meta name=\"twitter:data1\" content=\"admin\" \/>\n\t<meta name=\"twitter:label2\" content=\"Est. reading time\" \/>\n\t<meta name=\"twitter:data2\" content=\"5 minutes\" \/>\n<script type=\"application\/ld+json\" class=\"yoast-schema-graph\">{\"@context\":\"https:\\\/\\\/schema.org\",\"@graph\":[{\"@type\":\"Article\",\"@id\":\"https:\\\/\\\/akunq.net\\\/tr\\\/?p=67183#article\",\"isPartOf\":{\"@id\":\"https:\\\/\\\/akunq.net\\\/tr\\\/?p=67183\"},\"author\":{\"name\":\"admin\",\"@id\":\"https:\\\/\\\/akunq.net\\\/tr\\\/#\\\/schema\\\/person\\\/096f1d38a12cce57fb855b485ed24c9e\"},\"headline\":\"T\u00fcrkiye de ilk: \u2018Ermeni Soyk\u0131r\u0131m\u0131\u2019 ve \u2018K\u00fcrdistan\u2019 ifadelerinin su\u00e7 olmad\u0131\u011f\u0131 kabul edildi\",\"datePublished\":\"2022-02-22T06:25:20+00:00\",\"mainEntityOfPage\":{\"@id\":\"https:\\\/\\\/akunq.net\\\/tr\\\/?p=67183\"},\"wordCount\":958,\"commentCount\":0,\"image\":{\"@id\":\"https:\\\/\\\/akunq.net\\\/tr\\\/?p=67183#primaryimage\"},\"thumbnailUrl\":\"https:\\\/\\\/akunq.net\\\/tr\\\/wp-content\\\/uploads\\\/sites\\\/6\\\/2022\\\/02\\\/Diyarbak\u0131r-Barosu.jpg\",\"articleSection\":[\"Haberler\"],\"inLanguage\":\"en-US\",\"potentialAction\":[{\"@type\":\"CommentAction\",\"name\":\"Comment\",\"target\":[\"https:\\\/\\\/akunq.net\\\/tr\\\/?p=67183#respond\"]}]},{\"@type\":\"WebPage\",\"@id\":\"https:\\\/\\\/akunq.net\\\/tr\\\/?p=67183\",\"url\":\"https:\\\/\\\/akunq.net\\\/tr\\\/?p=67183\",\"name\":\"T\u00fcrkiye de ilk: \u2018Ermeni Soyk\u0131r\u0131m\u0131\u2019 ve \u2018K\u00fcrdistan\u2019 ifadelerinin su\u00e7 olmad\u0131\u011f\u0131 kabul edildi - Bati Ermenistan Ve Bati Ermenileri Sorunlari Ara\u015ftirmalar Merkezi\",\"isPartOf\":{\"@id\":\"https:\\\/\\\/akunq.net\\\/tr\\\/#website\"},\"primaryImageOfPage\":{\"@id\":\"https:\\\/\\\/akunq.net\\\/tr\\\/?p=67183#primaryimage\"},\"image\":{\"@id\":\"https:\\\/\\\/akunq.net\\\/tr\\\/?p=67183#primaryimage\"},\"thumbnailUrl\":\"https:\\\/\\\/akunq.net\\\/tr\\\/wp-content\\\/uploads\\\/sites\\\/6\\\/2022\\\/02\\\/Diyarbak\u0131r-Barosu.jpg\",\"datePublished\":\"2022-02-22T06:25:20+00:00\",\"author\":{\"@id\":\"https:\\\/\\\/akunq.net\\\/tr\\\/#\\\/schema\\\/person\\\/096f1d38a12cce57fb855b485ed24c9e\"},\"breadcrumb\":{\"@id\":\"https:\\\/\\\/akunq.net\\\/tr\\\/?p=67183#breadcrumb\"},\"inLanguage\":\"en-US\",\"potentialAction\":[{\"@type\":\"ReadAction\",\"target\":[\"https:\\\/\\\/akunq.net\\\/tr\\\/?p=67183\"]}]},{\"@type\":\"ImageObject\",\"inLanguage\":\"en-US\",\"@id\":\"https:\\\/\\\/akunq.net\\\/tr\\\/?p=67183#primaryimage\",\"url\":\"https:\\\/\\\/akunq.net\\\/tr\\\/wp-content\\\/uploads\\\/sites\\\/6\\\/2022\\\/02\\\/Diyarbak\u0131r-Barosu.jpg\",\"contentUrl\":\"https:\\\/\\\/akunq.net\\\/tr\\\/wp-content\\\/uploads\\\/sites\\\/6\\\/2022\\\/02\\\/Diyarbak\u0131r-Barosu.jpg\",\"width\":800,\"height\":463},{\"@type\":\"BreadcrumbList\",\"@id\":\"https:\\\/\\\/akunq.net\\\/tr\\\/?p=67183#breadcrumb\",\"itemListElement\":[{\"@type\":\"ListItem\",\"position\":1,\"name\":\"Home\",\"item\":\"https:\\\/\\\/akunq.net\\\/tr\"},{\"@type\":\"ListItem\",\"position\":2,\"name\":\"T\u00fcrkiye de ilk: \u2018Ermeni Soyk\u0131r\u0131m\u0131\u2019 ve \u2018K\u00fcrdistan\u2019 ifadelerinin su\u00e7 olmad\u0131\u011f\u0131 kabul edildi\"}]},{\"@type\":\"WebSite\",\"@id\":\"https:\\\/\\\/akunq.net\\\/tr\\\/#website\",\"url\":\"https:\\\/\\\/akunq.net\\\/tr\\\/\",\"name\":\"Bati Ermenistan Ve Bati Ermenileri Sorunlari Ara\u015ftirmalar Merkezi\",\"description\":\"\",\"potentialAction\":[{\"@type\":\"SearchAction\",\"target\":{\"@type\":\"EntryPoint\",\"urlTemplate\":\"https:\\\/\\\/akunq.net\\\/tr\\\/?s={search_term_string}\"},\"query-input\":{\"@type\":\"PropertyValueSpecification\",\"valueRequired\":true,\"valueName\":\"search_term_string\"}}],\"inLanguage\":\"en-US\"},{\"@type\":\"Person\",\"@id\":\"https:\\\/\\\/akunq.net\\\/tr\\\/#\\\/schema\\\/person\\\/096f1d38a12cce57fb855b485ed24c9e\",\"name\":\"admin\",\"url\":\"https:\\\/\\\/akunq.net\\\/tr\\\/?author=7\"}]}<\/script>\n<!-- \/ Yoast SEO plugin. -->","yoast_head_json":{"title":"T\u00fcrkiye de ilk: \u2018Ermeni Soyk\u0131r\u0131m\u0131\u2019 ve \u2018K\u00fcrdistan\u2019 ifadelerinin su\u00e7 olmad\u0131\u011f\u0131 kabul edildi - Bati Ermenistan Ve Bati Ermenileri Sorunlari Ara\u015ftirmalar Merkezi","robots":{"index":"index","follow":"follow","max-snippet":"max-snippet:-1","max-image-preview":"max-image-preview:large","max-video-preview":"max-video-preview:-1"},"canonical":"https:\/\/akunq.net\/tr\/?p=67183","og_locale":"en_US","og_type":"article","og_title":"T\u00fcrkiye de ilk: \u2018Ermeni Soyk\u0131r\u0131m\u0131\u2019 ve \u2018K\u00fcrdistan\u2019 ifadelerinin su\u00e7 olmad\u0131\u011f\u0131 kabul edildi - Bati Ermenistan Ve Bati Ermenileri Sorunlari Ara\u015ftirmalar Merkezi","og_description":"Diyarbak\u0131r Barosu y\u00f6neticilerinin TCK 301\u2019inci maddeden yarg\u0131land\u0131\u011f\u0131 davada mahkemenin verdi\u011fi beraat kararlar\u0131 ile \u2018Ermeni Soyk\u0131r\u0131m\u0131\u2019 ve \u2018K\u00fcrdistan\u2019 demenin su\u00e7 olmad\u0131\u011f\u0131 kabul edildi. T\u00fcrkiye\u2019de bir \u201cilk\u201d olarak Diyarbak\u0131r Barosu y\u00f6neticilerinin TCK 301\u2019inci maddeden yarg\u0131land\u0131\u011f\u0131 davada mahkeme, verdi\u011fi beraat kararlar\u0131 ile \u201cErmeni Soyk\u0131r\u0131m\u0131\u201d ve \u201cK\u00fcrdistan\u201d demenin kanunlara g\u00f6re su\u00e7 olmad\u0131\u011f\u0131n\u0131 kabul etti. Diyarbak\u0131r Barosu taraf\u0131ndan 2016 ve [&hellip;]","og_url":"https:\/\/akunq.net\/tr\/?p=67183","og_site_name":"Bati Ermenistan Ve Bati Ermenileri Sorunlari Ara\u015ftirmalar Merkezi","article_published_time":"2022-02-22T06:25:20+00:00","og_image":[{"width":800,"height":463,"url":"https:\/\/akunq.net\/tr\/wp-content\/uploads\/sites\/6\/2022\/02\/Diyarbak\u0131r-Barosu.jpg","type":"image\/jpeg"}],"author":"admin","twitter_card":"summary_large_image","twitter_misc":{"Written by":"admin","Est. reading time":"5 minutes"},"schema":{"@context":"https:\/\/schema.org","@graph":[{"@type":"Article","@id":"https:\/\/akunq.net\/tr\/?p=67183#article","isPartOf":{"@id":"https:\/\/akunq.net\/tr\/?p=67183"},"author":{"name":"admin","@id":"https:\/\/akunq.net\/tr\/#\/schema\/person\/096f1d38a12cce57fb855b485ed24c9e"},"headline":"T\u00fcrkiye de ilk: \u2018Ermeni Soyk\u0131r\u0131m\u0131\u2019 ve \u2018K\u00fcrdistan\u2019 ifadelerinin su\u00e7 olmad\u0131\u011f\u0131 kabul edildi","datePublished":"2022-02-22T06:25:20+00:00","mainEntityOfPage":{"@id":"https:\/\/akunq.net\/tr\/?p=67183"},"wordCount":958,"commentCount":0,"image":{"@id":"https:\/\/akunq.net\/tr\/?p=67183#primaryimage"},"thumbnailUrl":"https:\/\/akunq.net\/tr\/wp-content\/uploads\/sites\/6\/2022\/02\/Diyarbak\u0131r-Barosu.jpg","articleSection":["Haberler"],"inLanguage":"en-US","potentialAction":[{"@type":"CommentAction","name":"Comment","target":["https:\/\/akunq.net\/tr\/?p=67183#respond"]}]},{"@type":"WebPage","@id":"https:\/\/akunq.net\/tr\/?p=67183","url":"https:\/\/akunq.net\/tr\/?p=67183","name":"T\u00fcrkiye de ilk: \u2018Ermeni Soyk\u0131r\u0131m\u0131\u2019 ve \u2018K\u00fcrdistan\u2019 ifadelerinin su\u00e7 olmad\u0131\u011f\u0131 kabul edildi - Bati Ermenistan Ve Bati Ermenileri Sorunlari Ara\u015ftirmalar Merkezi","isPartOf":{"@id":"https:\/\/akunq.net\/tr\/#website"},"primaryImageOfPage":{"@id":"https:\/\/akunq.net\/tr\/?p=67183#primaryimage"},"image":{"@id":"https:\/\/akunq.net\/tr\/?p=67183#primaryimage"},"thumbnailUrl":"https:\/\/akunq.net\/tr\/wp-content\/uploads\/sites\/6\/2022\/02\/Diyarbak\u0131r-Barosu.jpg","datePublished":"2022-02-22T06:25:20+00:00","author":{"@id":"https:\/\/akunq.net\/tr\/#\/schema\/person\/096f1d38a12cce57fb855b485ed24c9e"},"breadcrumb":{"@id":"https:\/\/akunq.net\/tr\/?p=67183#breadcrumb"},"inLanguage":"en-US","potentialAction":[{"@type":"ReadAction","target":["https:\/\/akunq.net\/tr\/?p=67183"]}]},{"@type":"ImageObject","inLanguage":"en-US","@id":"https:\/\/akunq.net\/tr\/?p=67183#primaryimage","url":"https:\/\/akunq.net\/tr\/wp-content\/uploads\/sites\/6\/2022\/02\/Diyarbak\u0131r-Barosu.jpg","contentUrl":"https:\/\/akunq.net\/tr\/wp-content\/uploads\/sites\/6\/2022\/02\/Diyarbak\u0131r-Barosu.jpg","width":800,"height":463},{"@type":"BreadcrumbList","@id":"https:\/\/akunq.net\/tr\/?p=67183#breadcrumb","itemListElement":[{"@type":"ListItem","position":1,"name":"Home","item":"https:\/\/akunq.net\/tr"},{"@type":"ListItem","position":2,"name":"T\u00fcrkiye de ilk: \u2018Ermeni Soyk\u0131r\u0131m\u0131\u2019 ve \u2018K\u00fcrdistan\u2019 ifadelerinin su\u00e7 olmad\u0131\u011f\u0131 kabul edildi"}]},{"@type":"WebSite","@id":"https:\/\/akunq.net\/tr\/#website","url":"https:\/\/akunq.net\/tr\/","name":"Bati Ermenistan Ve Bati Ermenileri Sorunlari Ara\u015ftirmalar Merkezi","description":"","potentialAction":[{"@type":"SearchAction","target":{"@type":"EntryPoint","urlTemplate":"https:\/\/akunq.net\/tr\/?s={search_term_string}"},"query-input":{"@type":"PropertyValueSpecification","valueRequired":true,"valueName":"search_term_string"}}],"inLanguage":"en-US"},{"@type":"Person","@id":"https:\/\/akunq.net\/tr\/#\/schema\/person\/096f1d38a12cce57fb855b485ed24c9e","name":"admin","url":"https:\/\/akunq.net\/tr\/?author=7"}]}},"_links":{"self":[{"href":"https:\/\/akunq.net\/tr\/index.php?rest_route=\/wp\/v2\/posts\/67183","targetHints":{"allow":["GET"]}}],"collection":[{"href":"https:\/\/akunq.net\/tr\/index.php?rest_route=\/wp\/v2\/posts"}],"about":[{"href":"https:\/\/akunq.net\/tr\/index.php?rest_route=\/wp\/v2\/types\/post"}],"author":[{"embeddable":true,"href":"https:\/\/akunq.net\/tr\/index.php?rest_route=\/wp\/v2\/users\/7"}],"replies":[{"embeddable":true,"href":"https:\/\/akunq.net\/tr\/index.php?rest_route=%2Fwp%2Fv2%2Fcomments&post=67183"}],"version-history":[{"count":1,"href":"https:\/\/akunq.net\/tr\/index.php?rest_route=\/wp\/v2\/posts\/67183\/revisions"}],"predecessor-version":[{"id":67185,"href":"https:\/\/akunq.net\/tr\/index.php?rest_route=\/wp\/v2\/posts\/67183\/revisions\/67185"}],"wp:featuredmedia":[{"embeddable":true,"href":"https:\/\/akunq.net\/tr\/index.php?rest_route=\/wp\/v2\/media\/67184"}],"wp:attachment":[{"href":"https:\/\/akunq.net\/tr\/index.php?rest_route=%2Fwp%2Fv2%2Fmedia&parent=67183"}],"wp:term":[{"taxonomy":"category","embeddable":true,"href":"https:\/\/akunq.net\/tr\/index.php?rest_route=%2Fwp%2Fv2%2Fcategories&post=67183"},{"taxonomy":"post_tag","embeddable":true,"href":"https:\/\/akunq.net\/tr\/index.php?rest_route=%2Fwp%2Fv2%2Ftags&post=67183"}],"curies":[{"name":"wp","href":"https:\/\/api.w.org\/{rel}","templated":true}]}}